{"id":167384,"date":"2022-05-09T14:49:58","date_gmt":"2022-05-09T17:49:58","guid":{"rendered":"https:\/\/experienciadevida.com.ar\/portalurbano\/?p=167384"},"modified":"2022-05-09T14:54:27","modified_gmt":"2022-05-09T17:54:27","slug":"guillermina-amespil-la-politica-metio-la-cola-en-las-tuvi","status":"publish","type":"post","link":"https:\/\/experienciadevida.com.ar\/portalurbano\/guillermina-amespil-la-politica-metio-la-cola-en-las-tuvi\/","title":{"rendered":"Guillermina Amespil: \u201cLa pol\u00edtica meti\u00f3 la cola en las TUVI\u201d"},"content":{"rendered":"<p>Guillermina <a href=\"https:\/\/www.instagram.com\/guilleames\/?hl=es-la\">Amespil<\/a>: \u201cLa pol\u00edtica meti\u00f3 la cola en las TUVI\u201d, adem\u00e1s asegur\u00f3 &#8220;aunque les duela las TUVI van a continuar.<\/p>\n<p>En la sesi\u00f3n especial del Honorable Concejo Deliberante que se desarroll\u00f3 este lunes, la concejal de Juntos Guillermina Amespil se refiri\u00f3 al Plan de Viviendas Municipal TUVI.<\/p>\n<p>Con respecto a la figura del Secretario de Mantenimiento y Obras P\u00fablicas, Amespil explic\u00f3 que \u201cJulio Ferraro ma\u00f1ana y pasado va a estar con los adjudicatarios. Es ah\u00ed donde tiene que estar el Secretario, trabajando. La<br \/>\ncoordinadora del plan Daniela De Martino est\u00e1 en contacto con los adjudicatarios y trabajadores permanentemente\u201d.<\/p>\n<p>\u201cLos concejales de la oposici\u00f3n deber\u00edan ser m\u00e1s respetuosos de los trabajadores municipales que hacen su tarea diariamente con una enorme responsabilidad\u201d, agreg\u00f3.<\/p>\n<p>Adem\u00e1s, la edil hizo hincapi\u00e9 en que \u201cel expediente est\u00e1 disponible desde el a\u00f1o pasado. \u00bfDe qu\u00e9 falta de transparencia estamos hablando?. Ac\u00e1 se trabaja con responsabilidad. Y no s\u00f3lo en la gesti\u00f3n del intendente<br \/>\nEzequiel Galli, hace muchos a\u00f1os que en materia de obra p\u00fablica se trabaja responsablemente en Olavarr\u00eda\u201d.<\/p>\n<p>\u201cNo hay otro plan de viviendas en Olavarr\u00eda, ni Naci\u00f3n ni Provincia est\u00e1n generando nada. Son los olavarrienses los que van a vivir en estas casas y son olavarrienses los que trabajan. \u00bfC\u00f3mo vamos a suspender una obra?\u201d,<br \/>\na\u00f1adi\u00f3.<\/p>\n<p>Por otra parte, Amespil se refiri\u00f3 a aspectos t\u00e9cnicos de la obra y dijo: \u201ces todo muy extra\u00f1o porque la representante t\u00e9cnica de la obra es la ingeniera Susana Bair\u00f3, que fue la encargada de presentar el plan de obras del Frente<br \/>\nde Todos en 2019\u201d.<\/p>\n<p>Asimismo, la concejal de Juntos indic\u00f3 que \u201cla pol\u00edtica meti\u00f3 la cola en las TUVI y no era necesario. Utilizaron el aparato estatal al servicio de la pol\u00edtica partidaria. Son unos irresponsables. Genera mucha preocupaci\u00f3n que alg\u00fan d\u00eda conduzcan los destinos de la ciudad porque demostraron que no tienen l\u00edmites\u201d.<\/p>\n<p>Finalmente, Guillermina Amespil record\u00f3 que \u201cma\u00f1ana los adjudicatarios van a poder visitar la obra y evacuar todas las dudas. Siempre trabajamos con la misma transparencia y vamos a seguir as\u00ed porque, aunque les duela, las<br \/>\nTUVI van a seguir a lo largo de los a\u00f1os\u201d.<\/p>\n","protected":false},"excerpt":{"rendered":"<p>Guillermina Amespil: \u201cLa pol\u00edtica meti\u00f3 la cola en las TUVI\u201d, adem\u00e1s asegur\u00f3 &#8220;aunque les duela&#8230;<\/p>\n","protected":false},"author":1,"featured_media":167385,"comment_status":"closed","ping_status":"closed","sticky":false,"template":"","format":"standard","meta":{"content-type":""},"categories":[27,64],"tags":[],"nelio_content":{"isAutoShareEnabled":false,"autoShareEndMode":"default","automationSources":{"useContentSentences":true,"useSocialTemplates":true,"useCustomSentences":false,"customSentences":[]},"followers":[1],"suggestedReferences":[],"includedReferences":["https:\/\/www.instagram.com\/guilleames\/?hl=es-la"],"efiUrl":"","efiAlt":"","highlights":[]},"yoast_head":"<!-- This site is optimized with the Yoast SEO plugin v20.7 - https:\/\/yoast.com\/wordpress\/plugins\/seo\/ -->\n<title>Guillermina Amespil: &quot;La pol\u00edtica meti\u00f3 la cola en las TUVI&quot;<\/title>\n<meta name=\"description\" content=\"Guillermina Amespil: \u201cLa pol\u00edtica meti\u00f3 la cola en las TUVI\u201d, adem\u00e1s asegur\u00f3 &quot;aunque les duela las TUVI van a continuar.\" \/>\n<meta name=\"robots\" content=\"index, follow, max-snippet:-1, max-image-preview:large, max-video-preview:-1\" \/>\n<link rel=\"canonical\" href=\"https:\/\/experienciadevida.com.ar\/portalurbano\/guillermina-amespil-la-politica-metio-la-cola-en-las-tuvi\/\" \/>\n<meta property=\"og:locale\" content=\"es_ES\" \/>\n<meta property=\"og:type\" content=\"article\" \/>\n<meta property=\"og:title\" content=\"Guillermina Amespil: &quot;La pol\u00edtica meti\u00f3 la cola en las TUVI&quot;\" \/>\n<meta property=\"og:description\" content=\"Guillermina Amespil: \u201cLa pol\u00edtica meti\u00f3 la cola en las TUVI\u201d, adem\u00e1s asegur\u00f3 &quot;aunque les duela las TUVI van a continuar.\" \/>\n<meta property=\"og:url\" content=\"https:\/\/experienciadevida.com.ar\/portalurbano\/guillermina-amespil-la-politica-metio-la-cola-en-las-tuvi\/\" \/>\n<meta property=\"article:publisher\" content=\"https:\/\/www.facebook.com\/Portal-Urbano-171542830093757\/\" \/>\n<meta property=\"article:published_time\" content=\"2022-05-09T17:49:58+00:00\" \/>\n<meta property=\"article:modified_time\" content=\"2022-05-09T17:54:27+00:00\" \/>\n<meta property=\"og:image\" content=\"https:\/\/experienciadevida.com.ar\/portalurbano\/wp-content\/uploads\/2022\/05\/Guillermina-Amespil.jpg\" \/>\n\t<meta property=\"og:image:width\" content=\"1600\" \/>\n\t<meta property=\"og:image:height\" content=\"1200\" \/>\n\t<meta property=\"og:image:type\" content=\"image\/jpeg\" \/>\n<meta name=\"author\" content=\"admpu17wp\" \/>\n<meta name=\"twitter:card\" content=\"summary_large_image\" \/>\n<meta name=\"twitter:creator\" content=\"@portalurbanook\" \/>\n<meta name=\"twitter:site\" content=\"@portalurbanook\" \/>\n<meta name=\"twitter:label1\" content=\"Escrito por\" \/>\n\t<meta name=\"twitter:data1\" content=\"admpu17wp\" \/>\n\t<meta name=\"twitter:label2\" content=\"Tiempo de lectura\" \/>\n\t<meta name=\"twitter:data2\" content=\"2 minutos\" \/>\n<script type=\"application\/ld+json\" class=\"yoast-schema-graph\">{\"@context\":\"https:\/\/schema.org\",\"@graph\":[{\"@type\":\"Article\",\"@id\":\"https:\/\/experienciadevida.com.ar\/portalurbano\/guillermina-amespil-la-politica-metio-la-cola-en-las-tuvi\/#article\",\"isPartOf\":{\"@id\":\"https:\/\/experienciadevida.com.ar\/portalurbano\/guillermina-amespil-la-politica-metio-la-cola-en-las-tuvi\/\"},\"author\":{\"name\":\"admpu17wp\",\"@id\":\"https:\/\/experienciadevida.com.ar\/portalurbano\/#\/schema\/person\/02dd326b1c4b056e9cc972486934a3a7\"},\"headline\":\"Guillermina Amespil: \u201cLa pol\u00edtica meti\u00f3 la cola en las TUVI\u201d\",\"datePublished\":\"2022-05-09T17:49:58+00:00\",\"dateModified\":\"2022-05-09T17:54:27+00:00\",\"mainEntityOfPage\":{\"@id\":\"https:\/\/experienciadevida.com.ar\/portalurbano\/guillermina-amespil-la-politica-metio-la-cola-en-las-tuvi\/\"},\"wordCount\":393,\"publisher\":{\"@id\":\"https:\/\/experienciadevida.com.ar\/portalurbano\/#organization\"},\"articleSection\":[\"Ciudad\",\"Destacadas 2\"],\"inLanguage\":\"es\"},{\"@type\":\"WebPage\",\"@id\":\"https:\/\/experienciadevida.com.ar\/portalurbano\/guillermina-amespil-la-politica-metio-la-cola-en-las-tuvi\/\",\"url\":\"https:\/\/experienciadevida.com.ar\/portalurbano\/guillermina-amespil-la-politica-metio-la-cola-en-las-tuvi\/\",\"name\":\"Guillermina Amespil: \\\"La pol\u00edtica meti\u00f3 la cola en las TUVI\\\"\",\"isPartOf\":{\"@id\":\"https:\/\/experienciadevida.com.ar\/portalurbano\/#website\"},\"datePublished\":\"2022-05-09T17:49:58+00:00\",\"dateModified\":\"2022-05-09T17:54:27+00:00\",\"description\":\"Guillermina Amespil: \u201cLa pol\u00edtica meti\u00f3 la cola en las TUVI\u201d, adem\u00e1s asegur\u00f3 \\\"aunque les duela las TUVI van a continuar.\",\"breadcrumb\":{\"@id\":\"https:\/\/experienciadevida.com.ar\/portalurbano\/guillermina-amespil-la-politica-metio-la-cola-en-las-tuvi\/#breadcrumb\"},\"inLanguage\":\"es\",\"potentialAction\":[{\"@type\":\"ReadAction\",\"target\":[\"https:\/\/experienciadevida.com.ar\/portalurbano\/guillermina-amespil-la-politica-metio-la-cola-en-las-tuvi\/\"]}]},{\"@type\":\"BreadcrumbList\",\"@id\":\"https:\/\/experienciadevida.com.ar\/portalurbano\/guillermina-amespil-la-politica-metio-la-cola-en-las-tuvi\/#breadcrumb\",\"itemListElement\":[{\"@type\":\"ListItem\",\"position\":1,\"name\":\"Portada\",\"item\":\"https:\/\/experienciadevida.com.ar\/portalurbano\/\"},{\"@type\":\"ListItem\",\"position\":2,\"name\":\"Guillermina Amespil: \u201cLa pol\u00edtica meti\u00f3 la cola en las TUVI\u201d\"}]},{\"@type\":\"WebSite\",\"@id\":\"https:\/\/experienciadevida.com.ar\/portalurbano\/#website\",\"url\":\"https:\/\/experienciadevida.com.ar\/portalurbano\/\",\"name\":\"\",\"description\":\"\",\"publisher\":{\"@id\":\"https:\/\/experienciadevida.com.ar\/portalurbano\/#organization\"},\"potentialAction\":[{\"@type\":\"SearchAction\",\"target\":{\"@type\":\"EntryPoint\",\"urlTemplate\":\"https:\/\/experienciadevida.com.ar\/portalurbano\/?s={search_term_string}\"},\"query-input\":\"required name=search_term_string\"}],\"inLanguage\":\"es\"},{\"@type\":\"Organization\",\"@id\":\"https:\/\/experienciadevida.com.ar\/portalurbano\/#organization\",\"name\":\"Portal Urbano\",\"url\":\"https:\/\/experienciadevida.com.ar\/portalurbano\/\",\"logo\":{\"@type\":\"ImageObject\",\"inLanguage\":\"es\",\"@id\":\"https:\/\/experienciadevida.com.ar\/portalurbano\/#\/schema\/logo\/image\/\",\"url\":\"https:\/\/experienciadevida.com.ar\/portalurbano\/wp-content\/uploads\/2019\/09\/Logo-Original.png\",\"contentUrl\":\"https:\/\/experienciadevida.com.ar\/portalurbano\/wp-content\/uploads\/2019\/09\/Logo-Original.png\",\"width\":2236,\"height\":1216,\"caption\":\"Portal Urbano\"},\"image\":{\"@id\":\"https:\/\/experienciadevida.com.ar\/portalurbano\/#\/schema\/logo\/image\/\"},\"sameAs\":[\"https:\/\/www.facebook.com\/Portal-Urbano-171542830093757\/\",\"https:\/\/twitter.com\/portalurbanook\",\"https:\/\/www.instagram.com\/_portalurbano\/\",\"https:\/\/www.youtube.com\/channel\/UCXhagIfszH8KxFiOok79zbA?view_as=subscriber\"]},{\"@type\":\"Person\",\"@id\":\"https:\/\/experienciadevida.com.ar\/portalurbano\/#\/schema\/person\/02dd326b1c4b056e9cc972486934a3a7\",\"name\":\"admpu17wp\",\"image\":{\"@type\":\"ImageObject\",\"inLanguage\":\"es\",\"@id\":\"https:\/\/experienciadevida.com.ar\/portalurbano\/#\/schema\/person\/image\/\",\"url\":\"https:\/\/secure.gravatar.com\/avatar\/830d4c57adaae6630765e449a6908047?s=96&d=mm&r=g\",\"contentUrl\":\"https:\/\/secure.gravatar.com\/avatar\/830d4c57adaae6630765e449a6908047?s=96&d=mm&r=g\",\"caption\":\"admpu17wp\"}}]}<\/script>\n<!-- \/ Yoast SEO plugin. -->","yoast_head_json":{"title":"Guillermina Amespil: \"La pol\u00edtica meti\u00f3 la cola en las TUVI\"","description":"Guillermina Amespil: \u201cLa pol\u00edtica meti\u00f3 la cola en las TUVI\u201d, adem\u00e1s asegur\u00f3 \"aunque les duela las TUVI van a continuar.","robots":{"index":"index","follow":"follow","max-snippet":"max-snippet:-1","max-image-preview":"max-image-preview:large","max-video-preview":"max-video-preview:-1"},"canonical":"https:\/\/experienciadevida.com.ar\/portalurbano\/guillermina-amespil-la-politica-metio-la-cola-en-las-tuvi\/","og_locale":"es_ES","og_type":"article","og_title":"Guillermina Amespil: \"La pol\u00edtica meti\u00f3 la cola en las TUVI\"","og_description":"Guillermina Amespil: \u201cLa pol\u00edtica meti\u00f3 la cola en las TUVI\u201d, adem\u00e1s asegur\u00f3 \"aunque les duela las TUVI van a continuar.","og_url":"https:\/\/experienciadevida.com.ar\/portalurbano\/guillermina-amespil-la-politica-metio-la-cola-en-las-tuvi\/","article_publisher":"https:\/\/www.facebook.com\/Portal-Urbano-171542830093757\/","article_published_time":"2022-05-09T17:49:58+00:00","article_modified_time":"2022-05-09T17:54:27+00:00","og_image":[{"width":1600,"height":1200,"url":"https:\/\/experienciadevida.com.ar\/portalurbano\/wp-content\/uploads\/2022\/05\/Guillermina-Amespil.jpg","type":"image\/jpeg"}],"author":"admpu17wp","twitter_card":"summary_large_image","twitter_creator":"@portalurbanook","twitter_site":"@portalurbanook","twitter_misc":{"Escrito por":"admpu17wp","Tiempo de lectura":"2 minutos"},"schema":{"@context":"https:\/\/schema.org","@graph":[{"@type":"Article","@id":"https:\/\/experienciadevida.com.ar\/portalurbano\/guillermina-amespil-la-politica-metio-la-cola-en-las-tuvi\/#article","isPartOf":{"@id":"https:\/\/experienciadevida.com.ar\/portalurbano\/guillermina-amespil-la-politica-metio-la-cola-en-las-tuvi\/"},"author":{"name":"admpu17wp","@id":"https:\/\/experienciadevida.com.ar\/portalurbano\/#\/schema\/person\/02dd326b1c4b056e9cc972486934a3a7"},"headline":"Guillermina Amespil: \u201cLa pol\u00edtica meti\u00f3 la cola en las TUVI\u201d","datePublished":"2022-05-09T17:49:58+00:00","dateModified":"2022-05-09T17:54:27+00:00","mainEntityOfPage":{"@id":"https:\/\/experienciadevida.com.ar\/portalurbano\/guillermina-amespil-la-politica-metio-la-cola-en-las-tuvi\/"},"wordCount":393,"publisher":{"@id":"https:\/\/experienciadevida.com.ar\/portalurbano\/#organization"},"articleSection":["Ciudad","Destacadas 2"],"inLanguage":"es"},{"@type":"WebPage","@id":"https:\/\/experienciadevida.com.ar\/portalurbano\/guillermina-amespil-la-politica-metio-la-cola-en-las-tuvi\/","url":"https:\/\/experienciadevida.com.ar\/portalurbano\/guillermina-amespil-la-politica-metio-la-cola-en-las-tuvi\/","name":"Guillermina Amespil: \"La pol\u00edtica meti\u00f3 la cola en las TUVI\"","isPartOf":{"@id":"https:\/\/experienciadevida.com.ar\/portalurbano\/#website"},"datePublished":"2022-05-09T17:49:58+00:00","dateModified":"2022-05-09T17:54:27+00:00","description":"Guillermina Amespil: \u201cLa pol\u00edtica meti\u00f3 la cola en las TUVI\u201d, adem\u00e1s asegur\u00f3 \"aunque les duela las TUVI van a continuar.","breadcrumb":{"@id":"https:\/\/experienciadevida.com.ar\/portalurbano\/guillermina-amespil-la-politica-metio-la-cola-en-las-tuvi\/#breadcrumb"},"inLanguage":"es","potentialAction":[{"@type":"ReadAction","target":["https:\/\/experienciadevida.com.ar\/portalurbano\/guillermina-amespil-la-politica-metio-la-cola-en-las-tuvi\/"]}]},{"@type":"BreadcrumbList","@id":"https:\/\/experienciadevida.com.ar\/portalurbano\/guillermina-amespil-la-politica-metio-la-cola-en-las-tuvi\/#breadcrumb","itemListElement":[{"@type":"ListItem","position":1,"name":"Portada","item":"https:\/\/experienciadevida.com.ar\/portalurbano\/"},{"@type":"ListItem","position":2,"name":"Guillermina Amespil: \u201cLa pol\u00edtica meti\u00f3 la cola en las TUVI\u201d"}]},{"@type":"WebSite","@id":"https:\/\/experienciadevida.com.ar\/portalurbano\/#website","url":"https:\/\/experienciadevida.com.ar\/portalurbano\/","name":"","description":"","publisher":{"@id":"https:\/\/experienciadevida.com.ar\/portalurbano\/#organization"},"potentialAction":[{"@type":"SearchAction","target":{"@type":"EntryPoint","urlTemplate":"https:\/\/experienciadevida.com.ar\/portalurbano\/?s={search_term_string}"},"query-input":"required name=search_term_string"}],"inLanguage":"es"},{"@type":"Organization","@id":"https:\/\/experienciadevida.com.ar\/portalurbano\/#organization","name":"Portal Urbano","url":"https:\/\/experienciadevida.com.ar\/portalurbano\/","logo":{"@type":"ImageObject","inLanguage":"es","@id":"https:\/\/experienciadevida.com.ar\/portalurbano\/#\/schema\/logo\/image\/","url":"https:\/\/experienciadevida.com.ar\/portalurbano\/wp-content\/uploads\/2019\/09\/Logo-Original.png","contentUrl":"https:\/\/experienciadevida.com.ar\/portalurbano\/wp-content\/uploads\/2019\/09\/Logo-Original.png","width":2236,"height":1216,"caption":"Portal Urbano"},"image":{"@id":"https:\/\/experienciadevida.com.ar\/portalurbano\/#\/schema\/logo\/image\/"},"sameAs":["https:\/\/www.facebook.com\/Portal-Urbano-171542830093757\/","https:\/\/twitter.com\/portalurbanook","https:\/\/www.instagram.com\/_portalurbano\/","https:\/\/www.youtube.com\/channel\/UCXhagIfszH8KxFiOok79zbA?view_as=subscriber"]},{"@type":"Person","@id":"https:\/\/experienciadevida.com.ar\/portalurbano\/#\/schema\/person\/02dd326b1c4b056e9cc972486934a3a7","name":"admpu17wp","image":{"@type":"ImageObject","inLanguage":"es","@id":"https:\/\/experienciadevida.com.ar\/portalurbano\/#\/schema\/person\/image\/","url":"https:\/\/secure.gravatar.com\/avatar\/830d4c57adaae6630765e449a6908047?s=96&d=mm&r=g","contentUrl":"https:\/\/secure.gravatar.com\/avatar\/830d4c57adaae6630765e449a6908047?s=96&d=mm&r=g","caption":"admpu17wp"}}]}},"featured_image_urls":{"full":["https:\/\/experienciadevida.com.ar\/portalurbano\/wp-content\/uploads\/2022\/05\/Guillermina-Amespil.jpg",1600,1200,false],"thumbnail":["https:\/\/experienciadevida.com.ar\/portalurbano\/wp-content\/uploads\/2022\/05\/Guillermina-Amespil-150x150.jpg",150,150,true],"medium":["https:\/\/experienciadevida.com.ar\/portalurbano\/wp-content\/uploads\/2022\/05\/Guillermina-Amespil-300x225.jpg",300,225,true],"medium_large":["https:\/\/experienciadevida.com.ar\/portalurbano\/wp-content\/uploads\/2022\/05\/Guillermina-Amespil-768x576.jpg",640,480,true],"large":["https:\/\/experienciadevida.com.ar\/portalurbano\/wp-content\/uploads\/2022\/05\/Guillermina-Amespil-1024x768.jpg",640,480,true],"ug_big":["https:\/\/experienciadevida.com.ar\/portalurbano\/wp-content\/uploads\/2022\/05\/Guillermina-Amespil-768x576.jpg",768,576,true],"1536x1536":["https:\/\/experienciadevida.com.ar\/portalurbano\/wp-content\/uploads\/2022\/05\/Guillermina-Amespil-1536x1152.jpg",1536,1152,true],"2048x2048":["https:\/\/experienciadevida.com.ar\/portalurbano\/wp-content\/uploads\/2022\/05\/Guillermina-Amespil.jpg",1600,1200,false],"newsever-slider-full":["https:\/\/experienciadevida.com.ar\/portalurbano\/wp-content\/uploads\/2022\/05\/Guillermina-Amespil.jpg",1127,845,false],"newsever-featured":["https:\/\/experienciadevida.com.ar\/portalurbano\/wp-content\/uploads\/2022\/05\/Guillermina-Amespil.jpg",1024,768,false],"newsever-medium":["https:\/\/experienciadevida.com.ar\/portalurbano\/wp-content\/uploads\/2022\/05\/Guillermina-Amespil.jpg",633,475,false],"web-stories-poster-portrait":["https:\/\/experienciadevida.com.ar\/portalurbano\/wp-content\/uploads\/2022\/05\/Guillermina-Amespil.jpg",640,480,false],"web-stories-publisher-logo":["https:\/\/experienciadevida.com.ar\/portalurbano\/wp-content\/uploads\/2022\/05\/Guillermina-Amespil.jpg",96,72,false],"web-stories-thumbnail":["https:\/\/experienciadevida.com.ar\/portalurbano\/wp-content\/uploads\/2022\/05\/Guillermina-Amespil.jpg",150,113,false]},"author_info":{"display_name":"admpu17wp","author_link":"https:\/\/experienciadevida.com.ar\/portalurbano\/author\/admpu17wp\/"},"category_info":"<a href=\"https:\/\/experienciadevida.com.ar\/portalurbano\/category\/ciudad\/\" rel=\"category tag\">Ciudad<\/a> <a href=\"https:\/\/experienciadevida.com.ar\/portalurbano\/category\/destacadas-2\/\" rel=\"category tag\">Destacadas 2<\/a>","tag_info":"Destacadas 2","comment_count":"0","amp_enabled":true,"_links":{"self":[{"href":"https:\/\/experienciadevida.com.ar\/portalurbano\/wp-json\/wp\/v2\/posts\/167384"}],"collection":[{"href":"https:\/\/experienciadevida.com.ar\/portalurbano\/wp-json\/wp\/v2\/posts"}],"about":[{"href":"https:\/\/experienciadevida.com.ar\/portalurbano\/wp-json\/wp\/v2\/types\/post"}],"author":[{"embeddable":true,"href":"https:\/\/experienciadevida.com.ar\/portalurbano\/wp-json\/wp\/v2\/users\/1"}],"replies":[{"embeddable":true,"href":"https:\/\/experienciadevida.com.ar\/portalurbano\/wp-json\/wp\/v2\/comments?post=167384"}],"version-history":[{"count":2,"href":"https:\/\/experienciadevida.com.ar\/portalurbano\/wp-json\/wp\/v2\/posts\/167384\/revisions"}],"predecessor-version":[{"id":167387,"href":"https:\/\/experienciadevida.com.ar\/portalurbano\/wp-json\/wp\/v2\/posts\/167384\/revisions\/167387"}],"wp:featuredmedia":[{"embeddable":true,"href":"https:\/\/experienciadevida.com.ar\/portalurbano\/wp-json\/wp\/v2\/media\/167385"}],"wp:attachment":[{"href":"https:\/\/experienciadevida.com.ar\/portalurbano\/wp-json\/wp\/v2\/media?parent=167384"}],"wp:term":[{"taxonomy":"category","embeddable":true,"href":"https:\/\/experienciadevida.com.ar\/portalurbano\/wp-json\/wp\/v2\/categories?post=167384"},{"taxonomy":"post_tag","embeddable":true,"href":"https:\/\/experienciadevida.com.ar\/portalurbano\/wp-json\/wp\/v2\/tags?post=167384"}],"curies":[{"name":"wp","href":"https:\/\/api.w.org\/{rel}","templated":true}]}}