{"id":167376,"date":"2022-05-09T14:42:31","date_gmt":"2022-05-09T17:42:31","guid":{"rendered":"https:\/\/experienciadevida.com.ar\/portalurbano\/?p=167376"},"modified":"2022-05-09T14:46:13","modified_gmt":"2022-05-09T17:46:13","slug":"jardin-no-929-es-una-emocion-muy-grande","status":"publish","type":"post","link":"https:\/\/experienciadevida.com.ar\/portalurbano\/jardin-no-929-es-una-emocion-muy-grande\/","title":{"rendered":"Jard\u00edn N\u00ba 929: \u201cEs una emoci\u00f3n muy grande\u201d"},"content":{"rendered":"<p>Jard\u00edn N\u00ba 929: \u201cEs una emoci\u00f3n muy grande\u201d, este lunes por la ma\u00f1ana en el <a href=\"https:\/\/www.facebook.com\/municipiodeolavarria\">Sal\u00f3n Blanco<\/a>&#8211; se realiz\u00f3 la apertura de sobres de la licitaci\u00f3n p\u00fablica para llevar adelante la obra de construcci\u00f3n de la nueva sede para el Jard\u00edn de Infantes N\u00ba 929.<\/p>\n<p><a href=\"https:\/\/experienciadevida.com.ar\/portalurbano\/jardin-no-929-es-una-emocion-muy-grande\/licitaciones-construccion-edificio-jardin-n929-3-scaled\/\" rel=\"attachment wp-att-167380\"><img decoding=\"async\" class=\"alignnone size-large wp-image-167380\" src=\"https:\/\/experienciadevida.com.ar\/portalurbano\/wp-content\/uploads\/2022\/05\/Licitaciones-Construccion-Edificio-Jardin-N\u00b0929-3-scaled-1-1024x684.jpg\" alt=\"\" width=\"900\" height=\"601\" srcset=\"https:\/\/experienciadevida.com.ar\/portalurbano\/wp-content\/uploads\/2022\/05\/Licitaciones-Construccion-Edificio-Jardin-N\u00b0929-3-scaled-1-1024x684.jpg 1024w, https:\/\/experienciadevida.com.ar\/portalurbano\/wp-content\/uploads\/2022\/05\/Licitaciones-Construccion-Edificio-Jardin-N\u00b0929-3-scaled-1-300x201.jpg 300w, https:\/\/experienciadevida.com.ar\/portalurbano\/wp-content\/uploads\/2022\/05\/Licitaciones-Construccion-Edificio-Jardin-N\u00b0929-3-scaled-1-768x513.jpg 768w, https:\/\/experienciadevida.com.ar\/portalurbano\/wp-content\/uploads\/2022\/05\/Licitaciones-Construccion-Edificio-Jardin-N\u00b0929-3-scaled-1-1536x1027.jpg 1536w, https:\/\/experienciadevida.com.ar\/portalurbano\/wp-content\/uploads\/2022\/05\/Licitaciones-Construccion-Edificio-Jardin-N\u00b0929-3-scaled-1-2048x1369.jpg 2048w\" sizes=\"(max-width: 900px) 100vw, 900px\" \/><\/a><\/p>\n<p>La concreci\u00f3n de esta licitaci\u00f3n ratifica el compromiso de la gesti\u00f3n municipal con la educaci\u00f3n y significa una noticia muy esperada por toda la comunidad educativa y en especial para quienes forman parte del jard\u00edn.<\/p>\n<p>La apertura fue encabezada por los secretarios de Gobierno Hilario Galli, de Mantenimiento y Obras P\u00fablicas Julio Ferraro y la directora de Licitaciones Pilar Ciardelli.<\/p>\n<p>Se encontraban presentes adem\u00e1s el presidente del Consejo Escolar Bruno Di Carlo, la directora del Jard\u00edn N\u00ba 929 Magal\u00ed Correa, junto al equipo docente y representantes de las empresas locales.<\/p>\n<p>En ese sentido, se presentaron tres ofertas locales, que se detallan a continuaci\u00f3n:<\/p>\n<p>Proponente N\u00ba 1: Visan Ingenier\u00eda S.A. cotiz\u00f3 la suma de $58.600.418,41.<br \/>\nProponente N\u00ba 2: Pecma S.R.L. cotiz\u00f3 la suma de $64.750.000.<br \/>\nProponente N\u00ba 3: Ecam S.R.L. cotiz\u00f3 la suma de $74.190.000.<br \/>\nAl respecto el secretario de Gobierno, Lic. Hilario Galli, destac\u00f3 que esta licitaci\u00f3n \u201crepresenta un pasito m\u00e1s para la concreci\u00f3n de un sue\u00f1o muy esperado. Es un d\u00eda de mucha alegr\u00eda\u201d.<\/p>\n<p>Asimismo manifest\u00f3 que \u201cse trata de un anuncio del a\u00f1o pasado, que realiz\u00f3 el Intendente, que podemos empezar a concretar. Realmente era una cuota pendiente. En el a\u00f1o 2016 empezamos a solucionar lo m\u00e1s urgente en las escuelas, arreglos de techos de abesto, ba\u00f1os con letrinas y ahora estamos hablando de hacer un edificio de cero\u201d.<\/p>\n<p>\u201cInvertir en infraestructura educativa es una de las inversiones m\u00e1s importantes que podemos hacer, teniendo en cuenta que era una de las falencias m\u00e1s graves\u201d, agreg\u00f3.<\/p>\n<p>Finalmente sostuvo que \u201ces central para la gesti\u00f3n poner el eje en la educaci\u00f3n, no se puede pensar en contenidos curriculares, si no se cuenta con las condiciones edilicias adecuadas, cuando hay que pensar en el alquiler a pagar o cuando se va a desalojar\u201d.<\/p>\n<p>El nuevo edificio para el Jard\u00edn N\u00ba 929 se emplazar\u00e1 sobre espec\u00edficamente calle Vicente L\u00f3pez, entre Hip\u00f3lito Yrigoyen y Roque S\u00e1enz Pe\u00f1a, en el barrio Roca Merlo.<\/p>\n<p>Desde la Secretar\u00eda de Mantenimiento y Obras P\u00fablicas \u2013quien tuvo a su cargo el dise\u00f1o del proyecto de obra- se especific\u00f3 que el edificio tendr\u00e1 una superficie cubierta superior a los 600 m2, que se dividir\u00e1 de la siguiente forma: 192 m2 en planta baja, 218 m2 en primer piso y 118 m2 en la planta alta. Adem\u00e1s contar\u00e1 con una terraza de 100 m2.<\/p>\n<p>En planta baja se ubicar\u00e1 el hall de acceso, dos direcciones, sala de m\u00fasica con ba\u00f1o y dep\u00f3sito, cocina, ba\u00f1o para personas con movilidad reducida, ba\u00f1o de profesores, ascensor y sala de m\u00e1quinas.<\/p>\n<p>En el primer piso se distribuir\u00e1n cuatro aulas (con ba\u00f1os incluidos), preceptor\u00eda, sala para orientaci\u00f3n y sala de m\u00e1quinas. Mientras que en el segundo piso, habr\u00e1 un sal\u00f3n de usos m\u00faltiples con expansi\u00f3n a la terraza descubierta.<\/p>\n<p>El edificio contar\u00e1 con un espacio de circulaci\u00f3n compuesto por una escalera de hormig\u00f3n armado, de dos tramos y un ascensor hidr\u00e1ulico que recorre todos los pisos.<\/p>\n<p>Tras la finalizaci\u00f3n de la apertura, la directora del establecimiento Magal\u00ed Correa, expres\u00f3 que \u201cen realidad es una emoci\u00f3n muy grande, estamos muy felices, son pasos muy importantes los que estamos dando, estamos avanzando como dijo Hilario (Galli)\u201d.<\/p>\n<p>\u201cEs una meta, son gestiones que se iniciaron hace muchos a\u00f1os, sabemos que va a tener un gran impacto en toda la comunidad educativa. Hoy estuvieron mis compa\u00f1eras de a\u00f1os, gente de cooperadora, que se han movilizado mucho para ser escuchados realmente. Estamos muy felices\u201d, concluy\u00f3.<\/p>\n<p><a href=\"https:\/\/experienciadevida.com.ar\/portalurbano\/jardin-no-929-es-una-emocion-muy-grande\/licitaciones-construccion-edificio-jardin-n929-1-scaled\/\" rel=\"attachment wp-att-167381\"><img decoding=\"async\" class=\"alignnone size-large wp-image-167381\" src=\"https:\/\/experienciadevida.com.ar\/portalurbano\/wp-content\/uploads\/2022\/05\/Licitaciones-Construccion-Edificio-Jardin-N\u00b0929-1-scaled-1-1024x684.jpg\" alt=\"\" width=\"900\" height=\"601\" srcset=\"https:\/\/experienciadevida.com.ar\/portalurbano\/wp-content\/uploads\/2022\/05\/Licitaciones-Construccion-Edificio-Jardin-N\u00b0929-1-scaled-1-1024x684.jpg 1024w, https:\/\/experienciadevida.com.ar\/portalurbano\/wp-content\/uploads\/2022\/05\/Licitaciones-Construccion-Edificio-Jardin-N\u00b0929-1-scaled-1-300x201.jpg 300w, https:\/\/experienciadevida.com.ar\/portalurbano\/wp-content\/uploads\/2022\/05\/Licitaciones-Construccion-Edificio-Jardin-N\u00b0929-1-scaled-1-768x513.jpg 768w, https:\/\/experienciadevida.com.ar\/portalurbano\/wp-content\/uploads\/2022\/05\/Licitaciones-Construccion-Edificio-Jardin-N\u00b0929-1-scaled-1-1536x1027.jpg 1536w, https:\/\/experienciadevida.com.ar\/portalurbano\/wp-content\/uploads\/2022\/05\/Licitaciones-Construccion-Edificio-Jardin-N\u00b0929-1-scaled-1-2048x1369.jpg 2048w\" sizes=\"(max-width: 900px) 100vw, 900px\" \/><\/a><\/p>\n","protected":false},"excerpt":{"rendered":"<p>Jard\u00edn N\u00ba 929: \u201cEs una emoci\u00f3n muy grande\u201d, este lunes por la ma\u00f1ana en el&#8230;<\/p>\n","protected":false},"author":1,"featured_media":167377,"comment_status":"closed","ping_status":"closed","sticky":false,"template":"","format":"standard","meta":{"content-type":""},"categories":[27,51],"tags":[],"nelio_content":{"isAutoShareEnabled":false,"autoShareEndMode":"default","automationSources":{"useContentSentences":true,"useSocialTemplates":true,"useCustomSentences":false,"customSentences":[]},"followers":[1],"suggestedReferences":[],"includedReferences":[],"efiUrl":"","efiAlt":"","highlights":[]},"yoast_head":"<!-- This site is optimized with the Yoast SEO plugin v20.7 - https:\/\/yoast.com\/wordpress\/plugins\/seo\/ -->\n<title>Jard\u00edn n\u00b0929: &quot;Es una emoci\u00f3n muy grande&quot;<\/title>\n<meta name=\"description\" content=\"Jard\u00edn N\u00ba 929: \u201cEs una emoci\u00f3n muy grande\u201d, este lunes por la ma\u00f1ana en el Sal\u00f3n Blanco se realiz\u00f3 la apertura de sobres\" \/>\n<meta name=\"robots\" content=\"index, follow, max-snippet:-1, max-image-preview:large, max-video-preview:-1\" \/>\n<link rel=\"canonical\" href=\"https:\/\/experienciadevida.com.ar\/portalurbano\/jardin-no-929-es-una-emocion-muy-grande\/\" \/>\n<meta property=\"og:locale\" content=\"es_ES\" \/>\n<meta property=\"og:type\" content=\"article\" \/>\n<meta property=\"og:title\" content=\"Jard\u00edn n\u00b0929: &quot;Es una emoci\u00f3n muy grande&quot;\" \/>\n<meta property=\"og:description\" content=\"Jard\u00edn N\u00ba 929: \u201cEs una emoci\u00f3n muy grande\u201d, este lunes por la ma\u00f1ana en el Sal\u00f3n Blanco se realiz\u00f3 la apertura de sobres\" \/>\n<meta property=\"og:url\" content=\"https:\/\/experienciadevida.com.ar\/portalurbano\/jardin-no-929-es-una-emocion-muy-grande\/\" \/>\n<meta property=\"article:publisher\" content=\"https:\/\/www.facebook.com\/Portal-Urbano-171542830093757\/\" \/>\n<meta property=\"article:published_time\" content=\"2022-05-09T17:42:31+00:00\" \/>\n<meta property=\"article:modified_time\" content=\"2022-05-09T17:46:13+00:00\" \/>\n<meta property=\"og:image\" content=\"https:\/\/experienciadevida.com.ar\/portalurbano\/wp-content\/uploads\/2022\/05\/Jardin.jpg\" \/>\n\t<meta property=\"og:image:width\" content=\"2560\" \/>\n\t<meta property=\"og:image:height\" content=\"1711\" \/>\n\t<meta property=\"og:image:type\" content=\"image\/jpeg\" \/>\n<meta name=\"author\" content=\"admpu17wp\" \/>\n<meta name=\"twitter:card\" content=\"summary_large_image\" \/>\n<meta name=\"twitter:creator\" content=\"@portalurbanook\" \/>\n<meta name=\"twitter:site\" content=\"@portalurbanook\" \/>\n<meta name=\"twitter:label1\" content=\"Escrito por\" \/>\n\t<meta name=\"twitter:data1\" content=\"admpu17wp\" \/>\n\t<meta name=\"twitter:label2\" content=\"Tiempo de lectura\" \/>\n\t<meta name=\"twitter:data2\" content=\"4 minutos\" \/>\n<script type=\"application\/ld+json\" class=\"yoast-schema-graph\">{\"@context\":\"https:\/\/schema.org\",\"@graph\":[{\"@type\":\"Article\",\"@id\":\"https:\/\/experienciadevida.com.ar\/portalurbano\/jardin-no-929-es-una-emocion-muy-grande\/#article\",\"isPartOf\":{\"@id\":\"https:\/\/experienciadevida.com.ar\/portalurbano\/jardin-no-929-es-una-emocion-muy-grande\/\"},\"author\":{\"name\":\"admpu17wp\",\"@id\":\"https:\/\/experienciadevida.com.ar\/portalurbano\/#\/schema\/person\/02dd326b1c4b056e9cc972486934a3a7\"},\"headline\":\"Jard\u00edn N\u00ba 929: \u201cEs una emoci\u00f3n muy grande\u201d\",\"datePublished\":\"2022-05-09T17:42:31+00:00\",\"dateModified\":\"2022-05-09T17:46:13+00:00\",\"mainEntityOfPage\":{\"@id\":\"https:\/\/experienciadevida.com.ar\/portalurbano\/jardin-no-929-es-una-emocion-muy-grande\/\"},\"wordCount\":672,\"publisher\":{\"@id\":\"https:\/\/experienciadevida.com.ar\/portalurbano\/#organization\"},\"articleSection\":[\"Ciudad\",\"Destacadas\"],\"inLanguage\":\"es\"},{\"@type\":\"WebPage\",\"@id\":\"https:\/\/experienciadevida.com.ar\/portalurbano\/jardin-no-929-es-una-emocion-muy-grande\/\",\"url\":\"https:\/\/experienciadevida.com.ar\/portalurbano\/jardin-no-929-es-una-emocion-muy-grande\/\",\"name\":\"Jard\u00edn n\u00b0929: \\\"Es una emoci\u00f3n muy grande\\\"\",\"isPartOf\":{\"@id\":\"https:\/\/experienciadevida.com.ar\/portalurbano\/#website\"},\"datePublished\":\"2022-05-09T17:42:31+00:00\",\"dateModified\":\"2022-05-09T17:46:13+00:00\",\"description\":\"Jard\u00edn N\u00ba 929: \u201cEs una emoci\u00f3n muy grande\u201d, este lunes por la ma\u00f1ana en el Sal\u00f3n Blanco se realiz\u00f3 la apertura de sobres\",\"breadcrumb\":{\"@id\":\"https:\/\/experienciadevida.com.ar\/portalurbano\/jardin-no-929-es-una-emocion-muy-grande\/#breadcrumb\"},\"inLanguage\":\"es\",\"potentialAction\":[{\"@type\":\"ReadAction\",\"target\":[\"https:\/\/experienciadevida.com.ar\/portalurbano\/jardin-no-929-es-una-emocion-muy-grande\/\"]}]},{\"@type\":\"BreadcrumbList\",\"@id\":\"https:\/\/experienciadevida.com.ar\/portalurbano\/jardin-no-929-es-una-emocion-muy-grande\/#breadcrumb\",\"itemListElement\":[{\"@type\":\"ListItem\",\"position\":1,\"name\":\"Portada\",\"item\":\"https:\/\/experienciadevida.com.ar\/portalurbano\/\"},{\"@type\":\"ListItem\",\"position\":2,\"name\":\"Jard\u00edn N\u00ba 929: \u201cEs una emoci\u00f3n muy grande\u201d\"}]},{\"@type\":\"WebSite\",\"@id\":\"https:\/\/experienciadevida.com.ar\/portalurbano\/#website\",\"url\":\"https:\/\/experienciadevida.com.ar\/portalurbano\/\",\"name\":\"\",\"description\":\"\",\"publisher\":{\"@id\":\"https:\/\/experienciadevida.com.ar\/portalurbano\/#organization\"},\"potentialAction\":[{\"@type\":\"SearchAction\",\"target\":{\"@type\":\"EntryPoint\",\"urlTemplate\":\"https:\/\/experienciadevida.com.ar\/portalurbano\/?s={search_term_string}\"},\"query-input\":\"required name=search_term_string\"}],\"inLanguage\":\"es\"},{\"@type\":\"Organization\",\"@id\":\"https:\/\/experienciadevida.com.ar\/portalurbano\/#organization\",\"name\":\"Portal Urbano\",\"url\":\"https:\/\/experienciadevida.com.ar\/portalurbano\/\",\"logo\":{\"@type\":\"ImageObject\",\"inLanguage\":\"es\",\"@id\":\"https:\/\/experienciadevida.com.ar\/portalurbano\/#\/schema\/logo\/image\/\",\"url\":\"https:\/\/experienciadevida.com.ar\/portalurbano\/wp-content\/uploads\/2019\/09\/Logo-Original.png\",\"contentUrl\":\"https:\/\/experienciadevida.com.ar\/portalurbano\/wp-content\/uploads\/2019\/09\/Logo-Original.png\",\"width\":2236,\"height\":1216,\"caption\":\"Portal Urbano\"},\"image\":{\"@id\":\"https:\/\/experienciadevida.com.ar\/portalurbano\/#\/schema\/logo\/image\/\"},\"sameAs\":[\"https:\/\/www.facebook.com\/Portal-Urbano-171542830093757\/\",\"https:\/\/twitter.com\/portalurbanook\",\"https:\/\/www.instagram.com\/_portalurbano\/\",\"https:\/\/www.youtube.com\/channel\/UCXhagIfszH8KxFiOok79zbA?view_as=subscriber\"]},{\"@type\":\"Person\",\"@id\":\"https:\/\/experienciadevida.com.ar\/portalurbano\/#\/schema\/person\/02dd326b1c4b056e9cc972486934a3a7\",\"name\":\"admpu17wp\",\"image\":{\"@type\":\"ImageObject\",\"inLanguage\":\"es\",\"@id\":\"https:\/\/experienciadevida.com.ar\/portalurbano\/#\/schema\/person\/image\/\",\"url\":\"https:\/\/secure.gravatar.com\/avatar\/830d4c57adaae6630765e449a6908047?s=96&d=mm&r=g\",\"contentUrl\":\"https:\/\/secure.gravatar.com\/avatar\/830d4c57adaae6630765e449a6908047?s=96&d=mm&r=g\",\"caption\":\"admpu17wp\"}}]}<\/script>\n<!-- \/ Yoast SEO plugin. -->","yoast_head_json":{"title":"Jard\u00edn n\u00b0929: \"Es una emoci\u00f3n muy grande\"","description":"Jard\u00edn N\u00ba 929: \u201cEs una emoci\u00f3n muy grande\u201d, este lunes por la ma\u00f1ana en el Sal\u00f3n Blanco se realiz\u00f3 la apertura de sobres","robots":{"index":"index","follow":"follow","max-snippet":"max-snippet:-1","max-image-preview":"max-image-preview:large","max-video-preview":"max-video-preview:-1"},"canonical":"https:\/\/experienciadevida.com.ar\/portalurbano\/jardin-no-929-es-una-emocion-muy-grande\/","og_locale":"es_ES","og_type":"article","og_title":"Jard\u00edn n\u00b0929: \"Es una emoci\u00f3n muy grande\"","og_description":"Jard\u00edn N\u00ba 929: \u201cEs una emoci\u00f3n muy grande\u201d, este lunes por la ma\u00f1ana en el Sal\u00f3n Blanco se realiz\u00f3 la apertura de sobres","og_url":"https:\/\/experienciadevida.com.ar\/portalurbano\/jardin-no-929-es-una-emocion-muy-grande\/","article_publisher":"https:\/\/www.facebook.com\/Portal-Urbano-171542830093757\/","article_published_time":"2022-05-09T17:42:31+00:00","article_modified_time":"2022-05-09T17:46:13+00:00","og_image":[{"width":2560,"height":1711,"url":"https:\/\/experienciadevida.com.ar\/portalurbano\/wp-content\/uploads\/2022\/05\/Jardin.jpg","type":"image\/jpeg"}],"author":"admpu17wp","twitter_card":"summary_large_image","twitter_creator":"@portalurbanook","twitter_site":"@portalurbanook","twitter_misc":{"Escrito por":"admpu17wp","Tiempo de lectura":"4 minutos"},"schema":{"@context":"https:\/\/schema.org","@graph":[{"@type":"Article","@id":"https:\/\/experienciadevida.com.ar\/portalurbano\/jardin-no-929-es-una-emocion-muy-grande\/#article","isPartOf":{"@id":"https:\/\/experienciadevida.com.ar\/portalurbano\/jardin-no-929-es-una-emocion-muy-grande\/"},"author":{"name":"admpu17wp","@id":"https:\/\/experienciadevida.com.ar\/portalurbano\/#\/schema\/person\/02dd326b1c4b056e9cc972486934a3a7"},"headline":"Jard\u00edn N\u00ba 929: \u201cEs una emoci\u00f3n muy grande\u201d","datePublished":"2022-05-09T17:42:31+00:00","dateModified":"2022-05-09T17:46:13+00:00","mainEntityOfPage":{"@id":"https:\/\/experienciadevida.com.ar\/portalurbano\/jardin-no-929-es-una-emocion-muy-grande\/"},"wordCount":672,"publisher":{"@id":"https:\/\/experienciadevida.com.ar\/portalurbano\/#organization"},"articleSection":["Ciudad","Destacadas"],"inLanguage":"es"},{"@type":"WebPage","@id":"https:\/\/experienciadevida.com.ar\/portalurbano\/jardin-no-929-es-una-emocion-muy-grande\/","url":"https:\/\/experienciadevida.com.ar\/portalurbano\/jardin-no-929-es-una-emocion-muy-grande\/","name":"Jard\u00edn n\u00b0929: \"Es una emoci\u00f3n muy grande\"","isPartOf":{"@id":"https:\/\/experienciadevida.com.ar\/portalurbano\/#website"},"datePublished":"2022-05-09T17:42:31+00:00","dateModified":"2022-05-09T17:46:13+00:00","description":"Jard\u00edn N\u00ba 929: \u201cEs una emoci\u00f3n muy grande\u201d, este lunes por la ma\u00f1ana en el Sal\u00f3n Blanco se realiz\u00f3 la apertura de sobres","breadcrumb":{"@id":"https:\/\/experienciadevida.com.ar\/portalurbano\/jardin-no-929-es-una-emocion-muy-grande\/#breadcrumb"},"inLanguage":"es","potentialAction":[{"@type":"ReadAction","target":["https:\/\/experienciadevida.com.ar\/portalurbano\/jardin-no-929-es-una-emocion-muy-grande\/"]}]},{"@type":"BreadcrumbList","@id":"https:\/\/experienciadevida.com.ar\/portalurbano\/jardin-no-929-es-una-emocion-muy-grande\/#breadcrumb","itemListElement":[{"@type":"ListItem","position":1,"name":"Portada","item":"https:\/\/experienciadevida.com.ar\/portalurbano\/"},{"@type":"ListItem","position":2,"name":"Jard\u00edn N\u00ba 929: \u201cEs una emoci\u00f3n muy grande\u201d"}]},{"@type":"WebSite","@id":"https:\/\/experienciadevida.com.ar\/portalurbano\/#website","url":"https:\/\/experienciadevida.com.ar\/portalurbano\/","name":"","description":"","publisher":{"@id":"https:\/\/experienciadevida.com.ar\/portalurbano\/#organization"},"potentialAction":[{"@type":"SearchAction","target":{"@type":"EntryPoint","urlTemplate":"https:\/\/experienciadevida.com.ar\/portalurbano\/?s={search_term_string}"},"query-input":"required name=search_term_string"}],"inLanguage":"es"},{"@type":"Organization","@id":"https:\/\/experienciadevida.com.ar\/portalurbano\/#organization","name":"Portal Urbano","url":"https:\/\/experienciadevida.com.ar\/portalurbano\/","logo":{"@type":"ImageObject","inLanguage":"es","@id":"https:\/\/experienciadevida.com.ar\/portalurbano\/#\/schema\/logo\/image\/","url":"https:\/\/experienciadevida.com.ar\/portalurbano\/wp-content\/uploads\/2019\/09\/Logo-Original.png","contentUrl":"https:\/\/experienciadevida.com.ar\/portalurbano\/wp-content\/uploads\/2019\/09\/Logo-Original.png","width":2236,"height":1216,"caption":"Portal Urbano"},"image":{"@id":"https:\/\/experienciadevida.com.ar\/portalurbano\/#\/schema\/logo\/image\/"},"sameAs":["https:\/\/www.facebook.com\/Portal-Urbano-171542830093757\/","https:\/\/twitter.com\/portalurbanook","https:\/\/www.instagram.com\/_portalurbano\/","https:\/\/www.youtube.com\/channel\/UCXhagIfszH8KxFiOok79zbA?view_as=subscriber"]},{"@type":"Person","@id":"https:\/\/experienciadevida.com.ar\/portalurbano\/#\/schema\/person\/02dd326b1c4b056e9cc972486934a3a7","name":"admpu17wp","image":{"@type":"ImageObject","inLanguage":"es","@id":"https:\/\/experienciadevida.com.ar\/portalurbano\/#\/schema\/person\/image\/","url":"https:\/\/secure.gravatar.com\/avatar\/830d4c57adaae6630765e449a6908047?s=96&d=mm&r=g","contentUrl":"https:\/\/secure.gravatar.com\/avatar\/830d4c57adaae6630765e449a6908047?s=96&d=mm&r=g","caption":"admpu17wp"}}]}},"featured_image_urls":{"full":["https:\/\/experienciadevida.com.ar\/portalurbano\/wp-content\/uploads\/2022\/05\/Jardin.jpg",2560,1711,false],"thumbnail":["https:\/\/experienciadevida.com.ar\/portalurbano\/wp-content\/uploads\/2022\/05\/Jardin-150x150.jpg",150,150,true],"medium":["https:\/\/experienciadevida.com.ar\/portalurbano\/wp-content\/uploads\/2022\/05\/Jardin-300x201.jpg",300,201,true],"medium_large":["https:\/\/experienciadevida.com.ar\/portalurbano\/wp-content\/uploads\/2022\/05\/Jardin-768x513.jpg",640,428,true],"large":["https:\/\/experienciadevida.com.ar\/portalurbano\/wp-content\/uploads\/2022\/05\/Jardin-1024x684.jpg",640,428,true],"ug_big":["https:\/\/experienciadevida.com.ar\/portalurbano\/wp-content\/uploads\/2022\/05\/Jardin-768x513.jpg",768,513,true],"1536x1536":["https:\/\/experienciadevida.com.ar\/portalurbano\/wp-content\/uploads\/2022\/05\/Jardin-1536x1027.jpg",1536,1027,true],"2048x2048":["https:\/\/experienciadevida.com.ar\/portalurbano\/wp-content\/uploads\/2022\/05\/Jardin-2048x1369.jpg",2048,1369,true],"newsever-slider-full":["https:\/\/experienciadevida.com.ar\/portalurbano\/wp-content\/uploads\/2022\/05\/Jardin.jpg",1264,845,false],"newsever-featured":["https:\/\/experienciadevida.com.ar\/portalurbano\/wp-content\/uploads\/2022\/05\/Jardin.jpg",1024,684,false],"newsever-medium":["https:\/\/experienciadevida.com.ar\/portalurbano\/wp-content\/uploads\/2022\/05\/Jardin.jpg",711,475,false],"web-stories-poster-portrait":["https:\/\/experienciadevida.com.ar\/portalurbano\/wp-content\/uploads\/2022\/05\/Jardin.jpg",640,428,false],"web-stories-publisher-logo":["https:\/\/experienciadevida.com.ar\/portalurbano\/wp-content\/uploads\/2022\/05\/Jardin.jpg",96,64,false],"web-stories-thumbnail":["https:\/\/experienciadevida.com.ar\/portalurbano\/wp-content\/uploads\/2022\/05\/Jardin.jpg",150,100,false]},"author_info":{"display_name":"admpu17wp","author_link":"https:\/\/experienciadevida.com.ar\/portalurbano\/author\/admpu17wp\/"},"category_info":"<a href=\"https:\/\/experienciadevida.com.ar\/portalurbano\/category\/ciudad\/\" rel=\"category tag\">Ciudad<\/a> <a href=\"https:\/\/experienciadevida.com.ar\/portalurbano\/category\/destacadas\/\" rel=\"category tag\">Destacadas<\/a>","tag_info":"Destacadas","comment_count":"0","amp_enabled":true,"_links":{"self":[{"href":"https:\/\/experienciadevida.com.ar\/portalurbano\/wp-json\/wp\/v2\/posts\/167376"}],"collection":[{"href":"https:\/\/experienciadevida.com.ar\/portalurbano\/wp-json\/wp\/v2\/posts"}],"about":[{"href":"https:\/\/experienciadevida.com.ar\/portalurbano\/wp-json\/wp\/v2\/types\/post"}],"author":[{"embeddable":true,"href":"https:\/\/experienciadevida.com.ar\/portalurbano\/wp-json\/wp\/v2\/users\/1"}],"replies":[{"embeddable":true,"href":"https:\/\/experienciadevida.com.ar\/portalurbano\/wp-json\/wp\/v2\/comments?post=167376"}],"version-history":[{"count":4,"href":"https:\/\/experienciadevida.com.ar\/portalurbano\/wp-json\/wp\/v2\/posts\/167376\/revisions"}],"predecessor-version":[{"id":167383,"href":"https:\/\/experienciadevida.com.ar\/portalurbano\/wp-json\/wp\/v2\/posts\/167376\/revisions\/167383"}],"wp:featuredmedia":[{"embeddable":true,"href":"https:\/\/experienciadevida.com.ar\/portalurbano\/wp-json\/wp\/v2\/media\/167377"}],"wp:attachment":[{"href":"https:\/\/experienciadevida.com.ar\/portalurbano\/wp-json\/wp\/v2\/media?parent=167376"}],"wp:term":[{"taxonomy":"category","embeddable":true,"href":"https:\/\/experienciadevida.com.ar\/portalurbano\/wp-json\/wp\/v2\/categories?post=167376"},{"taxonomy":"post_tag","embeddable":true,"href":"https:\/\/experienciadevida.com.ar\/portalurbano\/wp-json\/wp\/v2\/tags?post=167376"}],"curies":[{"name":"wp","href":"https:\/\/api.w.org\/{rel}","templated":true}]}}