{"id":167366,"date":"2022-05-09T10:44:05","date_gmt":"2022-05-09T13:44:05","guid":{"rendered":"https:\/\/experienciadevida.com.ar\/portalurbano\/?p=167366"},"modified":"2022-05-09T10:45:51","modified_gmt":"2022-05-09T13:45:51","slug":"ypf-no-se-quedo-atras-y-tambien-aumento-el-combustible","status":"publish","type":"post","link":"https:\/\/experienciadevida.com.ar\/portalurbano\/ypf-no-se-quedo-atras-y-tambien-aumento-el-combustible\/","title":{"rendered":"YPF no se qued\u00f3 atr\u00e1s y tambi\u00e9n aumento el combustible"},"content":{"rendered":"<p>YPF no se qued\u00f3 atr\u00e1s y tambi\u00e9n aumento el combustible, durante el fin de semana una medida similar hab\u00edan\u00a0 tomado Axion y Shell con un alza de entre el 10,5% y el 12%.<\/p>\n<p>Desde hoy el combustible en las estaciones de servicio de YPF ser\u00e1, en promedio, un 9% m\u00e1s caro. Este incremento se suma al que comenzara a regir este fin de semana para Shell y Axion, con una suba de entre 10,5 y 12% promedio, y que pone en alerta sobre c\u00f3mo repercutir\u00e1 en la inflaci\u00f3n.<\/p>\n<p>Seg\u00fan inform\u00f3 la petrolera a trav\u00e9s de un comunicado, con este aumento, desde hoy los precios en la Ciudad que cobrar\u00e1 YPF son los siguientes: Infinia Nafta qued\u00f3 en $167, 10 y la nafta s\u00faper $137,10. Con respecto al gas oil, Diesel 500, $128,30 el litro mientras que el Diesel infinia $171,30.<\/p>\n<p>Los productos no premium aumentaron entre un 11% y 12,5% mientras que los premium lo hicieron entre el 13 y el 16,5%.<\/p>\n<p>Se trata del tercer incremento de combustibles de 2022 que acumulan en el a\u00f1o un alza superior a 21% para el caso de la s\u00faper y que llega a 40% para los productos premium.<\/p>\n<p>\u201cEn abril 2022, la demanda en el mercado local fue muy alta, en especial en gasoil que fue el mes de mayor demanda de la historia. YPF fue la compa\u00f1\u00eda que m\u00e1s esfuerzos realiz\u00f3 para garantizar la oferta, incorporando el 75% del volumen adicional requerido en abril vs. marzo, diferenci\u00e1ndose as\u00ed claramente de otras comercializadoras que incluso redujeron su oferta de productos al mercado durante el mismo per\u00edodo\u201d, justific\u00f3 YPF.<\/p>\n<p>La empresa indic\u00f3 que este \u00faltimo incremento est\u00e1 asociado tambi\u00e9n a la evoluci\u00f3n de los costos asociados a la refinaci\u00f3n y comercializaci\u00f3n; el alza de los precios locales de biocombustibles producido por terceros y que los comercializadores deben adquirir a precio regulado; y el sostenido aumento de los costos internacionales de los combustibles que es necesario importar para complementar la refinaci\u00f3n local.<\/p>\n<p>Otros aumentos:<\/p>\n<p>El incremento que el s\u00e1bado por la noche comenzaron a aplicar tanto Axion como Shell hab\u00eda llamado la atenci\u00f3n porque, a diferencia de anteriores oportunidades, era la petrolera estatal YPF la primera en subir los precios y luego era seguida por estas otras compa\u00f1\u00edas. Incluso, se hab\u00edan tejido algunas especulaciones sobre c\u00f3mo har\u00eda la empresa de bandera para afrontar una mayor demanda.<\/p>\n<p>Desde las petroleras justificaron los aumentos porque \u201cel negocio del dowstream [el de la refiner\u00eda de petr\u00f3leo] est\u00e1 muy golpeado\u201d. Los combustibles en Argentina estar\u00edan 30% por debajo de lo que deber\u00edan valer. Con el incremento aplicado, la brecha disminuir\u00eda a 22%.<\/p>\n<p>Seg\u00fan las estimaciones de las consultoras privadas, el aumento de los precios de los combustibles en las estaciones de servicio repercutir\u00e1 en el dato de inflaci\u00f3n de mayo, cuando se esperaba que empezara a bajar.<\/p>\n","protected":false},"excerpt":{"rendered":"<p>YPF no se qued\u00f3 atr\u00e1s y tambi\u00e9n aumento el combustible, durante el fin de semana&#8230;<\/p>\n","protected":false},"author":1,"featured_media":137333,"comment_status":"closed","ping_status":"closed","sticky":false,"template":"","format":"standard","meta":{"content-type":""},"categories":[27,51],"tags":[],"nelio_content":{"isAutoShareEnabled":true,"autoShareEndMode":"default","automationSources":{"useContentSentences":true,"useSocialTemplates":true,"useCustomSentences":false,"customSentences":[]},"followers":[1],"suggestedReferences":[],"includedReferences":[],"efiUrl":"","efiAlt":"","highlights":[]},"yoast_head":"<!-- This site is optimized with the Yoast SEO plugin v20.7 - https:\/\/yoast.com\/wordpress\/plugins\/seo\/ -->\n<title>YPF no se qued\u00f3 atr\u00e1s y tambi\u00e9n aument\u00f3 el combustible<\/title>\n<meta name=\"description\" content=\"YPF no se qued\u00f3 atr\u00e1s y tambi\u00e9n aumento el combustible, durante el fin de semana una medida similar hab\u00edan\u00a0 tomado Axion y Shell\" \/>\n<meta name=\"robots\" content=\"index, follow, max-snippet:-1, max-image-preview:large, max-video-preview:-1\" \/>\n<link rel=\"canonical\" href=\"https:\/\/experienciadevida.com.ar\/portalurbano\/ypf-no-se-quedo-atras-y-tambien-aumento-el-combustible\/\" \/>\n<meta property=\"og:locale\" content=\"es_ES\" \/>\n<meta property=\"og:type\" content=\"article\" \/>\n<meta property=\"og:title\" content=\"YPF no se qued\u00f3 atr\u00e1s y tambi\u00e9n aument\u00f3 el combustible\" \/>\n<meta property=\"og:description\" content=\"YPF no se qued\u00f3 atr\u00e1s y tambi\u00e9n aumento el combustible, durante el fin de semana una medida similar hab\u00edan\u00a0 tomado Axion y Shell\" \/>\n<meta property=\"og:url\" content=\"https:\/\/experienciadevida.com.ar\/portalurbano\/ypf-no-se-quedo-atras-y-tambien-aumento-el-combustible\/\" \/>\n<meta property=\"article:publisher\" content=\"https:\/\/www.facebook.com\/Portal-Urbano-171542830093757\/\" \/>\n<meta property=\"article:published_time\" content=\"2022-05-09T13:44:05+00:00\" \/>\n<meta property=\"article:modified_time\" content=\"2022-05-09T13:45:51+00:00\" \/>\n<meta property=\"og:image\" content=\"https:\/\/experienciadevida.com.ar\/portalurbano\/wp-content\/uploads\/2021\/03\/YPF-anuncio-un-aumento.jpg\" \/>\n\t<meta property=\"og:image:width\" content=\"696\" \/>\n\t<meta property=\"og:image:height\" content=\"393\" \/>\n\t<meta property=\"og:image:type\" content=\"image\/jpeg\" \/>\n<meta name=\"author\" content=\"admpu17wp\" \/>\n<meta name=\"twitter:card\" content=\"summary_large_image\" \/>\n<meta name=\"twitter:creator\" content=\"@portalurbanook\" \/>\n<meta name=\"twitter:site\" content=\"@portalurbanook\" \/>\n<meta name=\"twitter:label1\" content=\"Escrito por\" \/>\n\t<meta name=\"twitter:data1\" content=\"admpu17wp\" \/>\n\t<meta name=\"twitter:label2\" content=\"Tiempo de lectura\" \/>\n\t<meta name=\"twitter:data2\" content=\"3 minutos\" \/>\n<script type=\"application\/ld+json\" class=\"yoast-schema-graph\">{\"@context\":\"https:\/\/schema.org\",\"@graph\":[{\"@type\":\"Article\",\"@id\":\"https:\/\/experienciadevida.com.ar\/portalurbano\/ypf-no-se-quedo-atras-y-tambien-aumento-el-combustible\/#article\",\"isPartOf\":{\"@id\":\"https:\/\/experienciadevida.com.ar\/portalurbano\/ypf-no-se-quedo-atras-y-tambien-aumento-el-combustible\/\"},\"author\":{\"name\":\"admpu17wp\",\"@id\":\"https:\/\/experienciadevida.com.ar\/portalurbano\/#\/schema\/person\/02dd326b1c4b056e9cc972486934a3a7\"},\"headline\":\"YPF no se qued\u00f3 atr\u00e1s y tambi\u00e9n aumento el combustible\",\"datePublished\":\"2022-05-09T13:44:05+00:00\",\"dateModified\":\"2022-05-09T13:45:51+00:00\",\"mainEntityOfPage\":{\"@id\":\"https:\/\/experienciadevida.com.ar\/portalurbano\/ypf-no-se-quedo-atras-y-tambien-aumento-el-combustible\/\"},\"wordCount\":493,\"publisher\":{\"@id\":\"https:\/\/experienciadevida.com.ar\/portalurbano\/#organization\"},\"articleSection\":[\"Ciudad\",\"Destacadas\"],\"inLanguage\":\"es\"},{\"@type\":\"WebPage\",\"@id\":\"https:\/\/experienciadevida.com.ar\/portalurbano\/ypf-no-se-quedo-atras-y-tambien-aumento-el-combustible\/\",\"url\":\"https:\/\/experienciadevida.com.ar\/portalurbano\/ypf-no-se-quedo-atras-y-tambien-aumento-el-combustible\/\",\"name\":\"YPF no se qued\u00f3 atr\u00e1s y tambi\u00e9n aument\u00f3 el combustible\",\"isPartOf\":{\"@id\":\"https:\/\/experienciadevida.com.ar\/portalurbano\/#website\"},\"datePublished\":\"2022-05-09T13:44:05+00:00\",\"dateModified\":\"2022-05-09T13:45:51+00:00\",\"description\":\"YPF no se qued\u00f3 atr\u00e1s y tambi\u00e9n aumento el combustible, durante el fin de semana una medida similar hab\u00edan\u00a0 tomado Axion y Shell\",\"breadcrumb\":{\"@id\":\"https:\/\/experienciadevida.com.ar\/portalurbano\/ypf-no-se-quedo-atras-y-tambien-aumento-el-combustible\/#breadcrumb\"},\"inLanguage\":\"es\",\"potentialAction\":[{\"@type\":\"ReadAction\",\"target\":[\"https:\/\/experienciadevida.com.ar\/portalurbano\/ypf-no-se-quedo-atras-y-tambien-aumento-el-combustible\/\"]}]},{\"@type\":\"BreadcrumbList\",\"@id\":\"https:\/\/experienciadevida.com.ar\/portalurbano\/ypf-no-se-quedo-atras-y-tambien-aumento-el-combustible\/#breadcrumb\",\"itemListElement\":[{\"@type\":\"ListItem\",\"position\":1,\"name\":\"Portada\",\"item\":\"https:\/\/experienciadevida.com.ar\/portalurbano\/\"},{\"@type\":\"ListItem\",\"position\":2,\"name\":\"YPF no se qued\u00f3 atr\u00e1s y tambi\u00e9n aumento el combustible\"}]},{\"@type\":\"WebSite\",\"@id\":\"https:\/\/experienciadevida.com.ar\/portalurbano\/#website\",\"url\":\"https:\/\/experienciadevida.com.ar\/portalurbano\/\",\"name\":\"\",\"description\":\"\",\"publisher\":{\"@id\":\"https:\/\/experienciadevida.com.ar\/portalurbano\/#organization\"},\"potentialAction\":[{\"@type\":\"SearchAction\",\"target\":{\"@type\":\"EntryPoint\",\"urlTemplate\":\"https:\/\/experienciadevida.com.ar\/portalurbano\/?s={search_term_string}\"},\"query-input\":\"required name=search_term_string\"}],\"inLanguage\":\"es\"},{\"@type\":\"Organization\",\"@id\":\"https:\/\/experienciadevida.com.ar\/portalurbano\/#organization\",\"name\":\"Portal Urbano\",\"url\":\"https:\/\/experienciadevida.com.ar\/portalurbano\/\",\"logo\":{\"@type\":\"ImageObject\",\"inLanguage\":\"es\",\"@id\":\"https:\/\/experienciadevida.com.ar\/portalurbano\/#\/schema\/logo\/image\/\",\"url\":\"https:\/\/experienciadevida.com.ar\/portalurbano\/wp-content\/uploads\/2019\/09\/Logo-Original.png\",\"contentUrl\":\"https:\/\/experienciadevida.com.ar\/portalurbano\/wp-content\/uploads\/2019\/09\/Logo-Original.png\",\"width\":2236,\"height\":1216,\"caption\":\"Portal Urbano\"},\"image\":{\"@id\":\"https:\/\/experienciadevida.com.ar\/portalurbano\/#\/schema\/logo\/image\/\"},\"sameAs\":[\"https:\/\/www.facebook.com\/Portal-Urbano-171542830093757\/\",\"https:\/\/twitter.com\/portalurbanook\",\"https:\/\/www.instagram.com\/_portalurbano\/\",\"https:\/\/www.youtube.com\/channel\/UCXhagIfszH8KxFiOok79zbA?view_as=subscriber\"]},{\"@type\":\"Person\",\"@id\":\"https:\/\/experienciadevida.com.ar\/portalurbano\/#\/schema\/person\/02dd326b1c4b056e9cc972486934a3a7\",\"name\":\"admpu17wp\",\"image\":{\"@type\":\"ImageObject\",\"inLanguage\":\"es\",\"@id\":\"https:\/\/experienciadevida.com.ar\/portalurbano\/#\/schema\/person\/image\/\",\"url\":\"https:\/\/secure.gravatar.com\/avatar\/830d4c57adaae6630765e449a6908047?s=96&d=mm&r=g\",\"contentUrl\":\"https:\/\/secure.gravatar.com\/avatar\/830d4c57adaae6630765e449a6908047?s=96&d=mm&r=g\",\"caption\":\"admpu17wp\"}}]}<\/script>\n<!-- \/ Yoast SEO plugin. -->","yoast_head_json":{"title":"YPF no se qued\u00f3 atr\u00e1s y tambi\u00e9n aument\u00f3 el combustible","description":"YPF no se qued\u00f3 atr\u00e1s y tambi\u00e9n aumento el combustible, durante el fin de semana una medida similar hab\u00edan\u00a0 tomado Axion y Shell","robots":{"index":"index","follow":"follow","max-snippet":"max-snippet:-1","max-image-preview":"max-image-preview:large","max-video-preview":"max-video-preview:-1"},"canonical":"https:\/\/experienciadevida.com.ar\/portalurbano\/ypf-no-se-quedo-atras-y-tambien-aumento-el-combustible\/","og_locale":"es_ES","og_type":"article","og_title":"YPF no se qued\u00f3 atr\u00e1s y tambi\u00e9n aument\u00f3 el combustible","og_description":"YPF no se qued\u00f3 atr\u00e1s y tambi\u00e9n aumento el combustible, durante el fin de semana una medida similar hab\u00edan\u00a0 tomado Axion y Shell","og_url":"https:\/\/experienciadevida.com.ar\/portalurbano\/ypf-no-se-quedo-atras-y-tambien-aumento-el-combustible\/","article_publisher":"https:\/\/www.facebook.com\/Portal-Urbano-171542830093757\/","article_published_time":"2022-05-09T13:44:05+00:00","article_modified_time":"2022-05-09T13:45:51+00:00","og_image":[{"width":696,"height":393,"url":"https:\/\/experienciadevida.com.ar\/portalurbano\/wp-content\/uploads\/2021\/03\/YPF-anuncio-un-aumento.jpg","type":"image\/jpeg"}],"author":"admpu17wp","twitter_card":"summary_large_image","twitter_creator":"@portalurbanook","twitter_site":"@portalurbanook","twitter_misc":{"Escrito por":"admpu17wp","Tiempo de lectura":"3 minutos"},"schema":{"@context":"https:\/\/schema.org","@graph":[{"@type":"Article","@id":"https:\/\/experienciadevida.com.ar\/portalurbano\/ypf-no-se-quedo-atras-y-tambien-aumento-el-combustible\/#article","isPartOf":{"@id":"https:\/\/experienciadevida.com.ar\/portalurbano\/ypf-no-se-quedo-atras-y-tambien-aumento-el-combustible\/"},"author":{"name":"admpu17wp","@id":"https:\/\/experienciadevida.com.ar\/portalurbano\/#\/schema\/person\/02dd326b1c4b056e9cc972486934a3a7"},"headline":"YPF no se qued\u00f3 atr\u00e1s y tambi\u00e9n aumento el combustible","datePublished":"2022-05-09T13:44:05+00:00","dateModified":"2022-05-09T13:45:51+00:00","mainEntityOfPage":{"@id":"https:\/\/experienciadevida.com.ar\/portalurbano\/ypf-no-se-quedo-atras-y-tambien-aumento-el-combustible\/"},"wordCount":493,"publisher":{"@id":"https:\/\/experienciadevida.com.ar\/portalurbano\/#organization"},"articleSection":["Ciudad","Destacadas"],"inLanguage":"es"},{"@type":"WebPage","@id":"https:\/\/experienciadevida.com.ar\/portalurbano\/ypf-no-se-quedo-atras-y-tambien-aumento-el-combustible\/","url":"https:\/\/experienciadevida.com.ar\/portalurbano\/ypf-no-se-quedo-atras-y-tambien-aumento-el-combustible\/","name":"YPF no se qued\u00f3 atr\u00e1s y tambi\u00e9n aument\u00f3 el combustible","isPartOf":{"@id":"https:\/\/experienciadevida.com.ar\/portalurbano\/#website"},"datePublished":"2022-05-09T13:44:05+00:00","dateModified":"2022-05-09T13:45:51+00:00","description":"YPF no se qued\u00f3 atr\u00e1s y tambi\u00e9n aumento el combustible, durante el fin de semana una medida similar hab\u00edan\u00a0 tomado Axion y Shell","breadcrumb":{"@id":"https:\/\/experienciadevida.com.ar\/portalurbano\/ypf-no-se-quedo-atras-y-tambien-aumento-el-combustible\/#breadcrumb"},"inLanguage":"es","potentialAction":[{"@type":"ReadAction","target":["https:\/\/experienciadevida.com.ar\/portalurbano\/ypf-no-se-quedo-atras-y-tambien-aumento-el-combustible\/"]}]},{"@type":"BreadcrumbList","@id":"https:\/\/experienciadevida.com.ar\/portalurbano\/ypf-no-se-quedo-atras-y-tambien-aumento-el-combustible\/#breadcrumb","itemListElement":[{"@type":"ListItem","position":1,"name":"Portada","item":"https:\/\/experienciadevida.com.ar\/portalurbano\/"},{"@type":"ListItem","position":2,"name":"YPF no se qued\u00f3 atr\u00e1s y tambi\u00e9n aumento el combustible"}]},{"@type":"WebSite","@id":"https:\/\/experienciadevida.com.ar\/portalurbano\/#website","url":"https:\/\/experienciadevida.com.ar\/portalurbano\/","name":"","description":"","publisher":{"@id":"https:\/\/experienciadevida.com.ar\/portalurbano\/#organization"},"potentialAction":[{"@type":"SearchAction","target":{"@type":"EntryPoint","urlTemplate":"https:\/\/experienciadevida.com.ar\/portalurbano\/?s={search_term_string}"},"query-input":"required name=search_term_string"}],"inLanguage":"es"},{"@type":"Organization","@id":"https:\/\/experienciadevida.com.ar\/portalurbano\/#organization","name":"Portal Urbano","url":"https:\/\/experienciadevida.com.ar\/portalurbano\/","logo":{"@type":"ImageObject","inLanguage":"es","@id":"https:\/\/experienciadevida.com.ar\/portalurbano\/#\/schema\/logo\/image\/","url":"https:\/\/experienciadevida.com.ar\/portalurbano\/wp-content\/uploads\/2019\/09\/Logo-Original.png","contentUrl":"https:\/\/experienciadevida.com.ar\/portalurbano\/wp-content\/uploads\/2019\/09\/Logo-Original.png","width":2236,"height":1216,"caption":"Portal Urbano"},"image":{"@id":"https:\/\/experienciadevida.com.ar\/portalurbano\/#\/schema\/logo\/image\/"},"sameAs":["https:\/\/www.facebook.com\/Portal-Urbano-171542830093757\/","https:\/\/twitter.com\/portalurbanook","https:\/\/www.instagram.com\/_portalurbano\/","https:\/\/www.youtube.com\/channel\/UCXhagIfszH8KxFiOok79zbA?view_as=subscriber"]},{"@type":"Person","@id":"https:\/\/experienciadevida.com.ar\/portalurbano\/#\/schema\/person\/02dd326b1c4b056e9cc972486934a3a7","name":"admpu17wp","image":{"@type":"ImageObject","inLanguage":"es","@id":"https:\/\/experienciadevida.com.ar\/portalurbano\/#\/schema\/person\/image\/","url":"https:\/\/secure.gravatar.com\/avatar\/830d4c57adaae6630765e449a6908047?s=96&d=mm&r=g","contentUrl":"https:\/\/secure.gravatar.com\/avatar\/830d4c57adaae6630765e449a6908047?s=96&d=mm&r=g","caption":"admpu17wp"}}]}},"featured_image_urls":{"full":["https:\/\/experienciadevida.com.ar\/portalurbano\/wp-content\/uploads\/2021\/03\/YPF-anuncio-un-aumento.jpg",696,393,false],"thumbnail":["https:\/\/experienciadevida.com.ar\/portalurbano\/wp-content\/uploads\/2021\/03\/YPF-anuncio-un-aumento-150x150.jpg",150,150,true],"medium":["https:\/\/experienciadevida.com.ar\/portalurbano\/wp-content\/uploads\/2021\/03\/YPF-anuncio-un-aumento-300x169.jpg",300,169,true],"medium_large":["https:\/\/experienciadevida.com.ar\/portalurbano\/wp-content\/uploads\/2021\/03\/YPF-anuncio-un-aumento.jpg",640,361,false],"large":["https:\/\/experienciadevida.com.ar\/portalurbano\/wp-content\/uploads\/2021\/03\/YPF-anuncio-un-aumento.jpg",640,361,false],"ug_big":["https:\/\/experienciadevida.com.ar\/portalurbano\/wp-content\/uploads\/2021\/03\/YPF-anuncio-un-aumento.jpg",696,393,false],"1536x1536":["https:\/\/experienciadevida.com.ar\/portalurbano\/wp-content\/uploads\/2021\/03\/YPF-anuncio-un-aumento.jpg",696,393,false],"2048x2048":["https:\/\/experienciadevida.com.ar\/portalurbano\/wp-content\/uploads\/2021\/03\/YPF-anuncio-un-aumento.jpg",696,393,false],"newsever-slider-full":["https:\/\/experienciadevida.com.ar\/portalurbano\/wp-content\/uploads\/2021\/03\/YPF-anuncio-un-aumento.jpg",696,393,false],"newsever-featured":["https:\/\/experienciadevida.com.ar\/portalurbano\/wp-content\/uploads\/2021\/03\/YPF-anuncio-un-aumento.jpg",696,393,false],"newsever-medium":["https:\/\/experienciadevida.com.ar\/portalurbano\/wp-content\/uploads\/2021\/03\/YPF-anuncio-un-aumento.jpg",696,393,false],"web-stories-poster-portrait":["https:\/\/experienciadevida.com.ar\/portalurbano\/wp-content\/uploads\/2021\/03\/YPF-anuncio-un-aumento.jpg",640,361,false],"web-stories-publisher-logo":["https:\/\/experienciadevida.com.ar\/portalurbano\/wp-content\/uploads\/2021\/03\/YPF-anuncio-un-aumento.jpg",96,54,false],"web-stories-thumbnail":["https:\/\/experienciadevida.com.ar\/portalurbano\/wp-content\/uploads\/2021\/03\/YPF-anuncio-un-aumento.jpg",150,85,false]},"author_info":{"display_name":"admpu17wp","author_link":"https:\/\/experienciadevida.com.ar\/portalurbano\/author\/admpu17wp\/"},"category_info":"<a href=\"https:\/\/experienciadevida.com.ar\/portalurbano\/category\/ciudad\/\" rel=\"category tag\">Ciudad<\/a> <a href=\"https:\/\/experienciadevida.com.ar\/portalurbano\/category\/destacadas\/\" rel=\"category tag\">Destacadas<\/a>","tag_info":"Destacadas","comment_count":"0","amp_enabled":true,"_links":{"self":[{"href":"https:\/\/experienciadevida.com.ar\/portalurbano\/wp-json\/wp\/v2\/posts\/167366"}],"collection":[{"href":"https:\/\/experienciadevida.com.ar\/portalurbano\/wp-json\/wp\/v2\/posts"}],"about":[{"href":"https:\/\/experienciadevida.com.ar\/portalurbano\/wp-json\/wp\/v2\/types\/post"}],"author":[{"embeddable":true,"href":"https:\/\/experienciadevida.com.ar\/portalurbano\/wp-json\/wp\/v2\/users\/1"}],"replies":[{"embeddable":true,"href":"https:\/\/experienciadevida.com.ar\/portalurbano\/wp-json\/wp\/v2\/comments?post=167366"}],"version-history":[{"count":1,"href":"https:\/\/experienciadevida.com.ar\/portalurbano\/wp-json\/wp\/v2\/posts\/167366\/revisions"}],"predecessor-version":[{"id":167367,"href":"https:\/\/experienciadevida.com.ar\/portalurbano\/wp-json\/wp\/v2\/posts\/167366\/revisions\/167367"}],"wp:featuredmedia":[{"embeddable":true,"href":"https:\/\/experienciadevida.com.ar\/portalurbano\/wp-json\/wp\/v2\/media\/137333"}],"wp:attachment":[{"href":"https:\/\/experienciadevida.com.ar\/portalurbano\/wp-json\/wp\/v2\/media?parent=167366"}],"wp:term":[{"taxonomy":"category","embeddable":true,"href":"https:\/\/experienciadevida.com.ar\/portalurbano\/wp-json\/wp\/v2\/categories?post=167366"},{"taxonomy":"post_tag","embeddable":true,"href":"https:\/\/experienciadevida.com.ar\/portalurbano\/wp-json\/wp\/v2\/tags?post=167366"}],"curies":[{"name":"wp","href":"https:\/\/api.w.org\/{rel}","templated":true}]}}