{"id":167327,"date":"2022-05-08T12:40:20","date_gmt":"2022-05-08T15:40:20","guid":{"rendered":"https:\/\/experienciadevida.com.ar\/portalurbano\/?p=167327"},"modified":"2022-05-08T12:43:19","modified_gmt":"2022-05-08T15:43:19","slug":"el-ministerio-de-trabajo-realizo-una-inspeccion-en-las-viviendas-tuvi-y-encontro-irregularidades","status":"publish","type":"post","link":"https:\/\/experienciadevida.com.ar\/portalurbano\/el-ministerio-de-trabajo-realizo-una-inspeccion-en-las-viviendas-tuvi-y-encontro-irregularidades\/","title":{"rendered":"El ministerio de Trabajo realiz\u00f3 una inspecci\u00f3n en las viviendas TUVI y encontr\u00f3 irregularidades"},"content":{"rendered":"<p>El ministerio de Trabajo realiz\u00f3 una inspecci\u00f3n en las viviendas TUVI y encontr\u00f3 irregularidades.<\/p>\n<p><a href=\"https:\/\/experienciadevida.com.ar\/portalurbano\/el-ministerio-de-trabajo-realizo-una-inspeccion-en-las-viviendas-tuvi-y-encontro-irregularidades\/el-19\/\" rel=\"attachment wp-att-167331\"><img decoding=\"async\" class=\"alignnone size-large wp-image-167331\" src=\"https:\/\/experienciadevida.com.ar\/portalurbano\/wp-content\/uploads\/2022\/05\/El-3-768x1024.jpg\" alt=\"El \" width=\"768\" height=\"1024\" srcset=\"https:\/\/experienciadevida.com.ar\/portalurbano\/wp-content\/uploads\/2022\/05\/El-3-768x1024.jpg 768w, https:\/\/experienciadevida.com.ar\/portalurbano\/wp-content\/uploads\/2022\/05\/El-3-225x300.jpg 225w, https:\/\/experienciadevida.com.ar\/portalurbano\/wp-content\/uploads\/2022\/05\/El-3-576x768.jpg 576w, https:\/\/experienciadevida.com.ar\/portalurbano\/wp-content\/uploads\/2022\/05\/El-3-1152x1536.jpg 1152w, https:\/\/experienciadevida.com.ar\/portalurbano\/wp-content\/uploads\/2022\/05\/El-3.jpg 1200w\" sizes=\"(max-width: 768px) 100vw, 768px\" \/><\/a><\/p>\n<p>El personal del Ministerio de Trabajo de la Provincia de Buenos Aires recorri\u00f3 entre viernes y s\u00e1bado las obras realizadas en el marco del programa viviendas TUVI\u00a0 y se hizo una inspecci\u00f3n. Durante la visita se constat\u00f3 de la condici\u00f3n de medidas de seguridad e higiene hacia los trabajadores, como as\u00ed tambi\u00e9n se corrobor\u00f3 la registraci\u00f3n laboral de los trabajadores.<\/p>\n<p>El resultado de la misma arroj\u00f3 en primer lugar diferencia entre lo manifestado por los trabajadores en cuanto a su fecha de ingreso y la documentaci\u00f3n existente en la obra, se corrobor\u00f3 que dos trabajadores estaban como monotributistas en las viviendas y dos trabajadores pertenecen a otra empresa. Al momento de la recorrida todos estaban ejecutando trabajos dentro de las viviendas.<\/p>\n<p>Del mismo modo al menos 5 trabajadores manifestaron estar registrados desde una fecha y en la documentaci\u00f3n de la empresa figuran capacitaciones de seguridad de fechas anteriores, lo que presupone una defectuosa registraci\u00f3n.<\/p>\n<p>Por tal motivo, ante varios trabajadores en situaci\u00f3n irregular se intim\u00f3 a la empresa a que haga entrega de toda la documentaci\u00f3n laboral que certifique la real fecha de ingreso. En caso contrario, se proceder\u00e1 a infraccionar a la empresa por no tener debidamente registrados a los trabajadores. Del mismo modo se encontraron falencias en la seguridad al no constatarse la existencia de ex\u00e1menes m\u00e9dicos preocupacionales, por lo cual el inspector volver\u00e1 a la obra para que la empresa acredite haberlos realizado bajo apercibimiento de multa.<\/p>\n<p><a href=\"https:\/\/experienciadevida.com.ar\/portalurbano\/el-ministerio-de-trabajo-realizo-una-inspeccion-en-las-viviendas-tuvi-y-encontro-irregularidades\/ministerio\/\" rel=\"attachment wp-att-167332\"><img decoding=\"async\" class=\"alignnone size-large wp-image-167332\" src=\"https:\/\/experienciadevida.com.ar\/portalurbano\/wp-content\/uploads\/2022\/05\/Ministerio-768x1024.jpg\" alt=\"Ministerio \" width=\"768\" height=\"1024\" srcset=\"https:\/\/experienciadevida.com.ar\/portalurbano\/wp-content\/uploads\/2022\/05\/Ministerio-768x1024.jpg 768w, https:\/\/experienciadevida.com.ar\/portalurbano\/wp-content\/uploads\/2022\/05\/Ministerio-225x300.jpg 225w, https:\/\/experienciadevida.com.ar\/portalurbano\/wp-content\/uploads\/2022\/05\/Ministerio-576x768.jpg 576w, https:\/\/experienciadevida.com.ar\/portalurbano\/wp-content\/uploads\/2022\/05\/Ministerio-1152x1536.jpg 1152w, https:\/\/experienciadevida.com.ar\/portalurbano\/wp-content\/uploads\/2022\/05\/Ministerio.jpg 1200w\" sizes=\"(max-width: 768px) 100vw, 768px\" \/><\/a><\/p>\n","protected":false},"excerpt":{"rendered":"<p>El ministerio de Trabajo realiz\u00f3 una inspecci\u00f3n en las viviendas TUVI y encontr\u00f3 irregularidades. El&#8230;<\/p>\n","protected":false},"author":1,"featured_media":167328,"comment_status":"closed","ping_status":"closed","sticky":false,"template":"","format":"standard","meta":{"content-type":""},"categories":[27,64],"tags":[],"nelio_content":{"isAutoShareEnabled":false,"autoShareEndMode":"default","automationSources":{"useContentSentences":true,"useSocialTemplates":true,"useCustomSentences":false,"customSentences":[]},"followers":[1],"suggestedReferences":[],"includedReferences":[],"efiUrl":"","efiAlt":"","highlights":[]},"yoast_head":"<!-- This site is optimized with the Yoast SEO plugin v20.7 - https:\/\/yoast.com\/wordpress\/plugins\/seo\/ -->\n<title>El Ministerio de trabajo realiz\u00f3 inspecci\u00f3n en las viviendas TUVI<\/title>\n<meta name=\"description\" content=\"El ministerio de Trabajo realiz\u00f3 una inspecci\u00f3n en las viviendas TUVI y encontr\u00f3 irregularidades, fue durante viernes y s\u00e1bado.\" \/>\n<meta name=\"robots\" content=\"index, follow, max-snippet:-1, max-image-preview:large, max-video-preview:-1\" \/>\n<link rel=\"canonical\" href=\"https:\/\/experienciadevida.com.ar\/portalurbano\/el-ministerio-de-trabajo-realizo-una-inspeccion-en-las-viviendas-tuvi-y-encontro-irregularidades\/\" \/>\n<meta property=\"og:locale\" content=\"es_ES\" \/>\n<meta property=\"og:type\" content=\"article\" \/>\n<meta property=\"og:title\" content=\"El Ministerio de trabajo realiz\u00f3 inspecci\u00f3n en las viviendas TUVI\" \/>\n<meta property=\"og:description\" content=\"El ministerio de Trabajo realiz\u00f3 una inspecci\u00f3n en las viviendas TUVI y encontr\u00f3 irregularidades, fue durante viernes y s\u00e1bado.\" \/>\n<meta property=\"og:url\" content=\"https:\/\/experienciadevida.com.ar\/portalurbano\/el-ministerio-de-trabajo-realizo-una-inspeccion-en-las-viviendas-tuvi-y-encontro-irregularidades\/\" \/>\n<meta property=\"article:publisher\" content=\"https:\/\/www.facebook.com\/Portal-Urbano-171542830093757\/\" \/>\n<meta property=\"article:published_time\" content=\"2022-05-08T15:40:20+00:00\" \/>\n<meta property=\"article:modified_time\" content=\"2022-05-08T15:43:19+00:00\" \/>\n<meta property=\"og:image\" content=\"https:\/\/experienciadevida.com.ar\/portalurbano\/wp-content\/uploads\/2022\/05\/El-ministerio-de-Trabajo-realizo.jpg\" \/>\n\t<meta property=\"og:image:width\" content=\"1200\" \/>\n\t<meta property=\"og:image:height\" content=\"800\" \/>\n\t<meta property=\"og:image:type\" content=\"image\/jpeg\" \/>\n<meta name=\"author\" content=\"admpu17wp\" \/>\n<meta name=\"twitter:card\" content=\"summary_large_image\" \/>\n<meta name=\"twitter:creator\" content=\"@portalurbanook\" \/>\n<meta name=\"twitter:site\" content=\"@portalurbanook\" \/>\n<meta name=\"twitter:label1\" content=\"Escrito por\" \/>\n\t<meta name=\"twitter:data1\" content=\"admpu17wp\" \/>\n\t<meta name=\"twitter:label2\" content=\"Tiempo de lectura\" \/>\n\t<meta name=\"twitter:data2\" content=\"2 minutos\" \/>\n<script type=\"application\/ld+json\" class=\"yoast-schema-graph\">{\"@context\":\"https:\/\/schema.org\",\"@graph\":[{\"@type\":\"Article\",\"@id\":\"https:\/\/experienciadevida.com.ar\/portalurbano\/el-ministerio-de-trabajo-realizo-una-inspeccion-en-las-viviendas-tuvi-y-encontro-irregularidades\/#article\",\"isPartOf\":{\"@id\":\"https:\/\/experienciadevida.com.ar\/portalurbano\/el-ministerio-de-trabajo-realizo-una-inspeccion-en-las-viviendas-tuvi-y-encontro-irregularidades\/\"},\"author\":{\"name\":\"admpu17wp\",\"@id\":\"https:\/\/experienciadevida.com.ar\/portalurbano\/#\/schema\/person\/02dd326b1c4b056e9cc972486934a3a7\"},\"headline\":\"El ministerio de Trabajo realiz\u00f3 una inspecci\u00f3n en las viviendas TUVI y encontr\u00f3 irregularidades\",\"datePublished\":\"2022-05-08T15:40:20+00:00\",\"dateModified\":\"2022-05-08T15:43:19+00:00\",\"mainEntityOfPage\":{\"@id\":\"https:\/\/experienciadevida.com.ar\/portalurbano\/el-ministerio-de-trabajo-realizo-una-inspeccion-en-las-viviendas-tuvi-y-encontro-irregularidades\/\"},\"wordCount\":281,\"publisher\":{\"@id\":\"https:\/\/experienciadevida.com.ar\/portalurbano\/#organization\"},\"articleSection\":[\"Ciudad\",\"Destacadas 2\"],\"inLanguage\":\"es\"},{\"@type\":\"WebPage\",\"@id\":\"https:\/\/experienciadevida.com.ar\/portalurbano\/el-ministerio-de-trabajo-realizo-una-inspeccion-en-las-viviendas-tuvi-y-encontro-irregularidades\/\",\"url\":\"https:\/\/experienciadevida.com.ar\/portalurbano\/el-ministerio-de-trabajo-realizo-una-inspeccion-en-las-viviendas-tuvi-y-encontro-irregularidades\/\",\"name\":\"El Ministerio de trabajo realiz\u00f3 inspecci\u00f3n en las viviendas TUVI\",\"isPartOf\":{\"@id\":\"https:\/\/experienciadevida.com.ar\/portalurbano\/#website\"},\"datePublished\":\"2022-05-08T15:40:20+00:00\",\"dateModified\":\"2022-05-08T15:43:19+00:00\",\"description\":\"El ministerio de Trabajo realiz\u00f3 una inspecci\u00f3n en las viviendas TUVI y encontr\u00f3 irregularidades, fue durante viernes y s\u00e1bado.\",\"breadcrumb\":{\"@id\":\"https:\/\/experienciadevida.com.ar\/portalurbano\/el-ministerio-de-trabajo-realizo-una-inspeccion-en-las-viviendas-tuvi-y-encontro-irregularidades\/#breadcrumb\"},\"inLanguage\":\"es\",\"potentialAction\":[{\"@type\":\"ReadAction\",\"target\":[\"https:\/\/experienciadevida.com.ar\/portalurbano\/el-ministerio-de-trabajo-realizo-una-inspeccion-en-las-viviendas-tuvi-y-encontro-irregularidades\/\"]}]},{\"@type\":\"BreadcrumbList\",\"@id\":\"https:\/\/experienciadevida.com.ar\/portalurbano\/el-ministerio-de-trabajo-realizo-una-inspeccion-en-las-viviendas-tuvi-y-encontro-irregularidades\/#breadcrumb\",\"itemListElement\":[{\"@type\":\"ListItem\",\"position\":1,\"name\":\"Portada\",\"item\":\"https:\/\/experienciadevida.com.ar\/portalurbano\/\"},{\"@type\":\"ListItem\",\"position\":2,\"name\":\"El ministerio de Trabajo realiz\u00f3 una inspecci\u00f3n en las viviendas TUVI y encontr\u00f3 irregularidades\"}]},{\"@type\":\"WebSite\",\"@id\":\"https:\/\/experienciadevida.com.ar\/portalurbano\/#website\",\"url\":\"https:\/\/experienciadevida.com.ar\/portalurbano\/\",\"name\":\"\",\"description\":\"\",\"publisher\":{\"@id\":\"https:\/\/experienciadevida.com.ar\/portalurbano\/#organization\"},\"potentialAction\":[{\"@type\":\"SearchAction\",\"target\":{\"@type\":\"EntryPoint\",\"urlTemplate\":\"https:\/\/experienciadevida.com.ar\/portalurbano\/?s={search_term_string}\"},\"query-input\":\"required name=search_term_string\"}],\"inLanguage\":\"es\"},{\"@type\":\"Organization\",\"@id\":\"https:\/\/experienciadevida.com.ar\/portalurbano\/#organization\",\"name\":\"Portal Urbano\",\"url\":\"https:\/\/experienciadevida.com.ar\/portalurbano\/\",\"logo\":{\"@type\":\"ImageObject\",\"inLanguage\":\"es\",\"@id\":\"https:\/\/experienciadevida.com.ar\/portalurbano\/#\/schema\/logo\/image\/\",\"url\":\"https:\/\/experienciadevida.com.ar\/portalurbano\/wp-content\/uploads\/2019\/09\/Logo-Original.png\",\"contentUrl\":\"https:\/\/experienciadevida.com.ar\/portalurbano\/wp-content\/uploads\/2019\/09\/Logo-Original.png\",\"width\":2236,\"height\":1216,\"caption\":\"Portal Urbano\"},\"image\":{\"@id\":\"https:\/\/experienciadevida.com.ar\/portalurbano\/#\/schema\/logo\/image\/\"},\"sameAs\":[\"https:\/\/www.facebook.com\/Portal-Urbano-171542830093757\/\",\"https:\/\/twitter.com\/portalurbanook\",\"https:\/\/www.instagram.com\/_portalurbano\/\",\"https:\/\/www.youtube.com\/channel\/UCXhagIfszH8KxFiOok79zbA?view_as=subscriber\"]},{\"@type\":\"Person\",\"@id\":\"https:\/\/experienciadevida.com.ar\/portalurbano\/#\/schema\/person\/02dd326b1c4b056e9cc972486934a3a7\",\"name\":\"admpu17wp\",\"image\":{\"@type\":\"ImageObject\",\"inLanguage\":\"es\",\"@id\":\"https:\/\/experienciadevida.com.ar\/portalurbano\/#\/schema\/person\/image\/\",\"url\":\"https:\/\/secure.gravatar.com\/avatar\/830d4c57adaae6630765e449a6908047?s=96&d=mm&r=g\",\"contentUrl\":\"https:\/\/secure.gravatar.com\/avatar\/830d4c57adaae6630765e449a6908047?s=96&d=mm&r=g\",\"caption\":\"admpu17wp\"}}]}<\/script>\n<!-- \/ Yoast SEO plugin. -->","yoast_head_json":{"title":"El Ministerio de trabajo realiz\u00f3 inspecci\u00f3n en las viviendas TUVI","description":"El ministerio de Trabajo realiz\u00f3 una inspecci\u00f3n en las viviendas TUVI y encontr\u00f3 irregularidades, fue durante viernes y s\u00e1bado.","robots":{"index":"index","follow":"follow","max-snippet":"max-snippet:-1","max-image-preview":"max-image-preview:large","max-video-preview":"max-video-preview:-1"},"canonical":"https:\/\/experienciadevida.com.ar\/portalurbano\/el-ministerio-de-trabajo-realizo-una-inspeccion-en-las-viviendas-tuvi-y-encontro-irregularidades\/","og_locale":"es_ES","og_type":"article","og_title":"El Ministerio de trabajo realiz\u00f3 inspecci\u00f3n en las viviendas TUVI","og_description":"El ministerio de Trabajo realiz\u00f3 una inspecci\u00f3n en las viviendas TUVI y encontr\u00f3 irregularidades, fue durante viernes y s\u00e1bado.","og_url":"https:\/\/experienciadevida.com.ar\/portalurbano\/el-ministerio-de-trabajo-realizo-una-inspeccion-en-las-viviendas-tuvi-y-encontro-irregularidades\/","article_publisher":"https:\/\/www.facebook.com\/Portal-Urbano-171542830093757\/","article_published_time":"2022-05-08T15:40:20+00:00","article_modified_time":"2022-05-08T15:43:19+00:00","og_image":[{"width":1200,"height":800,"url":"https:\/\/experienciadevida.com.ar\/portalurbano\/wp-content\/uploads\/2022\/05\/El-ministerio-de-Trabajo-realizo.jpg","type":"image\/jpeg"}],"author":"admpu17wp","twitter_card":"summary_large_image","twitter_creator":"@portalurbanook","twitter_site":"@portalurbanook","twitter_misc":{"Escrito por":"admpu17wp","Tiempo de lectura":"2 minutos"},"schema":{"@context":"https:\/\/schema.org","@graph":[{"@type":"Article","@id":"https:\/\/experienciadevida.com.ar\/portalurbano\/el-ministerio-de-trabajo-realizo-una-inspeccion-en-las-viviendas-tuvi-y-encontro-irregularidades\/#article","isPartOf":{"@id":"https:\/\/experienciadevida.com.ar\/portalurbano\/el-ministerio-de-trabajo-realizo-una-inspeccion-en-las-viviendas-tuvi-y-encontro-irregularidades\/"},"author":{"name":"admpu17wp","@id":"https:\/\/experienciadevida.com.ar\/portalurbano\/#\/schema\/person\/02dd326b1c4b056e9cc972486934a3a7"},"headline":"El ministerio de Trabajo realiz\u00f3 una inspecci\u00f3n en las viviendas TUVI y encontr\u00f3 irregularidades","datePublished":"2022-05-08T15:40:20+00:00","dateModified":"2022-05-08T15:43:19+00:00","mainEntityOfPage":{"@id":"https:\/\/experienciadevida.com.ar\/portalurbano\/el-ministerio-de-trabajo-realizo-una-inspeccion-en-las-viviendas-tuvi-y-encontro-irregularidades\/"},"wordCount":281,"publisher":{"@id":"https:\/\/experienciadevida.com.ar\/portalurbano\/#organization"},"articleSection":["Ciudad","Destacadas 2"],"inLanguage":"es"},{"@type":"WebPage","@id":"https:\/\/experienciadevida.com.ar\/portalurbano\/el-ministerio-de-trabajo-realizo-una-inspeccion-en-las-viviendas-tuvi-y-encontro-irregularidades\/","url":"https:\/\/experienciadevida.com.ar\/portalurbano\/el-ministerio-de-trabajo-realizo-una-inspeccion-en-las-viviendas-tuvi-y-encontro-irregularidades\/","name":"El Ministerio de trabajo realiz\u00f3 inspecci\u00f3n en las viviendas TUVI","isPartOf":{"@id":"https:\/\/experienciadevida.com.ar\/portalurbano\/#website"},"datePublished":"2022-05-08T15:40:20+00:00","dateModified":"2022-05-08T15:43:19+00:00","description":"El ministerio de Trabajo realiz\u00f3 una inspecci\u00f3n en las viviendas TUVI y encontr\u00f3 irregularidades, fue durante viernes y s\u00e1bado.","breadcrumb":{"@id":"https:\/\/experienciadevida.com.ar\/portalurbano\/el-ministerio-de-trabajo-realizo-una-inspeccion-en-las-viviendas-tuvi-y-encontro-irregularidades\/#breadcrumb"},"inLanguage":"es","potentialAction":[{"@type":"ReadAction","target":["https:\/\/experienciadevida.com.ar\/portalurbano\/el-ministerio-de-trabajo-realizo-una-inspeccion-en-las-viviendas-tuvi-y-encontro-irregularidades\/"]}]},{"@type":"BreadcrumbList","@id":"https:\/\/experienciadevida.com.ar\/portalurbano\/el-ministerio-de-trabajo-realizo-una-inspeccion-en-las-viviendas-tuvi-y-encontro-irregularidades\/#breadcrumb","itemListElement":[{"@type":"ListItem","position":1,"name":"Portada","item":"https:\/\/experienciadevida.com.ar\/portalurbano\/"},{"@type":"ListItem","position":2,"name":"El ministerio de Trabajo realiz\u00f3 una inspecci\u00f3n en las viviendas TUVI y encontr\u00f3 irregularidades"}]},{"@type":"WebSite","@id":"https:\/\/experienciadevida.com.ar\/portalurbano\/#website","url":"https:\/\/experienciadevida.com.ar\/portalurbano\/","name":"","description":"","publisher":{"@id":"https:\/\/experienciadevida.com.ar\/portalurbano\/#organization"},"potentialAction":[{"@type":"SearchAction","target":{"@type":"EntryPoint","urlTemplate":"https:\/\/experienciadevida.com.ar\/portalurbano\/?s={search_term_string}"},"query-input":"required name=search_term_string"}],"inLanguage":"es"},{"@type":"Organization","@id":"https:\/\/experienciadevida.com.ar\/portalurbano\/#organization","name":"Portal Urbano","url":"https:\/\/experienciadevida.com.ar\/portalurbano\/","logo":{"@type":"ImageObject","inLanguage":"es","@id":"https:\/\/experienciadevida.com.ar\/portalurbano\/#\/schema\/logo\/image\/","url":"https:\/\/experienciadevida.com.ar\/portalurbano\/wp-content\/uploads\/2019\/09\/Logo-Original.png","contentUrl":"https:\/\/experienciadevida.com.ar\/portalurbano\/wp-content\/uploads\/2019\/09\/Logo-Original.png","width":2236,"height":1216,"caption":"Portal Urbano"},"image":{"@id":"https:\/\/experienciadevida.com.ar\/portalurbano\/#\/schema\/logo\/image\/"},"sameAs":["https:\/\/www.facebook.com\/Portal-Urbano-171542830093757\/","https:\/\/twitter.com\/portalurbanook","https:\/\/www.instagram.com\/_portalurbano\/","https:\/\/www.youtube.com\/channel\/UCXhagIfszH8KxFiOok79zbA?view_as=subscriber"]},{"@type":"Person","@id":"https:\/\/experienciadevida.com.ar\/portalurbano\/#\/schema\/person\/02dd326b1c4b056e9cc972486934a3a7","name":"admpu17wp","image":{"@type":"ImageObject","inLanguage":"es","@id":"https:\/\/experienciadevida.com.ar\/portalurbano\/#\/schema\/person\/image\/","url":"https:\/\/secure.gravatar.com\/avatar\/830d4c57adaae6630765e449a6908047?s=96&d=mm&r=g","contentUrl":"https:\/\/secure.gravatar.com\/avatar\/830d4c57adaae6630765e449a6908047?s=96&d=mm&r=g","caption":"admpu17wp"}}]}},"featured_image_urls":{"full":["https:\/\/experienciadevida.com.ar\/portalurbano\/wp-content\/uploads\/2022\/05\/El-ministerio-de-Trabajo-realizo.jpg",1200,800,false],"thumbnail":["https:\/\/experienciadevida.com.ar\/portalurbano\/wp-content\/uploads\/2022\/05\/El-ministerio-de-Trabajo-realizo-150x150.jpg",150,150,true],"medium":["https:\/\/experienciadevida.com.ar\/portalurbano\/wp-content\/uploads\/2022\/05\/El-ministerio-de-Trabajo-realizo-300x200.jpg",300,200,true],"medium_large":["https:\/\/experienciadevida.com.ar\/portalurbano\/wp-content\/uploads\/2022\/05\/El-ministerio-de-Trabajo-realizo-768x512.jpg",640,427,true],"large":["https:\/\/experienciadevida.com.ar\/portalurbano\/wp-content\/uploads\/2022\/05\/El-ministerio-de-Trabajo-realizo-1024x683.jpg",640,427,true],"ug_big":["https:\/\/experienciadevida.com.ar\/portalurbano\/wp-content\/uploads\/2022\/05\/El-ministerio-de-Trabajo-realizo-768x512.jpg",768,512,true],"1536x1536":["https:\/\/experienciadevida.com.ar\/portalurbano\/wp-content\/uploads\/2022\/05\/El-ministerio-de-Trabajo-realizo.jpg",1200,800,false],"2048x2048":["https:\/\/experienciadevida.com.ar\/portalurbano\/wp-content\/uploads\/2022\/05\/El-ministerio-de-Trabajo-realizo.jpg",1200,800,false],"newsever-slider-full":["https:\/\/experienciadevida.com.ar\/portalurbano\/wp-content\/uploads\/2022\/05\/El-ministerio-de-Trabajo-realizo.jpg",1200,800,false],"newsever-featured":["https:\/\/experienciadevida.com.ar\/portalurbano\/wp-content\/uploads\/2022\/05\/El-ministerio-de-Trabajo-realizo.jpg",1024,683,false],"newsever-medium":["https:\/\/experienciadevida.com.ar\/portalurbano\/wp-content\/uploads\/2022\/05\/El-ministerio-de-Trabajo-realizo.jpg",713,475,false],"web-stories-poster-portrait":["https:\/\/experienciadevida.com.ar\/portalurbano\/wp-content\/uploads\/2022\/05\/El-ministerio-de-Trabajo-realizo.jpg",640,427,false],"web-stories-publisher-logo":["https:\/\/experienciadevida.com.ar\/portalurbano\/wp-content\/uploads\/2022\/05\/El-ministerio-de-Trabajo-realizo.jpg",96,64,false],"web-stories-thumbnail":["https:\/\/experienciadevida.com.ar\/portalurbano\/wp-content\/uploads\/2022\/05\/El-ministerio-de-Trabajo-realizo.jpg",150,100,false]},"author_info":{"display_name":"admpu17wp","author_link":"https:\/\/experienciadevida.com.ar\/portalurbano\/author\/admpu17wp\/"},"category_info":"<a href=\"https:\/\/experienciadevida.com.ar\/portalurbano\/category\/ciudad\/\" rel=\"category tag\">Ciudad<\/a> <a href=\"https:\/\/experienciadevida.com.ar\/portalurbano\/category\/destacadas-2\/\" rel=\"category tag\">Destacadas 2<\/a>","tag_info":"Destacadas 2","comment_count":"0","amp_enabled":true,"_links":{"self":[{"href":"https:\/\/experienciadevida.com.ar\/portalurbano\/wp-json\/wp\/v2\/posts\/167327"}],"collection":[{"href":"https:\/\/experienciadevida.com.ar\/portalurbano\/wp-json\/wp\/v2\/posts"}],"about":[{"href":"https:\/\/experienciadevida.com.ar\/portalurbano\/wp-json\/wp\/v2\/types\/post"}],"author":[{"embeddable":true,"href":"https:\/\/experienciadevida.com.ar\/portalurbano\/wp-json\/wp\/v2\/users\/1"}],"replies":[{"embeddable":true,"href":"https:\/\/experienciadevida.com.ar\/portalurbano\/wp-json\/wp\/v2\/comments?post=167327"}],"version-history":[{"count":3,"href":"https:\/\/experienciadevida.com.ar\/portalurbano\/wp-json\/wp\/v2\/posts\/167327\/revisions"}],"predecessor-version":[{"id":167333,"href":"https:\/\/experienciadevida.com.ar\/portalurbano\/wp-json\/wp\/v2\/posts\/167327\/revisions\/167333"}],"wp:featuredmedia":[{"embeddable":true,"href":"https:\/\/experienciadevida.com.ar\/portalurbano\/wp-json\/wp\/v2\/media\/167328"}],"wp:attachment":[{"href":"https:\/\/experienciadevida.com.ar\/portalurbano\/wp-json\/wp\/v2\/media?parent=167327"}],"wp:term":[{"taxonomy":"category","embeddable":true,"href":"https:\/\/experienciadevida.com.ar\/portalurbano\/wp-json\/wp\/v2\/categories?post=167327"},{"taxonomy":"post_tag","embeddable":true,"href":"https:\/\/experienciadevida.com.ar\/portalurbano\/wp-json\/wp\/v2\/tags?post=167327"}],"curies":[{"name":"wp","href":"https:\/\/api.w.org\/{rel}","templated":true}]}}