{"id":167300,"date":"2022-05-07T21:23:03","date_gmt":"2022-05-08T00:23:03","guid":{"rendered":"https:\/\/experienciadevida.com.ar\/portalurbano\/?p=167300"},"modified":"2022-05-07T21:37:13","modified_gmt":"2022-05-08T00:37:13","slug":"miles-de-olavarrienses-disfrutan-de-sabores-del-mundo","status":"publish","type":"post","link":"https:\/\/experienciadevida.com.ar\/portalurbano\/miles-de-olavarrienses-disfrutan-de-sabores-del-mundo\/","title":{"rendered":"Miles de olavarrienses disfrutan de Sabores del Mundo"},"content":{"rendered":"<p>Miles de olavarrienses disfrutan de Sabores del Mundo, en el anochecer de este s\u00e1bado: la feria gastron\u00f3mica que se emplaza sobre calle Riobamba, frente al Centro Cultural Municipal \u00abSan Jos\u00e9\u00bb.<\/p>\n<p>El intendente Ezequiel <a href=\"https:\/\/www.facebook.com\/galliezequiel\">Galli<\/a>, acompa\u00f1ado por el secretario de Desarrollo Humano y Calidad de Vida Diego Robbiani, el subsecretario de Cultura y Educaci\u00f3n Bruno Cenizo y los organizadores Hern\u00e1n y Gustavo, realiz\u00f3 la apertura formal del evento.<\/p>\n<p>\u00abGracias a los organizadores porque nuevamente nos visitan en Olavarr\u00eda, nuevamente tenemos Sabores del Mundo. Este fin de semana podemos disfrutar de una feria hermosa, con m\u00e1s de 30 puestos de comida de todo el mundo, artesanos, y la verdad que desde ayer empezamos a ver mucha cantidad de gente\u00bb, sostuvo el Intendente.<\/p>\n<p><a href=\"https:\/\/experienciadevida.com.ar\/portalurbano\/miles-de-olavarrienses-disfrutan-de-sabores-del-mundo\/miles\/\" rel=\"attachment wp-att-167308\"><img decoding=\"async\" class=\"alignnone size-full wp-image-167308\" src=\"https:\/\/experienciadevida.com.ar\/portalurbano\/wp-content\/uploads\/2022\/05\/Miles.jpg\" alt=\"Miles \" width=\"765\" height=\"510\" srcset=\"https:\/\/experienciadevida.com.ar\/portalurbano\/wp-content\/uploads\/2022\/05\/Miles.jpg 765w, https:\/\/experienciadevida.com.ar\/portalurbano\/wp-content\/uploads\/2022\/05\/Miles-300x200.jpg 300w\" sizes=\"(max-width: 765px) 100vw, 765px\" \/><\/a><\/p>\n<p>Adem\u00e1s, anticip\u00f3 que \u00abya estamos hablando para ver cu\u00e1ndo vuelven a Olavarr\u00eda. Esto ya es un cl\u00e1sico, la cuarta vez, estamos hablando de cu\u00e1ndo ser\u00e1 la pr\u00f3xima. Es muy lindo para disfrutar\u00bb.<\/p>\n<p>Galli agreg\u00f3 que \u00abtenemos un mont\u00f3n de actividades. Olavarr\u00eda tiene un calendario cultural muy amplio. Agradecer a todas las \u00e1reas que est\u00e1n trabajando para que esta feria sea un \u00e9xito y tener una actividad diferente para disfrutar en familia, que en definitiva es lo que buscamos\u00bb.<\/p>\n<p>\u00abTenemos mucho de ac\u00e1 en adelante. estamos trabajando en cada uno de los eventos culturales que tiene nuestro hermoso Partido. Tenemos mucho para dar y lo hacemos porque los vecinos nos acompa\u00f1an en cada una de las iniciativas\u00bb, concluy\u00f3.<\/p>\n<p><span style=\"color: #0000ff;\">Galer\u00eda de im\u00e1genes:<\/span><\/p>\n<p><a href=\"https:\/\/experienciadevida.com.ar\/portalurbano\/miles-de-olavarrienses-disfrutan-de-sabores-del-mundo\/de-25\/\" rel=\"attachment wp-att-167309\"><img decoding=\"async\" class=\"alignnone size-full wp-image-167309\" src=\"https:\/\/experienciadevida.com.ar\/portalurbano\/wp-content\/uploads\/2022\/05\/de-2.jpg\" alt=\"de \" width=\"765\" height=\"510\" srcset=\"https:\/\/experienciadevida.com.ar\/portalurbano\/wp-content\/uploads\/2022\/05\/de-2.jpg 765w, https:\/\/experienciadevida.com.ar\/portalurbano\/wp-content\/uploads\/2022\/05\/de-2-300x200.jpg 300w\" sizes=\"(max-width: 765px) 100vw, 765px\" \/><\/a><\/p>\n<p>&nbsp;<\/p>\n<p><a href=\"https:\/\/experienciadevida.com.ar\/portalurbano\/miles-de-olavarrienses-disfrutan-de-sabores-del-mundo\/olavarrienses-4\/\" rel=\"attachment wp-att-167310\"><img decoding=\"async\" class=\"alignnone size-full wp-image-167310\" src=\"https:\/\/experienciadevida.com.ar\/portalurbano\/wp-content\/uploads\/2022\/05\/Olavarrienses.jpg\" alt=\"Olavarrienses \" width=\"765\" height=\"510\" srcset=\"https:\/\/experienciadevida.com.ar\/portalurbano\/wp-content\/uploads\/2022\/05\/Olavarrienses.jpg 765w, https:\/\/experienciadevida.com.ar\/portalurbano\/wp-content\/uploads\/2022\/05\/Olavarrienses-300x200.jpg 300w\" sizes=\"(max-width: 765px) 100vw, 765px\" \/><\/a><\/p>\n<p><a href=\"https:\/\/experienciadevida.com.ar\/portalurbano\/miles-de-olavarrienses-disfrutan-de-sabores-del-mundo\/dsc_0026-2\/\" rel=\"attachment wp-att-167311\"><img decoding=\"async\" class=\"alignnone size-full wp-image-167311\" src=\"https:\/\/experienciadevida.com.ar\/portalurbano\/wp-content\/uploads\/2022\/05\/DSC_0026-1.jpg\" alt=\"\" width=\"765\" height=\"510\" srcset=\"https:\/\/experienciadevida.com.ar\/portalurbano\/wp-content\/uploads\/2022\/05\/DSC_0026-1.jpg 765w, https:\/\/experienciadevida.com.ar\/portalurbano\/wp-content\/uploads\/2022\/05\/DSC_0026-1-300x200.jpg 300w\" sizes=\"(max-width: 765px) 100vw, 765px\" \/><\/a><\/p>\n<p><a href=\"https:\/\/experienciadevida.com.ar\/portalurbano\/miles-de-olavarrienses-disfrutan-de-sabores-del-mundo\/dsc_0027-2\/\" rel=\"attachment wp-att-167312\"><img decoding=\"async\" class=\"alignnone size-full wp-image-167312\" src=\"https:\/\/experienciadevida.com.ar\/portalurbano\/wp-content\/uploads\/2022\/05\/DSC_0027-1.jpg\" alt=\"\" width=\"765\" height=\"510\" srcset=\"https:\/\/experienciadevida.com.ar\/portalurbano\/wp-content\/uploads\/2022\/05\/DSC_0027-1.jpg 765w, https:\/\/experienciadevida.com.ar\/portalurbano\/wp-content\/uploads\/2022\/05\/DSC_0027-1-300x200.jpg 300w\" sizes=\"(max-width: 765px) 100vw, 765px\" \/><\/a><\/p>\n<p><a href=\"https:\/\/experienciadevida.com.ar\/portalurbano\/miles-de-olavarrienses-disfrutan-de-sabores-del-mundo\/dsc_0029-2\/\" rel=\"attachment wp-att-167313\"><img decoding=\"async\" class=\"alignnone size-full wp-image-167313\" src=\"https:\/\/experienciadevida.com.ar\/portalurbano\/wp-content\/uploads\/2022\/05\/DSC_0029-1.jpg\" alt=\"\" width=\"765\" height=\"510\" srcset=\"https:\/\/experienciadevida.com.ar\/portalurbano\/wp-content\/uploads\/2022\/05\/DSC_0029-1.jpg 765w, https:\/\/experienciadevida.com.ar\/portalurbano\/wp-content\/uploads\/2022\/05\/DSC_0029-1-300x200.jpg 300w\" sizes=\"(max-width: 765px) 100vw, 765px\" \/><\/a><\/p>\n<p><a href=\"https:\/\/experienciadevida.com.ar\/portalurbano\/miles-de-olavarrienses-disfrutan-de-sabores-del-mundo\/dsc_0030-2\/\" rel=\"attachment wp-att-167314\"><img decoding=\"async\" class=\"alignnone size-full wp-image-167314\" src=\"https:\/\/experienciadevida.com.ar\/portalurbano\/wp-content\/uploads\/2022\/05\/DSC_0030-1.jpg\" alt=\"\" width=\"765\" height=\"510\" srcset=\"https:\/\/experienciadevida.com.ar\/portalurbano\/wp-content\/uploads\/2022\/05\/DSC_0030-1.jpg 765w, https:\/\/experienciadevida.com.ar\/portalurbano\/wp-content\/uploads\/2022\/05\/DSC_0030-1-300x200.jpg 300w\" sizes=\"(max-width: 765px) 100vw, 765px\" \/><\/a><\/p>\n<p><a href=\"https:\/\/experienciadevida.com.ar\/portalurbano\/miles-de-olavarrienses-disfrutan-de-sabores-del-mundo\/dsc_0031\/\" rel=\"attachment wp-att-167315\"><img decoding=\"async\" class=\"alignnone size-full wp-image-167315\" src=\"https:\/\/experienciadevida.com.ar\/portalurbano\/wp-content\/uploads\/2022\/05\/DSC_0031.jpg\" alt=\"\" width=\"765\" height=\"510\" srcset=\"https:\/\/experienciadevida.com.ar\/portalurbano\/wp-content\/uploads\/2022\/05\/DSC_0031.jpg 765w, https:\/\/experienciadevida.com.ar\/portalurbano\/wp-content\/uploads\/2022\/05\/DSC_0031-300x200.jpg 300w\" sizes=\"(max-width: 765px) 100vw, 765px\" \/><\/a><\/p>\n","protected":false},"excerpt":{"rendered":"<p>Miles de olavarrienses disfrutan de Sabores del Mundo, en el anochecer de este s\u00e1bado: la&#8230;<\/p>\n","protected":false},"author":1,"featured_media":167301,"comment_status":"closed","ping_status":"closed","sticky":false,"template":"","format":"standard","meta":{"content-type":""},"categories":[27,51],"tags":[],"nelio_content":{"isAutoShareEnabled":false,"autoShareEndMode":"default","automationSources":{"useContentSentences":true,"useSocialTemplates":true,"useCustomSentences":false,"customSentences":[]},"followers":[1],"suggestedReferences":[],"includedReferences":[],"efiUrl":"","efiAlt":"","highlights":[]},"yoast_head":"<!-- This site is optimized with the Yoast SEO plugin v20.7 - https:\/\/yoast.com\/wordpress\/plugins\/seo\/ -->\n<title>Miles de Olavarrienses disfrutan de sabores del mundo<\/title>\n<meta name=\"description\" content=\"Miles de olavarrienses disfrutan de Sabores del Mundo, en el anochecer de este s\u00e1bado: la feria gastron\u00f3mica que est\u00e1 en el CCSJ\" \/>\n<meta name=\"robots\" content=\"index, follow, max-snippet:-1, max-image-preview:large, max-video-preview:-1\" \/>\n<link rel=\"canonical\" href=\"https:\/\/experienciadevida.com.ar\/portalurbano\/miles-de-olavarrienses-disfrutan-de-sabores-del-mundo\/\" \/>\n<meta property=\"og:locale\" content=\"es_ES\" \/>\n<meta property=\"og:type\" content=\"article\" \/>\n<meta property=\"og:title\" content=\"Miles de Olavarrienses disfrutan de sabores del mundo\" \/>\n<meta property=\"og:description\" content=\"Miles de olavarrienses disfrutan de Sabores del Mundo, en el anochecer de este s\u00e1bado: la feria gastron\u00f3mica que est\u00e1 en el CCSJ\" \/>\n<meta property=\"og:url\" content=\"https:\/\/experienciadevida.com.ar\/portalurbano\/miles-de-olavarrienses-disfrutan-de-sabores-del-mundo\/\" \/>\n<meta property=\"article:publisher\" content=\"https:\/\/www.facebook.com\/Portal-Urbano-171542830093757\/\" \/>\n<meta property=\"article:published_time\" content=\"2022-05-08T00:23:03+00:00\" \/>\n<meta property=\"article:modified_time\" content=\"2022-05-08T00:37:13+00:00\" \/>\n<meta property=\"og:image\" content=\"https:\/\/experienciadevida.com.ar\/portalurbano\/wp-content\/uploads\/2022\/05\/Miles-de-olavarrienses-disfrutan.jpg\" \/>\n\t<meta property=\"og:image:width\" content=\"765\" \/>\n\t<meta property=\"og:image:height\" content=\"510\" \/>\n\t<meta property=\"og:image:type\" content=\"image\/jpeg\" \/>\n<meta name=\"author\" content=\"admpu17wp\" \/>\n<meta name=\"twitter:card\" content=\"summary_large_image\" \/>\n<meta name=\"twitter:creator\" content=\"@portalurbanook\" \/>\n<meta name=\"twitter:site\" content=\"@portalurbanook\" \/>\n<meta name=\"twitter:label1\" content=\"Escrito por\" \/>\n\t<meta name=\"twitter:data1\" content=\"admpu17wp\" \/>\n\t<meta name=\"twitter:label2\" content=\"Tiempo de lectura\" \/>\n\t<meta name=\"twitter:data2\" content=\"3 minutos\" \/>\n<script type=\"application\/ld+json\" class=\"yoast-schema-graph\">{\"@context\":\"https:\/\/schema.org\",\"@graph\":[{\"@type\":\"Article\",\"@id\":\"https:\/\/experienciadevida.com.ar\/portalurbano\/miles-de-olavarrienses-disfrutan-de-sabores-del-mundo\/#article\",\"isPartOf\":{\"@id\":\"https:\/\/experienciadevida.com.ar\/portalurbano\/miles-de-olavarrienses-disfrutan-de-sabores-del-mundo\/\"},\"author\":{\"name\":\"admpu17wp\",\"@id\":\"https:\/\/experienciadevida.com.ar\/portalurbano\/#\/schema\/person\/02dd326b1c4b056e9cc972486934a3a7\"},\"headline\":\"Miles de olavarrienses disfrutan de Sabores del Mundo\",\"datePublished\":\"2022-05-08T00:23:03+00:00\",\"dateModified\":\"2022-05-08T00:37:13+00:00\",\"mainEntityOfPage\":{\"@id\":\"https:\/\/experienciadevida.com.ar\/portalurbano\/miles-de-olavarrienses-disfrutan-de-sabores-del-mundo\/\"},\"wordCount\":267,\"publisher\":{\"@id\":\"https:\/\/experienciadevida.com.ar\/portalurbano\/#organization\"},\"articleSection\":[\"Ciudad\",\"Destacadas\"],\"inLanguage\":\"es\"},{\"@type\":\"WebPage\",\"@id\":\"https:\/\/experienciadevida.com.ar\/portalurbano\/miles-de-olavarrienses-disfrutan-de-sabores-del-mundo\/\",\"url\":\"https:\/\/experienciadevida.com.ar\/portalurbano\/miles-de-olavarrienses-disfrutan-de-sabores-del-mundo\/\",\"name\":\"Miles de Olavarrienses disfrutan de sabores del mundo\",\"isPartOf\":{\"@id\":\"https:\/\/experienciadevida.com.ar\/portalurbano\/#website\"},\"datePublished\":\"2022-05-08T00:23:03+00:00\",\"dateModified\":\"2022-05-08T00:37:13+00:00\",\"description\":\"Miles de olavarrienses disfrutan de Sabores del Mundo, en el anochecer de este s\u00e1bado: la feria gastron\u00f3mica que est\u00e1 en el CCSJ\",\"breadcrumb\":{\"@id\":\"https:\/\/experienciadevida.com.ar\/portalurbano\/miles-de-olavarrienses-disfrutan-de-sabores-del-mundo\/#breadcrumb\"},\"inLanguage\":\"es\",\"potentialAction\":[{\"@type\":\"ReadAction\",\"target\":[\"https:\/\/experienciadevida.com.ar\/portalurbano\/miles-de-olavarrienses-disfrutan-de-sabores-del-mundo\/\"]}]},{\"@type\":\"BreadcrumbList\",\"@id\":\"https:\/\/experienciadevida.com.ar\/portalurbano\/miles-de-olavarrienses-disfrutan-de-sabores-del-mundo\/#breadcrumb\",\"itemListElement\":[{\"@type\":\"ListItem\",\"position\":1,\"name\":\"Portada\",\"item\":\"https:\/\/experienciadevida.com.ar\/portalurbano\/\"},{\"@type\":\"ListItem\",\"position\":2,\"name\":\"Miles de olavarrienses disfrutan de Sabores del Mundo\"}]},{\"@type\":\"WebSite\",\"@id\":\"https:\/\/experienciadevida.com.ar\/portalurbano\/#website\",\"url\":\"https:\/\/experienciadevida.com.ar\/portalurbano\/\",\"name\":\"\",\"description\":\"\",\"publisher\":{\"@id\":\"https:\/\/experienciadevida.com.ar\/portalurbano\/#organization\"},\"potentialAction\":[{\"@type\":\"SearchAction\",\"target\":{\"@type\":\"EntryPoint\",\"urlTemplate\":\"https:\/\/experienciadevida.com.ar\/portalurbano\/?s={search_term_string}\"},\"query-input\":\"required name=search_term_string\"}],\"inLanguage\":\"es\"},{\"@type\":\"Organization\",\"@id\":\"https:\/\/experienciadevida.com.ar\/portalurbano\/#organization\",\"name\":\"Portal Urbano\",\"url\":\"https:\/\/experienciadevida.com.ar\/portalurbano\/\",\"logo\":{\"@type\":\"ImageObject\",\"inLanguage\":\"es\",\"@id\":\"https:\/\/experienciadevida.com.ar\/portalurbano\/#\/schema\/logo\/image\/\",\"url\":\"https:\/\/experienciadevida.com.ar\/portalurbano\/wp-content\/uploads\/2019\/09\/Logo-Original.png\",\"contentUrl\":\"https:\/\/experienciadevida.com.ar\/portalurbano\/wp-content\/uploads\/2019\/09\/Logo-Original.png\",\"width\":2236,\"height\":1216,\"caption\":\"Portal Urbano\"},\"image\":{\"@id\":\"https:\/\/experienciadevida.com.ar\/portalurbano\/#\/schema\/logo\/image\/\"},\"sameAs\":[\"https:\/\/www.facebook.com\/Portal-Urbano-171542830093757\/\",\"https:\/\/twitter.com\/portalurbanook\",\"https:\/\/www.instagram.com\/_portalurbano\/\",\"https:\/\/www.youtube.com\/channel\/UCXhagIfszH8KxFiOok79zbA?view_as=subscriber\"]},{\"@type\":\"Person\",\"@id\":\"https:\/\/experienciadevida.com.ar\/portalurbano\/#\/schema\/person\/02dd326b1c4b056e9cc972486934a3a7\",\"name\":\"admpu17wp\",\"image\":{\"@type\":\"ImageObject\",\"inLanguage\":\"es\",\"@id\":\"https:\/\/experienciadevida.com.ar\/portalurbano\/#\/schema\/person\/image\/\",\"url\":\"https:\/\/secure.gravatar.com\/avatar\/830d4c57adaae6630765e449a6908047?s=96&d=mm&r=g\",\"contentUrl\":\"https:\/\/secure.gravatar.com\/avatar\/830d4c57adaae6630765e449a6908047?s=96&d=mm&r=g\",\"caption\":\"admpu17wp\"}}]}<\/script>\n<!-- \/ Yoast SEO plugin. -->","yoast_head_json":{"title":"Miles de Olavarrienses disfrutan de sabores del mundo","description":"Miles de olavarrienses disfrutan de Sabores del Mundo, en el anochecer de este s\u00e1bado: la feria gastron\u00f3mica que est\u00e1 en el CCSJ","robots":{"index":"index","follow":"follow","max-snippet":"max-snippet:-1","max-image-preview":"max-image-preview:large","max-video-preview":"max-video-preview:-1"},"canonical":"https:\/\/experienciadevida.com.ar\/portalurbano\/miles-de-olavarrienses-disfrutan-de-sabores-del-mundo\/","og_locale":"es_ES","og_type":"article","og_title":"Miles de Olavarrienses disfrutan de sabores del mundo","og_description":"Miles de olavarrienses disfrutan de Sabores del Mundo, en el anochecer de este s\u00e1bado: la feria gastron\u00f3mica que est\u00e1 en el CCSJ","og_url":"https:\/\/experienciadevida.com.ar\/portalurbano\/miles-de-olavarrienses-disfrutan-de-sabores-del-mundo\/","article_publisher":"https:\/\/www.facebook.com\/Portal-Urbano-171542830093757\/","article_published_time":"2022-05-08T00:23:03+00:00","article_modified_time":"2022-05-08T00:37:13+00:00","og_image":[{"width":765,"height":510,"url":"https:\/\/experienciadevida.com.ar\/portalurbano\/wp-content\/uploads\/2022\/05\/Miles-de-olavarrienses-disfrutan.jpg","type":"image\/jpeg"}],"author":"admpu17wp","twitter_card":"summary_large_image","twitter_creator":"@portalurbanook","twitter_site":"@portalurbanook","twitter_misc":{"Escrito por":"admpu17wp","Tiempo de lectura":"3 minutos"},"schema":{"@context":"https:\/\/schema.org","@graph":[{"@type":"Article","@id":"https:\/\/experienciadevida.com.ar\/portalurbano\/miles-de-olavarrienses-disfrutan-de-sabores-del-mundo\/#article","isPartOf":{"@id":"https:\/\/experienciadevida.com.ar\/portalurbano\/miles-de-olavarrienses-disfrutan-de-sabores-del-mundo\/"},"author":{"name":"admpu17wp","@id":"https:\/\/experienciadevida.com.ar\/portalurbano\/#\/schema\/person\/02dd326b1c4b056e9cc972486934a3a7"},"headline":"Miles de olavarrienses disfrutan de Sabores del Mundo","datePublished":"2022-05-08T00:23:03+00:00","dateModified":"2022-05-08T00:37:13+00:00","mainEntityOfPage":{"@id":"https:\/\/experienciadevida.com.ar\/portalurbano\/miles-de-olavarrienses-disfrutan-de-sabores-del-mundo\/"},"wordCount":267,"publisher":{"@id":"https:\/\/experienciadevida.com.ar\/portalurbano\/#organization"},"articleSection":["Ciudad","Destacadas"],"inLanguage":"es"},{"@type":"WebPage","@id":"https:\/\/experienciadevida.com.ar\/portalurbano\/miles-de-olavarrienses-disfrutan-de-sabores-del-mundo\/","url":"https:\/\/experienciadevida.com.ar\/portalurbano\/miles-de-olavarrienses-disfrutan-de-sabores-del-mundo\/","name":"Miles de Olavarrienses disfrutan de sabores del mundo","isPartOf":{"@id":"https:\/\/experienciadevida.com.ar\/portalurbano\/#website"},"datePublished":"2022-05-08T00:23:03+00:00","dateModified":"2022-05-08T00:37:13+00:00","description":"Miles de olavarrienses disfrutan de Sabores del Mundo, en el anochecer de este s\u00e1bado: la feria gastron\u00f3mica que est\u00e1 en el CCSJ","breadcrumb":{"@id":"https:\/\/experienciadevida.com.ar\/portalurbano\/miles-de-olavarrienses-disfrutan-de-sabores-del-mundo\/#breadcrumb"},"inLanguage":"es","potentialAction":[{"@type":"ReadAction","target":["https:\/\/experienciadevida.com.ar\/portalurbano\/miles-de-olavarrienses-disfrutan-de-sabores-del-mundo\/"]}]},{"@type":"BreadcrumbList","@id":"https:\/\/experienciadevida.com.ar\/portalurbano\/miles-de-olavarrienses-disfrutan-de-sabores-del-mundo\/#breadcrumb","itemListElement":[{"@type":"ListItem","position":1,"name":"Portada","item":"https:\/\/experienciadevida.com.ar\/portalurbano\/"},{"@type":"ListItem","position":2,"name":"Miles de olavarrienses disfrutan de Sabores del Mundo"}]},{"@type":"WebSite","@id":"https:\/\/experienciadevida.com.ar\/portalurbano\/#website","url":"https:\/\/experienciadevida.com.ar\/portalurbano\/","name":"","description":"","publisher":{"@id":"https:\/\/experienciadevida.com.ar\/portalurbano\/#organization"},"potentialAction":[{"@type":"SearchAction","target":{"@type":"EntryPoint","urlTemplate":"https:\/\/experienciadevida.com.ar\/portalurbano\/?s={search_term_string}"},"query-input":"required name=search_term_string"}],"inLanguage":"es"},{"@type":"Organization","@id":"https:\/\/experienciadevida.com.ar\/portalurbano\/#organization","name":"Portal Urbano","url":"https:\/\/experienciadevida.com.ar\/portalurbano\/","logo":{"@type":"ImageObject","inLanguage":"es","@id":"https:\/\/experienciadevida.com.ar\/portalurbano\/#\/schema\/logo\/image\/","url":"https:\/\/experienciadevida.com.ar\/portalurbano\/wp-content\/uploads\/2019\/09\/Logo-Original.png","contentUrl":"https:\/\/experienciadevida.com.ar\/portalurbano\/wp-content\/uploads\/2019\/09\/Logo-Original.png","width":2236,"height":1216,"caption":"Portal Urbano"},"image":{"@id":"https:\/\/experienciadevida.com.ar\/portalurbano\/#\/schema\/logo\/image\/"},"sameAs":["https:\/\/www.facebook.com\/Portal-Urbano-171542830093757\/","https:\/\/twitter.com\/portalurbanook","https:\/\/www.instagram.com\/_portalurbano\/","https:\/\/www.youtube.com\/channel\/UCXhagIfszH8KxFiOok79zbA?view_as=subscriber"]},{"@type":"Person","@id":"https:\/\/experienciadevida.com.ar\/portalurbano\/#\/schema\/person\/02dd326b1c4b056e9cc972486934a3a7","name":"admpu17wp","image":{"@type":"ImageObject","inLanguage":"es","@id":"https:\/\/experienciadevida.com.ar\/portalurbano\/#\/schema\/person\/image\/","url":"https:\/\/secure.gravatar.com\/avatar\/830d4c57adaae6630765e449a6908047?s=96&d=mm&r=g","contentUrl":"https:\/\/secure.gravatar.com\/avatar\/830d4c57adaae6630765e449a6908047?s=96&d=mm&r=g","caption":"admpu17wp"}}]}},"featured_image_urls":{"full":["https:\/\/experienciadevida.com.ar\/portalurbano\/wp-content\/uploads\/2022\/05\/Miles-de-olavarrienses-disfrutan.jpg",765,510,false],"thumbnail":["https:\/\/experienciadevida.com.ar\/portalurbano\/wp-content\/uploads\/2022\/05\/Miles-de-olavarrienses-disfrutan-150x150.jpg",150,150,true],"medium":["https:\/\/experienciadevida.com.ar\/portalurbano\/wp-content\/uploads\/2022\/05\/Miles-de-olavarrienses-disfrutan-300x200.jpg",300,200,true],"medium_large":["https:\/\/experienciadevida.com.ar\/portalurbano\/wp-content\/uploads\/2022\/05\/Miles-de-olavarrienses-disfrutan.jpg",640,427,false],"large":["https:\/\/experienciadevida.com.ar\/portalurbano\/wp-content\/uploads\/2022\/05\/Miles-de-olavarrienses-disfrutan.jpg",640,427,false],"ug_big":["https:\/\/experienciadevida.com.ar\/portalurbano\/wp-content\/uploads\/2022\/05\/Miles-de-olavarrienses-disfrutan.jpg",765,510,false],"1536x1536":["https:\/\/experienciadevida.com.ar\/portalurbano\/wp-content\/uploads\/2022\/05\/Miles-de-olavarrienses-disfrutan.jpg",765,510,false],"2048x2048":["https:\/\/experienciadevida.com.ar\/portalurbano\/wp-content\/uploads\/2022\/05\/Miles-de-olavarrienses-disfrutan.jpg",765,510,false],"newsever-slider-full":["https:\/\/experienciadevida.com.ar\/portalurbano\/wp-content\/uploads\/2022\/05\/Miles-de-olavarrienses-disfrutan.jpg",765,510,false],"newsever-featured":["https:\/\/experienciadevida.com.ar\/portalurbano\/wp-content\/uploads\/2022\/05\/Miles-de-olavarrienses-disfrutan.jpg",765,510,false],"newsever-medium":["https:\/\/experienciadevida.com.ar\/portalurbano\/wp-content\/uploads\/2022\/05\/Miles-de-olavarrienses-disfrutan.jpg",713,475,false],"web-stories-poster-portrait":["https:\/\/experienciadevida.com.ar\/portalurbano\/wp-content\/uploads\/2022\/05\/Miles-de-olavarrienses-disfrutan.jpg",640,427,false],"web-stories-publisher-logo":["https:\/\/experienciadevida.com.ar\/portalurbano\/wp-content\/uploads\/2022\/05\/Miles-de-olavarrienses-disfrutan.jpg",96,64,false],"web-stories-thumbnail":["https:\/\/experienciadevida.com.ar\/portalurbano\/wp-content\/uploads\/2022\/05\/Miles-de-olavarrienses-disfrutan.jpg",150,100,false]},"author_info":{"display_name":"admpu17wp","author_link":"https:\/\/experienciadevida.com.ar\/portalurbano\/author\/admpu17wp\/"},"category_info":"<a href=\"https:\/\/experienciadevida.com.ar\/portalurbano\/category\/ciudad\/\" rel=\"category tag\">Ciudad<\/a> <a href=\"https:\/\/experienciadevida.com.ar\/portalurbano\/category\/destacadas\/\" rel=\"category tag\">Destacadas<\/a>","tag_info":"Destacadas","comment_count":"0","amp_enabled":true,"_links":{"self":[{"href":"https:\/\/experienciadevida.com.ar\/portalurbano\/wp-json\/wp\/v2\/posts\/167300"}],"collection":[{"href":"https:\/\/experienciadevida.com.ar\/portalurbano\/wp-json\/wp\/v2\/posts"}],"about":[{"href":"https:\/\/experienciadevida.com.ar\/portalurbano\/wp-json\/wp\/v2\/types\/post"}],"author":[{"embeddable":true,"href":"https:\/\/experienciadevida.com.ar\/portalurbano\/wp-json\/wp\/v2\/users\/1"}],"replies":[{"embeddable":true,"href":"https:\/\/experienciadevida.com.ar\/portalurbano\/wp-json\/wp\/v2\/comments?post=167300"}],"version-history":[{"count":5,"href":"https:\/\/experienciadevida.com.ar\/portalurbano\/wp-json\/wp\/v2\/posts\/167300\/revisions"}],"predecessor-version":[{"id":167316,"href":"https:\/\/experienciadevida.com.ar\/portalurbano\/wp-json\/wp\/v2\/posts\/167300\/revisions\/167316"}],"wp:featuredmedia":[{"embeddable":true,"href":"https:\/\/experienciadevida.com.ar\/portalurbano\/wp-json\/wp\/v2\/media\/167301"}],"wp:attachment":[{"href":"https:\/\/experienciadevida.com.ar\/portalurbano\/wp-json\/wp\/v2\/media?parent=167300"}],"wp:term":[{"taxonomy":"category","embeddable":true,"href":"https:\/\/experienciadevida.com.ar\/portalurbano\/wp-json\/wp\/v2\/categories?post=167300"},{"taxonomy":"post_tag","embeddable":true,"href":"https:\/\/experienciadevida.com.ar\/portalurbano\/wp-json\/wp\/v2\/tags?post=167300"}],"curies":[{"name":"wp","href":"https:\/\/api.w.org\/{rel}","templated":true}]}}