{"id":167287,"date":"2022-05-07T18:03:44","date_gmt":"2022-05-07T21:03:44","guid":{"rendered":"https:\/\/experienciadevida.com.ar\/portalurbano\/?p=167287"},"modified":"2022-05-07T18:08:21","modified_gmt":"2022-05-07T21:08:21","slug":"se-realizo-la-marcha-por-la-marihuana-con-el-lema-basta-de-presos-por-una-planta-no-mas-presos-por-plantar","status":"publish","type":"post","link":"https:\/\/experienciadevida.com.ar\/portalurbano\/se-realizo-la-marcha-por-la-marihuana-con-el-lema-basta-de-presos-por-una-planta-no-mas-presos-por-plantar\/","title":{"rendered":"Se realiz\u00f3 la marcha por la marihuana con el lema &#8220;basta de presos por una planta&#8221; &#8220;no m\u00e1s presos por plantar&#8221;"},"content":{"rendered":"<p>Se realiz\u00f3 la marcha por la marihuana con el lema &#8220;basta de presos por una planta&#8221; &#8220;no m\u00e1s presos por plantar&#8221;, la convocatoria tuvo lugar en el Paseo Jes\u00fas Mend\u00eda este s\u00e1bado alrededor de las 16hs. Emilio Hurtado de Cannabis Medicinal y Manuela Cos Secretaria de la Mesa dialogaron con los medios de comunicaci\u00f3n presentes.<\/p>\n<p>Emilio Hurtado dijo &#8220;hay m\u00e1s gente que se va a animar a acercarse, la gente no est\u00e1 tan asustada como a\u00f1os anteriores. Es una realidad que existe pero muchas veces no se ve&#8221;.<\/p>\n<p>Luego <a href=\"https:\/\/www.facebook.com\/ManuelaMaribelCos\">Manuela Cos<\/a> dijo &#8220;es a nivel mundial y piden por la regulaci\u00f3n hubo un avance enorme pero nos falta mucho desde la derogaci\u00f3n de la ley. Hay una gran contrariedad, un escenario complejo, tenemos el punto de la producci\u00f3n y poder avanzar en el trabajo del cannabis para un acceso soberano y m\u00e1s seguro&#8221;.<\/p>\n<p>&#8220;En nuestra ciudad son muchas las personas que lo est\u00e1n usando la demanda es mucha. Hay que recuperar y reconocer el trabajo de los cultivadores\u00a0 y de quienes solidariamente est\u00e1n sosteniendo esa demanda&#8221;.<\/p>\n<p>Por otro lado coment\u00f3 &#8220;es imposible pensar la demanda del cannabis sin trabajarlo interdisciplinariamente, con la mesa tratamos de articular todos los sectores como el de la salud, ciencia, educaci\u00f3n, universidad. El primer desaf\u00edo de la mesa fue dialogar con todos los sectores incluyendo el Ejecutivo&#8221;.<\/p>\n<p>Para finalizar Hurtado expres\u00f3 &#8220;de a poco se van abriendo un mont\u00f3n de cuestiones que hay que trabajar, tambi\u00e9n de hasta c\u00f3mo se tratan las noticias respecto los allanamientos y las aprehensiones por eso queremos que el cambio de la ley de droga que penaliza la tenencia&#8221;.<\/p>\n<p>Posteriormente se movilizaron por las calles c\u00e9ntricas de nuestra ciudad.<\/p>\n<p><a href=\"https:\/\/experienciadevida.com.ar\/portalurbano\/se-realizo-la-marcha-por-la-marihuana-con-el-lema-basta-de-presos-por-una-planta-no-mas-presos-por-plantar\/se-8\/\" rel=\"attachment wp-att-167292\"><img decoding=\"async\" class=\"alignnone size-full wp-image-167292\" src=\"https:\/\/experienciadevida.com.ar\/portalurbano\/wp-content\/uploads\/2022\/05\/Se-1.jpg\" alt=\"Se \" width=\"765\" height=\"510\" srcset=\"https:\/\/experienciadevida.com.ar\/portalurbano\/wp-content\/uploads\/2022\/05\/Se-1.jpg 765w, https:\/\/experienciadevida.com.ar\/portalurbano\/wp-content\/uploads\/2022\/05\/Se-1-300x200.jpg 300w\" sizes=\"(max-width: 765px) 100vw, 765px\" \/><\/a><\/p>\n<p><a href=\"https:\/\/experienciadevida.com.ar\/portalurbano\/se-realizo-la-marcha-por-la-marihuana-con-el-lema-basta-de-presos-por-una-planta-no-mas-presos-por-plantar\/realizo-6\/\" rel=\"attachment wp-att-167294\"><img decoding=\"async\" class=\"alignnone size-full wp-image-167294\" src=\"https:\/\/experienciadevida.com.ar\/portalurbano\/wp-content\/uploads\/2022\/05\/realizo-1.jpg\" alt=\"realiz\u00f3 \" width=\"765\" height=\"510\" srcset=\"https:\/\/experienciadevida.com.ar\/portalurbano\/wp-content\/uploads\/2022\/05\/realizo-1.jpg 765w, https:\/\/experienciadevida.com.ar\/portalurbano\/wp-content\/uploads\/2022\/05\/realizo-1-300x200.jpg 300w\" sizes=\"(max-width: 765px) 100vw, 765px\" \/><\/a><\/p>\n","protected":false},"excerpt":{"rendered":"<p>Se realiz\u00f3 la marcha por la marihuana con el lema &#8220;basta de presos por una&#8230;<\/p>\n","protected":false},"author":1,"featured_media":167289,"comment_status":"closed","ping_status":"closed","sticky":false,"template":"","format":"standard","meta":{"content-type":""},"categories":[27,51],"tags":[],"nelio_content":{"isAutoShareEnabled":false,"autoShareEndMode":"default","automationSources":{"useContentSentences":true,"useSocialTemplates":true,"useCustomSentences":false,"customSentences":[]},"followers":[1],"suggestedReferences":[],"includedReferences":[],"efiUrl":"","efiAlt":"","highlights":[]},"yoast_head":"<!-- This site is optimized with the Yoast SEO plugin v20.7 - https:\/\/yoast.com\/wordpress\/plugins\/seo\/ -->\n<title>Se realiz\u00f3 la marcha por la marihuana con lemas<\/title>\n<meta name=\"description\" content=\"Se realiz\u00f3 la marcha por la marihuana con el lema &quot;basta de presos por una planta&quot; &quot;no m\u00e1s presos por plantar&quot;, en el Paseo Jes\u00fas Mend\u00eda\" \/>\n<meta name=\"robots\" content=\"index, follow, max-snippet:-1, max-image-preview:large, max-video-preview:-1\" \/>\n<link rel=\"canonical\" href=\"https:\/\/experienciadevida.com.ar\/portalurbano\/se-realizo-la-marcha-por-la-marihuana-con-el-lema-basta-de-presos-por-una-planta-no-mas-presos-por-plantar\/\" \/>\n<meta property=\"og:locale\" content=\"es_ES\" \/>\n<meta property=\"og:type\" content=\"article\" \/>\n<meta property=\"og:title\" content=\"Se realiz\u00f3 la marcha por la marihuana con lemas\" \/>\n<meta property=\"og:description\" content=\"Se realiz\u00f3 la marcha por la marihuana con el lema &quot;basta de presos por una planta&quot; &quot;no m\u00e1s presos por plantar&quot;, en el Paseo Jes\u00fas Mend\u00eda\" \/>\n<meta property=\"og:url\" content=\"https:\/\/experienciadevida.com.ar\/portalurbano\/se-realizo-la-marcha-por-la-marihuana-con-el-lema-basta-de-presos-por-una-planta-no-mas-presos-por-plantar\/\" \/>\n<meta property=\"article:publisher\" content=\"https:\/\/www.facebook.com\/Portal-Urbano-171542830093757\/\" \/>\n<meta property=\"article:published_time\" content=\"2022-05-07T21:03:44+00:00\" \/>\n<meta property=\"article:modified_time\" content=\"2022-05-07T21:08:21+00:00\" \/>\n<meta property=\"og:image\" content=\"https:\/\/experienciadevida.com.ar\/portalurbano\/wp-content\/uploads\/2022\/05\/Se-realizo-la-marcha.jpg\" \/>\n\t<meta property=\"og:image:width\" content=\"765\" \/>\n\t<meta property=\"og:image:height\" content=\"510\" \/>\n\t<meta property=\"og:image:type\" content=\"image\/jpeg\" \/>\n<meta name=\"author\" content=\"admpu17wp\" \/>\n<meta name=\"twitter:card\" content=\"summary_large_image\" \/>\n<meta name=\"twitter:creator\" content=\"@portalurbanook\" \/>\n<meta name=\"twitter:site\" content=\"@portalurbanook\" \/>\n<meta name=\"twitter:label1\" content=\"Escrito por\" \/>\n\t<meta name=\"twitter:data1\" content=\"admpu17wp\" \/>\n\t<meta name=\"twitter:label2\" content=\"Tiempo de lectura\" \/>\n\t<meta name=\"twitter:data2\" content=\"2 minutos\" \/>\n<script type=\"application\/ld+json\" class=\"yoast-schema-graph\">{\"@context\":\"https:\/\/schema.org\",\"@graph\":[{\"@type\":\"Article\",\"@id\":\"https:\/\/experienciadevida.com.ar\/portalurbano\/se-realizo-la-marcha-por-la-marihuana-con-el-lema-basta-de-presos-por-una-planta-no-mas-presos-por-plantar\/#article\",\"isPartOf\":{\"@id\":\"https:\/\/experienciadevida.com.ar\/portalurbano\/se-realizo-la-marcha-por-la-marihuana-con-el-lema-basta-de-presos-por-una-planta-no-mas-presos-por-plantar\/\"},\"author\":{\"name\":\"admpu17wp\",\"@id\":\"https:\/\/experienciadevida.com.ar\/portalurbano\/#\/schema\/person\/02dd326b1c4b056e9cc972486934a3a7\"},\"headline\":\"Se realiz\u00f3 la marcha por la marihuana con el lema &#8220;basta de presos por una planta&#8221; &#8220;no m\u00e1s presos por plantar&#8221;\",\"datePublished\":\"2022-05-07T21:03:44+00:00\",\"dateModified\":\"2022-05-07T21:08:21+00:00\",\"mainEntityOfPage\":{\"@id\":\"https:\/\/experienciadevida.com.ar\/portalurbano\/se-realizo-la-marcha-por-la-marihuana-con-el-lema-basta-de-presos-por-una-planta-no-mas-presos-por-plantar\/\"},\"wordCount\":320,\"publisher\":{\"@id\":\"https:\/\/experienciadevida.com.ar\/portalurbano\/#organization\"},\"articleSection\":[\"Ciudad\",\"Destacadas\"],\"inLanguage\":\"es\"},{\"@type\":\"WebPage\",\"@id\":\"https:\/\/experienciadevida.com.ar\/portalurbano\/se-realizo-la-marcha-por-la-marihuana-con-el-lema-basta-de-presos-por-una-planta-no-mas-presos-por-plantar\/\",\"url\":\"https:\/\/experienciadevida.com.ar\/portalurbano\/se-realizo-la-marcha-por-la-marihuana-con-el-lema-basta-de-presos-por-una-planta-no-mas-presos-por-plantar\/\",\"name\":\"Se realiz\u00f3 la marcha por la marihuana con lemas\",\"isPartOf\":{\"@id\":\"https:\/\/experienciadevida.com.ar\/portalurbano\/#website\"},\"datePublished\":\"2022-05-07T21:03:44+00:00\",\"dateModified\":\"2022-05-07T21:08:21+00:00\",\"description\":\"Se realiz\u00f3 la marcha por la marihuana con el lema \\\"basta de presos por una planta\\\" \\\"no m\u00e1s presos por plantar\\\", en el Paseo Jes\u00fas Mend\u00eda\",\"breadcrumb\":{\"@id\":\"https:\/\/experienciadevida.com.ar\/portalurbano\/se-realizo-la-marcha-por-la-marihuana-con-el-lema-basta-de-presos-por-una-planta-no-mas-presos-por-plantar\/#breadcrumb\"},\"inLanguage\":\"es\",\"potentialAction\":[{\"@type\":\"ReadAction\",\"target\":[\"https:\/\/experienciadevida.com.ar\/portalurbano\/se-realizo-la-marcha-por-la-marihuana-con-el-lema-basta-de-presos-por-una-planta-no-mas-presos-por-plantar\/\"]}]},{\"@type\":\"BreadcrumbList\",\"@id\":\"https:\/\/experienciadevida.com.ar\/portalurbano\/se-realizo-la-marcha-por-la-marihuana-con-el-lema-basta-de-presos-por-una-planta-no-mas-presos-por-plantar\/#breadcrumb\",\"itemListElement\":[{\"@type\":\"ListItem\",\"position\":1,\"name\":\"Portada\",\"item\":\"https:\/\/experienciadevida.com.ar\/portalurbano\/\"},{\"@type\":\"ListItem\",\"position\":2,\"name\":\"Se realiz\u00f3 la marcha por la marihuana con el lema \u00abbasta de presos por una planta\u00bb \u00abno m\u00e1s presos por plantar\u00bb\"}]},{\"@type\":\"WebSite\",\"@id\":\"https:\/\/experienciadevida.com.ar\/portalurbano\/#website\",\"url\":\"https:\/\/experienciadevida.com.ar\/portalurbano\/\",\"name\":\"\",\"description\":\"\",\"publisher\":{\"@id\":\"https:\/\/experienciadevida.com.ar\/portalurbano\/#organization\"},\"potentialAction\":[{\"@type\":\"SearchAction\",\"target\":{\"@type\":\"EntryPoint\",\"urlTemplate\":\"https:\/\/experienciadevida.com.ar\/portalurbano\/?s={search_term_string}\"},\"query-input\":\"required name=search_term_string\"}],\"inLanguage\":\"es\"},{\"@type\":\"Organization\",\"@id\":\"https:\/\/experienciadevida.com.ar\/portalurbano\/#organization\",\"name\":\"Portal Urbano\",\"url\":\"https:\/\/experienciadevida.com.ar\/portalurbano\/\",\"logo\":{\"@type\":\"ImageObject\",\"inLanguage\":\"es\",\"@id\":\"https:\/\/experienciadevida.com.ar\/portalurbano\/#\/schema\/logo\/image\/\",\"url\":\"https:\/\/experienciadevida.com.ar\/portalurbano\/wp-content\/uploads\/2019\/09\/Logo-Original.png\",\"contentUrl\":\"https:\/\/experienciadevida.com.ar\/portalurbano\/wp-content\/uploads\/2019\/09\/Logo-Original.png\",\"width\":2236,\"height\":1216,\"caption\":\"Portal Urbano\"},\"image\":{\"@id\":\"https:\/\/experienciadevida.com.ar\/portalurbano\/#\/schema\/logo\/image\/\"},\"sameAs\":[\"https:\/\/www.facebook.com\/Portal-Urbano-171542830093757\/\",\"https:\/\/twitter.com\/portalurbanook\",\"https:\/\/www.instagram.com\/_portalurbano\/\",\"https:\/\/www.youtube.com\/channel\/UCXhagIfszH8KxFiOok79zbA?view_as=subscriber\"]},{\"@type\":\"Person\",\"@id\":\"https:\/\/experienciadevida.com.ar\/portalurbano\/#\/schema\/person\/02dd326b1c4b056e9cc972486934a3a7\",\"name\":\"admpu17wp\",\"image\":{\"@type\":\"ImageObject\",\"inLanguage\":\"es\",\"@id\":\"https:\/\/experienciadevida.com.ar\/portalurbano\/#\/schema\/person\/image\/\",\"url\":\"https:\/\/secure.gravatar.com\/avatar\/830d4c57adaae6630765e449a6908047?s=96&d=mm&r=g\",\"contentUrl\":\"https:\/\/secure.gravatar.com\/avatar\/830d4c57adaae6630765e449a6908047?s=96&d=mm&r=g\",\"caption\":\"admpu17wp\"}}]}<\/script>\n<!-- \/ Yoast SEO plugin. -->","yoast_head_json":{"title":"Se realiz\u00f3 la marcha por la marihuana con lemas","description":"Se realiz\u00f3 la marcha por la marihuana con el lema \"basta de presos por una planta\" \"no m\u00e1s presos por plantar\", en el Paseo Jes\u00fas Mend\u00eda","robots":{"index":"index","follow":"follow","max-snippet":"max-snippet:-1","max-image-preview":"max-image-preview:large","max-video-preview":"max-video-preview:-1"},"canonical":"https:\/\/experienciadevida.com.ar\/portalurbano\/se-realizo-la-marcha-por-la-marihuana-con-el-lema-basta-de-presos-por-una-planta-no-mas-presos-por-plantar\/","og_locale":"es_ES","og_type":"article","og_title":"Se realiz\u00f3 la marcha por la marihuana con lemas","og_description":"Se realiz\u00f3 la marcha por la marihuana con el lema \"basta de presos por una planta\" \"no m\u00e1s presos por plantar\", en el Paseo Jes\u00fas Mend\u00eda","og_url":"https:\/\/experienciadevida.com.ar\/portalurbano\/se-realizo-la-marcha-por-la-marihuana-con-el-lema-basta-de-presos-por-una-planta-no-mas-presos-por-plantar\/","article_publisher":"https:\/\/www.facebook.com\/Portal-Urbano-171542830093757\/","article_published_time":"2022-05-07T21:03:44+00:00","article_modified_time":"2022-05-07T21:08:21+00:00","og_image":[{"width":765,"height":510,"url":"https:\/\/experienciadevida.com.ar\/portalurbano\/wp-content\/uploads\/2022\/05\/Se-realizo-la-marcha.jpg","type":"image\/jpeg"}],"author":"admpu17wp","twitter_card":"summary_large_image","twitter_creator":"@portalurbanook","twitter_site":"@portalurbanook","twitter_misc":{"Escrito por":"admpu17wp","Tiempo de lectura":"2 minutos"},"schema":{"@context":"https:\/\/schema.org","@graph":[{"@type":"Article","@id":"https:\/\/experienciadevida.com.ar\/portalurbano\/se-realizo-la-marcha-por-la-marihuana-con-el-lema-basta-de-presos-por-una-planta-no-mas-presos-por-plantar\/#article","isPartOf":{"@id":"https:\/\/experienciadevida.com.ar\/portalurbano\/se-realizo-la-marcha-por-la-marihuana-con-el-lema-basta-de-presos-por-una-planta-no-mas-presos-por-plantar\/"},"author":{"name":"admpu17wp","@id":"https:\/\/experienciadevida.com.ar\/portalurbano\/#\/schema\/person\/02dd326b1c4b056e9cc972486934a3a7"},"headline":"Se realiz\u00f3 la marcha por la marihuana con el lema &#8220;basta de presos por una planta&#8221; &#8220;no m\u00e1s presos por plantar&#8221;","datePublished":"2022-05-07T21:03:44+00:00","dateModified":"2022-05-07T21:08:21+00:00","mainEntityOfPage":{"@id":"https:\/\/experienciadevida.com.ar\/portalurbano\/se-realizo-la-marcha-por-la-marihuana-con-el-lema-basta-de-presos-por-una-planta-no-mas-presos-por-plantar\/"},"wordCount":320,"publisher":{"@id":"https:\/\/experienciadevida.com.ar\/portalurbano\/#organization"},"articleSection":["Ciudad","Destacadas"],"inLanguage":"es"},{"@type":"WebPage","@id":"https:\/\/experienciadevida.com.ar\/portalurbano\/se-realizo-la-marcha-por-la-marihuana-con-el-lema-basta-de-presos-por-una-planta-no-mas-presos-por-plantar\/","url":"https:\/\/experienciadevida.com.ar\/portalurbano\/se-realizo-la-marcha-por-la-marihuana-con-el-lema-basta-de-presos-por-una-planta-no-mas-presos-por-plantar\/","name":"Se realiz\u00f3 la marcha por la marihuana con lemas","isPartOf":{"@id":"https:\/\/experienciadevida.com.ar\/portalurbano\/#website"},"datePublished":"2022-05-07T21:03:44+00:00","dateModified":"2022-05-07T21:08:21+00:00","description":"Se realiz\u00f3 la marcha por la marihuana con el lema \"basta de presos por una planta\" \"no m\u00e1s presos por plantar\", en el Paseo Jes\u00fas Mend\u00eda","breadcrumb":{"@id":"https:\/\/experienciadevida.com.ar\/portalurbano\/se-realizo-la-marcha-por-la-marihuana-con-el-lema-basta-de-presos-por-una-planta-no-mas-presos-por-plantar\/#breadcrumb"},"inLanguage":"es","potentialAction":[{"@type":"ReadAction","target":["https:\/\/experienciadevida.com.ar\/portalurbano\/se-realizo-la-marcha-por-la-marihuana-con-el-lema-basta-de-presos-por-una-planta-no-mas-presos-por-plantar\/"]}]},{"@type":"BreadcrumbList","@id":"https:\/\/experienciadevida.com.ar\/portalurbano\/se-realizo-la-marcha-por-la-marihuana-con-el-lema-basta-de-presos-por-una-planta-no-mas-presos-por-plantar\/#breadcrumb","itemListElement":[{"@type":"ListItem","position":1,"name":"Portada","item":"https:\/\/experienciadevida.com.ar\/portalurbano\/"},{"@type":"ListItem","position":2,"name":"Se realiz\u00f3 la marcha por la marihuana con el lema \u00abbasta de presos por una planta\u00bb \u00abno m\u00e1s presos por plantar\u00bb"}]},{"@type":"WebSite","@id":"https:\/\/experienciadevida.com.ar\/portalurbano\/#website","url":"https:\/\/experienciadevida.com.ar\/portalurbano\/","name":"","description":"","publisher":{"@id":"https:\/\/experienciadevida.com.ar\/portalurbano\/#organization"},"potentialAction":[{"@type":"SearchAction","target":{"@type":"EntryPoint","urlTemplate":"https:\/\/experienciadevida.com.ar\/portalurbano\/?s={search_term_string}"},"query-input":"required name=search_term_string"}],"inLanguage":"es"},{"@type":"Organization","@id":"https:\/\/experienciadevida.com.ar\/portalurbano\/#organization","name":"Portal Urbano","url":"https:\/\/experienciadevida.com.ar\/portalurbano\/","logo":{"@type":"ImageObject","inLanguage":"es","@id":"https:\/\/experienciadevida.com.ar\/portalurbano\/#\/schema\/logo\/image\/","url":"https:\/\/experienciadevida.com.ar\/portalurbano\/wp-content\/uploads\/2019\/09\/Logo-Original.png","contentUrl":"https:\/\/experienciadevida.com.ar\/portalurbano\/wp-content\/uploads\/2019\/09\/Logo-Original.png","width":2236,"height":1216,"caption":"Portal Urbano"},"image":{"@id":"https:\/\/experienciadevida.com.ar\/portalurbano\/#\/schema\/logo\/image\/"},"sameAs":["https:\/\/www.facebook.com\/Portal-Urbano-171542830093757\/","https:\/\/twitter.com\/portalurbanook","https:\/\/www.instagram.com\/_portalurbano\/","https:\/\/www.youtube.com\/channel\/UCXhagIfszH8KxFiOok79zbA?view_as=subscriber"]},{"@type":"Person","@id":"https:\/\/experienciadevida.com.ar\/portalurbano\/#\/schema\/person\/02dd326b1c4b056e9cc972486934a3a7","name":"admpu17wp","image":{"@type":"ImageObject","inLanguage":"es","@id":"https:\/\/experienciadevida.com.ar\/portalurbano\/#\/schema\/person\/image\/","url":"https:\/\/secure.gravatar.com\/avatar\/830d4c57adaae6630765e449a6908047?s=96&d=mm&r=g","contentUrl":"https:\/\/secure.gravatar.com\/avatar\/830d4c57adaae6630765e449a6908047?s=96&d=mm&r=g","caption":"admpu17wp"}}]}},"featured_image_urls":{"full":["https:\/\/experienciadevida.com.ar\/portalurbano\/wp-content\/uploads\/2022\/05\/Se-realizo-la-marcha.jpg",765,510,false],"thumbnail":["https:\/\/experienciadevida.com.ar\/portalurbano\/wp-content\/uploads\/2022\/05\/Se-realizo-la-marcha-150x150.jpg",150,150,true],"medium":["https:\/\/experienciadevida.com.ar\/portalurbano\/wp-content\/uploads\/2022\/05\/Se-realizo-la-marcha-300x200.jpg",300,200,true],"medium_large":["https:\/\/experienciadevida.com.ar\/portalurbano\/wp-content\/uploads\/2022\/05\/Se-realizo-la-marcha.jpg",640,427,false],"large":["https:\/\/experienciadevida.com.ar\/portalurbano\/wp-content\/uploads\/2022\/05\/Se-realizo-la-marcha.jpg",640,427,false],"ug_big":["https:\/\/experienciadevida.com.ar\/portalurbano\/wp-content\/uploads\/2022\/05\/Se-realizo-la-marcha.jpg",765,510,false],"1536x1536":["https:\/\/experienciadevida.com.ar\/portalurbano\/wp-content\/uploads\/2022\/05\/Se-realizo-la-marcha.jpg",765,510,false],"2048x2048":["https:\/\/experienciadevida.com.ar\/portalurbano\/wp-content\/uploads\/2022\/05\/Se-realizo-la-marcha.jpg",765,510,false],"newsever-slider-full":["https:\/\/experienciadevida.com.ar\/portalurbano\/wp-content\/uploads\/2022\/05\/Se-realizo-la-marcha.jpg",765,510,false],"newsever-featured":["https:\/\/experienciadevida.com.ar\/portalurbano\/wp-content\/uploads\/2022\/05\/Se-realizo-la-marcha.jpg",765,510,false],"newsever-medium":["https:\/\/experienciadevida.com.ar\/portalurbano\/wp-content\/uploads\/2022\/05\/Se-realizo-la-marcha.jpg",713,475,false],"web-stories-poster-portrait":["https:\/\/experienciadevida.com.ar\/portalurbano\/wp-content\/uploads\/2022\/05\/Se-realizo-la-marcha.jpg",640,427,false],"web-stories-publisher-logo":["https:\/\/experienciadevida.com.ar\/portalurbano\/wp-content\/uploads\/2022\/05\/Se-realizo-la-marcha.jpg",96,64,false],"web-stories-thumbnail":["https:\/\/experienciadevida.com.ar\/portalurbano\/wp-content\/uploads\/2022\/05\/Se-realizo-la-marcha.jpg",150,100,false]},"author_info":{"display_name":"admpu17wp","author_link":"https:\/\/experienciadevida.com.ar\/portalurbano\/author\/admpu17wp\/"},"category_info":"<a href=\"https:\/\/experienciadevida.com.ar\/portalurbano\/category\/ciudad\/\" rel=\"category tag\">Ciudad<\/a> <a href=\"https:\/\/experienciadevida.com.ar\/portalurbano\/category\/destacadas\/\" rel=\"category tag\">Destacadas<\/a>","tag_info":"Destacadas","comment_count":"0","amp_enabled":true,"_links":{"self":[{"href":"https:\/\/experienciadevida.com.ar\/portalurbano\/wp-json\/wp\/v2\/posts\/167287"}],"collection":[{"href":"https:\/\/experienciadevida.com.ar\/portalurbano\/wp-json\/wp\/v2\/posts"}],"about":[{"href":"https:\/\/experienciadevida.com.ar\/portalurbano\/wp-json\/wp\/v2\/types\/post"}],"author":[{"embeddable":true,"href":"https:\/\/experienciadevida.com.ar\/portalurbano\/wp-json\/wp\/v2\/users\/1"}],"replies":[{"embeddable":true,"href":"https:\/\/experienciadevida.com.ar\/portalurbano\/wp-json\/wp\/v2\/comments?post=167287"}],"version-history":[{"count":5,"href":"https:\/\/experienciadevida.com.ar\/portalurbano\/wp-json\/wp\/v2\/posts\/167287\/revisions"}],"predecessor-version":[{"id":167295,"href":"https:\/\/experienciadevida.com.ar\/portalurbano\/wp-json\/wp\/v2\/posts\/167287\/revisions\/167295"}],"wp:featuredmedia":[{"embeddable":true,"href":"https:\/\/experienciadevida.com.ar\/portalurbano\/wp-json\/wp\/v2\/media\/167289"}],"wp:attachment":[{"href":"https:\/\/experienciadevida.com.ar\/portalurbano\/wp-json\/wp\/v2\/media?parent=167287"}],"wp:term":[{"taxonomy":"category","embeddable":true,"href":"https:\/\/experienciadevida.com.ar\/portalurbano\/wp-json\/wp\/v2\/categories?post=167287"},{"taxonomy":"post_tag","embeddable":true,"href":"https:\/\/experienciadevida.com.ar\/portalurbano\/wp-json\/wp\/v2\/tags?post=167287"}],"curies":[{"name":"wp","href":"https:\/\/api.w.org\/{rel}","templated":true}]}}