{"id":167262,"date":"2022-05-07T12:48:46","date_gmt":"2022-05-07T15:48:46","guid":{"rendered":"https:\/\/experienciadevida.com.ar\/portalurbano\/?p=167262"},"modified":"2022-05-07T12:50:07","modified_gmt":"2022-05-07T15:50:07","slug":"hubo-un-aumento-en-la-inversion-de-mas-de-60-mil-millones","status":"publish","type":"post","link":"https:\/\/experienciadevida.com.ar\/portalurbano\/hubo-un-aumento-en-la-inversion-de-mas-de-60-mil-millones\/","title":{"rendered":"&#8220;Hubo un aumento en la inversi\u00f3n de m\u00e1s de 60 mil millones&#8221;"},"content":{"rendered":"<p>&#8220;Hubo un aumento en la inversi\u00f3n de m\u00e1s de 60 mil millones&#8221;, en el marco de la visita a la inauguraci\u00f3n de la ampliaci\u00f3n del edificio de INCUAPA, el ministro de Ciencia y Tecnolog\u00eda Daniel Filmus encabez\u00f3 una rueda de prensa junto a la presidenta del CONICET Dra. Ana Mar\u00eda Franchi, el rector de la UNICEN Dr. Marcelo Aba, la decana de la <a href=\"https:\/\/www.instagram.com\/facsounicen\/?hl=es-la\">FACSO<\/a> Lic. <a href=\"https:\/\/www.instagram.com\/gabygamberini\/?hl=es-la\">Gabriela Gamberini<\/a> y el director de INCUAPA Dr. Gustavo Politis.<\/p>\n<p>Poco antes del mediod\u00eda del viernes Filmus brind\u00f3 declaraciones ante la prensa y sostuvo la importancia de las energ\u00edas sustentables, el reciente aumento en el presupuesto para Ciencia y Tecnolog\u00eda (pas\u00f3 de 0,26 a 0,31 del pbi) y por \u00faltimo, dio detalles precisos sobre el proyecto de hidrogeno verde en R\u00edo Negro.<\/p>\n<p>\u201cla ley que se aprob\u00f3 por unanimidad el a\u00f1o pasado plantea pasar de 0,26 -del pbi- que fue la del a\u00f1o pasado al 1 por ciento en los pr\u00f3ximos a\u00f1os, esto implica multiplicar por cuatro la inversi\u00f3n de un pbi que esperamos que tambi\u00e9n se duplique en el 2030\u201d. Fueron las palabras en referencia al presupuesto en materia de CyT. Adem\u00e1s agreg\u00f3 \u201cestamos hablando de un aumento en la inversi\u00f3n de m\u00e1s de 60 mil millones en referencia al a\u00f1o pasado que sirve para un fondo especial llamado \u201cfederalizaci\u00f3n de la ciencia \u201c&#8221;.<\/p>\n<p>En la misma l\u00ednea se\u00f1al\u00f3 una problem\u00e1tica puntual que vive la ciencia Argentina que es la poca federalizaci\u00f3n que existe en las inversiones: \u201cest\u00e1n muy concentradas entre el \u00e1rea metropolitana y el \u00e1rea central, representan el 85 por ciento de la inversi\u00f3n argentina en ciencia, por ejemplos hay provincias enteras como Formosa que solo tienen 6 investigadores en el CONICET, entonces estamos haciendo un esfuerzo enorme para que ese fondo que es el 20 por ciento del crecimiento vaya espec\u00edficamente a la federalizaci\u00f3n\u201d.<\/p>\n<p>&#8220;Hubo un aumento en la inversi\u00f3n de m\u00e1s de 60 mil millones&#8221;, &#8220;en lo energ\u00e9tico nosotros estamos trabajando principalmente en direcci\u00f3n a un proceso de transici\u00f3n con objetivos muy concreto, hay un proyecto de ley que presentamos al congreso para tratar la electromovilidad para empezar a trabajar con autos h\u00edbridos y el\u00e9ctricos, en cada regi\u00f3n del pa\u00eds se desarrollan proyectos de transiciones energ\u00e9ticas\u201d expres\u00f3 el Ministro en funci\u00f3n a las pol\u00edticas energ\u00e9ticas.<\/p>\n<p>Adem\u00e1s destac\u00f3 su reciente visita a Israel: \u201cestuvimos la semana pasada en Israel con el ministro del interior Wado de Pedro y el Ministro de Agricultura Julian Dominguez viendo uno de los temas m\u00e1s cr\u00edticos de la Argentina que es el tema del agua, lo digo porque en el sur tenemos nosotros la posibilidad de generar tecnolog\u00eda de salinizaci\u00f3n y tener la posibilidad por ejemplo para el hidr\u00f3geno verde contar con agua que no compita con agua para recurso humano\u201d. Y agreg\u00f3: \u201cesta semana San Juan acaba de prohibir el riego para agricultura en la provincia porque no hay para consumo humano\u201d.<\/p>\n<p>Ante la \u00faltima pregunta sobre el reclamo de diversos ambientalista por las consecuencias ambientales que genera producci\u00f3n de hidr\u00f3geno verde, Daniel Filmus afirm\u00f3: \u201cla verdad es que no conozco el cuestionamiento porque no hay energ\u00eda m\u00e1s limpia que el hidr\u00f3geno verde, justamente la posible desalinizaci\u00f3n del agua generar\u00eda no competencia con la utilizaci\u00f3n del agua para otros usos\u201d.<\/p>\n<p>Fuente: Agencia Comunica- FACSO<\/p>\n","protected":false},"excerpt":{"rendered":"<p>&#8220;Hubo un aumento en la inversi\u00f3n de m\u00e1s de 60 mil millones&#8221;, en el marco&#8230;<\/p>\n","protected":false},"author":1,"featured_media":167263,"comment_status":"closed","ping_status":"closed","sticky":false,"template":"","format":"standard","meta":{"content-type":""},"categories":[27],"tags":[],"nelio_content":{"isAutoShareEnabled":false,"autoShareEndMode":"default","automationSources":{"useContentSentences":true,"useSocialTemplates":true,"useCustomSentences":false,"customSentences":[]},"followers":[1],"suggestedReferences":[],"includedReferences":["https:\/\/www.instagram.com\/facsounicen\/?hl=es-la","https:\/\/www.instagram.com\/gabygamberini\/?hl=es-la"],"efiUrl":"","efiAlt":"","highlights":[]},"yoast_head":"<!-- This site is optimized with the Yoast SEO plugin v20.7 - https:\/\/yoast.com\/wordpress\/plugins\/seo\/ -->\n<title>&quot;Hubo un aumento en la inversi\u00f3n de m\u00e1s de 60 mi millones&quot;<\/title>\n<meta name=\"description\" content=\"&quot;Hubo un aumento en la inversi\u00f3n de m\u00e1s de 60 mil millones&quot;, en el marco de la visita a la inauguraci\u00f3n de la ampliaci\u00f3n de INCUAPA\" \/>\n<meta name=\"robots\" content=\"index, follow, max-snippet:-1, max-image-preview:large, max-video-preview:-1\" \/>\n<link rel=\"canonical\" href=\"https:\/\/experienciadevida.com.ar\/portalurbano\/hubo-un-aumento-en-la-inversion-de-mas-de-60-mil-millones\/\" \/>\n<meta property=\"og:locale\" content=\"es_ES\" \/>\n<meta property=\"og:type\" content=\"article\" \/>\n<meta property=\"og:title\" content=\"&quot;Hubo un aumento en la inversi\u00f3n de m\u00e1s de 60 mi millones&quot;\" \/>\n<meta property=\"og:description\" content=\"&quot;Hubo un aumento en la inversi\u00f3n de m\u00e1s de 60 mil millones&quot;, en el marco de la visita a la inauguraci\u00f3n de la ampliaci\u00f3n de INCUAPA\" \/>\n<meta property=\"og:url\" content=\"https:\/\/experienciadevida.com.ar\/portalurbano\/hubo-un-aumento-en-la-inversion-de-mas-de-60-mil-millones\/\" \/>\n<meta property=\"article:publisher\" content=\"https:\/\/www.facebook.com\/Portal-Urbano-171542830093757\/\" \/>\n<meta property=\"article:published_time\" content=\"2022-05-07T15:48:46+00:00\" \/>\n<meta property=\"article:modified_time\" content=\"2022-05-07T15:50:07+00:00\" \/>\n<meta property=\"og:image\" content=\"https:\/\/experienciadevida.com.ar\/portalurbano\/wp-content\/uploads\/2022\/05\/Hubo-un-aumento-en.jpeg\" \/>\n\t<meta property=\"og:image:width\" content=\"1280\" \/>\n\t<meta property=\"og:image:height\" content=\"853\" \/>\n\t<meta property=\"og:image:type\" content=\"image\/jpeg\" \/>\n<meta name=\"author\" content=\"admpu17wp\" \/>\n<meta name=\"twitter:card\" content=\"summary_large_image\" \/>\n<meta name=\"twitter:creator\" content=\"@portalurbanook\" \/>\n<meta name=\"twitter:site\" content=\"@portalurbanook\" \/>\n<meta name=\"twitter:label1\" content=\"Escrito por\" \/>\n\t<meta name=\"twitter:data1\" content=\"admpu17wp\" \/>\n\t<meta name=\"twitter:label2\" content=\"Tiempo de lectura\" \/>\n\t<meta name=\"twitter:data2\" content=\"3 minutos\" \/>\n<script type=\"application\/ld+json\" class=\"yoast-schema-graph\">{\"@context\":\"https:\/\/schema.org\",\"@graph\":[{\"@type\":\"Article\",\"@id\":\"https:\/\/experienciadevida.com.ar\/portalurbano\/hubo-un-aumento-en-la-inversion-de-mas-de-60-mil-millones\/#article\",\"isPartOf\":{\"@id\":\"https:\/\/experienciadevida.com.ar\/portalurbano\/hubo-un-aumento-en-la-inversion-de-mas-de-60-mil-millones\/\"},\"author\":{\"name\":\"admpu17wp\",\"@id\":\"https:\/\/experienciadevida.com.ar\/portalurbano\/#\/schema\/person\/02dd326b1c4b056e9cc972486934a3a7\"},\"headline\":\"&#8220;Hubo un aumento en la inversi\u00f3n de m\u00e1s de 60 mil millones&#8221;\",\"datePublished\":\"2022-05-07T15:48:46+00:00\",\"dateModified\":\"2022-05-07T15:50:07+00:00\",\"mainEntityOfPage\":{\"@id\":\"https:\/\/experienciadevida.com.ar\/portalurbano\/hubo-un-aumento-en-la-inversion-de-mas-de-60-mil-millones\/\"},\"wordCount\":597,\"publisher\":{\"@id\":\"https:\/\/experienciadevida.com.ar\/portalurbano\/#organization\"},\"articleSection\":[\"Ciudad\"],\"inLanguage\":\"es\"},{\"@type\":\"WebPage\",\"@id\":\"https:\/\/experienciadevida.com.ar\/portalurbano\/hubo-un-aumento-en-la-inversion-de-mas-de-60-mil-millones\/\",\"url\":\"https:\/\/experienciadevida.com.ar\/portalurbano\/hubo-un-aumento-en-la-inversion-de-mas-de-60-mil-millones\/\",\"name\":\"\\\"Hubo un aumento en la inversi\u00f3n de m\u00e1s de 60 mi millones\\\"\",\"isPartOf\":{\"@id\":\"https:\/\/experienciadevida.com.ar\/portalurbano\/#website\"},\"datePublished\":\"2022-05-07T15:48:46+00:00\",\"dateModified\":\"2022-05-07T15:50:07+00:00\",\"description\":\"\\\"Hubo un aumento en la inversi\u00f3n de m\u00e1s de 60 mil millones\\\", en el marco de la visita a la inauguraci\u00f3n de la ampliaci\u00f3n de INCUAPA\",\"breadcrumb\":{\"@id\":\"https:\/\/experienciadevida.com.ar\/portalurbano\/hubo-un-aumento-en-la-inversion-de-mas-de-60-mil-millones\/#breadcrumb\"},\"inLanguage\":\"es\",\"potentialAction\":[{\"@type\":\"ReadAction\",\"target\":[\"https:\/\/experienciadevida.com.ar\/portalurbano\/hubo-un-aumento-en-la-inversion-de-mas-de-60-mil-millones\/\"]}]},{\"@type\":\"BreadcrumbList\",\"@id\":\"https:\/\/experienciadevida.com.ar\/portalurbano\/hubo-un-aumento-en-la-inversion-de-mas-de-60-mil-millones\/#breadcrumb\",\"itemListElement\":[{\"@type\":\"ListItem\",\"position\":1,\"name\":\"Portada\",\"item\":\"https:\/\/experienciadevida.com.ar\/portalurbano\/\"},{\"@type\":\"ListItem\",\"position\":2,\"name\":\"\u00abHubo un aumento en la inversi\u00f3n de m\u00e1s de 60 mil millones\u00bb\"}]},{\"@type\":\"WebSite\",\"@id\":\"https:\/\/experienciadevida.com.ar\/portalurbano\/#website\",\"url\":\"https:\/\/experienciadevida.com.ar\/portalurbano\/\",\"name\":\"\",\"description\":\"\",\"publisher\":{\"@id\":\"https:\/\/experienciadevida.com.ar\/portalurbano\/#organization\"},\"potentialAction\":[{\"@type\":\"SearchAction\",\"target\":{\"@type\":\"EntryPoint\",\"urlTemplate\":\"https:\/\/experienciadevida.com.ar\/portalurbano\/?s={search_term_string}\"},\"query-input\":\"required name=search_term_string\"}],\"inLanguage\":\"es\"},{\"@type\":\"Organization\",\"@id\":\"https:\/\/experienciadevida.com.ar\/portalurbano\/#organization\",\"name\":\"Portal Urbano\",\"url\":\"https:\/\/experienciadevida.com.ar\/portalurbano\/\",\"logo\":{\"@type\":\"ImageObject\",\"inLanguage\":\"es\",\"@id\":\"https:\/\/experienciadevida.com.ar\/portalurbano\/#\/schema\/logo\/image\/\",\"url\":\"https:\/\/experienciadevida.com.ar\/portalurbano\/wp-content\/uploads\/2019\/09\/Logo-Original.png\",\"contentUrl\":\"https:\/\/experienciadevida.com.ar\/portalurbano\/wp-content\/uploads\/2019\/09\/Logo-Original.png\",\"width\":2236,\"height\":1216,\"caption\":\"Portal Urbano\"},\"image\":{\"@id\":\"https:\/\/experienciadevida.com.ar\/portalurbano\/#\/schema\/logo\/image\/\"},\"sameAs\":[\"https:\/\/www.facebook.com\/Portal-Urbano-171542830093757\/\",\"https:\/\/twitter.com\/portalurbanook\",\"https:\/\/www.instagram.com\/_portalurbano\/\",\"https:\/\/www.youtube.com\/channel\/UCXhagIfszH8KxFiOok79zbA?view_as=subscriber\"]},{\"@type\":\"Person\",\"@id\":\"https:\/\/experienciadevida.com.ar\/portalurbano\/#\/schema\/person\/02dd326b1c4b056e9cc972486934a3a7\",\"name\":\"admpu17wp\",\"image\":{\"@type\":\"ImageObject\",\"inLanguage\":\"es\",\"@id\":\"https:\/\/experienciadevida.com.ar\/portalurbano\/#\/schema\/person\/image\/\",\"url\":\"https:\/\/secure.gravatar.com\/avatar\/830d4c57adaae6630765e449a6908047?s=96&d=mm&r=g\",\"contentUrl\":\"https:\/\/secure.gravatar.com\/avatar\/830d4c57adaae6630765e449a6908047?s=96&d=mm&r=g\",\"caption\":\"admpu17wp\"}}]}<\/script>\n<!-- \/ Yoast SEO plugin. -->","yoast_head_json":{"title":"\"Hubo un aumento en la inversi\u00f3n de m\u00e1s de 60 mi millones\"","description":"\"Hubo un aumento en la inversi\u00f3n de m\u00e1s de 60 mil millones\", en el marco de la visita a la inauguraci\u00f3n de la ampliaci\u00f3n de INCUAPA","robots":{"index":"index","follow":"follow","max-snippet":"max-snippet:-1","max-image-preview":"max-image-preview:large","max-video-preview":"max-video-preview:-1"},"canonical":"https:\/\/experienciadevida.com.ar\/portalurbano\/hubo-un-aumento-en-la-inversion-de-mas-de-60-mil-millones\/","og_locale":"es_ES","og_type":"article","og_title":"\"Hubo un aumento en la inversi\u00f3n de m\u00e1s de 60 mi millones\"","og_description":"\"Hubo un aumento en la inversi\u00f3n de m\u00e1s de 60 mil millones\", en el marco de la visita a la inauguraci\u00f3n de la ampliaci\u00f3n de INCUAPA","og_url":"https:\/\/experienciadevida.com.ar\/portalurbano\/hubo-un-aumento-en-la-inversion-de-mas-de-60-mil-millones\/","article_publisher":"https:\/\/www.facebook.com\/Portal-Urbano-171542830093757\/","article_published_time":"2022-05-07T15:48:46+00:00","article_modified_time":"2022-05-07T15:50:07+00:00","og_image":[{"width":1280,"height":853,"url":"https:\/\/experienciadevida.com.ar\/portalurbano\/wp-content\/uploads\/2022\/05\/Hubo-un-aumento-en.jpeg","type":"image\/jpeg"}],"author":"admpu17wp","twitter_card":"summary_large_image","twitter_creator":"@portalurbanook","twitter_site":"@portalurbanook","twitter_misc":{"Escrito por":"admpu17wp","Tiempo de lectura":"3 minutos"},"schema":{"@context":"https:\/\/schema.org","@graph":[{"@type":"Article","@id":"https:\/\/experienciadevida.com.ar\/portalurbano\/hubo-un-aumento-en-la-inversion-de-mas-de-60-mil-millones\/#article","isPartOf":{"@id":"https:\/\/experienciadevida.com.ar\/portalurbano\/hubo-un-aumento-en-la-inversion-de-mas-de-60-mil-millones\/"},"author":{"name":"admpu17wp","@id":"https:\/\/experienciadevida.com.ar\/portalurbano\/#\/schema\/person\/02dd326b1c4b056e9cc972486934a3a7"},"headline":"&#8220;Hubo un aumento en la inversi\u00f3n de m\u00e1s de 60 mil millones&#8221;","datePublished":"2022-05-07T15:48:46+00:00","dateModified":"2022-05-07T15:50:07+00:00","mainEntityOfPage":{"@id":"https:\/\/experienciadevida.com.ar\/portalurbano\/hubo-un-aumento-en-la-inversion-de-mas-de-60-mil-millones\/"},"wordCount":597,"publisher":{"@id":"https:\/\/experienciadevida.com.ar\/portalurbano\/#organization"},"articleSection":["Ciudad"],"inLanguage":"es"},{"@type":"WebPage","@id":"https:\/\/experienciadevida.com.ar\/portalurbano\/hubo-un-aumento-en-la-inversion-de-mas-de-60-mil-millones\/","url":"https:\/\/experienciadevida.com.ar\/portalurbano\/hubo-un-aumento-en-la-inversion-de-mas-de-60-mil-millones\/","name":"\"Hubo un aumento en la inversi\u00f3n de m\u00e1s de 60 mi millones\"","isPartOf":{"@id":"https:\/\/experienciadevida.com.ar\/portalurbano\/#website"},"datePublished":"2022-05-07T15:48:46+00:00","dateModified":"2022-05-07T15:50:07+00:00","description":"\"Hubo un aumento en la inversi\u00f3n de m\u00e1s de 60 mil millones\", en el marco de la visita a la inauguraci\u00f3n de la ampliaci\u00f3n de INCUAPA","breadcrumb":{"@id":"https:\/\/experienciadevida.com.ar\/portalurbano\/hubo-un-aumento-en-la-inversion-de-mas-de-60-mil-millones\/#breadcrumb"},"inLanguage":"es","potentialAction":[{"@type":"ReadAction","target":["https:\/\/experienciadevida.com.ar\/portalurbano\/hubo-un-aumento-en-la-inversion-de-mas-de-60-mil-millones\/"]}]},{"@type":"BreadcrumbList","@id":"https:\/\/experienciadevida.com.ar\/portalurbano\/hubo-un-aumento-en-la-inversion-de-mas-de-60-mil-millones\/#breadcrumb","itemListElement":[{"@type":"ListItem","position":1,"name":"Portada","item":"https:\/\/experienciadevida.com.ar\/portalurbano\/"},{"@type":"ListItem","position":2,"name":"\u00abHubo un aumento en la inversi\u00f3n de m\u00e1s de 60 mil millones\u00bb"}]},{"@type":"WebSite","@id":"https:\/\/experienciadevida.com.ar\/portalurbano\/#website","url":"https:\/\/experienciadevida.com.ar\/portalurbano\/","name":"","description":"","publisher":{"@id":"https:\/\/experienciadevida.com.ar\/portalurbano\/#organization"},"potentialAction":[{"@type":"SearchAction","target":{"@type":"EntryPoint","urlTemplate":"https:\/\/experienciadevida.com.ar\/portalurbano\/?s={search_term_string}"},"query-input":"required name=search_term_string"}],"inLanguage":"es"},{"@type":"Organization","@id":"https:\/\/experienciadevida.com.ar\/portalurbano\/#organization","name":"Portal Urbano","url":"https:\/\/experienciadevida.com.ar\/portalurbano\/","logo":{"@type":"ImageObject","inLanguage":"es","@id":"https:\/\/experienciadevida.com.ar\/portalurbano\/#\/schema\/logo\/image\/","url":"https:\/\/experienciadevida.com.ar\/portalurbano\/wp-content\/uploads\/2019\/09\/Logo-Original.png","contentUrl":"https:\/\/experienciadevida.com.ar\/portalurbano\/wp-content\/uploads\/2019\/09\/Logo-Original.png","width":2236,"height":1216,"caption":"Portal Urbano"},"image":{"@id":"https:\/\/experienciadevida.com.ar\/portalurbano\/#\/schema\/logo\/image\/"},"sameAs":["https:\/\/www.facebook.com\/Portal-Urbano-171542830093757\/","https:\/\/twitter.com\/portalurbanook","https:\/\/www.instagram.com\/_portalurbano\/","https:\/\/www.youtube.com\/channel\/UCXhagIfszH8KxFiOok79zbA?view_as=subscriber"]},{"@type":"Person","@id":"https:\/\/experienciadevida.com.ar\/portalurbano\/#\/schema\/person\/02dd326b1c4b056e9cc972486934a3a7","name":"admpu17wp","image":{"@type":"ImageObject","inLanguage":"es","@id":"https:\/\/experienciadevida.com.ar\/portalurbano\/#\/schema\/person\/image\/","url":"https:\/\/secure.gravatar.com\/avatar\/830d4c57adaae6630765e449a6908047?s=96&d=mm&r=g","contentUrl":"https:\/\/secure.gravatar.com\/avatar\/830d4c57adaae6630765e449a6908047?s=96&d=mm&r=g","caption":"admpu17wp"}}]}},"featured_image_urls":{"full":["https:\/\/experienciadevida.com.ar\/portalurbano\/wp-content\/uploads\/2022\/05\/Hubo-un-aumento-en.jpeg",1280,853,false],"thumbnail":["https:\/\/experienciadevida.com.ar\/portalurbano\/wp-content\/uploads\/2022\/05\/Hubo-un-aumento-en-150x150.jpeg",150,150,true],"medium":["https:\/\/experienciadevida.com.ar\/portalurbano\/wp-content\/uploads\/2022\/05\/Hubo-un-aumento-en-300x200.jpeg",300,200,true],"medium_large":["https:\/\/experienciadevida.com.ar\/portalurbano\/wp-content\/uploads\/2022\/05\/Hubo-un-aumento-en-768x512.jpeg",640,427,true],"large":["https:\/\/experienciadevida.com.ar\/portalurbano\/wp-content\/uploads\/2022\/05\/Hubo-un-aumento-en-1024x682.jpeg",640,426,true],"ug_big":["https:\/\/experienciadevida.com.ar\/portalurbano\/wp-content\/uploads\/2022\/05\/Hubo-un-aumento-en-768x512.jpeg",768,512,true],"1536x1536":["https:\/\/experienciadevida.com.ar\/portalurbano\/wp-content\/uploads\/2022\/05\/Hubo-un-aumento-en.jpeg",1280,853,false],"2048x2048":["https:\/\/experienciadevida.com.ar\/portalurbano\/wp-content\/uploads\/2022\/05\/Hubo-un-aumento-en.jpeg",1280,853,false],"newsever-slider-full":["https:\/\/experienciadevida.com.ar\/portalurbano\/wp-content\/uploads\/2022\/05\/Hubo-un-aumento-en.jpeg",1268,845,false],"newsever-featured":["https:\/\/experienciadevida.com.ar\/portalurbano\/wp-content\/uploads\/2022\/05\/Hubo-un-aumento-en.jpeg",1024,682,false],"newsever-medium":["https:\/\/experienciadevida.com.ar\/portalurbano\/wp-content\/uploads\/2022\/05\/Hubo-un-aumento-en.jpeg",713,475,false],"web-stories-poster-portrait":["https:\/\/experienciadevida.com.ar\/portalurbano\/wp-content\/uploads\/2022\/05\/Hubo-un-aumento-en.jpeg",640,427,false],"web-stories-publisher-logo":["https:\/\/experienciadevida.com.ar\/portalurbano\/wp-content\/uploads\/2022\/05\/Hubo-un-aumento-en.jpeg",96,64,false],"web-stories-thumbnail":["https:\/\/experienciadevida.com.ar\/portalurbano\/wp-content\/uploads\/2022\/05\/Hubo-un-aumento-en.jpeg",150,100,false]},"author_info":{"display_name":"admpu17wp","author_link":"https:\/\/experienciadevida.com.ar\/portalurbano\/author\/admpu17wp\/"},"category_info":"<a href=\"https:\/\/experienciadevida.com.ar\/portalurbano\/category\/ciudad\/\" rel=\"category tag\">Ciudad<\/a>","tag_info":"Ciudad","comment_count":"0","amp_enabled":true,"_links":{"self":[{"href":"https:\/\/experienciadevida.com.ar\/portalurbano\/wp-json\/wp\/v2\/posts\/167262"}],"collection":[{"href":"https:\/\/experienciadevida.com.ar\/portalurbano\/wp-json\/wp\/v2\/posts"}],"about":[{"href":"https:\/\/experienciadevida.com.ar\/portalurbano\/wp-json\/wp\/v2\/types\/post"}],"author":[{"embeddable":true,"href":"https:\/\/experienciadevida.com.ar\/portalurbano\/wp-json\/wp\/v2\/users\/1"}],"replies":[{"embeddable":true,"href":"https:\/\/experienciadevida.com.ar\/portalurbano\/wp-json\/wp\/v2\/comments?post=167262"}],"version-history":[{"count":2,"href":"https:\/\/experienciadevida.com.ar\/portalurbano\/wp-json\/wp\/v2\/posts\/167262\/revisions"}],"predecessor-version":[{"id":167266,"href":"https:\/\/experienciadevida.com.ar\/portalurbano\/wp-json\/wp\/v2\/posts\/167262\/revisions\/167266"}],"wp:featuredmedia":[{"embeddable":true,"href":"https:\/\/experienciadevida.com.ar\/portalurbano\/wp-json\/wp\/v2\/media\/167263"}],"wp:attachment":[{"href":"https:\/\/experienciadevida.com.ar\/portalurbano\/wp-json\/wp\/v2\/media?parent=167262"}],"wp:term":[{"taxonomy":"category","embeddable":true,"href":"https:\/\/experienciadevida.com.ar\/portalurbano\/wp-json\/wp\/v2\/categories?post=167262"},{"taxonomy":"post_tag","embeddable":true,"href":"https:\/\/experienciadevida.com.ar\/portalurbano\/wp-json\/wp\/v2\/tags?post=167262"}],"curies":[{"name":"wp","href":"https:\/\/api.w.org\/{rel}","templated":true}]}}