{"id":167258,"date":"2022-05-07T12:45:08","date_gmt":"2022-05-07T15:45:08","guid":{"rendered":"https:\/\/experienciadevida.com.ar\/portalurbano\/?p=167258"},"modified":"2022-05-07T12:45:43","modified_gmt":"2022-05-07T15:45:43","slug":"la-ciencia-debe-garantizar-derechos-humanos","status":"publish","type":"post","link":"https:\/\/experienciadevida.com.ar\/portalurbano\/la-ciencia-debe-garantizar-derechos-humanos\/","title":{"rendered":"\u201cLa ciencia debe garantizar derechos humanos\u201d"},"content":{"rendered":"<p>\u201cLa ciencia debe garantizar derechos humanos\u201d, entiende la ciencia como un modo de acceder a una mejor calidad de vida. Para la titular del Conicet, es imprescindible valorar la investigaci\u00f3n cient\u00edfica y destinar presupuesto. \u201cHoy m\u00e1s que nunca la ciencia es soberan\u00eda&#8221;, asegur\u00f3.<\/p>\n<p>\u201cEs imposible que un pa\u00eds tenga un proyecto inclusivo sin ciencia y tecnolog\u00eda\u201d, asegur\u00f3 la presidenta del Conicet, Dra Ana Mar\u00eda Franchi, en su paso por Olavarr\u00eda para la inauguraci\u00f3n de un nuevo sector del Incuapa. Antes de llegar a la <a href=\"https:\/\/www.facebook.com\/facultadcienciassociales.unicen\">Facultad de Ciencias Sociales<\/a>, la investigadora dialog\u00f3 con agencia Comunica y abord\u00f3 la importancia de la ciencia para \u201cresponder a necesidades de la gente, para que puedan vivir mejor\u201d.<\/p>\n<p>Adem\u00e1s, resalt\u00f3 la cantidad de mujeres haciendo ciencia, pero asegur\u00f3 que es necesario que accedan a mayores cargos jer\u00e1rquicos.<\/p>\n<p>Directa, clara y entendiendo a la ciencia como un derecho, la presidenta del Conicet habl\u00f3 sobre el presente y el futuro de la ciencia en la Argentina. Para nuestro propio pa\u00eds y para el mundo.<\/p>\n<p>-Cuando asumiste dijiste que la intenci\u00f3n era federalizar el Conicet para que no exista concentraci\u00f3n solo en las grandes ciudades y bajar la ciencia al territorio. \u00bfSe pudo lograr ese objetivo?<\/p>\n<p>Nosotros tomamos distintas medidas entre el Conicet y el Ministerio de Ciencia y Tecnolog\u00eda. La Argentina tiene 3 investigadores cada mil personas de la poblaci\u00f3n econ\u00f3micamente activa; los pa\u00edses desarrollados tienen 10. Pero si miramos Capital Federal, hay 9, un n\u00famero similar al de Alemania. Entonces lo primero que hicimos a nivel de incorporaci\u00f3n de investigadores\/as fue mirar qu\u00e9 provincia ten\u00eda menos cantidad y crear una forma de ingreso que nosotros llamamos Proyectos Especiales donde les ped\u00edamos a las provincias que propongan temas que les interese. En Entre R\u00edos, ingresaron 13 investigadores en temas que dispuso la provincia y comprometimos a las universidades. Hoy compiten 4: La Pampa, Catamarca, Chaco y San Juan, todas en sus tem\u00e1ticas particulares. Hicimos vacancias geogr\u00e1ficas y tem\u00e1ticas: ciencias del mar, ciencias forestales, geolog\u00eda, zoonosis.<\/p>\n<p>\u201cLa ciencia debe garantizar derechos humanos\u201d, o sea que el Conicet abri\u00f3 el juego sobre qu\u00e9 cosas se considera que es necesario investigar.<\/p>\n<p>La idea es trabajar sobre demandas locales y nacionales. Yo muchas veces empiezo mis charlas preguntando \u00bfvale la pena hacer ciencia en un pa\u00eds con un 40% de pobres? \u00bfQu\u00e9 ciencia hay que hacer para que se financie eso y no la apertura de un comedor? Esa ciencia debe responder a necesidades de la gente para que puedan vivir mejor, al menos para esta administraci\u00f3n. Con esa decisi\u00f3n, y con 800 ingresos, casi duplicamos los ingresos anuales que daba la administraci\u00f3n anterior. 400 de esos ingresos son dirigidos, estos especiales, otros de fortalecimiento a instituciones que son de ciencia y t\u00e9cnica y proyectos estrat\u00e9gicos. Y tambi\u00e9n subsidios, como el Impactar, que como el nombre indica trata de generar un impacto en la comunidad. Por ejemplo en Alumin\u00e9 sucede algo puntual: hay mucha poblaci\u00f3n rural y mapuche, el ganado sufre infecciones y se pierden las cr\u00edas, esto impacta en la econom\u00eda. Con 4 mil habitantes se est\u00e1 instalando un laboratorio de biolog\u00eda molecular, asociado a la escuela agro industrial, y esopermite que los que estudian ah\u00ed podr\u00e1n trabajar en ese laboratorio. Como eso, cada lugar puede demandar en funci\u00f3n de sus necesidades.<\/p>\n<p>-Y para eso hace falta financiamiento, porque sin dinero es imposible de implementar cualquier programa.<\/p>\n<p>Exacto. Tambi\u00e9n est\u00e1n los financiamientos del Consejo Federal de Ciencia y T\u00e9cnica, contamos con subsidios tem\u00e1ticos, como el de cannabis medicinal y c\u00e1\u00f1amo que anoche se convirti\u00f3 en ley. Y ahora es la primera vez que tenemos ley de financiamiento de la ciencia, tecnolog\u00eda e innovaci\u00f3n que fue promulgada el a\u00f1o pasado. Esto hace que el porcentaje del PBI dedicado a CyT aumente un 15% hasta llegar al 1% en 2032. Cuando termin\u00f3 el gobierno de la Dra Kirchner ten\u00edamos el 0,35 del PBI, cuando termin\u00f3 el de Macri, el 0,22 y este a\u00f1o llegaremos al 0,31. Y eso permiti\u00f3 lanzar dos programas: EquipaCiencia y Construye Ciencia. No se hace ciencia sin equipamiento. Se est\u00e1n entregando fondos a cada provincia, se est\u00e1n construyendo edificios que faltaban y adem\u00e1s los cient\u00edficos se encuentran con empresarios.<\/p>\n<p>-\u00bfConsider\u00e1s que la ciencia debe servir para garantizar derechos?<\/p>\n<p>\u201cLa ciencia debe garantizar derechos humanos\u201d, absolutamente, Volvamos al cannabis. Si miramos dos a\u00f1os atr\u00e1s, a las Ong y mam\u00e1s que cultivaban marihuana para sus chicos, les entraba la polic\u00eda, les secuestraban las plantas\u2026 Con diputadas y desde el Conicet se trabaj\u00f3 porque la ley anterior solo habilitaba a que cultivaran el Conicet y el Inta y la ley de anoche en cambio es m\u00e1s inclusiva. Es un derecho a una medicina distinta, alternativa, que alcanza a gran cantidad de personas. La ciencia debe garantizar derechos humanos. No hay mayor ejemplo que el de las Abuelas: c\u00f3mo demostrar que un ni\u00f1o era hijo\/a de desaparecidos. La ciencia les resolvi\u00f3 este problema y les da el \u00edndice de familiaridad. Ese es el ejemplo paradigm\u00e1tico.<\/p>\n<p>-Podr\u00edamos decir que la ciencia es \u201camigable\u201d con las mujeres?<\/p>\n<p>No. Todav\u00eda nos falta. En la Argentina es peculiar, hay m\u00e1s mujeres que varones haciendo ciencia, casi el 54% son mujeres.<\/p>\n<p>-Pero\u2026<\/p>\n<p>Pero..\u00bfd\u00f3nde est\u00e1n? Voy a las universidades nacionales y creo que hay unas 10 rectoras nada m\u00e1s. En el Conicet tenemos 5 categor\u00edas. La m\u00e1s alta tiene solo 24% de mujeres. Nos cuesta llegar. Hay que seguir trabajando en el tema del cuidado, crear jardines maternales, facilitar licencias. Cuando yo era becaria no hab\u00eda licencias. La Dra Barrancos fue quien las puso, viendo c\u00f3mo asociarnos con universidades, porque somos las mujeres las que est\u00e1n a cargo. Estamos trabajando en violencia de g\u00e9nero y acoso, tenemos observatorios en distintos lugares. queremos divulgar estos temas. Cuando empezamos con estos temas nadie nos daba bolilla: \u00e9ramos Silvia Cochen, Diana Maff\u00eda y yo. Y \u00e9ramos un problema.<\/p>\n<p>-\u00bfLa pandemia profundiz\u00f3 esta situaci\u00f3n? Porque las mujeres hemos tenido que trabajar puertas adentro pero profundizando las cuestiones dom\u00e9sticas, a cargo de la educaci\u00f3n incluso de nuestros hijos e hijas.<\/p>\n<p>\u201cLa ciencia debe garantizar derechos humanos\u201d, sabes a que nivel mundial baj\u00f3 much\u00edsimo la participaci\u00f3n femenina en pappers, sobre todo en lugares protag\u00f3nicos. Baj\u00f3 entre un 20 y un 30%. Nosotros permitimos a becarias un a\u00f1o m\u00e1s de plazo para que puedan terminar la tesis,. En el caso de las experimentales no pod\u00edan ir a laboratorios pero los otros cuidaban ni\u00f1os, ni\u00f1as y adultos mayores.<\/p>\n<p>-Uno dice \u201ccient\u00edfico\u201d y en el imaginario surge la idea de un laboratorio. \u00bfQu\u00e9 sucede con las ciencias sociales y humanas? Hay suficientes investigadores en esas \u00e1reas?<\/p>\n<p>Se ingresa lo mismo por cada \u00e1rea. Hay m\u00e1s presi\u00f3n y postulantes de Ciencias Sociales y Humanas, pero la cantidad que ingresa es pareja. No hay tantos institutos, pero si investigadores que est\u00e1n trabajando. Lo que s\u00ed hay es mucha multidisciplinariedad. Se van juntando de diferentes \u00e1reas: un inform\u00e1tico, un soci\u00f3logo, un m\u00e9dico. Hay muchos proyectos que se presentan de esta forma y se est\u00e1 trabajando con miradas m\u00e1s integradoras.<\/p>\n<p>-Hoy no se duda del prestigio del Conicet, auqnue s\u00ed se puso en duda en el anterior gobierno, pero la entidad se hizo popular con la llegada del barbijo. \u00bfPor qu\u00e9 es importante la tarea del organismo?<\/p>\n<p>Estamos terminando cuarta parte del siglo XXI y es imposible que un pa\u00eds tenga un proyecto inclusivo sin ciencia y tecnolog\u00eda. La administraci\u00f3n anterior nos mat\u00f3: bajo el 40% el presupuesto, los j\u00f3venes se nos iban, pero no era un capricho. Si \u00e9ste tiene que ser un pa\u00eds exportador de materias primas, nosotros sobramos y ah\u00ed la ciencia no es una inversi\u00f3n sino un gasto. Asi lo consideraban. Tiene su l\u00f3gica en un pa\u00eds de 10 millones de habitantes. Ahora si somos un pais de 45 millones de personas, para que todos tengan una vida digna la ciencia y la tecnolog\u00eda es indispensable.<\/p>\n<p>\u201cLa ciencia debe garantizar derechos humanos\u201d, Hablamos de barbijos, pero tambi\u00e9n de vacunas\u2026<\/p>\n<p>Hablemos de vacunas. Cuando salieron las primeras, 8 o 9 pa\u00edses compraron entre el 80 y 90% de producci\u00f3n de vacunas. Vencieron y no se usaron m\u00e1s vacunas en Europa que las que tuvo Africa. O sea, no salimos mejor de la pandemia. El capitalismo no es generoso y en las crisis mucho menos. La ciencia m\u00e1s que nunca es soberan\u00eda. Nosotros tenemos 4 proyectos de vacuna de dise\u00f1o nacional muy adelantado, uno de ellos el de la Dra Cassataro de Universidad de San Mart\u00edn est\u00e1 comenzando su fase cl\u00ednica. Tener vacuna y tecnolog\u00eda para producir es fundamental. Y si miramos antes de la pandemia, eran pocos los lugares que pod\u00edan detectar si ten\u00edas Covid. Y ah\u00ed hicimos los kits diagn\u00f3sticos que hoy se exportan y son divisas que entran a un pa\u00eds que las necesita. La ciencia tambi\u00e9n es generaci\u00f3n de divisas. Por eso es importante el conicet. El ejemplo de los barbijos es claro: se exporta, ha dado puestos de trabajo, la empresa cre\u00f3 otra f\u00e1brica a la que ten\u00eda. Se juntaron la empresa y los investigadores. Queremos que se haga carne que un desarrollo tecnol\u00f3gico y cient\u00edfico es un derecho humano porque te afecta a la corta o a la larga a tu vida. (Agencia Comunica &#8211; Facso)<\/p>\n<p>&nbsp;<\/p>\n","protected":false},"excerpt":{"rendered":"<p>\u201cLa ciencia debe garantizar derechos humanos\u201d, entiende la ciencia como un modo de acceder a&#8230;<\/p>\n","protected":false},"author":1,"featured_media":167259,"comment_status":"closed","ping_status":"closed","sticky":false,"template":"","format":"standard","meta":{"content-type":""},"categories":[31],"tags":[],"nelio_content":{"isAutoShareEnabled":false,"autoShareEndMode":"default","automationSources":{"useContentSentences":true,"useSocialTemplates":true,"useCustomSentences":false,"customSentences":[]},"followers":[1],"suggestedReferences":[],"includedReferences":[],"efiUrl":"","efiAlt":"","highlights":[]},"yoast_head":"<!-- This site is optimized with the Yoast SEO plugin v20.7 - https:\/\/yoast.com\/wordpress\/plugins\/seo\/ -->\n<title>&quot;La ciencia debe garantizar derechos humanos&quot;<\/title>\n<meta name=\"description\" content=\"\u201cLa ciencia debe garantizar derechos humanos\u201d, entiende la ciencia como un modo de acceder a una mejor calidad de vida\" \/>\n<meta name=\"robots\" content=\"index, follow, max-snippet:-1, max-image-preview:large, max-video-preview:-1\" \/>\n<link rel=\"canonical\" href=\"https:\/\/experienciadevida.com.ar\/portalurbano\/la-ciencia-debe-garantizar-derechos-humanos\/\" \/>\n<meta property=\"og:locale\" content=\"es_ES\" \/>\n<meta property=\"og:type\" content=\"article\" \/>\n<meta property=\"og:title\" content=\"&quot;La ciencia debe garantizar derechos humanos&quot;\" \/>\n<meta property=\"og:description\" content=\"\u201cLa ciencia debe garantizar derechos humanos\u201d, entiende la ciencia como un modo de acceder a una mejor calidad de vida\" \/>\n<meta property=\"og:url\" content=\"https:\/\/experienciadevida.com.ar\/portalurbano\/la-ciencia-debe-garantizar-derechos-humanos\/\" \/>\n<meta property=\"article:publisher\" content=\"https:\/\/www.facebook.com\/Portal-Urbano-171542830093757\/\" \/>\n<meta property=\"article:published_time\" content=\"2022-05-07T15:45:08+00:00\" \/>\n<meta property=\"article:modified_time\" content=\"2022-05-07T15:45:43+00:00\" \/>\n<meta property=\"og:image\" content=\"https:\/\/experienciadevida.com.ar\/portalurbano\/wp-content\/uploads\/2022\/05\/La-ciencia-debe-garantizar.jpg\" \/>\n\t<meta property=\"og:image:width\" content=\"1156\" \/>\n\t<meta property=\"og:image:height\" content=\"867\" \/>\n\t<meta property=\"og:image:type\" content=\"image\/jpeg\" \/>\n<meta name=\"author\" content=\"admpu17wp\" \/>\n<meta name=\"twitter:card\" content=\"summary_large_image\" \/>\n<meta name=\"twitter:creator\" content=\"@portalurbanook\" \/>\n<meta name=\"twitter:site\" content=\"@portalurbanook\" \/>\n<meta name=\"twitter:label1\" content=\"Escrito por\" \/>\n\t<meta name=\"twitter:data1\" content=\"admpu17wp\" \/>\n\t<meta name=\"twitter:label2\" content=\"Tiempo de lectura\" \/>\n\t<meta name=\"twitter:data2\" content=\"7 minutos\" \/>\n<script type=\"application\/ld+json\" class=\"yoast-schema-graph\">{\"@context\":\"https:\/\/schema.org\",\"@graph\":[{\"@type\":\"Article\",\"@id\":\"https:\/\/experienciadevida.com.ar\/portalurbano\/la-ciencia-debe-garantizar-derechos-humanos\/#article\",\"isPartOf\":{\"@id\":\"https:\/\/experienciadevida.com.ar\/portalurbano\/la-ciencia-debe-garantizar-derechos-humanos\/\"},\"author\":{\"name\":\"admpu17wp\",\"@id\":\"https:\/\/experienciadevida.com.ar\/portalurbano\/#\/schema\/person\/02dd326b1c4b056e9cc972486934a3a7\"},\"headline\":\"\u201cLa ciencia debe garantizar derechos humanos\u201d\",\"datePublished\":\"2022-05-07T15:45:08+00:00\",\"dateModified\":\"2022-05-07T15:45:43+00:00\",\"mainEntityOfPage\":{\"@id\":\"https:\/\/experienciadevida.com.ar\/portalurbano\/la-ciencia-debe-garantizar-derechos-humanos\/\"},\"wordCount\":1630,\"publisher\":{\"@id\":\"https:\/\/experienciadevida.com.ar\/portalurbano\/#organization\"},\"articleSection\":[\"Educaci\u00f3n\"],\"inLanguage\":\"es\"},{\"@type\":\"WebPage\",\"@id\":\"https:\/\/experienciadevida.com.ar\/portalurbano\/la-ciencia-debe-garantizar-derechos-humanos\/\",\"url\":\"https:\/\/experienciadevida.com.ar\/portalurbano\/la-ciencia-debe-garantizar-derechos-humanos\/\",\"name\":\"\\\"La ciencia debe garantizar derechos humanos\\\"\",\"isPartOf\":{\"@id\":\"https:\/\/experienciadevida.com.ar\/portalurbano\/#website\"},\"datePublished\":\"2022-05-07T15:45:08+00:00\",\"dateModified\":\"2022-05-07T15:45:43+00:00\",\"description\":\"\u201cLa ciencia debe garantizar derechos humanos\u201d, entiende la ciencia como un modo de acceder a una mejor calidad de vida\",\"breadcrumb\":{\"@id\":\"https:\/\/experienciadevida.com.ar\/portalurbano\/la-ciencia-debe-garantizar-derechos-humanos\/#breadcrumb\"},\"inLanguage\":\"es\",\"potentialAction\":[{\"@type\":\"ReadAction\",\"target\":[\"https:\/\/experienciadevida.com.ar\/portalurbano\/la-ciencia-debe-garantizar-derechos-humanos\/\"]}]},{\"@type\":\"BreadcrumbList\",\"@id\":\"https:\/\/experienciadevida.com.ar\/portalurbano\/la-ciencia-debe-garantizar-derechos-humanos\/#breadcrumb\",\"itemListElement\":[{\"@type\":\"ListItem\",\"position\":1,\"name\":\"Portada\",\"item\":\"https:\/\/experienciadevida.com.ar\/portalurbano\/\"},{\"@type\":\"ListItem\",\"position\":2,\"name\":\"\u201cLa ciencia debe garantizar derechos humanos\u201d\"}]},{\"@type\":\"WebSite\",\"@id\":\"https:\/\/experienciadevida.com.ar\/portalurbano\/#website\",\"url\":\"https:\/\/experienciadevida.com.ar\/portalurbano\/\",\"name\":\"\",\"description\":\"\",\"publisher\":{\"@id\":\"https:\/\/experienciadevida.com.ar\/portalurbano\/#organization\"},\"potentialAction\":[{\"@type\":\"SearchAction\",\"target\":{\"@type\":\"EntryPoint\",\"urlTemplate\":\"https:\/\/experienciadevida.com.ar\/portalurbano\/?s={search_term_string}\"},\"query-input\":\"required name=search_term_string\"}],\"inLanguage\":\"es\"},{\"@type\":\"Organization\",\"@id\":\"https:\/\/experienciadevida.com.ar\/portalurbano\/#organization\",\"name\":\"Portal Urbano\",\"url\":\"https:\/\/experienciadevida.com.ar\/portalurbano\/\",\"logo\":{\"@type\":\"ImageObject\",\"inLanguage\":\"es\",\"@id\":\"https:\/\/experienciadevida.com.ar\/portalurbano\/#\/schema\/logo\/image\/\",\"url\":\"https:\/\/experienciadevida.com.ar\/portalurbano\/wp-content\/uploads\/2019\/09\/Logo-Original.png\",\"contentUrl\":\"https:\/\/experienciadevida.com.ar\/portalurbano\/wp-content\/uploads\/2019\/09\/Logo-Original.png\",\"width\":2236,\"height\":1216,\"caption\":\"Portal Urbano\"},\"image\":{\"@id\":\"https:\/\/experienciadevida.com.ar\/portalurbano\/#\/schema\/logo\/image\/\"},\"sameAs\":[\"https:\/\/www.facebook.com\/Portal-Urbano-171542830093757\/\",\"https:\/\/twitter.com\/portalurbanook\",\"https:\/\/www.instagram.com\/_portalurbano\/\",\"https:\/\/www.youtube.com\/channel\/UCXhagIfszH8KxFiOok79zbA?view_as=subscriber\"]},{\"@type\":\"Person\",\"@id\":\"https:\/\/experienciadevida.com.ar\/portalurbano\/#\/schema\/person\/02dd326b1c4b056e9cc972486934a3a7\",\"name\":\"admpu17wp\",\"image\":{\"@type\":\"ImageObject\",\"inLanguage\":\"es\",\"@id\":\"https:\/\/experienciadevida.com.ar\/portalurbano\/#\/schema\/person\/image\/\",\"url\":\"https:\/\/secure.gravatar.com\/avatar\/830d4c57adaae6630765e449a6908047?s=96&d=mm&r=g\",\"contentUrl\":\"https:\/\/secure.gravatar.com\/avatar\/830d4c57adaae6630765e449a6908047?s=96&d=mm&r=g\",\"caption\":\"admpu17wp\"}}]}<\/script>\n<!-- \/ Yoast SEO plugin. -->","yoast_head_json":{"title":"\"La ciencia debe garantizar derechos humanos\"","description":"\u201cLa ciencia debe garantizar derechos humanos\u201d, entiende la ciencia como un modo de acceder a una mejor calidad de vida","robots":{"index":"index","follow":"follow","max-snippet":"max-snippet:-1","max-image-preview":"max-image-preview:large","max-video-preview":"max-video-preview:-1"},"canonical":"https:\/\/experienciadevida.com.ar\/portalurbano\/la-ciencia-debe-garantizar-derechos-humanos\/","og_locale":"es_ES","og_type":"article","og_title":"\"La ciencia debe garantizar derechos humanos\"","og_description":"\u201cLa ciencia debe garantizar derechos humanos\u201d, entiende la ciencia como un modo de acceder a una mejor calidad de vida","og_url":"https:\/\/experienciadevida.com.ar\/portalurbano\/la-ciencia-debe-garantizar-derechos-humanos\/","article_publisher":"https:\/\/www.facebook.com\/Portal-Urbano-171542830093757\/","article_published_time":"2022-05-07T15:45:08+00:00","article_modified_time":"2022-05-07T15:45:43+00:00","og_image":[{"width":1156,"height":867,"url":"https:\/\/experienciadevida.com.ar\/portalurbano\/wp-content\/uploads\/2022\/05\/La-ciencia-debe-garantizar.jpg","type":"image\/jpeg"}],"author":"admpu17wp","twitter_card":"summary_large_image","twitter_creator":"@portalurbanook","twitter_site":"@portalurbanook","twitter_misc":{"Escrito por":"admpu17wp","Tiempo de lectura":"7 minutos"},"schema":{"@context":"https:\/\/schema.org","@graph":[{"@type":"Article","@id":"https:\/\/experienciadevida.com.ar\/portalurbano\/la-ciencia-debe-garantizar-derechos-humanos\/#article","isPartOf":{"@id":"https:\/\/experienciadevida.com.ar\/portalurbano\/la-ciencia-debe-garantizar-derechos-humanos\/"},"author":{"name":"admpu17wp","@id":"https:\/\/experienciadevida.com.ar\/portalurbano\/#\/schema\/person\/02dd326b1c4b056e9cc972486934a3a7"},"headline":"\u201cLa ciencia debe garantizar derechos humanos\u201d","datePublished":"2022-05-07T15:45:08+00:00","dateModified":"2022-05-07T15:45:43+00:00","mainEntityOfPage":{"@id":"https:\/\/experienciadevida.com.ar\/portalurbano\/la-ciencia-debe-garantizar-derechos-humanos\/"},"wordCount":1630,"publisher":{"@id":"https:\/\/experienciadevida.com.ar\/portalurbano\/#organization"},"articleSection":["Educaci\u00f3n"],"inLanguage":"es"},{"@type":"WebPage","@id":"https:\/\/experienciadevida.com.ar\/portalurbano\/la-ciencia-debe-garantizar-derechos-humanos\/","url":"https:\/\/experienciadevida.com.ar\/portalurbano\/la-ciencia-debe-garantizar-derechos-humanos\/","name":"\"La ciencia debe garantizar derechos humanos\"","isPartOf":{"@id":"https:\/\/experienciadevida.com.ar\/portalurbano\/#website"},"datePublished":"2022-05-07T15:45:08+00:00","dateModified":"2022-05-07T15:45:43+00:00","description":"\u201cLa ciencia debe garantizar derechos humanos\u201d, entiende la ciencia como un modo de acceder a una mejor calidad de vida","breadcrumb":{"@id":"https:\/\/experienciadevida.com.ar\/portalurbano\/la-ciencia-debe-garantizar-derechos-humanos\/#breadcrumb"},"inLanguage":"es","potentialAction":[{"@type":"ReadAction","target":["https:\/\/experienciadevida.com.ar\/portalurbano\/la-ciencia-debe-garantizar-derechos-humanos\/"]}]},{"@type":"BreadcrumbList","@id":"https:\/\/experienciadevida.com.ar\/portalurbano\/la-ciencia-debe-garantizar-derechos-humanos\/#breadcrumb","itemListElement":[{"@type":"ListItem","position":1,"name":"Portada","item":"https:\/\/experienciadevida.com.ar\/portalurbano\/"},{"@type":"ListItem","position":2,"name":"\u201cLa ciencia debe garantizar derechos humanos\u201d"}]},{"@type":"WebSite","@id":"https:\/\/experienciadevida.com.ar\/portalurbano\/#website","url":"https:\/\/experienciadevida.com.ar\/portalurbano\/","name":"","description":"","publisher":{"@id":"https:\/\/experienciadevida.com.ar\/portalurbano\/#organization"},"potentialAction":[{"@type":"SearchAction","target":{"@type":"EntryPoint","urlTemplate":"https:\/\/experienciadevida.com.ar\/portalurbano\/?s={search_term_string}"},"query-input":"required name=search_term_string"}],"inLanguage":"es"},{"@type":"Organization","@id":"https:\/\/experienciadevida.com.ar\/portalurbano\/#organization","name":"Portal Urbano","url":"https:\/\/experienciadevida.com.ar\/portalurbano\/","logo":{"@type":"ImageObject","inLanguage":"es","@id":"https:\/\/experienciadevida.com.ar\/portalurbano\/#\/schema\/logo\/image\/","url":"https:\/\/experienciadevida.com.ar\/portalurbano\/wp-content\/uploads\/2019\/09\/Logo-Original.png","contentUrl":"https:\/\/experienciadevida.com.ar\/portalurbano\/wp-content\/uploads\/2019\/09\/Logo-Original.png","width":2236,"height":1216,"caption":"Portal Urbano"},"image":{"@id":"https:\/\/experienciadevida.com.ar\/portalurbano\/#\/schema\/logo\/image\/"},"sameAs":["https:\/\/www.facebook.com\/Portal-Urbano-171542830093757\/","https:\/\/twitter.com\/portalurbanook","https:\/\/www.instagram.com\/_portalurbano\/","https:\/\/www.youtube.com\/channel\/UCXhagIfszH8KxFiOok79zbA?view_as=subscriber"]},{"@type":"Person","@id":"https:\/\/experienciadevida.com.ar\/portalurbano\/#\/schema\/person\/02dd326b1c4b056e9cc972486934a3a7","name":"admpu17wp","image":{"@type":"ImageObject","inLanguage":"es","@id":"https:\/\/experienciadevida.com.ar\/portalurbano\/#\/schema\/person\/image\/","url":"https:\/\/secure.gravatar.com\/avatar\/830d4c57adaae6630765e449a6908047?s=96&d=mm&r=g","contentUrl":"https:\/\/secure.gravatar.com\/avatar\/830d4c57adaae6630765e449a6908047?s=96&d=mm&r=g","caption":"admpu17wp"}}]}},"featured_image_urls":{"full":["https:\/\/experienciadevida.com.ar\/portalurbano\/wp-content\/uploads\/2022\/05\/La-ciencia-debe-garantizar.jpg",1156,867,false],"thumbnail":["https:\/\/experienciadevida.com.ar\/portalurbano\/wp-content\/uploads\/2022\/05\/La-ciencia-debe-garantizar-150x150.jpg",150,150,true],"medium":["https:\/\/experienciadevida.com.ar\/portalurbano\/wp-content\/uploads\/2022\/05\/La-ciencia-debe-garantizar-300x225.jpg",300,225,true],"medium_large":["https:\/\/experienciadevida.com.ar\/portalurbano\/wp-content\/uploads\/2022\/05\/La-ciencia-debe-garantizar-768x576.jpg",640,480,true],"large":["https:\/\/experienciadevida.com.ar\/portalurbano\/wp-content\/uploads\/2022\/05\/La-ciencia-debe-garantizar-1024x768.jpg",640,480,true],"ug_big":["https:\/\/experienciadevida.com.ar\/portalurbano\/wp-content\/uploads\/2022\/05\/La-ciencia-debe-garantizar-768x576.jpg",768,576,true],"1536x1536":["https:\/\/experienciadevida.com.ar\/portalurbano\/wp-content\/uploads\/2022\/05\/La-ciencia-debe-garantizar.jpg",1156,867,false],"2048x2048":["https:\/\/experienciadevida.com.ar\/portalurbano\/wp-content\/uploads\/2022\/05\/La-ciencia-debe-garantizar.jpg",1156,867,false],"newsever-slider-full":["https:\/\/experienciadevida.com.ar\/portalurbano\/wp-content\/uploads\/2022\/05\/La-ciencia-debe-garantizar.jpg",1127,845,false],"newsever-featured":["https:\/\/experienciadevida.com.ar\/portalurbano\/wp-content\/uploads\/2022\/05\/La-ciencia-debe-garantizar.jpg",1024,768,false],"newsever-medium":["https:\/\/experienciadevida.com.ar\/portalurbano\/wp-content\/uploads\/2022\/05\/La-ciencia-debe-garantizar.jpg",633,475,false],"web-stories-poster-portrait":["https:\/\/experienciadevida.com.ar\/portalurbano\/wp-content\/uploads\/2022\/05\/La-ciencia-debe-garantizar.jpg",640,480,false],"web-stories-publisher-logo":["https:\/\/experienciadevida.com.ar\/portalurbano\/wp-content\/uploads\/2022\/05\/La-ciencia-debe-garantizar.jpg",96,72,false],"web-stories-thumbnail":["https:\/\/experienciadevida.com.ar\/portalurbano\/wp-content\/uploads\/2022\/05\/La-ciencia-debe-garantizar.jpg",150,113,false]},"author_info":{"display_name":"admpu17wp","author_link":"https:\/\/experienciadevida.com.ar\/portalurbano\/author\/admpu17wp\/"},"category_info":"<a href=\"https:\/\/experienciadevida.com.ar\/portalurbano\/category\/ciudad\/educacion\/\" rel=\"category tag\">Educaci\u00f3n<\/a>","tag_info":"Educaci\u00f3n","comment_count":"0","amp_enabled":true,"_links":{"self":[{"href":"https:\/\/experienciadevida.com.ar\/portalurbano\/wp-json\/wp\/v2\/posts\/167258"}],"collection":[{"href":"https:\/\/experienciadevida.com.ar\/portalurbano\/wp-json\/wp\/v2\/posts"}],"about":[{"href":"https:\/\/experienciadevida.com.ar\/portalurbano\/wp-json\/wp\/v2\/types\/post"}],"author":[{"embeddable":true,"href":"https:\/\/experienciadevida.com.ar\/portalurbano\/wp-json\/wp\/v2\/users\/1"}],"replies":[{"embeddable":true,"href":"https:\/\/experienciadevida.com.ar\/portalurbano\/wp-json\/wp\/v2\/comments?post=167258"}],"version-history":[{"count":2,"href":"https:\/\/experienciadevida.com.ar\/portalurbano\/wp-json\/wp\/v2\/posts\/167258\/revisions"}],"predecessor-version":[{"id":167261,"href":"https:\/\/experienciadevida.com.ar\/portalurbano\/wp-json\/wp\/v2\/posts\/167258\/revisions\/167261"}],"wp:featuredmedia":[{"embeddable":true,"href":"https:\/\/experienciadevida.com.ar\/portalurbano\/wp-json\/wp\/v2\/media\/167259"}],"wp:attachment":[{"href":"https:\/\/experienciadevida.com.ar\/portalurbano\/wp-json\/wp\/v2\/media?parent=167258"}],"wp:term":[{"taxonomy":"category","embeddable":true,"href":"https:\/\/experienciadevida.com.ar\/portalurbano\/wp-json\/wp\/v2\/categories?post=167258"},{"taxonomy":"post_tag","embeddable":true,"href":"https:\/\/experienciadevida.com.ar\/portalurbano\/wp-json\/wp\/v2\/tags?post=167258"}],"curies":[{"name":"wp","href":"https:\/\/api.w.org\/{rel}","templated":true}]}}