{"id":167238,"date":"2022-05-07T12:08:19","date_gmt":"2022-05-07T15:08:19","guid":{"rendered":"https:\/\/experienciadevida.com.ar\/portalurbano\/?p=167238"},"modified":"2022-05-07T12:08:47","modified_gmt":"2022-05-07T15:08:47","slug":"charla-sobre-planes-de-ahorro-la-pandemia-fue-un-hecho-disruptivo-en-la-vida-del-consumidor","status":"publish","type":"post","link":"https:\/\/experienciadevida.com.ar\/portalurbano\/charla-sobre-planes-de-ahorro-la-pandemia-fue-un-hecho-disruptivo-en-la-vida-del-consumidor\/","title":{"rendered":"Charla sobre planes de ahorro: \u201cLa pandemia fue un hecho disruptivo en la vida del consumidor\u201d"},"content":{"rendered":"<p>Charla sobre planes de ahorro: \u201cLa pandemia fue un hecho disruptivo en la vida del consumidor\u201d, el pr\u00f3ximo 10 de mayo, desde las 16:30, v\u00eda streaming, el Dr. Juan Ignacio Cruz Matteri brindar\u00e1 una charla denominada \u201cPlanes de ahorro\u201d, donde se abordar\u00e1n aspectos te\u00f3rico-pr\u00e1cticos, con jurisprudencia actualizada, sobre los planes de ahorro automotor y la problem\u00e1tica derivada del ajuste de las cuotas, la posible aplicaci\u00f3n de la teor\u00eda de la imprevisi\u00f3n, la no entrega de veh\u00edculos, cesi\u00f3n de parte, devoluci\u00f3n de cuotas por rescisi\u00f3n o renuncia, as\u00ed como diversas cuestiones procesales.<\/p>\n<p>\u201cLa emergencia econ\u00f3mica que introdujo la pandemia oblig\u00f3 a pensar en un nuevo marco de la protecci\u00f3n de los consumidores. Trat\u00e1ndose de los planes de ahorro en particular, hemos visto que esas estrategias tuvieron como eje la sostenibilidad del contrato a partir de un ajuste en las cuotas que les permitiera seguir cumpliendo con el pago. De estos temas y de otros de estricta actualidad en el escenario de los derechos del consumidor, disertar\u00e1 Cruz Matteri, con el fin de acercar a matriculados y matriculadas de nuestro Colegio, jurisprudencia actualizada de una tem\u00e1tica vital para la realidad econ\u00f3mica de las personas\u201d, sostiene el Dr. Gast\u00f3n Argeri, presidente del Colegio de Abogados Departamental.<\/p>\n<p><strong>Pandemia y renegociaci\u00f3n<\/strong><\/p>\n<p>\u201cLa pandemia fue un hecho disruptivo en nuestras vidas y supuso tambi\u00e9n un impacto econ\u00f3mico en la vida del consumidor. Los bienes aumentaron, los costos tambi\u00e9n, algunos salarios disminuyeron y no tuvo la misma capacidad adquisitiva que en a\u00f1os anteriores. El cumplimiento con los plazos de pagos de estos planes de auto-ahorro fue, en algunos casos, excesivamente oneroso para consumidores particularmente afectados por la pandemia. A ra\u00edz de ello, los \u00f3rganos de la administraci\u00f3n p\u00fablica emitieron diferentes tipos de normativas, a fin de convocar a las partes a que renegocien esos contratos, en virtud de los altos incumplimientos y de la alta tasa de morosidad que se estaba registrando\u201d, se\u00f1ala Cruz Matteri.<br \/>\nPlanes de ahorro y ajuste de cuotas: perjuicios y medidas protectorias<br \/>\n\u201cEn lo relativo al ajuste de la cuota, el perjuicio que reclama el consumidor es que se ve imposibilitado de cumplir el contrato. Por lo general, no plantea su revocaci\u00f3n o rescisi\u00f3n. En la mayor\u00eda de los casos, tiene voluntad de cumplimiento porque aspira a obtener el bien que, en el caso de un plan de autoahorro ser\u00eda un rodado. Pero el aumento de las cuotas -que muchas veces excede el \u00edndice de inflaci\u00f3n y el costo de la canasta b\u00e1sica e inclusive el aumento del valor base del rodado- impacta en la cuota sensiblemente, entonces se peticiona a la Judicatura para adaptar esas cuotas, a modo de tutela anticipada o medida cautelar que busca ajustar a un monto que el consumidor pueda abonar\u201d.<\/p>\n<p><strong>Cuestiones procesales m\u00e1s invocadas<\/strong><\/p>\n<p>\u201cLas cuestiones procesales que se invocan en relaci\u00f3n a las normativas vigentes son, en primer lugar, la aplicaci\u00f3n de la Ley N\u00ba 20.240 de Defensa del Consumidor porque se trata de un proceso de consumo; luego, los art\u00edculos del C\u00f3digo Civil y Comercial relativos a los alcances del contrato de consumo; finalmente, los principios del Derecho que es la buena fe y tambi\u00e9n la responsabilidad solidaria a la que refiere la Ley N\u00ba 24.240.<\/p>\n<p>Charla sobre planes de ahorro, a veces los matriculados cometen errores vinculados a este contrato que es complejo y que trae aparejados contratos conexos que invoca el C\u00f3digo Civil y Comercial. Hay diferentes tipos de actores que el consumidor debe demandar, como la concesionaria, la administradora del plan y la industria automotriz. Todas esas cuestiones son vitales a tener en cuenta ante cualquier tipo de medida cautelar que se quiera aplicar, al igual que la carga de la prueba\u201d, concluye el disertante.<\/p>\n<p>La actividad es organizada por el Colegio de Abogados del Departamento Judicial de Azul y ser\u00e1 no arancelada para sus matriculadas y matriculados.<\/p>\n","protected":false},"excerpt":{"rendered":"<p>Charla sobre planes de ahorro: \u201cLa pandemia fue un hecho disruptivo en la vida del&#8230;<\/p>\n","protected":false},"author":1,"featured_media":167239,"comment_status":"closed","ping_status":"closed","sticky":false,"template":"","format":"standard","meta":{"content-type":""},"categories":[27],"tags":[],"nelio_content":{"isAutoShareEnabled":false,"autoShareEndMode":"default","automationSources":{"useContentSentences":true,"useSocialTemplates":true,"useCustomSentences":false,"customSentences":[]},"followers":[1],"suggestedReferences":[],"includedReferences":[],"efiUrl":"","efiAlt":"","highlights":[]},"yoast_head":"<!-- This site is optimized with the Yoast SEO plugin v20.7 - https:\/\/yoast.com\/wordpress\/plugins\/seo\/ -->\n<title>Charla sobre planes de ahorro: &quot;La pandemia fue disruptiva&quot;<\/title>\n<meta name=\"description\" content=\"Charla sobre planes de ahorro: \u201cLa pandemia fue un hecho disruptivo en la vida del consumidor\u201d, el pr\u00f3ximo 10 de mayo,\" \/>\n<meta name=\"robots\" content=\"index, follow, max-snippet:-1, max-image-preview:large, max-video-preview:-1\" \/>\n<link rel=\"canonical\" href=\"https:\/\/experienciadevida.com.ar\/portalurbano\/charla-sobre-planes-de-ahorro-la-pandemia-fue-un-hecho-disruptivo-en-la-vida-del-consumidor\/\" \/>\n<meta property=\"og:locale\" content=\"es_ES\" \/>\n<meta property=\"og:type\" content=\"article\" \/>\n<meta property=\"og:title\" content=\"Charla sobre planes de ahorro: &quot;La pandemia fue disruptiva&quot;\" \/>\n<meta property=\"og:description\" content=\"Charla sobre planes de ahorro: \u201cLa pandemia fue un hecho disruptivo en la vida del consumidor\u201d, el pr\u00f3ximo 10 de mayo,\" \/>\n<meta property=\"og:url\" content=\"https:\/\/experienciadevida.com.ar\/portalurbano\/charla-sobre-planes-de-ahorro-la-pandemia-fue-un-hecho-disruptivo-en-la-vida-del-consumidor\/\" \/>\n<meta property=\"article:publisher\" content=\"https:\/\/www.facebook.com\/Portal-Urbano-171542830093757\/\" \/>\n<meta property=\"article:published_time\" content=\"2022-05-07T15:08:19+00:00\" \/>\n<meta property=\"article:modified_time\" content=\"2022-05-07T15:08:47+00:00\" \/>\n<meta property=\"og:image\" content=\"https:\/\/experienciadevida.com.ar\/portalurbano\/wp-content\/uploads\/2022\/05\/Charla-sobre-planes-de.jpg\" \/>\n\t<meta property=\"og:image:width\" content=\"812\" \/>\n\t<meta property=\"og:image:height\" content=\"1001\" \/>\n\t<meta property=\"og:image:type\" content=\"image\/jpeg\" \/>\n<meta name=\"author\" content=\"admpu17wp\" \/>\n<meta name=\"twitter:card\" content=\"summary_large_image\" \/>\n<meta name=\"twitter:creator\" content=\"@portalurbanook\" \/>\n<meta name=\"twitter:site\" content=\"@portalurbanook\" \/>\n<meta name=\"twitter:label1\" content=\"Escrito por\" \/>\n\t<meta name=\"twitter:data1\" content=\"admpu17wp\" \/>\n\t<meta name=\"twitter:label2\" content=\"Tiempo de lectura\" \/>\n\t<meta name=\"twitter:data2\" content=\"3 minutos\" \/>\n<script type=\"application\/ld+json\" class=\"yoast-schema-graph\">{\"@context\":\"https:\/\/schema.org\",\"@graph\":[{\"@type\":\"Article\",\"@id\":\"https:\/\/experienciadevida.com.ar\/portalurbano\/charla-sobre-planes-de-ahorro-la-pandemia-fue-un-hecho-disruptivo-en-la-vida-del-consumidor\/#article\",\"isPartOf\":{\"@id\":\"https:\/\/experienciadevida.com.ar\/portalurbano\/charla-sobre-planes-de-ahorro-la-pandemia-fue-un-hecho-disruptivo-en-la-vida-del-consumidor\/\"},\"author\":{\"name\":\"admpu17wp\",\"@id\":\"https:\/\/experienciadevida.com.ar\/portalurbano\/#\/schema\/person\/02dd326b1c4b056e9cc972486934a3a7\"},\"headline\":\"Charla sobre planes de ahorro: \u201cLa pandemia fue un hecho disruptivo en la vida del consumidor\u201d\",\"datePublished\":\"2022-05-07T15:08:19+00:00\",\"dateModified\":\"2022-05-07T15:08:47+00:00\",\"mainEntityOfPage\":{\"@id\":\"https:\/\/experienciadevida.com.ar\/portalurbano\/charla-sobre-planes-de-ahorro-la-pandemia-fue-un-hecho-disruptivo-en-la-vida-del-consumidor\/\"},\"wordCount\":689,\"publisher\":{\"@id\":\"https:\/\/experienciadevida.com.ar\/portalurbano\/#organization\"},\"articleSection\":[\"Ciudad\"],\"inLanguage\":\"es\"},{\"@type\":\"WebPage\",\"@id\":\"https:\/\/experienciadevida.com.ar\/portalurbano\/charla-sobre-planes-de-ahorro-la-pandemia-fue-un-hecho-disruptivo-en-la-vida-del-consumidor\/\",\"url\":\"https:\/\/experienciadevida.com.ar\/portalurbano\/charla-sobre-planes-de-ahorro-la-pandemia-fue-un-hecho-disruptivo-en-la-vida-del-consumidor\/\",\"name\":\"Charla sobre planes de ahorro: \\\"La pandemia fue disruptiva\\\"\",\"isPartOf\":{\"@id\":\"https:\/\/experienciadevida.com.ar\/portalurbano\/#website\"},\"datePublished\":\"2022-05-07T15:08:19+00:00\",\"dateModified\":\"2022-05-07T15:08:47+00:00\",\"description\":\"Charla sobre planes de ahorro: \u201cLa pandemia fue un hecho disruptivo en la vida del consumidor\u201d, el pr\u00f3ximo 10 de mayo,\",\"breadcrumb\":{\"@id\":\"https:\/\/experienciadevida.com.ar\/portalurbano\/charla-sobre-planes-de-ahorro-la-pandemia-fue-un-hecho-disruptivo-en-la-vida-del-consumidor\/#breadcrumb\"},\"inLanguage\":\"es\",\"potentialAction\":[{\"@type\":\"ReadAction\",\"target\":[\"https:\/\/experienciadevida.com.ar\/portalurbano\/charla-sobre-planes-de-ahorro-la-pandemia-fue-un-hecho-disruptivo-en-la-vida-del-consumidor\/\"]}]},{\"@type\":\"BreadcrumbList\",\"@id\":\"https:\/\/experienciadevida.com.ar\/portalurbano\/charla-sobre-planes-de-ahorro-la-pandemia-fue-un-hecho-disruptivo-en-la-vida-del-consumidor\/#breadcrumb\",\"itemListElement\":[{\"@type\":\"ListItem\",\"position\":1,\"name\":\"Portada\",\"item\":\"https:\/\/experienciadevida.com.ar\/portalurbano\/\"},{\"@type\":\"ListItem\",\"position\":2,\"name\":\"Charla sobre planes de ahorro: \u201cLa pandemia fue un hecho disruptivo en la vida del consumidor\u201d\"}]},{\"@type\":\"WebSite\",\"@id\":\"https:\/\/experienciadevida.com.ar\/portalurbano\/#website\",\"url\":\"https:\/\/experienciadevida.com.ar\/portalurbano\/\",\"name\":\"\",\"description\":\"\",\"publisher\":{\"@id\":\"https:\/\/experienciadevida.com.ar\/portalurbano\/#organization\"},\"potentialAction\":[{\"@type\":\"SearchAction\",\"target\":{\"@type\":\"EntryPoint\",\"urlTemplate\":\"https:\/\/experienciadevida.com.ar\/portalurbano\/?s={search_term_string}\"},\"query-input\":\"required name=search_term_string\"}],\"inLanguage\":\"es\"},{\"@type\":\"Organization\",\"@id\":\"https:\/\/experienciadevida.com.ar\/portalurbano\/#organization\",\"name\":\"Portal Urbano\",\"url\":\"https:\/\/experienciadevida.com.ar\/portalurbano\/\",\"logo\":{\"@type\":\"ImageObject\",\"inLanguage\":\"es\",\"@id\":\"https:\/\/experienciadevida.com.ar\/portalurbano\/#\/schema\/logo\/image\/\",\"url\":\"https:\/\/experienciadevida.com.ar\/portalurbano\/wp-content\/uploads\/2019\/09\/Logo-Original.png\",\"contentUrl\":\"https:\/\/experienciadevida.com.ar\/portalurbano\/wp-content\/uploads\/2019\/09\/Logo-Original.png\",\"width\":2236,\"height\":1216,\"caption\":\"Portal Urbano\"},\"image\":{\"@id\":\"https:\/\/experienciadevida.com.ar\/portalurbano\/#\/schema\/logo\/image\/\"},\"sameAs\":[\"https:\/\/www.facebook.com\/Portal-Urbano-171542830093757\/\",\"https:\/\/twitter.com\/portalurbanook\",\"https:\/\/www.instagram.com\/_portalurbano\/\",\"https:\/\/www.youtube.com\/channel\/UCXhagIfszH8KxFiOok79zbA?view_as=subscriber\"]},{\"@type\":\"Person\",\"@id\":\"https:\/\/experienciadevida.com.ar\/portalurbano\/#\/schema\/person\/02dd326b1c4b056e9cc972486934a3a7\",\"name\":\"admpu17wp\",\"image\":{\"@type\":\"ImageObject\",\"inLanguage\":\"es\",\"@id\":\"https:\/\/experienciadevida.com.ar\/portalurbano\/#\/schema\/person\/image\/\",\"url\":\"https:\/\/secure.gravatar.com\/avatar\/830d4c57adaae6630765e449a6908047?s=96&d=mm&r=g\",\"contentUrl\":\"https:\/\/secure.gravatar.com\/avatar\/830d4c57adaae6630765e449a6908047?s=96&d=mm&r=g\",\"caption\":\"admpu17wp\"}}]}<\/script>\n<!-- \/ Yoast SEO plugin. -->","yoast_head_json":{"title":"Charla sobre planes de ahorro: \"La pandemia fue disruptiva\"","description":"Charla sobre planes de ahorro: \u201cLa pandemia fue un hecho disruptivo en la vida del consumidor\u201d, el pr\u00f3ximo 10 de mayo,","robots":{"index":"index","follow":"follow","max-snippet":"max-snippet:-1","max-image-preview":"max-image-preview:large","max-video-preview":"max-video-preview:-1"},"canonical":"https:\/\/experienciadevida.com.ar\/portalurbano\/charla-sobre-planes-de-ahorro-la-pandemia-fue-un-hecho-disruptivo-en-la-vida-del-consumidor\/","og_locale":"es_ES","og_type":"article","og_title":"Charla sobre planes de ahorro: \"La pandemia fue disruptiva\"","og_description":"Charla sobre planes de ahorro: \u201cLa pandemia fue un hecho disruptivo en la vida del consumidor\u201d, el pr\u00f3ximo 10 de mayo,","og_url":"https:\/\/experienciadevida.com.ar\/portalurbano\/charla-sobre-planes-de-ahorro-la-pandemia-fue-un-hecho-disruptivo-en-la-vida-del-consumidor\/","article_publisher":"https:\/\/www.facebook.com\/Portal-Urbano-171542830093757\/","article_published_time":"2022-05-07T15:08:19+00:00","article_modified_time":"2022-05-07T15:08:47+00:00","og_image":[{"width":812,"height":1001,"url":"https:\/\/experienciadevida.com.ar\/portalurbano\/wp-content\/uploads\/2022\/05\/Charla-sobre-planes-de.jpg","type":"image\/jpeg"}],"author":"admpu17wp","twitter_card":"summary_large_image","twitter_creator":"@portalurbanook","twitter_site":"@portalurbanook","twitter_misc":{"Escrito por":"admpu17wp","Tiempo de lectura":"3 minutos"},"schema":{"@context":"https:\/\/schema.org","@graph":[{"@type":"Article","@id":"https:\/\/experienciadevida.com.ar\/portalurbano\/charla-sobre-planes-de-ahorro-la-pandemia-fue-un-hecho-disruptivo-en-la-vida-del-consumidor\/#article","isPartOf":{"@id":"https:\/\/experienciadevida.com.ar\/portalurbano\/charla-sobre-planes-de-ahorro-la-pandemia-fue-un-hecho-disruptivo-en-la-vida-del-consumidor\/"},"author":{"name":"admpu17wp","@id":"https:\/\/experienciadevida.com.ar\/portalurbano\/#\/schema\/person\/02dd326b1c4b056e9cc972486934a3a7"},"headline":"Charla sobre planes de ahorro: \u201cLa pandemia fue un hecho disruptivo en la vida del consumidor\u201d","datePublished":"2022-05-07T15:08:19+00:00","dateModified":"2022-05-07T15:08:47+00:00","mainEntityOfPage":{"@id":"https:\/\/experienciadevida.com.ar\/portalurbano\/charla-sobre-planes-de-ahorro-la-pandemia-fue-un-hecho-disruptivo-en-la-vida-del-consumidor\/"},"wordCount":689,"publisher":{"@id":"https:\/\/experienciadevida.com.ar\/portalurbano\/#organization"},"articleSection":["Ciudad"],"inLanguage":"es"},{"@type":"WebPage","@id":"https:\/\/experienciadevida.com.ar\/portalurbano\/charla-sobre-planes-de-ahorro-la-pandemia-fue-un-hecho-disruptivo-en-la-vida-del-consumidor\/","url":"https:\/\/experienciadevida.com.ar\/portalurbano\/charla-sobre-planes-de-ahorro-la-pandemia-fue-un-hecho-disruptivo-en-la-vida-del-consumidor\/","name":"Charla sobre planes de ahorro: \"La pandemia fue disruptiva\"","isPartOf":{"@id":"https:\/\/experienciadevida.com.ar\/portalurbano\/#website"},"datePublished":"2022-05-07T15:08:19+00:00","dateModified":"2022-05-07T15:08:47+00:00","description":"Charla sobre planes de ahorro: \u201cLa pandemia fue un hecho disruptivo en la vida del consumidor\u201d, el pr\u00f3ximo 10 de mayo,","breadcrumb":{"@id":"https:\/\/experienciadevida.com.ar\/portalurbano\/charla-sobre-planes-de-ahorro-la-pandemia-fue-un-hecho-disruptivo-en-la-vida-del-consumidor\/#breadcrumb"},"inLanguage":"es","potentialAction":[{"@type":"ReadAction","target":["https:\/\/experienciadevida.com.ar\/portalurbano\/charla-sobre-planes-de-ahorro-la-pandemia-fue-un-hecho-disruptivo-en-la-vida-del-consumidor\/"]}]},{"@type":"BreadcrumbList","@id":"https:\/\/experienciadevida.com.ar\/portalurbano\/charla-sobre-planes-de-ahorro-la-pandemia-fue-un-hecho-disruptivo-en-la-vida-del-consumidor\/#breadcrumb","itemListElement":[{"@type":"ListItem","position":1,"name":"Portada","item":"https:\/\/experienciadevida.com.ar\/portalurbano\/"},{"@type":"ListItem","position":2,"name":"Charla sobre planes de ahorro: \u201cLa pandemia fue un hecho disruptivo en la vida del consumidor\u201d"}]},{"@type":"WebSite","@id":"https:\/\/experienciadevida.com.ar\/portalurbano\/#website","url":"https:\/\/experienciadevida.com.ar\/portalurbano\/","name":"","description":"","publisher":{"@id":"https:\/\/experienciadevida.com.ar\/portalurbano\/#organization"},"potentialAction":[{"@type":"SearchAction","target":{"@type":"EntryPoint","urlTemplate":"https:\/\/experienciadevida.com.ar\/portalurbano\/?s={search_term_string}"},"query-input":"required name=search_term_string"}],"inLanguage":"es"},{"@type":"Organization","@id":"https:\/\/experienciadevida.com.ar\/portalurbano\/#organization","name":"Portal Urbano","url":"https:\/\/experienciadevida.com.ar\/portalurbano\/","logo":{"@type":"ImageObject","inLanguage":"es","@id":"https:\/\/experienciadevida.com.ar\/portalurbano\/#\/schema\/logo\/image\/","url":"https:\/\/experienciadevida.com.ar\/portalurbano\/wp-content\/uploads\/2019\/09\/Logo-Original.png","contentUrl":"https:\/\/experienciadevida.com.ar\/portalurbano\/wp-content\/uploads\/2019\/09\/Logo-Original.png","width":2236,"height":1216,"caption":"Portal Urbano"},"image":{"@id":"https:\/\/experienciadevida.com.ar\/portalurbano\/#\/schema\/logo\/image\/"},"sameAs":["https:\/\/www.facebook.com\/Portal-Urbano-171542830093757\/","https:\/\/twitter.com\/portalurbanook","https:\/\/www.instagram.com\/_portalurbano\/","https:\/\/www.youtube.com\/channel\/UCXhagIfszH8KxFiOok79zbA?view_as=subscriber"]},{"@type":"Person","@id":"https:\/\/experienciadevida.com.ar\/portalurbano\/#\/schema\/person\/02dd326b1c4b056e9cc972486934a3a7","name":"admpu17wp","image":{"@type":"ImageObject","inLanguage":"es","@id":"https:\/\/experienciadevida.com.ar\/portalurbano\/#\/schema\/person\/image\/","url":"https:\/\/secure.gravatar.com\/avatar\/830d4c57adaae6630765e449a6908047?s=96&d=mm&r=g","contentUrl":"https:\/\/secure.gravatar.com\/avatar\/830d4c57adaae6630765e449a6908047?s=96&d=mm&r=g","caption":"admpu17wp"}}]}},"featured_image_urls":{"full":["https:\/\/experienciadevida.com.ar\/portalurbano\/wp-content\/uploads\/2022\/05\/Charla-sobre-planes-de.jpg",812,1001,false],"thumbnail":["https:\/\/experienciadevida.com.ar\/portalurbano\/wp-content\/uploads\/2022\/05\/Charla-sobre-planes-de-150x150.jpg",150,150,true],"medium":["https:\/\/experienciadevida.com.ar\/portalurbano\/wp-content\/uploads\/2022\/05\/Charla-sobre-planes-de-243x300.jpg",243,300,true],"medium_large":["https:\/\/experienciadevida.com.ar\/portalurbano\/wp-content\/uploads\/2022\/05\/Charla-sobre-planes-de-768x947.jpg",640,789,true],"large":["https:\/\/experienciadevida.com.ar\/portalurbano\/wp-content\/uploads\/2022\/05\/Charla-sobre-planes-de.jpg",640,789,false],"ug_big":["https:\/\/experienciadevida.com.ar\/portalurbano\/wp-content\/uploads\/2022\/05\/Charla-sobre-planes-de-623x768.jpg",623,768,true],"1536x1536":["https:\/\/experienciadevida.com.ar\/portalurbano\/wp-content\/uploads\/2022\/05\/Charla-sobre-planes-de.jpg",812,1001,false],"2048x2048":["https:\/\/experienciadevida.com.ar\/portalurbano\/wp-content\/uploads\/2022\/05\/Charla-sobre-planes-de.jpg",812,1001,false],"newsever-slider-full":["https:\/\/experienciadevida.com.ar\/portalurbano\/wp-content\/uploads\/2022\/05\/Charla-sobre-planes-de.jpg",685,845,false],"newsever-featured":["https:\/\/experienciadevida.com.ar\/portalurbano\/wp-content\/uploads\/2022\/05\/Charla-sobre-planes-de.jpg",812,1001,false],"newsever-medium":["https:\/\/experienciadevida.com.ar\/portalurbano\/wp-content\/uploads\/2022\/05\/Charla-sobre-planes-de.jpg",385,475,false],"web-stories-poster-portrait":["https:\/\/experienciadevida.com.ar\/portalurbano\/wp-content\/uploads\/2022\/05\/Charla-sobre-planes-de.jpg",640,789,false],"web-stories-publisher-logo":["https:\/\/experienciadevida.com.ar\/portalurbano\/wp-content\/uploads\/2022\/05\/Charla-sobre-planes-de.jpg",78,96,false],"web-stories-thumbnail":["https:\/\/experienciadevida.com.ar\/portalurbano\/wp-content\/uploads\/2022\/05\/Charla-sobre-planes-de.jpg",150,185,false]},"author_info":{"display_name":"admpu17wp","author_link":"https:\/\/experienciadevida.com.ar\/portalurbano\/author\/admpu17wp\/"},"category_info":"<a href=\"https:\/\/experienciadevida.com.ar\/portalurbano\/category\/ciudad\/\" rel=\"category tag\">Ciudad<\/a>","tag_info":"Ciudad","comment_count":"0","amp_enabled":true,"_links":{"self":[{"href":"https:\/\/experienciadevida.com.ar\/portalurbano\/wp-json\/wp\/v2\/posts\/167238"}],"collection":[{"href":"https:\/\/experienciadevida.com.ar\/portalurbano\/wp-json\/wp\/v2\/posts"}],"about":[{"href":"https:\/\/experienciadevida.com.ar\/portalurbano\/wp-json\/wp\/v2\/types\/post"}],"author":[{"embeddable":true,"href":"https:\/\/experienciadevida.com.ar\/portalurbano\/wp-json\/wp\/v2\/users\/1"}],"replies":[{"embeddable":true,"href":"https:\/\/experienciadevida.com.ar\/portalurbano\/wp-json\/wp\/v2\/comments?post=167238"}],"version-history":[{"count":2,"href":"https:\/\/experienciadevida.com.ar\/portalurbano\/wp-json\/wp\/v2\/posts\/167238\/revisions"}],"predecessor-version":[{"id":167241,"href":"https:\/\/experienciadevida.com.ar\/portalurbano\/wp-json\/wp\/v2\/posts\/167238\/revisions\/167241"}],"wp:featuredmedia":[{"embeddable":true,"href":"https:\/\/experienciadevida.com.ar\/portalurbano\/wp-json\/wp\/v2\/media\/167239"}],"wp:attachment":[{"href":"https:\/\/experienciadevida.com.ar\/portalurbano\/wp-json\/wp\/v2\/media?parent=167238"}],"wp:term":[{"taxonomy":"category","embeddable":true,"href":"https:\/\/experienciadevida.com.ar\/portalurbano\/wp-json\/wp\/v2\/categories?post=167238"},{"taxonomy":"post_tag","embeddable":true,"href":"https:\/\/experienciadevida.com.ar\/portalurbano\/wp-json\/wp\/v2\/tags?post=167238"}],"curies":[{"name":"wp","href":"https:\/\/api.w.org\/{rel}","templated":true}]}}