{"id":167220,"date":"2022-05-07T11:25:44","date_gmt":"2022-05-07T14:25:44","guid":{"rendered":"https:\/\/experienciadevida.com.ar\/portalurbano\/?p=167220"},"modified":"2022-05-07T11:26:18","modified_gmt":"2022-05-07T14:26:18","slug":"exponen-en-el-ceco-una-maravillosa-furia-una-muestra-sobre-eva-peron","status":"publish","type":"post","link":"https:\/\/experienciadevida.com.ar\/portalurbano\/exponen-en-el-ceco-una-maravillosa-furia-una-muestra-sobre-eva-peron\/","title":{"rendered":"Exponen en el CECO una &#8220;maravillosa furia&#8221;, una muestra sobre Eva Per\u00f3n"},"content":{"rendered":"<p>Exponen en el CECO una &#8220;maravillosa furia&#8221;, una muestra sobre Eva Per\u00f3n, de la artista pl\u00e1stica Mar\u00eda de los \u00c1ngeles Crovetto. Se exhibe en el Centro Empleados de Comercio del 7 al 17 de mayo. Podr\u00e1 visitarse de lunes<br \/>\na viernes de 8 a 18 horas. La entrada es libre, gratuita y abierta a toda la comunidad.<\/p>\n<p>Maravillosa Furia, la muestra de la artista pl\u00e1stica Mar\u00eda de los \u00c1ngeles Crovetto, inspirada en la figura de Evita, se exhibe en el <a href=\"https:\/\/www.facebook.com\/CECOOlavarria\">Centro Empleados de Comercio<\/a> de Olavarr\u00eda con entrada libre y gratuita. Se podr\u00e1 visitar hasta 17 de mayo en el marco del aniversario del gremio mercantil.<\/p>\n<p>Comprometida con el campo de la cultura popular, la autora destaca que Eva Duarte de Per\u00f3n, nacida en Los Toldos un 7 de mayo de 1919, \u201c*es un fen\u00f3meno como todo el movimiento peronista que atraves\u00f3 la vida de los argentinos, ya sea por el amor o el odio*\u201d, y mediante una colecci\u00f3n de 12 obras pintadas en acr\u00edlico sobre lienzo, propone un recorrido visual y est\u00e9tico, en donde la met\u00e1fora se hace color y forma.<\/p>\n<p>La exposici\u00f3n de Crovetto tiene lugar en el marco del 119\u00ba aniversario del sindicato de los empleados y empleadas de comercio de Olavarr\u00eda y podr\u00e1 visitarse entrada libre y gratuita, de lunes a viernes de 8 a 18 horas en el segundo piso de la sede del CECO ubicada en Coronel Su\u00e1rez 2752.<\/p>\n<p>Exponen en el CECO una &#8220;maravillosa furia&#8221;, anteriormente la muestra se exhibi\u00f3 en el Sal\u00f3n de los Pasos Perdidos de la C\u00e1mara de Diputados de la Naci\u00f3n (2013), en el Audit\u00f3rium Provincial de Mar del Plata (2014), en La Universidad Nacional de Quilmes (2014) y el Teatro Municipal de San Martin (2014), entre otros \u00e1mbitos institucionales y culturales.<\/p>\n<p><strong>Sobre la artista<\/strong><\/p>\n<p>Mar\u00eda de los \u00c1ngeles Crovetto es licenciada en Artes Visuales, pintora, muralista y escultora, egresada de la Universidad Nacional del Arte donde actualmente es profesora Titular de la c\u00e1tedra Artes Visuales Populares y<br \/>\nArte P\u00fablico Latinoamericano. El desarrollo de su carrera art\u00edstica est\u00e1 vinculado al campo de la cultura popular en diversas disciplinas visuales, como la pintura, la escultura y el muralismo.<\/p>\n","protected":false},"excerpt":{"rendered":"<p>Exponen en el CECO una &#8220;maravillosa furia&#8221;, una muestra sobre Eva Per\u00f3n, de la artista&#8230;<\/p>\n","protected":false},"author":1,"featured_media":167221,"comment_status":"closed","ping_status":"closed","sticky":false,"template":"","format":"standard","meta":{"content-type":""},"categories":[27],"tags":[],"nelio_content":{"isAutoShareEnabled":false,"autoShareEndMode":"default","automationSources":{"useContentSentences":true,"useSocialTemplates":true,"useCustomSentences":false,"customSentences":[]},"followers":[1],"suggestedReferences":[],"includedReferences":[],"efiUrl":"","efiAlt":"","highlights":[]},"yoast_head":"<!-- This site is optimized with the Yoast SEO plugin v20.7 - https:\/\/yoast.com\/wordpress\/plugins\/seo\/ -->\n<title>Exponen en el CECO una &quot;maravillosa furia&quot; una muestra sobre Per\u00f3n<\/title>\n<meta name=\"description\" content=\"Exponen en el CECO una &quot;maravillosa furia&quot;, una muestra sobre Eva Per\u00f3n, de la artista pl\u00e1stica Mar\u00eda de los \u00c1ngeles Crovetto\" \/>\n<meta name=\"robots\" content=\"index, follow, max-snippet:-1, max-image-preview:large, max-video-preview:-1\" \/>\n<link rel=\"canonical\" href=\"https:\/\/experienciadevida.com.ar\/portalurbano\/exponen-en-el-ceco-una-maravillosa-furia-una-muestra-sobre-eva-peron\/\" \/>\n<meta property=\"og:locale\" content=\"es_ES\" \/>\n<meta property=\"og:type\" content=\"article\" \/>\n<meta property=\"og:title\" content=\"Exponen en el CECO una &quot;maravillosa furia&quot; una muestra sobre Per\u00f3n\" \/>\n<meta property=\"og:description\" content=\"Exponen en el CECO una &quot;maravillosa furia&quot;, una muestra sobre Eva Per\u00f3n, de la artista pl\u00e1stica Mar\u00eda de los \u00c1ngeles Crovetto\" \/>\n<meta property=\"og:url\" content=\"https:\/\/experienciadevida.com.ar\/portalurbano\/exponen-en-el-ceco-una-maravillosa-furia-una-muestra-sobre-eva-peron\/\" \/>\n<meta property=\"article:publisher\" content=\"https:\/\/www.facebook.com\/Portal-Urbano-171542830093757\/\" \/>\n<meta property=\"article:published_time\" content=\"2022-05-07T14:25:44+00:00\" \/>\n<meta property=\"article:modified_time\" content=\"2022-05-07T14:26:18+00:00\" \/>\n<meta property=\"og:image\" content=\"https:\/\/experienciadevida.com.ar\/portalurbano\/wp-content\/uploads\/2022\/05\/Exponen-en-el-CECO.jpeg\" \/>\n\t<meta property=\"og:image:width\" content=\"1158\" \/>\n\t<meta property=\"og:image:height\" content=\"1280\" \/>\n\t<meta property=\"og:image:type\" content=\"image\/jpeg\" \/>\n<meta name=\"author\" content=\"admpu17wp\" \/>\n<meta name=\"twitter:card\" content=\"summary_large_image\" \/>\n<meta name=\"twitter:creator\" content=\"@portalurbanook\" \/>\n<meta name=\"twitter:site\" content=\"@portalurbanook\" \/>\n<meta name=\"twitter:label1\" content=\"Escrito por\" \/>\n\t<meta name=\"twitter:data1\" content=\"admpu17wp\" \/>\n\t<meta name=\"twitter:label2\" content=\"Tiempo de lectura\" \/>\n\t<meta name=\"twitter:data2\" content=\"2 minutos\" \/>\n<script type=\"application\/ld+json\" class=\"yoast-schema-graph\">{\"@context\":\"https:\/\/schema.org\",\"@graph\":[{\"@type\":\"Article\",\"@id\":\"https:\/\/experienciadevida.com.ar\/portalurbano\/exponen-en-el-ceco-una-maravillosa-furia-una-muestra-sobre-eva-peron\/#article\",\"isPartOf\":{\"@id\":\"https:\/\/experienciadevida.com.ar\/portalurbano\/exponen-en-el-ceco-una-maravillosa-furia-una-muestra-sobre-eva-peron\/\"},\"author\":{\"name\":\"admpu17wp\",\"@id\":\"https:\/\/experienciadevida.com.ar\/portalurbano\/#\/schema\/person\/02dd326b1c4b056e9cc972486934a3a7\"},\"headline\":\"Exponen en el CECO una &#8220;maravillosa furia&#8221;, una muestra sobre Eva Per\u00f3n\",\"datePublished\":\"2022-05-07T14:25:44+00:00\",\"dateModified\":\"2022-05-07T14:26:18+00:00\",\"mainEntityOfPage\":{\"@id\":\"https:\/\/experienciadevida.com.ar\/portalurbano\/exponen-en-el-ceco-una-maravillosa-furia-una-muestra-sobre-eva-peron\/\"},\"wordCount\":378,\"publisher\":{\"@id\":\"https:\/\/experienciadevida.com.ar\/portalurbano\/#organization\"},\"articleSection\":[\"Ciudad\"],\"inLanguage\":\"es\"},{\"@type\":\"WebPage\",\"@id\":\"https:\/\/experienciadevida.com.ar\/portalurbano\/exponen-en-el-ceco-una-maravillosa-furia-una-muestra-sobre-eva-peron\/\",\"url\":\"https:\/\/experienciadevida.com.ar\/portalurbano\/exponen-en-el-ceco-una-maravillosa-furia-una-muestra-sobre-eva-peron\/\",\"name\":\"Exponen en el CECO una \\\"maravillosa furia\\\" una muestra sobre Per\u00f3n\",\"isPartOf\":{\"@id\":\"https:\/\/experienciadevida.com.ar\/portalurbano\/#website\"},\"datePublished\":\"2022-05-07T14:25:44+00:00\",\"dateModified\":\"2022-05-07T14:26:18+00:00\",\"description\":\"Exponen en el CECO una \\\"maravillosa furia\\\", una muestra sobre Eva Per\u00f3n, de la artista pl\u00e1stica Mar\u00eda de los \u00c1ngeles Crovetto\",\"breadcrumb\":{\"@id\":\"https:\/\/experienciadevida.com.ar\/portalurbano\/exponen-en-el-ceco-una-maravillosa-furia-una-muestra-sobre-eva-peron\/#breadcrumb\"},\"inLanguage\":\"es\",\"potentialAction\":[{\"@type\":\"ReadAction\",\"target\":[\"https:\/\/experienciadevida.com.ar\/portalurbano\/exponen-en-el-ceco-una-maravillosa-furia-una-muestra-sobre-eva-peron\/\"]}]},{\"@type\":\"BreadcrumbList\",\"@id\":\"https:\/\/experienciadevida.com.ar\/portalurbano\/exponen-en-el-ceco-una-maravillosa-furia-una-muestra-sobre-eva-peron\/#breadcrumb\",\"itemListElement\":[{\"@type\":\"ListItem\",\"position\":1,\"name\":\"Portada\",\"item\":\"https:\/\/experienciadevida.com.ar\/portalurbano\/\"},{\"@type\":\"ListItem\",\"position\":2,\"name\":\"Exponen en el CECO una \u00abmaravillosa furia\u00bb, una muestra sobre Eva Per\u00f3n\"}]},{\"@type\":\"WebSite\",\"@id\":\"https:\/\/experienciadevida.com.ar\/portalurbano\/#website\",\"url\":\"https:\/\/experienciadevida.com.ar\/portalurbano\/\",\"name\":\"\",\"description\":\"\",\"publisher\":{\"@id\":\"https:\/\/experienciadevida.com.ar\/portalurbano\/#organization\"},\"potentialAction\":[{\"@type\":\"SearchAction\",\"target\":{\"@type\":\"EntryPoint\",\"urlTemplate\":\"https:\/\/experienciadevida.com.ar\/portalurbano\/?s={search_term_string}\"},\"query-input\":\"required name=search_term_string\"}],\"inLanguage\":\"es\"},{\"@type\":\"Organization\",\"@id\":\"https:\/\/experienciadevida.com.ar\/portalurbano\/#organization\",\"name\":\"Portal Urbano\",\"url\":\"https:\/\/experienciadevida.com.ar\/portalurbano\/\",\"logo\":{\"@type\":\"ImageObject\",\"inLanguage\":\"es\",\"@id\":\"https:\/\/experienciadevida.com.ar\/portalurbano\/#\/schema\/logo\/image\/\",\"url\":\"https:\/\/experienciadevida.com.ar\/portalurbano\/wp-content\/uploads\/2019\/09\/Logo-Original.png\",\"contentUrl\":\"https:\/\/experienciadevida.com.ar\/portalurbano\/wp-content\/uploads\/2019\/09\/Logo-Original.png\",\"width\":2236,\"height\":1216,\"caption\":\"Portal Urbano\"},\"image\":{\"@id\":\"https:\/\/experienciadevida.com.ar\/portalurbano\/#\/schema\/logo\/image\/\"},\"sameAs\":[\"https:\/\/www.facebook.com\/Portal-Urbano-171542830093757\/\",\"https:\/\/twitter.com\/portalurbanook\",\"https:\/\/www.instagram.com\/_portalurbano\/\",\"https:\/\/www.youtube.com\/channel\/UCXhagIfszH8KxFiOok79zbA?view_as=subscriber\"]},{\"@type\":\"Person\",\"@id\":\"https:\/\/experienciadevida.com.ar\/portalurbano\/#\/schema\/person\/02dd326b1c4b056e9cc972486934a3a7\",\"name\":\"admpu17wp\",\"image\":{\"@type\":\"ImageObject\",\"inLanguage\":\"es\",\"@id\":\"https:\/\/experienciadevida.com.ar\/portalurbano\/#\/schema\/person\/image\/\",\"url\":\"https:\/\/secure.gravatar.com\/avatar\/830d4c57adaae6630765e449a6908047?s=96&d=mm&r=g\",\"contentUrl\":\"https:\/\/secure.gravatar.com\/avatar\/830d4c57adaae6630765e449a6908047?s=96&d=mm&r=g\",\"caption\":\"admpu17wp\"}}]}<\/script>\n<!-- \/ Yoast SEO plugin. -->","yoast_head_json":{"title":"Exponen en el CECO una \"maravillosa furia\" una muestra sobre Per\u00f3n","description":"Exponen en el CECO una \"maravillosa furia\", una muestra sobre Eva Per\u00f3n, de la artista pl\u00e1stica Mar\u00eda de los \u00c1ngeles Crovetto","robots":{"index":"index","follow":"follow","max-snippet":"max-snippet:-1","max-image-preview":"max-image-preview:large","max-video-preview":"max-video-preview:-1"},"canonical":"https:\/\/experienciadevida.com.ar\/portalurbano\/exponen-en-el-ceco-una-maravillosa-furia-una-muestra-sobre-eva-peron\/","og_locale":"es_ES","og_type":"article","og_title":"Exponen en el CECO una \"maravillosa furia\" una muestra sobre Per\u00f3n","og_description":"Exponen en el CECO una \"maravillosa furia\", una muestra sobre Eva Per\u00f3n, de la artista pl\u00e1stica Mar\u00eda de los \u00c1ngeles Crovetto","og_url":"https:\/\/experienciadevida.com.ar\/portalurbano\/exponen-en-el-ceco-una-maravillosa-furia-una-muestra-sobre-eva-peron\/","article_publisher":"https:\/\/www.facebook.com\/Portal-Urbano-171542830093757\/","article_published_time":"2022-05-07T14:25:44+00:00","article_modified_time":"2022-05-07T14:26:18+00:00","og_image":[{"width":1158,"height":1280,"url":"https:\/\/experienciadevida.com.ar\/portalurbano\/wp-content\/uploads\/2022\/05\/Exponen-en-el-CECO.jpeg","type":"image\/jpeg"}],"author":"admpu17wp","twitter_card":"summary_large_image","twitter_creator":"@portalurbanook","twitter_site":"@portalurbanook","twitter_misc":{"Escrito por":"admpu17wp","Tiempo de lectura":"2 minutos"},"schema":{"@context":"https:\/\/schema.org","@graph":[{"@type":"Article","@id":"https:\/\/experienciadevida.com.ar\/portalurbano\/exponen-en-el-ceco-una-maravillosa-furia-una-muestra-sobre-eva-peron\/#article","isPartOf":{"@id":"https:\/\/experienciadevida.com.ar\/portalurbano\/exponen-en-el-ceco-una-maravillosa-furia-una-muestra-sobre-eva-peron\/"},"author":{"name":"admpu17wp","@id":"https:\/\/experienciadevida.com.ar\/portalurbano\/#\/schema\/person\/02dd326b1c4b056e9cc972486934a3a7"},"headline":"Exponen en el CECO una &#8220;maravillosa furia&#8221;, una muestra sobre Eva Per\u00f3n","datePublished":"2022-05-07T14:25:44+00:00","dateModified":"2022-05-07T14:26:18+00:00","mainEntityOfPage":{"@id":"https:\/\/experienciadevida.com.ar\/portalurbano\/exponen-en-el-ceco-una-maravillosa-furia-una-muestra-sobre-eva-peron\/"},"wordCount":378,"publisher":{"@id":"https:\/\/experienciadevida.com.ar\/portalurbano\/#organization"},"articleSection":["Ciudad"],"inLanguage":"es"},{"@type":"WebPage","@id":"https:\/\/experienciadevida.com.ar\/portalurbano\/exponen-en-el-ceco-una-maravillosa-furia-una-muestra-sobre-eva-peron\/","url":"https:\/\/experienciadevida.com.ar\/portalurbano\/exponen-en-el-ceco-una-maravillosa-furia-una-muestra-sobre-eva-peron\/","name":"Exponen en el CECO una \"maravillosa furia\" una muestra sobre Per\u00f3n","isPartOf":{"@id":"https:\/\/experienciadevida.com.ar\/portalurbano\/#website"},"datePublished":"2022-05-07T14:25:44+00:00","dateModified":"2022-05-07T14:26:18+00:00","description":"Exponen en el CECO una \"maravillosa furia\", una muestra sobre Eva Per\u00f3n, de la artista pl\u00e1stica Mar\u00eda de los \u00c1ngeles Crovetto","breadcrumb":{"@id":"https:\/\/experienciadevida.com.ar\/portalurbano\/exponen-en-el-ceco-una-maravillosa-furia-una-muestra-sobre-eva-peron\/#breadcrumb"},"inLanguage":"es","potentialAction":[{"@type":"ReadAction","target":["https:\/\/experienciadevida.com.ar\/portalurbano\/exponen-en-el-ceco-una-maravillosa-furia-una-muestra-sobre-eva-peron\/"]}]},{"@type":"BreadcrumbList","@id":"https:\/\/experienciadevida.com.ar\/portalurbano\/exponen-en-el-ceco-una-maravillosa-furia-una-muestra-sobre-eva-peron\/#breadcrumb","itemListElement":[{"@type":"ListItem","position":1,"name":"Portada","item":"https:\/\/experienciadevida.com.ar\/portalurbano\/"},{"@type":"ListItem","position":2,"name":"Exponen en el CECO una \u00abmaravillosa furia\u00bb, una muestra sobre Eva Per\u00f3n"}]},{"@type":"WebSite","@id":"https:\/\/experienciadevida.com.ar\/portalurbano\/#website","url":"https:\/\/experienciadevida.com.ar\/portalurbano\/","name":"","description":"","publisher":{"@id":"https:\/\/experienciadevida.com.ar\/portalurbano\/#organization"},"potentialAction":[{"@type":"SearchAction","target":{"@type":"EntryPoint","urlTemplate":"https:\/\/experienciadevida.com.ar\/portalurbano\/?s={search_term_string}"},"query-input":"required name=search_term_string"}],"inLanguage":"es"},{"@type":"Organization","@id":"https:\/\/experienciadevida.com.ar\/portalurbano\/#organization","name":"Portal Urbano","url":"https:\/\/experienciadevida.com.ar\/portalurbano\/","logo":{"@type":"ImageObject","inLanguage":"es","@id":"https:\/\/experienciadevida.com.ar\/portalurbano\/#\/schema\/logo\/image\/","url":"https:\/\/experienciadevida.com.ar\/portalurbano\/wp-content\/uploads\/2019\/09\/Logo-Original.png","contentUrl":"https:\/\/experienciadevida.com.ar\/portalurbano\/wp-content\/uploads\/2019\/09\/Logo-Original.png","width":2236,"height":1216,"caption":"Portal Urbano"},"image":{"@id":"https:\/\/experienciadevida.com.ar\/portalurbano\/#\/schema\/logo\/image\/"},"sameAs":["https:\/\/www.facebook.com\/Portal-Urbano-171542830093757\/","https:\/\/twitter.com\/portalurbanook","https:\/\/www.instagram.com\/_portalurbano\/","https:\/\/www.youtube.com\/channel\/UCXhagIfszH8KxFiOok79zbA?view_as=subscriber"]},{"@type":"Person","@id":"https:\/\/experienciadevida.com.ar\/portalurbano\/#\/schema\/person\/02dd326b1c4b056e9cc972486934a3a7","name":"admpu17wp","image":{"@type":"ImageObject","inLanguage":"es","@id":"https:\/\/experienciadevida.com.ar\/portalurbano\/#\/schema\/person\/image\/","url":"https:\/\/secure.gravatar.com\/avatar\/830d4c57adaae6630765e449a6908047?s=96&d=mm&r=g","contentUrl":"https:\/\/secure.gravatar.com\/avatar\/830d4c57adaae6630765e449a6908047?s=96&d=mm&r=g","caption":"admpu17wp"}}]}},"featured_image_urls":{"full":["https:\/\/experienciadevida.com.ar\/portalurbano\/wp-content\/uploads\/2022\/05\/Exponen-en-el-CECO.jpeg",1158,1280,false],"thumbnail":["https:\/\/experienciadevida.com.ar\/portalurbano\/wp-content\/uploads\/2022\/05\/Exponen-en-el-CECO-150x150.jpeg",150,150,true],"medium":["https:\/\/experienciadevida.com.ar\/portalurbano\/wp-content\/uploads\/2022\/05\/Exponen-en-el-CECO-271x300.jpeg",271,300,true],"medium_large":["https:\/\/experienciadevida.com.ar\/portalurbano\/wp-content\/uploads\/2022\/05\/Exponen-en-el-CECO-768x849.jpeg",640,708,true],"large":["https:\/\/experienciadevida.com.ar\/portalurbano\/wp-content\/uploads\/2022\/05\/Exponen-en-el-CECO-926x1024.jpeg",640,708,true],"ug_big":["https:\/\/experienciadevida.com.ar\/portalurbano\/wp-content\/uploads\/2022\/05\/Exponen-en-el-CECO-695x768.jpeg",695,768,true],"1536x1536":["https:\/\/experienciadevida.com.ar\/portalurbano\/wp-content\/uploads\/2022\/05\/Exponen-en-el-CECO.jpeg",1158,1280,false],"2048x2048":["https:\/\/experienciadevida.com.ar\/portalurbano\/wp-content\/uploads\/2022\/05\/Exponen-en-el-CECO.jpeg",1158,1280,false],"newsever-slider-full":["https:\/\/experienciadevida.com.ar\/portalurbano\/wp-content\/uploads\/2022\/05\/Exponen-en-el-CECO.jpeg",764,845,false],"newsever-featured":["https:\/\/experienciadevida.com.ar\/portalurbano\/wp-content\/uploads\/2022\/05\/Exponen-en-el-CECO.jpeg",1024,1132,false],"newsever-medium":["https:\/\/experienciadevida.com.ar\/portalurbano\/wp-content\/uploads\/2022\/05\/Exponen-en-el-CECO.jpeg",430,475,false],"web-stories-poster-portrait":["https:\/\/experienciadevida.com.ar\/portalurbano\/wp-content\/uploads\/2022\/05\/Exponen-en-el-CECO.jpeg",640,707,false],"web-stories-publisher-logo":["https:\/\/experienciadevida.com.ar\/portalurbano\/wp-content\/uploads\/2022\/05\/Exponen-en-el-CECO.jpeg",87,96,false],"web-stories-thumbnail":["https:\/\/experienciadevida.com.ar\/portalurbano\/wp-content\/uploads\/2022\/05\/Exponen-en-el-CECO.jpeg",150,166,false]},"author_info":{"display_name":"admpu17wp","author_link":"https:\/\/experienciadevida.com.ar\/portalurbano\/author\/admpu17wp\/"},"category_info":"<a href=\"https:\/\/experienciadevida.com.ar\/portalurbano\/category\/ciudad\/\" rel=\"category tag\">Ciudad<\/a>","tag_info":"Ciudad","comment_count":"0","amp_enabled":true,"_links":{"self":[{"href":"https:\/\/experienciadevida.com.ar\/portalurbano\/wp-json\/wp\/v2\/posts\/167220"}],"collection":[{"href":"https:\/\/experienciadevida.com.ar\/portalurbano\/wp-json\/wp\/v2\/posts"}],"about":[{"href":"https:\/\/experienciadevida.com.ar\/portalurbano\/wp-json\/wp\/v2\/types\/post"}],"author":[{"embeddable":true,"href":"https:\/\/experienciadevida.com.ar\/portalurbano\/wp-json\/wp\/v2\/users\/1"}],"replies":[{"embeddable":true,"href":"https:\/\/experienciadevida.com.ar\/portalurbano\/wp-json\/wp\/v2\/comments?post=167220"}],"version-history":[{"count":1,"href":"https:\/\/experienciadevida.com.ar\/portalurbano\/wp-json\/wp\/v2\/posts\/167220\/revisions"}],"predecessor-version":[{"id":167222,"href":"https:\/\/experienciadevida.com.ar\/portalurbano\/wp-json\/wp\/v2\/posts\/167220\/revisions\/167222"}],"wp:featuredmedia":[{"embeddable":true,"href":"https:\/\/experienciadevida.com.ar\/portalurbano\/wp-json\/wp\/v2\/media\/167221"}],"wp:attachment":[{"href":"https:\/\/experienciadevida.com.ar\/portalurbano\/wp-json\/wp\/v2\/media?parent=167220"}],"wp:term":[{"taxonomy":"category","embeddable":true,"href":"https:\/\/experienciadevida.com.ar\/portalurbano\/wp-json\/wp\/v2\/categories?post=167220"},{"taxonomy":"post_tag","embeddable":true,"href":"https:\/\/experienciadevida.com.ar\/portalurbano\/wp-json\/wp\/v2\/tags?post=167220"}],"curies":[{"name":"wp","href":"https:\/\/api.w.org\/{rel}","templated":true}]}}