{"id":167201,"date":"2022-05-06T17:38:26","date_gmt":"2022-05-06T20:38:26","guid":{"rendered":"https:\/\/experienciadevida.com.ar\/portalurbano\/?p=167201"},"modified":"2022-05-06T17:39:12","modified_gmt":"2022-05-06T20:39:12","slug":"la-finalizacion-de-esta-obra-nos-da-nuevas-posibilidades-de-crecimiento","status":"publish","type":"post","link":"https:\/\/experienciadevida.com.ar\/portalurbano\/la-finalizacion-de-esta-obra-nos-da-nuevas-posibilidades-de-crecimiento\/","title":{"rendered":"\u201cLa finalizaci\u00f3n de esta obra nos da nuevas posibilidades de crecimiento\u201d"},"content":{"rendered":"<p>\u201cLa finalizaci\u00f3n de esta obra nos da nuevas posibilidades de crecimiento\u201d, el Dr. Gustavo Politis, Director del Instituto de Investigaciones Arqueol\u00f3gicas y Paleontol\u00f3gicas del Cuaternario Pampeano (Unidad Ejecutora UNICEN\/CONICET), destac\u00f3 la importancia de la concreci\u00f3n del edificio emplazado en la Facultad de Ciencias <a href=\"https:\/\/www.facebook.com\/facultadcienciassociales.unicen\">Sociales<\/a>. Participar\u00e1n en la inauguraci\u00f3n el Ministro de Ciencia y Tecnolog\u00eda de la Naci\u00f3n, Mag. Daniel Filmus y la Presidenta del CONICET, Dra. Ana Mar\u00eda Franchi.<\/p>\n<p>El INCUAPA inici\u00f3 como un Grupo de Investigaci\u00f3n a mediados de la d\u00e9cada del \u201890 y en 1998 logr\u00f3 el reconocimiento como grupo consolidado de la UNICEN. El 30 de septiembre de 2011 se cre\u00f3 la Unidad Ejecutora INCUAPA, que se puso en marcha un a\u00f1o m\u00e1s tarde bajo la direcci\u00f3n del Dr. Gustavo Politis.<\/p>\n<p>El INCUAPA ha tenido un sostenido crecimiento desde sus inicios y actualmente cuenta una planta de 52 personas, integrada por 28 investigadores\/as, 13 becarios\/as, cuatro t\u00e9cnicos profesionales y tres agentes administrativos.<\/p>\n<p>La obra original del Instituto cuenta con 680 metros cuadrados, y la ampliaci\u00f3n que se inaugurar\u00e1 este viernes 6 de mayo consta de 140 metros cuadrados, en los que funcionar\u00e1n dos laboratorios totalmente equipados y siete oficinas, para albergar a 15 investigadores\/as y becarios\/as.<\/p>\n<p>&#8220;La finalizaci\u00f3n de este edificio es muy importante porque se concluye el proyecto de obra original y genera mejores condiciones para el desarrollo en el INCUAPA, que ha crecido sustancialmente en los \u00faltimos a\u00f1os, tanto en la cantidad de investigadores y becarios como tambi\u00e9n en sus capacidades\u201d, explic\u00f3 el Dr. Politis, quien puso como ejemplo la reciente inauguraci\u00f3n del Laboratorio de Pretratamiento para Muestras Isot\u00f3picas (LAPREI) en el Instituto.<\/p>\n<p>El Director del INCUAPA destac\u00f3 que \u201cla finalizaci\u00f3n de esta obra nos da nuevas posibilidades de crecimiento. Vamos a tener dos laboratorios modernos para procesar materiales que est\u00e1n totalmente equipados y siete nuevas oficinas grandes para dos investigadores o becarios cada una. Todo esto genera condiciones \u00f3ptimas para el desarrollo de las investigaciones del personal del INCUAPA\u201d.<\/p>\n<p>La inauguraci\u00f3n<\/p>\n<p>El acto de inauguraci\u00f3n se realizar\u00e1 el viernes 6 de mayo desde las 12 horas en el SUM de Aulas Comunes del Complejo Universitario Olavarr\u00eda, avenida Del Valle 5737, y al cierre del mismo se proceder\u00e1 al corte de cintas en las nuevas instalaciones.<\/p>\n<p>El mismo contar\u00e1 con la participaci\u00f3n del Ministro de Ciencia y Tecnolog\u00eda de la Naci\u00f3n, Mag. Daniel Filmus; del Rector de la Universidad Nacional del Centro de la Provincia de Buenos Aires, Dr. Marcelo Aba y de la Presidenta del CONICET, Dra. Ana Mar\u00eda Franchi; la diputada nacional Victoria Tolosa Paz; adem\u00e1s de otros funcionarios del CONICET y autoridades de la UNICEN, la Facultad de Ciencias Sociales y el INCUAPA.<\/p>\n","protected":false},"excerpt":{"rendered":"<p>\u201cLa finalizaci\u00f3n de esta obra nos da nuevas posibilidades de crecimiento\u201d, el Dr. Gustavo Politis,&#8230;<\/p>\n","protected":false},"author":1,"featured_media":167202,"comment_status":"closed","ping_status":"closed","sticky":false,"template":"","format":"standard","meta":{"content-type":""},"categories":[31],"tags":[],"nelio_content":{"isAutoShareEnabled":false,"autoShareEndMode":"default","automationSources":{"useContentSentences":true,"useSocialTemplates":true,"useCustomSentences":false,"customSentences":[]},"followers":[1],"suggestedReferences":[],"includedReferences":[],"efiUrl":"","efiAlt":"","highlights":[]},"yoast_head":"<!-- This site is optimized with the Yoast SEO plugin v20.7 - https:\/\/yoast.com\/wordpress\/plugins\/seo\/ -->\n<title>&quot;La finalizaci\u00f3n de esta obra nos da nuevas posibilidades de crecimiento&quot;<\/title>\n<meta name=\"description\" content=\"\u201cLa finalizaci\u00f3n de esta obra nos da nuevas posibilidades de crecimiento\u201d,destac\u00f3 la importancia de la concreci\u00f3n del edificio emplazado\" \/>\n<meta name=\"robots\" content=\"index, follow, max-snippet:-1, max-image-preview:large, max-video-preview:-1\" \/>\n<link rel=\"canonical\" href=\"https:\/\/experienciadevida.com.ar\/portalurbano\/la-finalizacion-de-esta-obra-nos-da-nuevas-posibilidades-de-crecimiento\/\" \/>\n<meta property=\"og:locale\" content=\"es_ES\" \/>\n<meta property=\"og:type\" content=\"article\" \/>\n<meta property=\"og:title\" content=\"&quot;La finalizaci\u00f3n de esta obra nos da nuevas posibilidades de crecimiento&quot;\" \/>\n<meta property=\"og:description\" content=\"\u201cLa finalizaci\u00f3n de esta obra nos da nuevas posibilidades de crecimiento\u201d,destac\u00f3 la importancia de la concreci\u00f3n del edificio emplazado\" \/>\n<meta property=\"og:url\" content=\"https:\/\/experienciadevida.com.ar\/portalurbano\/la-finalizacion-de-esta-obra-nos-da-nuevas-posibilidades-de-crecimiento\/\" \/>\n<meta property=\"article:publisher\" content=\"https:\/\/www.facebook.com\/Portal-Urbano-171542830093757\/\" \/>\n<meta property=\"article:published_time\" content=\"2022-05-06T20:38:26+00:00\" \/>\n<meta property=\"article:modified_time\" content=\"2022-05-06T20:39:12+00:00\" \/>\n<meta property=\"og:image\" content=\"https:\/\/experienciadevida.com.ar\/portalurbano\/wp-content\/uploads\/2022\/05\/La-finalizacion-de-esta.jpg\" \/>\n\t<meta property=\"og:image:width\" content=\"1000\" \/>\n\t<meta property=\"og:image:height\" content=\"667\" \/>\n\t<meta property=\"og:image:type\" content=\"image\/jpeg\" \/>\n<meta name=\"author\" content=\"admpu17wp\" \/>\n<meta name=\"twitter:card\" content=\"summary_large_image\" \/>\n<meta name=\"twitter:creator\" content=\"@portalurbanook\" \/>\n<meta name=\"twitter:site\" content=\"@portalurbanook\" \/>\n<meta name=\"twitter:label1\" content=\"Escrito por\" \/>\n\t<meta name=\"twitter:data1\" content=\"admpu17wp\" \/>\n\t<meta name=\"twitter:label2\" content=\"Tiempo de lectura\" \/>\n\t<meta name=\"twitter:data2\" content=\"3 minutos\" \/>\n<script type=\"application\/ld+json\" class=\"yoast-schema-graph\">{\"@context\":\"https:\/\/schema.org\",\"@graph\":[{\"@type\":\"Article\",\"@id\":\"https:\/\/experienciadevida.com.ar\/portalurbano\/la-finalizacion-de-esta-obra-nos-da-nuevas-posibilidades-de-crecimiento\/#article\",\"isPartOf\":{\"@id\":\"https:\/\/experienciadevida.com.ar\/portalurbano\/la-finalizacion-de-esta-obra-nos-da-nuevas-posibilidades-de-crecimiento\/\"},\"author\":{\"name\":\"admpu17wp\",\"@id\":\"https:\/\/experienciadevida.com.ar\/portalurbano\/#\/schema\/person\/02dd326b1c4b056e9cc972486934a3a7\"},\"headline\":\"\u201cLa finalizaci\u00f3n de esta obra nos da nuevas posibilidades de crecimiento\u201d\",\"datePublished\":\"2022-05-06T20:38:26+00:00\",\"dateModified\":\"2022-05-06T20:39:12+00:00\",\"mainEntityOfPage\":{\"@id\":\"https:\/\/experienciadevida.com.ar\/portalurbano\/la-finalizacion-de-esta-obra-nos-da-nuevas-posibilidades-de-crecimiento\/\"},\"wordCount\":476,\"publisher\":{\"@id\":\"https:\/\/experienciadevida.com.ar\/portalurbano\/#organization\"},\"articleSection\":[\"Educaci\u00f3n\"],\"inLanguage\":\"es\"},{\"@type\":\"WebPage\",\"@id\":\"https:\/\/experienciadevida.com.ar\/portalurbano\/la-finalizacion-de-esta-obra-nos-da-nuevas-posibilidades-de-crecimiento\/\",\"url\":\"https:\/\/experienciadevida.com.ar\/portalurbano\/la-finalizacion-de-esta-obra-nos-da-nuevas-posibilidades-de-crecimiento\/\",\"name\":\"\\\"La finalizaci\u00f3n de esta obra nos da nuevas posibilidades de crecimiento\\\"\",\"isPartOf\":{\"@id\":\"https:\/\/experienciadevida.com.ar\/portalurbano\/#website\"},\"datePublished\":\"2022-05-06T20:38:26+00:00\",\"dateModified\":\"2022-05-06T20:39:12+00:00\",\"description\":\"\u201cLa finalizaci\u00f3n de esta obra nos da nuevas posibilidades de crecimiento\u201d,destac\u00f3 la importancia de la concreci\u00f3n del edificio emplazado\",\"breadcrumb\":{\"@id\":\"https:\/\/experienciadevida.com.ar\/portalurbano\/la-finalizacion-de-esta-obra-nos-da-nuevas-posibilidades-de-crecimiento\/#breadcrumb\"},\"inLanguage\":\"es\",\"potentialAction\":[{\"@type\":\"ReadAction\",\"target\":[\"https:\/\/experienciadevida.com.ar\/portalurbano\/la-finalizacion-de-esta-obra-nos-da-nuevas-posibilidades-de-crecimiento\/\"]}]},{\"@type\":\"BreadcrumbList\",\"@id\":\"https:\/\/experienciadevida.com.ar\/portalurbano\/la-finalizacion-de-esta-obra-nos-da-nuevas-posibilidades-de-crecimiento\/#breadcrumb\",\"itemListElement\":[{\"@type\":\"ListItem\",\"position\":1,\"name\":\"Portada\",\"item\":\"https:\/\/experienciadevida.com.ar\/portalurbano\/\"},{\"@type\":\"ListItem\",\"position\":2,\"name\":\"\u201cLa finalizaci\u00f3n de esta obra nos da nuevas posibilidades de crecimiento\u201d\"}]},{\"@type\":\"WebSite\",\"@id\":\"https:\/\/experienciadevida.com.ar\/portalurbano\/#website\",\"url\":\"https:\/\/experienciadevida.com.ar\/portalurbano\/\",\"name\":\"\",\"description\":\"\",\"publisher\":{\"@id\":\"https:\/\/experienciadevida.com.ar\/portalurbano\/#organization\"},\"potentialAction\":[{\"@type\":\"SearchAction\",\"target\":{\"@type\":\"EntryPoint\",\"urlTemplate\":\"https:\/\/experienciadevida.com.ar\/portalurbano\/?s={search_term_string}\"},\"query-input\":\"required name=search_term_string\"}],\"inLanguage\":\"es\"},{\"@type\":\"Organization\",\"@id\":\"https:\/\/experienciadevida.com.ar\/portalurbano\/#organization\",\"name\":\"Portal Urbano\",\"url\":\"https:\/\/experienciadevida.com.ar\/portalurbano\/\",\"logo\":{\"@type\":\"ImageObject\",\"inLanguage\":\"es\",\"@id\":\"https:\/\/experienciadevida.com.ar\/portalurbano\/#\/schema\/logo\/image\/\",\"url\":\"https:\/\/experienciadevida.com.ar\/portalurbano\/wp-content\/uploads\/2019\/09\/Logo-Original.png\",\"contentUrl\":\"https:\/\/experienciadevida.com.ar\/portalurbano\/wp-content\/uploads\/2019\/09\/Logo-Original.png\",\"width\":2236,\"height\":1216,\"caption\":\"Portal Urbano\"},\"image\":{\"@id\":\"https:\/\/experienciadevida.com.ar\/portalurbano\/#\/schema\/logo\/image\/\"},\"sameAs\":[\"https:\/\/www.facebook.com\/Portal-Urbano-171542830093757\/\",\"https:\/\/twitter.com\/portalurbanook\",\"https:\/\/www.instagram.com\/_portalurbano\/\",\"https:\/\/www.youtube.com\/channel\/UCXhagIfszH8KxFiOok79zbA?view_as=subscriber\"]},{\"@type\":\"Person\",\"@id\":\"https:\/\/experienciadevida.com.ar\/portalurbano\/#\/schema\/person\/02dd326b1c4b056e9cc972486934a3a7\",\"name\":\"admpu17wp\",\"image\":{\"@type\":\"ImageObject\",\"inLanguage\":\"es\",\"@id\":\"https:\/\/experienciadevida.com.ar\/portalurbano\/#\/schema\/person\/image\/\",\"url\":\"https:\/\/secure.gravatar.com\/avatar\/830d4c57adaae6630765e449a6908047?s=96&d=mm&r=g\",\"contentUrl\":\"https:\/\/secure.gravatar.com\/avatar\/830d4c57adaae6630765e449a6908047?s=96&d=mm&r=g\",\"caption\":\"admpu17wp\"}}]}<\/script>\n<!-- \/ Yoast SEO plugin. -->","yoast_head_json":{"title":"\"La finalizaci\u00f3n de esta obra nos da nuevas posibilidades de crecimiento\"","description":"\u201cLa finalizaci\u00f3n de esta obra nos da nuevas posibilidades de crecimiento\u201d,destac\u00f3 la importancia de la concreci\u00f3n del edificio emplazado","robots":{"index":"index","follow":"follow","max-snippet":"max-snippet:-1","max-image-preview":"max-image-preview:large","max-video-preview":"max-video-preview:-1"},"canonical":"https:\/\/experienciadevida.com.ar\/portalurbano\/la-finalizacion-de-esta-obra-nos-da-nuevas-posibilidades-de-crecimiento\/","og_locale":"es_ES","og_type":"article","og_title":"\"La finalizaci\u00f3n de esta obra nos da nuevas posibilidades de crecimiento\"","og_description":"\u201cLa finalizaci\u00f3n de esta obra nos da nuevas posibilidades de crecimiento\u201d,destac\u00f3 la importancia de la concreci\u00f3n del edificio emplazado","og_url":"https:\/\/experienciadevida.com.ar\/portalurbano\/la-finalizacion-de-esta-obra-nos-da-nuevas-posibilidades-de-crecimiento\/","article_publisher":"https:\/\/www.facebook.com\/Portal-Urbano-171542830093757\/","article_published_time":"2022-05-06T20:38:26+00:00","article_modified_time":"2022-05-06T20:39:12+00:00","og_image":[{"width":1000,"height":667,"url":"https:\/\/experienciadevida.com.ar\/portalurbano\/wp-content\/uploads\/2022\/05\/La-finalizacion-de-esta.jpg","type":"image\/jpeg"}],"author":"admpu17wp","twitter_card":"summary_large_image","twitter_creator":"@portalurbanook","twitter_site":"@portalurbanook","twitter_misc":{"Escrito por":"admpu17wp","Tiempo de lectura":"3 minutos"},"schema":{"@context":"https:\/\/schema.org","@graph":[{"@type":"Article","@id":"https:\/\/experienciadevida.com.ar\/portalurbano\/la-finalizacion-de-esta-obra-nos-da-nuevas-posibilidades-de-crecimiento\/#article","isPartOf":{"@id":"https:\/\/experienciadevida.com.ar\/portalurbano\/la-finalizacion-de-esta-obra-nos-da-nuevas-posibilidades-de-crecimiento\/"},"author":{"name":"admpu17wp","@id":"https:\/\/experienciadevida.com.ar\/portalurbano\/#\/schema\/person\/02dd326b1c4b056e9cc972486934a3a7"},"headline":"\u201cLa finalizaci\u00f3n de esta obra nos da nuevas posibilidades de crecimiento\u201d","datePublished":"2022-05-06T20:38:26+00:00","dateModified":"2022-05-06T20:39:12+00:00","mainEntityOfPage":{"@id":"https:\/\/experienciadevida.com.ar\/portalurbano\/la-finalizacion-de-esta-obra-nos-da-nuevas-posibilidades-de-crecimiento\/"},"wordCount":476,"publisher":{"@id":"https:\/\/experienciadevida.com.ar\/portalurbano\/#organization"},"articleSection":["Educaci\u00f3n"],"inLanguage":"es"},{"@type":"WebPage","@id":"https:\/\/experienciadevida.com.ar\/portalurbano\/la-finalizacion-de-esta-obra-nos-da-nuevas-posibilidades-de-crecimiento\/","url":"https:\/\/experienciadevida.com.ar\/portalurbano\/la-finalizacion-de-esta-obra-nos-da-nuevas-posibilidades-de-crecimiento\/","name":"\"La finalizaci\u00f3n de esta obra nos da nuevas posibilidades de crecimiento\"","isPartOf":{"@id":"https:\/\/experienciadevida.com.ar\/portalurbano\/#website"},"datePublished":"2022-05-06T20:38:26+00:00","dateModified":"2022-05-06T20:39:12+00:00","description":"\u201cLa finalizaci\u00f3n de esta obra nos da nuevas posibilidades de crecimiento\u201d,destac\u00f3 la importancia de la concreci\u00f3n del edificio emplazado","breadcrumb":{"@id":"https:\/\/experienciadevida.com.ar\/portalurbano\/la-finalizacion-de-esta-obra-nos-da-nuevas-posibilidades-de-crecimiento\/#breadcrumb"},"inLanguage":"es","potentialAction":[{"@type":"ReadAction","target":["https:\/\/experienciadevida.com.ar\/portalurbano\/la-finalizacion-de-esta-obra-nos-da-nuevas-posibilidades-de-crecimiento\/"]}]},{"@type":"BreadcrumbList","@id":"https:\/\/experienciadevida.com.ar\/portalurbano\/la-finalizacion-de-esta-obra-nos-da-nuevas-posibilidades-de-crecimiento\/#breadcrumb","itemListElement":[{"@type":"ListItem","position":1,"name":"Portada","item":"https:\/\/experienciadevida.com.ar\/portalurbano\/"},{"@type":"ListItem","position":2,"name":"\u201cLa finalizaci\u00f3n de esta obra nos da nuevas posibilidades de crecimiento\u201d"}]},{"@type":"WebSite","@id":"https:\/\/experienciadevida.com.ar\/portalurbano\/#website","url":"https:\/\/experienciadevida.com.ar\/portalurbano\/","name":"","description":"","publisher":{"@id":"https:\/\/experienciadevida.com.ar\/portalurbano\/#organization"},"potentialAction":[{"@type":"SearchAction","target":{"@type":"EntryPoint","urlTemplate":"https:\/\/experienciadevida.com.ar\/portalurbano\/?s={search_term_string}"},"query-input":"required name=search_term_string"}],"inLanguage":"es"},{"@type":"Organization","@id":"https:\/\/experienciadevida.com.ar\/portalurbano\/#organization","name":"Portal Urbano","url":"https:\/\/experienciadevida.com.ar\/portalurbano\/","logo":{"@type":"ImageObject","inLanguage":"es","@id":"https:\/\/experienciadevida.com.ar\/portalurbano\/#\/schema\/logo\/image\/","url":"https:\/\/experienciadevida.com.ar\/portalurbano\/wp-content\/uploads\/2019\/09\/Logo-Original.png","contentUrl":"https:\/\/experienciadevida.com.ar\/portalurbano\/wp-content\/uploads\/2019\/09\/Logo-Original.png","width":2236,"height":1216,"caption":"Portal Urbano"},"image":{"@id":"https:\/\/experienciadevida.com.ar\/portalurbano\/#\/schema\/logo\/image\/"},"sameAs":["https:\/\/www.facebook.com\/Portal-Urbano-171542830093757\/","https:\/\/twitter.com\/portalurbanook","https:\/\/www.instagram.com\/_portalurbano\/","https:\/\/www.youtube.com\/channel\/UCXhagIfszH8KxFiOok79zbA?view_as=subscriber"]},{"@type":"Person","@id":"https:\/\/experienciadevida.com.ar\/portalurbano\/#\/schema\/person\/02dd326b1c4b056e9cc972486934a3a7","name":"admpu17wp","image":{"@type":"ImageObject","inLanguage":"es","@id":"https:\/\/experienciadevida.com.ar\/portalurbano\/#\/schema\/person\/image\/","url":"https:\/\/secure.gravatar.com\/avatar\/830d4c57adaae6630765e449a6908047?s=96&d=mm&r=g","contentUrl":"https:\/\/secure.gravatar.com\/avatar\/830d4c57adaae6630765e449a6908047?s=96&d=mm&r=g","caption":"admpu17wp"}}]}},"featured_image_urls":{"full":["https:\/\/experienciadevida.com.ar\/portalurbano\/wp-content\/uploads\/2022\/05\/La-finalizacion-de-esta.jpg",1000,667,false],"thumbnail":["https:\/\/experienciadevida.com.ar\/portalurbano\/wp-content\/uploads\/2022\/05\/La-finalizacion-de-esta-150x150.jpg",150,150,true],"medium":["https:\/\/experienciadevida.com.ar\/portalurbano\/wp-content\/uploads\/2022\/05\/La-finalizacion-de-esta-300x200.jpg",300,200,true],"medium_large":["https:\/\/experienciadevida.com.ar\/portalurbano\/wp-content\/uploads\/2022\/05\/La-finalizacion-de-esta-768x512.jpg",640,427,true],"large":["https:\/\/experienciadevida.com.ar\/portalurbano\/wp-content\/uploads\/2022\/05\/La-finalizacion-de-esta.jpg",640,427,false],"ug_big":["https:\/\/experienciadevida.com.ar\/portalurbano\/wp-content\/uploads\/2022\/05\/La-finalizacion-de-esta-768x512.jpg",768,512,true],"1536x1536":["https:\/\/experienciadevida.com.ar\/portalurbano\/wp-content\/uploads\/2022\/05\/La-finalizacion-de-esta.jpg",1000,667,false],"2048x2048":["https:\/\/experienciadevida.com.ar\/portalurbano\/wp-content\/uploads\/2022\/05\/La-finalizacion-de-esta.jpg",1000,667,false],"newsever-slider-full":["https:\/\/experienciadevida.com.ar\/portalurbano\/wp-content\/uploads\/2022\/05\/La-finalizacion-de-esta.jpg",1000,667,false],"newsever-featured":["https:\/\/experienciadevida.com.ar\/portalurbano\/wp-content\/uploads\/2022\/05\/La-finalizacion-de-esta.jpg",1000,667,false],"newsever-medium":["https:\/\/experienciadevida.com.ar\/portalurbano\/wp-content\/uploads\/2022\/05\/La-finalizacion-de-esta.jpg",712,475,false],"web-stories-poster-portrait":["https:\/\/experienciadevida.com.ar\/portalurbano\/wp-content\/uploads\/2022\/05\/La-finalizacion-de-esta.jpg",640,427,false],"web-stories-publisher-logo":["https:\/\/experienciadevida.com.ar\/portalurbano\/wp-content\/uploads\/2022\/05\/La-finalizacion-de-esta.jpg",96,64,false],"web-stories-thumbnail":["https:\/\/experienciadevida.com.ar\/portalurbano\/wp-content\/uploads\/2022\/05\/La-finalizacion-de-esta.jpg",150,100,false]},"author_info":{"display_name":"admpu17wp","author_link":"https:\/\/experienciadevida.com.ar\/portalurbano\/author\/admpu17wp\/"},"category_info":"<a href=\"https:\/\/experienciadevida.com.ar\/portalurbano\/category\/ciudad\/educacion\/\" rel=\"category tag\">Educaci\u00f3n<\/a>","tag_info":"Educaci\u00f3n","comment_count":"0","amp_enabled":true,"_links":{"self":[{"href":"https:\/\/experienciadevida.com.ar\/portalurbano\/wp-json\/wp\/v2\/posts\/167201"}],"collection":[{"href":"https:\/\/experienciadevida.com.ar\/portalurbano\/wp-json\/wp\/v2\/posts"}],"about":[{"href":"https:\/\/experienciadevida.com.ar\/portalurbano\/wp-json\/wp\/v2\/types\/post"}],"author":[{"embeddable":true,"href":"https:\/\/experienciadevida.com.ar\/portalurbano\/wp-json\/wp\/v2\/users\/1"}],"replies":[{"embeddable":true,"href":"https:\/\/experienciadevida.com.ar\/portalurbano\/wp-json\/wp\/v2\/comments?post=167201"}],"version-history":[{"count":1,"href":"https:\/\/experienciadevida.com.ar\/portalurbano\/wp-json\/wp\/v2\/posts\/167201\/revisions"}],"predecessor-version":[{"id":167203,"href":"https:\/\/experienciadevida.com.ar\/portalurbano\/wp-json\/wp\/v2\/posts\/167201\/revisions\/167203"}],"wp:featuredmedia":[{"embeddable":true,"href":"https:\/\/experienciadevida.com.ar\/portalurbano\/wp-json\/wp\/v2\/media\/167202"}],"wp:attachment":[{"href":"https:\/\/experienciadevida.com.ar\/portalurbano\/wp-json\/wp\/v2\/media?parent=167201"}],"wp:term":[{"taxonomy":"category","embeddable":true,"href":"https:\/\/experienciadevida.com.ar\/portalurbano\/wp-json\/wp\/v2\/categories?post=167201"},{"taxonomy":"post_tag","embeddable":true,"href":"https:\/\/experienciadevida.com.ar\/portalurbano\/wp-json\/wp\/v2\/tags?post=167201"}],"curies":[{"name":"wp","href":"https:\/\/api.w.org\/{rel}","templated":true}]}}