{"id":167194,"date":"2022-05-06T17:07:11","date_gmt":"2022-05-06T20:07:11","guid":{"rendered":"https:\/\/experienciadevida.com.ar\/portalurbano\/?p=167194"},"modified":"2022-05-06T17:08:35","modified_gmt":"2022-05-06T20:08:35","slug":"coopelectric-brindo-una-capacitacion-sobre-rcp-en-la-e-e-s-n-15-de-espigas","status":"publish","type":"post","link":"https:\/\/experienciadevida.com.ar\/portalurbano\/coopelectric-brindo-una-capacitacion-sobre-rcp-en-la-e-e-s-n-15-de-espigas\/","title":{"rendered":"Coopelectric brind\u00f3 una capacitaci\u00f3n sobre RCP en la E.E.S. N\u00b0 15  de Espigas"},"content":{"rendered":"<p>Coopelectric brind\u00f3 una capacitaci\u00f3n sobre RCP en la E.E.S. N\u00b0 15 de Espigas.<\/p>\n<p>La misma fue dictada por el Lic. Gast\u00f3n Lucero y la T\u00e9c. Soledad Urbieta del \u00e1rea de Seguridad e Higiene de Coopelectric y cont\u00f3 con la participaci\u00f3n del personal docente, auxiliar y los estudiantes del Ciclo B\u00e1sico (1\u00b0, 2\u00b0 y 3\u00b0<br \/>\nA\u00f1o) y Superior (4\u00b0, 5\u00b0 y 6\u00b0 A\u00f1o).<\/p>\n<p>Desde el \u00e1rea de Seguridad e Higiene de Coopelectric se subray\u00f3 la importancia de contar con conocimientos para saber c\u00f3mo actuar durante los primeros 15 minutos desde que se produce un hecho que requiere asistencia. Luego de ese tiempo, ser\u00e1 el sistema de salud quien deber\u00e1 intervenir para lograr la sobrevida de la persona que sufre un paro cardiorrespiratorio o la obstrucci\u00f3n de las v\u00edas a\u00e9reas.<\/p>\n<p>Por tal motivo, se abordaron aspectos te\u00f3ricos y pr\u00e1cticos sobre el procedimiento de emergencia utilizado para salvar vidas. En primera instancia, los profesionales explicaron las nociones b\u00e1sicas del socorro urbano, cadena de atenci\u00f3n a las v\u00edctimas, conducta de liderazgo ante emergencias m\u00e9dicas, obstrucci\u00f3n de v\u00eda a\u00e9rea (OVA) y asistencia primaria.<\/p>\n<p>Posteriormente, la instrucci\u00f3n se focaliz\u00f3 en la pr\u00e1ctica y las t\u00e9cnicas de Reanimaci\u00f3n Cardio Pulmonar a trav\u00e9s de la utilizaci\u00f3n de maniqu\u00edes provistos por la Cooperativa y el Sindicato Luz y Fuerza de Olavarr\u00eda.<\/p>\n<p>El presidente del Consejo de Administraci\u00f3n Cruz Arouxet explic\u00f3 \u201cesta actividad forma parte de las acciones comunitarias que se planificaron en el marco del D\u00eda Nacional de la Higiene y la Seguridad que se celebr\u00f3 en el mes<br \/>\nde abril\u201d y a\u00f1adi\u00f3 \u201clo consideramos un aporte social, solidario y educativo que puede contribuir a salvar la vida de una persona. Es poner en acci\u00f3n los principios y valores del cooperativismo\u201d.<\/p>\n<p>En tanto, el Lic. Gast\u00f3n lucero manifest\u00f3 \u201cevidenciamos un alto grado de inter\u00e9s y participaci\u00f3n, que hicieron que la jornada fuera muy enriquecedora. Agradecemos a todo el personal de la instituci\u00f3n que permanentemente nos brind\u00f3 su asistencia para que fuera posible capacitar a todos los cursos\u201d.<\/p>\n<p>Las t\u00e9cnicas de RCP var\u00edan en funci\u00f3n de la edad de la persona, por lo que tambi\u00e9n se diferenciaron los m\u00e9todos utilizados para asistir tanto a adultos como a ni\u00f1os. En los pr\u00f3ximos d\u00edas, los participantes recibir\u00e1n la certificaci\u00f3n de ACES Internacional (Asociaci\u00f3n para la Capacitaci\u00f3n en Emergencias y Socorros) con una validez de dos a\u00f1os.<\/p>\n","protected":false},"excerpt":{"rendered":"<p>Coopelectric brind\u00f3 una capacitaci\u00f3n sobre RCP en la E.E.S. N\u00b0 15 de Espigas. La misma&#8230;<\/p>\n","protected":false},"author":1,"featured_media":167195,"comment_status":"closed","ping_status":"closed","sticky":false,"template":"","format":"standard","meta":{"content-type":""},"categories":[27],"tags":[],"nelio_content":{"isAutoShareEnabled":false,"autoShareEndMode":"default","automationSources":{"useContentSentences":true,"useSocialTemplates":true,"useCustomSentences":false,"customSentences":[]},"followers":[1],"suggestedReferences":[],"includedReferences":[],"efiUrl":"","efiAlt":"","highlights":[]},"yoast_head":"<!-- This site is optimized with the Yoast SEO plugin v20.7 - https:\/\/yoast.com\/wordpress\/plugins\/seo\/ -->\n<title>Coopelectric brind\u00f3 una capacitaci\u00f3n sobre RCP en la E.E.S n\u00b015<\/title>\n<meta name=\"description\" content=\"Coopelectric brind\u00f3 una capacitaci\u00f3n sobre RCP en la E.E.S. N\u00b0 15 de Espigas, dictada por Gast\u00f3n Lucero y la T\u00e9c. Soledad Urbieta\" \/>\n<meta name=\"robots\" content=\"index, follow, max-snippet:-1, max-image-preview:large, max-video-preview:-1\" \/>\n<link rel=\"canonical\" href=\"https:\/\/experienciadevida.com.ar\/portalurbano\/coopelectric-brindo-una-capacitacion-sobre-rcp-en-la-e-e-s-n-15-de-espigas\/\" \/>\n<meta property=\"og:locale\" content=\"es_ES\" \/>\n<meta property=\"og:type\" content=\"article\" \/>\n<meta property=\"og:title\" content=\"Coopelectric brind\u00f3 una capacitaci\u00f3n sobre RCP en la E.E.S n\u00b015\" \/>\n<meta property=\"og:description\" content=\"Coopelectric brind\u00f3 una capacitaci\u00f3n sobre RCP en la E.E.S. N\u00b0 15 de Espigas, dictada por Gast\u00f3n Lucero y la T\u00e9c. Soledad Urbieta\" \/>\n<meta property=\"og:url\" content=\"https:\/\/experienciadevida.com.ar\/portalurbano\/coopelectric-brindo-una-capacitacion-sobre-rcp-en-la-e-e-s-n-15-de-espigas\/\" \/>\n<meta property=\"article:publisher\" content=\"https:\/\/www.facebook.com\/Portal-Urbano-171542830093757\/\" \/>\n<meta property=\"article:published_time\" content=\"2022-05-06T20:07:11+00:00\" \/>\n<meta property=\"article:modified_time\" content=\"2022-05-06T20:08:35+00:00\" \/>\n<meta property=\"og:image\" content=\"https:\/\/experienciadevida.com.ar\/portalurbano\/wp-content\/uploads\/2022\/05\/Coopelectric-brindo-una-capacitacion.jpeg\" \/>\n\t<meta property=\"og:image:width\" content=\"1599\" \/>\n\t<meta property=\"og:image:height\" content=\"1200\" \/>\n\t<meta property=\"og:image:type\" content=\"image\/jpeg\" \/>\n<meta name=\"author\" content=\"admpu17wp\" \/>\n<meta name=\"twitter:card\" content=\"summary_large_image\" \/>\n<meta name=\"twitter:creator\" content=\"@portalurbanook\" \/>\n<meta name=\"twitter:site\" content=\"@portalurbanook\" \/>\n<meta name=\"twitter:label1\" content=\"Escrito por\" \/>\n\t<meta name=\"twitter:data1\" content=\"admpu17wp\" \/>\n\t<meta name=\"twitter:label2\" content=\"Tiempo de lectura\" \/>\n\t<meta name=\"twitter:data2\" content=\"2 minutos\" \/>\n<script type=\"application\/ld+json\" class=\"yoast-schema-graph\">{\"@context\":\"https:\/\/schema.org\",\"@graph\":[{\"@type\":\"Article\",\"@id\":\"https:\/\/experienciadevida.com.ar\/portalurbano\/coopelectric-brindo-una-capacitacion-sobre-rcp-en-la-e-e-s-n-15-de-espigas\/#article\",\"isPartOf\":{\"@id\":\"https:\/\/experienciadevida.com.ar\/portalurbano\/coopelectric-brindo-una-capacitacion-sobre-rcp-en-la-e-e-s-n-15-de-espigas\/\"},\"author\":{\"name\":\"admpu17wp\",\"@id\":\"https:\/\/experienciadevida.com.ar\/portalurbano\/#\/schema\/person\/02dd326b1c4b056e9cc972486934a3a7\"},\"headline\":\"Coopelectric brind\u00f3 una capacitaci\u00f3n sobre RCP en la E.E.S. N\u00b0 15 de Espigas\",\"datePublished\":\"2022-05-06T20:07:11+00:00\",\"dateModified\":\"2022-05-06T20:08:35+00:00\",\"mainEntityOfPage\":{\"@id\":\"https:\/\/experienciadevida.com.ar\/portalurbano\/coopelectric-brindo-una-capacitacion-sobre-rcp-en-la-e-e-s-n-15-de-espigas\/\"},\"wordCount\":442,\"publisher\":{\"@id\":\"https:\/\/experienciadevida.com.ar\/portalurbano\/#organization\"},\"articleSection\":[\"Ciudad\"],\"inLanguage\":\"es\"},{\"@type\":\"WebPage\",\"@id\":\"https:\/\/experienciadevida.com.ar\/portalurbano\/coopelectric-brindo-una-capacitacion-sobre-rcp-en-la-e-e-s-n-15-de-espigas\/\",\"url\":\"https:\/\/experienciadevida.com.ar\/portalurbano\/coopelectric-brindo-una-capacitacion-sobre-rcp-en-la-e-e-s-n-15-de-espigas\/\",\"name\":\"Coopelectric brind\u00f3 una capacitaci\u00f3n sobre RCP en la E.E.S n\u00b015\",\"isPartOf\":{\"@id\":\"https:\/\/experienciadevida.com.ar\/portalurbano\/#website\"},\"datePublished\":\"2022-05-06T20:07:11+00:00\",\"dateModified\":\"2022-05-06T20:08:35+00:00\",\"description\":\"Coopelectric brind\u00f3 una capacitaci\u00f3n sobre RCP en la E.E.S. N\u00b0 15 de Espigas, dictada por Gast\u00f3n Lucero y la T\u00e9c. Soledad Urbieta\",\"breadcrumb\":{\"@id\":\"https:\/\/experienciadevida.com.ar\/portalurbano\/coopelectric-brindo-una-capacitacion-sobre-rcp-en-la-e-e-s-n-15-de-espigas\/#breadcrumb\"},\"inLanguage\":\"es\",\"potentialAction\":[{\"@type\":\"ReadAction\",\"target\":[\"https:\/\/experienciadevida.com.ar\/portalurbano\/coopelectric-brindo-una-capacitacion-sobre-rcp-en-la-e-e-s-n-15-de-espigas\/\"]}]},{\"@type\":\"BreadcrumbList\",\"@id\":\"https:\/\/experienciadevida.com.ar\/portalurbano\/coopelectric-brindo-una-capacitacion-sobre-rcp-en-la-e-e-s-n-15-de-espigas\/#breadcrumb\",\"itemListElement\":[{\"@type\":\"ListItem\",\"position\":1,\"name\":\"Portada\",\"item\":\"https:\/\/experienciadevida.com.ar\/portalurbano\/\"},{\"@type\":\"ListItem\",\"position\":2,\"name\":\"Coopelectric brind\u00f3 una capacitaci\u00f3n sobre RCP en la E.E.S. N\u00b0 15 de Espigas\"}]},{\"@type\":\"WebSite\",\"@id\":\"https:\/\/experienciadevida.com.ar\/portalurbano\/#website\",\"url\":\"https:\/\/experienciadevida.com.ar\/portalurbano\/\",\"name\":\"\",\"description\":\"\",\"publisher\":{\"@id\":\"https:\/\/experienciadevida.com.ar\/portalurbano\/#organization\"},\"potentialAction\":[{\"@type\":\"SearchAction\",\"target\":{\"@type\":\"EntryPoint\",\"urlTemplate\":\"https:\/\/experienciadevida.com.ar\/portalurbano\/?s={search_term_string}\"},\"query-input\":\"required name=search_term_string\"}],\"inLanguage\":\"es\"},{\"@type\":\"Organization\",\"@id\":\"https:\/\/experienciadevida.com.ar\/portalurbano\/#organization\",\"name\":\"Portal Urbano\",\"url\":\"https:\/\/experienciadevida.com.ar\/portalurbano\/\",\"logo\":{\"@type\":\"ImageObject\",\"inLanguage\":\"es\",\"@id\":\"https:\/\/experienciadevida.com.ar\/portalurbano\/#\/schema\/logo\/image\/\",\"url\":\"https:\/\/experienciadevida.com.ar\/portalurbano\/wp-content\/uploads\/2019\/09\/Logo-Original.png\",\"contentUrl\":\"https:\/\/experienciadevida.com.ar\/portalurbano\/wp-content\/uploads\/2019\/09\/Logo-Original.png\",\"width\":2236,\"height\":1216,\"caption\":\"Portal Urbano\"},\"image\":{\"@id\":\"https:\/\/experienciadevida.com.ar\/portalurbano\/#\/schema\/logo\/image\/\"},\"sameAs\":[\"https:\/\/www.facebook.com\/Portal-Urbano-171542830093757\/\",\"https:\/\/twitter.com\/portalurbanook\",\"https:\/\/www.instagram.com\/_portalurbano\/\",\"https:\/\/www.youtube.com\/channel\/UCXhagIfszH8KxFiOok79zbA?view_as=subscriber\"]},{\"@type\":\"Person\",\"@id\":\"https:\/\/experienciadevida.com.ar\/portalurbano\/#\/schema\/person\/02dd326b1c4b056e9cc972486934a3a7\",\"name\":\"admpu17wp\",\"image\":{\"@type\":\"ImageObject\",\"inLanguage\":\"es\",\"@id\":\"https:\/\/experienciadevida.com.ar\/portalurbano\/#\/schema\/person\/image\/\",\"url\":\"https:\/\/secure.gravatar.com\/avatar\/830d4c57adaae6630765e449a6908047?s=96&d=mm&r=g\",\"contentUrl\":\"https:\/\/secure.gravatar.com\/avatar\/830d4c57adaae6630765e449a6908047?s=96&d=mm&r=g\",\"caption\":\"admpu17wp\"}}]}<\/script>\n<!-- \/ Yoast SEO plugin. -->","yoast_head_json":{"title":"Coopelectric brind\u00f3 una capacitaci\u00f3n sobre RCP en la E.E.S n\u00b015","description":"Coopelectric brind\u00f3 una capacitaci\u00f3n sobre RCP en la E.E.S. N\u00b0 15 de Espigas, dictada por Gast\u00f3n Lucero y la T\u00e9c. Soledad Urbieta","robots":{"index":"index","follow":"follow","max-snippet":"max-snippet:-1","max-image-preview":"max-image-preview:large","max-video-preview":"max-video-preview:-1"},"canonical":"https:\/\/experienciadevida.com.ar\/portalurbano\/coopelectric-brindo-una-capacitacion-sobre-rcp-en-la-e-e-s-n-15-de-espigas\/","og_locale":"es_ES","og_type":"article","og_title":"Coopelectric brind\u00f3 una capacitaci\u00f3n sobre RCP en la E.E.S n\u00b015","og_description":"Coopelectric brind\u00f3 una capacitaci\u00f3n sobre RCP en la E.E.S. N\u00b0 15 de Espigas, dictada por Gast\u00f3n Lucero y la T\u00e9c. Soledad Urbieta","og_url":"https:\/\/experienciadevida.com.ar\/portalurbano\/coopelectric-brindo-una-capacitacion-sobre-rcp-en-la-e-e-s-n-15-de-espigas\/","article_publisher":"https:\/\/www.facebook.com\/Portal-Urbano-171542830093757\/","article_published_time":"2022-05-06T20:07:11+00:00","article_modified_time":"2022-05-06T20:08:35+00:00","og_image":[{"width":1599,"height":1200,"url":"https:\/\/experienciadevida.com.ar\/portalurbano\/wp-content\/uploads\/2022\/05\/Coopelectric-brindo-una-capacitacion.jpeg","type":"image\/jpeg"}],"author":"admpu17wp","twitter_card":"summary_large_image","twitter_creator":"@portalurbanook","twitter_site":"@portalurbanook","twitter_misc":{"Escrito por":"admpu17wp","Tiempo de lectura":"2 minutos"},"schema":{"@context":"https:\/\/schema.org","@graph":[{"@type":"Article","@id":"https:\/\/experienciadevida.com.ar\/portalurbano\/coopelectric-brindo-una-capacitacion-sobre-rcp-en-la-e-e-s-n-15-de-espigas\/#article","isPartOf":{"@id":"https:\/\/experienciadevida.com.ar\/portalurbano\/coopelectric-brindo-una-capacitacion-sobre-rcp-en-la-e-e-s-n-15-de-espigas\/"},"author":{"name":"admpu17wp","@id":"https:\/\/experienciadevida.com.ar\/portalurbano\/#\/schema\/person\/02dd326b1c4b056e9cc972486934a3a7"},"headline":"Coopelectric brind\u00f3 una capacitaci\u00f3n sobre RCP en la E.E.S. N\u00b0 15 de Espigas","datePublished":"2022-05-06T20:07:11+00:00","dateModified":"2022-05-06T20:08:35+00:00","mainEntityOfPage":{"@id":"https:\/\/experienciadevida.com.ar\/portalurbano\/coopelectric-brindo-una-capacitacion-sobre-rcp-en-la-e-e-s-n-15-de-espigas\/"},"wordCount":442,"publisher":{"@id":"https:\/\/experienciadevida.com.ar\/portalurbano\/#organization"},"articleSection":["Ciudad"],"inLanguage":"es"},{"@type":"WebPage","@id":"https:\/\/experienciadevida.com.ar\/portalurbano\/coopelectric-brindo-una-capacitacion-sobre-rcp-en-la-e-e-s-n-15-de-espigas\/","url":"https:\/\/experienciadevida.com.ar\/portalurbano\/coopelectric-brindo-una-capacitacion-sobre-rcp-en-la-e-e-s-n-15-de-espigas\/","name":"Coopelectric brind\u00f3 una capacitaci\u00f3n sobre RCP en la E.E.S n\u00b015","isPartOf":{"@id":"https:\/\/experienciadevida.com.ar\/portalurbano\/#website"},"datePublished":"2022-05-06T20:07:11+00:00","dateModified":"2022-05-06T20:08:35+00:00","description":"Coopelectric brind\u00f3 una capacitaci\u00f3n sobre RCP en la E.E.S. N\u00b0 15 de Espigas, dictada por Gast\u00f3n Lucero y la T\u00e9c. Soledad Urbieta","breadcrumb":{"@id":"https:\/\/experienciadevida.com.ar\/portalurbano\/coopelectric-brindo-una-capacitacion-sobre-rcp-en-la-e-e-s-n-15-de-espigas\/#breadcrumb"},"inLanguage":"es","potentialAction":[{"@type":"ReadAction","target":["https:\/\/experienciadevida.com.ar\/portalurbano\/coopelectric-brindo-una-capacitacion-sobre-rcp-en-la-e-e-s-n-15-de-espigas\/"]}]},{"@type":"BreadcrumbList","@id":"https:\/\/experienciadevida.com.ar\/portalurbano\/coopelectric-brindo-una-capacitacion-sobre-rcp-en-la-e-e-s-n-15-de-espigas\/#breadcrumb","itemListElement":[{"@type":"ListItem","position":1,"name":"Portada","item":"https:\/\/experienciadevida.com.ar\/portalurbano\/"},{"@type":"ListItem","position":2,"name":"Coopelectric brind\u00f3 una capacitaci\u00f3n sobre RCP en la E.E.S. N\u00b0 15 de Espigas"}]},{"@type":"WebSite","@id":"https:\/\/experienciadevida.com.ar\/portalurbano\/#website","url":"https:\/\/experienciadevida.com.ar\/portalurbano\/","name":"","description":"","publisher":{"@id":"https:\/\/experienciadevida.com.ar\/portalurbano\/#organization"},"potentialAction":[{"@type":"SearchAction","target":{"@type":"EntryPoint","urlTemplate":"https:\/\/experienciadevida.com.ar\/portalurbano\/?s={search_term_string}"},"query-input":"required name=search_term_string"}],"inLanguage":"es"},{"@type":"Organization","@id":"https:\/\/experienciadevida.com.ar\/portalurbano\/#organization","name":"Portal Urbano","url":"https:\/\/experienciadevida.com.ar\/portalurbano\/","logo":{"@type":"ImageObject","inLanguage":"es","@id":"https:\/\/experienciadevida.com.ar\/portalurbano\/#\/schema\/logo\/image\/","url":"https:\/\/experienciadevida.com.ar\/portalurbano\/wp-content\/uploads\/2019\/09\/Logo-Original.png","contentUrl":"https:\/\/experienciadevida.com.ar\/portalurbano\/wp-content\/uploads\/2019\/09\/Logo-Original.png","width":2236,"height":1216,"caption":"Portal Urbano"},"image":{"@id":"https:\/\/experienciadevida.com.ar\/portalurbano\/#\/schema\/logo\/image\/"},"sameAs":["https:\/\/www.facebook.com\/Portal-Urbano-171542830093757\/","https:\/\/twitter.com\/portalurbanook","https:\/\/www.instagram.com\/_portalurbano\/","https:\/\/www.youtube.com\/channel\/UCXhagIfszH8KxFiOok79zbA?view_as=subscriber"]},{"@type":"Person","@id":"https:\/\/experienciadevida.com.ar\/portalurbano\/#\/schema\/person\/02dd326b1c4b056e9cc972486934a3a7","name":"admpu17wp","image":{"@type":"ImageObject","inLanguage":"es","@id":"https:\/\/experienciadevida.com.ar\/portalurbano\/#\/schema\/person\/image\/","url":"https:\/\/secure.gravatar.com\/avatar\/830d4c57adaae6630765e449a6908047?s=96&d=mm&r=g","contentUrl":"https:\/\/secure.gravatar.com\/avatar\/830d4c57adaae6630765e449a6908047?s=96&d=mm&r=g","caption":"admpu17wp"}}]}},"featured_image_urls":{"full":["https:\/\/experienciadevida.com.ar\/portalurbano\/wp-content\/uploads\/2022\/05\/Coopelectric-brindo-una-capacitacion.jpeg",1599,1200,false],"thumbnail":["https:\/\/experienciadevida.com.ar\/portalurbano\/wp-content\/uploads\/2022\/05\/Coopelectric-brindo-una-capacitacion-150x150.jpeg",150,150,true],"medium":["https:\/\/experienciadevida.com.ar\/portalurbano\/wp-content\/uploads\/2022\/05\/Coopelectric-brindo-una-capacitacion-300x225.jpeg",300,225,true],"medium_large":["https:\/\/experienciadevida.com.ar\/portalurbano\/wp-content\/uploads\/2022\/05\/Coopelectric-brindo-una-capacitacion-768x576.jpeg",640,480,true],"large":["https:\/\/experienciadevida.com.ar\/portalurbano\/wp-content\/uploads\/2022\/05\/Coopelectric-brindo-una-capacitacion-1024x768.jpeg",640,480,true],"ug_big":["https:\/\/experienciadevida.com.ar\/portalurbano\/wp-content\/uploads\/2022\/05\/Coopelectric-brindo-una-capacitacion-768x576.jpeg",768,576,true],"1536x1536":["https:\/\/experienciadevida.com.ar\/portalurbano\/wp-content\/uploads\/2022\/05\/Coopelectric-brindo-una-capacitacion-1536x1153.jpeg",1536,1153,true],"2048x2048":["https:\/\/experienciadevida.com.ar\/portalurbano\/wp-content\/uploads\/2022\/05\/Coopelectric-brindo-una-capacitacion.jpeg",1599,1200,false],"newsever-slider-full":["https:\/\/experienciadevida.com.ar\/portalurbano\/wp-content\/uploads\/2022\/05\/Coopelectric-brindo-una-capacitacion.jpeg",1126,845,false],"newsever-featured":["https:\/\/experienciadevida.com.ar\/portalurbano\/wp-content\/uploads\/2022\/05\/Coopelectric-brindo-una-capacitacion.jpeg",1024,768,false],"newsever-medium":["https:\/\/experienciadevida.com.ar\/portalurbano\/wp-content\/uploads\/2022\/05\/Coopelectric-brindo-una-capacitacion.jpeg",633,475,false],"web-stories-poster-portrait":["https:\/\/experienciadevida.com.ar\/portalurbano\/wp-content\/uploads\/2022\/05\/Coopelectric-brindo-una-capacitacion.jpeg",640,480,false],"web-stories-publisher-logo":["https:\/\/experienciadevida.com.ar\/portalurbano\/wp-content\/uploads\/2022\/05\/Coopelectric-brindo-una-capacitacion.jpeg",96,72,false],"web-stories-thumbnail":["https:\/\/experienciadevida.com.ar\/portalurbano\/wp-content\/uploads\/2022\/05\/Coopelectric-brindo-una-capacitacion.jpeg",150,113,false]},"author_info":{"display_name":"admpu17wp","author_link":"https:\/\/experienciadevida.com.ar\/portalurbano\/author\/admpu17wp\/"},"category_info":"<a href=\"https:\/\/experienciadevida.com.ar\/portalurbano\/category\/ciudad\/\" rel=\"category tag\">Ciudad<\/a>","tag_info":"Ciudad","comment_count":"0","amp_enabled":true,"_links":{"self":[{"href":"https:\/\/experienciadevida.com.ar\/portalurbano\/wp-json\/wp\/v2\/posts\/167194"}],"collection":[{"href":"https:\/\/experienciadevida.com.ar\/portalurbano\/wp-json\/wp\/v2\/posts"}],"about":[{"href":"https:\/\/experienciadevida.com.ar\/portalurbano\/wp-json\/wp\/v2\/types\/post"}],"author":[{"embeddable":true,"href":"https:\/\/experienciadevida.com.ar\/portalurbano\/wp-json\/wp\/v2\/users\/1"}],"replies":[{"embeddable":true,"href":"https:\/\/experienciadevida.com.ar\/portalurbano\/wp-json\/wp\/v2\/comments?post=167194"}],"version-history":[{"count":1,"href":"https:\/\/experienciadevida.com.ar\/portalurbano\/wp-json\/wp\/v2\/posts\/167194\/revisions"}],"predecessor-version":[{"id":167196,"href":"https:\/\/experienciadevida.com.ar\/portalurbano\/wp-json\/wp\/v2\/posts\/167194\/revisions\/167196"}],"wp:featuredmedia":[{"embeddable":true,"href":"https:\/\/experienciadevida.com.ar\/portalurbano\/wp-json\/wp\/v2\/media\/167195"}],"wp:attachment":[{"href":"https:\/\/experienciadevida.com.ar\/portalurbano\/wp-json\/wp\/v2\/media?parent=167194"}],"wp:term":[{"taxonomy":"category","embeddable":true,"href":"https:\/\/experienciadevida.com.ar\/portalurbano\/wp-json\/wp\/v2\/categories?post=167194"},{"taxonomy":"post_tag","embeddable":true,"href":"https:\/\/experienciadevida.com.ar\/portalurbano\/wp-json\/wp\/v2\/tags?post=167194"}],"curies":[{"name":"wp","href":"https:\/\/api.w.org\/{rel}","templated":true}]}}