{"id":167182,"date":"2022-05-06T13:20:20","date_gmt":"2022-05-06T16:20:20","guid":{"rendered":"https:\/\/experienciadevida.com.ar\/portalurbano\/?p=167182"},"modified":"2022-05-06T13:22:04","modified_gmt":"2022-05-06T16:22:04","slug":"parroquia-san-cayetano-programacion-para-el-7-de-mayo","status":"publish","type":"post","link":"https:\/\/experienciadevida.com.ar\/portalurbano\/parroquia-san-cayetano-programacion-para-el-7-de-mayo\/","title":{"rendered":"Parroquia San Cayetano: Programaci\u00f3n para el 7 de mayo"},"content":{"rendered":"<p>Parroquia San Cayetano: Programaci\u00f3n para el 7 de mayo, obra musical \u201cEstrella de la Pampa\u201d y bendici\u00f3n de la imagen del Negro Manuel.<\/p>\n<p>El s\u00e1bado 7 de mayo a las 20 hs. se presentar\u00e1 el oratorio criollo \u201cEstrella de la Pampa\u201d en la Iglesia San Cayetano de nuestra ciudad.<\/p>\n<p>A su vez ser\u00e1 bendecida una imagen del Negro Manuel que ser\u00e1 colocada en el templo parroquial, en el \u201cRinc\u00f3n de los Santos\u201d, destinado a figuras de santidad argentinas.<\/p>\n<p><strong>Estrella de la Pampa<\/strong><\/p>\n<p>Se trata de una cantata que describe milagro de Luj\u00e1n, ocurrido en 1630, y la vida del fiel custodio del a Virgen, el negro Manuel.<\/p>\n<p>Esta obra musical se desarrolla integrando canciones y relatos que narran e ilustran esta historia, desde la llegada de la sagrada imagen hasta nuestros d\u00edas.<\/p>\n<p>Los int\u00e9rpretes, provenientes de Tandil, son los siguientes: el grupo Tinkunaco, que es un octeto integrado por Marcos Pereyra, Dami\u00e1n Depau, V\u00edctor Urquiaga, Marcos Picaroni, Mar\u00eda Luj\u00e1n Marengo, Alejandra Berlari, Ana Laura Islas y Rut Tripodi; Agust\u00edn Mena interviene en los recitados. Participar\u00e1n en la danza C\u00e9sar Luque, Mariela Pe\u00f1\u00edn, Javier Bali\u00f1o y Karina Pena junto a bailarines locales Graciela Fittipaldi y Santiago Lagos. Los m\u00fasicos son: Marcos Pereyra (guitarra), Arturo de Felice (guitarr\u00f3n) y Marcos Picaroni (teclados).<\/p>\n<p>La autor\u00eda de los textos pertenece a Cruz Lucero. La parte musical fue compuesta por el m\u00fasico azule\u00f1o Juan Carlos Madd\u00edo (temas 1,3,4,7,8,9,10 y 11) y por Atilio Reynoso (temas 2,5 y 6) Los arreglos vocales a cargo de Marcos Picaroni (temas 1, 3,4,6 al 11) y Arturo de Felice (en tema 10).<\/p>\n<p>Se conjugan a la vez en esta obra, la historia, la poes\u00eda y la religiosidad mariana. A su vez hay un rescate de la m\u00fasica de ra\u00edz pampeana. Se podr\u00e1n apreciar las siguientes especies musicales: cifra, huella, vidalita, milonga corralera, triste, triunfo, milonga, cielito, estilo pampeano.<\/p>\n<p><strong>Bendici\u00f3n de la imagen del Negro Manuel<\/strong><\/p>\n<p>Manuel Costa de los R\u00edos, nacido en \u00c1frica, fue tra\u00eddo como esclavo a nuestras tierras. Fue testigo del Milagro a orillas del r\u00edo Luj\u00e1n en 1630. Cuid\u00f3 la imagen de la Virgen, cont\u00f3 su historia y atendi\u00f3 con amor a los peregrinos durante 56 a\u00f1os hasta el d\u00eda de su muerte. \u00c9l nos dej\u00f3 esta frase como expresi\u00f3n de su vida: \u201cSoy de la Virgen, nom\u00e1s\u201d. Tambi\u00e9n nosotros podemos hacerla nuestra.<\/p>\n<p>Desde el 2019 viene avanzando su causa de beatificaci\u00f3n.<\/p>\n<p>En esta ocasi\u00f3n ser\u00e1 colocada en el templo una imagen del Negro Manuel, custodio de la Virgen de Luj\u00e1n, junto a la imagen de la Virgen, con la oraci\u00f3n con la que pedimos su pronta beatificaci\u00f3n.<\/p>\n<p>Este evento est\u00e1 organizado por la Comisi\u00f3n de Fe y Cultura de la Parroquia San Cayetano<\/p>\n<p>Programaci\u00f3n para el 7 y el 8 de mayo<\/p>\n<p>S\u00e1bado 7 de mayo<br \/>\n10.15 llegada de la imagen del Negro Manuel y la Virgen de Luj\u00e1n. Ser\u00e1n tra\u00eddas en carro y caballos por los Gauchos Peregrinos San Cayetano. Para quienes que deseen acompa\u00f1ar, el punto de encuentro es la rotonda de Avellaneda y La Rioja, a las 9.45 hs.<br \/>\n10.30 Misa<br \/>\n15 hs Misa<br \/>\n19 Hs Misa y bendici\u00f3n de la imagen del Negro Manuel, presidida por el padre Estanislao Fari\u00f1a<br \/>\n20 hs. Presentaci\u00f3n la cantata criolla \u201cEstrella de la Pampa\u201d<\/p>\n<p>Como todos los d\u00edas 7, el templo se abre a las 8, se reza el rosario durante la jornada. La Capilla Perpetuo Socorro llevar\u00e1 adelante una feria del plato. Tambi\u00e9n se realizar\u00e1 la feria de C\u00e1ritas, de 10 a 16 hs.<\/p>\n<p>Parroquia San Cayetano, domingo\u00a0 8 de mayo:<\/p>\n<p>10.30 Misa con los ni\u00f1os de 2\u00ba a\u00f1o de catequesis en honor de la Virgen de Luj\u00e1n.<br \/>\n18 hs Santa Misa<\/p>\n","protected":false},"excerpt":{"rendered":"<p>Parroquia San Cayetano: Programaci\u00f3n para el 7 de mayo, obra musical \u201cEstrella de la Pampa\u201d&#8230;<\/p>\n","protected":false},"author":1,"featured_media":167183,"comment_status":"closed","ping_status":"closed","sticky":false,"template":"","format":"standard","meta":{"content-type":""},"categories":[27],"tags":[],"nelio_content":{"isAutoShareEnabled":false,"autoShareEndMode":"default","automationSources":{"useContentSentences":true,"useSocialTemplates":true,"useCustomSentences":false,"customSentences":[]},"followers":[1],"suggestedReferences":[],"includedReferences":[],"efiUrl":"","efiAlt":"","highlights":[]},"yoast_head":"<!-- This site is optimized with the Yoast SEO plugin v20.7 - https:\/\/yoast.com\/wordpress\/plugins\/seo\/ -->\n<title>Parroquia San Cayetano: programaci\u00f3n para el 7 de mayo<\/title>\n<meta name=\"description\" content=\"Parroquia San Cayetano: Programaci\u00f3n para el 7 de mayo, obra musical \u201cEstrella de la Pampa\u201d y bendici\u00f3n de la imagen\" \/>\n<meta name=\"robots\" content=\"index, follow, max-snippet:-1, max-image-preview:large, max-video-preview:-1\" \/>\n<link rel=\"canonical\" href=\"https:\/\/experienciadevida.com.ar\/portalurbano\/parroquia-san-cayetano-programacion-para-el-7-de-mayo\/\" \/>\n<meta property=\"og:locale\" content=\"es_ES\" \/>\n<meta property=\"og:type\" content=\"article\" \/>\n<meta property=\"og:title\" content=\"Parroquia San Cayetano: programaci\u00f3n para el 7 de mayo\" \/>\n<meta property=\"og:description\" content=\"Parroquia San Cayetano: Programaci\u00f3n para el 7 de mayo, obra musical \u201cEstrella de la Pampa\u201d y bendici\u00f3n de la imagen\" \/>\n<meta property=\"og:url\" content=\"https:\/\/experienciadevida.com.ar\/portalurbano\/parroquia-san-cayetano-programacion-para-el-7-de-mayo\/\" \/>\n<meta property=\"article:publisher\" content=\"https:\/\/www.facebook.com\/Portal-Urbano-171542830093757\/\" \/>\n<meta property=\"article:published_time\" content=\"2022-05-06T16:20:20+00:00\" \/>\n<meta property=\"article:modified_time\" content=\"2022-05-06T16:22:04+00:00\" \/>\n<meta property=\"og:image\" content=\"https:\/\/experienciadevida.com.ar\/portalurbano\/wp-content\/uploads\/2022\/05\/Parroquia-San-Cayetano.jpeg\" \/>\n\t<meta property=\"og:image:width\" content=\"1280\" \/>\n\t<meta property=\"og:image:height\" content=\"853\" \/>\n\t<meta property=\"og:image:type\" content=\"image\/jpeg\" \/>\n<meta name=\"author\" content=\"admpu17wp\" \/>\n<meta name=\"twitter:card\" content=\"summary_large_image\" \/>\n<meta name=\"twitter:creator\" content=\"@portalurbanook\" \/>\n<meta name=\"twitter:site\" content=\"@portalurbanook\" \/>\n<meta name=\"twitter:label1\" content=\"Escrito por\" \/>\n\t<meta name=\"twitter:data1\" content=\"admpu17wp\" \/>\n\t<meta name=\"twitter:label2\" content=\"Tiempo de lectura\" \/>\n\t<meta name=\"twitter:data2\" content=\"3 minutos\" \/>\n<script type=\"application\/ld+json\" class=\"yoast-schema-graph\">{\"@context\":\"https:\/\/schema.org\",\"@graph\":[{\"@type\":\"Article\",\"@id\":\"https:\/\/experienciadevida.com.ar\/portalurbano\/parroquia-san-cayetano-programacion-para-el-7-de-mayo\/#article\",\"isPartOf\":{\"@id\":\"https:\/\/experienciadevida.com.ar\/portalurbano\/parroquia-san-cayetano-programacion-para-el-7-de-mayo\/\"},\"author\":{\"name\":\"admpu17wp\",\"@id\":\"https:\/\/experienciadevida.com.ar\/portalurbano\/#\/schema\/person\/02dd326b1c4b056e9cc972486934a3a7\"},\"headline\":\"Parroquia San Cayetano: Programaci\u00f3n para el 7 de mayo\",\"datePublished\":\"2022-05-06T16:20:20+00:00\",\"dateModified\":\"2022-05-06T16:22:04+00:00\",\"mainEntityOfPage\":{\"@id\":\"https:\/\/experienciadevida.com.ar\/portalurbano\/parroquia-san-cayetano-programacion-para-el-7-de-mayo\/\"},\"wordCount\":642,\"publisher\":{\"@id\":\"https:\/\/experienciadevida.com.ar\/portalurbano\/#organization\"},\"articleSection\":[\"Ciudad\"],\"inLanguage\":\"es\"},{\"@type\":\"WebPage\",\"@id\":\"https:\/\/experienciadevida.com.ar\/portalurbano\/parroquia-san-cayetano-programacion-para-el-7-de-mayo\/\",\"url\":\"https:\/\/experienciadevida.com.ar\/portalurbano\/parroquia-san-cayetano-programacion-para-el-7-de-mayo\/\",\"name\":\"Parroquia San Cayetano: programaci\u00f3n para el 7 de mayo\",\"isPartOf\":{\"@id\":\"https:\/\/experienciadevida.com.ar\/portalurbano\/#website\"},\"datePublished\":\"2022-05-06T16:20:20+00:00\",\"dateModified\":\"2022-05-06T16:22:04+00:00\",\"description\":\"Parroquia San Cayetano: Programaci\u00f3n para el 7 de mayo, obra musical \u201cEstrella de la Pampa\u201d y bendici\u00f3n de la imagen\",\"breadcrumb\":{\"@id\":\"https:\/\/experienciadevida.com.ar\/portalurbano\/parroquia-san-cayetano-programacion-para-el-7-de-mayo\/#breadcrumb\"},\"inLanguage\":\"es\",\"potentialAction\":[{\"@type\":\"ReadAction\",\"target\":[\"https:\/\/experienciadevida.com.ar\/portalurbano\/parroquia-san-cayetano-programacion-para-el-7-de-mayo\/\"]}]},{\"@type\":\"BreadcrumbList\",\"@id\":\"https:\/\/experienciadevida.com.ar\/portalurbano\/parroquia-san-cayetano-programacion-para-el-7-de-mayo\/#breadcrumb\",\"itemListElement\":[{\"@type\":\"ListItem\",\"position\":1,\"name\":\"Portada\",\"item\":\"https:\/\/experienciadevida.com.ar\/portalurbano\/\"},{\"@type\":\"ListItem\",\"position\":2,\"name\":\"Parroquia San Cayetano: Programaci\u00f3n para el 7 de mayo\"}]},{\"@type\":\"WebSite\",\"@id\":\"https:\/\/experienciadevida.com.ar\/portalurbano\/#website\",\"url\":\"https:\/\/experienciadevida.com.ar\/portalurbano\/\",\"name\":\"\",\"description\":\"\",\"publisher\":{\"@id\":\"https:\/\/experienciadevida.com.ar\/portalurbano\/#organization\"},\"potentialAction\":[{\"@type\":\"SearchAction\",\"target\":{\"@type\":\"EntryPoint\",\"urlTemplate\":\"https:\/\/experienciadevida.com.ar\/portalurbano\/?s={search_term_string}\"},\"query-input\":\"required name=search_term_string\"}],\"inLanguage\":\"es\"},{\"@type\":\"Organization\",\"@id\":\"https:\/\/experienciadevida.com.ar\/portalurbano\/#organization\",\"name\":\"Portal Urbano\",\"url\":\"https:\/\/experienciadevida.com.ar\/portalurbano\/\",\"logo\":{\"@type\":\"ImageObject\",\"inLanguage\":\"es\",\"@id\":\"https:\/\/experienciadevida.com.ar\/portalurbano\/#\/schema\/logo\/image\/\",\"url\":\"https:\/\/experienciadevida.com.ar\/portalurbano\/wp-content\/uploads\/2019\/09\/Logo-Original.png\",\"contentUrl\":\"https:\/\/experienciadevida.com.ar\/portalurbano\/wp-content\/uploads\/2019\/09\/Logo-Original.png\",\"width\":2236,\"height\":1216,\"caption\":\"Portal Urbano\"},\"image\":{\"@id\":\"https:\/\/experienciadevida.com.ar\/portalurbano\/#\/schema\/logo\/image\/\"},\"sameAs\":[\"https:\/\/www.facebook.com\/Portal-Urbano-171542830093757\/\",\"https:\/\/twitter.com\/portalurbanook\",\"https:\/\/www.instagram.com\/_portalurbano\/\",\"https:\/\/www.youtube.com\/channel\/UCXhagIfszH8KxFiOok79zbA?view_as=subscriber\"]},{\"@type\":\"Person\",\"@id\":\"https:\/\/experienciadevida.com.ar\/portalurbano\/#\/schema\/person\/02dd326b1c4b056e9cc972486934a3a7\",\"name\":\"admpu17wp\",\"image\":{\"@type\":\"ImageObject\",\"inLanguage\":\"es\",\"@id\":\"https:\/\/experienciadevida.com.ar\/portalurbano\/#\/schema\/person\/image\/\",\"url\":\"https:\/\/secure.gravatar.com\/avatar\/830d4c57adaae6630765e449a6908047?s=96&d=mm&r=g\",\"contentUrl\":\"https:\/\/secure.gravatar.com\/avatar\/830d4c57adaae6630765e449a6908047?s=96&d=mm&r=g\",\"caption\":\"admpu17wp\"}}]}<\/script>\n<!-- \/ Yoast SEO plugin. -->","yoast_head_json":{"title":"Parroquia San Cayetano: programaci\u00f3n para el 7 de mayo","description":"Parroquia San Cayetano: Programaci\u00f3n para el 7 de mayo, obra musical \u201cEstrella de la Pampa\u201d y bendici\u00f3n de la imagen","robots":{"index":"index","follow":"follow","max-snippet":"max-snippet:-1","max-image-preview":"max-image-preview:large","max-video-preview":"max-video-preview:-1"},"canonical":"https:\/\/experienciadevida.com.ar\/portalurbano\/parroquia-san-cayetano-programacion-para-el-7-de-mayo\/","og_locale":"es_ES","og_type":"article","og_title":"Parroquia San Cayetano: programaci\u00f3n para el 7 de mayo","og_description":"Parroquia San Cayetano: Programaci\u00f3n para el 7 de mayo, obra musical \u201cEstrella de la Pampa\u201d y bendici\u00f3n de la imagen","og_url":"https:\/\/experienciadevida.com.ar\/portalurbano\/parroquia-san-cayetano-programacion-para-el-7-de-mayo\/","article_publisher":"https:\/\/www.facebook.com\/Portal-Urbano-171542830093757\/","article_published_time":"2022-05-06T16:20:20+00:00","article_modified_time":"2022-05-06T16:22:04+00:00","og_image":[{"width":1280,"height":853,"url":"https:\/\/experienciadevida.com.ar\/portalurbano\/wp-content\/uploads\/2022\/05\/Parroquia-San-Cayetano.jpeg","type":"image\/jpeg"}],"author":"admpu17wp","twitter_card":"summary_large_image","twitter_creator":"@portalurbanook","twitter_site":"@portalurbanook","twitter_misc":{"Escrito por":"admpu17wp","Tiempo de lectura":"3 minutos"},"schema":{"@context":"https:\/\/schema.org","@graph":[{"@type":"Article","@id":"https:\/\/experienciadevida.com.ar\/portalurbano\/parroquia-san-cayetano-programacion-para-el-7-de-mayo\/#article","isPartOf":{"@id":"https:\/\/experienciadevida.com.ar\/portalurbano\/parroquia-san-cayetano-programacion-para-el-7-de-mayo\/"},"author":{"name":"admpu17wp","@id":"https:\/\/experienciadevida.com.ar\/portalurbano\/#\/schema\/person\/02dd326b1c4b056e9cc972486934a3a7"},"headline":"Parroquia San Cayetano: Programaci\u00f3n para el 7 de mayo","datePublished":"2022-05-06T16:20:20+00:00","dateModified":"2022-05-06T16:22:04+00:00","mainEntityOfPage":{"@id":"https:\/\/experienciadevida.com.ar\/portalurbano\/parroquia-san-cayetano-programacion-para-el-7-de-mayo\/"},"wordCount":642,"publisher":{"@id":"https:\/\/experienciadevida.com.ar\/portalurbano\/#organization"},"articleSection":["Ciudad"],"inLanguage":"es"},{"@type":"WebPage","@id":"https:\/\/experienciadevida.com.ar\/portalurbano\/parroquia-san-cayetano-programacion-para-el-7-de-mayo\/","url":"https:\/\/experienciadevida.com.ar\/portalurbano\/parroquia-san-cayetano-programacion-para-el-7-de-mayo\/","name":"Parroquia San Cayetano: programaci\u00f3n para el 7 de mayo","isPartOf":{"@id":"https:\/\/experienciadevida.com.ar\/portalurbano\/#website"},"datePublished":"2022-05-06T16:20:20+00:00","dateModified":"2022-05-06T16:22:04+00:00","description":"Parroquia San Cayetano: Programaci\u00f3n para el 7 de mayo, obra musical \u201cEstrella de la Pampa\u201d y bendici\u00f3n de la imagen","breadcrumb":{"@id":"https:\/\/experienciadevida.com.ar\/portalurbano\/parroquia-san-cayetano-programacion-para-el-7-de-mayo\/#breadcrumb"},"inLanguage":"es","potentialAction":[{"@type":"ReadAction","target":["https:\/\/experienciadevida.com.ar\/portalurbano\/parroquia-san-cayetano-programacion-para-el-7-de-mayo\/"]}]},{"@type":"BreadcrumbList","@id":"https:\/\/experienciadevida.com.ar\/portalurbano\/parroquia-san-cayetano-programacion-para-el-7-de-mayo\/#breadcrumb","itemListElement":[{"@type":"ListItem","position":1,"name":"Portada","item":"https:\/\/experienciadevida.com.ar\/portalurbano\/"},{"@type":"ListItem","position":2,"name":"Parroquia San Cayetano: Programaci\u00f3n para el 7 de mayo"}]},{"@type":"WebSite","@id":"https:\/\/experienciadevida.com.ar\/portalurbano\/#website","url":"https:\/\/experienciadevida.com.ar\/portalurbano\/","name":"","description":"","publisher":{"@id":"https:\/\/experienciadevida.com.ar\/portalurbano\/#organization"},"potentialAction":[{"@type":"SearchAction","target":{"@type":"EntryPoint","urlTemplate":"https:\/\/experienciadevida.com.ar\/portalurbano\/?s={search_term_string}"},"query-input":"required name=search_term_string"}],"inLanguage":"es"},{"@type":"Organization","@id":"https:\/\/experienciadevida.com.ar\/portalurbano\/#organization","name":"Portal Urbano","url":"https:\/\/experienciadevida.com.ar\/portalurbano\/","logo":{"@type":"ImageObject","inLanguage":"es","@id":"https:\/\/experienciadevida.com.ar\/portalurbano\/#\/schema\/logo\/image\/","url":"https:\/\/experienciadevida.com.ar\/portalurbano\/wp-content\/uploads\/2019\/09\/Logo-Original.png","contentUrl":"https:\/\/experienciadevida.com.ar\/portalurbano\/wp-content\/uploads\/2019\/09\/Logo-Original.png","width":2236,"height":1216,"caption":"Portal Urbano"},"image":{"@id":"https:\/\/experienciadevida.com.ar\/portalurbano\/#\/schema\/logo\/image\/"},"sameAs":["https:\/\/www.facebook.com\/Portal-Urbano-171542830093757\/","https:\/\/twitter.com\/portalurbanook","https:\/\/www.instagram.com\/_portalurbano\/","https:\/\/www.youtube.com\/channel\/UCXhagIfszH8KxFiOok79zbA?view_as=subscriber"]},{"@type":"Person","@id":"https:\/\/experienciadevida.com.ar\/portalurbano\/#\/schema\/person\/02dd326b1c4b056e9cc972486934a3a7","name":"admpu17wp","image":{"@type":"ImageObject","inLanguage":"es","@id":"https:\/\/experienciadevida.com.ar\/portalurbano\/#\/schema\/person\/image\/","url":"https:\/\/secure.gravatar.com\/avatar\/830d4c57adaae6630765e449a6908047?s=96&d=mm&r=g","contentUrl":"https:\/\/secure.gravatar.com\/avatar\/830d4c57adaae6630765e449a6908047?s=96&d=mm&r=g","caption":"admpu17wp"}}]}},"featured_image_urls":{"full":["https:\/\/experienciadevida.com.ar\/portalurbano\/wp-content\/uploads\/2022\/05\/Parroquia-San-Cayetano.jpeg",1280,853,false],"thumbnail":["https:\/\/experienciadevida.com.ar\/portalurbano\/wp-content\/uploads\/2022\/05\/Parroquia-San-Cayetano-150x150.jpeg",150,150,true],"medium":["https:\/\/experienciadevida.com.ar\/portalurbano\/wp-content\/uploads\/2022\/05\/Parroquia-San-Cayetano-300x200.jpeg",300,200,true],"medium_large":["https:\/\/experienciadevida.com.ar\/portalurbano\/wp-content\/uploads\/2022\/05\/Parroquia-San-Cayetano-768x512.jpeg",640,427,true],"large":["https:\/\/experienciadevida.com.ar\/portalurbano\/wp-content\/uploads\/2022\/05\/Parroquia-San-Cayetano-1024x682.jpeg",640,426,true],"ug_big":["https:\/\/experienciadevida.com.ar\/portalurbano\/wp-content\/uploads\/2022\/05\/Parroquia-San-Cayetano-768x512.jpeg",768,512,true],"1536x1536":["https:\/\/experienciadevida.com.ar\/portalurbano\/wp-content\/uploads\/2022\/05\/Parroquia-San-Cayetano.jpeg",1280,853,false],"2048x2048":["https:\/\/experienciadevida.com.ar\/portalurbano\/wp-content\/uploads\/2022\/05\/Parroquia-San-Cayetano.jpeg",1280,853,false],"newsever-slider-full":["https:\/\/experienciadevida.com.ar\/portalurbano\/wp-content\/uploads\/2022\/05\/Parroquia-San-Cayetano.jpeg",1268,845,false],"newsever-featured":["https:\/\/experienciadevida.com.ar\/portalurbano\/wp-content\/uploads\/2022\/05\/Parroquia-San-Cayetano.jpeg",1024,682,false],"newsever-medium":["https:\/\/experienciadevida.com.ar\/portalurbano\/wp-content\/uploads\/2022\/05\/Parroquia-San-Cayetano.jpeg",713,475,false],"web-stories-poster-portrait":["https:\/\/experienciadevida.com.ar\/portalurbano\/wp-content\/uploads\/2022\/05\/Parroquia-San-Cayetano.jpeg",640,427,false],"web-stories-publisher-logo":["https:\/\/experienciadevida.com.ar\/portalurbano\/wp-content\/uploads\/2022\/05\/Parroquia-San-Cayetano.jpeg",96,64,false],"web-stories-thumbnail":["https:\/\/experienciadevida.com.ar\/portalurbano\/wp-content\/uploads\/2022\/05\/Parroquia-San-Cayetano.jpeg",150,100,false]},"author_info":{"display_name":"admpu17wp","author_link":"https:\/\/experienciadevida.com.ar\/portalurbano\/author\/admpu17wp\/"},"category_info":"<a href=\"https:\/\/experienciadevida.com.ar\/portalurbano\/category\/ciudad\/\" rel=\"category tag\">Ciudad<\/a>","tag_info":"Ciudad","comment_count":"0","amp_enabled":true,"_links":{"self":[{"href":"https:\/\/experienciadevida.com.ar\/portalurbano\/wp-json\/wp\/v2\/posts\/167182"}],"collection":[{"href":"https:\/\/experienciadevida.com.ar\/portalurbano\/wp-json\/wp\/v2\/posts"}],"about":[{"href":"https:\/\/experienciadevida.com.ar\/portalurbano\/wp-json\/wp\/v2\/types\/post"}],"author":[{"embeddable":true,"href":"https:\/\/experienciadevida.com.ar\/portalurbano\/wp-json\/wp\/v2\/users\/1"}],"replies":[{"embeddable":true,"href":"https:\/\/experienciadevida.com.ar\/portalurbano\/wp-json\/wp\/v2\/comments?post=167182"}],"version-history":[{"count":2,"href":"https:\/\/experienciadevida.com.ar\/portalurbano\/wp-json\/wp\/v2\/posts\/167182\/revisions"}],"predecessor-version":[{"id":167185,"href":"https:\/\/experienciadevida.com.ar\/portalurbano\/wp-json\/wp\/v2\/posts\/167182\/revisions\/167185"}],"wp:featuredmedia":[{"embeddable":true,"href":"https:\/\/experienciadevida.com.ar\/portalurbano\/wp-json\/wp\/v2\/media\/167183"}],"wp:attachment":[{"href":"https:\/\/experienciadevida.com.ar\/portalurbano\/wp-json\/wp\/v2\/media?parent=167182"}],"wp:term":[{"taxonomy":"category","embeddable":true,"href":"https:\/\/experienciadevida.com.ar\/portalurbano\/wp-json\/wp\/v2\/categories?post=167182"},{"taxonomy":"post_tag","embeddable":true,"href":"https:\/\/experienciadevida.com.ar\/portalurbano\/wp-json\/wp\/v2\/tags?post=167182"}],"curies":[{"name":"wp","href":"https:\/\/api.w.org\/{rel}","templated":true}]}}