{"id":167127,"date":"2022-05-05T14:25:24","date_gmt":"2022-05-05T17:25:24","guid":{"rendered":"https:\/\/experienciadevida.com.ar\/portalurbano\/?p=167127"},"modified":"2022-05-05T14:26:29","modified_gmt":"2022-05-05T17:26:29","slug":"se-realizaran-jornadas-sobre-integracion-sensorial-y-desarrollo-atipico-en-el-ceco","status":"publish","type":"post","link":"https:\/\/experienciadevida.com.ar\/portalurbano\/se-realizaran-jornadas-sobre-integracion-sensorial-y-desarrollo-atipico-en-el-ceco\/","title":{"rendered":"Se realizar\u00e1n jornadas sobre integraci\u00f3n sensorial y desarrollo at\u00edpico en el CECO"},"content":{"rendered":"<p>Se realizar\u00e1n jornadas sobre integraci\u00f3n sensorial y desarrollo at\u00edpico en el <a href=\"https:\/\/www.facebook.com\/CECOOlavarria\">CECO<\/a>, del 31 de mayo al 4 de junio el Centro Empleados de Comercio ser\u00e1 sede de una charla sobre conductas disrruptivas en la infancia y un posgrado para profesionales de la salud. La disertante ser\u00e1 la Licenciada L\u00eda Issa profesional de amplia trayectoria de trabajo con ni\u00f1os y adolescentes.<\/p>\n<p><strong>Con trastornos en el neurodesarrollo<\/strong><\/p>\n<p>El Centro Empleados de Comercio de Olavarr\u00eda (CECO) propone dos actividades que permitan conocer las distintas problem\u00e1ticas que afectan a ni\u00f1os y adolescentes con conductas disruptivas y trastornos en el neurodesarrollo. Se trata de una charla abierta a toda la comunidad de la que pueden participar docentes, padres y todos aquellos que est\u00e9n interesados en conocer mas acerca de la tem\u00e1tica. Adem\u00e1s habr\u00e1 una jornada de 4 d\u00edas para que profesionales de la salud puedan participar de un posgrado sobre primera infancia.<\/p>\n<p>La disertante en ambas jornadas ser\u00e1 la licenciada en terapia ocupacional Lia Issa, graduada en la Universidad Nacional de Mar del plata, que cuenta con mas de 20 a\u00f1os de experiencia en trabajo en consultorio CIAR con ni\u00f1os y<br \/>\nadolescentes con trastornos en el neurodesarrollo<\/p>\n<p>El dia 31 de mayo desde las 16 horas en el segundo piso de la sede del CECO se dictara una charla abierta a toda la comunidad denominada \u201cDesarrollo t\u00edpico y at\u00edpico. Como detectar problemas en el desafi\u00f3 del desarrollo\u201d.<br \/>\nLa entrada a la misma ser\u00e1 libre y gratuita, pero quedar\u00e1 acotada a la capacidad del sal\u00f3n del CECO, respetando los protocolos vigentes.<\/p>\n<p>Los d\u00edas 1, 2, 3 y 4 de junio la propuesta \u201cTeor\u00eda y filosof\u00eda de integraci\u00f3n sensorial\u201d un curso practico que brinda conceptos fundamentales de I.S. en relaci\u00f3n con el desarrollo basado en eventos neuroconductuales, esta dirigida a profesionales de la salud y se trata de un posgrado que se dictar\u00e1 en 4 jornadas.<\/p>\n<p>Las actividades cuentan con el apoyo de la UNICEN, Aupa terapia infantil, Asociaci\u00f3n Marplatense de Terapistas Ocupacionales, Cryndi, Acis y la declaraci\u00f3n de inter\u00e9s Legislativo y Cultural del Honorable Concejo<br \/>\nDeliberante de Olavarr\u00eda.<\/p>\n<p>Para informes e inscripci\u00f3n los profesionales interesados podr\u00e1n comunicarse por mail a julietaciano@hotmail.com, hasta el el 10 de mayo hay precios promocionales para el acceso al curso.<\/p>\n","protected":false},"excerpt":{"rendered":"<p>Se realizar\u00e1n jornadas sobre integraci\u00f3n sensorial y desarrollo at\u00edpico en el CECO, del 31 de&#8230;<\/p>\n","protected":false},"author":1,"featured_media":167128,"comment_status":"closed","ping_status":"closed","sticky":false,"template":"","format":"standard","meta":{"content-type":""},"categories":[27],"tags":[],"nelio_content":{"isAutoShareEnabled":false,"autoShareEndMode":"default","automationSources":{"useContentSentences":true,"useSocialTemplates":true,"useCustomSentences":false,"customSentences":[]},"followers":[1],"suggestedReferences":[],"includedReferences":[],"efiUrl":"","efiAlt":"","highlights":[]},"yoast_head":"<!-- This site is optimized with the Yoast SEO plugin v20.7 - https:\/\/yoast.com\/wordpress\/plugins\/seo\/ -->\n<title>Se realizar\u00e1n jornadas sobre integraci\u00f3n sensorial y desarrollo at\u00edpico<\/title>\n<meta name=\"description\" content=\"Se realizar\u00e1n jornadas sobre integraci\u00f3n sensorial y desarrollo at\u00edpico en el CECO, del 31 de mayo al 4 de junio el Centro Empleado\" \/>\n<meta name=\"robots\" content=\"index, follow, max-snippet:-1, max-image-preview:large, max-video-preview:-1\" \/>\n<link rel=\"canonical\" href=\"https:\/\/experienciadevida.com.ar\/portalurbano\/se-realizaran-jornadas-sobre-integracion-sensorial-y-desarrollo-atipico-en-el-ceco\/\" \/>\n<meta property=\"og:locale\" content=\"es_ES\" \/>\n<meta property=\"og:type\" content=\"article\" \/>\n<meta property=\"og:title\" content=\"Se realizar\u00e1n jornadas sobre integraci\u00f3n sensorial y desarrollo at\u00edpico\" \/>\n<meta property=\"og:description\" content=\"Se realizar\u00e1n jornadas sobre integraci\u00f3n sensorial y desarrollo at\u00edpico en el CECO, del 31 de mayo al 4 de junio el Centro Empleado\" \/>\n<meta property=\"og:url\" content=\"https:\/\/experienciadevida.com.ar\/portalurbano\/se-realizaran-jornadas-sobre-integracion-sensorial-y-desarrollo-atipico-en-el-ceco\/\" \/>\n<meta property=\"article:publisher\" content=\"https:\/\/www.facebook.com\/Portal-Urbano-171542830093757\/\" \/>\n<meta property=\"article:published_time\" content=\"2022-05-05T17:25:24+00:00\" \/>\n<meta property=\"article:modified_time\" content=\"2022-05-05T17:26:29+00:00\" \/>\n<meta property=\"og:image\" content=\"https:\/\/experienciadevida.com.ar\/portalurbano\/wp-content\/uploads\/2022\/05\/Se-realizaran-jornadas-sobre.jpeg\" \/>\n\t<meta property=\"og:image:width\" content=\"903\" \/>\n\t<meta property=\"og:image:height\" content=\"1280\" \/>\n\t<meta property=\"og:image:type\" content=\"image\/jpeg\" \/>\n<meta name=\"author\" content=\"admpu17wp\" \/>\n<meta name=\"twitter:card\" content=\"summary_large_image\" \/>\n<meta name=\"twitter:creator\" content=\"@portalurbanook\" \/>\n<meta name=\"twitter:site\" content=\"@portalurbanook\" \/>\n<meta name=\"twitter:label1\" content=\"Escrito por\" \/>\n\t<meta name=\"twitter:data1\" content=\"admpu17wp\" \/>\n\t<meta name=\"twitter:label2\" content=\"Tiempo de lectura\" \/>\n\t<meta name=\"twitter:data2\" content=\"2 minutos\" \/>\n<script type=\"application\/ld+json\" class=\"yoast-schema-graph\">{\"@context\":\"https:\/\/schema.org\",\"@graph\":[{\"@type\":\"Article\",\"@id\":\"https:\/\/experienciadevida.com.ar\/portalurbano\/se-realizaran-jornadas-sobre-integracion-sensorial-y-desarrollo-atipico-en-el-ceco\/#article\",\"isPartOf\":{\"@id\":\"https:\/\/experienciadevida.com.ar\/portalurbano\/se-realizaran-jornadas-sobre-integracion-sensorial-y-desarrollo-atipico-en-el-ceco\/\"},\"author\":{\"name\":\"admpu17wp\",\"@id\":\"https:\/\/experienciadevida.com.ar\/portalurbano\/#\/schema\/person\/02dd326b1c4b056e9cc972486934a3a7\"},\"headline\":\"Se realizar\u00e1n jornadas sobre integraci\u00f3n sensorial y desarrollo at\u00edpico en el CECO\",\"datePublished\":\"2022-05-05T17:25:24+00:00\",\"dateModified\":\"2022-05-05T17:26:29+00:00\",\"mainEntityOfPage\":{\"@id\":\"https:\/\/experienciadevida.com.ar\/portalurbano\/se-realizaran-jornadas-sobre-integracion-sensorial-y-desarrollo-atipico-en-el-ceco\/\"},\"wordCount\":404,\"publisher\":{\"@id\":\"https:\/\/experienciadevida.com.ar\/portalurbano\/#organization\"},\"articleSection\":[\"Ciudad\"],\"inLanguage\":\"es\"},{\"@type\":\"WebPage\",\"@id\":\"https:\/\/experienciadevida.com.ar\/portalurbano\/se-realizaran-jornadas-sobre-integracion-sensorial-y-desarrollo-atipico-en-el-ceco\/\",\"url\":\"https:\/\/experienciadevida.com.ar\/portalurbano\/se-realizaran-jornadas-sobre-integracion-sensorial-y-desarrollo-atipico-en-el-ceco\/\",\"name\":\"Se realizar\u00e1n jornadas sobre integraci\u00f3n sensorial y desarrollo at\u00edpico\",\"isPartOf\":{\"@id\":\"https:\/\/experienciadevida.com.ar\/portalurbano\/#website\"},\"datePublished\":\"2022-05-05T17:25:24+00:00\",\"dateModified\":\"2022-05-05T17:26:29+00:00\",\"description\":\"Se realizar\u00e1n jornadas sobre integraci\u00f3n sensorial y desarrollo at\u00edpico en el CECO, del 31 de mayo al 4 de junio el Centro Empleado\",\"breadcrumb\":{\"@id\":\"https:\/\/experienciadevida.com.ar\/portalurbano\/se-realizaran-jornadas-sobre-integracion-sensorial-y-desarrollo-atipico-en-el-ceco\/#breadcrumb\"},\"inLanguage\":\"es\",\"potentialAction\":[{\"@type\":\"ReadAction\",\"target\":[\"https:\/\/experienciadevida.com.ar\/portalurbano\/se-realizaran-jornadas-sobre-integracion-sensorial-y-desarrollo-atipico-en-el-ceco\/\"]}]},{\"@type\":\"BreadcrumbList\",\"@id\":\"https:\/\/experienciadevida.com.ar\/portalurbano\/se-realizaran-jornadas-sobre-integracion-sensorial-y-desarrollo-atipico-en-el-ceco\/#breadcrumb\",\"itemListElement\":[{\"@type\":\"ListItem\",\"position\":1,\"name\":\"Portada\",\"item\":\"https:\/\/experienciadevida.com.ar\/portalurbano\/\"},{\"@type\":\"ListItem\",\"position\":2,\"name\":\"Se realizar\u00e1n jornadas sobre integraci\u00f3n sensorial y desarrollo at\u00edpico en el CECO\"}]},{\"@type\":\"WebSite\",\"@id\":\"https:\/\/experienciadevida.com.ar\/portalurbano\/#website\",\"url\":\"https:\/\/experienciadevida.com.ar\/portalurbano\/\",\"name\":\"\",\"description\":\"\",\"publisher\":{\"@id\":\"https:\/\/experienciadevida.com.ar\/portalurbano\/#organization\"},\"potentialAction\":[{\"@type\":\"SearchAction\",\"target\":{\"@type\":\"EntryPoint\",\"urlTemplate\":\"https:\/\/experienciadevida.com.ar\/portalurbano\/?s={search_term_string}\"},\"query-input\":\"required name=search_term_string\"}],\"inLanguage\":\"es\"},{\"@type\":\"Organization\",\"@id\":\"https:\/\/experienciadevida.com.ar\/portalurbano\/#organization\",\"name\":\"Portal Urbano\",\"url\":\"https:\/\/experienciadevida.com.ar\/portalurbano\/\",\"logo\":{\"@type\":\"ImageObject\",\"inLanguage\":\"es\",\"@id\":\"https:\/\/experienciadevida.com.ar\/portalurbano\/#\/schema\/logo\/image\/\",\"url\":\"https:\/\/experienciadevida.com.ar\/portalurbano\/wp-content\/uploads\/2019\/09\/Logo-Original.png\",\"contentUrl\":\"https:\/\/experienciadevida.com.ar\/portalurbano\/wp-content\/uploads\/2019\/09\/Logo-Original.png\",\"width\":2236,\"height\":1216,\"caption\":\"Portal Urbano\"},\"image\":{\"@id\":\"https:\/\/experienciadevida.com.ar\/portalurbano\/#\/schema\/logo\/image\/\"},\"sameAs\":[\"https:\/\/www.facebook.com\/Portal-Urbano-171542830093757\/\",\"https:\/\/twitter.com\/portalurbanook\",\"https:\/\/www.instagram.com\/_portalurbano\/\",\"https:\/\/www.youtube.com\/channel\/UCXhagIfszH8KxFiOok79zbA?view_as=subscriber\"]},{\"@type\":\"Person\",\"@id\":\"https:\/\/experienciadevida.com.ar\/portalurbano\/#\/schema\/person\/02dd326b1c4b056e9cc972486934a3a7\",\"name\":\"admpu17wp\",\"image\":{\"@type\":\"ImageObject\",\"inLanguage\":\"es\",\"@id\":\"https:\/\/experienciadevida.com.ar\/portalurbano\/#\/schema\/person\/image\/\",\"url\":\"https:\/\/secure.gravatar.com\/avatar\/830d4c57adaae6630765e449a6908047?s=96&d=mm&r=g\",\"contentUrl\":\"https:\/\/secure.gravatar.com\/avatar\/830d4c57adaae6630765e449a6908047?s=96&d=mm&r=g\",\"caption\":\"admpu17wp\"}}]}<\/script>\n<!-- \/ Yoast SEO plugin. -->","yoast_head_json":{"title":"Se realizar\u00e1n jornadas sobre integraci\u00f3n sensorial y desarrollo at\u00edpico","description":"Se realizar\u00e1n jornadas sobre integraci\u00f3n sensorial y desarrollo at\u00edpico en el CECO, del 31 de mayo al 4 de junio el Centro Empleado","robots":{"index":"index","follow":"follow","max-snippet":"max-snippet:-1","max-image-preview":"max-image-preview:large","max-video-preview":"max-video-preview:-1"},"canonical":"https:\/\/experienciadevida.com.ar\/portalurbano\/se-realizaran-jornadas-sobre-integracion-sensorial-y-desarrollo-atipico-en-el-ceco\/","og_locale":"es_ES","og_type":"article","og_title":"Se realizar\u00e1n jornadas sobre integraci\u00f3n sensorial y desarrollo at\u00edpico","og_description":"Se realizar\u00e1n jornadas sobre integraci\u00f3n sensorial y desarrollo at\u00edpico en el CECO, del 31 de mayo al 4 de junio el Centro Empleado","og_url":"https:\/\/experienciadevida.com.ar\/portalurbano\/se-realizaran-jornadas-sobre-integracion-sensorial-y-desarrollo-atipico-en-el-ceco\/","article_publisher":"https:\/\/www.facebook.com\/Portal-Urbano-171542830093757\/","article_published_time":"2022-05-05T17:25:24+00:00","article_modified_time":"2022-05-05T17:26:29+00:00","og_image":[{"width":903,"height":1280,"url":"https:\/\/experienciadevida.com.ar\/portalurbano\/wp-content\/uploads\/2022\/05\/Se-realizaran-jornadas-sobre.jpeg","type":"image\/jpeg"}],"author":"admpu17wp","twitter_card":"summary_large_image","twitter_creator":"@portalurbanook","twitter_site":"@portalurbanook","twitter_misc":{"Escrito por":"admpu17wp","Tiempo de lectura":"2 minutos"},"schema":{"@context":"https:\/\/schema.org","@graph":[{"@type":"Article","@id":"https:\/\/experienciadevida.com.ar\/portalurbano\/se-realizaran-jornadas-sobre-integracion-sensorial-y-desarrollo-atipico-en-el-ceco\/#article","isPartOf":{"@id":"https:\/\/experienciadevida.com.ar\/portalurbano\/se-realizaran-jornadas-sobre-integracion-sensorial-y-desarrollo-atipico-en-el-ceco\/"},"author":{"name":"admpu17wp","@id":"https:\/\/experienciadevida.com.ar\/portalurbano\/#\/schema\/person\/02dd326b1c4b056e9cc972486934a3a7"},"headline":"Se realizar\u00e1n jornadas sobre integraci\u00f3n sensorial y desarrollo at\u00edpico en el CECO","datePublished":"2022-05-05T17:25:24+00:00","dateModified":"2022-05-05T17:26:29+00:00","mainEntityOfPage":{"@id":"https:\/\/experienciadevida.com.ar\/portalurbano\/se-realizaran-jornadas-sobre-integracion-sensorial-y-desarrollo-atipico-en-el-ceco\/"},"wordCount":404,"publisher":{"@id":"https:\/\/experienciadevida.com.ar\/portalurbano\/#organization"},"articleSection":["Ciudad"],"inLanguage":"es"},{"@type":"WebPage","@id":"https:\/\/experienciadevida.com.ar\/portalurbano\/se-realizaran-jornadas-sobre-integracion-sensorial-y-desarrollo-atipico-en-el-ceco\/","url":"https:\/\/experienciadevida.com.ar\/portalurbano\/se-realizaran-jornadas-sobre-integracion-sensorial-y-desarrollo-atipico-en-el-ceco\/","name":"Se realizar\u00e1n jornadas sobre integraci\u00f3n sensorial y desarrollo at\u00edpico","isPartOf":{"@id":"https:\/\/experienciadevida.com.ar\/portalurbano\/#website"},"datePublished":"2022-05-05T17:25:24+00:00","dateModified":"2022-05-05T17:26:29+00:00","description":"Se realizar\u00e1n jornadas sobre integraci\u00f3n sensorial y desarrollo at\u00edpico en el CECO, del 31 de mayo al 4 de junio el Centro Empleado","breadcrumb":{"@id":"https:\/\/experienciadevida.com.ar\/portalurbano\/se-realizaran-jornadas-sobre-integracion-sensorial-y-desarrollo-atipico-en-el-ceco\/#breadcrumb"},"inLanguage":"es","potentialAction":[{"@type":"ReadAction","target":["https:\/\/experienciadevida.com.ar\/portalurbano\/se-realizaran-jornadas-sobre-integracion-sensorial-y-desarrollo-atipico-en-el-ceco\/"]}]},{"@type":"BreadcrumbList","@id":"https:\/\/experienciadevida.com.ar\/portalurbano\/se-realizaran-jornadas-sobre-integracion-sensorial-y-desarrollo-atipico-en-el-ceco\/#breadcrumb","itemListElement":[{"@type":"ListItem","position":1,"name":"Portada","item":"https:\/\/experienciadevida.com.ar\/portalurbano\/"},{"@type":"ListItem","position":2,"name":"Se realizar\u00e1n jornadas sobre integraci\u00f3n sensorial y desarrollo at\u00edpico en el CECO"}]},{"@type":"WebSite","@id":"https:\/\/experienciadevida.com.ar\/portalurbano\/#website","url":"https:\/\/experienciadevida.com.ar\/portalurbano\/","name":"","description":"","publisher":{"@id":"https:\/\/experienciadevida.com.ar\/portalurbano\/#organization"},"potentialAction":[{"@type":"SearchAction","target":{"@type":"EntryPoint","urlTemplate":"https:\/\/experienciadevida.com.ar\/portalurbano\/?s={search_term_string}"},"query-input":"required name=search_term_string"}],"inLanguage":"es"},{"@type":"Organization","@id":"https:\/\/experienciadevida.com.ar\/portalurbano\/#organization","name":"Portal Urbano","url":"https:\/\/experienciadevida.com.ar\/portalurbano\/","logo":{"@type":"ImageObject","inLanguage":"es","@id":"https:\/\/experienciadevida.com.ar\/portalurbano\/#\/schema\/logo\/image\/","url":"https:\/\/experienciadevida.com.ar\/portalurbano\/wp-content\/uploads\/2019\/09\/Logo-Original.png","contentUrl":"https:\/\/experienciadevida.com.ar\/portalurbano\/wp-content\/uploads\/2019\/09\/Logo-Original.png","width":2236,"height":1216,"caption":"Portal Urbano"},"image":{"@id":"https:\/\/experienciadevida.com.ar\/portalurbano\/#\/schema\/logo\/image\/"},"sameAs":["https:\/\/www.facebook.com\/Portal-Urbano-171542830093757\/","https:\/\/twitter.com\/portalurbanook","https:\/\/www.instagram.com\/_portalurbano\/","https:\/\/www.youtube.com\/channel\/UCXhagIfszH8KxFiOok79zbA?view_as=subscriber"]},{"@type":"Person","@id":"https:\/\/experienciadevida.com.ar\/portalurbano\/#\/schema\/person\/02dd326b1c4b056e9cc972486934a3a7","name":"admpu17wp","image":{"@type":"ImageObject","inLanguage":"es","@id":"https:\/\/experienciadevida.com.ar\/portalurbano\/#\/schema\/person\/image\/","url":"https:\/\/secure.gravatar.com\/avatar\/830d4c57adaae6630765e449a6908047?s=96&d=mm&r=g","contentUrl":"https:\/\/secure.gravatar.com\/avatar\/830d4c57adaae6630765e449a6908047?s=96&d=mm&r=g","caption":"admpu17wp"}}]}},"featured_image_urls":{"full":["https:\/\/experienciadevida.com.ar\/portalurbano\/wp-content\/uploads\/2022\/05\/Se-realizaran-jornadas-sobre.jpeg",903,1280,false],"thumbnail":["https:\/\/experienciadevida.com.ar\/portalurbano\/wp-content\/uploads\/2022\/05\/Se-realizaran-jornadas-sobre-150x150.jpeg",150,150,true],"medium":["https:\/\/experienciadevida.com.ar\/portalurbano\/wp-content\/uploads\/2022\/05\/Se-realizaran-jornadas-sobre-212x300.jpeg",212,300,true],"medium_large":["https:\/\/experienciadevida.com.ar\/portalurbano\/wp-content\/uploads\/2022\/05\/Se-realizaran-jornadas-sobre-768x1089.jpeg",640,908,true],"large":["https:\/\/experienciadevida.com.ar\/portalurbano\/wp-content\/uploads\/2022\/05\/Se-realizaran-jornadas-sobre-722x1024.jpeg",640,908,true],"ug_big":["https:\/\/experienciadevida.com.ar\/portalurbano\/wp-content\/uploads\/2022\/05\/Se-realizaran-jornadas-sobre-542x768.jpeg",542,768,true],"1536x1536":["https:\/\/experienciadevida.com.ar\/portalurbano\/wp-content\/uploads\/2022\/05\/Se-realizaran-jornadas-sobre.jpeg",903,1280,false],"2048x2048":["https:\/\/experienciadevida.com.ar\/portalurbano\/wp-content\/uploads\/2022\/05\/Se-realizaran-jornadas-sobre.jpeg",903,1280,false],"newsever-slider-full":["https:\/\/experienciadevida.com.ar\/portalurbano\/wp-content\/uploads\/2022\/05\/Se-realizaran-jornadas-sobre.jpeg",596,845,false],"newsever-featured":["https:\/\/experienciadevida.com.ar\/portalurbano\/wp-content\/uploads\/2022\/05\/Se-realizaran-jornadas-sobre.jpeg",903,1280,false],"newsever-medium":["https:\/\/experienciadevida.com.ar\/portalurbano\/wp-content\/uploads\/2022\/05\/Se-realizaran-jornadas-sobre.jpeg",335,475,false],"web-stories-poster-portrait":["https:\/\/experienciadevida.com.ar\/portalurbano\/wp-content\/uploads\/2022\/05\/Se-realizaran-jornadas-sobre.jpeg",602,853,false],"web-stories-publisher-logo":["https:\/\/experienciadevida.com.ar\/portalurbano\/wp-content\/uploads\/2022\/05\/Se-realizaran-jornadas-sobre.jpeg",68,96,false],"web-stories-thumbnail":["https:\/\/experienciadevida.com.ar\/portalurbano\/wp-content\/uploads\/2022\/05\/Se-realizaran-jornadas-sobre.jpeg",150,213,false]},"author_info":{"display_name":"admpu17wp","author_link":"https:\/\/experienciadevida.com.ar\/portalurbano\/author\/admpu17wp\/"},"category_info":"<a href=\"https:\/\/experienciadevida.com.ar\/portalurbano\/category\/ciudad\/\" rel=\"category tag\">Ciudad<\/a>","tag_info":"Ciudad","comment_count":"0","amp_enabled":true,"_links":{"self":[{"href":"https:\/\/experienciadevida.com.ar\/portalurbano\/wp-json\/wp\/v2\/posts\/167127"}],"collection":[{"href":"https:\/\/experienciadevida.com.ar\/portalurbano\/wp-json\/wp\/v2\/posts"}],"about":[{"href":"https:\/\/experienciadevida.com.ar\/portalurbano\/wp-json\/wp\/v2\/types\/post"}],"author":[{"embeddable":true,"href":"https:\/\/experienciadevida.com.ar\/portalurbano\/wp-json\/wp\/v2\/users\/1"}],"replies":[{"embeddable":true,"href":"https:\/\/experienciadevida.com.ar\/portalurbano\/wp-json\/wp\/v2\/comments?post=167127"}],"version-history":[{"count":2,"href":"https:\/\/experienciadevida.com.ar\/portalurbano\/wp-json\/wp\/v2\/posts\/167127\/revisions"}],"predecessor-version":[{"id":167130,"href":"https:\/\/experienciadevida.com.ar\/portalurbano\/wp-json\/wp\/v2\/posts\/167127\/revisions\/167130"}],"wp:featuredmedia":[{"embeddable":true,"href":"https:\/\/experienciadevida.com.ar\/portalurbano\/wp-json\/wp\/v2\/media\/167128"}],"wp:attachment":[{"href":"https:\/\/experienciadevida.com.ar\/portalurbano\/wp-json\/wp\/v2\/media?parent=167127"}],"wp:term":[{"taxonomy":"category","embeddable":true,"href":"https:\/\/experienciadevida.com.ar\/portalurbano\/wp-json\/wp\/v2\/categories?post=167127"},{"taxonomy":"post_tag","embeddable":true,"href":"https:\/\/experienciadevida.com.ar\/portalurbano\/wp-json\/wp\/v2\/tags?post=167127"}],"curies":[{"name":"wp","href":"https:\/\/api.w.org\/{rel}","templated":true}]}}