{"id":167074,"date":"2022-05-04T17:15:03","date_gmt":"2022-05-04T20:15:03","guid":{"rendered":"https:\/\/experienciadevida.com.ar\/portalurbano\/?p=167074"},"modified":"2022-05-04T17:15:32","modified_gmt":"2022-05-04T20:15:32","slug":"autoridades-de-coopelectric-se-reunieron-con-vecinos-de-villa-mi-serrania","status":"publish","type":"post","link":"https:\/\/experienciadevida.com.ar\/portalurbano\/autoridades-de-coopelectric-se-reunieron-con-vecinos-de-villa-mi-serrania\/","title":{"rendered":"Autoridades de Coopelectric se reunieron con vecinos de Villa Mi Serran\u00eda"},"content":{"rendered":"<p>Autoridades de Coopelectric se reunieron con vecinos de Villa Mi Serran\u00eda, d\u00edas atr\u00e1s integrantes del Consejo de Administraci\u00f3n y personal t\u00e9cnico de Coopelectric mantuvieron un encuentro con vecinos de Villa Mi Serran\u00eda. El<br \/>\nmismo tuvo lugar en el Club Social y Deportivo Villa Mi Serran\u00eda donde estuvieron presentes el secretario del Consejo de Administraci\u00f3n Alberto Miotti, el prosecretario Oscar Angeletti, el vocal Jos\u00e9 Mor\u00e1n, el vocal suplente Walter Vega, el gerente de Distribuci\u00f3n del Servicio El\u00e9ctrico Claudio N\u00e1poli y vecinos del lugar.<\/p>\n<p>Los participantes realizaron consultas sobre el funcionamiento general del Servicio El\u00e9ctrico y cuestiones domiciliarias particulares. Al mismo tiempo manifestaron su inter\u00e9s por contar con iluminaci\u00f3n p\u00fablica en la zona del nuevo refugio de la parada de colectivos ubicada sobre Ruta Provincial 51, la cual es frecuentada por algunas personas en horas de la noche y la madrugada para poder cumplir con sus obligaciones laborales. En tal sentido,<br \/>\ny con la finalidad de dar respuesta a la solicitud planteada por los vecinos, desde el \u00e1rea t\u00e9cnica de Coopelectric se trabaj\u00f3 en la reubicaci\u00f3n del artefacto que iluminaba el antiguo refugio por lo que ya se encuentra en funcionamiento.<\/p>\n<p>Por otro lado, los representantes de Coopelectric brindaron informaci\u00f3n sobre las diferentes v\u00edas de comunicaci\u00f3n existentes para efectuar reclamos t\u00e9cnicos y administrativos de los Servicios El\u00e9ctrico y Sanitario. Se hizo especial menci\u00f3n a la utilizaci\u00f3n del WhatsApp como v\u00eda \u00e1gil, r\u00e1pida y sencilla que le permite al personal t\u00e9cnico evaluar su trazabilidad e inmediatamente los vecinos agendaron el contacto \u201cReclamos Coopelectric\u201d con el n\u00famero 2284-230707.<\/p>\n<p>Finalmente, se intercambiaron opiniones sobre los Servicios Sociales los cuales fueron destacados por aquellos asistentes que por razones familiares debieron utilizarlos.<\/p>\n<p>La reuni\u00f3n culmin\u00f3 con el compromiso de coordinar una nueva reuni\u00f3n en el trascurso del a\u00f1o, con la intenci\u00f3n de evaluar el seguimiento de las consultas recibidas y atender nuevas inquietudes que puedan surgir.<\/p>\n","protected":false},"excerpt":{"rendered":"<p>Autoridades de Coopelectric se reunieron con vecinos de Villa Mi Serran\u00eda, d\u00edas atr\u00e1s integrantes del&#8230;<\/p>\n","protected":false},"author":1,"featured_media":167075,"comment_status":"closed","ping_status":"closed","sticky":false,"template":"","format":"standard","meta":{"content-type":""},"categories":[27],"tags":[],"nelio_content":{"isAutoShareEnabled":false,"autoShareEndMode":"default","automationSources":{"useContentSentences":true,"useSocialTemplates":true,"useCustomSentences":false,"customSentences":[]},"followers":[1],"suggestedReferences":[],"includedReferences":[],"efiUrl":"","efiAlt":"","highlights":[]},"yoast_head":"<!-- This site is optimized with the Yoast SEO plugin v20.7 - https:\/\/yoast.com\/wordpress\/plugins\/seo\/ -->\n<title>Autoridades de Coopelectric se reunieron con vecinos de Villa Mi Serran\u00eda<\/title>\n<meta name=\"description\" content=\"Autoridades de Coopelectric se reuni\u00f3 con vecinos de Villa Mi Serran\u00eda, d\u00edas atr\u00e1s integrantes el consejo de administraci\u00f3n\" \/>\n<meta name=\"robots\" content=\"index, follow, max-snippet:-1, max-image-preview:large, max-video-preview:-1\" \/>\n<link rel=\"canonical\" href=\"https:\/\/experienciadevida.com.ar\/portalurbano\/autoridades-de-coopelectric-se-reunieron-con-vecinos-de-villa-mi-serrania\/\" \/>\n<meta property=\"og:locale\" content=\"es_ES\" \/>\n<meta property=\"og:type\" content=\"article\" \/>\n<meta property=\"og:title\" content=\"Autoridades de Coopelectric se reunieron con vecinos de Villa Mi Serran\u00eda\" \/>\n<meta property=\"og:description\" content=\"Autoridades de Coopelectric se reuni\u00f3 con vecinos de Villa Mi Serran\u00eda, d\u00edas atr\u00e1s integrantes el consejo de administraci\u00f3n\" \/>\n<meta property=\"og:url\" content=\"https:\/\/experienciadevida.com.ar\/portalurbano\/autoridades-de-coopelectric-se-reunieron-con-vecinos-de-villa-mi-serrania\/\" \/>\n<meta property=\"article:publisher\" content=\"https:\/\/www.facebook.com\/Portal-Urbano-171542830093757\/\" \/>\n<meta property=\"article:published_time\" content=\"2022-05-04T20:15:03+00:00\" \/>\n<meta property=\"article:modified_time\" content=\"2022-05-04T20:15:32+00:00\" \/>\n<meta property=\"og:image\" content=\"https:\/\/experienciadevida.com.ar\/portalurbano\/wp-content\/uploads\/2022\/05\/Autoridades-de-Coopelectric-se.jpeg\" \/>\n\t<meta property=\"og:image:width\" content=\"1600\" \/>\n\t<meta property=\"og:image:height\" content=\"1078\" \/>\n\t<meta property=\"og:image:type\" content=\"image\/jpeg\" \/>\n<meta name=\"author\" content=\"admpu17wp\" \/>\n<meta name=\"twitter:card\" content=\"summary_large_image\" \/>\n<meta name=\"twitter:creator\" content=\"@portalurbanook\" \/>\n<meta name=\"twitter:site\" content=\"@portalurbanook\" \/>\n<meta name=\"twitter:label1\" content=\"Escrito por\" \/>\n\t<meta name=\"twitter:data1\" content=\"admpu17wp\" \/>\n\t<meta name=\"twitter:label2\" content=\"Tiempo de lectura\" \/>\n\t<meta name=\"twitter:data2\" content=\"2 minutos\" \/>\n<script type=\"application\/ld+json\" class=\"yoast-schema-graph\">{\"@context\":\"https:\/\/schema.org\",\"@graph\":[{\"@type\":\"Article\",\"@id\":\"https:\/\/experienciadevida.com.ar\/portalurbano\/autoridades-de-coopelectric-se-reunieron-con-vecinos-de-villa-mi-serrania\/#article\",\"isPartOf\":{\"@id\":\"https:\/\/experienciadevida.com.ar\/portalurbano\/autoridades-de-coopelectric-se-reunieron-con-vecinos-de-villa-mi-serrania\/\"},\"author\":{\"name\":\"admpu17wp\",\"@id\":\"https:\/\/experienciadevida.com.ar\/portalurbano\/#\/schema\/person\/02dd326b1c4b056e9cc972486934a3a7\"},\"headline\":\"Autoridades de Coopelectric se reunieron con vecinos de Villa Mi Serran\u00eda\",\"datePublished\":\"2022-05-04T20:15:03+00:00\",\"dateModified\":\"2022-05-04T20:15:32+00:00\",\"mainEntityOfPage\":{\"@id\":\"https:\/\/experienciadevida.com.ar\/portalurbano\/autoridades-de-coopelectric-se-reunieron-con-vecinos-de-villa-mi-serrania\/\"},\"wordCount\":353,\"publisher\":{\"@id\":\"https:\/\/experienciadevida.com.ar\/portalurbano\/#organization\"},\"articleSection\":[\"Ciudad\"],\"inLanguage\":\"es\"},{\"@type\":\"WebPage\",\"@id\":\"https:\/\/experienciadevida.com.ar\/portalurbano\/autoridades-de-coopelectric-se-reunieron-con-vecinos-de-villa-mi-serrania\/\",\"url\":\"https:\/\/experienciadevida.com.ar\/portalurbano\/autoridades-de-coopelectric-se-reunieron-con-vecinos-de-villa-mi-serrania\/\",\"name\":\"Autoridades de Coopelectric se reunieron con vecinos de Villa Mi Serran\u00eda\",\"isPartOf\":{\"@id\":\"https:\/\/experienciadevida.com.ar\/portalurbano\/#website\"},\"datePublished\":\"2022-05-04T20:15:03+00:00\",\"dateModified\":\"2022-05-04T20:15:32+00:00\",\"description\":\"Autoridades de Coopelectric se reuni\u00f3 con vecinos de Villa Mi Serran\u00eda, d\u00edas atr\u00e1s integrantes el consejo de administraci\u00f3n\",\"breadcrumb\":{\"@id\":\"https:\/\/experienciadevida.com.ar\/portalurbano\/autoridades-de-coopelectric-se-reunieron-con-vecinos-de-villa-mi-serrania\/#breadcrumb\"},\"inLanguage\":\"es\",\"potentialAction\":[{\"@type\":\"ReadAction\",\"target\":[\"https:\/\/experienciadevida.com.ar\/portalurbano\/autoridades-de-coopelectric-se-reunieron-con-vecinos-de-villa-mi-serrania\/\"]}]},{\"@type\":\"BreadcrumbList\",\"@id\":\"https:\/\/experienciadevida.com.ar\/portalurbano\/autoridades-de-coopelectric-se-reunieron-con-vecinos-de-villa-mi-serrania\/#breadcrumb\",\"itemListElement\":[{\"@type\":\"ListItem\",\"position\":1,\"name\":\"Portada\",\"item\":\"https:\/\/experienciadevida.com.ar\/portalurbano\/\"},{\"@type\":\"ListItem\",\"position\":2,\"name\":\"Autoridades de Coopelectric se reunieron con vecinos de Villa Mi Serran\u00eda\"}]},{\"@type\":\"WebSite\",\"@id\":\"https:\/\/experienciadevida.com.ar\/portalurbano\/#website\",\"url\":\"https:\/\/experienciadevida.com.ar\/portalurbano\/\",\"name\":\"\",\"description\":\"\",\"publisher\":{\"@id\":\"https:\/\/experienciadevida.com.ar\/portalurbano\/#organization\"},\"potentialAction\":[{\"@type\":\"SearchAction\",\"target\":{\"@type\":\"EntryPoint\",\"urlTemplate\":\"https:\/\/experienciadevida.com.ar\/portalurbano\/?s={search_term_string}\"},\"query-input\":\"required name=search_term_string\"}],\"inLanguage\":\"es\"},{\"@type\":\"Organization\",\"@id\":\"https:\/\/experienciadevida.com.ar\/portalurbano\/#organization\",\"name\":\"Portal Urbano\",\"url\":\"https:\/\/experienciadevida.com.ar\/portalurbano\/\",\"logo\":{\"@type\":\"ImageObject\",\"inLanguage\":\"es\",\"@id\":\"https:\/\/experienciadevida.com.ar\/portalurbano\/#\/schema\/logo\/image\/\",\"url\":\"https:\/\/experienciadevida.com.ar\/portalurbano\/wp-content\/uploads\/2019\/09\/Logo-Original.png\",\"contentUrl\":\"https:\/\/experienciadevida.com.ar\/portalurbano\/wp-content\/uploads\/2019\/09\/Logo-Original.png\",\"width\":2236,\"height\":1216,\"caption\":\"Portal Urbano\"},\"image\":{\"@id\":\"https:\/\/experienciadevida.com.ar\/portalurbano\/#\/schema\/logo\/image\/\"},\"sameAs\":[\"https:\/\/www.facebook.com\/Portal-Urbano-171542830093757\/\",\"https:\/\/twitter.com\/portalurbanook\",\"https:\/\/www.instagram.com\/_portalurbano\/\",\"https:\/\/www.youtube.com\/channel\/UCXhagIfszH8KxFiOok79zbA?view_as=subscriber\"]},{\"@type\":\"Person\",\"@id\":\"https:\/\/experienciadevida.com.ar\/portalurbano\/#\/schema\/person\/02dd326b1c4b056e9cc972486934a3a7\",\"name\":\"admpu17wp\",\"image\":{\"@type\":\"ImageObject\",\"inLanguage\":\"es\",\"@id\":\"https:\/\/experienciadevida.com.ar\/portalurbano\/#\/schema\/person\/image\/\",\"url\":\"https:\/\/secure.gravatar.com\/avatar\/830d4c57adaae6630765e449a6908047?s=96&d=mm&r=g\",\"contentUrl\":\"https:\/\/secure.gravatar.com\/avatar\/830d4c57adaae6630765e449a6908047?s=96&d=mm&r=g\",\"caption\":\"admpu17wp\"}}]}<\/script>\n<!-- \/ Yoast SEO plugin. -->","yoast_head_json":{"title":"Autoridades de Coopelectric se reunieron con vecinos de Villa Mi Serran\u00eda","description":"Autoridades de Coopelectric se reuni\u00f3 con vecinos de Villa Mi Serran\u00eda, d\u00edas atr\u00e1s integrantes el consejo de administraci\u00f3n","robots":{"index":"index","follow":"follow","max-snippet":"max-snippet:-1","max-image-preview":"max-image-preview:large","max-video-preview":"max-video-preview:-1"},"canonical":"https:\/\/experienciadevida.com.ar\/portalurbano\/autoridades-de-coopelectric-se-reunieron-con-vecinos-de-villa-mi-serrania\/","og_locale":"es_ES","og_type":"article","og_title":"Autoridades de Coopelectric se reunieron con vecinos de Villa Mi Serran\u00eda","og_description":"Autoridades de Coopelectric se reuni\u00f3 con vecinos de Villa Mi Serran\u00eda, d\u00edas atr\u00e1s integrantes el consejo de administraci\u00f3n","og_url":"https:\/\/experienciadevida.com.ar\/portalurbano\/autoridades-de-coopelectric-se-reunieron-con-vecinos-de-villa-mi-serrania\/","article_publisher":"https:\/\/www.facebook.com\/Portal-Urbano-171542830093757\/","article_published_time":"2022-05-04T20:15:03+00:00","article_modified_time":"2022-05-04T20:15:32+00:00","og_image":[{"width":1600,"height":1078,"url":"https:\/\/experienciadevida.com.ar\/portalurbano\/wp-content\/uploads\/2022\/05\/Autoridades-de-Coopelectric-se.jpeg","type":"image\/jpeg"}],"author":"admpu17wp","twitter_card":"summary_large_image","twitter_creator":"@portalurbanook","twitter_site":"@portalurbanook","twitter_misc":{"Escrito por":"admpu17wp","Tiempo de lectura":"2 minutos"},"schema":{"@context":"https:\/\/schema.org","@graph":[{"@type":"Article","@id":"https:\/\/experienciadevida.com.ar\/portalurbano\/autoridades-de-coopelectric-se-reunieron-con-vecinos-de-villa-mi-serrania\/#article","isPartOf":{"@id":"https:\/\/experienciadevida.com.ar\/portalurbano\/autoridades-de-coopelectric-se-reunieron-con-vecinos-de-villa-mi-serrania\/"},"author":{"name":"admpu17wp","@id":"https:\/\/experienciadevida.com.ar\/portalurbano\/#\/schema\/person\/02dd326b1c4b056e9cc972486934a3a7"},"headline":"Autoridades de Coopelectric se reunieron con vecinos de Villa Mi Serran\u00eda","datePublished":"2022-05-04T20:15:03+00:00","dateModified":"2022-05-04T20:15:32+00:00","mainEntityOfPage":{"@id":"https:\/\/experienciadevida.com.ar\/portalurbano\/autoridades-de-coopelectric-se-reunieron-con-vecinos-de-villa-mi-serrania\/"},"wordCount":353,"publisher":{"@id":"https:\/\/experienciadevida.com.ar\/portalurbano\/#organization"},"articleSection":["Ciudad"],"inLanguage":"es"},{"@type":"WebPage","@id":"https:\/\/experienciadevida.com.ar\/portalurbano\/autoridades-de-coopelectric-se-reunieron-con-vecinos-de-villa-mi-serrania\/","url":"https:\/\/experienciadevida.com.ar\/portalurbano\/autoridades-de-coopelectric-se-reunieron-con-vecinos-de-villa-mi-serrania\/","name":"Autoridades de Coopelectric se reunieron con vecinos de Villa Mi Serran\u00eda","isPartOf":{"@id":"https:\/\/experienciadevida.com.ar\/portalurbano\/#website"},"datePublished":"2022-05-04T20:15:03+00:00","dateModified":"2022-05-04T20:15:32+00:00","description":"Autoridades de Coopelectric se reuni\u00f3 con vecinos de Villa Mi Serran\u00eda, d\u00edas atr\u00e1s integrantes el consejo de administraci\u00f3n","breadcrumb":{"@id":"https:\/\/experienciadevida.com.ar\/portalurbano\/autoridades-de-coopelectric-se-reunieron-con-vecinos-de-villa-mi-serrania\/#breadcrumb"},"inLanguage":"es","potentialAction":[{"@type":"ReadAction","target":["https:\/\/experienciadevida.com.ar\/portalurbano\/autoridades-de-coopelectric-se-reunieron-con-vecinos-de-villa-mi-serrania\/"]}]},{"@type":"BreadcrumbList","@id":"https:\/\/experienciadevida.com.ar\/portalurbano\/autoridades-de-coopelectric-se-reunieron-con-vecinos-de-villa-mi-serrania\/#breadcrumb","itemListElement":[{"@type":"ListItem","position":1,"name":"Portada","item":"https:\/\/experienciadevida.com.ar\/portalurbano\/"},{"@type":"ListItem","position":2,"name":"Autoridades de Coopelectric se reunieron con vecinos de Villa Mi Serran\u00eda"}]},{"@type":"WebSite","@id":"https:\/\/experienciadevida.com.ar\/portalurbano\/#website","url":"https:\/\/experienciadevida.com.ar\/portalurbano\/","name":"","description":"","publisher":{"@id":"https:\/\/experienciadevida.com.ar\/portalurbano\/#organization"},"potentialAction":[{"@type":"SearchAction","target":{"@type":"EntryPoint","urlTemplate":"https:\/\/experienciadevida.com.ar\/portalurbano\/?s={search_term_string}"},"query-input":"required name=search_term_string"}],"inLanguage":"es"},{"@type":"Organization","@id":"https:\/\/experienciadevida.com.ar\/portalurbano\/#organization","name":"Portal Urbano","url":"https:\/\/experienciadevida.com.ar\/portalurbano\/","logo":{"@type":"ImageObject","inLanguage":"es","@id":"https:\/\/experienciadevida.com.ar\/portalurbano\/#\/schema\/logo\/image\/","url":"https:\/\/experienciadevida.com.ar\/portalurbano\/wp-content\/uploads\/2019\/09\/Logo-Original.png","contentUrl":"https:\/\/experienciadevida.com.ar\/portalurbano\/wp-content\/uploads\/2019\/09\/Logo-Original.png","width":2236,"height":1216,"caption":"Portal Urbano"},"image":{"@id":"https:\/\/experienciadevida.com.ar\/portalurbano\/#\/schema\/logo\/image\/"},"sameAs":["https:\/\/www.facebook.com\/Portal-Urbano-171542830093757\/","https:\/\/twitter.com\/portalurbanook","https:\/\/www.instagram.com\/_portalurbano\/","https:\/\/www.youtube.com\/channel\/UCXhagIfszH8KxFiOok79zbA?view_as=subscriber"]},{"@type":"Person","@id":"https:\/\/experienciadevida.com.ar\/portalurbano\/#\/schema\/person\/02dd326b1c4b056e9cc972486934a3a7","name":"admpu17wp","image":{"@type":"ImageObject","inLanguage":"es","@id":"https:\/\/experienciadevida.com.ar\/portalurbano\/#\/schema\/person\/image\/","url":"https:\/\/secure.gravatar.com\/avatar\/830d4c57adaae6630765e449a6908047?s=96&d=mm&r=g","contentUrl":"https:\/\/secure.gravatar.com\/avatar\/830d4c57adaae6630765e449a6908047?s=96&d=mm&r=g","caption":"admpu17wp"}}]}},"featured_image_urls":{"full":["https:\/\/experienciadevida.com.ar\/portalurbano\/wp-content\/uploads\/2022\/05\/Autoridades-de-Coopelectric-se.jpeg",1600,1078,false],"thumbnail":["https:\/\/experienciadevida.com.ar\/portalurbano\/wp-content\/uploads\/2022\/05\/Autoridades-de-Coopelectric-se-150x150.jpeg",150,150,true],"medium":["https:\/\/experienciadevida.com.ar\/portalurbano\/wp-content\/uploads\/2022\/05\/Autoridades-de-Coopelectric-se-300x202.jpeg",300,202,true],"medium_large":["https:\/\/experienciadevida.com.ar\/portalurbano\/wp-content\/uploads\/2022\/05\/Autoridades-de-Coopelectric-se-768x517.jpeg",640,431,true],"large":["https:\/\/experienciadevida.com.ar\/portalurbano\/wp-content\/uploads\/2022\/05\/Autoridades-de-Coopelectric-se-1024x690.jpeg",640,431,true],"ug_big":["https:\/\/experienciadevida.com.ar\/portalurbano\/wp-content\/uploads\/2022\/05\/Autoridades-de-Coopelectric-se-768x517.jpeg",768,517,true],"1536x1536":["https:\/\/experienciadevida.com.ar\/portalurbano\/wp-content\/uploads\/2022\/05\/Autoridades-de-Coopelectric-se-1536x1035.jpeg",1536,1035,true],"2048x2048":["https:\/\/experienciadevida.com.ar\/portalurbano\/wp-content\/uploads\/2022\/05\/Autoridades-de-Coopelectric-se.jpeg",1600,1078,false],"newsever-slider-full":["https:\/\/experienciadevida.com.ar\/portalurbano\/wp-content\/uploads\/2022\/05\/Autoridades-de-Coopelectric-se.jpeg",1254,845,false],"newsever-featured":["https:\/\/experienciadevida.com.ar\/portalurbano\/wp-content\/uploads\/2022\/05\/Autoridades-de-Coopelectric-se.jpeg",1024,690,false],"newsever-medium":["https:\/\/experienciadevida.com.ar\/portalurbano\/wp-content\/uploads\/2022\/05\/Autoridades-de-Coopelectric-se.jpeg",705,475,false],"web-stories-poster-portrait":["https:\/\/experienciadevida.com.ar\/portalurbano\/wp-content\/uploads\/2022\/05\/Autoridades-de-Coopelectric-se.jpeg",640,431,false],"web-stories-publisher-logo":["https:\/\/experienciadevida.com.ar\/portalurbano\/wp-content\/uploads\/2022\/05\/Autoridades-de-Coopelectric-se.jpeg",96,65,false],"web-stories-thumbnail":["https:\/\/experienciadevida.com.ar\/portalurbano\/wp-content\/uploads\/2022\/05\/Autoridades-de-Coopelectric-se.jpeg",150,101,false]},"author_info":{"display_name":"admpu17wp","author_link":"https:\/\/experienciadevida.com.ar\/portalurbano\/author\/admpu17wp\/"},"category_info":"<a href=\"https:\/\/experienciadevida.com.ar\/portalurbano\/category\/ciudad\/\" rel=\"category tag\">Ciudad<\/a>","tag_info":"Ciudad","comment_count":"0","amp_enabled":true,"_links":{"self":[{"href":"https:\/\/experienciadevida.com.ar\/portalurbano\/wp-json\/wp\/v2\/posts\/167074"}],"collection":[{"href":"https:\/\/experienciadevida.com.ar\/portalurbano\/wp-json\/wp\/v2\/posts"}],"about":[{"href":"https:\/\/experienciadevida.com.ar\/portalurbano\/wp-json\/wp\/v2\/types\/post"}],"author":[{"embeddable":true,"href":"https:\/\/experienciadevida.com.ar\/portalurbano\/wp-json\/wp\/v2\/users\/1"}],"replies":[{"embeddable":true,"href":"https:\/\/experienciadevida.com.ar\/portalurbano\/wp-json\/wp\/v2\/comments?post=167074"}],"version-history":[{"count":1,"href":"https:\/\/experienciadevida.com.ar\/portalurbano\/wp-json\/wp\/v2\/posts\/167074\/revisions"}],"predecessor-version":[{"id":167076,"href":"https:\/\/experienciadevida.com.ar\/portalurbano\/wp-json\/wp\/v2\/posts\/167074\/revisions\/167076"}],"wp:featuredmedia":[{"embeddable":true,"href":"https:\/\/experienciadevida.com.ar\/portalurbano\/wp-json\/wp\/v2\/media\/167075"}],"wp:attachment":[{"href":"https:\/\/experienciadevida.com.ar\/portalurbano\/wp-json\/wp\/v2\/media?parent=167074"}],"wp:term":[{"taxonomy":"category","embeddable":true,"href":"https:\/\/experienciadevida.com.ar\/portalurbano\/wp-json\/wp\/v2\/categories?post=167074"},{"taxonomy":"post_tag","embeddable":true,"href":"https:\/\/experienciadevida.com.ar\/portalurbano\/wp-json\/wp\/v2\/tags?post=167074"}],"curies":[{"name":"wp","href":"https:\/\/api.w.org\/{rel}","templated":true}]}}