{"id":167069,"date":"2022-05-04T17:09:14","date_gmt":"2022-05-04T20:09:14","guid":{"rendered":"https:\/\/experienciadevida.com.ar\/portalurbano\/?p=167069"},"modified":"2022-05-04T17:11:16","modified_gmt":"2022-05-04T20:11:16","slug":"avance-de-obra-de-cloacas-en-el-b-facundo-quiroga-estamos-dando-respuesta-a-una-demanda-historica-para-olavarria","status":"publish","type":"post","link":"https:\/\/experienciadevida.com.ar\/portalurbano\/avance-de-obra-de-cloacas-en-el-b-facundo-quiroga-estamos-dando-respuesta-a-una-demanda-historica-para-olavarria\/","title":{"rendered":"Avance de obra de cloacas en el b\u00b0 Facundo Quiroga: &#8220;Estamos dando respuesta a una demanda hist\u00f3rica para Olavarr\u00eda\u00bb"},"content":{"rendered":"<p>Avance de obra de cloacas en el b\u00b0 Facundo Quiroga: &#8220;Estamos dando respuesta a una demanda hist\u00f3rica para Olavarr\u00eda\u00bb.<\/p>\n<p>En la tarde de este mi\u00e9rcoles el intendente municipal Ezequiel <a href=\"https:\/\/www.facebook.com\/galliezequiel\">Galli<\/a> recorri\u00f3 el avance de obra de la ampliaci\u00f3n de la red cloacal del barrio Facundo Quiroga.<\/p>\n<p>En la oportunidad, el jefe comunal estuvo acompa\u00f1ado por el Secretario de Mantenimiento y Obras P\u00fablicas Julio Ferraro y representantes de la empresa a cargo de la obra.<\/p>\n<p>Desde la Secretar\u00eda de Mantenimiento y Obras P\u00fablicas del Gobierno Municipal indicaron que la obra de cloacas, que comenz\u00f3 a finales del a\u00f1o y pasado, presenta un avance de un 85%.<\/p>\n<p>Al respecto, Galli dijo: \u00abseguimos avanzando en el servicio de ampliaci\u00f3n de la red cloacal para el barrio Facundo Quiroga. La obra ya lleva m\u00e1s del 85% de su ejecuci\u00f3n y pronto ser\u00e1 el d\u00eda en el que los vecinos puedan conectarse a la red\u00bb.<\/p>\n<p>\u00abEstamos dando respuesta a una demanda hist\u00f3rica para Olavarr\u00eda que pudimos llevar a cabo producto de recorrer, escuchar y estar cerca de los vecinos, conociendo todas las problem\u00e1ticas del Partido de Olavarr\u00eda\u00bb, a\u00f1adi\u00f3 el Intendente.<\/p>\n<p>El total de viviendas a conectar cuando finalice la obra ser\u00e1 de 227 unidades, a partir de la liberaci\u00f3n al servicio p\u00fablico. Cada conexi\u00f3n correr\u00e1 por cuenta del vecino, con ca\u00f1er\u00eda de 110 mm desde cada vivienda, hasta caja de registro dispuesta en cada vereda.<\/p>\n<p>La nueva red descargar\u00e1 en el colector cloacal sur, con su empalme en Avda. La Rioja. El proyecto responde al Plan Integral de OSBA (Obras Sanitarias de la provincia de Buenos Aires) existente para toda la ciudad de Olavarr\u00eda.<\/p>\n<p>Cabe se\u00f1alar que la obra de cloacas en el barrio Facundo Quiroga I, se encuentra a cargo de la empresa Obras Civiles Alis S.A. por un monto cercano a los 30 millones de pesos, tras resultar adjudicataria de la licitaci\u00f3n.<\/p>\n<p><a href=\"https:\/\/experienciadevida.com.ar\/portalurbano\/avance-de-obra-de-cloacas-en-el-b-facundo-quiroga-estamos-dando-respuesta-a-una-demanda-historica-para-olavarria\/avance-2\/\" rel=\"attachment wp-att-167072\"><img decoding=\"async\" class=\"alignnone size-large wp-image-167072\" src=\"https:\/\/experienciadevida.com.ar\/portalurbano\/wp-content\/uploads\/2022\/05\/Avance-1024x684.jpg\" alt=\"Avance \" width=\"900\" height=\"601\" srcset=\"https:\/\/experienciadevida.com.ar\/portalurbano\/wp-content\/uploads\/2022\/05\/Avance-1024x684.jpg 1024w, https:\/\/experienciadevida.com.ar\/portalurbano\/wp-content\/uploads\/2022\/05\/Avance-300x201.jpg 300w, https:\/\/experienciadevida.com.ar\/portalurbano\/wp-content\/uploads\/2022\/05\/Avance-768x513.jpg 768w, https:\/\/experienciadevida.com.ar\/portalurbano\/wp-content\/uploads\/2022\/05\/Avance-1536x1027.jpg 1536w, https:\/\/experienciadevida.com.ar\/portalurbano\/wp-content\/uploads\/2022\/05\/Avance-2048x1369.jpg 2048w\" sizes=\"(max-width: 900px) 100vw, 900px\" \/><\/a><\/p>\n","protected":false},"excerpt":{"rendered":"<p>Avance de obra de cloacas en el b\u00b0 Facundo Quiroga: &#8220;Estamos dando respuesta a una&#8230;<\/p>\n","protected":false},"author":1,"featured_media":167070,"comment_status":"closed","ping_status":"closed","sticky":false,"template":"","format":"standard","meta":{"content-type":""},"categories":[27,64],"tags":[],"nelio_content":{"isAutoShareEnabled":false,"autoShareEndMode":"default","automationSources":{"useContentSentences":true,"useSocialTemplates":true,"useCustomSentences":false,"customSentences":[]},"followers":[1],"suggestedReferences":[],"includedReferences":[],"efiUrl":"","efiAlt":"","highlights":[]},"yoast_head":"<!-- This site is optimized with the Yoast SEO plugin v20.7 - https:\/\/yoast.com\/wordpress\/plugins\/seo\/ -->\n<title>Avance de obra de cloacas en el B\u00b0 Facundo Quiroga<\/title>\n<meta name=\"description\" content=\"Avance de obra de cloacas en el b\u00b0 Facundo Quiroga: &quot;Estamos dando respuesta a una demanda hist\u00f3rica para Olavarr\u00eda\u00bb.\" \/>\n<meta name=\"robots\" content=\"index, follow, max-snippet:-1, max-image-preview:large, max-video-preview:-1\" \/>\n<link rel=\"canonical\" href=\"https:\/\/experienciadevida.com.ar\/portalurbano\/avance-de-obra-de-cloacas-en-el-b-facundo-quiroga-estamos-dando-respuesta-a-una-demanda-historica-para-olavarria\/\" \/>\n<meta property=\"og:locale\" content=\"es_ES\" \/>\n<meta property=\"og:type\" content=\"article\" \/>\n<meta property=\"og:title\" content=\"Avance de obra de cloacas en el B\u00b0 Facundo Quiroga\" \/>\n<meta property=\"og:description\" content=\"Avance de obra de cloacas en el b\u00b0 Facundo Quiroga: &quot;Estamos dando respuesta a una demanda hist\u00f3rica para Olavarr\u00eda\u00bb.\" \/>\n<meta property=\"og:url\" content=\"https:\/\/experienciadevida.com.ar\/portalurbano\/avance-de-obra-de-cloacas-en-el-b-facundo-quiroga-estamos-dando-respuesta-a-una-demanda-historica-para-olavarria\/\" \/>\n<meta property=\"article:publisher\" content=\"https:\/\/www.facebook.com\/Portal-Urbano-171542830093757\/\" \/>\n<meta property=\"article:published_time\" content=\"2022-05-04T20:09:14+00:00\" \/>\n<meta property=\"article:modified_time\" content=\"2022-05-04T20:11:16+00:00\" \/>\n<meta property=\"og:image\" content=\"https:\/\/experienciadevida.com.ar\/portalurbano\/wp-content\/uploads\/2022\/05\/Avance-de-obra-de.jpg\" \/>\n\t<meta property=\"og:image:width\" content=\"2560\" \/>\n\t<meta property=\"og:image:height\" content=\"1711\" \/>\n\t<meta property=\"og:image:type\" content=\"image\/jpeg\" \/>\n<meta name=\"author\" content=\"admpu17wp\" \/>\n<meta name=\"twitter:card\" content=\"summary_large_image\" \/>\n<meta name=\"twitter:creator\" content=\"@portalurbanook\" \/>\n<meta name=\"twitter:site\" content=\"@portalurbanook\" \/>\n<meta name=\"twitter:label1\" content=\"Escrito por\" \/>\n\t<meta name=\"twitter:data1\" content=\"admpu17wp\" \/>\n\t<meta name=\"twitter:label2\" content=\"Tiempo de lectura\" \/>\n\t<meta name=\"twitter:data2\" content=\"2 minutos\" \/>\n<script type=\"application\/ld+json\" class=\"yoast-schema-graph\">{\"@context\":\"https:\/\/schema.org\",\"@graph\":[{\"@type\":\"Article\",\"@id\":\"https:\/\/experienciadevida.com.ar\/portalurbano\/avance-de-obra-de-cloacas-en-el-b-facundo-quiroga-estamos-dando-respuesta-a-una-demanda-historica-para-olavarria\/#article\",\"isPartOf\":{\"@id\":\"https:\/\/experienciadevida.com.ar\/portalurbano\/avance-de-obra-de-cloacas-en-el-b-facundo-quiroga-estamos-dando-respuesta-a-una-demanda-historica-para-olavarria\/\"},\"author\":{\"name\":\"admpu17wp\",\"@id\":\"https:\/\/experienciadevida.com.ar\/portalurbano\/#\/schema\/person\/02dd326b1c4b056e9cc972486934a3a7\"},\"headline\":\"Avance de obra de cloacas en el b\u00b0 Facundo Quiroga: &#8220;Estamos dando respuesta a una demanda hist\u00f3rica para Olavarr\u00eda\u00bb\",\"datePublished\":\"2022-05-04T20:09:14+00:00\",\"dateModified\":\"2022-05-04T20:11:16+00:00\",\"mainEntityOfPage\":{\"@id\":\"https:\/\/experienciadevida.com.ar\/portalurbano\/avance-de-obra-de-cloacas-en-el-b-facundo-quiroga-estamos-dando-respuesta-a-una-demanda-historica-para-olavarria\/\"},\"wordCount\":352,\"publisher\":{\"@id\":\"https:\/\/experienciadevida.com.ar\/portalurbano\/#organization\"},\"articleSection\":[\"Ciudad\",\"Destacadas 2\"],\"inLanguage\":\"es\"},{\"@type\":\"WebPage\",\"@id\":\"https:\/\/experienciadevida.com.ar\/portalurbano\/avance-de-obra-de-cloacas-en-el-b-facundo-quiroga-estamos-dando-respuesta-a-una-demanda-historica-para-olavarria\/\",\"url\":\"https:\/\/experienciadevida.com.ar\/portalurbano\/avance-de-obra-de-cloacas-en-el-b-facundo-quiroga-estamos-dando-respuesta-a-una-demanda-historica-para-olavarria\/\",\"name\":\"Avance de obra de cloacas en el B\u00b0 Facundo Quiroga\",\"isPartOf\":{\"@id\":\"https:\/\/experienciadevida.com.ar\/portalurbano\/#website\"},\"datePublished\":\"2022-05-04T20:09:14+00:00\",\"dateModified\":\"2022-05-04T20:11:16+00:00\",\"description\":\"Avance de obra de cloacas en el b\u00b0 Facundo Quiroga: \\\"Estamos dando respuesta a una demanda hist\u00f3rica para Olavarr\u00eda\u00bb.\",\"breadcrumb\":{\"@id\":\"https:\/\/experienciadevida.com.ar\/portalurbano\/avance-de-obra-de-cloacas-en-el-b-facundo-quiroga-estamos-dando-respuesta-a-una-demanda-historica-para-olavarria\/#breadcrumb\"},\"inLanguage\":\"es\",\"potentialAction\":[{\"@type\":\"ReadAction\",\"target\":[\"https:\/\/experienciadevida.com.ar\/portalurbano\/avance-de-obra-de-cloacas-en-el-b-facundo-quiroga-estamos-dando-respuesta-a-una-demanda-historica-para-olavarria\/\"]}]},{\"@type\":\"BreadcrumbList\",\"@id\":\"https:\/\/experienciadevida.com.ar\/portalurbano\/avance-de-obra-de-cloacas-en-el-b-facundo-quiroga-estamos-dando-respuesta-a-una-demanda-historica-para-olavarria\/#breadcrumb\",\"itemListElement\":[{\"@type\":\"ListItem\",\"position\":1,\"name\":\"Portada\",\"item\":\"https:\/\/experienciadevida.com.ar\/portalurbano\/\"},{\"@type\":\"ListItem\",\"position\":2,\"name\":\"Avance de obra de cloacas en el b\u00b0 Facundo Quiroga: \u00abEstamos dando respuesta a una demanda hist\u00f3rica para Olavarr\u00eda\u00bb\"}]},{\"@type\":\"WebSite\",\"@id\":\"https:\/\/experienciadevida.com.ar\/portalurbano\/#website\",\"url\":\"https:\/\/experienciadevida.com.ar\/portalurbano\/\",\"name\":\"\",\"description\":\"\",\"publisher\":{\"@id\":\"https:\/\/experienciadevida.com.ar\/portalurbano\/#organization\"},\"potentialAction\":[{\"@type\":\"SearchAction\",\"target\":{\"@type\":\"EntryPoint\",\"urlTemplate\":\"https:\/\/experienciadevida.com.ar\/portalurbano\/?s={search_term_string}\"},\"query-input\":\"required name=search_term_string\"}],\"inLanguage\":\"es\"},{\"@type\":\"Organization\",\"@id\":\"https:\/\/experienciadevida.com.ar\/portalurbano\/#organization\",\"name\":\"Portal Urbano\",\"url\":\"https:\/\/experienciadevida.com.ar\/portalurbano\/\",\"logo\":{\"@type\":\"ImageObject\",\"inLanguage\":\"es\",\"@id\":\"https:\/\/experienciadevida.com.ar\/portalurbano\/#\/schema\/logo\/image\/\",\"url\":\"https:\/\/experienciadevida.com.ar\/portalurbano\/wp-content\/uploads\/2019\/09\/Logo-Original.png\",\"contentUrl\":\"https:\/\/experienciadevida.com.ar\/portalurbano\/wp-content\/uploads\/2019\/09\/Logo-Original.png\",\"width\":2236,\"height\":1216,\"caption\":\"Portal Urbano\"},\"image\":{\"@id\":\"https:\/\/experienciadevida.com.ar\/portalurbano\/#\/schema\/logo\/image\/\"},\"sameAs\":[\"https:\/\/www.facebook.com\/Portal-Urbano-171542830093757\/\",\"https:\/\/twitter.com\/portalurbanook\",\"https:\/\/www.instagram.com\/_portalurbano\/\",\"https:\/\/www.youtube.com\/channel\/UCXhagIfszH8KxFiOok79zbA?view_as=subscriber\"]},{\"@type\":\"Person\",\"@id\":\"https:\/\/experienciadevida.com.ar\/portalurbano\/#\/schema\/person\/02dd326b1c4b056e9cc972486934a3a7\",\"name\":\"admpu17wp\",\"image\":{\"@type\":\"ImageObject\",\"inLanguage\":\"es\",\"@id\":\"https:\/\/experienciadevida.com.ar\/portalurbano\/#\/schema\/person\/image\/\",\"url\":\"https:\/\/secure.gravatar.com\/avatar\/830d4c57adaae6630765e449a6908047?s=96&d=mm&r=g\",\"contentUrl\":\"https:\/\/secure.gravatar.com\/avatar\/830d4c57adaae6630765e449a6908047?s=96&d=mm&r=g\",\"caption\":\"admpu17wp\"}}]}<\/script>\n<!-- \/ Yoast SEO plugin. -->","yoast_head_json":{"title":"Avance de obra de cloacas en el B\u00b0 Facundo Quiroga","description":"Avance de obra de cloacas en el b\u00b0 Facundo Quiroga: \"Estamos dando respuesta a una demanda hist\u00f3rica para Olavarr\u00eda\u00bb.","robots":{"index":"index","follow":"follow","max-snippet":"max-snippet:-1","max-image-preview":"max-image-preview:large","max-video-preview":"max-video-preview:-1"},"canonical":"https:\/\/experienciadevida.com.ar\/portalurbano\/avance-de-obra-de-cloacas-en-el-b-facundo-quiroga-estamos-dando-respuesta-a-una-demanda-historica-para-olavarria\/","og_locale":"es_ES","og_type":"article","og_title":"Avance de obra de cloacas en el B\u00b0 Facundo Quiroga","og_description":"Avance de obra de cloacas en el b\u00b0 Facundo Quiroga: \"Estamos dando respuesta a una demanda hist\u00f3rica para Olavarr\u00eda\u00bb.","og_url":"https:\/\/experienciadevida.com.ar\/portalurbano\/avance-de-obra-de-cloacas-en-el-b-facundo-quiroga-estamos-dando-respuesta-a-una-demanda-historica-para-olavarria\/","article_publisher":"https:\/\/www.facebook.com\/Portal-Urbano-171542830093757\/","article_published_time":"2022-05-04T20:09:14+00:00","article_modified_time":"2022-05-04T20:11:16+00:00","og_image":[{"width":2560,"height":1711,"url":"https:\/\/experienciadevida.com.ar\/portalurbano\/wp-content\/uploads\/2022\/05\/Avance-de-obra-de.jpg","type":"image\/jpeg"}],"author":"admpu17wp","twitter_card":"summary_large_image","twitter_creator":"@portalurbanook","twitter_site":"@portalurbanook","twitter_misc":{"Escrito por":"admpu17wp","Tiempo de lectura":"2 minutos"},"schema":{"@context":"https:\/\/schema.org","@graph":[{"@type":"Article","@id":"https:\/\/experienciadevida.com.ar\/portalurbano\/avance-de-obra-de-cloacas-en-el-b-facundo-quiroga-estamos-dando-respuesta-a-una-demanda-historica-para-olavarria\/#article","isPartOf":{"@id":"https:\/\/experienciadevida.com.ar\/portalurbano\/avance-de-obra-de-cloacas-en-el-b-facundo-quiroga-estamos-dando-respuesta-a-una-demanda-historica-para-olavarria\/"},"author":{"name":"admpu17wp","@id":"https:\/\/experienciadevida.com.ar\/portalurbano\/#\/schema\/person\/02dd326b1c4b056e9cc972486934a3a7"},"headline":"Avance de obra de cloacas en el b\u00b0 Facundo Quiroga: &#8220;Estamos dando respuesta a una demanda hist\u00f3rica para Olavarr\u00eda\u00bb","datePublished":"2022-05-04T20:09:14+00:00","dateModified":"2022-05-04T20:11:16+00:00","mainEntityOfPage":{"@id":"https:\/\/experienciadevida.com.ar\/portalurbano\/avance-de-obra-de-cloacas-en-el-b-facundo-quiroga-estamos-dando-respuesta-a-una-demanda-historica-para-olavarria\/"},"wordCount":352,"publisher":{"@id":"https:\/\/experienciadevida.com.ar\/portalurbano\/#organization"},"articleSection":["Ciudad","Destacadas 2"],"inLanguage":"es"},{"@type":"WebPage","@id":"https:\/\/experienciadevida.com.ar\/portalurbano\/avance-de-obra-de-cloacas-en-el-b-facundo-quiroga-estamos-dando-respuesta-a-una-demanda-historica-para-olavarria\/","url":"https:\/\/experienciadevida.com.ar\/portalurbano\/avance-de-obra-de-cloacas-en-el-b-facundo-quiroga-estamos-dando-respuesta-a-una-demanda-historica-para-olavarria\/","name":"Avance de obra de cloacas en el B\u00b0 Facundo Quiroga","isPartOf":{"@id":"https:\/\/experienciadevida.com.ar\/portalurbano\/#website"},"datePublished":"2022-05-04T20:09:14+00:00","dateModified":"2022-05-04T20:11:16+00:00","description":"Avance de obra de cloacas en el b\u00b0 Facundo Quiroga: \"Estamos dando respuesta a una demanda hist\u00f3rica para Olavarr\u00eda\u00bb.","breadcrumb":{"@id":"https:\/\/experienciadevida.com.ar\/portalurbano\/avance-de-obra-de-cloacas-en-el-b-facundo-quiroga-estamos-dando-respuesta-a-una-demanda-historica-para-olavarria\/#breadcrumb"},"inLanguage":"es","potentialAction":[{"@type":"ReadAction","target":["https:\/\/experienciadevida.com.ar\/portalurbano\/avance-de-obra-de-cloacas-en-el-b-facundo-quiroga-estamos-dando-respuesta-a-una-demanda-historica-para-olavarria\/"]}]},{"@type":"BreadcrumbList","@id":"https:\/\/experienciadevida.com.ar\/portalurbano\/avance-de-obra-de-cloacas-en-el-b-facundo-quiroga-estamos-dando-respuesta-a-una-demanda-historica-para-olavarria\/#breadcrumb","itemListElement":[{"@type":"ListItem","position":1,"name":"Portada","item":"https:\/\/experienciadevida.com.ar\/portalurbano\/"},{"@type":"ListItem","position":2,"name":"Avance de obra de cloacas en el b\u00b0 Facundo Quiroga: \u00abEstamos dando respuesta a una demanda hist\u00f3rica para Olavarr\u00eda\u00bb"}]},{"@type":"WebSite","@id":"https:\/\/experienciadevida.com.ar\/portalurbano\/#website","url":"https:\/\/experienciadevida.com.ar\/portalurbano\/","name":"","description":"","publisher":{"@id":"https:\/\/experienciadevida.com.ar\/portalurbano\/#organization"},"potentialAction":[{"@type":"SearchAction","target":{"@type":"EntryPoint","urlTemplate":"https:\/\/experienciadevida.com.ar\/portalurbano\/?s={search_term_string}"},"query-input":"required name=search_term_string"}],"inLanguage":"es"},{"@type":"Organization","@id":"https:\/\/experienciadevida.com.ar\/portalurbano\/#organization","name":"Portal Urbano","url":"https:\/\/experienciadevida.com.ar\/portalurbano\/","logo":{"@type":"ImageObject","inLanguage":"es","@id":"https:\/\/experienciadevida.com.ar\/portalurbano\/#\/schema\/logo\/image\/","url":"https:\/\/experienciadevida.com.ar\/portalurbano\/wp-content\/uploads\/2019\/09\/Logo-Original.png","contentUrl":"https:\/\/experienciadevida.com.ar\/portalurbano\/wp-content\/uploads\/2019\/09\/Logo-Original.png","width":2236,"height":1216,"caption":"Portal Urbano"},"image":{"@id":"https:\/\/experienciadevida.com.ar\/portalurbano\/#\/schema\/logo\/image\/"},"sameAs":["https:\/\/www.facebook.com\/Portal-Urbano-171542830093757\/","https:\/\/twitter.com\/portalurbanook","https:\/\/www.instagram.com\/_portalurbano\/","https:\/\/www.youtube.com\/channel\/UCXhagIfszH8KxFiOok79zbA?view_as=subscriber"]},{"@type":"Person","@id":"https:\/\/experienciadevida.com.ar\/portalurbano\/#\/schema\/person\/02dd326b1c4b056e9cc972486934a3a7","name":"admpu17wp","image":{"@type":"ImageObject","inLanguage":"es","@id":"https:\/\/experienciadevida.com.ar\/portalurbano\/#\/schema\/person\/image\/","url":"https:\/\/secure.gravatar.com\/avatar\/830d4c57adaae6630765e449a6908047?s=96&d=mm&r=g","contentUrl":"https:\/\/secure.gravatar.com\/avatar\/830d4c57adaae6630765e449a6908047?s=96&d=mm&r=g","caption":"admpu17wp"}}]}},"featured_image_urls":{"full":["https:\/\/experienciadevida.com.ar\/portalurbano\/wp-content\/uploads\/2022\/05\/Avance-de-obra-de.jpg",2560,1711,false],"thumbnail":["https:\/\/experienciadevida.com.ar\/portalurbano\/wp-content\/uploads\/2022\/05\/Avance-de-obra-de-150x150.jpg",150,150,true],"medium":["https:\/\/experienciadevida.com.ar\/portalurbano\/wp-content\/uploads\/2022\/05\/Avance-de-obra-de-300x201.jpg",300,201,true],"medium_large":["https:\/\/experienciadevida.com.ar\/portalurbano\/wp-content\/uploads\/2022\/05\/Avance-de-obra-de-768x513.jpg",640,428,true],"large":["https:\/\/experienciadevida.com.ar\/portalurbano\/wp-content\/uploads\/2022\/05\/Avance-de-obra-de-1024x684.jpg",640,428,true],"ug_big":["https:\/\/experienciadevida.com.ar\/portalurbano\/wp-content\/uploads\/2022\/05\/Avance-de-obra-de-768x513.jpg",768,513,true],"1536x1536":["https:\/\/experienciadevida.com.ar\/portalurbano\/wp-content\/uploads\/2022\/05\/Avance-de-obra-de-1536x1027.jpg",1536,1027,true],"2048x2048":["https:\/\/experienciadevida.com.ar\/portalurbano\/wp-content\/uploads\/2022\/05\/Avance-de-obra-de-2048x1369.jpg",2048,1369,true],"newsever-slider-full":["https:\/\/experienciadevida.com.ar\/portalurbano\/wp-content\/uploads\/2022\/05\/Avance-de-obra-de.jpg",1264,845,false],"newsever-featured":["https:\/\/experienciadevida.com.ar\/portalurbano\/wp-content\/uploads\/2022\/05\/Avance-de-obra-de.jpg",1024,684,false],"newsever-medium":["https:\/\/experienciadevida.com.ar\/portalurbano\/wp-content\/uploads\/2022\/05\/Avance-de-obra-de.jpg",711,475,false],"web-stories-poster-portrait":["https:\/\/experienciadevida.com.ar\/portalurbano\/wp-content\/uploads\/2022\/05\/Avance-de-obra-de.jpg",640,428,false],"web-stories-publisher-logo":["https:\/\/experienciadevida.com.ar\/portalurbano\/wp-content\/uploads\/2022\/05\/Avance-de-obra-de.jpg",96,64,false],"web-stories-thumbnail":["https:\/\/experienciadevida.com.ar\/portalurbano\/wp-content\/uploads\/2022\/05\/Avance-de-obra-de.jpg",150,100,false]},"author_info":{"display_name":"admpu17wp","author_link":"https:\/\/experienciadevida.com.ar\/portalurbano\/author\/admpu17wp\/"},"category_info":"<a href=\"https:\/\/experienciadevida.com.ar\/portalurbano\/category\/ciudad\/\" rel=\"category tag\">Ciudad<\/a> <a href=\"https:\/\/experienciadevida.com.ar\/portalurbano\/category\/destacadas-2\/\" rel=\"category tag\">Destacadas 2<\/a>","tag_info":"Destacadas 2","comment_count":"0","amp_enabled":true,"_links":{"self":[{"href":"https:\/\/experienciadevida.com.ar\/portalurbano\/wp-json\/wp\/v2\/posts\/167069"}],"collection":[{"href":"https:\/\/experienciadevida.com.ar\/portalurbano\/wp-json\/wp\/v2\/posts"}],"about":[{"href":"https:\/\/experienciadevida.com.ar\/portalurbano\/wp-json\/wp\/v2\/types\/post"}],"author":[{"embeddable":true,"href":"https:\/\/experienciadevida.com.ar\/portalurbano\/wp-json\/wp\/v2\/users\/1"}],"replies":[{"embeddable":true,"href":"https:\/\/experienciadevida.com.ar\/portalurbano\/wp-json\/wp\/v2\/comments?post=167069"}],"version-history":[{"count":2,"href":"https:\/\/experienciadevida.com.ar\/portalurbano\/wp-json\/wp\/v2\/posts\/167069\/revisions"}],"predecessor-version":[{"id":167073,"href":"https:\/\/experienciadevida.com.ar\/portalurbano\/wp-json\/wp\/v2\/posts\/167069\/revisions\/167073"}],"wp:featuredmedia":[{"embeddable":true,"href":"https:\/\/experienciadevida.com.ar\/portalurbano\/wp-json\/wp\/v2\/media\/167070"}],"wp:attachment":[{"href":"https:\/\/experienciadevida.com.ar\/portalurbano\/wp-json\/wp\/v2\/media?parent=167069"}],"wp:term":[{"taxonomy":"category","embeddable":true,"href":"https:\/\/experienciadevida.com.ar\/portalurbano\/wp-json\/wp\/v2\/categories?post=167069"},{"taxonomy":"post_tag","embeddable":true,"href":"https:\/\/experienciadevida.com.ar\/portalurbano\/wp-json\/wp\/v2\/tags?post=167069"}],"curies":[{"name":"wp","href":"https:\/\/api.w.org\/{rel}","templated":true}]}}