{"id":167063,"date":"2022-05-04T16:45:31","date_gmt":"2022-05-04T19:45:31","guid":{"rendered":"https:\/\/experienciadevida.com.ar\/portalurbano\/?p=167063"},"modified":"2022-05-04T17:06:56","modified_gmt":"2022-05-04T20:06:56","slug":"estamos-con-una-economia-que-esta-funcionando-en-altos-niveles-de-actividad","status":"publish","type":"post","link":"https:\/\/experienciadevida.com.ar\/portalurbano\/estamos-con-una-economia-que-esta-funcionando-en-altos-niveles-de-actividad\/","title":{"rendered":"&#8220;Estamos con una econom\u00eda que est\u00e1 funcionando en altos niveles de actividad&#8221;"},"content":{"rendered":"<p>&#8220;Estamos con una econom\u00eda que est\u00e1 funcionando en altos niveles de actividad&#8221;, as\u00ed lo mencion\u00f3 el Ministro de producci\u00f3n Augusto Costa en rueda de prensa con los medios de comunicaci\u00f3n.<\/p>\n<p><em>&#8220;Hay una\u00a0 realidad contradictoria en la econom\u00eda de la provincia y en general en el pa\u00eds, estamos observando niveles de actividad econ\u00f3mica realmente muy altos, y particularmente desde la actividad agropecuaria, la actividad industrial y la recuperaci\u00f3n del comercio vemos como estamos, no solo recuperando sino mostrando tasa de crecimiento por encima de los niveles pre pandemia, hoy la industria est\u00e1 no solo arriba del a\u00f1o pasado sino, un 6% arriba del 2019 lo que muestra la gran capacidad de respuesta que tiene nuestro entramado productivo, la capacidad de generaci\u00f3n de trabajo tambi\u00e9n porque hoy los puestos de trabajo registrados en la provincia tambi\u00e9n recuperaron niveles pre pandemia, estamos en niveles de capacidad instalada alt\u00edsimo&#8221;.<\/em><\/p>\n<p><em>&#8220;Me est\u00e1 tocando recorrer gran parte del territorio y hablando con todos los empresarios que tienen demanda por muchos meses y esas son realidades que conviven con un proceso inflacionario que claramente es la principal preocupaci\u00f3n de la econom\u00eda y sobre todo con una necesidad de recuperaci\u00f3n de ingresos por parte de la mayor\u00eda de los sectores sociales que incluso lleva que un trabajador registrado est\u00e9 teniendo un poder adquisitivo que est\u00e1 muy lejos del que deber\u00eda ser, no s\u00f3lo el problema es con el trabajo informal sino tambi\u00e9n inclusive con el trabajo formal, entonces creo que las perspectivas de la econom\u00eda en la medida en que se pueda ir resolviendo u ordenando el tema inflacionario, son muy buenas porque tenemos una base productiva que demostr\u00f3 la capacidad que tiene pero hoy es un momento donde necesitamos que se apliquen todas las pol\u00edticas para poder garantizar un mayor poder adquisitivo y que esta expansi\u00f3n de la econom\u00eda no se vea amenazado&#8221;.\u00a0<\/em><\/p>\n<p><a href=\"https:\/\/experienciadevida.com.ar\/portalurbano\/estamos-con-una-economia-que-esta-funcionando-en-altos-niveles-de-actividad\/estamos-2\/\" rel=\"attachment wp-att-167067\"><img decoding=\"async\" class=\"alignnone size-full wp-image-167067\" src=\"https:\/\/experienciadevida.com.ar\/portalurbano\/wp-content\/uploads\/2022\/05\/Estamos.jpg\" alt=\"Estamos \" width=\"765\" height=\"510\" srcset=\"https:\/\/experienciadevida.com.ar\/portalurbano\/wp-content\/uploads\/2022\/05\/Estamos.jpg 765w, https:\/\/experienciadevida.com.ar\/portalurbano\/wp-content\/uploads\/2022\/05\/Estamos-300x200.jpg 300w\" sizes=\"(max-width: 765px) 100vw, 765px\" \/><\/a><\/p>\n<p>Luego remarc\u00f3 &#8220;<em>Guzm\u00e1n esta realizando un trabajo que est\u00e1 permitiendo resolver cuestiones que son muy complicadas que heredamos desde la renegociaci\u00f3n del endeudamiento privado con el FMI, y creo que el gobierno nacional toma nota de cu\u00e1les son los problemas, y se est\u00e1 llevando adelante las medidas que corresponde&#8221;.<\/em><\/p>\n<p><em>&#8220;Estamos con una econom\u00eda que est\u00e1 funcionando en altos niveles de actividad, de hecho cuando uno mira en perspectiva comparado con el resto del mundo, la econom\u00eda Argentina es de las que tuvo la recuperaci\u00f3n m\u00e1s r\u00e1pida despu\u00e9s de la ca\u00edda de la pandemia y particularmente la industria, si uno mira pa\u00edses desarrollados donde tuvieron una ca\u00edda fuerte y la recuperaci\u00f3n de Argentina supera a los pa\u00edses desarrollados en gran medida, el problema es que esa recuperaci\u00f3n no est\u00e1 llegando como corresponde a todos los sectores y es importante que la recuperaci\u00f3n de ingresos le gane a la suba de precios, esa es la clave, para eso, se est\u00e1n tomando medidas desde lo nacional y provincial. Nosotros estamos colaborando con el cumplimiento de los programas de administraci\u00f3n nacional a partir de la fiscalizaci\u00f3n y del control y relevamiento de precios en los programas nacionales y tambi\u00e9n el gobernador anunci\u00f3 un programa para fortalecer a los mercados y ferias bonaerenses que lo que permiten es que un sector importante de la poblaci\u00f3n acceda en mejores condiciones a bienes esenciales porque esto permite acortar la distancia entre productor y el consumidor, son medidas que acompa\u00f1an, brindan alivio mientras se observan los resultados que esperamos que es que la inflaci\u00f3n vaya bajando, y se sostenga este ritmo de crecimiento&#8221;.<\/em><\/p>\n<p>A su vez <em>&#8220;El mensaje que debemos dar es el mismo, necesitamos que la recuperaci\u00f3n llegue\u00a0 a todos, cualquier funcionario perteneciente a nuestro espacio va a plantear que la prioridad es esa, despu\u00e9s puede haber discusiones respecto a instrumentos, medidas. Tuve la posibilidad de participar de diferentes gobiernos como en el nacional y ahora en el provincial y vi tambi\u00e9n como funcionan diferentes coaliciones de gobierno y en ninguna oportunidad me encontr\u00e9 con un gobierno que todos piensen lo mismo, es imposible, si hay consensos comunes, si hay lineamientos que todos compartimos y despu\u00e9s puede haber diferencias, esto ocurre y la confianza va a venir de la mano de que se cumplan con las expectativas que nosotros tenemos y se vean resultados concretos&#8221;.\u00a0<\/em><\/p>\n<p><em>&#8220;Hay en 56 municipios funcionando alg\u00fan tipo de esquema de mercado bonaerense y la idea es sumar este a\u00f1o diez mercados fijos que puedan traer estas respuestas que necesite la poblaci\u00f3n en diferentes municipios despu\u00e9s dependemos del trabajo con las autoridades locales para poder generar los espacios f\u00edsicos donde desarrollarlos pero estamos abiertos a dar todas las herramientas para tener en todas las regiones y en Olavarr\u00eda&#8221;.<\/em><\/p>\n<p>Para finalizar el Ministro dijo &#8220;<em>Estamos supervisando el programa precios cuidados en las cadenas de supermercados lo que estamos viendo es que se cumple en general que el producto est\u00e1 al precio correspondiente, que haya se\u00f1alizaci\u00f3n en las g\u00f3ndolas pero estamos solucionando problemas de abastecimiento importantes en muchos rubros por parte de algunas empresas, hay empresas que una parte importante no est\u00e1 llegando en la cantidad que corresponde a los supermercados. Este programa es un acuerdo voluntario&#8221;.<\/em><\/p>\n","protected":false},"excerpt":{"rendered":"<p>&#8220;Estamos con una econom\u00eda que est\u00e1 funcionando en altos niveles de actividad&#8221;, as\u00ed lo mencion\u00f3&#8230;<\/p>\n","protected":false},"author":1,"featured_media":167065,"comment_status":"closed","ping_status":"closed","sticky":false,"template":"","format":"standard","meta":{"content-type":""},"categories":[27,51],"tags":[],"nelio_content":{"isAutoShareEnabled":false,"autoShareEndMode":"default","automationSources":{"useContentSentences":true,"useSocialTemplates":true,"useCustomSentences":false,"customSentences":[]},"followers":[1],"suggestedReferences":[],"includedReferences":[],"efiUrl":"","efiAlt":"","highlights":[]},"yoast_head":"<!-- This site is optimized with the Yoast SEO plugin v20.7 - https:\/\/yoast.com\/wordpress\/plugins\/seo\/ -->\n<title>&quot;Estamos con una econom\u00eda que est\u00e1 funcionando en altos niveles&quot;<\/title>\n<meta name=\"description\" content=\"&quot;Estamos con una econom\u00eda que est\u00e1 funcionando en altos niveles de actividad&quot;, as\u00ed lo mencion\u00f3 el Ministro de producci\u00f3n Augusto Costa.\" \/>\n<meta name=\"robots\" content=\"index, follow, max-snippet:-1, max-image-preview:large, max-video-preview:-1\" \/>\n<link rel=\"canonical\" href=\"https:\/\/experienciadevida.com.ar\/portalurbano\/estamos-con-una-economia-que-esta-funcionando-en-altos-niveles-de-actividad\/\" \/>\n<meta property=\"og:locale\" content=\"es_ES\" \/>\n<meta property=\"og:type\" content=\"article\" \/>\n<meta property=\"og:title\" content=\"&quot;Estamos con una econom\u00eda que est\u00e1 funcionando en altos niveles&quot;\" \/>\n<meta property=\"og:description\" content=\"&quot;Estamos con una econom\u00eda que est\u00e1 funcionando en altos niveles de actividad&quot;, as\u00ed lo mencion\u00f3 el Ministro de producci\u00f3n Augusto Costa.\" \/>\n<meta property=\"og:url\" content=\"https:\/\/experienciadevida.com.ar\/portalurbano\/estamos-con-una-economia-que-esta-funcionando-en-altos-niveles-de-actividad\/\" \/>\n<meta property=\"article:publisher\" content=\"https:\/\/www.facebook.com\/Portal-Urbano-171542830093757\/\" \/>\n<meta property=\"article:published_time\" content=\"2022-05-04T19:45:31+00:00\" \/>\n<meta property=\"article:modified_time\" content=\"2022-05-04T20:06:56+00:00\" \/>\n<meta property=\"og:image\" content=\"https:\/\/experienciadevida.com.ar\/portalurbano\/wp-content\/uploads\/2022\/05\/Estamos-con-una-economia.jpg\" \/>\n\t<meta property=\"og:image:width\" content=\"765\" \/>\n\t<meta property=\"og:image:height\" content=\"510\" \/>\n\t<meta property=\"og:image:type\" content=\"image\/jpeg\" \/>\n<meta name=\"author\" content=\"admpu17wp\" \/>\n<meta name=\"twitter:card\" content=\"summary_large_image\" \/>\n<meta name=\"twitter:creator\" content=\"@portalurbanook\" \/>\n<meta name=\"twitter:site\" content=\"@portalurbanook\" \/>\n<meta name=\"twitter:label1\" content=\"Escrito por\" \/>\n\t<meta name=\"twitter:data1\" content=\"admpu17wp\" \/>\n\t<meta name=\"twitter:label2\" content=\"Tiempo de lectura\" \/>\n\t<meta name=\"twitter:data2\" content=\"5 minutos\" \/>\n<script type=\"application\/ld+json\" class=\"yoast-schema-graph\">{\"@context\":\"https:\/\/schema.org\",\"@graph\":[{\"@type\":\"Article\",\"@id\":\"https:\/\/experienciadevida.com.ar\/portalurbano\/estamos-con-una-economia-que-esta-funcionando-en-altos-niveles-de-actividad\/#article\",\"isPartOf\":{\"@id\":\"https:\/\/experienciadevida.com.ar\/portalurbano\/estamos-con-una-economia-que-esta-funcionando-en-altos-niveles-de-actividad\/\"},\"author\":{\"name\":\"admpu17wp\",\"@id\":\"https:\/\/experienciadevida.com.ar\/portalurbano\/#\/schema\/person\/02dd326b1c4b056e9cc972486934a3a7\"},\"headline\":\"&#8220;Estamos con una econom\u00eda que est\u00e1 funcionando en altos niveles de actividad&#8221;\",\"datePublished\":\"2022-05-04T19:45:31+00:00\",\"dateModified\":\"2022-05-04T20:06:56+00:00\",\"mainEntityOfPage\":{\"@id\":\"https:\/\/experienciadevida.com.ar\/portalurbano\/estamos-con-una-economia-que-esta-funcionando-en-altos-niveles-de-actividad\/\"},\"wordCount\":907,\"publisher\":{\"@id\":\"https:\/\/experienciadevida.com.ar\/portalurbano\/#organization\"},\"articleSection\":[\"Ciudad\",\"Destacadas\"],\"inLanguage\":\"es\"},{\"@type\":\"WebPage\",\"@id\":\"https:\/\/experienciadevida.com.ar\/portalurbano\/estamos-con-una-economia-que-esta-funcionando-en-altos-niveles-de-actividad\/\",\"url\":\"https:\/\/experienciadevida.com.ar\/portalurbano\/estamos-con-una-economia-que-esta-funcionando-en-altos-niveles-de-actividad\/\",\"name\":\"\\\"Estamos con una econom\u00eda que est\u00e1 funcionando en altos niveles\\\"\",\"isPartOf\":{\"@id\":\"https:\/\/experienciadevida.com.ar\/portalurbano\/#website\"},\"datePublished\":\"2022-05-04T19:45:31+00:00\",\"dateModified\":\"2022-05-04T20:06:56+00:00\",\"description\":\"\\\"Estamos con una econom\u00eda que est\u00e1 funcionando en altos niveles de actividad\\\", as\u00ed lo mencion\u00f3 el Ministro de producci\u00f3n Augusto Costa.\",\"breadcrumb\":{\"@id\":\"https:\/\/experienciadevida.com.ar\/portalurbano\/estamos-con-una-economia-que-esta-funcionando-en-altos-niveles-de-actividad\/#breadcrumb\"},\"inLanguage\":\"es\",\"potentialAction\":[{\"@type\":\"ReadAction\",\"target\":[\"https:\/\/experienciadevida.com.ar\/portalurbano\/estamos-con-una-economia-que-esta-funcionando-en-altos-niveles-de-actividad\/\"]}]},{\"@type\":\"BreadcrumbList\",\"@id\":\"https:\/\/experienciadevida.com.ar\/portalurbano\/estamos-con-una-economia-que-esta-funcionando-en-altos-niveles-de-actividad\/#breadcrumb\",\"itemListElement\":[{\"@type\":\"ListItem\",\"position\":1,\"name\":\"Portada\",\"item\":\"https:\/\/experienciadevida.com.ar\/portalurbano\/\"},{\"@type\":\"ListItem\",\"position\":2,\"name\":\"\u00abEstamos con una econom\u00eda que est\u00e1 funcionando en altos niveles de actividad\u00bb\"}]},{\"@type\":\"WebSite\",\"@id\":\"https:\/\/experienciadevida.com.ar\/portalurbano\/#website\",\"url\":\"https:\/\/experienciadevida.com.ar\/portalurbano\/\",\"name\":\"\",\"description\":\"\",\"publisher\":{\"@id\":\"https:\/\/experienciadevida.com.ar\/portalurbano\/#organization\"},\"potentialAction\":[{\"@type\":\"SearchAction\",\"target\":{\"@type\":\"EntryPoint\",\"urlTemplate\":\"https:\/\/experienciadevida.com.ar\/portalurbano\/?s={search_term_string}\"},\"query-input\":\"required name=search_term_string\"}],\"inLanguage\":\"es\"},{\"@type\":\"Organization\",\"@id\":\"https:\/\/experienciadevida.com.ar\/portalurbano\/#organization\",\"name\":\"Portal Urbano\",\"url\":\"https:\/\/experienciadevida.com.ar\/portalurbano\/\",\"logo\":{\"@type\":\"ImageObject\",\"inLanguage\":\"es\",\"@id\":\"https:\/\/experienciadevida.com.ar\/portalurbano\/#\/schema\/logo\/image\/\",\"url\":\"https:\/\/experienciadevida.com.ar\/portalurbano\/wp-content\/uploads\/2019\/09\/Logo-Original.png\",\"contentUrl\":\"https:\/\/experienciadevida.com.ar\/portalurbano\/wp-content\/uploads\/2019\/09\/Logo-Original.png\",\"width\":2236,\"height\":1216,\"caption\":\"Portal Urbano\"},\"image\":{\"@id\":\"https:\/\/experienciadevida.com.ar\/portalurbano\/#\/schema\/logo\/image\/\"},\"sameAs\":[\"https:\/\/www.facebook.com\/Portal-Urbano-171542830093757\/\",\"https:\/\/twitter.com\/portalurbanook\",\"https:\/\/www.instagram.com\/_portalurbano\/\",\"https:\/\/www.youtube.com\/channel\/UCXhagIfszH8KxFiOok79zbA?view_as=subscriber\"]},{\"@type\":\"Person\",\"@id\":\"https:\/\/experienciadevida.com.ar\/portalurbano\/#\/schema\/person\/02dd326b1c4b056e9cc972486934a3a7\",\"name\":\"admpu17wp\",\"image\":{\"@type\":\"ImageObject\",\"inLanguage\":\"es\",\"@id\":\"https:\/\/experienciadevida.com.ar\/portalurbano\/#\/schema\/person\/image\/\",\"url\":\"https:\/\/secure.gravatar.com\/avatar\/830d4c57adaae6630765e449a6908047?s=96&d=mm&r=g\",\"contentUrl\":\"https:\/\/secure.gravatar.com\/avatar\/830d4c57adaae6630765e449a6908047?s=96&d=mm&r=g\",\"caption\":\"admpu17wp\"}}]}<\/script>\n<!-- \/ Yoast SEO plugin. -->","yoast_head_json":{"title":"\"Estamos con una econom\u00eda que est\u00e1 funcionando en altos niveles\"","description":"\"Estamos con una econom\u00eda que est\u00e1 funcionando en altos niveles de actividad\", as\u00ed lo mencion\u00f3 el Ministro de producci\u00f3n Augusto Costa.","robots":{"index":"index","follow":"follow","max-snippet":"max-snippet:-1","max-image-preview":"max-image-preview:large","max-video-preview":"max-video-preview:-1"},"canonical":"https:\/\/experienciadevida.com.ar\/portalurbano\/estamos-con-una-economia-que-esta-funcionando-en-altos-niveles-de-actividad\/","og_locale":"es_ES","og_type":"article","og_title":"\"Estamos con una econom\u00eda que est\u00e1 funcionando en altos niveles\"","og_description":"\"Estamos con una econom\u00eda que est\u00e1 funcionando en altos niveles de actividad\", as\u00ed lo mencion\u00f3 el Ministro de producci\u00f3n Augusto Costa.","og_url":"https:\/\/experienciadevida.com.ar\/portalurbano\/estamos-con-una-economia-que-esta-funcionando-en-altos-niveles-de-actividad\/","article_publisher":"https:\/\/www.facebook.com\/Portal-Urbano-171542830093757\/","article_published_time":"2022-05-04T19:45:31+00:00","article_modified_time":"2022-05-04T20:06:56+00:00","og_image":[{"width":765,"height":510,"url":"https:\/\/experienciadevida.com.ar\/portalurbano\/wp-content\/uploads\/2022\/05\/Estamos-con-una-economia.jpg","type":"image\/jpeg"}],"author":"admpu17wp","twitter_card":"summary_large_image","twitter_creator":"@portalurbanook","twitter_site":"@portalurbanook","twitter_misc":{"Escrito por":"admpu17wp","Tiempo de lectura":"5 minutos"},"schema":{"@context":"https:\/\/schema.org","@graph":[{"@type":"Article","@id":"https:\/\/experienciadevida.com.ar\/portalurbano\/estamos-con-una-economia-que-esta-funcionando-en-altos-niveles-de-actividad\/#article","isPartOf":{"@id":"https:\/\/experienciadevida.com.ar\/portalurbano\/estamos-con-una-economia-que-esta-funcionando-en-altos-niveles-de-actividad\/"},"author":{"name":"admpu17wp","@id":"https:\/\/experienciadevida.com.ar\/portalurbano\/#\/schema\/person\/02dd326b1c4b056e9cc972486934a3a7"},"headline":"&#8220;Estamos con una econom\u00eda que est\u00e1 funcionando en altos niveles de actividad&#8221;","datePublished":"2022-05-04T19:45:31+00:00","dateModified":"2022-05-04T20:06:56+00:00","mainEntityOfPage":{"@id":"https:\/\/experienciadevida.com.ar\/portalurbano\/estamos-con-una-economia-que-esta-funcionando-en-altos-niveles-de-actividad\/"},"wordCount":907,"publisher":{"@id":"https:\/\/experienciadevida.com.ar\/portalurbano\/#organization"},"articleSection":["Ciudad","Destacadas"],"inLanguage":"es"},{"@type":"WebPage","@id":"https:\/\/experienciadevida.com.ar\/portalurbano\/estamos-con-una-economia-que-esta-funcionando-en-altos-niveles-de-actividad\/","url":"https:\/\/experienciadevida.com.ar\/portalurbano\/estamos-con-una-economia-que-esta-funcionando-en-altos-niveles-de-actividad\/","name":"\"Estamos con una econom\u00eda que est\u00e1 funcionando en altos niveles\"","isPartOf":{"@id":"https:\/\/experienciadevida.com.ar\/portalurbano\/#website"},"datePublished":"2022-05-04T19:45:31+00:00","dateModified":"2022-05-04T20:06:56+00:00","description":"\"Estamos con una econom\u00eda que est\u00e1 funcionando en altos niveles de actividad\", as\u00ed lo mencion\u00f3 el Ministro de producci\u00f3n Augusto Costa.","breadcrumb":{"@id":"https:\/\/experienciadevida.com.ar\/portalurbano\/estamos-con-una-economia-que-esta-funcionando-en-altos-niveles-de-actividad\/#breadcrumb"},"inLanguage":"es","potentialAction":[{"@type":"ReadAction","target":["https:\/\/experienciadevida.com.ar\/portalurbano\/estamos-con-una-economia-que-esta-funcionando-en-altos-niveles-de-actividad\/"]}]},{"@type":"BreadcrumbList","@id":"https:\/\/experienciadevida.com.ar\/portalurbano\/estamos-con-una-economia-que-esta-funcionando-en-altos-niveles-de-actividad\/#breadcrumb","itemListElement":[{"@type":"ListItem","position":1,"name":"Portada","item":"https:\/\/experienciadevida.com.ar\/portalurbano\/"},{"@type":"ListItem","position":2,"name":"\u00abEstamos con una econom\u00eda que est\u00e1 funcionando en altos niveles de actividad\u00bb"}]},{"@type":"WebSite","@id":"https:\/\/experienciadevida.com.ar\/portalurbano\/#website","url":"https:\/\/experienciadevida.com.ar\/portalurbano\/","name":"","description":"","publisher":{"@id":"https:\/\/experienciadevida.com.ar\/portalurbano\/#organization"},"potentialAction":[{"@type":"SearchAction","target":{"@type":"EntryPoint","urlTemplate":"https:\/\/experienciadevida.com.ar\/portalurbano\/?s={search_term_string}"},"query-input":"required name=search_term_string"}],"inLanguage":"es"},{"@type":"Organization","@id":"https:\/\/experienciadevida.com.ar\/portalurbano\/#organization","name":"Portal Urbano","url":"https:\/\/experienciadevida.com.ar\/portalurbano\/","logo":{"@type":"ImageObject","inLanguage":"es","@id":"https:\/\/experienciadevida.com.ar\/portalurbano\/#\/schema\/logo\/image\/","url":"https:\/\/experienciadevida.com.ar\/portalurbano\/wp-content\/uploads\/2019\/09\/Logo-Original.png","contentUrl":"https:\/\/experienciadevida.com.ar\/portalurbano\/wp-content\/uploads\/2019\/09\/Logo-Original.png","width":2236,"height":1216,"caption":"Portal Urbano"},"image":{"@id":"https:\/\/experienciadevida.com.ar\/portalurbano\/#\/schema\/logo\/image\/"},"sameAs":["https:\/\/www.facebook.com\/Portal-Urbano-171542830093757\/","https:\/\/twitter.com\/portalurbanook","https:\/\/www.instagram.com\/_portalurbano\/","https:\/\/www.youtube.com\/channel\/UCXhagIfszH8KxFiOok79zbA?view_as=subscriber"]},{"@type":"Person","@id":"https:\/\/experienciadevida.com.ar\/portalurbano\/#\/schema\/person\/02dd326b1c4b056e9cc972486934a3a7","name":"admpu17wp","image":{"@type":"ImageObject","inLanguage":"es","@id":"https:\/\/experienciadevida.com.ar\/portalurbano\/#\/schema\/person\/image\/","url":"https:\/\/secure.gravatar.com\/avatar\/830d4c57adaae6630765e449a6908047?s=96&d=mm&r=g","contentUrl":"https:\/\/secure.gravatar.com\/avatar\/830d4c57adaae6630765e449a6908047?s=96&d=mm&r=g","caption":"admpu17wp"}}]}},"featured_image_urls":{"full":["https:\/\/experienciadevida.com.ar\/portalurbano\/wp-content\/uploads\/2022\/05\/Estamos-con-una-economia.jpg",765,510,false],"thumbnail":["https:\/\/experienciadevida.com.ar\/portalurbano\/wp-content\/uploads\/2022\/05\/Estamos-con-una-economia-150x150.jpg",150,150,true],"medium":["https:\/\/experienciadevida.com.ar\/portalurbano\/wp-content\/uploads\/2022\/05\/Estamos-con-una-economia-300x200.jpg",300,200,true],"medium_large":["https:\/\/experienciadevida.com.ar\/portalurbano\/wp-content\/uploads\/2022\/05\/Estamos-con-una-economia.jpg",640,427,false],"large":["https:\/\/experienciadevida.com.ar\/portalurbano\/wp-content\/uploads\/2022\/05\/Estamos-con-una-economia.jpg",640,427,false],"ug_big":["https:\/\/experienciadevida.com.ar\/portalurbano\/wp-content\/uploads\/2022\/05\/Estamos-con-una-economia.jpg",765,510,false],"1536x1536":["https:\/\/experienciadevida.com.ar\/portalurbano\/wp-content\/uploads\/2022\/05\/Estamos-con-una-economia.jpg",765,510,false],"2048x2048":["https:\/\/experienciadevida.com.ar\/portalurbano\/wp-content\/uploads\/2022\/05\/Estamos-con-una-economia.jpg",765,510,false],"newsever-slider-full":["https:\/\/experienciadevida.com.ar\/portalurbano\/wp-content\/uploads\/2022\/05\/Estamos-con-una-economia.jpg",765,510,false],"newsever-featured":["https:\/\/experienciadevida.com.ar\/portalurbano\/wp-content\/uploads\/2022\/05\/Estamos-con-una-economia.jpg",765,510,false],"newsever-medium":["https:\/\/experienciadevida.com.ar\/portalurbano\/wp-content\/uploads\/2022\/05\/Estamos-con-una-economia.jpg",713,475,false],"web-stories-poster-portrait":["https:\/\/experienciadevida.com.ar\/portalurbano\/wp-content\/uploads\/2022\/05\/Estamos-con-una-economia.jpg",640,427,false],"web-stories-publisher-logo":["https:\/\/experienciadevida.com.ar\/portalurbano\/wp-content\/uploads\/2022\/05\/Estamos-con-una-economia.jpg",96,64,false],"web-stories-thumbnail":["https:\/\/experienciadevida.com.ar\/portalurbano\/wp-content\/uploads\/2022\/05\/Estamos-con-una-economia.jpg",150,100,false]},"author_info":{"display_name":"admpu17wp","author_link":"https:\/\/experienciadevida.com.ar\/portalurbano\/author\/admpu17wp\/"},"category_info":"<a href=\"https:\/\/experienciadevida.com.ar\/portalurbano\/category\/ciudad\/\" rel=\"category tag\">Ciudad<\/a> <a href=\"https:\/\/experienciadevida.com.ar\/portalurbano\/category\/destacadas\/\" rel=\"category tag\">Destacadas<\/a>","tag_info":"Destacadas","comment_count":"0","amp_enabled":true,"_links":{"self":[{"href":"https:\/\/experienciadevida.com.ar\/portalurbano\/wp-json\/wp\/v2\/posts\/167063"}],"collection":[{"href":"https:\/\/experienciadevida.com.ar\/portalurbano\/wp-json\/wp\/v2\/posts"}],"about":[{"href":"https:\/\/experienciadevida.com.ar\/portalurbano\/wp-json\/wp\/v2\/types\/post"}],"author":[{"embeddable":true,"href":"https:\/\/experienciadevida.com.ar\/portalurbano\/wp-json\/wp\/v2\/users\/1"}],"replies":[{"embeddable":true,"href":"https:\/\/experienciadevida.com.ar\/portalurbano\/wp-json\/wp\/v2\/comments?post=167063"}],"version-history":[{"count":3,"href":"https:\/\/experienciadevida.com.ar\/portalurbano\/wp-json\/wp\/v2\/posts\/167063\/revisions"}],"predecessor-version":[{"id":167068,"href":"https:\/\/experienciadevida.com.ar\/portalurbano\/wp-json\/wp\/v2\/posts\/167063\/revisions\/167068"}],"wp:featuredmedia":[{"embeddable":true,"href":"https:\/\/experienciadevida.com.ar\/portalurbano\/wp-json\/wp\/v2\/media\/167065"}],"wp:attachment":[{"href":"https:\/\/experienciadevida.com.ar\/portalurbano\/wp-json\/wp\/v2\/media?parent=167063"}],"wp:term":[{"taxonomy":"category","embeddable":true,"href":"https:\/\/experienciadevida.com.ar\/portalurbano\/wp-json\/wp\/v2\/categories?post=167063"},{"taxonomy":"post_tag","embeddable":true,"href":"https:\/\/experienciadevida.com.ar\/portalurbano\/wp-json\/wp\/v2\/tags?post=167063"}],"curies":[{"name":"wp","href":"https:\/\/api.w.org\/{rel}","templated":true}]}}