{"id":167051,"date":"2022-05-04T14:39:07","date_gmt":"2022-05-04T17:39:07","guid":{"rendered":"https:\/\/experienciadevida.com.ar\/portalurbano\/?p=167051"},"modified":"2022-05-04T14:45:15","modified_gmt":"2022-05-04T17:45:15","slug":"olavarria-fue-sede-de-la-ronda-de-negocios-multisectorial","status":"publish","type":"post","link":"https:\/\/experienciadevida.com.ar\/portalurbano\/olavarria-fue-sede-de-la-ronda-de-negocios-multisectorial\/","title":{"rendered":"Olavarr\u00eda fue sede de la ronda de negocios multisectorial"},"content":{"rendered":"<p>Olavarr\u00eda fue sede de la ronda de negocios multisectorial, fue en la ma\u00f1ana de este mi\u00e9rcoles en el Club Pueblo Nuevo, organizada por el Ministerio de Producci\u00f3n, Ciencia e Innovaci\u00f3n Tecnol\u00f3gica. En horas del mediod\u00eda lleg\u00f3 Augusto Costa.<\/p>\n<p><a href=\"https:\/\/experienciadevida.com.ar\/portalurbano\/olavarria-fue-sede-de-la-ronda-de-negocios-multisectorial\/olavarria-4\/\" rel=\"attachment wp-att-167054\"><img decoding=\"async\" class=\"alignnone size-full wp-image-167054\" src=\"https:\/\/experienciadevida.com.ar\/portalurbano\/wp-content\/uploads\/2022\/05\/Olavarria.jpg\" alt=\"Olavarr\u00eda \" width=\"765\" height=\"510\" srcset=\"https:\/\/experienciadevida.com.ar\/portalurbano\/wp-content\/uploads\/2022\/05\/Olavarria.jpg 765w, https:\/\/experienciadevida.com.ar\/portalurbano\/wp-content\/uploads\/2022\/05\/Olavarria-300x200.jpg 300w\" sizes=\"(max-width: 765px) 100vw, 765px\" \/><\/a><\/p>\n<p>El primero en tomar la palara fue C\u00e9sar Longo de la Uni\u00f3n Industrial, &#8220;se han logrado much\u00edsimas cosas, nos basamos en hechos,\u00a0 una cosa muy importante como lo fue la escritura del parque industrial que para nosotros es realmente importante, no solo para nosotros sino para Olavarria, trabajando conjuntamente con la provincia y nosotros somos un medio para que podamos generar fuente de trabajo. La ronda de negocios es muy buena estamos muy contentos esto le da valor a lo que hacemos, donde se pueden relacionar todas las industrias, hacer negocios, conocernos y tener un punto de encuentro eso es algo muy importante para todos los que estamos en esto poner en valor lo que es la industria&#8221;.<\/p>\n<p><a href=\"https:\/\/experienciadevida.com.ar\/portalurbano\/olavarria-fue-sede-de-la-ronda-de-negocios-multisectorial\/fue\/\" rel=\"attachment wp-att-167056\"><img decoding=\"async\" class=\"alignnone size-full wp-image-167056\" src=\"https:\/\/experienciadevida.com.ar\/portalurbano\/wp-content\/uploads\/2022\/05\/fue.jpg\" alt=\"Fue \" width=\"765\" height=\"510\" srcset=\"https:\/\/experienciadevida.com.ar\/portalurbano\/wp-content\/uploads\/2022\/05\/fue.jpg 765w, https:\/\/experienciadevida.com.ar\/portalurbano\/wp-content\/uploads\/2022\/05\/fue-300x200.jpg 300w\" sizes=\"(max-width: 765px) 100vw, 765px\" \/><\/a><\/p>\n<p>Luego habl\u00f3 Sergio el Subsecretario de la Uni\u00f3n Industrial, &#8220;es un espacio que se ha generado, estamos absolutamente contentos de ver tantas caras conocidas, hay un muy buen clima de negocios y desde la perspectiva de la uni\u00f3n industrial estamos siempre reforzando el agradecimiento y remarcando l\u00edneas de trabajo,\u00a0 que se vienen llevando con hechos concretos, esto es algo que venimos reclamando hace mucho tiempo atendiendo a la coyuntura como venimos viendo como lo hacemos en la empresa todos los d\u00edas y desde el estado provincial nos est\u00e1n dando respuestas, como por ejemplo las escrituras pero tambi\u00e9n con una mirada a largo plazo que tambi\u00e9n reclamamos eso desde hace tiempo el sector, porque es la \u00fanica manera de generar trabajo a largo tiempo y desarrollo&#8221;.<\/p>\n<p>Posteriormente <a href=\"https:\/\/www.facebook.com\/FedericoAguile5\">Federico Aguilera<\/a> dijo &#8220;quiero agradecer y felicitar a los organizadores de este evento, la alegr\u00eda tambi\u00e9n de recibirlo hoy al Ministro de producci\u00f3n de la provincia de Buenos Aires Augusto Costa, que est\u00e1 caminando el territorio, a mis compa\u00f1eros de la subsecretar\u00eda que trabajaron muy bien en la convocatoria de este evento que ha sido un \u00e9xito, hab\u00eda una necesidad concreta de llevar adelante este tipo de actividades, que estaba necesitando el sector empresario de poder encontrarse para llevar adelante negocios, generar lazos, proyectar a futuro, y que desde el gobierno de la provincia se haya escuchado una demanda concreta del territorio para materializarla en este evento, quiere decir que se est\u00e1 trabajando en cuestiones puntuales que necesitan los sectores productivos, este es un punto muy importante, porque desde el interior de la provincia aquellos que nos toca asumir cierto grado de responsabilidad en un lugar del estado siempre he planteado la necesidad de la centralidad de los gobiernos en este caso, entender la particularidad del territorio, entender que el centro de pol\u00edticas p\u00fablicas en este caso en el \u00e1mbito de la producci\u00f3n, entender que es una provincia tan diversa, donde tenemos sectores empresariales de todas las ramas&#8221;.<\/p>\n<p><a href=\"https:\/\/experienciadevida.com.ar\/portalurbano\/olavarria-fue-sede-de-la-ronda-de-negocios-multisectorial\/sede\/\" rel=\"attachment wp-att-167057\"><img decoding=\"async\" class=\"alignnone size-full wp-image-167057\" src=\"https:\/\/experienciadevida.com.ar\/portalurbano\/wp-content\/uploads\/2022\/05\/sede.jpg\" alt=\"sede \" width=\"765\" height=\"510\" srcset=\"https:\/\/experienciadevida.com.ar\/portalurbano\/wp-content\/uploads\/2022\/05\/sede.jpg 765w, https:\/\/experienciadevida.com.ar\/portalurbano\/wp-content\/uploads\/2022\/05\/sede-300x200.jpg 300w\" sizes=\"(max-width: 765px) 100vw, 765px\" \/><\/a><\/p>\n<p>&#8220;Olavarr\u00eda para nosotros es un escenario productivo importante, porque ac\u00e1 se desarrollan pr\u00e1cticamente todas las actividades, es el centro de la actividad minera que a su vez genera infinidad de actividades\u00a0 derivada de esta actividad, genera puestos de trabajo, movimiento, log\u00edstica, servicios, institutos de formaci\u00f3n profesional ligado a la actividad, y otros sectores productivos que tambi\u00e9n est\u00e1n participando, es importante que todos los empresarios tengan la posibilidad de tener espacios y lugares para seguir hacer crecer la productividad y el sector econ\u00f3mico del centro de la provincia, es un gran desaf\u00edo. Hay capital y capital humano que siempre quieren seguir produciendo, hay m\u00e1s de cien empresarios que quieren invertir&#8221;.<\/p>\n<p>Por su parte Mariela dijo &#8220;sin el trabajo de todos no hubiese sido posible, tenemos un equipo muy comprometido con estas actividades, necesitamos de ustedes para poder convocar, las fuerzas productivas de Olavarr\u00eda y los municipios cercanos, venimos trabajando muy fuerte generando pol\u00edticas para que todas las pymes puedan acceder a las herramientas que tenemos&#8221;.<\/p>\n<p><a href=\"https:\/\/experienciadevida.com.ar\/portalurbano\/olavarria-fue-sede-de-la-ronda-de-negocios-multisectorial\/de-24\/\" rel=\"attachment wp-att-167058\"><img decoding=\"async\" class=\"alignnone size-full wp-image-167058\" src=\"https:\/\/experienciadevida.com.ar\/portalurbano\/wp-content\/uploads\/2022\/05\/de-1.jpg\" alt=\"de \" width=\"765\" height=\"510\" srcset=\"https:\/\/experienciadevida.com.ar\/portalurbano\/wp-content\/uploads\/2022\/05\/de-1.jpg 765w, https:\/\/experienciadevida.com.ar\/portalurbano\/wp-content\/uploads\/2022\/05\/de-1-300x200.jpg 300w\" sizes=\"(max-width: 765px) 100vw, 765px\" \/><\/a><\/p>\n<p>Finalmente Augusto Costa tom\u00f3 la palabra &#8220;gracias por generar este tipo de espacios pensando en el desarrollo local, realmente el resultado de esta convocatoria pas\u00f3 las expectativas por la cantidad de empresas presentes, surgen oportunidades y eso va m\u00e1s all\u00e1 del \u00e9xito de este encuentro que para nosotros es una herramienta muy importante. Los funcionarios p\u00fablicos provinciales tenemos que estar presentes en el territorio en cada una de las localidades, conociendo la particularidad, las necesidades, demandas&#8221;.<\/p>\n<p><a href=\"https:\/\/experienciadevida.com.ar\/portalurbano\/olavarria-fue-sede-de-la-ronda-de-negocios-multisectorial\/dsc_0015\/\" rel=\"attachment wp-att-167059\"><img decoding=\"async\" class=\"alignnone size-full wp-image-167059\" src=\"https:\/\/experienciadevida.com.ar\/portalurbano\/wp-content\/uploads\/2022\/05\/DSC_0015.jpg\" alt=\"\" width=\"765\" height=\"510\" srcset=\"https:\/\/experienciadevida.com.ar\/portalurbano\/wp-content\/uploads\/2022\/05\/DSC_0015.jpg 765w, https:\/\/experienciadevida.com.ar\/portalurbano\/wp-content\/uploads\/2022\/05\/DSC_0015-300x200.jpg 300w\" sizes=\"(max-width: 765px) 100vw, 765px\" \/><\/a><\/p>\n<p>&#8220;Esto es algo que para nosotros es parte de nuestra gesti\u00f3n, nos pidi\u00f3 el gobernador, ni bien asumimos, estemos cerca de los sectores productivos que est\u00e1n trabajando todos los d\u00edas en sus negocios, como las pymes, cooperativas que requieren un estado provincial presente, dentro de esta presencia adem\u00e1s de poder conocer de primera mano conocer las necesidades y demandas, para nosotros todos los instrumentos que est\u00e9n a disposici\u00f3n de la provincia es importante que est\u00e9n a disposici\u00f3n de todos los empresarios. Desarrollamos diferentes l\u00edneas de trabajo como el fortalecimiento de parques industriales e infraestructura de los mismos&#8221;.<\/p>\n<p><a href=\"https:\/\/experienciadevida.com.ar\/portalurbano\/olavarria-fue-sede-de-la-ronda-de-negocios-multisectorial\/dsc_0014-3\/\" rel=\"attachment wp-att-167060\"><img decoding=\"async\" class=\"alignnone size-full wp-image-167060\" src=\"https:\/\/experienciadevida.com.ar\/portalurbano\/wp-content\/uploads\/2022\/05\/DSC_0014.jpg\" alt=\"\" width=\"765\" height=\"510\" srcset=\"https:\/\/experienciadevida.com.ar\/portalurbano\/wp-content\/uploads\/2022\/05\/DSC_0014.jpg 765w, https:\/\/experienciadevida.com.ar\/portalurbano\/wp-content\/uploads\/2022\/05\/DSC_0014-300x200.jpg 300w\" sizes=\"(max-width: 765px) 100vw, 765px\" \/><\/a><\/p>\n","protected":false},"excerpt":{"rendered":"<p>Olavarr\u00eda fue sede de la ronda de negocios multisectorial, fue en la ma\u00f1ana de este&#8230;<\/p>\n","protected":false},"author":1,"featured_media":167052,"comment_status":"closed","ping_status":"closed","sticky":false,"template":"","format":"standard","meta":{"content-type":""},"categories":[27,51],"tags":[],"nelio_content":{"isAutoShareEnabled":false,"autoShareEndMode":"default","automationSources":{"useContentSentences":true,"useSocialTemplates":true,"useCustomSentences":false,"customSentences":[]},"followers":[1],"suggestedReferences":[],"includedReferences":[],"efiUrl":"","efiAlt":"","highlights":[]},"yoast_head":"<!-- This site is optimized with the Yoast SEO plugin v20.7 - https:\/\/yoast.com\/wordpress\/plugins\/seo\/ -->\n<title>Olavarr\u00eda fue sede de la ronda de negocios multisectorial<\/title>\n<meta name=\"description\" content=\"Olavarr\u00eda fue sede de la ronda de negocios multisectorial, fue en la ma\u00f1ana de este mi\u00e9rcoles en el Club Pueblo Nuevo\" \/>\n<meta name=\"robots\" content=\"index, follow, max-snippet:-1, max-image-preview:large, max-video-preview:-1\" \/>\n<link rel=\"canonical\" href=\"https:\/\/experienciadevida.com.ar\/portalurbano\/olavarria-fue-sede-de-la-ronda-de-negocios-multisectorial\/\" \/>\n<meta property=\"og:locale\" content=\"es_ES\" \/>\n<meta property=\"og:type\" content=\"article\" \/>\n<meta property=\"og:title\" content=\"Olavarr\u00eda fue sede de la ronda de negocios multisectorial\" \/>\n<meta property=\"og:description\" content=\"Olavarr\u00eda fue sede de la ronda de negocios multisectorial, fue en la ma\u00f1ana de este mi\u00e9rcoles en el Club Pueblo Nuevo\" \/>\n<meta property=\"og:url\" content=\"https:\/\/experienciadevida.com.ar\/portalurbano\/olavarria-fue-sede-de-la-ronda-de-negocios-multisectorial\/\" \/>\n<meta property=\"article:publisher\" content=\"https:\/\/www.facebook.com\/Portal-Urbano-171542830093757\/\" \/>\n<meta property=\"article:published_time\" content=\"2022-05-04T17:39:07+00:00\" \/>\n<meta property=\"article:modified_time\" content=\"2022-05-04T17:45:15+00:00\" \/>\n<meta property=\"og:image\" content=\"https:\/\/experienciadevida.com.ar\/portalurbano\/wp-content\/uploads\/2022\/05\/Olavarria-fue-sede-de.jpg\" \/>\n\t<meta property=\"og:image:width\" content=\"765\" \/>\n\t<meta property=\"og:image:height\" content=\"510\" \/>\n\t<meta property=\"og:image:type\" content=\"image\/jpeg\" \/>\n<meta name=\"author\" content=\"admpu17wp\" \/>\n<meta name=\"twitter:card\" content=\"summary_large_image\" \/>\n<meta name=\"twitter:creator\" content=\"@portalurbanook\" \/>\n<meta name=\"twitter:site\" content=\"@portalurbanook\" \/>\n<meta name=\"twitter:label1\" content=\"Escrito por\" \/>\n\t<meta name=\"twitter:data1\" content=\"admpu17wp\" \/>\n\t<meta name=\"twitter:label2\" content=\"Tiempo de lectura\" \/>\n\t<meta name=\"twitter:data2\" content=\"5 minutos\" \/>\n<script type=\"application\/ld+json\" class=\"yoast-schema-graph\">{\"@context\":\"https:\/\/schema.org\",\"@graph\":[{\"@type\":\"Article\",\"@id\":\"https:\/\/experienciadevida.com.ar\/portalurbano\/olavarria-fue-sede-de-la-ronda-de-negocios-multisectorial\/#article\",\"isPartOf\":{\"@id\":\"https:\/\/experienciadevida.com.ar\/portalurbano\/olavarria-fue-sede-de-la-ronda-de-negocios-multisectorial\/\"},\"author\":{\"name\":\"admpu17wp\",\"@id\":\"https:\/\/experienciadevida.com.ar\/portalurbano\/#\/schema\/person\/02dd326b1c4b056e9cc972486934a3a7\"},\"headline\":\"Olavarr\u00eda fue sede de la ronda de negocios multisectorial\",\"datePublished\":\"2022-05-04T17:39:07+00:00\",\"dateModified\":\"2022-05-04T17:45:15+00:00\",\"mainEntityOfPage\":{\"@id\":\"https:\/\/experienciadevida.com.ar\/portalurbano\/olavarria-fue-sede-de-la-ronda-de-negocios-multisectorial\/\"},\"wordCount\":875,\"publisher\":{\"@id\":\"https:\/\/experienciadevida.com.ar\/portalurbano\/#organization\"},\"articleSection\":[\"Ciudad\",\"Destacadas\"],\"inLanguage\":\"es\"},{\"@type\":\"WebPage\",\"@id\":\"https:\/\/experienciadevida.com.ar\/portalurbano\/olavarria-fue-sede-de-la-ronda-de-negocios-multisectorial\/\",\"url\":\"https:\/\/experienciadevida.com.ar\/portalurbano\/olavarria-fue-sede-de-la-ronda-de-negocios-multisectorial\/\",\"name\":\"Olavarr\u00eda fue sede de la ronda de negocios multisectorial\",\"isPartOf\":{\"@id\":\"https:\/\/experienciadevida.com.ar\/portalurbano\/#website\"},\"datePublished\":\"2022-05-04T17:39:07+00:00\",\"dateModified\":\"2022-05-04T17:45:15+00:00\",\"description\":\"Olavarr\u00eda fue sede de la ronda de negocios multisectorial, fue en la ma\u00f1ana de este mi\u00e9rcoles en el Club Pueblo Nuevo\",\"breadcrumb\":{\"@id\":\"https:\/\/experienciadevida.com.ar\/portalurbano\/olavarria-fue-sede-de-la-ronda-de-negocios-multisectorial\/#breadcrumb\"},\"inLanguage\":\"es\",\"potentialAction\":[{\"@type\":\"ReadAction\",\"target\":[\"https:\/\/experienciadevida.com.ar\/portalurbano\/olavarria-fue-sede-de-la-ronda-de-negocios-multisectorial\/\"]}]},{\"@type\":\"BreadcrumbList\",\"@id\":\"https:\/\/experienciadevida.com.ar\/portalurbano\/olavarria-fue-sede-de-la-ronda-de-negocios-multisectorial\/#breadcrumb\",\"itemListElement\":[{\"@type\":\"ListItem\",\"position\":1,\"name\":\"Portada\",\"item\":\"https:\/\/experienciadevida.com.ar\/portalurbano\/\"},{\"@type\":\"ListItem\",\"position\":2,\"name\":\"Olavarr\u00eda fue sede de la ronda de negocios multisectorial\"}]},{\"@type\":\"WebSite\",\"@id\":\"https:\/\/experienciadevida.com.ar\/portalurbano\/#website\",\"url\":\"https:\/\/experienciadevida.com.ar\/portalurbano\/\",\"name\":\"\",\"description\":\"\",\"publisher\":{\"@id\":\"https:\/\/experienciadevida.com.ar\/portalurbano\/#organization\"},\"potentialAction\":[{\"@type\":\"SearchAction\",\"target\":{\"@type\":\"EntryPoint\",\"urlTemplate\":\"https:\/\/experienciadevida.com.ar\/portalurbano\/?s={search_term_string}\"},\"query-input\":\"required name=search_term_string\"}],\"inLanguage\":\"es\"},{\"@type\":\"Organization\",\"@id\":\"https:\/\/experienciadevida.com.ar\/portalurbano\/#organization\",\"name\":\"Portal Urbano\",\"url\":\"https:\/\/experienciadevida.com.ar\/portalurbano\/\",\"logo\":{\"@type\":\"ImageObject\",\"inLanguage\":\"es\",\"@id\":\"https:\/\/experienciadevida.com.ar\/portalurbano\/#\/schema\/logo\/image\/\",\"url\":\"https:\/\/experienciadevida.com.ar\/portalurbano\/wp-content\/uploads\/2019\/09\/Logo-Original.png\",\"contentUrl\":\"https:\/\/experienciadevida.com.ar\/portalurbano\/wp-content\/uploads\/2019\/09\/Logo-Original.png\",\"width\":2236,\"height\":1216,\"caption\":\"Portal Urbano\"},\"image\":{\"@id\":\"https:\/\/experienciadevida.com.ar\/portalurbano\/#\/schema\/logo\/image\/\"},\"sameAs\":[\"https:\/\/www.facebook.com\/Portal-Urbano-171542830093757\/\",\"https:\/\/twitter.com\/portalurbanook\",\"https:\/\/www.instagram.com\/_portalurbano\/\",\"https:\/\/www.youtube.com\/channel\/UCXhagIfszH8KxFiOok79zbA?view_as=subscriber\"]},{\"@type\":\"Person\",\"@id\":\"https:\/\/experienciadevida.com.ar\/portalurbano\/#\/schema\/person\/02dd326b1c4b056e9cc972486934a3a7\",\"name\":\"admpu17wp\",\"image\":{\"@type\":\"ImageObject\",\"inLanguage\":\"es\",\"@id\":\"https:\/\/experienciadevida.com.ar\/portalurbano\/#\/schema\/person\/image\/\",\"url\":\"https:\/\/secure.gravatar.com\/avatar\/830d4c57adaae6630765e449a6908047?s=96&d=mm&r=g\",\"contentUrl\":\"https:\/\/secure.gravatar.com\/avatar\/830d4c57adaae6630765e449a6908047?s=96&d=mm&r=g\",\"caption\":\"admpu17wp\"}}]}<\/script>\n<!-- \/ Yoast SEO plugin. -->","yoast_head_json":{"title":"Olavarr\u00eda fue sede de la ronda de negocios multisectorial","description":"Olavarr\u00eda fue sede de la ronda de negocios multisectorial, fue en la ma\u00f1ana de este mi\u00e9rcoles en el Club Pueblo Nuevo","robots":{"index":"index","follow":"follow","max-snippet":"max-snippet:-1","max-image-preview":"max-image-preview:large","max-video-preview":"max-video-preview:-1"},"canonical":"https:\/\/experienciadevida.com.ar\/portalurbano\/olavarria-fue-sede-de-la-ronda-de-negocios-multisectorial\/","og_locale":"es_ES","og_type":"article","og_title":"Olavarr\u00eda fue sede de la ronda de negocios multisectorial","og_description":"Olavarr\u00eda fue sede de la ronda de negocios multisectorial, fue en la ma\u00f1ana de este mi\u00e9rcoles en el Club Pueblo Nuevo","og_url":"https:\/\/experienciadevida.com.ar\/portalurbano\/olavarria-fue-sede-de-la-ronda-de-negocios-multisectorial\/","article_publisher":"https:\/\/www.facebook.com\/Portal-Urbano-171542830093757\/","article_published_time":"2022-05-04T17:39:07+00:00","article_modified_time":"2022-05-04T17:45:15+00:00","og_image":[{"width":765,"height":510,"url":"https:\/\/experienciadevida.com.ar\/portalurbano\/wp-content\/uploads\/2022\/05\/Olavarria-fue-sede-de.jpg","type":"image\/jpeg"}],"author":"admpu17wp","twitter_card":"summary_large_image","twitter_creator":"@portalurbanook","twitter_site":"@portalurbanook","twitter_misc":{"Escrito por":"admpu17wp","Tiempo de lectura":"5 minutos"},"schema":{"@context":"https:\/\/schema.org","@graph":[{"@type":"Article","@id":"https:\/\/experienciadevida.com.ar\/portalurbano\/olavarria-fue-sede-de-la-ronda-de-negocios-multisectorial\/#article","isPartOf":{"@id":"https:\/\/experienciadevida.com.ar\/portalurbano\/olavarria-fue-sede-de-la-ronda-de-negocios-multisectorial\/"},"author":{"name":"admpu17wp","@id":"https:\/\/experienciadevida.com.ar\/portalurbano\/#\/schema\/person\/02dd326b1c4b056e9cc972486934a3a7"},"headline":"Olavarr\u00eda fue sede de la ronda de negocios multisectorial","datePublished":"2022-05-04T17:39:07+00:00","dateModified":"2022-05-04T17:45:15+00:00","mainEntityOfPage":{"@id":"https:\/\/experienciadevida.com.ar\/portalurbano\/olavarria-fue-sede-de-la-ronda-de-negocios-multisectorial\/"},"wordCount":875,"publisher":{"@id":"https:\/\/experienciadevida.com.ar\/portalurbano\/#organization"},"articleSection":["Ciudad","Destacadas"],"inLanguage":"es"},{"@type":"WebPage","@id":"https:\/\/experienciadevida.com.ar\/portalurbano\/olavarria-fue-sede-de-la-ronda-de-negocios-multisectorial\/","url":"https:\/\/experienciadevida.com.ar\/portalurbano\/olavarria-fue-sede-de-la-ronda-de-negocios-multisectorial\/","name":"Olavarr\u00eda fue sede de la ronda de negocios multisectorial","isPartOf":{"@id":"https:\/\/experienciadevida.com.ar\/portalurbano\/#website"},"datePublished":"2022-05-04T17:39:07+00:00","dateModified":"2022-05-04T17:45:15+00:00","description":"Olavarr\u00eda fue sede de la ronda de negocios multisectorial, fue en la ma\u00f1ana de este mi\u00e9rcoles en el Club Pueblo Nuevo","breadcrumb":{"@id":"https:\/\/experienciadevida.com.ar\/portalurbano\/olavarria-fue-sede-de-la-ronda-de-negocios-multisectorial\/#breadcrumb"},"inLanguage":"es","potentialAction":[{"@type":"ReadAction","target":["https:\/\/experienciadevida.com.ar\/portalurbano\/olavarria-fue-sede-de-la-ronda-de-negocios-multisectorial\/"]}]},{"@type":"BreadcrumbList","@id":"https:\/\/experienciadevida.com.ar\/portalurbano\/olavarria-fue-sede-de-la-ronda-de-negocios-multisectorial\/#breadcrumb","itemListElement":[{"@type":"ListItem","position":1,"name":"Portada","item":"https:\/\/experienciadevida.com.ar\/portalurbano\/"},{"@type":"ListItem","position":2,"name":"Olavarr\u00eda fue sede de la ronda de negocios multisectorial"}]},{"@type":"WebSite","@id":"https:\/\/experienciadevida.com.ar\/portalurbano\/#website","url":"https:\/\/experienciadevida.com.ar\/portalurbano\/","name":"","description":"","publisher":{"@id":"https:\/\/experienciadevida.com.ar\/portalurbano\/#organization"},"potentialAction":[{"@type":"SearchAction","target":{"@type":"EntryPoint","urlTemplate":"https:\/\/experienciadevida.com.ar\/portalurbano\/?s={search_term_string}"},"query-input":"required name=search_term_string"}],"inLanguage":"es"},{"@type":"Organization","@id":"https:\/\/experienciadevida.com.ar\/portalurbano\/#organization","name":"Portal Urbano","url":"https:\/\/experienciadevida.com.ar\/portalurbano\/","logo":{"@type":"ImageObject","inLanguage":"es","@id":"https:\/\/experienciadevida.com.ar\/portalurbano\/#\/schema\/logo\/image\/","url":"https:\/\/experienciadevida.com.ar\/portalurbano\/wp-content\/uploads\/2019\/09\/Logo-Original.png","contentUrl":"https:\/\/experienciadevida.com.ar\/portalurbano\/wp-content\/uploads\/2019\/09\/Logo-Original.png","width":2236,"height":1216,"caption":"Portal Urbano"},"image":{"@id":"https:\/\/experienciadevida.com.ar\/portalurbano\/#\/schema\/logo\/image\/"},"sameAs":["https:\/\/www.facebook.com\/Portal-Urbano-171542830093757\/","https:\/\/twitter.com\/portalurbanook","https:\/\/www.instagram.com\/_portalurbano\/","https:\/\/www.youtube.com\/channel\/UCXhagIfszH8KxFiOok79zbA?view_as=subscriber"]},{"@type":"Person","@id":"https:\/\/experienciadevida.com.ar\/portalurbano\/#\/schema\/person\/02dd326b1c4b056e9cc972486934a3a7","name":"admpu17wp","image":{"@type":"ImageObject","inLanguage":"es","@id":"https:\/\/experienciadevida.com.ar\/portalurbano\/#\/schema\/person\/image\/","url":"https:\/\/secure.gravatar.com\/avatar\/830d4c57adaae6630765e449a6908047?s=96&d=mm&r=g","contentUrl":"https:\/\/secure.gravatar.com\/avatar\/830d4c57adaae6630765e449a6908047?s=96&d=mm&r=g","caption":"admpu17wp"}}]}},"featured_image_urls":{"full":["https:\/\/experienciadevida.com.ar\/portalurbano\/wp-content\/uploads\/2022\/05\/Olavarria-fue-sede-de.jpg",765,510,false],"thumbnail":["https:\/\/experienciadevida.com.ar\/portalurbano\/wp-content\/uploads\/2022\/05\/Olavarria-fue-sede-de-150x150.jpg",150,150,true],"medium":["https:\/\/experienciadevida.com.ar\/portalurbano\/wp-content\/uploads\/2022\/05\/Olavarria-fue-sede-de-300x200.jpg",300,200,true],"medium_large":["https:\/\/experienciadevida.com.ar\/portalurbano\/wp-content\/uploads\/2022\/05\/Olavarria-fue-sede-de.jpg",640,427,false],"large":["https:\/\/experienciadevida.com.ar\/portalurbano\/wp-content\/uploads\/2022\/05\/Olavarria-fue-sede-de.jpg",640,427,false],"ug_big":["https:\/\/experienciadevida.com.ar\/portalurbano\/wp-content\/uploads\/2022\/05\/Olavarria-fue-sede-de.jpg",765,510,false],"1536x1536":["https:\/\/experienciadevida.com.ar\/portalurbano\/wp-content\/uploads\/2022\/05\/Olavarria-fue-sede-de.jpg",765,510,false],"2048x2048":["https:\/\/experienciadevida.com.ar\/portalurbano\/wp-content\/uploads\/2022\/05\/Olavarria-fue-sede-de.jpg",765,510,false],"newsever-slider-full":["https:\/\/experienciadevida.com.ar\/portalurbano\/wp-content\/uploads\/2022\/05\/Olavarria-fue-sede-de.jpg",765,510,false],"newsever-featured":["https:\/\/experienciadevida.com.ar\/portalurbano\/wp-content\/uploads\/2022\/05\/Olavarria-fue-sede-de.jpg",765,510,false],"newsever-medium":["https:\/\/experienciadevida.com.ar\/portalurbano\/wp-content\/uploads\/2022\/05\/Olavarria-fue-sede-de.jpg",713,475,false],"web-stories-poster-portrait":["https:\/\/experienciadevida.com.ar\/portalurbano\/wp-content\/uploads\/2022\/05\/Olavarria-fue-sede-de.jpg",640,427,false],"web-stories-publisher-logo":["https:\/\/experienciadevida.com.ar\/portalurbano\/wp-content\/uploads\/2022\/05\/Olavarria-fue-sede-de.jpg",96,64,false],"web-stories-thumbnail":["https:\/\/experienciadevida.com.ar\/portalurbano\/wp-content\/uploads\/2022\/05\/Olavarria-fue-sede-de.jpg",150,100,false]},"author_info":{"display_name":"admpu17wp","author_link":"https:\/\/experienciadevida.com.ar\/portalurbano\/author\/admpu17wp\/"},"category_info":"<a href=\"https:\/\/experienciadevida.com.ar\/portalurbano\/category\/ciudad\/\" rel=\"category tag\">Ciudad<\/a> <a href=\"https:\/\/experienciadevida.com.ar\/portalurbano\/category\/destacadas\/\" rel=\"category tag\">Destacadas<\/a>","tag_info":"Destacadas","comment_count":"0","amp_enabled":true,"_links":{"self":[{"href":"https:\/\/experienciadevida.com.ar\/portalurbano\/wp-json\/wp\/v2\/posts\/167051"}],"collection":[{"href":"https:\/\/experienciadevida.com.ar\/portalurbano\/wp-json\/wp\/v2\/posts"}],"about":[{"href":"https:\/\/experienciadevida.com.ar\/portalurbano\/wp-json\/wp\/v2\/types\/post"}],"author":[{"embeddable":true,"href":"https:\/\/experienciadevida.com.ar\/portalurbano\/wp-json\/wp\/v2\/users\/1"}],"replies":[{"embeddable":true,"href":"https:\/\/experienciadevida.com.ar\/portalurbano\/wp-json\/wp\/v2\/comments?post=167051"}],"version-history":[{"count":4,"href":"https:\/\/experienciadevida.com.ar\/portalurbano\/wp-json\/wp\/v2\/posts\/167051\/revisions"}],"predecessor-version":[{"id":167062,"href":"https:\/\/experienciadevida.com.ar\/portalurbano\/wp-json\/wp\/v2\/posts\/167051\/revisions\/167062"}],"wp:featuredmedia":[{"embeddable":true,"href":"https:\/\/experienciadevida.com.ar\/portalurbano\/wp-json\/wp\/v2\/media\/167052"}],"wp:attachment":[{"href":"https:\/\/experienciadevida.com.ar\/portalurbano\/wp-json\/wp\/v2\/media?parent=167051"}],"wp:term":[{"taxonomy":"category","embeddable":true,"href":"https:\/\/experienciadevida.com.ar\/portalurbano\/wp-json\/wp\/v2\/categories?post=167051"},{"taxonomy":"post_tag","embeddable":true,"href":"https:\/\/experienciadevida.com.ar\/portalurbano\/wp-json\/wp\/v2\/tags?post=167051"}],"curies":[{"name":"wp","href":"https:\/\/api.w.org\/{rel}","templated":true}]}}