{"id":167046,"date":"2022-05-04T10:49:05","date_gmt":"2022-05-04T13:49:05","guid":{"rendered":"https:\/\/experienciadevida.com.ar\/portalurbano\/?p=167046"},"modified":"2022-05-04T10:51:54","modified_gmt":"2022-05-04T13:51:54","slug":"capacitacion-en-ley-micaela-a-personal-jerarquico-del-municipio","status":"publish","type":"post","link":"https:\/\/experienciadevida.com.ar\/portalurbano\/capacitacion-en-ley-micaela-a-personal-jerarquico-del-municipio\/","title":{"rendered":"Capacitaci\u00f3n en Ley Micaela a personal jer\u00e1rquico del Municipio"},"content":{"rendered":"<p>Capacitaci\u00f3n en Ley Micaela a personal jer\u00e1rquico del Municipio, desde la Direcci\u00f3n de Pol\u00edticas de G\u00e9nero del Municipio de Olavarr\u00eda se inform\u00f3 que en la ma\u00f1ana del pasado martes, en instalaciones del Centro Cultural Municipal San Jos\u00e9, se llev\u00f3 a cabo una nueva jornada de capacitaci\u00f3n en Ley Micaela destinada a personal que cumple tareas directivas en el Municipio.<\/p>\n<p>El encuentro estuvo planificado especialmente para directores y directoras, ya que este a\u00f1o adem\u00e1s de trabajar por \u00e1reas, se desarrollar\u00e1n los encuentros adaptados a los roles o jerarqu\u00edas de sus participantes, lo cual implica trabajar sobre las responsabilidades que tiene cada persona en funci\u00f3n de su rol dentro de su equipo de trabajo.<\/p>\n<p>En la actualidad el equipo de Ley Micaela est\u00e1 desplegando el m\u00f3dulo 2, encabezado por su directora Florencia Caro, la nueva coordinadora, la licenciada Johana Peredo; Imanol Galeano, artista drag e integrante de los equipos de g\u00e9nero y de recursos humanos del Municipio, y Mar\u00eda Eugenia Iturralde, que se sum\u00f3 como capacitadora del Municipio.<\/p>\n<p>La directora de Pol\u00edticas de G\u00e9nero Florencia Caro brind\u00f3 detalles sobre la incorporaci\u00f3n de la nueva compa\u00f1era a su equipo de trabajo: \u201cA partir de la implementaci\u00f3n del m\u00f3dulo 2 de Ley Micaela el equipo se multiplic\u00f3 en relaci\u00f3n a la necesidad de llegar a m\u00e1s personas dentro de la estructura estatal, cumpliendo adem\u00e1s con el requerimiento del HCD en el marco de la Ordenanza por violencia de g\u00e9nero\u201d, sostuvo.<\/p>\n<p>A la par, insisti\u00f3 en la satisfacci\u00f3n \u201cde haber podido multiplicar el equipo, algo que considero necesario, y sobre todo de incorporar a Eugenia, una persona con vasta formaci\u00f3n en la materia, recorrido acad\u00e9mico y militante en materia de desigualdades de g\u00e9nero\u201d, concluy\u00f3.<\/p>\n<p><a href=\"https:\/\/experienciadevida.com.ar\/portalurbano\/capacitacion-en-ley-micaela-a-personal-jerarquico-del-municipio\/capacitacion\/\" rel=\"attachment wp-att-167049\"><img decoding=\"async\" class=\"alignnone size-large wp-image-167049\" src=\"https:\/\/experienciadevida.com.ar\/portalurbano\/wp-content\/uploads\/2022\/05\/Capacitacion-1024x682.jpg\" alt=\"Capacitaci\u00f3n \" width=\"900\" height=\"599\" srcset=\"https:\/\/experienciadevida.com.ar\/portalurbano\/wp-content\/uploads\/2022\/05\/Capacitacion-1024x682.jpg 1024w, https:\/\/experienciadevida.com.ar\/portalurbano\/wp-content\/uploads\/2022\/05\/Capacitacion-300x200.jpg 300w, https:\/\/experienciadevida.com.ar\/portalurbano\/wp-content\/uploads\/2022\/05\/Capacitacion-768x512.jpg 768w, https:\/\/experienciadevida.com.ar\/portalurbano\/wp-content\/uploads\/2022\/05\/Capacitacion-1536x1024.jpg 1536w, https:\/\/experienciadevida.com.ar\/portalurbano\/wp-content\/uploads\/2022\/05\/Capacitacion.jpg 1772w\" sizes=\"(max-width: 900px) 100vw, 900px\" \/><\/a><\/p>\n","protected":false},"excerpt":{"rendered":"<p>Capacitaci\u00f3n en Ley Micaela a personal jer\u00e1rquico del Municipio, desde la Direcci\u00f3n de Pol\u00edticas de&#8230;<\/p>\n","protected":false},"author":1,"featured_media":167047,"comment_status":"closed","ping_status":"closed","sticky":false,"template":"","format":"standard","meta":{"content-type":""},"categories":[27,51],"tags":[],"nelio_content":{"isAutoShareEnabled":false,"autoShareEndMode":"default","automationSources":{"useContentSentences":true,"useSocialTemplates":true,"useCustomSentences":false,"customSentences":[]},"followers":[1],"suggestedReferences":[],"includedReferences":[],"efiUrl":"","efiAlt":"","highlights":[]},"yoast_head":"<!-- This site is optimized with the Yoast SEO plugin v20.7 - https:\/\/yoast.com\/wordpress\/plugins\/seo\/ -->\n<title>Capacitaci\u00f3n en ley Micaela a personal Jer\u00e1rquico del Municipio<\/title>\n<meta name=\"description\" content=\"Capacitaci\u00f3n en Ley Micaela a personal jer\u00e1rquico del Municipio, en las intalaciones del Centro Cultural San Jos\u00e9 de nuestra ciudad.\" \/>\n<meta name=\"robots\" content=\"index, follow, max-snippet:-1, max-image-preview:large, max-video-preview:-1\" \/>\n<link rel=\"canonical\" href=\"https:\/\/experienciadevida.com.ar\/portalurbano\/capacitacion-en-ley-micaela-a-personal-jerarquico-del-municipio\/\" \/>\n<meta property=\"og:locale\" content=\"es_ES\" \/>\n<meta property=\"og:type\" content=\"article\" \/>\n<meta property=\"og:title\" content=\"Capacitaci\u00f3n en ley Micaela a personal Jer\u00e1rquico del Municipio\" \/>\n<meta property=\"og:description\" content=\"Capacitaci\u00f3n en Ley Micaela a personal jer\u00e1rquico del Municipio, en las intalaciones del Centro Cultural San Jos\u00e9 de nuestra ciudad.\" \/>\n<meta property=\"og:url\" content=\"https:\/\/experienciadevida.com.ar\/portalurbano\/capacitacion-en-ley-micaela-a-personal-jerarquico-del-municipio\/\" \/>\n<meta property=\"article:publisher\" content=\"https:\/\/www.facebook.com\/Portal-Urbano-171542830093757\/\" \/>\n<meta property=\"article:published_time\" content=\"2022-05-04T13:49:05+00:00\" \/>\n<meta property=\"article:modified_time\" content=\"2022-05-04T13:51:54+00:00\" \/>\n<meta property=\"og:image\" content=\"https:\/\/experienciadevida.com.ar\/portalurbano\/wp-content\/uploads\/2022\/05\/Capacitacion-en-Ley-Micaela.jpg\" \/>\n\t<meta property=\"og:image:width\" content=\"1772\" \/>\n\t<meta property=\"og:image:height\" content=\"1181\" \/>\n\t<meta property=\"og:image:type\" content=\"image\/jpeg\" \/>\n<meta name=\"author\" content=\"admpu17wp\" \/>\n<meta name=\"twitter:card\" content=\"summary_large_image\" \/>\n<meta name=\"twitter:creator\" content=\"@portalurbanook\" \/>\n<meta name=\"twitter:site\" content=\"@portalurbanook\" \/>\n<meta name=\"twitter:label1\" content=\"Escrito por\" \/>\n\t<meta name=\"twitter:data1\" content=\"admpu17wp\" \/>\n\t<meta name=\"twitter:label2\" content=\"Tiempo de lectura\" \/>\n\t<meta name=\"twitter:data2\" content=\"2 minutos\" \/>\n<script type=\"application\/ld+json\" class=\"yoast-schema-graph\">{\"@context\":\"https:\/\/schema.org\",\"@graph\":[{\"@type\":\"Article\",\"@id\":\"https:\/\/experienciadevida.com.ar\/portalurbano\/capacitacion-en-ley-micaela-a-personal-jerarquico-del-municipio\/#article\",\"isPartOf\":{\"@id\":\"https:\/\/experienciadevida.com.ar\/portalurbano\/capacitacion-en-ley-micaela-a-personal-jerarquico-del-municipio\/\"},\"author\":{\"name\":\"admpu17wp\",\"@id\":\"https:\/\/experienciadevida.com.ar\/portalurbano\/#\/schema\/person\/02dd326b1c4b056e9cc972486934a3a7\"},\"headline\":\"Capacitaci\u00f3n en Ley Micaela a personal jer\u00e1rquico del Municipio\",\"datePublished\":\"2022-05-04T13:49:05+00:00\",\"dateModified\":\"2022-05-04T13:51:54+00:00\",\"mainEntityOfPage\":{\"@id\":\"https:\/\/experienciadevida.com.ar\/portalurbano\/capacitacion-en-ley-micaela-a-personal-jerarquico-del-municipio\/\"},\"wordCount\":318,\"publisher\":{\"@id\":\"https:\/\/experienciadevida.com.ar\/portalurbano\/#organization\"},\"articleSection\":[\"Ciudad\",\"Destacadas\"],\"inLanguage\":\"es\"},{\"@type\":\"WebPage\",\"@id\":\"https:\/\/experienciadevida.com.ar\/portalurbano\/capacitacion-en-ley-micaela-a-personal-jerarquico-del-municipio\/\",\"url\":\"https:\/\/experienciadevida.com.ar\/portalurbano\/capacitacion-en-ley-micaela-a-personal-jerarquico-del-municipio\/\",\"name\":\"Capacitaci\u00f3n en ley Micaela a personal Jer\u00e1rquico del Municipio\",\"isPartOf\":{\"@id\":\"https:\/\/experienciadevida.com.ar\/portalurbano\/#website\"},\"datePublished\":\"2022-05-04T13:49:05+00:00\",\"dateModified\":\"2022-05-04T13:51:54+00:00\",\"description\":\"Capacitaci\u00f3n en Ley Micaela a personal jer\u00e1rquico del Municipio, en las intalaciones del Centro Cultural San Jos\u00e9 de nuestra ciudad.\",\"breadcrumb\":{\"@id\":\"https:\/\/experienciadevida.com.ar\/portalurbano\/capacitacion-en-ley-micaela-a-personal-jerarquico-del-municipio\/#breadcrumb\"},\"inLanguage\":\"es\",\"potentialAction\":[{\"@type\":\"ReadAction\",\"target\":[\"https:\/\/experienciadevida.com.ar\/portalurbano\/capacitacion-en-ley-micaela-a-personal-jerarquico-del-municipio\/\"]}]},{\"@type\":\"BreadcrumbList\",\"@id\":\"https:\/\/experienciadevida.com.ar\/portalurbano\/capacitacion-en-ley-micaela-a-personal-jerarquico-del-municipio\/#breadcrumb\",\"itemListElement\":[{\"@type\":\"ListItem\",\"position\":1,\"name\":\"Portada\",\"item\":\"https:\/\/experienciadevida.com.ar\/portalurbano\/\"},{\"@type\":\"ListItem\",\"position\":2,\"name\":\"Capacitaci\u00f3n en Ley Micaela a personal jer\u00e1rquico del Municipio\"}]},{\"@type\":\"WebSite\",\"@id\":\"https:\/\/experienciadevida.com.ar\/portalurbano\/#website\",\"url\":\"https:\/\/experienciadevida.com.ar\/portalurbano\/\",\"name\":\"\",\"description\":\"\",\"publisher\":{\"@id\":\"https:\/\/experienciadevida.com.ar\/portalurbano\/#organization\"},\"potentialAction\":[{\"@type\":\"SearchAction\",\"target\":{\"@type\":\"EntryPoint\",\"urlTemplate\":\"https:\/\/experienciadevida.com.ar\/portalurbano\/?s={search_term_string}\"},\"query-input\":\"required name=search_term_string\"}],\"inLanguage\":\"es\"},{\"@type\":\"Organization\",\"@id\":\"https:\/\/experienciadevida.com.ar\/portalurbano\/#organization\",\"name\":\"Portal Urbano\",\"url\":\"https:\/\/experienciadevida.com.ar\/portalurbano\/\",\"logo\":{\"@type\":\"ImageObject\",\"inLanguage\":\"es\",\"@id\":\"https:\/\/experienciadevida.com.ar\/portalurbano\/#\/schema\/logo\/image\/\",\"url\":\"https:\/\/experienciadevida.com.ar\/portalurbano\/wp-content\/uploads\/2019\/09\/Logo-Original.png\",\"contentUrl\":\"https:\/\/experienciadevida.com.ar\/portalurbano\/wp-content\/uploads\/2019\/09\/Logo-Original.png\",\"width\":2236,\"height\":1216,\"caption\":\"Portal Urbano\"},\"image\":{\"@id\":\"https:\/\/experienciadevida.com.ar\/portalurbano\/#\/schema\/logo\/image\/\"},\"sameAs\":[\"https:\/\/www.facebook.com\/Portal-Urbano-171542830093757\/\",\"https:\/\/twitter.com\/portalurbanook\",\"https:\/\/www.instagram.com\/_portalurbano\/\",\"https:\/\/www.youtube.com\/channel\/UCXhagIfszH8KxFiOok79zbA?view_as=subscriber\"]},{\"@type\":\"Person\",\"@id\":\"https:\/\/experienciadevida.com.ar\/portalurbano\/#\/schema\/person\/02dd326b1c4b056e9cc972486934a3a7\",\"name\":\"admpu17wp\",\"image\":{\"@type\":\"ImageObject\",\"inLanguage\":\"es\",\"@id\":\"https:\/\/experienciadevida.com.ar\/portalurbano\/#\/schema\/person\/image\/\",\"url\":\"https:\/\/secure.gravatar.com\/avatar\/830d4c57adaae6630765e449a6908047?s=96&d=mm&r=g\",\"contentUrl\":\"https:\/\/secure.gravatar.com\/avatar\/830d4c57adaae6630765e449a6908047?s=96&d=mm&r=g\",\"caption\":\"admpu17wp\"}}]}<\/script>\n<!-- \/ Yoast SEO plugin. -->","yoast_head_json":{"title":"Capacitaci\u00f3n en ley Micaela a personal Jer\u00e1rquico del Municipio","description":"Capacitaci\u00f3n en Ley Micaela a personal jer\u00e1rquico del Municipio, en las intalaciones del Centro Cultural San Jos\u00e9 de nuestra ciudad.","robots":{"index":"index","follow":"follow","max-snippet":"max-snippet:-1","max-image-preview":"max-image-preview:large","max-video-preview":"max-video-preview:-1"},"canonical":"https:\/\/experienciadevida.com.ar\/portalurbano\/capacitacion-en-ley-micaela-a-personal-jerarquico-del-municipio\/","og_locale":"es_ES","og_type":"article","og_title":"Capacitaci\u00f3n en ley Micaela a personal Jer\u00e1rquico del Municipio","og_description":"Capacitaci\u00f3n en Ley Micaela a personal jer\u00e1rquico del Municipio, en las intalaciones del Centro Cultural San Jos\u00e9 de nuestra ciudad.","og_url":"https:\/\/experienciadevida.com.ar\/portalurbano\/capacitacion-en-ley-micaela-a-personal-jerarquico-del-municipio\/","article_publisher":"https:\/\/www.facebook.com\/Portal-Urbano-171542830093757\/","article_published_time":"2022-05-04T13:49:05+00:00","article_modified_time":"2022-05-04T13:51:54+00:00","og_image":[{"width":1772,"height":1181,"url":"https:\/\/experienciadevida.com.ar\/portalurbano\/wp-content\/uploads\/2022\/05\/Capacitacion-en-Ley-Micaela.jpg","type":"image\/jpeg"}],"author":"admpu17wp","twitter_card":"summary_large_image","twitter_creator":"@portalurbanook","twitter_site":"@portalurbanook","twitter_misc":{"Escrito por":"admpu17wp","Tiempo de lectura":"2 minutos"},"schema":{"@context":"https:\/\/schema.org","@graph":[{"@type":"Article","@id":"https:\/\/experienciadevida.com.ar\/portalurbano\/capacitacion-en-ley-micaela-a-personal-jerarquico-del-municipio\/#article","isPartOf":{"@id":"https:\/\/experienciadevida.com.ar\/portalurbano\/capacitacion-en-ley-micaela-a-personal-jerarquico-del-municipio\/"},"author":{"name":"admpu17wp","@id":"https:\/\/experienciadevida.com.ar\/portalurbano\/#\/schema\/person\/02dd326b1c4b056e9cc972486934a3a7"},"headline":"Capacitaci\u00f3n en Ley Micaela a personal jer\u00e1rquico del Municipio","datePublished":"2022-05-04T13:49:05+00:00","dateModified":"2022-05-04T13:51:54+00:00","mainEntityOfPage":{"@id":"https:\/\/experienciadevida.com.ar\/portalurbano\/capacitacion-en-ley-micaela-a-personal-jerarquico-del-municipio\/"},"wordCount":318,"publisher":{"@id":"https:\/\/experienciadevida.com.ar\/portalurbano\/#organization"},"articleSection":["Ciudad","Destacadas"],"inLanguage":"es"},{"@type":"WebPage","@id":"https:\/\/experienciadevida.com.ar\/portalurbano\/capacitacion-en-ley-micaela-a-personal-jerarquico-del-municipio\/","url":"https:\/\/experienciadevida.com.ar\/portalurbano\/capacitacion-en-ley-micaela-a-personal-jerarquico-del-municipio\/","name":"Capacitaci\u00f3n en ley Micaela a personal Jer\u00e1rquico del Municipio","isPartOf":{"@id":"https:\/\/experienciadevida.com.ar\/portalurbano\/#website"},"datePublished":"2022-05-04T13:49:05+00:00","dateModified":"2022-05-04T13:51:54+00:00","description":"Capacitaci\u00f3n en Ley Micaela a personal jer\u00e1rquico del Municipio, en las intalaciones del Centro Cultural San Jos\u00e9 de nuestra ciudad.","breadcrumb":{"@id":"https:\/\/experienciadevida.com.ar\/portalurbano\/capacitacion-en-ley-micaela-a-personal-jerarquico-del-municipio\/#breadcrumb"},"inLanguage":"es","potentialAction":[{"@type":"ReadAction","target":["https:\/\/experienciadevida.com.ar\/portalurbano\/capacitacion-en-ley-micaela-a-personal-jerarquico-del-municipio\/"]}]},{"@type":"BreadcrumbList","@id":"https:\/\/experienciadevida.com.ar\/portalurbano\/capacitacion-en-ley-micaela-a-personal-jerarquico-del-municipio\/#breadcrumb","itemListElement":[{"@type":"ListItem","position":1,"name":"Portada","item":"https:\/\/experienciadevida.com.ar\/portalurbano\/"},{"@type":"ListItem","position":2,"name":"Capacitaci\u00f3n en Ley Micaela a personal jer\u00e1rquico del Municipio"}]},{"@type":"WebSite","@id":"https:\/\/experienciadevida.com.ar\/portalurbano\/#website","url":"https:\/\/experienciadevida.com.ar\/portalurbano\/","name":"","description":"","publisher":{"@id":"https:\/\/experienciadevida.com.ar\/portalurbano\/#organization"},"potentialAction":[{"@type":"SearchAction","target":{"@type":"EntryPoint","urlTemplate":"https:\/\/experienciadevida.com.ar\/portalurbano\/?s={search_term_string}"},"query-input":"required name=search_term_string"}],"inLanguage":"es"},{"@type":"Organization","@id":"https:\/\/experienciadevida.com.ar\/portalurbano\/#organization","name":"Portal Urbano","url":"https:\/\/experienciadevida.com.ar\/portalurbano\/","logo":{"@type":"ImageObject","inLanguage":"es","@id":"https:\/\/experienciadevida.com.ar\/portalurbano\/#\/schema\/logo\/image\/","url":"https:\/\/experienciadevida.com.ar\/portalurbano\/wp-content\/uploads\/2019\/09\/Logo-Original.png","contentUrl":"https:\/\/experienciadevida.com.ar\/portalurbano\/wp-content\/uploads\/2019\/09\/Logo-Original.png","width":2236,"height":1216,"caption":"Portal Urbano"},"image":{"@id":"https:\/\/experienciadevida.com.ar\/portalurbano\/#\/schema\/logo\/image\/"},"sameAs":["https:\/\/www.facebook.com\/Portal-Urbano-171542830093757\/","https:\/\/twitter.com\/portalurbanook","https:\/\/www.instagram.com\/_portalurbano\/","https:\/\/www.youtube.com\/channel\/UCXhagIfszH8KxFiOok79zbA?view_as=subscriber"]},{"@type":"Person","@id":"https:\/\/experienciadevida.com.ar\/portalurbano\/#\/schema\/person\/02dd326b1c4b056e9cc972486934a3a7","name":"admpu17wp","image":{"@type":"ImageObject","inLanguage":"es","@id":"https:\/\/experienciadevida.com.ar\/portalurbano\/#\/schema\/person\/image\/","url":"https:\/\/secure.gravatar.com\/avatar\/830d4c57adaae6630765e449a6908047?s=96&d=mm&r=g","contentUrl":"https:\/\/secure.gravatar.com\/avatar\/830d4c57adaae6630765e449a6908047?s=96&d=mm&r=g","caption":"admpu17wp"}}]}},"featured_image_urls":{"full":["https:\/\/experienciadevida.com.ar\/portalurbano\/wp-content\/uploads\/2022\/05\/Capacitacion-en-Ley-Micaela.jpg",1772,1181,false],"thumbnail":["https:\/\/experienciadevida.com.ar\/portalurbano\/wp-content\/uploads\/2022\/05\/Capacitacion-en-Ley-Micaela-150x150.jpg",150,150,true],"medium":["https:\/\/experienciadevida.com.ar\/portalurbano\/wp-content\/uploads\/2022\/05\/Capacitacion-en-Ley-Micaela-300x200.jpg",300,200,true],"medium_large":["https:\/\/experienciadevida.com.ar\/portalurbano\/wp-content\/uploads\/2022\/05\/Capacitacion-en-Ley-Micaela-768x512.jpg",640,427,true],"large":["https:\/\/experienciadevida.com.ar\/portalurbano\/wp-content\/uploads\/2022\/05\/Capacitacion-en-Ley-Micaela-1024x682.jpg",640,426,true],"ug_big":["https:\/\/experienciadevida.com.ar\/portalurbano\/wp-content\/uploads\/2022\/05\/Capacitacion-en-Ley-Micaela-768x512.jpg",768,512,true],"1536x1536":["https:\/\/experienciadevida.com.ar\/portalurbano\/wp-content\/uploads\/2022\/05\/Capacitacion-en-Ley-Micaela-1536x1024.jpg",1536,1024,true],"2048x2048":["https:\/\/experienciadevida.com.ar\/portalurbano\/wp-content\/uploads\/2022\/05\/Capacitacion-en-Ley-Micaela.jpg",1772,1181,false],"newsever-slider-full":["https:\/\/experienciadevida.com.ar\/portalurbano\/wp-content\/uploads\/2022\/05\/Capacitacion-en-Ley-Micaela.jpg",1268,845,false],"newsever-featured":["https:\/\/experienciadevida.com.ar\/portalurbano\/wp-content\/uploads\/2022\/05\/Capacitacion-en-Ley-Micaela.jpg",1024,682,false],"newsever-medium":["https:\/\/experienciadevida.com.ar\/portalurbano\/wp-content\/uploads\/2022\/05\/Capacitacion-en-Ley-Micaela.jpg",713,475,false],"web-stories-poster-portrait":["https:\/\/experienciadevida.com.ar\/portalurbano\/wp-content\/uploads\/2022\/05\/Capacitacion-en-Ley-Micaela.jpg",640,427,false],"web-stories-publisher-logo":["https:\/\/experienciadevida.com.ar\/portalurbano\/wp-content\/uploads\/2022\/05\/Capacitacion-en-Ley-Micaela.jpg",96,64,false],"web-stories-thumbnail":["https:\/\/experienciadevida.com.ar\/portalurbano\/wp-content\/uploads\/2022\/05\/Capacitacion-en-Ley-Micaela.jpg",150,100,false]},"author_info":{"display_name":"admpu17wp","author_link":"https:\/\/experienciadevida.com.ar\/portalurbano\/author\/admpu17wp\/"},"category_info":"<a href=\"https:\/\/experienciadevida.com.ar\/portalurbano\/category\/ciudad\/\" rel=\"category tag\">Ciudad<\/a> <a href=\"https:\/\/experienciadevida.com.ar\/portalurbano\/category\/destacadas\/\" rel=\"category tag\">Destacadas<\/a>","tag_info":"Destacadas","comment_count":"0","amp_enabled":true,"_links":{"self":[{"href":"https:\/\/experienciadevida.com.ar\/portalurbano\/wp-json\/wp\/v2\/posts\/167046"}],"collection":[{"href":"https:\/\/experienciadevida.com.ar\/portalurbano\/wp-json\/wp\/v2\/posts"}],"about":[{"href":"https:\/\/experienciadevida.com.ar\/portalurbano\/wp-json\/wp\/v2\/types\/post"}],"author":[{"embeddable":true,"href":"https:\/\/experienciadevida.com.ar\/portalurbano\/wp-json\/wp\/v2\/users\/1"}],"replies":[{"embeddable":true,"href":"https:\/\/experienciadevida.com.ar\/portalurbano\/wp-json\/wp\/v2\/comments?post=167046"}],"version-history":[{"count":2,"href":"https:\/\/experienciadevida.com.ar\/portalurbano\/wp-json\/wp\/v2\/posts\/167046\/revisions"}],"predecessor-version":[{"id":167050,"href":"https:\/\/experienciadevida.com.ar\/portalurbano\/wp-json\/wp\/v2\/posts\/167046\/revisions\/167050"}],"wp:featuredmedia":[{"embeddable":true,"href":"https:\/\/experienciadevida.com.ar\/portalurbano\/wp-json\/wp\/v2\/media\/167047"}],"wp:attachment":[{"href":"https:\/\/experienciadevida.com.ar\/portalurbano\/wp-json\/wp\/v2\/media?parent=167046"}],"wp:term":[{"taxonomy":"category","embeddable":true,"href":"https:\/\/experienciadevida.com.ar\/portalurbano\/wp-json\/wp\/v2\/categories?post=167046"},{"taxonomy":"post_tag","embeddable":true,"href":"https:\/\/experienciadevida.com.ar\/portalurbano\/wp-json\/wp\/v2\/tags?post=167046"}],"curies":[{"name":"wp","href":"https:\/\/api.w.org\/{rel}","templated":true}]}}