{"id":167021,"date":"2022-05-03T15:48:34","date_gmt":"2022-05-03T18:48:34","guid":{"rendered":"https:\/\/experienciadevida.com.ar\/portalurbano\/?p=167021"},"modified":"2022-05-03T15:49:15","modified_gmt":"2022-05-03T18:49:15","slug":"el-inadi-lanzo-escuelas-sin-discriminacion","status":"publish","type":"post","link":"https:\/\/experienciadevida.com.ar\/portalurbano\/el-inadi-lanzo-escuelas-sin-discriminacion\/","title":{"rendered":"El INADI lanz\u00f3 \u201cEscuelas Sin Discriminaci\u00f3n\u201d"},"content":{"rendered":"<p>El INADI lanz\u00f3 \u201cEscuelas Sin Discriminaci\u00f3n\u201d, el acto se concret\u00f3 en el d\u00eda de ayer en el marco de la conmemoraci\u00f3n del &#8220;D\u00eda Internacional contra el Acoso Escolar&#8221;. El subdelegado regional del INADI, Norberto Almeida, encabez\u00f3 la campa\u00f1a federal &#8220;Escuelas sin Discriminaci\u00f3n&#8221; en nuestra ciudad, con el objetivo de fortalecer la instituci\u00f3n educativa como espacio prioritario para garantizar la equidad en el acceso a la educaci\u00f3n de todas las infancias y juventudes.<\/p>\n<p><a href=\"https:\/\/experienciadevida.com.ar\/portalurbano\/el-inadi-lanzo-escuelas-sin-discriminacion\/el-18\/\" rel=\"attachment wp-att-167023\"><img decoding=\"async\" class=\"alignnone size-full wp-image-167023\" src=\"https:\/\/experienciadevida.com.ar\/portalurbano\/wp-content\/uploads\/2022\/05\/El-2.jpg\" alt=\"El \" width=\"960\" height=\"555\" srcset=\"https:\/\/experienciadevida.com.ar\/portalurbano\/wp-content\/uploads\/2022\/05\/El-2.jpg 960w, https:\/\/experienciadevida.com.ar\/portalurbano\/wp-content\/uploads\/2022\/05\/El-2-300x173.jpg 300w, https:\/\/experienciadevida.com.ar\/portalurbano\/wp-content\/uploads\/2022\/05\/El-2-768x444.jpg 768w\" sizes=\"(max-width: 960px) 100vw, 960px\" \/><\/a><\/p>\n<p>Durante la jornada se dieron a conocer las herramientas y materiales que servir\u00e1n para el desarrollo de actividades \u00e1ulicas y los documentos que se pueden descargar para acompa\u00f1ar las diferentes propuestas escolares.<\/p>\n<p>\u201cEstamos muy contentos por la c\u00e1lida recepci\u00f3n de las diferentes instituciones y son much\u00edsimas las escuelas que se han puesto en contacto con el organismo para abordar esta problem\u00e1tica en conjunto. De las denuncias que son presentadas en el INADI la mayor\u00eda proviene del \u00e1mbito educativo, por eso es tan importante esta campa\u00f1a nacional\u201d, destac\u00f3 Almeida.<\/p>\n<p>La propuesta continuar\u00e1 con encuentros de formaci\u00f3n para replicadores, charlas y talleres de sensibilizaci\u00f3n en las escuelas. Adem\u00e1s se realizar\u00e1 la entrega de materiales escolares (entrevistas a referentes, glosario audiovisual, secuencias did\u00e1cticas, etc.).<\/p>\n<p>Participaron de la actividad el Jefe Distrital de Educaci\u00f3n Julio Benitez, la Jefa regional de DIEGEP Romina Altafini, el Diputado Provincial Cesar Valicenti, el titular de ANSES Olavarr\u00eda <a href=\"https:\/\/www.facebook.com\/profile.php?id=100042370038174\">Maximiliano Wesner<\/a>, el funcionario provincial Subsecretario <a href=\"https:\/\/www.facebook.com\/FedericoAguile5\">Federico Aguilera,<\/a> Consejeros Escolares, Inspectores, directores\/as de centros complementarios, directores\/as de establecimientos educativos de gesti\u00f3n estatal y privada, preceptores\/as, docentes y Equipos Orientadores Escolares.<\/p>\n<p><a href=\"https:\/\/experienciadevida.com.ar\/portalurbano\/el-inadi-lanzo-escuelas-sin-discriminacion\/inadi\/\" rel=\"attachment wp-att-167024\"><img decoding=\"async\" class=\"alignnone size-full wp-image-167024\" src=\"https:\/\/experienciadevida.com.ar\/portalurbano\/wp-content\/uploads\/2022\/05\/INADI.jpg\" alt=\"INADI \" width=\"960\" height=\"582\" srcset=\"https:\/\/experienciadevida.com.ar\/portalurbano\/wp-content\/uploads\/2022\/05\/INADI.jpg 960w, https:\/\/experienciadevida.com.ar\/portalurbano\/wp-content\/uploads\/2022\/05\/INADI-300x182.jpg 300w, https:\/\/experienciadevida.com.ar\/portalurbano\/wp-content\/uploads\/2022\/05\/INADI-768x466.jpg 768w\" sizes=\"(max-width: 960px) 100vw, 960px\" \/><\/a><\/p>\n","protected":false},"excerpt":{"rendered":"<p>El INADI lanz\u00f3 \u201cEscuelas Sin Discriminaci\u00f3n\u201d, el acto se concret\u00f3 en el d\u00eda de ayer&#8230;<\/p>\n","protected":false},"author":1,"featured_media":167022,"comment_status":"closed","ping_status":"closed","sticky":false,"template":"","format":"standard","meta":{"content-type":""},"categories":[27],"tags":[],"nelio_content":{"isAutoShareEnabled":false,"autoShareEndMode":"default","automationSources":{"useContentSentences":true,"useSocialTemplates":true,"useCustomSentences":false,"customSentences":[]},"followers":[1],"suggestedReferences":[],"includedReferences":[],"efiUrl":"","efiAlt":"","highlights":[]},"yoast_head":"<!-- This site is optimized with the Yoast SEO plugin v20.7 - https:\/\/yoast.com\/wordpress\/plugins\/seo\/ -->\n<title>El INADI lanz\u00f3 &quot;Escuelas sin discriminaci\u00f3n&quot;<\/title>\n<meta name=\"description\" content=\"El INADI lanz\u00f3 \u201cEscuelas Sin Discriminaci\u00f3n\u201d, el acto se concret\u00f3 en el d\u00eda de ayer en el marco de la conmemoraci\u00f3n de acoso escolar\" \/>\n<meta name=\"robots\" content=\"index, follow, max-snippet:-1, max-image-preview:large, max-video-preview:-1\" \/>\n<link rel=\"canonical\" href=\"https:\/\/experienciadevida.com.ar\/portalurbano\/el-inadi-lanzo-escuelas-sin-discriminacion\/\" \/>\n<meta property=\"og:locale\" content=\"es_ES\" \/>\n<meta property=\"og:type\" content=\"article\" \/>\n<meta property=\"og:title\" content=\"El INADI lanz\u00f3 &quot;Escuelas sin discriminaci\u00f3n&quot;\" \/>\n<meta property=\"og:description\" content=\"El INADI lanz\u00f3 \u201cEscuelas Sin Discriminaci\u00f3n\u201d, el acto se concret\u00f3 en el d\u00eda de ayer en el marco de la conmemoraci\u00f3n de acoso escolar\" \/>\n<meta property=\"og:url\" content=\"https:\/\/experienciadevida.com.ar\/portalurbano\/el-inadi-lanzo-escuelas-sin-discriminacion\/\" \/>\n<meta property=\"article:publisher\" content=\"https:\/\/www.facebook.com\/Portal-Urbano-171542830093757\/\" \/>\n<meta property=\"article:published_time\" content=\"2022-05-03T18:48:34+00:00\" \/>\n<meta property=\"article:modified_time\" content=\"2022-05-03T18:49:15+00:00\" \/>\n<meta property=\"og:image\" content=\"https:\/\/experienciadevida.com.ar\/portalurbano\/wp-content\/uploads\/2022\/05\/El-INADI-lanzo.jpg\" \/>\n\t<meta property=\"og:image:width\" content=\"960\" \/>\n\t<meta property=\"og:image:height\" content=\"581\" \/>\n\t<meta property=\"og:image:type\" content=\"image\/jpeg\" \/>\n<meta name=\"author\" content=\"admpu17wp\" \/>\n<meta name=\"twitter:card\" content=\"summary_large_image\" \/>\n<meta name=\"twitter:creator\" content=\"@portalurbanook\" \/>\n<meta name=\"twitter:site\" content=\"@portalurbanook\" \/>\n<meta name=\"twitter:label1\" content=\"Escrito por\" \/>\n\t<meta name=\"twitter:data1\" content=\"admpu17wp\" \/>\n\t<meta name=\"twitter:label2\" content=\"Tiempo de lectura\" \/>\n\t<meta name=\"twitter:data2\" content=\"2 minutos\" \/>\n<script type=\"application\/ld+json\" class=\"yoast-schema-graph\">{\"@context\":\"https:\/\/schema.org\",\"@graph\":[{\"@type\":\"Article\",\"@id\":\"https:\/\/experienciadevida.com.ar\/portalurbano\/el-inadi-lanzo-escuelas-sin-discriminacion\/#article\",\"isPartOf\":{\"@id\":\"https:\/\/experienciadevida.com.ar\/portalurbano\/el-inadi-lanzo-escuelas-sin-discriminacion\/\"},\"author\":{\"name\":\"admpu17wp\",\"@id\":\"https:\/\/experienciadevida.com.ar\/portalurbano\/#\/schema\/person\/02dd326b1c4b056e9cc972486934a3a7\"},\"headline\":\"El INADI lanz\u00f3 \u201cEscuelas Sin Discriminaci\u00f3n\u201d\",\"datePublished\":\"2022-05-03T18:48:34+00:00\",\"dateModified\":\"2022-05-03T18:49:15+00:00\",\"mainEntityOfPage\":{\"@id\":\"https:\/\/experienciadevida.com.ar\/portalurbano\/el-inadi-lanzo-escuelas-sin-discriminacion\/\"},\"wordCount\":284,\"publisher\":{\"@id\":\"https:\/\/experienciadevida.com.ar\/portalurbano\/#organization\"},\"articleSection\":[\"Ciudad\"],\"inLanguage\":\"es\"},{\"@type\":\"WebPage\",\"@id\":\"https:\/\/experienciadevida.com.ar\/portalurbano\/el-inadi-lanzo-escuelas-sin-discriminacion\/\",\"url\":\"https:\/\/experienciadevida.com.ar\/portalurbano\/el-inadi-lanzo-escuelas-sin-discriminacion\/\",\"name\":\"El INADI lanz\u00f3 \\\"Escuelas sin discriminaci\u00f3n\\\"\",\"isPartOf\":{\"@id\":\"https:\/\/experienciadevida.com.ar\/portalurbano\/#website\"},\"datePublished\":\"2022-05-03T18:48:34+00:00\",\"dateModified\":\"2022-05-03T18:49:15+00:00\",\"description\":\"El INADI lanz\u00f3 \u201cEscuelas Sin Discriminaci\u00f3n\u201d, el acto se concret\u00f3 en el d\u00eda de ayer en el marco de la conmemoraci\u00f3n de acoso escolar\",\"breadcrumb\":{\"@id\":\"https:\/\/experienciadevida.com.ar\/portalurbano\/el-inadi-lanzo-escuelas-sin-discriminacion\/#breadcrumb\"},\"inLanguage\":\"es\",\"potentialAction\":[{\"@type\":\"ReadAction\",\"target\":[\"https:\/\/experienciadevida.com.ar\/portalurbano\/el-inadi-lanzo-escuelas-sin-discriminacion\/\"]}]},{\"@type\":\"BreadcrumbList\",\"@id\":\"https:\/\/experienciadevida.com.ar\/portalurbano\/el-inadi-lanzo-escuelas-sin-discriminacion\/#breadcrumb\",\"itemListElement\":[{\"@type\":\"ListItem\",\"position\":1,\"name\":\"Portada\",\"item\":\"https:\/\/experienciadevida.com.ar\/portalurbano\/\"},{\"@type\":\"ListItem\",\"position\":2,\"name\":\"El INADI lanz\u00f3 \u201cEscuelas Sin Discriminaci\u00f3n\u201d\"}]},{\"@type\":\"WebSite\",\"@id\":\"https:\/\/experienciadevida.com.ar\/portalurbano\/#website\",\"url\":\"https:\/\/experienciadevida.com.ar\/portalurbano\/\",\"name\":\"\",\"description\":\"\",\"publisher\":{\"@id\":\"https:\/\/experienciadevida.com.ar\/portalurbano\/#organization\"},\"potentialAction\":[{\"@type\":\"SearchAction\",\"target\":{\"@type\":\"EntryPoint\",\"urlTemplate\":\"https:\/\/experienciadevida.com.ar\/portalurbano\/?s={search_term_string}\"},\"query-input\":\"required name=search_term_string\"}],\"inLanguage\":\"es\"},{\"@type\":\"Organization\",\"@id\":\"https:\/\/experienciadevida.com.ar\/portalurbano\/#organization\",\"name\":\"Portal Urbano\",\"url\":\"https:\/\/experienciadevida.com.ar\/portalurbano\/\",\"logo\":{\"@type\":\"ImageObject\",\"inLanguage\":\"es\",\"@id\":\"https:\/\/experienciadevida.com.ar\/portalurbano\/#\/schema\/logo\/image\/\",\"url\":\"https:\/\/experienciadevida.com.ar\/portalurbano\/wp-content\/uploads\/2019\/09\/Logo-Original.png\",\"contentUrl\":\"https:\/\/experienciadevida.com.ar\/portalurbano\/wp-content\/uploads\/2019\/09\/Logo-Original.png\",\"width\":2236,\"height\":1216,\"caption\":\"Portal Urbano\"},\"image\":{\"@id\":\"https:\/\/experienciadevida.com.ar\/portalurbano\/#\/schema\/logo\/image\/\"},\"sameAs\":[\"https:\/\/www.facebook.com\/Portal-Urbano-171542830093757\/\",\"https:\/\/twitter.com\/portalurbanook\",\"https:\/\/www.instagram.com\/_portalurbano\/\",\"https:\/\/www.youtube.com\/channel\/UCXhagIfszH8KxFiOok79zbA?view_as=subscriber\"]},{\"@type\":\"Person\",\"@id\":\"https:\/\/experienciadevida.com.ar\/portalurbano\/#\/schema\/person\/02dd326b1c4b056e9cc972486934a3a7\",\"name\":\"admpu17wp\",\"image\":{\"@type\":\"ImageObject\",\"inLanguage\":\"es\",\"@id\":\"https:\/\/experienciadevida.com.ar\/portalurbano\/#\/schema\/person\/image\/\",\"url\":\"https:\/\/secure.gravatar.com\/avatar\/830d4c57adaae6630765e449a6908047?s=96&d=mm&r=g\",\"contentUrl\":\"https:\/\/secure.gravatar.com\/avatar\/830d4c57adaae6630765e449a6908047?s=96&d=mm&r=g\",\"caption\":\"admpu17wp\"}}]}<\/script>\n<!-- \/ Yoast SEO plugin. -->","yoast_head_json":{"title":"El INADI lanz\u00f3 \"Escuelas sin discriminaci\u00f3n\"","description":"El INADI lanz\u00f3 \u201cEscuelas Sin Discriminaci\u00f3n\u201d, el acto se concret\u00f3 en el d\u00eda de ayer en el marco de la conmemoraci\u00f3n de acoso escolar","robots":{"index":"index","follow":"follow","max-snippet":"max-snippet:-1","max-image-preview":"max-image-preview:large","max-video-preview":"max-video-preview:-1"},"canonical":"https:\/\/experienciadevida.com.ar\/portalurbano\/el-inadi-lanzo-escuelas-sin-discriminacion\/","og_locale":"es_ES","og_type":"article","og_title":"El INADI lanz\u00f3 \"Escuelas sin discriminaci\u00f3n\"","og_description":"El INADI lanz\u00f3 \u201cEscuelas Sin Discriminaci\u00f3n\u201d, el acto se concret\u00f3 en el d\u00eda de ayer en el marco de la conmemoraci\u00f3n de acoso escolar","og_url":"https:\/\/experienciadevida.com.ar\/portalurbano\/el-inadi-lanzo-escuelas-sin-discriminacion\/","article_publisher":"https:\/\/www.facebook.com\/Portal-Urbano-171542830093757\/","article_published_time":"2022-05-03T18:48:34+00:00","article_modified_time":"2022-05-03T18:49:15+00:00","og_image":[{"width":960,"height":581,"url":"https:\/\/experienciadevida.com.ar\/portalurbano\/wp-content\/uploads\/2022\/05\/El-INADI-lanzo.jpg","type":"image\/jpeg"}],"author":"admpu17wp","twitter_card":"summary_large_image","twitter_creator":"@portalurbanook","twitter_site":"@portalurbanook","twitter_misc":{"Escrito por":"admpu17wp","Tiempo de lectura":"2 minutos"},"schema":{"@context":"https:\/\/schema.org","@graph":[{"@type":"Article","@id":"https:\/\/experienciadevida.com.ar\/portalurbano\/el-inadi-lanzo-escuelas-sin-discriminacion\/#article","isPartOf":{"@id":"https:\/\/experienciadevida.com.ar\/portalurbano\/el-inadi-lanzo-escuelas-sin-discriminacion\/"},"author":{"name":"admpu17wp","@id":"https:\/\/experienciadevida.com.ar\/portalurbano\/#\/schema\/person\/02dd326b1c4b056e9cc972486934a3a7"},"headline":"El INADI lanz\u00f3 \u201cEscuelas Sin Discriminaci\u00f3n\u201d","datePublished":"2022-05-03T18:48:34+00:00","dateModified":"2022-05-03T18:49:15+00:00","mainEntityOfPage":{"@id":"https:\/\/experienciadevida.com.ar\/portalurbano\/el-inadi-lanzo-escuelas-sin-discriminacion\/"},"wordCount":284,"publisher":{"@id":"https:\/\/experienciadevida.com.ar\/portalurbano\/#organization"},"articleSection":["Ciudad"],"inLanguage":"es"},{"@type":"WebPage","@id":"https:\/\/experienciadevida.com.ar\/portalurbano\/el-inadi-lanzo-escuelas-sin-discriminacion\/","url":"https:\/\/experienciadevida.com.ar\/portalurbano\/el-inadi-lanzo-escuelas-sin-discriminacion\/","name":"El INADI lanz\u00f3 \"Escuelas sin discriminaci\u00f3n\"","isPartOf":{"@id":"https:\/\/experienciadevida.com.ar\/portalurbano\/#website"},"datePublished":"2022-05-03T18:48:34+00:00","dateModified":"2022-05-03T18:49:15+00:00","description":"El INADI lanz\u00f3 \u201cEscuelas Sin Discriminaci\u00f3n\u201d, el acto se concret\u00f3 en el d\u00eda de ayer en el marco de la conmemoraci\u00f3n de acoso escolar","breadcrumb":{"@id":"https:\/\/experienciadevida.com.ar\/portalurbano\/el-inadi-lanzo-escuelas-sin-discriminacion\/#breadcrumb"},"inLanguage":"es","potentialAction":[{"@type":"ReadAction","target":["https:\/\/experienciadevida.com.ar\/portalurbano\/el-inadi-lanzo-escuelas-sin-discriminacion\/"]}]},{"@type":"BreadcrumbList","@id":"https:\/\/experienciadevida.com.ar\/portalurbano\/el-inadi-lanzo-escuelas-sin-discriminacion\/#breadcrumb","itemListElement":[{"@type":"ListItem","position":1,"name":"Portada","item":"https:\/\/experienciadevida.com.ar\/portalurbano\/"},{"@type":"ListItem","position":2,"name":"El INADI lanz\u00f3 \u201cEscuelas Sin Discriminaci\u00f3n\u201d"}]},{"@type":"WebSite","@id":"https:\/\/experienciadevida.com.ar\/portalurbano\/#website","url":"https:\/\/experienciadevida.com.ar\/portalurbano\/","name":"","description":"","publisher":{"@id":"https:\/\/experienciadevida.com.ar\/portalurbano\/#organization"},"potentialAction":[{"@type":"SearchAction","target":{"@type":"EntryPoint","urlTemplate":"https:\/\/experienciadevida.com.ar\/portalurbano\/?s={search_term_string}"},"query-input":"required name=search_term_string"}],"inLanguage":"es"},{"@type":"Organization","@id":"https:\/\/experienciadevida.com.ar\/portalurbano\/#organization","name":"Portal Urbano","url":"https:\/\/experienciadevida.com.ar\/portalurbano\/","logo":{"@type":"ImageObject","inLanguage":"es","@id":"https:\/\/experienciadevida.com.ar\/portalurbano\/#\/schema\/logo\/image\/","url":"https:\/\/experienciadevida.com.ar\/portalurbano\/wp-content\/uploads\/2019\/09\/Logo-Original.png","contentUrl":"https:\/\/experienciadevida.com.ar\/portalurbano\/wp-content\/uploads\/2019\/09\/Logo-Original.png","width":2236,"height":1216,"caption":"Portal Urbano"},"image":{"@id":"https:\/\/experienciadevida.com.ar\/portalurbano\/#\/schema\/logo\/image\/"},"sameAs":["https:\/\/www.facebook.com\/Portal-Urbano-171542830093757\/","https:\/\/twitter.com\/portalurbanook","https:\/\/www.instagram.com\/_portalurbano\/","https:\/\/www.youtube.com\/channel\/UCXhagIfszH8KxFiOok79zbA?view_as=subscriber"]},{"@type":"Person","@id":"https:\/\/experienciadevida.com.ar\/portalurbano\/#\/schema\/person\/02dd326b1c4b056e9cc972486934a3a7","name":"admpu17wp","image":{"@type":"ImageObject","inLanguage":"es","@id":"https:\/\/experienciadevida.com.ar\/portalurbano\/#\/schema\/person\/image\/","url":"https:\/\/secure.gravatar.com\/avatar\/830d4c57adaae6630765e449a6908047?s=96&d=mm&r=g","contentUrl":"https:\/\/secure.gravatar.com\/avatar\/830d4c57adaae6630765e449a6908047?s=96&d=mm&r=g","caption":"admpu17wp"}}]}},"featured_image_urls":{"full":["https:\/\/experienciadevida.com.ar\/portalurbano\/wp-content\/uploads\/2022\/05\/El-INADI-lanzo.jpg",960,581,false],"thumbnail":["https:\/\/experienciadevida.com.ar\/portalurbano\/wp-content\/uploads\/2022\/05\/El-INADI-lanzo-150x150.jpg",150,150,true],"medium":["https:\/\/experienciadevida.com.ar\/portalurbano\/wp-content\/uploads\/2022\/05\/El-INADI-lanzo-300x182.jpg",300,182,true],"medium_large":["https:\/\/experienciadevida.com.ar\/portalurbano\/wp-content\/uploads\/2022\/05\/El-INADI-lanzo-768x465.jpg",640,388,true],"large":["https:\/\/experienciadevida.com.ar\/portalurbano\/wp-content\/uploads\/2022\/05\/El-INADI-lanzo.jpg",640,387,false],"ug_big":["https:\/\/experienciadevida.com.ar\/portalurbano\/wp-content\/uploads\/2022\/05\/El-INADI-lanzo-768x465.jpg",768,465,true],"1536x1536":["https:\/\/experienciadevida.com.ar\/portalurbano\/wp-content\/uploads\/2022\/05\/El-INADI-lanzo.jpg",960,581,false],"2048x2048":["https:\/\/experienciadevida.com.ar\/portalurbano\/wp-content\/uploads\/2022\/05\/El-INADI-lanzo.jpg",960,581,false],"newsever-slider-full":["https:\/\/experienciadevida.com.ar\/portalurbano\/wp-content\/uploads\/2022\/05\/El-INADI-lanzo.jpg",960,581,false],"newsever-featured":["https:\/\/experienciadevida.com.ar\/portalurbano\/wp-content\/uploads\/2022\/05\/El-INADI-lanzo.jpg",960,581,false],"newsever-medium":["https:\/\/experienciadevida.com.ar\/portalurbano\/wp-content\/uploads\/2022\/05\/El-INADI-lanzo.jpg",720,436,false],"web-stories-poster-portrait":["https:\/\/experienciadevida.com.ar\/portalurbano\/wp-content\/uploads\/2022\/05\/El-INADI-lanzo.jpg",640,387,false],"web-stories-publisher-logo":["https:\/\/experienciadevida.com.ar\/portalurbano\/wp-content\/uploads\/2022\/05\/El-INADI-lanzo.jpg",96,58,false],"web-stories-thumbnail":["https:\/\/experienciadevida.com.ar\/portalurbano\/wp-content\/uploads\/2022\/05\/El-INADI-lanzo.jpg",150,91,false]},"author_info":{"display_name":"admpu17wp","author_link":"https:\/\/experienciadevida.com.ar\/portalurbano\/author\/admpu17wp\/"},"category_info":"<a href=\"https:\/\/experienciadevida.com.ar\/portalurbano\/category\/ciudad\/\" rel=\"category tag\">Ciudad<\/a>","tag_info":"Ciudad","comment_count":"0","amp_enabled":true,"_links":{"self":[{"href":"https:\/\/experienciadevida.com.ar\/portalurbano\/wp-json\/wp\/v2\/posts\/167021"}],"collection":[{"href":"https:\/\/experienciadevida.com.ar\/portalurbano\/wp-json\/wp\/v2\/posts"}],"about":[{"href":"https:\/\/experienciadevida.com.ar\/portalurbano\/wp-json\/wp\/v2\/types\/post"}],"author":[{"embeddable":true,"href":"https:\/\/experienciadevida.com.ar\/portalurbano\/wp-json\/wp\/v2\/users\/1"}],"replies":[{"embeddable":true,"href":"https:\/\/experienciadevida.com.ar\/portalurbano\/wp-json\/wp\/v2\/comments?post=167021"}],"version-history":[{"count":2,"href":"https:\/\/experienciadevida.com.ar\/portalurbano\/wp-json\/wp\/v2\/posts\/167021\/revisions"}],"predecessor-version":[{"id":167026,"href":"https:\/\/experienciadevida.com.ar\/portalurbano\/wp-json\/wp\/v2\/posts\/167021\/revisions\/167026"}],"wp:featuredmedia":[{"embeddable":true,"href":"https:\/\/experienciadevida.com.ar\/portalurbano\/wp-json\/wp\/v2\/media\/167022"}],"wp:attachment":[{"href":"https:\/\/experienciadevida.com.ar\/portalurbano\/wp-json\/wp\/v2\/media?parent=167021"}],"wp:term":[{"taxonomy":"category","embeddable":true,"href":"https:\/\/experienciadevida.com.ar\/portalurbano\/wp-json\/wp\/v2\/categories?post=167021"},{"taxonomy":"post_tag","embeddable":true,"href":"https:\/\/experienciadevida.com.ar\/portalurbano\/wp-json\/wp\/v2\/tags?post=167021"}],"curies":[{"name":"wp","href":"https:\/\/api.w.org\/{rel}","templated":true}]}}