{"id":167015,"date":"2022-05-03T15:38:18","date_gmt":"2022-05-03T18:38:18","guid":{"rendered":"https:\/\/experienciadevida.com.ar\/portalurbano\/?p=167015"},"modified":"2022-05-03T15:44:29","modified_gmt":"2022-05-03T18:44:29","slug":"es-ilogico-el-pedido-de-suspender-la-obra","status":"publish","type":"post","link":"https:\/\/experienciadevida.com.ar\/portalurbano\/es-ilogico-el-pedido-de-suspender-la-obra\/","title":{"rendered":"&#8220;Es il\u00f3gico el pedido de suspender la obra&#8221;"},"content":{"rendered":"<p>&#8220;Es il\u00f3gico el pedido de suspender la obra&#8221;,\u00a0 as\u00ed lo mencionaron en la jornada de este martes.<\/p>\n<p>El Subsecretario de Obras y Servicios P\u00fablicos del Gobierno Municipal Gonzalo Ortiz se refiri\u00f3 a los avances que presenta el primer plan de viviendas de Olavarr\u00eda TUVI.<\/p>\n<p>En este sentido, Ortiz dijo: \u201cdesde el Municipio estamos manteniendo reuniones peri\u00f3dicas con los adjudicatarios de las viviendas para que sean conozcan las cuestiones t\u00e9cnicas y el avance de la obra\u201d.<\/p>\n<p>\u201cEn las reuniones, adem\u00e1s de los profesionales de la Secretar\u00eda de Obras P\u00fablicas del Gobierno Municipal estuvo presente la ingeniera Susana Bair\u00f3 en representaci\u00f3n t\u00e9cnica de la empresa\u201d, agreg\u00f3.<\/p>\n<p>Asimismo, el funcionario municipal indic\u00f3 que \u201cdurante el encuentro acordamos con los adjudicatarios una visita a la obra para los d\u00edas 10 y 11 de mayo. Esta visita la consensuamos la semana pasada en una de las reuniones\u201d.<\/p>\n<p>Con respecto al expediente del Plan TUVI, Ortiz explic\u00f3 que \u201cya hemos aclarado que los concejales de la oposici\u00f3n tuvieron acceso al expediente porque no hay nada que ocultar\u201d.<\/p>\n<p>\u201cEn 2022 estamos llevando a cabo m\u00e1s de 40 obras en todo el Partido de Olavarr\u00eda con planificaci\u00f3n y un equipo de trabajo atr\u00e1s que respalda nuestra vocaci\u00f3n de mejorar la calidad de vida de los vecinos.\u201d, a\u00f1adi\u00f3.<\/p>\n<p>En la misma l\u00ednea, Ortiz remarc\u00f3: \u201ctrabajamos todos los d\u00edas en la proyecci\u00f3n y en la ejecuci\u00f3n de las obras. No nos eligieron los vecinos para hacer anuncios medi\u00e1ticos. Estamos para acercar soluciones\u201d.<\/p>\n<p>En cuanto a la solicitud de suspender la obra, el Subsecretario argument\u00f3 que \u201ces il\u00f3gico el pedido de suspender la construcci\u00f3n de viviendas. Esto no har\u00eda m\u00e1s que demorar la obra y perjudicar a los vecinos en el sue\u00f1o de la casa propia\u201d.<\/p>\n<p>Adem\u00e1s, Gonzalo Ortiz asegur\u00f3 que \u201cla pol\u00edtica habitacional de la gesti\u00f3n del intendente Ezequiel Galli pretende ser una pol\u00edtica p\u00fablica que contin\u00fae a trav\u00e9s de los a\u00f1os y que no se entorpezca por mezquindades partidarias\u201d.<\/p>\n<p>\u201cEstamos trabajando en la segunda etapa del plan de viviendas TUVI que se iniciar\u00e1 este a\u00f1o y va a generar m\u00e1s soluciones habitacionales a vecinos del Partido y mano de obra local\u201d, especific\u00f3.<\/p>\n<p>Finalmente, Ortiz record\u00f3 que \u201cseguimos tambi\u00e9n con la construcci\u00f3n de 20 viviendas con sistema tradicional que avanza a buen ritmo y con estas nuevas 40 viviendas estamos dando inicio al primer plan de viviendas de municipal que es muy importante para la gesti\u00f3n y, sobre todo, para los vecinos que ven a un Gobierno Municipal decidido a abordar la problem\u00e1tica habitacional\u201d.<\/p>\n<p><a href=\"https:\/\/experienciadevida.com.ar\/portalurbano\/es-ilogico-el-pedido-de-suspender-la-obra\/es-ilogico\/\" rel=\"attachment wp-att-167018\"><img decoding=\"async\" class=\"alignnone size-large wp-image-167018\" src=\"https:\/\/experienciadevida.com.ar\/portalurbano\/wp-content\/uploads\/2022\/05\/Es-ilogico-1024x684.jpg\" alt=\"Es il\u00f3gico \" width=\"900\" height=\"601\" srcset=\"https:\/\/experienciadevida.com.ar\/portalurbano\/wp-content\/uploads\/2022\/05\/Es-ilogico-1024x684.jpg 1024w, https:\/\/experienciadevida.com.ar\/portalurbano\/wp-content\/uploads\/2022\/05\/Es-ilogico-300x201.jpg 300w, https:\/\/experienciadevida.com.ar\/portalurbano\/wp-content\/uploads\/2022\/05\/Es-ilogico-768x513.jpg 768w, https:\/\/experienciadevida.com.ar\/portalurbano\/wp-content\/uploads\/2022\/05\/Es-ilogico-1536x1027.jpg 1536w, https:\/\/experienciadevida.com.ar\/portalurbano\/wp-content\/uploads\/2022\/05\/Es-ilogico-2048x1369.jpg 2048w\" sizes=\"(max-width: 900px) 100vw, 900px\" \/><\/a><\/p>\n","protected":false},"excerpt":{"rendered":"<p>&#8220;Es il\u00f3gico el pedido de suspender la obra&#8221;,\u00a0 as\u00ed lo mencionaron en la jornada de&#8230;<\/p>\n","protected":false},"author":1,"featured_media":167016,"comment_status":"closed","ping_status":"closed","sticky":false,"template":"","format":"standard","meta":{"content-type":""},"categories":[27,64],"tags":[],"nelio_content":{"isAutoShareEnabled":false,"autoShareEndMode":"default","automationSources":{"useContentSentences":true,"useSocialTemplates":true,"useCustomSentences":false,"customSentences":[]},"followers":[1],"suggestedReferences":[],"includedReferences":[],"efiUrl":"","efiAlt":"","highlights":[]},"yoast_head":"<!-- This site is optimized with the Yoast SEO plugin v20.7 - https:\/\/yoast.com\/wordpress\/plugins\/seo\/ -->\n<title>&quot;Es il\u00f3gico el pedido de suspender la obra&quot;<\/title>\n<meta name=\"description\" content=\"&quot;Es il\u00f3gico el pedido de suspender la obra&quot;,\u00a0 as\u00ed lo mencionaron en la jornada de este martes, se refirieron a los avances del plan TUVI\" \/>\n<meta name=\"robots\" content=\"index, follow, max-snippet:-1, max-image-preview:large, max-video-preview:-1\" \/>\n<link rel=\"canonical\" href=\"https:\/\/experienciadevida.com.ar\/portalurbano\/es-ilogico-el-pedido-de-suspender-la-obra\/\" \/>\n<meta property=\"og:locale\" content=\"es_ES\" \/>\n<meta property=\"og:type\" content=\"article\" \/>\n<meta property=\"og:title\" content=\"&quot;Es il\u00f3gico el pedido de suspender la obra&quot;\" \/>\n<meta property=\"og:description\" content=\"&quot;Es il\u00f3gico el pedido de suspender la obra&quot;,\u00a0 as\u00ed lo mencionaron en la jornada de este martes, se refirieron a los avances del plan TUVI\" \/>\n<meta property=\"og:url\" content=\"https:\/\/experienciadevida.com.ar\/portalurbano\/es-ilogico-el-pedido-de-suspender-la-obra\/\" \/>\n<meta property=\"article:publisher\" content=\"https:\/\/www.facebook.com\/Portal-Urbano-171542830093757\/\" \/>\n<meta property=\"article:published_time\" content=\"2022-05-03T18:38:18+00:00\" \/>\n<meta property=\"article:modified_time\" content=\"2022-05-03T18:44:29+00:00\" \/>\n<meta property=\"og:image\" content=\"https:\/\/experienciadevida.com.ar\/portalurbano\/wp-content\/uploads\/2022\/05\/Es-ilogico-el-pedido.jpg\" \/>\n\t<meta property=\"og:image:width\" content=\"2560\" \/>\n\t<meta property=\"og:image:height\" content=\"1711\" \/>\n\t<meta property=\"og:image:type\" content=\"image\/jpeg\" \/>\n<meta name=\"author\" content=\"admpu17wp\" \/>\n<meta name=\"twitter:card\" content=\"summary_large_image\" \/>\n<meta name=\"twitter:creator\" content=\"@portalurbanook\" \/>\n<meta name=\"twitter:site\" content=\"@portalurbanook\" \/>\n<meta name=\"twitter:label1\" content=\"Escrito por\" \/>\n\t<meta name=\"twitter:data1\" content=\"admpu17wp\" \/>\n\t<meta name=\"twitter:label2\" content=\"Tiempo de lectura\" \/>\n\t<meta name=\"twitter:data2\" content=\"2 minutos\" \/>\n<script type=\"application\/ld+json\" class=\"yoast-schema-graph\">{\"@context\":\"https:\/\/schema.org\",\"@graph\":[{\"@type\":\"Article\",\"@id\":\"https:\/\/experienciadevida.com.ar\/portalurbano\/es-ilogico-el-pedido-de-suspender-la-obra\/#article\",\"isPartOf\":{\"@id\":\"https:\/\/experienciadevida.com.ar\/portalurbano\/es-ilogico-el-pedido-de-suspender-la-obra\/\"},\"author\":{\"name\":\"admpu17wp\",\"@id\":\"https:\/\/experienciadevida.com.ar\/portalurbano\/#\/schema\/person\/02dd326b1c4b056e9cc972486934a3a7\"},\"headline\":\"&#8220;Es il\u00f3gico el pedido de suspender la obra&#8221;\",\"datePublished\":\"2022-05-03T18:38:18+00:00\",\"dateModified\":\"2022-05-03T18:44:29+00:00\",\"mainEntityOfPage\":{\"@id\":\"https:\/\/experienciadevida.com.ar\/portalurbano\/es-ilogico-el-pedido-de-suspender-la-obra\/\"},\"wordCount\":459,\"publisher\":{\"@id\":\"https:\/\/experienciadevida.com.ar\/portalurbano\/#organization\"},\"articleSection\":[\"Ciudad\",\"Destacadas 2\"],\"inLanguage\":\"es\"},{\"@type\":\"WebPage\",\"@id\":\"https:\/\/experienciadevida.com.ar\/portalurbano\/es-ilogico-el-pedido-de-suspender-la-obra\/\",\"url\":\"https:\/\/experienciadevida.com.ar\/portalurbano\/es-ilogico-el-pedido-de-suspender-la-obra\/\",\"name\":\"\\\"Es il\u00f3gico el pedido de suspender la obra\\\"\",\"isPartOf\":{\"@id\":\"https:\/\/experienciadevida.com.ar\/portalurbano\/#website\"},\"datePublished\":\"2022-05-03T18:38:18+00:00\",\"dateModified\":\"2022-05-03T18:44:29+00:00\",\"description\":\"\\\"Es il\u00f3gico el pedido de suspender la obra\\\",\u00a0 as\u00ed lo mencionaron en la jornada de este martes, se refirieron a los avances del plan TUVI\",\"breadcrumb\":{\"@id\":\"https:\/\/experienciadevida.com.ar\/portalurbano\/es-ilogico-el-pedido-de-suspender-la-obra\/#breadcrumb\"},\"inLanguage\":\"es\",\"potentialAction\":[{\"@type\":\"ReadAction\",\"target\":[\"https:\/\/experienciadevida.com.ar\/portalurbano\/es-ilogico-el-pedido-de-suspender-la-obra\/\"]}]},{\"@type\":\"BreadcrumbList\",\"@id\":\"https:\/\/experienciadevida.com.ar\/portalurbano\/es-ilogico-el-pedido-de-suspender-la-obra\/#breadcrumb\",\"itemListElement\":[{\"@type\":\"ListItem\",\"position\":1,\"name\":\"Portada\",\"item\":\"https:\/\/experienciadevida.com.ar\/portalurbano\/\"},{\"@type\":\"ListItem\",\"position\":2,\"name\":\"\u00abEs il\u00f3gico el pedido de suspender la obra\u00bb\"}]},{\"@type\":\"WebSite\",\"@id\":\"https:\/\/experienciadevida.com.ar\/portalurbano\/#website\",\"url\":\"https:\/\/experienciadevida.com.ar\/portalurbano\/\",\"name\":\"\",\"description\":\"\",\"publisher\":{\"@id\":\"https:\/\/experienciadevida.com.ar\/portalurbano\/#organization\"},\"potentialAction\":[{\"@type\":\"SearchAction\",\"target\":{\"@type\":\"EntryPoint\",\"urlTemplate\":\"https:\/\/experienciadevida.com.ar\/portalurbano\/?s={search_term_string}\"},\"query-input\":\"required name=search_term_string\"}],\"inLanguage\":\"es\"},{\"@type\":\"Organization\",\"@id\":\"https:\/\/experienciadevida.com.ar\/portalurbano\/#organization\",\"name\":\"Portal Urbano\",\"url\":\"https:\/\/experienciadevida.com.ar\/portalurbano\/\",\"logo\":{\"@type\":\"ImageObject\",\"inLanguage\":\"es\",\"@id\":\"https:\/\/experienciadevida.com.ar\/portalurbano\/#\/schema\/logo\/image\/\",\"url\":\"https:\/\/experienciadevida.com.ar\/portalurbano\/wp-content\/uploads\/2019\/09\/Logo-Original.png\",\"contentUrl\":\"https:\/\/experienciadevida.com.ar\/portalurbano\/wp-content\/uploads\/2019\/09\/Logo-Original.png\",\"width\":2236,\"height\":1216,\"caption\":\"Portal Urbano\"},\"image\":{\"@id\":\"https:\/\/experienciadevida.com.ar\/portalurbano\/#\/schema\/logo\/image\/\"},\"sameAs\":[\"https:\/\/www.facebook.com\/Portal-Urbano-171542830093757\/\",\"https:\/\/twitter.com\/portalurbanook\",\"https:\/\/www.instagram.com\/_portalurbano\/\",\"https:\/\/www.youtube.com\/channel\/UCXhagIfszH8KxFiOok79zbA?view_as=subscriber\"]},{\"@type\":\"Person\",\"@id\":\"https:\/\/experienciadevida.com.ar\/portalurbano\/#\/schema\/person\/02dd326b1c4b056e9cc972486934a3a7\",\"name\":\"admpu17wp\",\"image\":{\"@type\":\"ImageObject\",\"inLanguage\":\"es\",\"@id\":\"https:\/\/experienciadevida.com.ar\/portalurbano\/#\/schema\/person\/image\/\",\"url\":\"https:\/\/secure.gravatar.com\/avatar\/830d4c57adaae6630765e449a6908047?s=96&d=mm&r=g\",\"contentUrl\":\"https:\/\/secure.gravatar.com\/avatar\/830d4c57adaae6630765e449a6908047?s=96&d=mm&r=g\",\"caption\":\"admpu17wp\"}}]}<\/script>\n<!-- \/ Yoast SEO plugin. -->","yoast_head_json":{"title":"\"Es il\u00f3gico el pedido de suspender la obra\"","description":"\"Es il\u00f3gico el pedido de suspender la obra\",\u00a0 as\u00ed lo mencionaron en la jornada de este martes, se refirieron a los avances del plan TUVI","robots":{"index":"index","follow":"follow","max-snippet":"max-snippet:-1","max-image-preview":"max-image-preview:large","max-video-preview":"max-video-preview:-1"},"canonical":"https:\/\/experienciadevida.com.ar\/portalurbano\/es-ilogico-el-pedido-de-suspender-la-obra\/","og_locale":"es_ES","og_type":"article","og_title":"\"Es il\u00f3gico el pedido de suspender la obra\"","og_description":"\"Es il\u00f3gico el pedido de suspender la obra\",\u00a0 as\u00ed lo mencionaron en la jornada de este martes, se refirieron a los avances del plan TUVI","og_url":"https:\/\/experienciadevida.com.ar\/portalurbano\/es-ilogico-el-pedido-de-suspender-la-obra\/","article_publisher":"https:\/\/www.facebook.com\/Portal-Urbano-171542830093757\/","article_published_time":"2022-05-03T18:38:18+00:00","article_modified_time":"2022-05-03T18:44:29+00:00","og_image":[{"width":2560,"height":1711,"url":"https:\/\/experienciadevida.com.ar\/portalurbano\/wp-content\/uploads\/2022\/05\/Es-ilogico-el-pedido.jpg","type":"image\/jpeg"}],"author":"admpu17wp","twitter_card":"summary_large_image","twitter_creator":"@portalurbanook","twitter_site":"@portalurbanook","twitter_misc":{"Escrito por":"admpu17wp","Tiempo de lectura":"2 minutos"},"schema":{"@context":"https:\/\/schema.org","@graph":[{"@type":"Article","@id":"https:\/\/experienciadevida.com.ar\/portalurbano\/es-ilogico-el-pedido-de-suspender-la-obra\/#article","isPartOf":{"@id":"https:\/\/experienciadevida.com.ar\/portalurbano\/es-ilogico-el-pedido-de-suspender-la-obra\/"},"author":{"name":"admpu17wp","@id":"https:\/\/experienciadevida.com.ar\/portalurbano\/#\/schema\/person\/02dd326b1c4b056e9cc972486934a3a7"},"headline":"&#8220;Es il\u00f3gico el pedido de suspender la obra&#8221;","datePublished":"2022-05-03T18:38:18+00:00","dateModified":"2022-05-03T18:44:29+00:00","mainEntityOfPage":{"@id":"https:\/\/experienciadevida.com.ar\/portalurbano\/es-ilogico-el-pedido-de-suspender-la-obra\/"},"wordCount":459,"publisher":{"@id":"https:\/\/experienciadevida.com.ar\/portalurbano\/#organization"},"articleSection":["Ciudad","Destacadas 2"],"inLanguage":"es"},{"@type":"WebPage","@id":"https:\/\/experienciadevida.com.ar\/portalurbano\/es-ilogico-el-pedido-de-suspender-la-obra\/","url":"https:\/\/experienciadevida.com.ar\/portalurbano\/es-ilogico-el-pedido-de-suspender-la-obra\/","name":"\"Es il\u00f3gico el pedido de suspender la obra\"","isPartOf":{"@id":"https:\/\/experienciadevida.com.ar\/portalurbano\/#website"},"datePublished":"2022-05-03T18:38:18+00:00","dateModified":"2022-05-03T18:44:29+00:00","description":"\"Es il\u00f3gico el pedido de suspender la obra\",\u00a0 as\u00ed lo mencionaron en la jornada de este martes, se refirieron a los avances del plan TUVI","breadcrumb":{"@id":"https:\/\/experienciadevida.com.ar\/portalurbano\/es-ilogico-el-pedido-de-suspender-la-obra\/#breadcrumb"},"inLanguage":"es","potentialAction":[{"@type":"ReadAction","target":["https:\/\/experienciadevida.com.ar\/portalurbano\/es-ilogico-el-pedido-de-suspender-la-obra\/"]}]},{"@type":"BreadcrumbList","@id":"https:\/\/experienciadevida.com.ar\/portalurbano\/es-ilogico-el-pedido-de-suspender-la-obra\/#breadcrumb","itemListElement":[{"@type":"ListItem","position":1,"name":"Portada","item":"https:\/\/experienciadevida.com.ar\/portalurbano\/"},{"@type":"ListItem","position":2,"name":"\u00abEs il\u00f3gico el pedido de suspender la obra\u00bb"}]},{"@type":"WebSite","@id":"https:\/\/experienciadevida.com.ar\/portalurbano\/#website","url":"https:\/\/experienciadevida.com.ar\/portalurbano\/","name":"","description":"","publisher":{"@id":"https:\/\/experienciadevida.com.ar\/portalurbano\/#organization"},"potentialAction":[{"@type":"SearchAction","target":{"@type":"EntryPoint","urlTemplate":"https:\/\/experienciadevida.com.ar\/portalurbano\/?s={search_term_string}"},"query-input":"required name=search_term_string"}],"inLanguage":"es"},{"@type":"Organization","@id":"https:\/\/experienciadevida.com.ar\/portalurbano\/#organization","name":"Portal Urbano","url":"https:\/\/experienciadevida.com.ar\/portalurbano\/","logo":{"@type":"ImageObject","inLanguage":"es","@id":"https:\/\/experienciadevida.com.ar\/portalurbano\/#\/schema\/logo\/image\/","url":"https:\/\/experienciadevida.com.ar\/portalurbano\/wp-content\/uploads\/2019\/09\/Logo-Original.png","contentUrl":"https:\/\/experienciadevida.com.ar\/portalurbano\/wp-content\/uploads\/2019\/09\/Logo-Original.png","width":2236,"height":1216,"caption":"Portal Urbano"},"image":{"@id":"https:\/\/experienciadevida.com.ar\/portalurbano\/#\/schema\/logo\/image\/"},"sameAs":["https:\/\/www.facebook.com\/Portal-Urbano-171542830093757\/","https:\/\/twitter.com\/portalurbanook","https:\/\/www.instagram.com\/_portalurbano\/","https:\/\/www.youtube.com\/channel\/UCXhagIfszH8KxFiOok79zbA?view_as=subscriber"]},{"@type":"Person","@id":"https:\/\/experienciadevida.com.ar\/portalurbano\/#\/schema\/person\/02dd326b1c4b056e9cc972486934a3a7","name":"admpu17wp","image":{"@type":"ImageObject","inLanguage":"es","@id":"https:\/\/experienciadevida.com.ar\/portalurbano\/#\/schema\/person\/image\/","url":"https:\/\/secure.gravatar.com\/avatar\/830d4c57adaae6630765e449a6908047?s=96&d=mm&r=g","contentUrl":"https:\/\/secure.gravatar.com\/avatar\/830d4c57adaae6630765e449a6908047?s=96&d=mm&r=g","caption":"admpu17wp"}}]}},"featured_image_urls":{"full":["https:\/\/experienciadevida.com.ar\/portalurbano\/wp-content\/uploads\/2022\/05\/Es-ilogico-el-pedido.jpg",2560,1711,false],"thumbnail":["https:\/\/experienciadevida.com.ar\/portalurbano\/wp-content\/uploads\/2022\/05\/Es-ilogico-el-pedido-150x150.jpg",150,150,true],"medium":["https:\/\/experienciadevida.com.ar\/portalurbano\/wp-content\/uploads\/2022\/05\/Es-ilogico-el-pedido-300x201.jpg",300,201,true],"medium_large":["https:\/\/experienciadevida.com.ar\/portalurbano\/wp-content\/uploads\/2022\/05\/Es-ilogico-el-pedido-768x513.jpg",640,428,true],"large":["https:\/\/experienciadevida.com.ar\/portalurbano\/wp-content\/uploads\/2022\/05\/Es-ilogico-el-pedido-1024x684.jpg",640,428,true],"ug_big":["https:\/\/experienciadevida.com.ar\/portalurbano\/wp-content\/uploads\/2022\/05\/Es-ilogico-el-pedido-768x513.jpg",768,513,true],"1536x1536":["https:\/\/experienciadevida.com.ar\/portalurbano\/wp-content\/uploads\/2022\/05\/Es-ilogico-el-pedido-1536x1027.jpg",1536,1027,true],"2048x2048":["https:\/\/experienciadevida.com.ar\/portalurbano\/wp-content\/uploads\/2022\/05\/Es-ilogico-el-pedido-2048x1369.jpg",2048,1369,true],"newsever-slider-full":["https:\/\/experienciadevida.com.ar\/portalurbano\/wp-content\/uploads\/2022\/05\/Es-ilogico-el-pedido.jpg",1264,845,false],"newsever-featured":["https:\/\/experienciadevida.com.ar\/portalurbano\/wp-content\/uploads\/2022\/05\/Es-ilogico-el-pedido.jpg",1024,684,false],"newsever-medium":["https:\/\/experienciadevida.com.ar\/portalurbano\/wp-content\/uploads\/2022\/05\/Es-ilogico-el-pedido.jpg",711,475,false],"web-stories-poster-portrait":["https:\/\/experienciadevida.com.ar\/portalurbano\/wp-content\/uploads\/2022\/05\/Es-ilogico-el-pedido.jpg",640,428,false],"web-stories-publisher-logo":["https:\/\/experienciadevida.com.ar\/portalurbano\/wp-content\/uploads\/2022\/05\/Es-ilogico-el-pedido.jpg",96,64,false],"web-stories-thumbnail":["https:\/\/experienciadevida.com.ar\/portalurbano\/wp-content\/uploads\/2022\/05\/Es-ilogico-el-pedido.jpg",150,100,false]},"author_info":{"display_name":"admpu17wp","author_link":"https:\/\/experienciadevida.com.ar\/portalurbano\/author\/admpu17wp\/"},"category_info":"<a href=\"https:\/\/experienciadevida.com.ar\/portalurbano\/category\/ciudad\/\" rel=\"category tag\">Ciudad<\/a> <a href=\"https:\/\/experienciadevida.com.ar\/portalurbano\/category\/destacadas-2\/\" rel=\"category tag\">Destacadas 2<\/a>","tag_info":"Destacadas 2","comment_count":"0","amp_enabled":true,"_links":{"self":[{"href":"https:\/\/experienciadevida.com.ar\/portalurbano\/wp-json\/wp\/v2\/posts\/167015"}],"collection":[{"href":"https:\/\/experienciadevida.com.ar\/portalurbano\/wp-json\/wp\/v2\/posts"}],"about":[{"href":"https:\/\/experienciadevida.com.ar\/portalurbano\/wp-json\/wp\/v2\/types\/post"}],"author":[{"embeddable":true,"href":"https:\/\/experienciadevida.com.ar\/portalurbano\/wp-json\/wp\/v2\/users\/1"}],"replies":[{"embeddable":true,"href":"https:\/\/experienciadevida.com.ar\/portalurbano\/wp-json\/wp\/v2\/comments?post=167015"}],"version-history":[{"count":3,"href":"https:\/\/experienciadevida.com.ar\/portalurbano\/wp-json\/wp\/v2\/posts\/167015\/revisions"}],"predecessor-version":[{"id":167020,"href":"https:\/\/experienciadevida.com.ar\/portalurbano\/wp-json\/wp\/v2\/posts\/167015\/revisions\/167020"}],"wp:featuredmedia":[{"embeddable":true,"href":"https:\/\/experienciadevida.com.ar\/portalurbano\/wp-json\/wp\/v2\/media\/167016"}],"wp:attachment":[{"href":"https:\/\/experienciadevida.com.ar\/portalurbano\/wp-json\/wp\/v2\/media?parent=167015"}],"wp:term":[{"taxonomy":"category","embeddable":true,"href":"https:\/\/experienciadevida.com.ar\/portalurbano\/wp-json\/wp\/v2\/categories?post=167015"},{"taxonomy":"post_tag","embeddable":true,"href":"https:\/\/experienciadevida.com.ar\/portalurbano\/wp-json\/wp\/v2\/tags?post=167015"}],"curies":[{"name":"wp","href":"https:\/\/api.w.org\/{rel}","templated":true}]}}