{"id":166996,"date":"2022-05-03T12:10:08","date_gmt":"2022-05-03T15:10:08","guid":{"rendered":"https:\/\/experienciadevida.com.ar\/portalurbano\/?p=166996"},"modified":"2022-05-03T12:10:53","modified_gmt":"2022-05-03T15:10:53","slug":"treinta-jovenes-inician-practicas-laborales-en-empresas-olavarrienses","status":"publish","type":"post","link":"https:\/\/experienciadevida.com.ar\/portalurbano\/treinta-jovenes-inician-practicas-laborales-en-empresas-olavarrienses\/","title":{"rendered":"Treinta j\u00f3venes inician pr\u00e1cticas laborales en empresas olavarrienses"},"content":{"rendered":"<p>Treinta j\u00f3venes inician pr\u00e1cticas laborales en empresas olavarrienses, a trav\u00e9s de la Direcci\u00f3n de Empleo, perteneciente a la Secretar\u00eda de Desarrollo Econ\u00f3mico del Municipio, se concret\u00f3 la firma de treinta proyectos de Entrenamiento para el Trabajo, con el objetivo de mejorar las condiciones de empleabilidad de j\u00f3venes entre 18 y 24 a\u00f1os y, al mismo tiempo, brindar apoyo a las empresas en la formaci\u00f3n de potenciales recursos humanos.<\/p>\n<p>Los entrenamientos se realizar\u00e1n durante un per\u00edodo de 3 a 6 meses, durante el cual los j\u00f3venes inscriptos en los programas J\u00f3venes y Te Sumo (Ministerio de Trabajo, Empleo y Seguridad Social de la Naci\u00f3n) cumplir\u00e1n funciones de lunes a viernes, con un total de 20 horas semanales.<\/p>\n<p>Los j\u00f3venes seleccionados para esta propuesta, participaron de charlas del Programa y Talleres de Confecci\u00f3n de Curriculum y Videocurriculum. Asimismo realizaron din\u00e1micas grupales y entrevistas individuales, previas a la entrevista final con los empleadores.<\/p>\n<p>Junto a esta propuesta se firmaron ocho proyectos de Inserci\u00f3n Laboral, que implican la incorporaci\u00f3n de participantes que han finalizado el proceso de pr\u00e1ctica y hoy son trabajadores registrados de la empresa.<\/p>\n<p>Para m\u00e1s informaci\u00f3n sobre l\u00edneas de empleo, acercarse a la Direcci\u00f3n de Empleo de la Secretar\u00eda de Desarrollo Econ\u00f3mico, Moreno 2765, o bien contactarse a los tel\u00e9fonos 422135\/422195, o al correo electr\u00f3nico: direcciondeempleo@olavarria.gov.ar.<\/p>\n<p><a href=\"https:\/\/experienciadevida.com.ar\/portalurbano\/treinta-jovenes-inician-practicas-laborales-en-empresas-olavarrienses\/treinta-jovenes\/\" rel=\"attachment wp-att-166998\"><img decoding=\"async\" class=\"alignnone size-large wp-image-166998\" src=\"https:\/\/experienciadevida.com.ar\/portalurbano\/wp-content\/uploads\/2022\/05\/Treinta-jovenes-1024x682.jpg\" alt=\"Treinta j\u00f3venes\" width=\"900\" height=\"599\" srcset=\"https:\/\/experienciadevida.com.ar\/portalurbano\/wp-content\/uploads\/2022\/05\/Treinta-jovenes-1024x682.jpg 1024w, https:\/\/experienciadevida.com.ar\/portalurbano\/wp-content\/uploads\/2022\/05\/Treinta-jovenes-300x200.jpg 300w, https:\/\/experienciadevida.com.ar\/portalurbano\/wp-content\/uploads\/2022\/05\/Treinta-jovenes-768x512.jpg 768w, https:\/\/experienciadevida.com.ar\/portalurbano\/wp-content\/uploads\/2022\/05\/Treinta-jovenes-1536x1024.jpg 1536w, https:\/\/experienciadevida.com.ar\/portalurbano\/wp-content\/uploads\/2022\/05\/Treinta-jovenes.jpg 1772w\" sizes=\"(max-width: 900px) 100vw, 900px\" \/><\/a><\/p>\n","protected":false},"excerpt":{"rendered":"<p>Treinta j\u00f3venes inician pr\u00e1cticas laborales en empresas olavarrienses, a trav\u00e9s de la Direcci\u00f3n de Empleo,&#8230;<\/p>\n","protected":false},"author":1,"featured_media":166997,"comment_status":"closed","ping_status":"closed","sticky":false,"template":"","format":"standard","meta":{"content-type":""},"categories":[27,51],"tags":[],"nelio_content":{"isAutoShareEnabled":false,"autoShareEndMode":"default","automationSources":{"useContentSentences":true,"useSocialTemplates":true,"useCustomSentences":false,"customSentences":[]},"followers":[1],"suggestedReferences":[],"includedReferences":[],"efiUrl":"","efiAlt":"","highlights":[]},"yoast_head":"<!-- This site is optimized with the Yoast SEO plugin v20.7 - https:\/\/yoast.com\/wordpress\/plugins\/seo\/ -->\n<title>Treinta j\u00f3venes inician pr\u00e1cticas laborales en empresas Olavarrienses<\/title>\n<meta name=\"description\" content=\"Treinta j\u00f3venes inician pr\u00e1cticas laborales en empresas olavarrienses, de j\u00f3venes entre 18 y 24 a\u00f1os y, al mismo tiempo, brindar apoyo\" \/>\n<meta name=\"robots\" content=\"index, follow, max-snippet:-1, max-image-preview:large, max-video-preview:-1\" \/>\n<link rel=\"canonical\" href=\"https:\/\/experienciadevida.com.ar\/portalurbano\/treinta-jovenes-inician-practicas-laborales-en-empresas-olavarrienses\/\" \/>\n<meta property=\"og:locale\" content=\"es_ES\" \/>\n<meta property=\"og:type\" content=\"article\" \/>\n<meta property=\"og:title\" content=\"Treinta j\u00f3venes inician pr\u00e1cticas laborales en empresas Olavarrienses\" \/>\n<meta property=\"og:description\" content=\"Treinta j\u00f3venes inician pr\u00e1cticas laborales en empresas olavarrienses, de j\u00f3venes entre 18 y 24 a\u00f1os y, al mismo tiempo, brindar apoyo\" \/>\n<meta property=\"og:url\" content=\"https:\/\/experienciadevida.com.ar\/portalurbano\/treinta-jovenes-inician-practicas-laborales-en-empresas-olavarrienses\/\" \/>\n<meta property=\"article:publisher\" content=\"https:\/\/www.facebook.com\/Portal-Urbano-171542830093757\/\" \/>\n<meta property=\"article:published_time\" content=\"2022-05-03T15:10:08+00:00\" \/>\n<meta property=\"article:modified_time\" content=\"2022-05-03T15:10:53+00:00\" \/>\n<meta property=\"og:image\" content=\"https:\/\/experienciadevida.com.ar\/portalurbano\/wp-content\/uploads\/2022\/05\/Treinta-jovenes-inician-practicas.jpg\" \/>\n\t<meta property=\"og:image:width\" content=\"1772\" \/>\n\t<meta property=\"og:image:height\" content=\"1181\" \/>\n\t<meta property=\"og:image:type\" content=\"image\/jpeg\" \/>\n<meta name=\"author\" content=\"admpu17wp\" \/>\n<meta name=\"twitter:card\" content=\"summary_large_image\" \/>\n<meta name=\"twitter:creator\" content=\"@portalurbanook\" \/>\n<meta name=\"twitter:site\" content=\"@portalurbanook\" \/>\n<meta name=\"twitter:label1\" content=\"Escrito por\" \/>\n\t<meta name=\"twitter:data1\" content=\"admpu17wp\" \/>\n\t<meta name=\"twitter:label2\" content=\"Tiempo de lectura\" \/>\n\t<meta name=\"twitter:data2\" content=\"2 minutos\" \/>\n<script type=\"application\/ld+json\" class=\"yoast-schema-graph\">{\"@context\":\"https:\/\/schema.org\",\"@graph\":[{\"@type\":\"Article\",\"@id\":\"https:\/\/experienciadevida.com.ar\/portalurbano\/treinta-jovenes-inician-practicas-laborales-en-empresas-olavarrienses\/#article\",\"isPartOf\":{\"@id\":\"https:\/\/experienciadevida.com.ar\/portalurbano\/treinta-jovenes-inician-practicas-laborales-en-empresas-olavarrienses\/\"},\"author\":{\"name\":\"admpu17wp\",\"@id\":\"https:\/\/experienciadevida.com.ar\/portalurbano\/#\/schema\/person\/02dd326b1c4b056e9cc972486934a3a7\"},\"headline\":\"Treinta j\u00f3venes inician pr\u00e1cticas laborales en empresas olavarrienses\",\"datePublished\":\"2022-05-03T15:10:08+00:00\",\"dateModified\":\"2022-05-03T15:10:53+00:00\",\"mainEntityOfPage\":{\"@id\":\"https:\/\/experienciadevida.com.ar\/portalurbano\/treinta-jovenes-inician-practicas-laborales-en-empresas-olavarrienses\/\"},\"wordCount\":250,\"publisher\":{\"@id\":\"https:\/\/experienciadevida.com.ar\/portalurbano\/#organization\"},\"articleSection\":[\"Ciudad\",\"Destacadas\"],\"inLanguage\":\"es\"},{\"@type\":\"WebPage\",\"@id\":\"https:\/\/experienciadevida.com.ar\/portalurbano\/treinta-jovenes-inician-practicas-laborales-en-empresas-olavarrienses\/\",\"url\":\"https:\/\/experienciadevida.com.ar\/portalurbano\/treinta-jovenes-inician-practicas-laborales-en-empresas-olavarrienses\/\",\"name\":\"Treinta j\u00f3venes inician pr\u00e1cticas laborales en empresas Olavarrienses\",\"isPartOf\":{\"@id\":\"https:\/\/experienciadevida.com.ar\/portalurbano\/#website\"},\"datePublished\":\"2022-05-03T15:10:08+00:00\",\"dateModified\":\"2022-05-03T15:10:53+00:00\",\"description\":\"Treinta j\u00f3venes inician pr\u00e1cticas laborales en empresas olavarrienses, de j\u00f3venes entre 18 y 24 a\u00f1os y, al mismo tiempo, brindar apoyo\",\"breadcrumb\":{\"@id\":\"https:\/\/experienciadevida.com.ar\/portalurbano\/treinta-jovenes-inician-practicas-laborales-en-empresas-olavarrienses\/#breadcrumb\"},\"inLanguage\":\"es\",\"potentialAction\":[{\"@type\":\"ReadAction\",\"target\":[\"https:\/\/experienciadevida.com.ar\/portalurbano\/treinta-jovenes-inician-practicas-laborales-en-empresas-olavarrienses\/\"]}]},{\"@type\":\"BreadcrumbList\",\"@id\":\"https:\/\/experienciadevida.com.ar\/portalurbano\/treinta-jovenes-inician-practicas-laborales-en-empresas-olavarrienses\/#breadcrumb\",\"itemListElement\":[{\"@type\":\"ListItem\",\"position\":1,\"name\":\"Portada\",\"item\":\"https:\/\/experienciadevida.com.ar\/portalurbano\/\"},{\"@type\":\"ListItem\",\"position\":2,\"name\":\"Treinta j\u00f3venes inician pr\u00e1cticas laborales en empresas olavarrienses\"}]},{\"@type\":\"WebSite\",\"@id\":\"https:\/\/experienciadevida.com.ar\/portalurbano\/#website\",\"url\":\"https:\/\/experienciadevida.com.ar\/portalurbano\/\",\"name\":\"\",\"description\":\"\",\"publisher\":{\"@id\":\"https:\/\/experienciadevida.com.ar\/portalurbano\/#organization\"},\"potentialAction\":[{\"@type\":\"SearchAction\",\"target\":{\"@type\":\"EntryPoint\",\"urlTemplate\":\"https:\/\/experienciadevida.com.ar\/portalurbano\/?s={search_term_string}\"},\"query-input\":\"required name=search_term_string\"}],\"inLanguage\":\"es\"},{\"@type\":\"Organization\",\"@id\":\"https:\/\/experienciadevida.com.ar\/portalurbano\/#organization\",\"name\":\"Portal Urbano\",\"url\":\"https:\/\/experienciadevida.com.ar\/portalurbano\/\",\"logo\":{\"@type\":\"ImageObject\",\"inLanguage\":\"es\",\"@id\":\"https:\/\/experienciadevida.com.ar\/portalurbano\/#\/schema\/logo\/image\/\",\"url\":\"https:\/\/experienciadevida.com.ar\/portalurbano\/wp-content\/uploads\/2019\/09\/Logo-Original.png\",\"contentUrl\":\"https:\/\/experienciadevida.com.ar\/portalurbano\/wp-content\/uploads\/2019\/09\/Logo-Original.png\",\"width\":2236,\"height\":1216,\"caption\":\"Portal Urbano\"},\"image\":{\"@id\":\"https:\/\/experienciadevida.com.ar\/portalurbano\/#\/schema\/logo\/image\/\"},\"sameAs\":[\"https:\/\/www.facebook.com\/Portal-Urbano-171542830093757\/\",\"https:\/\/twitter.com\/portalurbanook\",\"https:\/\/www.instagram.com\/_portalurbano\/\",\"https:\/\/www.youtube.com\/channel\/UCXhagIfszH8KxFiOok79zbA?view_as=subscriber\"]},{\"@type\":\"Person\",\"@id\":\"https:\/\/experienciadevida.com.ar\/portalurbano\/#\/schema\/person\/02dd326b1c4b056e9cc972486934a3a7\",\"name\":\"admpu17wp\",\"image\":{\"@type\":\"ImageObject\",\"inLanguage\":\"es\",\"@id\":\"https:\/\/experienciadevida.com.ar\/portalurbano\/#\/schema\/person\/image\/\",\"url\":\"https:\/\/secure.gravatar.com\/avatar\/830d4c57adaae6630765e449a6908047?s=96&d=mm&r=g\",\"contentUrl\":\"https:\/\/secure.gravatar.com\/avatar\/830d4c57adaae6630765e449a6908047?s=96&d=mm&r=g\",\"caption\":\"admpu17wp\"}}]}<\/script>\n<!-- \/ Yoast SEO plugin. -->","yoast_head_json":{"title":"Treinta j\u00f3venes inician pr\u00e1cticas laborales en empresas Olavarrienses","description":"Treinta j\u00f3venes inician pr\u00e1cticas laborales en empresas olavarrienses, de j\u00f3venes entre 18 y 24 a\u00f1os y, al mismo tiempo, brindar apoyo","robots":{"index":"index","follow":"follow","max-snippet":"max-snippet:-1","max-image-preview":"max-image-preview:large","max-video-preview":"max-video-preview:-1"},"canonical":"https:\/\/experienciadevida.com.ar\/portalurbano\/treinta-jovenes-inician-practicas-laborales-en-empresas-olavarrienses\/","og_locale":"es_ES","og_type":"article","og_title":"Treinta j\u00f3venes inician pr\u00e1cticas laborales en empresas Olavarrienses","og_description":"Treinta j\u00f3venes inician pr\u00e1cticas laborales en empresas olavarrienses, de j\u00f3venes entre 18 y 24 a\u00f1os y, al mismo tiempo, brindar apoyo","og_url":"https:\/\/experienciadevida.com.ar\/portalurbano\/treinta-jovenes-inician-practicas-laborales-en-empresas-olavarrienses\/","article_publisher":"https:\/\/www.facebook.com\/Portal-Urbano-171542830093757\/","article_published_time":"2022-05-03T15:10:08+00:00","article_modified_time":"2022-05-03T15:10:53+00:00","og_image":[{"width":1772,"height":1181,"url":"https:\/\/experienciadevida.com.ar\/portalurbano\/wp-content\/uploads\/2022\/05\/Treinta-jovenes-inician-practicas.jpg","type":"image\/jpeg"}],"author":"admpu17wp","twitter_card":"summary_large_image","twitter_creator":"@portalurbanook","twitter_site":"@portalurbanook","twitter_misc":{"Escrito por":"admpu17wp","Tiempo de lectura":"2 minutos"},"schema":{"@context":"https:\/\/schema.org","@graph":[{"@type":"Article","@id":"https:\/\/experienciadevida.com.ar\/portalurbano\/treinta-jovenes-inician-practicas-laborales-en-empresas-olavarrienses\/#article","isPartOf":{"@id":"https:\/\/experienciadevida.com.ar\/portalurbano\/treinta-jovenes-inician-practicas-laborales-en-empresas-olavarrienses\/"},"author":{"name":"admpu17wp","@id":"https:\/\/experienciadevida.com.ar\/portalurbano\/#\/schema\/person\/02dd326b1c4b056e9cc972486934a3a7"},"headline":"Treinta j\u00f3venes inician pr\u00e1cticas laborales en empresas olavarrienses","datePublished":"2022-05-03T15:10:08+00:00","dateModified":"2022-05-03T15:10:53+00:00","mainEntityOfPage":{"@id":"https:\/\/experienciadevida.com.ar\/portalurbano\/treinta-jovenes-inician-practicas-laborales-en-empresas-olavarrienses\/"},"wordCount":250,"publisher":{"@id":"https:\/\/experienciadevida.com.ar\/portalurbano\/#organization"},"articleSection":["Ciudad","Destacadas"],"inLanguage":"es"},{"@type":"WebPage","@id":"https:\/\/experienciadevida.com.ar\/portalurbano\/treinta-jovenes-inician-practicas-laborales-en-empresas-olavarrienses\/","url":"https:\/\/experienciadevida.com.ar\/portalurbano\/treinta-jovenes-inician-practicas-laborales-en-empresas-olavarrienses\/","name":"Treinta j\u00f3venes inician pr\u00e1cticas laborales en empresas Olavarrienses","isPartOf":{"@id":"https:\/\/experienciadevida.com.ar\/portalurbano\/#website"},"datePublished":"2022-05-03T15:10:08+00:00","dateModified":"2022-05-03T15:10:53+00:00","description":"Treinta j\u00f3venes inician pr\u00e1cticas laborales en empresas olavarrienses, de j\u00f3venes entre 18 y 24 a\u00f1os y, al mismo tiempo, brindar apoyo","breadcrumb":{"@id":"https:\/\/experienciadevida.com.ar\/portalurbano\/treinta-jovenes-inician-practicas-laborales-en-empresas-olavarrienses\/#breadcrumb"},"inLanguage":"es","potentialAction":[{"@type":"ReadAction","target":["https:\/\/experienciadevida.com.ar\/portalurbano\/treinta-jovenes-inician-practicas-laborales-en-empresas-olavarrienses\/"]}]},{"@type":"BreadcrumbList","@id":"https:\/\/experienciadevida.com.ar\/portalurbano\/treinta-jovenes-inician-practicas-laborales-en-empresas-olavarrienses\/#breadcrumb","itemListElement":[{"@type":"ListItem","position":1,"name":"Portada","item":"https:\/\/experienciadevida.com.ar\/portalurbano\/"},{"@type":"ListItem","position":2,"name":"Treinta j\u00f3venes inician pr\u00e1cticas laborales en empresas olavarrienses"}]},{"@type":"WebSite","@id":"https:\/\/experienciadevida.com.ar\/portalurbano\/#website","url":"https:\/\/experienciadevida.com.ar\/portalurbano\/","name":"","description":"","publisher":{"@id":"https:\/\/experienciadevida.com.ar\/portalurbano\/#organization"},"potentialAction":[{"@type":"SearchAction","target":{"@type":"EntryPoint","urlTemplate":"https:\/\/experienciadevida.com.ar\/portalurbano\/?s={search_term_string}"},"query-input":"required name=search_term_string"}],"inLanguage":"es"},{"@type":"Organization","@id":"https:\/\/experienciadevida.com.ar\/portalurbano\/#organization","name":"Portal Urbano","url":"https:\/\/experienciadevida.com.ar\/portalurbano\/","logo":{"@type":"ImageObject","inLanguage":"es","@id":"https:\/\/experienciadevida.com.ar\/portalurbano\/#\/schema\/logo\/image\/","url":"https:\/\/experienciadevida.com.ar\/portalurbano\/wp-content\/uploads\/2019\/09\/Logo-Original.png","contentUrl":"https:\/\/experienciadevida.com.ar\/portalurbano\/wp-content\/uploads\/2019\/09\/Logo-Original.png","width":2236,"height":1216,"caption":"Portal Urbano"},"image":{"@id":"https:\/\/experienciadevida.com.ar\/portalurbano\/#\/schema\/logo\/image\/"},"sameAs":["https:\/\/www.facebook.com\/Portal-Urbano-171542830093757\/","https:\/\/twitter.com\/portalurbanook","https:\/\/www.instagram.com\/_portalurbano\/","https:\/\/www.youtube.com\/channel\/UCXhagIfszH8KxFiOok79zbA?view_as=subscriber"]},{"@type":"Person","@id":"https:\/\/experienciadevida.com.ar\/portalurbano\/#\/schema\/person\/02dd326b1c4b056e9cc972486934a3a7","name":"admpu17wp","image":{"@type":"ImageObject","inLanguage":"es","@id":"https:\/\/experienciadevida.com.ar\/portalurbano\/#\/schema\/person\/image\/","url":"https:\/\/secure.gravatar.com\/avatar\/830d4c57adaae6630765e449a6908047?s=96&d=mm&r=g","contentUrl":"https:\/\/secure.gravatar.com\/avatar\/830d4c57adaae6630765e449a6908047?s=96&d=mm&r=g","caption":"admpu17wp"}}]}},"featured_image_urls":{"full":["https:\/\/experienciadevida.com.ar\/portalurbano\/wp-content\/uploads\/2022\/05\/Treinta-jovenes-inician-practicas.jpg",1772,1181,false],"thumbnail":["https:\/\/experienciadevida.com.ar\/portalurbano\/wp-content\/uploads\/2022\/05\/Treinta-jovenes-inician-practicas-150x150.jpg",150,150,true],"medium":["https:\/\/experienciadevida.com.ar\/portalurbano\/wp-content\/uploads\/2022\/05\/Treinta-jovenes-inician-practicas-300x200.jpg",300,200,true],"medium_large":["https:\/\/experienciadevida.com.ar\/portalurbano\/wp-content\/uploads\/2022\/05\/Treinta-jovenes-inician-practicas-768x512.jpg",640,427,true],"large":["https:\/\/experienciadevida.com.ar\/portalurbano\/wp-content\/uploads\/2022\/05\/Treinta-jovenes-inician-practicas-1024x682.jpg",640,426,true],"ug_big":["https:\/\/experienciadevida.com.ar\/portalurbano\/wp-content\/uploads\/2022\/05\/Treinta-jovenes-inician-practicas-768x512.jpg",768,512,true],"1536x1536":["https:\/\/experienciadevida.com.ar\/portalurbano\/wp-content\/uploads\/2022\/05\/Treinta-jovenes-inician-practicas-1536x1024.jpg",1536,1024,true],"2048x2048":["https:\/\/experienciadevida.com.ar\/portalurbano\/wp-content\/uploads\/2022\/05\/Treinta-jovenes-inician-practicas.jpg",1772,1181,false],"newsever-slider-full":["https:\/\/experienciadevida.com.ar\/portalurbano\/wp-content\/uploads\/2022\/05\/Treinta-jovenes-inician-practicas.jpg",1268,845,false],"newsever-featured":["https:\/\/experienciadevida.com.ar\/portalurbano\/wp-content\/uploads\/2022\/05\/Treinta-jovenes-inician-practicas.jpg",1024,682,false],"newsever-medium":["https:\/\/experienciadevida.com.ar\/portalurbano\/wp-content\/uploads\/2022\/05\/Treinta-jovenes-inician-practicas.jpg",713,475,false],"web-stories-poster-portrait":["https:\/\/experienciadevida.com.ar\/portalurbano\/wp-content\/uploads\/2022\/05\/Treinta-jovenes-inician-practicas.jpg",640,427,false],"web-stories-publisher-logo":["https:\/\/experienciadevida.com.ar\/portalurbano\/wp-content\/uploads\/2022\/05\/Treinta-jovenes-inician-practicas.jpg",96,64,false],"web-stories-thumbnail":["https:\/\/experienciadevida.com.ar\/portalurbano\/wp-content\/uploads\/2022\/05\/Treinta-jovenes-inician-practicas.jpg",150,100,false]},"author_info":{"display_name":"admpu17wp","author_link":"https:\/\/experienciadevida.com.ar\/portalurbano\/author\/admpu17wp\/"},"category_info":"<a href=\"https:\/\/experienciadevida.com.ar\/portalurbano\/category\/ciudad\/\" rel=\"category tag\">Ciudad<\/a> <a href=\"https:\/\/experienciadevida.com.ar\/portalurbano\/category\/destacadas\/\" rel=\"category tag\">Destacadas<\/a>","tag_info":"Destacadas","comment_count":"0","amp_enabled":true,"_links":{"self":[{"href":"https:\/\/experienciadevida.com.ar\/portalurbano\/wp-json\/wp\/v2\/posts\/166996"}],"collection":[{"href":"https:\/\/experienciadevida.com.ar\/portalurbano\/wp-json\/wp\/v2\/posts"}],"about":[{"href":"https:\/\/experienciadevida.com.ar\/portalurbano\/wp-json\/wp\/v2\/types\/post"}],"author":[{"embeddable":true,"href":"https:\/\/experienciadevida.com.ar\/portalurbano\/wp-json\/wp\/v2\/users\/1"}],"replies":[{"embeddable":true,"href":"https:\/\/experienciadevida.com.ar\/portalurbano\/wp-json\/wp\/v2\/comments?post=166996"}],"version-history":[{"count":2,"href":"https:\/\/experienciadevida.com.ar\/portalurbano\/wp-json\/wp\/v2\/posts\/166996\/revisions"}],"predecessor-version":[{"id":167000,"href":"https:\/\/experienciadevida.com.ar\/portalurbano\/wp-json\/wp\/v2\/posts\/166996\/revisions\/167000"}],"wp:featuredmedia":[{"embeddable":true,"href":"https:\/\/experienciadevida.com.ar\/portalurbano\/wp-json\/wp\/v2\/media\/166997"}],"wp:attachment":[{"href":"https:\/\/experienciadevida.com.ar\/portalurbano\/wp-json\/wp\/v2\/media?parent=166996"}],"wp:term":[{"taxonomy":"category","embeddable":true,"href":"https:\/\/experienciadevida.com.ar\/portalurbano\/wp-json\/wp\/v2\/categories?post=166996"},{"taxonomy":"post_tag","embeddable":true,"href":"https:\/\/experienciadevida.com.ar\/portalurbano\/wp-json\/wp\/v2\/tags?post=166996"}],"curies":[{"name":"wp","href":"https:\/\/api.w.org\/{rel}","templated":true}]}}