{"id":166990,"date":"2022-05-03T09:59:54","date_gmt":"2022-05-03T12:59:54","guid":{"rendered":"https:\/\/experienciadevida.com.ar\/portalurbano\/?p=166990"},"modified":"2022-05-03T10:24:41","modified_gmt":"2022-05-03T13:24:41","slug":"bautismo-evangelico-en-la-unidad-n2-de-sierra-chica","status":"publish","type":"post","link":"https:\/\/experienciadevida.com.ar\/portalurbano\/bautismo-evangelico-en-la-unidad-n2-de-sierra-chica\/","title":{"rendered":"Bautismo Evang\u00e9lico en la Unidad N\u00b02 de Sierra Chica"},"content":{"rendered":"<p>Bautismo Evang\u00e9lico en la Unidad N\u00b02 de Sierra Chica, d\u00edas pasados, la Iglesia Pentecostal llev\u00f3 a cabo el bautismo de 126 privados de la libertad alojados en la Unidad Penitenciaria N\u00ba 2 de Sierra Chica. Por medio de este ritual se acercaron a Dios de coraz\u00f3n, con la asistencia espiritual del Pastor Alberto Benavides, un creyente de la Iglesia Evang\u00e9lica Asamblea de Dios de Monte Grande, quien estuvo acompa\u00f1ado por la coordinadora de Culto, Gabriela Canale.<\/p>\n<p>El bautismo en aguas se realiz\u00f3 en el pabell\u00f3n N\u00b0 5 y participaron internos seguidores de los pabellones 4, 5, 6 y m\u00f3dulos 11, 14, 15 y 16. El encuentro fue oficiado por Benavidez y comenz\u00f3 con palabras dirigidas a los fieles que avivaron su fe en Dios.<\/p>\n<p>Sobre lo vivenciado, Canale mencion\u00f3 que &#8220;el bautismo es una cuesti\u00f3n de pertenencia a los pabellones evang\u00e9licos, se bautizan quienes conocen la religi\u00f3n y otros que a partir del ingreso a \u00e9stos, descubren la palabra de Dios, se bautizan y reciben la asistencia espiritual\u201d.<\/p>\n<p>Por otra parte, Benav\u00eddez destac\u00f3 que \u201cfue un momento muy conmovedor porque estas personas sellaron un compromiso con Dios para comenzar una nueva vida y dejar atr\u00e1s los malos h\u00e1bitos&#8221;.<\/p>\n<p>La Direcci\u00f3n de la Unidad 2 fomenta este y otros cultos de fe que se engloban dentro del \u00e1rea tiempo libre y expresi\u00f3n de libre culto, las cuales posibilitan el ejercicio y el desarrollo de aptitudes y preferencias en cada individuo privado de la libertad, como parte esencial del tratamiento y la integraci\u00f3n social.<\/p>\n<p>Fuente y Fotos: Servicio penitenciario bonaerense<\/p>\n","protected":false},"excerpt":{"rendered":"<p>Bautismo Evang\u00e9lico en la Unidad N\u00b02 de Sierra Chica, d\u00edas pasados, la Iglesia Pentecostal llev\u00f3&#8230;<\/p>\n","protected":false},"author":1,"featured_media":166991,"comment_status":"closed","ping_status":"closed","sticky":false,"template":"","format":"standard","meta":{"content-type":""},"categories":[27],"tags":[],"nelio_content":{"isAutoShareEnabled":false,"autoShareEndMode":"default","automationSources":{"useContentSentences":true,"useSocialTemplates":true,"useCustomSentences":false,"customSentences":[]},"followers":[1],"suggestedReferences":[],"includedReferences":[],"efiUrl":"","efiAlt":"","highlights":[]},"yoast_head":"<!-- This site is optimized with the Yoast SEO plugin v20.7 - https:\/\/yoast.com\/wordpress\/plugins\/seo\/ -->\n<title>Bautismo Evang\u00e9lico en la Unidad n\u00b02 de Sierra Chica<\/title>\n<meta name=\"description\" content=\"Bautismo Evang\u00e9lico en la Unidad N\u00b02 de Sierra Chica, d\u00edas pasados, la Iglesia Pentecostal llev\u00f3 a cabo el bautismo de 126 privados\" \/>\n<meta name=\"robots\" content=\"index, follow, max-snippet:-1, max-image-preview:large, max-video-preview:-1\" \/>\n<link rel=\"canonical\" href=\"https:\/\/experienciadevida.com.ar\/portalurbano\/bautismo-evangelico-en-la-unidad-n2-de-sierra-chica\/\" \/>\n<meta property=\"og:locale\" content=\"es_ES\" \/>\n<meta property=\"og:type\" content=\"article\" \/>\n<meta property=\"og:title\" content=\"Bautismo Evang\u00e9lico en la Unidad n\u00b02 de Sierra Chica\" \/>\n<meta property=\"og:description\" content=\"Bautismo Evang\u00e9lico en la Unidad N\u00b02 de Sierra Chica, d\u00edas pasados, la Iglesia Pentecostal llev\u00f3 a cabo el bautismo de 126 privados\" \/>\n<meta property=\"og:url\" content=\"https:\/\/experienciadevida.com.ar\/portalurbano\/bautismo-evangelico-en-la-unidad-n2-de-sierra-chica\/\" \/>\n<meta property=\"article:publisher\" content=\"https:\/\/www.facebook.com\/Portal-Urbano-171542830093757\/\" \/>\n<meta property=\"article:published_time\" content=\"2022-05-03T12:59:54+00:00\" \/>\n<meta property=\"article:modified_time\" content=\"2022-05-03T13:24:41+00:00\" \/>\n<meta property=\"og:image\" content=\"https:\/\/experienciadevida.com.ar\/portalurbano\/wp-content\/uploads\/2022\/05\/Bautismo-Evangelico-en-la.jpg\" \/>\n\t<meta property=\"og:image:width\" content=\"500\" \/>\n\t<meta property=\"og:image:height\" content=\"301\" \/>\n\t<meta property=\"og:image:type\" content=\"image\/jpeg\" \/>\n<meta name=\"author\" content=\"admpu17wp\" \/>\n<meta name=\"twitter:card\" content=\"summary_large_image\" \/>\n<meta name=\"twitter:creator\" content=\"@portalurbanook\" \/>\n<meta name=\"twitter:site\" content=\"@portalurbanook\" \/>\n<meta name=\"twitter:label1\" content=\"Escrito por\" \/>\n\t<meta name=\"twitter:data1\" content=\"admpu17wp\" \/>\n\t<meta name=\"twitter:label2\" content=\"Tiempo de lectura\" \/>\n\t<meta name=\"twitter:data2\" content=\"2 minutos\" \/>\n<script type=\"application\/ld+json\" class=\"yoast-schema-graph\">{\"@context\":\"https:\/\/schema.org\",\"@graph\":[{\"@type\":\"Article\",\"@id\":\"https:\/\/experienciadevida.com.ar\/portalurbano\/bautismo-evangelico-en-la-unidad-n2-de-sierra-chica\/#article\",\"isPartOf\":{\"@id\":\"https:\/\/experienciadevida.com.ar\/portalurbano\/bautismo-evangelico-en-la-unidad-n2-de-sierra-chica\/\"},\"author\":{\"name\":\"admpu17wp\",\"@id\":\"https:\/\/experienciadevida.com.ar\/portalurbano\/#\/schema\/person\/02dd326b1c4b056e9cc972486934a3a7\"},\"headline\":\"Bautismo Evang\u00e9lico en la Unidad N\u00b02 de Sierra Chica\",\"datePublished\":\"2022-05-03T12:59:54+00:00\",\"dateModified\":\"2022-05-03T13:24:41+00:00\",\"mainEntityOfPage\":{\"@id\":\"https:\/\/experienciadevida.com.ar\/portalurbano\/bautismo-evangelico-en-la-unidad-n2-de-sierra-chica\/\"},\"wordCount\":273,\"publisher\":{\"@id\":\"https:\/\/experienciadevida.com.ar\/portalurbano\/#organization\"},\"articleSection\":[\"Ciudad\"],\"inLanguage\":\"es\"},{\"@type\":\"WebPage\",\"@id\":\"https:\/\/experienciadevida.com.ar\/portalurbano\/bautismo-evangelico-en-la-unidad-n2-de-sierra-chica\/\",\"url\":\"https:\/\/experienciadevida.com.ar\/portalurbano\/bautismo-evangelico-en-la-unidad-n2-de-sierra-chica\/\",\"name\":\"Bautismo Evang\u00e9lico en la Unidad n\u00b02 de Sierra Chica\",\"isPartOf\":{\"@id\":\"https:\/\/experienciadevida.com.ar\/portalurbano\/#website\"},\"datePublished\":\"2022-05-03T12:59:54+00:00\",\"dateModified\":\"2022-05-03T13:24:41+00:00\",\"description\":\"Bautismo Evang\u00e9lico en la Unidad N\u00b02 de Sierra Chica, d\u00edas pasados, la Iglesia Pentecostal llev\u00f3 a cabo el bautismo de 126 privados\",\"breadcrumb\":{\"@id\":\"https:\/\/experienciadevida.com.ar\/portalurbano\/bautismo-evangelico-en-la-unidad-n2-de-sierra-chica\/#breadcrumb\"},\"inLanguage\":\"es\",\"potentialAction\":[{\"@type\":\"ReadAction\",\"target\":[\"https:\/\/experienciadevida.com.ar\/portalurbano\/bautismo-evangelico-en-la-unidad-n2-de-sierra-chica\/\"]}]},{\"@type\":\"BreadcrumbList\",\"@id\":\"https:\/\/experienciadevida.com.ar\/portalurbano\/bautismo-evangelico-en-la-unidad-n2-de-sierra-chica\/#breadcrumb\",\"itemListElement\":[{\"@type\":\"ListItem\",\"position\":1,\"name\":\"Portada\",\"item\":\"https:\/\/experienciadevida.com.ar\/portalurbano\/\"},{\"@type\":\"ListItem\",\"position\":2,\"name\":\"Bautismo Evang\u00e9lico en la Unidad N\u00b02 de Sierra Chica\"}]},{\"@type\":\"WebSite\",\"@id\":\"https:\/\/experienciadevida.com.ar\/portalurbano\/#website\",\"url\":\"https:\/\/experienciadevida.com.ar\/portalurbano\/\",\"name\":\"\",\"description\":\"\",\"publisher\":{\"@id\":\"https:\/\/experienciadevida.com.ar\/portalurbano\/#organization\"},\"potentialAction\":[{\"@type\":\"SearchAction\",\"target\":{\"@type\":\"EntryPoint\",\"urlTemplate\":\"https:\/\/experienciadevida.com.ar\/portalurbano\/?s={search_term_string}\"},\"query-input\":\"required name=search_term_string\"}],\"inLanguage\":\"es\"},{\"@type\":\"Organization\",\"@id\":\"https:\/\/experienciadevida.com.ar\/portalurbano\/#organization\",\"name\":\"Portal Urbano\",\"url\":\"https:\/\/experienciadevida.com.ar\/portalurbano\/\",\"logo\":{\"@type\":\"ImageObject\",\"inLanguage\":\"es\",\"@id\":\"https:\/\/experienciadevida.com.ar\/portalurbano\/#\/schema\/logo\/image\/\",\"url\":\"https:\/\/experienciadevida.com.ar\/portalurbano\/wp-content\/uploads\/2019\/09\/Logo-Original.png\",\"contentUrl\":\"https:\/\/experienciadevida.com.ar\/portalurbano\/wp-content\/uploads\/2019\/09\/Logo-Original.png\",\"width\":2236,\"height\":1216,\"caption\":\"Portal Urbano\"},\"image\":{\"@id\":\"https:\/\/experienciadevida.com.ar\/portalurbano\/#\/schema\/logo\/image\/\"},\"sameAs\":[\"https:\/\/www.facebook.com\/Portal-Urbano-171542830093757\/\",\"https:\/\/twitter.com\/portalurbanook\",\"https:\/\/www.instagram.com\/_portalurbano\/\",\"https:\/\/www.youtube.com\/channel\/UCXhagIfszH8KxFiOok79zbA?view_as=subscriber\"]},{\"@type\":\"Person\",\"@id\":\"https:\/\/experienciadevida.com.ar\/portalurbano\/#\/schema\/person\/02dd326b1c4b056e9cc972486934a3a7\",\"name\":\"admpu17wp\",\"image\":{\"@type\":\"ImageObject\",\"inLanguage\":\"es\",\"@id\":\"https:\/\/experienciadevida.com.ar\/portalurbano\/#\/schema\/person\/image\/\",\"url\":\"https:\/\/secure.gravatar.com\/avatar\/830d4c57adaae6630765e449a6908047?s=96&d=mm&r=g\",\"contentUrl\":\"https:\/\/secure.gravatar.com\/avatar\/830d4c57adaae6630765e449a6908047?s=96&d=mm&r=g\",\"caption\":\"admpu17wp\"}}]}<\/script>\n<!-- \/ Yoast SEO plugin. -->","yoast_head_json":{"title":"Bautismo Evang\u00e9lico en la Unidad n\u00b02 de Sierra Chica","description":"Bautismo Evang\u00e9lico en la Unidad N\u00b02 de Sierra Chica, d\u00edas pasados, la Iglesia Pentecostal llev\u00f3 a cabo el bautismo de 126 privados","robots":{"index":"index","follow":"follow","max-snippet":"max-snippet:-1","max-image-preview":"max-image-preview:large","max-video-preview":"max-video-preview:-1"},"canonical":"https:\/\/experienciadevida.com.ar\/portalurbano\/bautismo-evangelico-en-la-unidad-n2-de-sierra-chica\/","og_locale":"es_ES","og_type":"article","og_title":"Bautismo Evang\u00e9lico en la Unidad n\u00b02 de Sierra Chica","og_description":"Bautismo Evang\u00e9lico en la Unidad N\u00b02 de Sierra Chica, d\u00edas pasados, la Iglesia Pentecostal llev\u00f3 a cabo el bautismo de 126 privados","og_url":"https:\/\/experienciadevida.com.ar\/portalurbano\/bautismo-evangelico-en-la-unidad-n2-de-sierra-chica\/","article_publisher":"https:\/\/www.facebook.com\/Portal-Urbano-171542830093757\/","article_published_time":"2022-05-03T12:59:54+00:00","article_modified_time":"2022-05-03T13:24:41+00:00","og_image":[{"width":500,"height":301,"url":"https:\/\/experienciadevida.com.ar\/portalurbano\/wp-content\/uploads\/2022\/05\/Bautismo-Evangelico-en-la.jpg","type":"image\/jpeg"}],"author":"admpu17wp","twitter_card":"summary_large_image","twitter_creator":"@portalurbanook","twitter_site":"@portalurbanook","twitter_misc":{"Escrito por":"admpu17wp","Tiempo de lectura":"2 minutos"},"schema":{"@context":"https:\/\/schema.org","@graph":[{"@type":"Article","@id":"https:\/\/experienciadevida.com.ar\/portalurbano\/bautismo-evangelico-en-la-unidad-n2-de-sierra-chica\/#article","isPartOf":{"@id":"https:\/\/experienciadevida.com.ar\/portalurbano\/bautismo-evangelico-en-la-unidad-n2-de-sierra-chica\/"},"author":{"name":"admpu17wp","@id":"https:\/\/experienciadevida.com.ar\/portalurbano\/#\/schema\/person\/02dd326b1c4b056e9cc972486934a3a7"},"headline":"Bautismo Evang\u00e9lico en la Unidad N\u00b02 de Sierra Chica","datePublished":"2022-05-03T12:59:54+00:00","dateModified":"2022-05-03T13:24:41+00:00","mainEntityOfPage":{"@id":"https:\/\/experienciadevida.com.ar\/portalurbano\/bautismo-evangelico-en-la-unidad-n2-de-sierra-chica\/"},"wordCount":273,"publisher":{"@id":"https:\/\/experienciadevida.com.ar\/portalurbano\/#organization"},"articleSection":["Ciudad"],"inLanguage":"es"},{"@type":"WebPage","@id":"https:\/\/experienciadevida.com.ar\/portalurbano\/bautismo-evangelico-en-la-unidad-n2-de-sierra-chica\/","url":"https:\/\/experienciadevida.com.ar\/portalurbano\/bautismo-evangelico-en-la-unidad-n2-de-sierra-chica\/","name":"Bautismo Evang\u00e9lico en la Unidad n\u00b02 de Sierra Chica","isPartOf":{"@id":"https:\/\/experienciadevida.com.ar\/portalurbano\/#website"},"datePublished":"2022-05-03T12:59:54+00:00","dateModified":"2022-05-03T13:24:41+00:00","description":"Bautismo Evang\u00e9lico en la Unidad N\u00b02 de Sierra Chica, d\u00edas pasados, la Iglesia Pentecostal llev\u00f3 a cabo el bautismo de 126 privados","breadcrumb":{"@id":"https:\/\/experienciadevida.com.ar\/portalurbano\/bautismo-evangelico-en-la-unidad-n2-de-sierra-chica\/#breadcrumb"},"inLanguage":"es","potentialAction":[{"@type":"ReadAction","target":["https:\/\/experienciadevida.com.ar\/portalurbano\/bautismo-evangelico-en-la-unidad-n2-de-sierra-chica\/"]}]},{"@type":"BreadcrumbList","@id":"https:\/\/experienciadevida.com.ar\/portalurbano\/bautismo-evangelico-en-la-unidad-n2-de-sierra-chica\/#breadcrumb","itemListElement":[{"@type":"ListItem","position":1,"name":"Portada","item":"https:\/\/experienciadevida.com.ar\/portalurbano\/"},{"@type":"ListItem","position":2,"name":"Bautismo Evang\u00e9lico en la Unidad N\u00b02 de Sierra Chica"}]},{"@type":"WebSite","@id":"https:\/\/experienciadevida.com.ar\/portalurbano\/#website","url":"https:\/\/experienciadevida.com.ar\/portalurbano\/","name":"","description":"","publisher":{"@id":"https:\/\/experienciadevida.com.ar\/portalurbano\/#organization"},"potentialAction":[{"@type":"SearchAction","target":{"@type":"EntryPoint","urlTemplate":"https:\/\/experienciadevida.com.ar\/portalurbano\/?s={search_term_string}"},"query-input":"required name=search_term_string"}],"inLanguage":"es"},{"@type":"Organization","@id":"https:\/\/experienciadevida.com.ar\/portalurbano\/#organization","name":"Portal Urbano","url":"https:\/\/experienciadevida.com.ar\/portalurbano\/","logo":{"@type":"ImageObject","inLanguage":"es","@id":"https:\/\/experienciadevida.com.ar\/portalurbano\/#\/schema\/logo\/image\/","url":"https:\/\/experienciadevida.com.ar\/portalurbano\/wp-content\/uploads\/2019\/09\/Logo-Original.png","contentUrl":"https:\/\/experienciadevida.com.ar\/portalurbano\/wp-content\/uploads\/2019\/09\/Logo-Original.png","width":2236,"height":1216,"caption":"Portal Urbano"},"image":{"@id":"https:\/\/experienciadevida.com.ar\/portalurbano\/#\/schema\/logo\/image\/"},"sameAs":["https:\/\/www.facebook.com\/Portal-Urbano-171542830093757\/","https:\/\/twitter.com\/portalurbanook","https:\/\/www.instagram.com\/_portalurbano\/","https:\/\/www.youtube.com\/channel\/UCXhagIfszH8KxFiOok79zbA?view_as=subscriber"]},{"@type":"Person","@id":"https:\/\/experienciadevida.com.ar\/portalurbano\/#\/schema\/person\/02dd326b1c4b056e9cc972486934a3a7","name":"admpu17wp","image":{"@type":"ImageObject","inLanguage":"es","@id":"https:\/\/experienciadevida.com.ar\/portalurbano\/#\/schema\/person\/image\/","url":"https:\/\/secure.gravatar.com\/avatar\/830d4c57adaae6630765e449a6908047?s=96&d=mm&r=g","contentUrl":"https:\/\/secure.gravatar.com\/avatar\/830d4c57adaae6630765e449a6908047?s=96&d=mm&r=g","caption":"admpu17wp"}}]}},"featured_image_urls":{"full":["https:\/\/experienciadevida.com.ar\/portalurbano\/wp-content\/uploads\/2022\/05\/Bautismo-Evangelico-en-la.jpg",500,301,false],"thumbnail":["https:\/\/experienciadevida.com.ar\/portalurbano\/wp-content\/uploads\/2022\/05\/Bautismo-Evangelico-en-la-150x150.jpg",150,150,true],"medium":["https:\/\/experienciadevida.com.ar\/portalurbano\/wp-content\/uploads\/2022\/05\/Bautismo-Evangelico-en-la-300x181.jpg",300,181,true],"medium_large":["https:\/\/experienciadevida.com.ar\/portalurbano\/wp-content\/uploads\/2022\/05\/Bautismo-Evangelico-en-la.jpg",500,301,false],"large":["https:\/\/experienciadevida.com.ar\/portalurbano\/wp-content\/uploads\/2022\/05\/Bautismo-Evangelico-en-la.jpg",500,301,false],"ug_big":["https:\/\/experienciadevida.com.ar\/portalurbano\/wp-content\/uploads\/2022\/05\/Bautismo-Evangelico-en-la.jpg",500,301,false],"1536x1536":["https:\/\/experienciadevida.com.ar\/portalurbano\/wp-content\/uploads\/2022\/05\/Bautismo-Evangelico-en-la.jpg",500,301,false],"2048x2048":["https:\/\/experienciadevida.com.ar\/portalurbano\/wp-content\/uploads\/2022\/05\/Bautismo-Evangelico-en-la.jpg",500,301,false],"newsever-slider-full":["https:\/\/experienciadevida.com.ar\/portalurbano\/wp-content\/uploads\/2022\/05\/Bautismo-Evangelico-en-la.jpg",500,301,false],"newsever-featured":["https:\/\/experienciadevida.com.ar\/portalurbano\/wp-content\/uploads\/2022\/05\/Bautismo-Evangelico-en-la.jpg",500,301,false],"newsever-medium":["https:\/\/experienciadevida.com.ar\/portalurbano\/wp-content\/uploads\/2022\/05\/Bautismo-Evangelico-en-la.jpg",500,301,false],"web-stories-poster-portrait":["https:\/\/experienciadevida.com.ar\/portalurbano\/wp-content\/uploads\/2022\/05\/Bautismo-Evangelico-en-la.jpg",500,301,false],"web-stories-publisher-logo":["https:\/\/experienciadevida.com.ar\/portalurbano\/wp-content\/uploads\/2022\/05\/Bautismo-Evangelico-en-la.jpg",96,58,false],"web-stories-thumbnail":["https:\/\/experienciadevida.com.ar\/portalurbano\/wp-content\/uploads\/2022\/05\/Bautismo-Evangelico-en-la.jpg",150,90,false]},"author_info":{"display_name":"admpu17wp","author_link":"https:\/\/experienciadevida.com.ar\/portalurbano\/author\/admpu17wp\/"},"category_info":"<a href=\"https:\/\/experienciadevida.com.ar\/portalurbano\/category\/ciudad\/\" rel=\"category tag\">Ciudad<\/a>","tag_info":"Ciudad","comment_count":"0","amp_enabled":true,"_links":{"self":[{"href":"https:\/\/experienciadevida.com.ar\/portalurbano\/wp-json\/wp\/v2\/posts\/166990"}],"collection":[{"href":"https:\/\/experienciadevida.com.ar\/portalurbano\/wp-json\/wp\/v2\/posts"}],"about":[{"href":"https:\/\/experienciadevida.com.ar\/portalurbano\/wp-json\/wp\/v2\/types\/post"}],"author":[{"embeddable":true,"href":"https:\/\/experienciadevida.com.ar\/portalurbano\/wp-json\/wp\/v2\/users\/1"}],"replies":[{"embeddable":true,"href":"https:\/\/experienciadevida.com.ar\/portalurbano\/wp-json\/wp\/v2\/comments?post=166990"}],"version-history":[{"count":1,"href":"https:\/\/experienciadevida.com.ar\/portalurbano\/wp-json\/wp\/v2\/posts\/166990\/revisions"}],"predecessor-version":[{"id":166992,"href":"https:\/\/experienciadevida.com.ar\/portalurbano\/wp-json\/wp\/v2\/posts\/166990\/revisions\/166992"}],"wp:featuredmedia":[{"embeddable":true,"href":"https:\/\/experienciadevida.com.ar\/portalurbano\/wp-json\/wp\/v2\/media\/166991"}],"wp:attachment":[{"href":"https:\/\/experienciadevida.com.ar\/portalurbano\/wp-json\/wp\/v2\/media?parent=166990"}],"wp:term":[{"taxonomy":"category","embeddable":true,"href":"https:\/\/experienciadevida.com.ar\/portalurbano\/wp-json\/wp\/v2\/categories?post=166990"},{"taxonomy":"post_tag","embeddable":true,"href":"https:\/\/experienciadevida.com.ar\/portalurbano\/wp-json\/wp\/v2\/tags?post=166990"}],"curies":[{"name":"wp","href":"https:\/\/api.w.org\/{rel}","templated":true}]}}