{"id":166982,"date":"2022-05-03T09:41:24","date_gmt":"2022-05-03T12:41:24","guid":{"rendered":"https:\/\/experienciadevida.com.ar\/portalurbano\/?p=166982"},"modified":"2022-05-03T09:47:00","modified_gmt":"2022-05-03T12:47:00","slug":"el-equipo-municipal-de-personas-mayores-recorrio-las-localidades","status":"publish","type":"post","link":"https:\/\/experienciadevida.com.ar\/portalurbano\/el-equipo-municipal-de-personas-mayores-recorrio-las-localidades\/","title":{"rendered":"El equipo municipal de Personas Mayores recorri\u00f3 las localidades"},"content":{"rendered":"<p>El equipo municipal de Personas Mayores recorri\u00f3 las localidades,\u00a0 d\u00edas atr\u00e1s referentes del equipo del Programa de Promoci\u00f3n de Derechos para Personas con Discapacidad y Personas Mayores del Municipio de Olavarr\u00eda realiz\u00f3 una recorrida por localidades serranas de Hinojo, Sierras Bayas y Loma Negra para difundir sus recursos y dialogar con la comunidad.<\/p>\n<p>El objetivo fue por un lado, proponer la implementaci\u00f3n de un proyecto vinculado al Punto Digital -que funciona en el Centro Cultural Municipal \u201cSan Jos\u00e9\u201d- con el aporte del \u00e1rea de Educaci\u00f3n y Cultura y por otro, acercar la oferta espec\u00edfica de tem\u00e1ticas relacionadas al uso de la tecnolog\u00eda.<\/p>\n<p>Se distribuy\u00f3 folleter\u00eda espec\u00edfica con propuestas para quienes concurren a los Centros de Jubilados de dichas localidades para que puedan elegir las tem\u00e1ticas de su inter\u00e9s, en pos de avanzar en la implementaci\u00f3n de un proyecto de acercamiento a las localidades de la tecnolog\u00eda del equipo de profesionales, que se desempe\u00f1an en el Punto Digital y de los dispositivos electr\u00f3nicos necesarios para llevarse a cabo.<\/p>\n<p>La referente del Programa de Promoci\u00f3n de Derechos, Romina Sponer realiz\u00f3 un balance de la jornada: \u201cEn principio, ofrecimos las propuestas vigentes: fotograf\u00eda con celulares, manejo de redes sociales, manejo seguro de celulares, nivel b\u00e1sico de inform\u00e1tica e instructivo de tr\u00e1mites online para bancos, ANSES y PAMI. Posteriormente realizaremos un diagn\u00f3stico con sus devoluciones, y podremos avanzar en la implementaci\u00f3n de los cursos del Punto Digital en esas localidades\u201d, se\u00f1al\u00f3.<\/p>\n<p>Adem\u00e1s agradeci\u00f3 a \u201clos referentes de las instituciones a las que concurren personas mayores por su c\u00e1lido recibimiento, y al personal del Punto Digital y PAMI, por el acompa\u00f1amiento en este proyecto\u201d, concluy\u00f3.<\/p>\n<p>&nbsp;<\/p>\n<p>&nbsp;<\/p>\n","protected":false},"excerpt":{"rendered":"<p>El equipo municipal de Personas Mayores recorri\u00f3 las localidades,\u00a0 d\u00edas atr\u00e1s referentes del equipo del&#8230;<\/p>\n","protected":false},"author":1,"featured_media":166983,"comment_status":"closed","ping_status":"closed","sticky":false,"template":"","format":"standard","meta":{"content-type":""},"categories":[27,64],"tags":[],"nelio_content":{"isAutoShareEnabled":false,"autoShareEndMode":"default","automationSources":{"useContentSentences":true,"useSocialTemplates":true,"useCustomSentences":false,"customSentences":[]},"followers":[1],"suggestedReferences":[],"includedReferences":[],"efiUrl":"","efiAlt":"","highlights":[]},"yoast_head":"<!-- This site is optimized with the Yoast SEO plugin v20.7 - https:\/\/yoast.com\/wordpress\/plugins\/seo\/ -->\n<title>El equipo Municipal de personas mayores recorri\u00f3 las localidades<\/title>\n<meta name=\"description\" content=\"El equipo municipal de Personas Mayores recorri\u00f3 las localidades, para difundir sus recursos y dialogar con la comunidad.\" \/>\n<meta name=\"robots\" content=\"index, follow, max-snippet:-1, max-image-preview:large, max-video-preview:-1\" \/>\n<link rel=\"canonical\" href=\"https:\/\/experienciadevida.com.ar\/portalurbano\/el-equipo-municipal-de-personas-mayores-recorrio-las-localidades\/\" \/>\n<meta property=\"og:locale\" content=\"es_ES\" \/>\n<meta property=\"og:type\" content=\"article\" \/>\n<meta property=\"og:title\" content=\"El equipo Municipal de personas mayores recorri\u00f3 las localidades\" \/>\n<meta property=\"og:description\" content=\"El equipo municipal de Personas Mayores recorri\u00f3 las localidades, para difundir sus recursos y dialogar con la comunidad.\" \/>\n<meta property=\"og:url\" content=\"https:\/\/experienciadevida.com.ar\/portalurbano\/el-equipo-municipal-de-personas-mayores-recorrio-las-localidades\/\" \/>\n<meta property=\"article:publisher\" content=\"https:\/\/www.facebook.com\/Portal-Urbano-171542830093757\/\" \/>\n<meta property=\"article:published_time\" content=\"2022-05-03T12:41:24+00:00\" \/>\n<meta property=\"article:modified_time\" content=\"2022-05-03T12:47:00+00:00\" \/>\n<meta property=\"og:image\" content=\"https:\/\/experienciadevida.com.ar\/portalurbano\/wp-content\/uploads\/2022\/05\/El-equipo-municipal-de.jpg\" \/>\n\t<meta property=\"og:image:width\" content=\"1024\" \/>\n\t<meta property=\"og:image:height\" content=\"682\" \/>\n\t<meta property=\"og:image:type\" content=\"image\/jpeg\" \/>\n<meta name=\"author\" content=\"admpu17wp\" \/>\n<meta name=\"twitter:card\" content=\"summary_large_image\" \/>\n<meta name=\"twitter:creator\" content=\"@portalurbanook\" \/>\n<meta name=\"twitter:site\" content=\"@portalurbanook\" \/>\n<meta name=\"twitter:label1\" content=\"Escrito por\" \/>\n\t<meta name=\"twitter:data1\" content=\"admpu17wp\" \/>\n\t<meta name=\"twitter:label2\" content=\"Tiempo de lectura\" \/>\n\t<meta name=\"twitter:data2\" content=\"2 minutos\" \/>\n<script type=\"application\/ld+json\" class=\"yoast-schema-graph\">{\"@context\":\"https:\/\/schema.org\",\"@graph\":[{\"@type\":\"Article\",\"@id\":\"https:\/\/experienciadevida.com.ar\/portalurbano\/el-equipo-municipal-de-personas-mayores-recorrio-las-localidades\/#article\",\"isPartOf\":{\"@id\":\"https:\/\/experienciadevida.com.ar\/portalurbano\/el-equipo-municipal-de-personas-mayores-recorrio-las-localidades\/\"},\"author\":{\"name\":\"admpu17wp\",\"@id\":\"https:\/\/experienciadevida.com.ar\/portalurbano\/#\/schema\/person\/02dd326b1c4b056e9cc972486934a3a7\"},\"headline\":\"El equipo municipal de Personas Mayores recorri\u00f3 las localidades\",\"datePublished\":\"2022-05-03T12:41:24+00:00\",\"dateModified\":\"2022-05-03T12:47:00+00:00\",\"mainEntityOfPage\":{\"@id\":\"https:\/\/experienciadevida.com.ar\/portalurbano\/el-equipo-municipal-de-personas-mayores-recorrio-las-localidades\/\"},\"wordCount\":310,\"publisher\":{\"@id\":\"https:\/\/experienciadevida.com.ar\/portalurbano\/#organization\"},\"articleSection\":[\"Ciudad\",\"Destacadas 2\"],\"inLanguage\":\"es\"},{\"@type\":\"WebPage\",\"@id\":\"https:\/\/experienciadevida.com.ar\/portalurbano\/el-equipo-municipal-de-personas-mayores-recorrio-las-localidades\/\",\"url\":\"https:\/\/experienciadevida.com.ar\/portalurbano\/el-equipo-municipal-de-personas-mayores-recorrio-las-localidades\/\",\"name\":\"El equipo Municipal de personas mayores recorri\u00f3 las localidades\",\"isPartOf\":{\"@id\":\"https:\/\/experienciadevida.com.ar\/portalurbano\/#website\"},\"datePublished\":\"2022-05-03T12:41:24+00:00\",\"dateModified\":\"2022-05-03T12:47:00+00:00\",\"description\":\"El equipo municipal de Personas Mayores recorri\u00f3 las localidades, para difundir sus recursos y dialogar con la comunidad.\",\"breadcrumb\":{\"@id\":\"https:\/\/experienciadevida.com.ar\/portalurbano\/el-equipo-municipal-de-personas-mayores-recorrio-las-localidades\/#breadcrumb\"},\"inLanguage\":\"es\",\"potentialAction\":[{\"@type\":\"ReadAction\",\"target\":[\"https:\/\/experienciadevida.com.ar\/portalurbano\/el-equipo-municipal-de-personas-mayores-recorrio-las-localidades\/\"]}]},{\"@type\":\"BreadcrumbList\",\"@id\":\"https:\/\/experienciadevida.com.ar\/portalurbano\/el-equipo-municipal-de-personas-mayores-recorrio-las-localidades\/#breadcrumb\",\"itemListElement\":[{\"@type\":\"ListItem\",\"position\":1,\"name\":\"Portada\",\"item\":\"https:\/\/experienciadevida.com.ar\/portalurbano\/\"},{\"@type\":\"ListItem\",\"position\":2,\"name\":\"El equipo municipal de Personas Mayores recorri\u00f3 las localidades\"}]},{\"@type\":\"WebSite\",\"@id\":\"https:\/\/experienciadevida.com.ar\/portalurbano\/#website\",\"url\":\"https:\/\/experienciadevida.com.ar\/portalurbano\/\",\"name\":\"\",\"description\":\"\",\"publisher\":{\"@id\":\"https:\/\/experienciadevida.com.ar\/portalurbano\/#organization\"},\"potentialAction\":[{\"@type\":\"SearchAction\",\"target\":{\"@type\":\"EntryPoint\",\"urlTemplate\":\"https:\/\/experienciadevida.com.ar\/portalurbano\/?s={search_term_string}\"},\"query-input\":\"required name=search_term_string\"}],\"inLanguage\":\"es\"},{\"@type\":\"Organization\",\"@id\":\"https:\/\/experienciadevida.com.ar\/portalurbano\/#organization\",\"name\":\"Portal Urbano\",\"url\":\"https:\/\/experienciadevida.com.ar\/portalurbano\/\",\"logo\":{\"@type\":\"ImageObject\",\"inLanguage\":\"es\",\"@id\":\"https:\/\/experienciadevida.com.ar\/portalurbano\/#\/schema\/logo\/image\/\",\"url\":\"https:\/\/experienciadevida.com.ar\/portalurbano\/wp-content\/uploads\/2019\/09\/Logo-Original.png\",\"contentUrl\":\"https:\/\/experienciadevida.com.ar\/portalurbano\/wp-content\/uploads\/2019\/09\/Logo-Original.png\",\"width\":2236,\"height\":1216,\"caption\":\"Portal Urbano\"},\"image\":{\"@id\":\"https:\/\/experienciadevida.com.ar\/portalurbano\/#\/schema\/logo\/image\/\"},\"sameAs\":[\"https:\/\/www.facebook.com\/Portal-Urbano-171542830093757\/\",\"https:\/\/twitter.com\/portalurbanook\",\"https:\/\/www.instagram.com\/_portalurbano\/\",\"https:\/\/www.youtube.com\/channel\/UCXhagIfszH8KxFiOok79zbA?view_as=subscriber\"]},{\"@type\":\"Person\",\"@id\":\"https:\/\/experienciadevida.com.ar\/portalurbano\/#\/schema\/person\/02dd326b1c4b056e9cc972486934a3a7\",\"name\":\"admpu17wp\",\"image\":{\"@type\":\"ImageObject\",\"inLanguage\":\"es\",\"@id\":\"https:\/\/experienciadevida.com.ar\/portalurbano\/#\/schema\/person\/image\/\",\"url\":\"https:\/\/secure.gravatar.com\/avatar\/830d4c57adaae6630765e449a6908047?s=96&d=mm&r=g\",\"contentUrl\":\"https:\/\/secure.gravatar.com\/avatar\/830d4c57adaae6630765e449a6908047?s=96&d=mm&r=g\",\"caption\":\"admpu17wp\"}}]}<\/script>\n<!-- \/ Yoast SEO plugin. -->","yoast_head_json":{"title":"El equipo Municipal de personas mayores recorri\u00f3 las localidades","description":"El equipo municipal de Personas Mayores recorri\u00f3 las localidades, para difundir sus recursos y dialogar con la comunidad.","robots":{"index":"index","follow":"follow","max-snippet":"max-snippet:-1","max-image-preview":"max-image-preview:large","max-video-preview":"max-video-preview:-1"},"canonical":"https:\/\/experienciadevida.com.ar\/portalurbano\/el-equipo-municipal-de-personas-mayores-recorrio-las-localidades\/","og_locale":"es_ES","og_type":"article","og_title":"El equipo Municipal de personas mayores recorri\u00f3 las localidades","og_description":"El equipo municipal de Personas Mayores recorri\u00f3 las localidades, para difundir sus recursos y dialogar con la comunidad.","og_url":"https:\/\/experienciadevida.com.ar\/portalurbano\/el-equipo-municipal-de-personas-mayores-recorrio-las-localidades\/","article_publisher":"https:\/\/www.facebook.com\/Portal-Urbano-171542830093757\/","article_published_time":"2022-05-03T12:41:24+00:00","article_modified_time":"2022-05-03T12:47:00+00:00","og_image":[{"width":1024,"height":682,"url":"https:\/\/experienciadevida.com.ar\/portalurbano\/wp-content\/uploads\/2022\/05\/El-equipo-municipal-de.jpg","type":"image\/jpeg"}],"author":"admpu17wp","twitter_card":"summary_large_image","twitter_creator":"@portalurbanook","twitter_site":"@portalurbanook","twitter_misc":{"Escrito por":"admpu17wp","Tiempo de lectura":"2 minutos"},"schema":{"@context":"https:\/\/schema.org","@graph":[{"@type":"Article","@id":"https:\/\/experienciadevida.com.ar\/portalurbano\/el-equipo-municipal-de-personas-mayores-recorrio-las-localidades\/#article","isPartOf":{"@id":"https:\/\/experienciadevida.com.ar\/portalurbano\/el-equipo-municipal-de-personas-mayores-recorrio-las-localidades\/"},"author":{"name":"admpu17wp","@id":"https:\/\/experienciadevida.com.ar\/portalurbano\/#\/schema\/person\/02dd326b1c4b056e9cc972486934a3a7"},"headline":"El equipo municipal de Personas Mayores recorri\u00f3 las localidades","datePublished":"2022-05-03T12:41:24+00:00","dateModified":"2022-05-03T12:47:00+00:00","mainEntityOfPage":{"@id":"https:\/\/experienciadevida.com.ar\/portalurbano\/el-equipo-municipal-de-personas-mayores-recorrio-las-localidades\/"},"wordCount":310,"publisher":{"@id":"https:\/\/experienciadevida.com.ar\/portalurbano\/#organization"},"articleSection":["Ciudad","Destacadas 2"],"inLanguage":"es"},{"@type":"WebPage","@id":"https:\/\/experienciadevida.com.ar\/portalurbano\/el-equipo-municipal-de-personas-mayores-recorrio-las-localidades\/","url":"https:\/\/experienciadevida.com.ar\/portalurbano\/el-equipo-municipal-de-personas-mayores-recorrio-las-localidades\/","name":"El equipo Municipal de personas mayores recorri\u00f3 las localidades","isPartOf":{"@id":"https:\/\/experienciadevida.com.ar\/portalurbano\/#website"},"datePublished":"2022-05-03T12:41:24+00:00","dateModified":"2022-05-03T12:47:00+00:00","description":"El equipo municipal de Personas Mayores recorri\u00f3 las localidades, para difundir sus recursos y dialogar con la comunidad.","breadcrumb":{"@id":"https:\/\/experienciadevida.com.ar\/portalurbano\/el-equipo-municipal-de-personas-mayores-recorrio-las-localidades\/#breadcrumb"},"inLanguage":"es","potentialAction":[{"@type":"ReadAction","target":["https:\/\/experienciadevida.com.ar\/portalurbano\/el-equipo-municipal-de-personas-mayores-recorrio-las-localidades\/"]}]},{"@type":"BreadcrumbList","@id":"https:\/\/experienciadevida.com.ar\/portalurbano\/el-equipo-municipal-de-personas-mayores-recorrio-las-localidades\/#breadcrumb","itemListElement":[{"@type":"ListItem","position":1,"name":"Portada","item":"https:\/\/experienciadevida.com.ar\/portalurbano\/"},{"@type":"ListItem","position":2,"name":"El equipo municipal de Personas Mayores recorri\u00f3 las localidades"}]},{"@type":"WebSite","@id":"https:\/\/experienciadevida.com.ar\/portalurbano\/#website","url":"https:\/\/experienciadevida.com.ar\/portalurbano\/","name":"","description":"","publisher":{"@id":"https:\/\/experienciadevida.com.ar\/portalurbano\/#organization"},"potentialAction":[{"@type":"SearchAction","target":{"@type":"EntryPoint","urlTemplate":"https:\/\/experienciadevida.com.ar\/portalurbano\/?s={search_term_string}"},"query-input":"required name=search_term_string"}],"inLanguage":"es"},{"@type":"Organization","@id":"https:\/\/experienciadevida.com.ar\/portalurbano\/#organization","name":"Portal Urbano","url":"https:\/\/experienciadevida.com.ar\/portalurbano\/","logo":{"@type":"ImageObject","inLanguage":"es","@id":"https:\/\/experienciadevida.com.ar\/portalurbano\/#\/schema\/logo\/image\/","url":"https:\/\/experienciadevida.com.ar\/portalurbano\/wp-content\/uploads\/2019\/09\/Logo-Original.png","contentUrl":"https:\/\/experienciadevida.com.ar\/portalurbano\/wp-content\/uploads\/2019\/09\/Logo-Original.png","width":2236,"height":1216,"caption":"Portal Urbano"},"image":{"@id":"https:\/\/experienciadevida.com.ar\/portalurbano\/#\/schema\/logo\/image\/"},"sameAs":["https:\/\/www.facebook.com\/Portal-Urbano-171542830093757\/","https:\/\/twitter.com\/portalurbanook","https:\/\/www.instagram.com\/_portalurbano\/","https:\/\/www.youtube.com\/channel\/UCXhagIfszH8KxFiOok79zbA?view_as=subscriber"]},{"@type":"Person","@id":"https:\/\/experienciadevida.com.ar\/portalurbano\/#\/schema\/person\/02dd326b1c4b056e9cc972486934a3a7","name":"admpu17wp","image":{"@type":"ImageObject","inLanguage":"es","@id":"https:\/\/experienciadevida.com.ar\/portalurbano\/#\/schema\/person\/image\/","url":"https:\/\/secure.gravatar.com\/avatar\/830d4c57adaae6630765e449a6908047?s=96&d=mm&r=g","contentUrl":"https:\/\/secure.gravatar.com\/avatar\/830d4c57adaae6630765e449a6908047?s=96&d=mm&r=g","caption":"admpu17wp"}}]}},"featured_image_urls":{"full":["https:\/\/experienciadevida.com.ar\/portalurbano\/wp-content\/uploads\/2022\/05\/El-equipo-municipal-de.jpg",1024,682,false],"thumbnail":["https:\/\/experienciadevida.com.ar\/portalurbano\/wp-content\/uploads\/2022\/05\/El-equipo-municipal-de-150x150.jpg",150,150,true],"medium":["https:\/\/experienciadevida.com.ar\/portalurbano\/wp-content\/uploads\/2022\/05\/El-equipo-municipal-de-300x200.jpg",300,200,true],"medium_large":["https:\/\/experienciadevida.com.ar\/portalurbano\/wp-content\/uploads\/2022\/05\/El-equipo-municipal-de-768x512.jpg",640,427,true],"large":["https:\/\/experienciadevida.com.ar\/portalurbano\/wp-content\/uploads\/2022\/05\/El-equipo-municipal-de.jpg",640,426,false],"ug_big":["https:\/\/experienciadevida.com.ar\/portalurbano\/wp-content\/uploads\/2022\/05\/El-equipo-municipal-de-768x512.jpg",768,512,true],"1536x1536":["https:\/\/experienciadevida.com.ar\/portalurbano\/wp-content\/uploads\/2022\/05\/El-equipo-municipal-de.jpg",1024,682,false],"2048x2048":["https:\/\/experienciadevida.com.ar\/portalurbano\/wp-content\/uploads\/2022\/05\/El-equipo-municipal-de.jpg",1024,682,false],"newsever-slider-full":["https:\/\/experienciadevida.com.ar\/portalurbano\/wp-content\/uploads\/2022\/05\/El-equipo-municipal-de.jpg",1024,682,false],"newsever-featured":["https:\/\/experienciadevida.com.ar\/portalurbano\/wp-content\/uploads\/2022\/05\/El-equipo-municipal-de.jpg",1024,682,false],"newsever-medium":["https:\/\/experienciadevida.com.ar\/portalurbano\/wp-content\/uploads\/2022\/05\/El-equipo-municipal-de.jpg",713,475,false],"web-stories-poster-portrait":["https:\/\/experienciadevida.com.ar\/portalurbano\/wp-content\/uploads\/2022\/05\/El-equipo-municipal-de.jpg",640,426,false],"web-stories-publisher-logo":["https:\/\/experienciadevida.com.ar\/portalurbano\/wp-content\/uploads\/2022\/05\/El-equipo-municipal-de.jpg",96,64,false],"web-stories-thumbnail":["https:\/\/experienciadevida.com.ar\/portalurbano\/wp-content\/uploads\/2022\/05\/El-equipo-municipal-de.jpg",150,100,false]},"author_info":{"display_name":"admpu17wp","author_link":"https:\/\/experienciadevida.com.ar\/portalurbano\/author\/admpu17wp\/"},"category_info":"<a href=\"https:\/\/experienciadevida.com.ar\/portalurbano\/category\/ciudad\/\" rel=\"category tag\">Ciudad<\/a> <a href=\"https:\/\/experienciadevida.com.ar\/portalurbano\/category\/destacadas-2\/\" rel=\"category tag\">Destacadas 2<\/a>","tag_info":"Destacadas 2","comment_count":"0","amp_enabled":true,"_links":{"self":[{"href":"https:\/\/experienciadevida.com.ar\/portalurbano\/wp-json\/wp\/v2\/posts\/166982"}],"collection":[{"href":"https:\/\/experienciadevida.com.ar\/portalurbano\/wp-json\/wp\/v2\/posts"}],"about":[{"href":"https:\/\/experienciadevida.com.ar\/portalurbano\/wp-json\/wp\/v2\/types\/post"}],"author":[{"embeddable":true,"href":"https:\/\/experienciadevida.com.ar\/portalurbano\/wp-json\/wp\/v2\/users\/1"}],"replies":[{"embeddable":true,"href":"https:\/\/experienciadevida.com.ar\/portalurbano\/wp-json\/wp\/v2\/comments?post=166982"}],"version-history":[{"count":1,"href":"https:\/\/experienciadevida.com.ar\/portalurbano\/wp-json\/wp\/v2\/posts\/166982\/revisions"}],"predecessor-version":[{"id":166984,"href":"https:\/\/experienciadevida.com.ar\/portalurbano\/wp-json\/wp\/v2\/posts\/166982\/revisions\/166984"}],"wp:featuredmedia":[{"embeddable":true,"href":"https:\/\/experienciadevida.com.ar\/portalurbano\/wp-json\/wp\/v2\/media\/166983"}],"wp:attachment":[{"href":"https:\/\/experienciadevida.com.ar\/portalurbano\/wp-json\/wp\/v2\/media?parent=166982"}],"wp:term":[{"taxonomy":"category","embeddable":true,"href":"https:\/\/experienciadevida.com.ar\/portalurbano\/wp-json\/wp\/v2\/categories?post=166982"},{"taxonomy":"post_tag","embeddable":true,"href":"https:\/\/experienciadevida.com.ar\/portalurbano\/wp-json\/wp\/v2\/tags?post=166982"}],"curies":[{"name":"wp","href":"https:\/\/api.w.org\/{rel}","templated":true}]}}