{"id":166959,"date":"2022-05-02T19:37:18","date_gmt":"2022-05-02T22:37:18","guid":{"rendered":"https:\/\/experienciadevida.com.ar\/portalurbano\/?p=166959"},"modified":"2022-05-02T19:37:18","modified_gmt":"2022-05-02T22:37:18","slug":"aitala-la-fabrica-de-fideos-de-origen-italiano-que-elabora-como-en-sicilia-pero-en-olavarria","status":"publish","type":"post","link":"https:\/\/experienciadevida.com.ar\/portalurbano\/aitala-la-fabrica-de-fideos-de-origen-italiano-que-elabora-como-en-sicilia-pero-en-olavarria\/","title":{"rendered":"Aitala, la f\u00e1brica de fideos de origen italiano que elabora como en Sicilia"},"content":{"rendered":"<h2 class=\"com-subhead --bajada --m-xs\">Viaje a la historia de la fideer\u00eda familiar emblem\u00e1tica de nuestra ciudad, fundada en 1913, que a\u00fan mantiene el esp\u00edritu artesanal de la \u00e9poca.<\/h2>\n<p>\u201cNosotros seguimos con las recetas de muchos a\u00f1os atr\u00e1s. Pasaron los pap\u00e1s, los abuelos y los t\u00edos de Aldo. Hacemos un fideo de s\u00e9mola cien por cien, y ac\u00e1 en la zona somos una marca super reconocida\u201d, asegura <strong>C\u00e9sar Demetrio Benigni<\/strong>, socio reciente de la\u00a0<strong>emblem\u00e1tica fideer\u00eda Aitala de Olavarr\u00eda, que naci\u00f3 en 1913 en la misma esquina que ocupa hasta hoy en d\u00eda,<\/strong>\u00a0en la intersecci\u00f3n de las calles Alsina y Coronel Su\u00e1rez, a una cuadra de la plaza central, Coronel Olavarr\u00eda.<\/p>\n<div data-fusion-lazy-id=\"f0f3dk27EXgRzR\">\n<div class=\"row \">\n<div class=\"mod-banner --bg-banner \"><\/div>\n<\/div>\n<div class=\"content-media\">\n<section class=\"mod-media   \" role=\"button\">\n<figure class=\"mod-figure --vertical\" role=\"button\">\n<div class=\"placeholder \"><img decoding=\"async\" class=\"i-amphtml-fill-content i-amphtml-replaced-content\" src=\"https:\/\/resizer.glanacion.com\/resizer\/QC506tGm9I_Y5jOg4ATJG9yWMc8=\/310x0\/filters:format(webp):quality(80)\/cloudfront-us-east-1.images.arcpublishing.com\/lanacionar\/A5XC6KEBZ5BYLKEHDPT4CCKRV4.jpg%20310w\" sizes=\"(max-width: 1034px) 901px, 100vw\" srcset=\"https:\/\/resizer.glanacion.com\/resizer\/AzwUGJHmGLqf_QA2R06p9YfpyPs=\/879x0\/filters:format(webp):quality(80)\/cloudfront-us-east-1.images.arcpublishing.com\/lanacionar\/A5XC6KEBZ5BYLKEHDPT4CCKRV4.jpg 879w, https:\/\/resizer.glanacion.com\/resizer\/732Vwp1WnvR7KFSRbkb5zRxpWGM=\/690x0\/filters:format(webp):quality(80)\/cloudfront-us-east-1.images.arcpublishing.com\/lanacionar\/A5XC6KEBZ5BYLKEHDPT4CCKRV4.jpg 690w, https:\/\/resizer.glanacion.com\/resizer\/tzgvKa9wZW9gTeCHp2bA1ZxS3wY=\/768x0\/filters:format(webp):quality(80)\/cloudfront-us-east-1.images.arcpublishing.com\/lanacionar\/A5XC6KEBZ5BYLKEHDPT4CCKRV4.jpg 768w, https:\/\/resizer.glanacion.com\/resizer\/KxpZLjK-WlyIVpb4LCxls8qNTQ8=\/350x0\/filters:format(webp):quality(80)\/cloudfront-us-east-1.images.arcpublishing.com\/lanacionar\/A5XC6KEBZ5BYLKEHDPT4CCKRV4.jpg 350w, https:\/\/resizer.glanacion.com\/resizer\/QC506tGm9I_Y5jOg4ATJG9yWMc8=\/310x0\/filters:format(webp):quality(80)\/cloudfront-us-east-1.images.arcpublishing.com\/lanacionar\/A5XC6KEBZ5BYLKEHDPT4CCKRV4.jpg 310w\" alt=\"Aitala, marca tradicional de Olavarr\u00eda.\" data-amp-auto-lightbox-disable=\"true\" data-wp-editing=\"1\" \/><\/div><figcaption class=\"mod-figcaption\"><span class=\"com-text --caption --twoxs\">Aitala, marca tradicional de Olavarr\u00eda.<\/span><span class=\"com-text --credit --twoxs\">Guido Piotrkowski<\/span><\/figcaption><\/figure>\n<\/section>\n<\/div>\n<p class=\"com-paragraph   --s\">\u201cYo soy cuarta generaci\u00f3n.\u00a0<strong>Mi bisabuelo Egidio fue el fundador<\/strong>. Apenas vino de Italia, empez\u00f3 a trabajar en una f\u00e1brica de pastas frescas que se llamaba\u00a0<em>Cerecetto<\/em>. Pero a los tres a\u00f1os arranc\u00f3 con la empresa familiar. Mi abuelo ten\u00eda 8 hermanos. Al principio, trabajaban todos ac\u00e1, y despu\u00e9s se fueron yendo\u201d, relata hoy Aldo Lantieri, bisnieto del fundador, dentro del ic\u00f3nico local que mantiene el esp\u00edritu de anta\u00f1o.<\/p>\n<div class=\"row \">\n<div class=\"mod-banner --bg-banner \"><\/div>\n<\/div>\n<h2 class=\"com-title --l\">El local<\/h2>\n<p class=\"com-paragraph   --s\">Las\u00a0<strong>cajoneras de madera<\/strong>, donde se exhib\u00edan los fideos frescos a granel, est\u00e1n intactas, Hoy, los fideos se venden en\u00a0<strong>paquetes<\/strong>\u00a0pero mantienen la receta original de sus inicios. Sobre el mostrador, tambi\u00e9n de madera, hay una vieja balanza, y sobre el aparador detr\u00e1s, una foto antigua, coloreada, del fundador.<\/p>\n<div class=\"content-media\">\n<section class=\"mod-media   \" role=\"button\">\n<figure class=\"mod-figure --horizontal\" role=\"button\">\n<div class=\"placeholder \"><img decoding=\"async\" class=\"i-amphtml-fill-content i-amphtml-replaced-content\" src=\"https:\/\/resizer.glanacion.com\/resizer\/5197Q2mhuqxLNFRH7fszU5zbT6s=\/310x0\/filters:format(webp):quality(80)\/cloudfront-us-east-1.images.arcpublishing.com\/lanacionar\/4L7P4BRAGJEYBFQJCDATIFRC2I.jpg%20310w\" sizes=\"(max-width: 1366px) 731px, 100vw\" srcset=\"https:\/\/resizer.glanacion.com\/resizer\/N5KHytuCqkKV69wSfI1mN76-ZCg=\/879x0\/filters:format(webp):quality(80)\/cloudfront-us-east-1.images.arcpublishing.com\/lanacionar\/4L7P4BRAGJEYBFQJCDATIFRC2I.jpg 879w, https:\/\/resizer.glanacion.com\/resizer\/DiI8uuWYpaAQNB_mAcYpm1yb1fw=\/690x0\/filters:format(webp):quality(80)\/cloudfront-us-east-1.images.arcpublishing.com\/lanacionar\/4L7P4BRAGJEYBFQJCDATIFRC2I.jpg 690w, https:\/\/resizer.glanacion.com\/resizer\/bwFvyBH964vFjpJXNVdVTwKuDF4=\/768x0\/filters:format(webp):quality(80)\/cloudfront-us-east-1.images.arcpublishing.com\/lanacionar\/4L7P4BRAGJEYBFQJCDATIFRC2I.jpg 768w, https:\/\/resizer.glanacion.com\/resizer\/T3CahINgshiH2Vhd2S72JQH_1To=\/350x0\/filters:format(webp):quality(80)\/cloudfront-us-east-1.images.arcpublishing.com\/lanacionar\/4L7P4BRAGJEYBFQJCDATIFRC2I.jpg 350w, https:\/\/resizer.glanacion.com\/resizer\/5197Q2mhuqxLNFRH7fszU5zbT6s=\/310x0\/filters:format(webp):quality(80)\/cloudfront-us-east-1.images.arcpublishing.com\/lanacionar\/4L7P4BRAGJEYBFQJCDATIFRC2I.jpg 310w\" alt=\"Paquetes de fideos Aitala. Los fetuccini verdes y los vermicelli son los m\u00e1s vendidos.\" data-amp-auto-lightbox-disable=\"true\" data-wp-editing=\"1\" \/><\/div><figcaption class=\"mod-figcaption\"><span class=\"com-text --caption --twoxs\">Paquetes de fideos Aitala. Los fetuccini verdes y los vermicelli son los m\u00e1s vendidos.<\/span><span class=\"com-text --credit --twoxs\">Guido Piotrkowski<\/span><\/figcaption><\/figure>\n<\/section>\n<\/div>\n<div class=\"row \">\n<div class=\"mod-banner --bg-banner \"><\/div>\n<\/div>\n<p class=\"com-paragraph   --s\">En la vidriera se exhiben herramientas de trabajo de \u00e9poca y en alg\u00fan caj\u00f3n atesoran el primer libro contable, que data del a\u00f1o 1933. Est\u00e1 escrito a mano, con letra precisa, perfecta, redondeada, como si estuviera hecho por un cal\u00edgrafo. \u201cTen\u00edan buena letra porque en ese tiempo se escrib\u00eda mojando la pluma, no hab\u00eda biromes\u201d, apunta Aldo.<\/p>\n<div class=\"content-media\">\n<section class=\"mod-media   \" role=\"button\">\n<figure class=\"mod-figure --vertical\" role=\"button\">\n<div class=\"placeholder \"><img decoding=\"async\" class=\"i-amphtml-fill-content i-amphtml-replaced-content\" src=\"https:\/\/resizer.glanacion.com\/resizer\/iplgMIWNWJXkpTouDN0Yl38V3sM=\/310x0\/filters:format(webp):quality(80)\/cloudfront-us-east-1.images.arcpublishing.com\/lanacionar\/IZOPVADN75DKTEM4ZW2YJAOHMY.jpg%20310w\" sizes=\"(max-width: 1366px) 731px, 100vw\" srcset=\"https:\/\/resizer.glanacion.com\/resizer\/zZE9OHDcv-YhgbNqay7ejSBMzKo=\/879x0\/filters:format(webp):quality(80)\/cloudfront-us-east-1.images.arcpublishing.com\/lanacionar\/IZOPVADN75DKTEM4ZW2YJAOHMY.jpg 879w, https:\/\/resizer.glanacion.com\/resizer\/-sqBuz5UhOcBz7V7vtwaKCQ3I5c=\/690x0\/filters:format(webp):quality(80)\/cloudfront-us-east-1.images.arcpublishing.com\/lanacionar\/IZOPVADN75DKTEM4ZW2YJAOHMY.jpg 690w, https:\/\/resizer.glanacion.com\/resizer\/DBAzDfQI0UlbMJ4X71Od4jE1P28=\/768x0\/filters:format(webp):quality(80)\/cloudfront-us-east-1.images.arcpublishing.com\/lanacionar\/IZOPVADN75DKTEM4ZW2YJAOHMY.jpg 768w, https:\/\/resizer.glanacion.com\/resizer\/YOmYE8RJ2tXt-l-mMyfqpud4G0M=\/350x0\/filters:format(webp):quality(80)\/cloudfront-us-east-1.images.arcpublishing.com\/lanacionar\/IZOPVADN75DKTEM4ZW2YJAOHMY.jpg 350w, https:\/\/resizer.glanacion.com\/resizer\/iplgMIWNWJXkpTouDN0Yl38V3sM=\/310x0\/filters:format(webp):quality(80)\/cloudfront-us-east-1.images.arcpublishing.com\/lanacionar\/IZOPVADN75DKTEM4ZW2YJAOHMY.jpg 310w\" alt=\"Don Egidio Aitala, fundador del tradicional linaje fideero de Olavarr\u00eda.\" data-amp-auto-lightbox-disable=\"true\" \/><\/div><figcaption class=\"mod-figcaption\"><span class=\"com-text --caption --twoxs\">Don Egidio Aitala, fundador del tradicional linaje fideero de Olavarr\u00eda.<\/span><span class=\"com-text --credit --twoxs\">Guido Piotrkowski<\/span><\/figcaption><\/figure>\n<\/section>\n<\/div>\n<p class=\"com-paragraph   --s\">Atr\u00e1s del hist\u00f3rico local se abre una puerta a otro mundo, donde el universo comercial se vuelve fabril.\u00a0<strong>Es que los fideos que se venden ac\u00e1, se fabrican\u00a0<\/strong><em><strong>in situ<\/strong><\/em><em>,<\/em>\u00a0en un gigantesco galp\u00f3n de dos plantas y 1200 m2, dentro de este edificio centenario, construido en el a\u00f1o 1920.<\/p>\n<h2 class=\"com-title --l\">La f\u00e1brica<\/h2>\n<p class=\"com-paragraph   --s\">Aldo y C\u00e9sar invitan a pasar. En los pasillos hay fotos hist\u00f3ricas, que ayudan a contar, de alguna manera, la historia de este emprendimiento tan ligado a la historia local, cercano a cumplir 110 a\u00f1os de vida y que\u00a0<strong>en su mejor momento lleg\u00f3 a emplear unas 60 personas.\u00a0<\/strong>Que sufri\u00f3 dos inundaciones y un incendio, pero que, como el ave F\u00e9nix, resurgi\u00f3 una y otra vez.<\/p>\n<div class=\"content-media\">\n<section class=\"mod-media   \" role=\"button\">\n<figure class=\"mod-figure --vertical\" role=\"button\">\n<div class=\"placeholder \"><img decoding=\"async\" class=\"i-amphtml-fill-content i-amphtml-replaced-content\" src=\"https:\/\/resizer.glanacion.com\/resizer\/LXJsfzmckQ8fCsa3Q7TKP0ayp8A=\/310x0\/filters:format(webp):quality(80)\/cloudfront-us-east-1.images.arcpublishing.com\/lanacionar\/VS3DVANPMZGXRFNKVT5LLBVLKA.jpg%20310w\" sizes=\"(max-width: 1366px) 731px, 100vw\" srcset=\"https:\/\/resizer.glanacion.com\/resizer\/zpjD-RrLzDtZuVrZ5S_598SCERc=\/879x0\/filters:format(webp):quality(80)\/cloudfront-us-east-1.images.arcpublishing.com\/lanacionar\/VS3DVANPMZGXRFNKVT5LLBVLKA.jpg 879w, https:\/\/resizer.glanacion.com\/resizer\/-oXZbvOP7DOMhPVu-hWfdmKQurM=\/690x0\/filters:format(webp):quality(80)\/cloudfront-us-east-1.images.arcpublishing.com\/lanacionar\/VS3DVANPMZGXRFNKVT5LLBVLKA.jpg 690w, https:\/\/resizer.glanacion.com\/resizer\/JgtN1WQJj453tQlS0ydzsfDsnp0=\/768x0\/filters:format(webp):quality(80)\/cloudfront-us-east-1.images.arcpublishing.com\/lanacionar\/VS3DVANPMZGXRFNKVT5LLBVLKA.jpg 768w, https:\/\/resizer.glanacion.com\/resizer\/ud7Tt3TMSl4tcBzX8IIRQxRtgTI=\/350x0\/filters:format(webp):quality(80)\/cloudfront-us-east-1.images.arcpublishing.com\/lanacionar\/VS3DVANPMZGXRFNKVT5LLBVLKA.jpg 350w, https:\/\/resizer.glanacion.com\/resizer\/LXJsfzmckQ8fCsa3Q7TKP0ayp8A=\/310x0\/filters:format(webp):quality(80)\/cloudfront-us-east-1.images.arcpublishing.com\/lanacionar\/VS3DVANPMZGXRFNKVT5LLBVLKA.jpg 310w\" alt=\"Las cajoneras de madera a\u00fan se utilizan en Aitala, aunque solo los recortes se venden a granel.\" data-amp-auto-lightbox-disable=\"true\" \/><\/div><figcaption class=\"mod-figcaption\"><span class=\"com-text --caption --twoxs\">Las cajoneras de madera a\u00fan se utilizan en Aitala, aunque solo los recortes se venden a granel.<\/span><span class=\"com-text --credit --twoxs\">Guido Piotrkowski<\/span><\/figcaption><\/figure>\n<\/section>\n<\/div>\n<p class=\"com-paragraph   --s\">En una de las fotos, de 1920, se ve la fachada de la planta, contigua al local, que est\u00e1 igual que hoy en d\u00eda. Aldo muestra otro foto en blanco y negro, donde se ve a un grupo de trabajadores en la puerta, cargando la mercader\u00eda que luego ser\u00eda transportada en tren.<\/p>\n<p class=\"com-paragraph   --s\">La f\u00e1brica cuenta con m\u00e1quinas para elaborar y empaquetar. Los fideos, luego, reposan,\u00a0<strong>acomodados prolijamente para su secado, dentro de unas cajoneras centenarias de madera, que contrastan con el fr\u00edo met\u00e1licos de las m\u00e1quinas.\u00a0<\/strong>Al lado, dos operarios trabajan en una empaquetadora.<\/p>\n<div class=\"content-media\">\n<section class=\"mod-media   \" role=\"button\">\n<figure class=\"mod-figure --horizontal\" role=\"button\">\n<div class=\"placeholder \"><img decoding=\"async\" class=\"i-amphtml-fill-content i-amphtml-replaced-content\" src=\"https:\/\/resizer.glanacion.com\/resizer\/Tsvi7plccgVT2ujcH10hlEB9p-s=\/310x0\/filters:format(webp):quality(80)\/cloudfront-us-east-1.images.arcpublishing.com\/lanacionar\/Z72A6E3FPZAZHD22V6YIZOXJSM.jpg%20310w\" sizes=\"(max-width: 1366px) 731px, 100vw\" srcset=\"https:\/\/resizer.glanacion.com\/resizer\/1uERCbmka9gspHI7aV9K2ujE2lg=\/879x0\/filters:format(webp):quality(80)\/cloudfront-us-east-1.images.arcpublishing.com\/lanacionar\/Z72A6E3FPZAZHD22V6YIZOXJSM.jpg 879w, https:\/\/resizer.glanacion.com\/resizer\/OR4d87MVrLZZdsNhhisAdZYnpK8=\/690x0\/filters:format(webp):quality(80)\/cloudfront-us-east-1.images.arcpublishing.com\/lanacionar\/Z72A6E3FPZAZHD22V6YIZOXJSM.jpg 690w, https:\/\/resizer.glanacion.com\/resizer\/_3_e7BZFly7UxFEWn-6odMP-Dfs=\/768x0\/filters:format(webp):quality(80)\/cloudfront-us-east-1.images.arcpublishing.com\/lanacionar\/Z72A6E3FPZAZHD22V6YIZOXJSM.jpg 768w, https:\/\/resizer.glanacion.com\/resizer\/l-z0dbBX_la_FQF08OHLP0p34WU=\/350x0\/filters:format(webp):quality(80)\/cloudfront-us-east-1.images.arcpublishing.com\/lanacionar\/Z72A6E3FPZAZHD22V6YIZOXJSM.jpg 350w, https:\/\/resizer.glanacion.com\/resizer\/Tsvi7plccgVT2ujcH10hlEB9p-s=\/310x0\/filters:format(webp):quality(80)\/cloudfront-us-east-1.images.arcpublishing.com\/lanacionar\/Z72A6E3FPZAZHD22V6YIZOXJSM.jpg 310w\" alt=\"El frente de la f\u00e1brica Aitala hacia 1920.\" data-amp-auto-lightbox-disable=\"true\" \/><\/div><figcaption class=\"mod-figcaption\"><span class=\"com-text --caption --twoxs\">El frente de la f\u00e1brica Aitala hacia 1920.<\/span><span class=\"com-text --credit --twoxs\">\u00c1lbum familia Aitala<\/span><\/figcaption><\/figure>\n<\/section>\n<\/div>\n<p class=\"com-paragraph   --s\">En el medio de la planta baja, otra m\u00e1quina, gigantesca, chupa la s\u00e9mola de los silos. C\u00e9sar toma un poco de esa materia prima en su mano, y aclara: \u201c<strong>Es trigo candeal<\/strong>, no es harina. La gente por ah\u00ed no sabe, pero el fideo es m\u00e1s caro porque esto vale casi el doble que la harina com\u00fan\u201d, resalta. \u201cLos tiempos de hoy se hacen complicados para las pymes familiares. Tenemos m\u00e1quinas, pero esto es elaboraci\u00f3n artesanal, porque son mucho m\u00e1s lentas. El costo del fideo y la calidad es distinta a otras marcas de mayor producci\u00f3n\u201d, agrega Benigni, que hace\u00a0<strong>unos cinco a\u00f1os compr\u00f3 la fideer\u00eda junto a su socio Alejandro Weimann.<\/strong><\/p>\n<div class=\"content-media\">\n<section class=\"mod-media   \" role=\"button\">\n<figure class=\"mod-figure --horizontal\" role=\"button\">\n<div class=\"placeholder \"><img decoding=\"async\" class=\"i-amphtml-fill-content i-amphtml-replaced-content\" src=\"https:\/\/resizer.glanacion.com\/resizer\/4L0YpyAwGyVP07sGniqNActoeUQ=\/310x0\/filters:format(webp):quality(80)\/cloudfront-us-east-1.images.arcpublishing.com\/lanacionar\/RQQMNRJS6BCFHJAS66FECID76A.jpg%20310w\" sizes=\"(max-width: 1366px) 731px, 100vw\" srcset=\"https:\/\/resizer.glanacion.com\/resizer\/bOHkyKy62zdz-Ei98IMS8Yf4JYY=\/879x0\/filters:format(webp):quality(80)\/cloudfront-us-east-1.images.arcpublishing.com\/lanacionar\/RQQMNRJS6BCFHJAS66FECID76A.jpg 879w, https:\/\/resizer.glanacion.com\/resizer\/PhsqRX5ru2g-hNQ4esn-NHq3WOw=\/690x0\/filters:format(webp):quality(80)\/cloudfront-us-east-1.images.arcpublishing.com\/lanacionar\/RQQMNRJS6BCFHJAS66FECID76A.jpg 690w, https:\/\/resizer.glanacion.com\/resizer\/d5fzguTZfIBIaX4qcQnpsWwH7Mc=\/768x0\/filters:format(webp):quality(80)\/cloudfront-us-east-1.images.arcpublishing.com\/lanacionar\/RQQMNRJS6BCFHJAS66FECID76A.jpg 768w, https:\/\/resizer.glanacion.com\/resizer\/QqP2iFp1ZJpBzU8awmw0EHI1vCo=\/350x0\/filters:format(webp):quality(80)\/cloudfront-us-east-1.images.arcpublishing.com\/lanacionar\/RQQMNRJS6BCFHJAS66FECID76A.jpg 350w, https:\/\/resizer.glanacion.com\/resizer\/4L0YpyAwGyVP07sGniqNActoeUQ=\/310x0\/filters:format(webp):quality(80)\/cloudfront-us-east-1.images.arcpublishing.com\/lanacionar\/RQQMNRJS6BCFHJAS66FECID76A.jpg 310w\" alt=\"Los libros contables dan cuenta de los a\u00f1os de la f\u00e1brica Aitala.\" data-amp-auto-lightbox-disable=\"true\" \/><\/div><figcaption class=\"mod-figcaption\"><span class=\"com-text --caption --twoxs\">Los libros contables dan cuenta de los a\u00f1os de la f\u00e1brica Aitala.<\/span><span class=\"com-text --credit --twoxs\">Guido Piotrkowski<\/span><\/figcaption><\/figure>\n<\/section>\n<\/div>\n<p class=\"com-paragraph   --s\">Ambos son empresarios de larga trayectoria en la ciudad. Benigni, por ejemplo, es el due\u00f1o del\u00a0<em>Hotel Demetrio<\/em>, y fue uno de los impulsores del proyecto del Museo Emiliozzi, que enaltece la vida de los hermanos Emiliozzi, pr\u00f3ceres del automovilismo local. Aldo, quien conoce la f\u00e1brica como la palma de su mano, qued\u00f3 como el encargado de la planta. Y se ocupa de recalcar que el proceso es pr\u00e1cticamente casero. \u201cEs como una pasta linda de tu casa. No lo hace nadie\u201d, aclara Dante sobre esta f\u00e1brica que produce\u00a0<strong>50 toneladas de fideos por mes<\/strong>, unos cien mil paquetes.<\/p>\n<h2 class=\"com-title --l\">La actualidad<\/h2>\n<p class=\"com-paragraph   --s\">En un principio los fideos se vend\u00edan sueltos, por peso. Pero ahora, solo venden a granel lo que ellos llaman un \u201crecorte\u201d, que es como la segunda selecci\u00f3n de la ropa. \u201cEso sucede cuando la m\u00e1quina termina, y larga un fideo de la misma calidad pero que sale manchado y se vende m\u00e1s barato\u201d, aclara Benigni. \u201cLas m\u00e1quinas son de los a\u00f1os 80, tienen cuarenta a\u00f1os\u201d, se\u00f1ala Aldo, quien se apasiona explicando el proceso y los distintos tipos de elaboraci\u00f3n que tan bien conoce. Es que desde chico correteaba por los pasillos y galpones de la f\u00e1brica.<\/p>\n<div class=\"content-media\">\n<section class=\"mod-media   \" role=\"button\">\n<figure class=\"mod-figure --vertical\" role=\"button\">\n<div class=\"placeholder \"><img decoding=\"async\" class=\"i-amphtml-fill-content i-amphtml-replaced-content\" src=\"https:\/\/resizer.glanacion.com\/resizer\/s5eKzqHQy9-Doa2hMRWCbAj-BUc=\/310x0\/filters:format(webp):quality(80)\/cloudfront-us-east-1.images.arcpublishing.com\/lanacionar\/ZQJU7XFXIFD3BIQKS4POZLLTNA.jpg%20310w\" sizes=\"(max-width: 1366px) 731px, 100vw\" srcset=\"https:\/\/resizer.glanacion.com\/resizer\/z1OmK_AmKJvZwm_wqxwNbTQf43s=\/879x0\/filters:format(webp):quality(80)\/cloudfront-us-east-1.images.arcpublishing.com\/lanacionar\/ZQJU7XFXIFD3BIQKS4POZLLTNA.jpg 879w, https:\/\/resizer.glanacion.com\/resizer\/iC4G7cIOgvD0gj1kPIGDz5rC34g=\/690x0\/filters:format(webp):quality(80)\/cloudfront-us-east-1.images.arcpublishing.com\/lanacionar\/ZQJU7XFXIFD3BIQKS4POZLLTNA.jpg 690w, https:\/\/resizer.glanacion.com\/resizer\/lKAa_vVk7Ten5npOAv25DeAwYAI=\/768x0\/filters:format(webp):quality(80)\/cloudfront-us-east-1.images.arcpublishing.com\/lanacionar\/ZQJU7XFXIFD3BIQKS4POZLLTNA.jpg 768w, https:\/\/resizer.glanacion.com\/resizer\/x37_PpvygsNIA6ahKC5siNtYMpU=\/350x0\/filters:format(webp):quality(80)\/cloudfront-us-east-1.images.arcpublishing.com\/lanacionar\/ZQJU7XFXIFD3BIQKS4POZLLTNA.jpg 350w, https:\/\/resizer.glanacion.com\/resizer\/s5eKzqHQy9-Doa2hMRWCbAj-BUc=\/310x0\/filters:format(webp):quality(80)\/cloudfront-us-east-1.images.arcpublishing.com\/lanacionar\/ZQJU7XFXIFD3BIQKS4POZLLTNA.jpg 310w\" alt=\"Los fideos se secan en estanter\u00edas de madera, como antes.\" data-amp-auto-lightbox-disable=\"true\" \/><\/div><figcaption class=\"mod-figcaption\"><span class=\"com-text --caption --twoxs\">Los fideos se secan en estanter\u00edas de madera, como antes.<\/span><span class=\"com-text --credit --twoxs\">Guido Piotrkowski<\/span><\/figcaption><\/figure>\n<\/section>\n<\/div>\n<p class=\"com-paragraph   --s\">Los fideos se elaboran en la planta baja, y arriba est\u00e1 el horno. El dep\u00f3sito es el \u00faltimo eslab\u00f3n de la cadena. En este sector hay miles de paquetes apilados, y tambi\u00e9n rollos de etiquetas para las m\u00e1s de 30 clases de fideos: guisero, mostacholes, soperos, vermichelis, coditos Los que m\u00e1s salen, coindicen ambos, son\u00a0<strong>los fetuchinis verdes y los vermichelis.<\/strong>\u00a0Despu\u00e9s, le siguen los guiseros.<\/p>\n<p class=\"com-paragraph   --s\">A pesar del car\u00e1cter semiartesanal de su producci\u00f3n, en Aitala quieren ampliarse a nivel nacional. Por ahora mantienen una\u00a0<strong>distribuci\u00f3n provincial<\/strong>, en una zona de 400 kil\u00f3metros de influencia, de ciudades cercanas como Azul, Tandil, Bol\u00edvar, Lamadrid, Azul, Laprida, Coronel Su\u00e1rez, hasta Mar del Plata hasta y La Pampa.<\/p>\n<h2 class=\"com-title --l\">La historia familiar y la caldera inglesa<\/h2>\n<p class=\"com-paragraph   --s\">\u201cAhora te vamos a mostrar la caldera\u201d, avisa Benigni y conduce a una sala en el fondo del primer piso,\u00a0<strong>donde atesoran una locomotora inglesa, una reliquia hermosa.\u00a0<\/strong>\u201cEn la \u00e9poca en que Argentina andaba con problemas de electricidad, en los 70, generaban energ\u00eda con esta antigua locomotora, que trajeron en barco desde Inglaterra\u201d, apunta Benigni.<\/p>\n<div class=\"content-media\">\n<section class=\"mod-media   \" role=\"button\">\n<figure class=\"mod-figure --horizontal\" role=\"button\">\n<div class=\"placeholder \"><img decoding=\"async\" class=\"i-amphtml-fill-content i-amphtml-replaced-content\" src=\"https:\/\/resizer.glanacion.com\/resizer\/eJ6fnmcarPTVDPl1NxhuMZDTgtE=\/310x0\/filters:format(webp):quality(80)\/cloudfront-us-east-1.images.arcpublishing.com\/lanacionar\/F5MS4YQ6VJCV3MBBFTLVUI4WUQ.jpg%20310w\" sizes=\"(max-width: 1366px) 731px, 100vw\" srcset=\"https:\/\/resizer.glanacion.com\/resizer\/TZUTqmWklUKtBDkKOJrJwZhBtOs=\/879x0\/filters:format(webp):quality(80)\/cloudfront-us-east-1.images.arcpublishing.com\/lanacionar\/F5MS4YQ6VJCV3MBBFTLVUI4WUQ.jpg 879w, https:\/\/resizer.glanacion.com\/resizer\/E9M18WweY3SFZ2-IVUbvpDqTm_M=\/690x0\/filters:format(webp):quality(80)\/cloudfront-us-east-1.images.arcpublishing.com\/lanacionar\/F5MS4YQ6VJCV3MBBFTLVUI4WUQ.jpg 690w, https:\/\/resizer.glanacion.com\/resizer\/dPSo3BQJJd6uh8bokhvctn6kldg=\/768x0\/filters:format(webp):quality(80)\/cloudfront-us-east-1.images.arcpublishing.com\/lanacionar\/F5MS4YQ6VJCV3MBBFTLVUI4WUQ.jpg 768w, https:\/\/resizer.glanacion.com\/resizer\/KDTB0rwo8lMale2E7UXLuU9cEtU=\/350x0\/filters:format(webp):quality(80)\/cloudfront-us-east-1.images.arcpublishing.com\/lanacionar\/F5MS4YQ6VJCV3MBBFTLVUI4WUQ.jpg 350w, https:\/\/resizer.glanacion.com\/resizer\/eJ6fnmcarPTVDPl1NxhuMZDTgtE=\/310x0\/filters:format(webp):quality(80)\/cloudfront-us-east-1.images.arcpublishing.com\/lanacionar\/F5MS4YQ6VJCV3MBBFTLVUI4WUQ.jpg 310w\" alt=\"Salvador Aitala con su hermano Antonio, ambos hijos de don Egidio (el fundador). El peque\u00f1o es t\u00edo de Aldo Lantieri. Se llamaba tambi\u00e9n Salvador, y continu\u00f3 con la f\u00e1brica como tercera generaci\u00f3n de Aitala.\" data-amp-auto-lightbox-disable=\"true\" \/><\/div><figcaption class=\"mod-figcaption\"><span class=\"com-text --caption --twoxs\">Salvador Aitala con su hermano Antonio, ambos hijos de don Egidio (el fundador). El peque\u00f1o es t\u00edo de Aldo Lantieri. Se llamaba tambi\u00e9n Salvador, y continu\u00f3 con la f\u00e1brica como tercera generaci\u00f3n de Aitala.<\/span><span class=\"com-text --credit --twoxs\">Album familia Aitala<\/span><\/figcaption><\/figure>\n<\/section>\n<\/div>\n<p class=\"com-paragraph   --s\">\u201cAc\u00e1 viv\u00edan mis bisabuelos, justo en esta parte, donde est\u00e1 el cartel\u201d, se\u00f1ala Aldo, ahora en un sector del segundo piso, parado al lado del horno, frente a la ventana que da a la calle Coronel Su\u00e1rez. El cartel al que se refiere es el de la fachada, que en realidad son las letras talladas sobre el muro que dice\u00a0<strong>Fideer\u00eda\u00a0<\/strong><strong>Egidio Aitala<\/strong>.\u00a0Lo que le da pie para resumir la historia de la familia: \u201cMi bisabuelo y abuelo vinieron de Italia.\u00a0<strong>Mi abuelo<\/strong>\u00a0<strong>Salvador ten\u00eda 10 a\u00f1os<\/strong>. Eran del sur, de Sicilia, de Catania, como la mafia\u201d, bromea y se r\u00ede.<\/p>\n<div class=\"content-media\">\n<section class=\"mod-media   \" role=\"button\">\n<figure class=\"mod-figure --vertical\" role=\"button\">\n<div class=\"placeholder \"><img decoding=\"async\" class=\"i-amphtml-fill-content i-amphtml-replaced-content\" src=\"https:\/\/resizer.glanacion.com\/resizer\/9JxfxrJbvyNLkaueZ1F52UG4H24=\/310x0\/filters:format(webp):quality(80)\/cloudfront-us-east-1.images.arcpublishing.com\/lanacionar\/X2M447NJUVGIXLQPYXD4HHHG5M.jpg%20310w\" sizes=\"(max-width: 1366px) 731px, 100vw\" srcset=\"https:\/\/resizer.glanacion.com\/resizer\/QVfrv5plZNdpjWnV0DfyTLm8HK0=\/879x0\/filters:format(webp):quality(80)\/cloudfront-us-east-1.images.arcpublishing.com\/lanacionar\/X2M447NJUVGIXLQPYXD4HHHG5M.jpg 879w, https:\/\/resizer.glanacion.com\/resizer\/Iuw0yvnMf9I1OAQEvXE8oYOtthI=\/690x0\/filters:format(webp):quality(80)\/cloudfront-us-east-1.images.arcpublishing.com\/lanacionar\/X2M447NJUVGIXLQPYXD4HHHG5M.jpg 690w, https:\/\/resizer.glanacion.com\/resizer\/EJDTapCtB2R7Nl4F4yDYbt8OLxs=\/768x0\/filters:format(webp):quality(80)\/cloudfront-us-east-1.images.arcpublishing.com\/lanacionar\/X2M447NJUVGIXLQPYXD4HHHG5M.jpg 768w, https:\/\/resizer.glanacion.com\/resizer\/3iQ8D5Juvsq8lbLNGcIVMrmaa_4=\/350x0\/filters:format(webp):quality(80)\/cloudfront-us-east-1.images.arcpublishing.com\/lanacionar\/X2M447NJUVGIXLQPYXD4HHHG5M.jpg 350w, https:\/\/resizer.glanacion.com\/resizer\/9JxfxrJbvyNLkaueZ1F52UG4H24=\/310x0\/filters:format(webp):quality(80)\/cloudfront-us-east-1.images.arcpublishing.com\/lanacionar\/X2M447NJUVGIXLQPYXD4HHHG5M.jpg 310w\" alt=\"Los rollos de envoltorios de fideos en los dep\u00f3sitos de Aitala.\" data-amp-auto-lightbox-disable=\"true\" \/><\/div><figcaption class=\"mod-figcaption\"><span class=\"com-text --caption --twoxs\">Los rollos de envoltorios de fideos en los dep\u00f3sitos de Aitala.<\/span><span class=\"com-text --credit --twoxs\">Guido Piotrkowski<\/span><\/figcaption><\/figure>\n<\/section>\n<\/div>\n<p class=\"com-paragraph   --s\">Su pap\u00e1 tambi\u00e9n lleg\u00f3 de la pen\u00ednsula it\u00e1lica y se cas\u00f3 con su mam\u00e1 Laura. \u201cMi viejo es italiano puro, vino en el \u201845 o \u201846, despu\u00e9s de la guerra. Lleg\u00f3 a Olavarr\u00eda y trabaj\u00f3 de alba\u00f1il hasta que conoci\u00f3 a mi mam\u00e1 y empez\u00f3 a trabajar ac\u00e1\u201d. Ahora, su padre est\u00e1 jubilado y le toca a Aldo, que tiene 50 a\u00f1os, y lleva 30 trabajando en la f\u00e1brica, seguir con su legado.<\/p>\n<p>Fuente: La Nacion \/\u00a0Guido Piotrkowski<\/p>\n<\/div>\n","protected":false},"excerpt":{"rendered":"<p>Viaje a la historia de la fideer\u00eda familiar emblem\u00e1tica de nuestra ciudad, fundada en 1913,&#8230;<\/p>\n","protected":false},"author":1,"featured_media":166960,"comment_status":"closed","ping_status":"closed","sticky":false,"template":"","format":"standard","meta":{"content-type":""},"categories":[27],"tags":[],"nelio_content":{"isAutoShareEnabled":false,"autoShareEndMode":"default","automationSources":{"useContentSentences":true,"useSocialTemplates":true,"useCustomSentences":false,"customSentences":[]},"followers":[1],"suggestedReferences":[],"includedReferences":[],"efiUrl":"","efiAlt":"","highlights":[]},"yoast_head":"<!-- This site is optimized with the Yoast SEO plugin v20.7 - https:\/\/yoast.com\/wordpress\/plugins\/seo\/ -->\n<title>Aitala, la f\u00e1brica de fideos de origen italiano que elabora como en Sicilia<\/title>\n<meta name=\"description\" content=\"Aitala, Viaje a la historia de la fideer\u00eda familiar emblem\u00e1tica de nuestra ciudad, fundada en 1913que a\u00fan mantiene el esp\u00edritu artesanal\" \/>\n<meta name=\"robots\" content=\"index, follow, max-snippet:-1, max-image-preview:large, max-video-preview:-1\" \/>\n<link rel=\"canonical\" href=\"https:\/\/experienciadevida.com.ar\/portalurbano\/aitala-la-fabrica-de-fideos-de-origen-italiano-que-elabora-como-en-sicilia-pero-en-olavarria\/\" \/>\n<meta property=\"og:locale\" content=\"es_ES\" \/>\n<meta property=\"og:type\" content=\"article\" \/>\n<meta property=\"og:title\" content=\"Aitala, la f\u00e1brica de fideos de origen italiano que elabora como en Sicilia\" \/>\n<meta property=\"og:description\" content=\"Aitala, Viaje a la historia de la fideer\u00eda familiar emblem\u00e1tica de nuestra ciudad, fundada en 1913que a\u00fan mantiene el esp\u00edritu artesanal\" \/>\n<meta property=\"og:url\" content=\"https:\/\/experienciadevida.com.ar\/portalurbano\/aitala-la-fabrica-de-fideos-de-origen-italiano-que-elabora-como-en-sicilia-pero-en-olavarria\/\" \/>\n<meta property=\"article:publisher\" content=\"https:\/\/www.facebook.com\/Portal-Urbano-171542830093757\/\" \/>\n<meta property=\"article:published_time\" content=\"2022-05-02T22:37:18+00:00\" \/>\n<meta property=\"og:image\" content=\"https:\/\/experienciadevida.com.ar\/portalurbano\/wp-content\/uploads\/2022\/05\/aitala.jpg\" \/>\n\t<meta property=\"og:image:width\" content=\"878\" \/>\n\t<meta property=\"og:image:height\" content=\"521\" \/>\n\t<meta property=\"og:image:type\" content=\"image\/jpeg\" \/>\n<meta name=\"author\" content=\"admpu17wp\" \/>\n<meta name=\"twitter:card\" content=\"summary_large_image\" \/>\n<meta name=\"twitter:creator\" content=\"@portalurbanook\" \/>\n<meta name=\"twitter:site\" content=\"@portalurbanook\" \/>\n<meta name=\"twitter:label1\" content=\"Escrito por\" \/>\n\t<meta name=\"twitter:data1\" content=\"admpu17wp\" \/>\n\t<meta name=\"twitter:label2\" content=\"Tiempo de lectura\" \/>\n\t<meta name=\"twitter:data2\" content=\"8 minutos\" \/>\n<script type=\"application\/ld+json\" class=\"yoast-schema-graph\">{\"@context\":\"https:\/\/schema.org\",\"@graph\":[{\"@type\":\"Article\",\"@id\":\"https:\/\/experienciadevida.com.ar\/portalurbano\/aitala-la-fabrica-de-fideos-de-origen-italiano-que-elabora-como-en-sicilia-pero-en-olavarria\/#article\",\"isPartOf\":{\"@id\":\"https:\/\/experienciadevida.com.ar\/portalurbano\/aitala-la-fabrica-de-fideos-de-origen-italiano-que-elabora-como-en-sicilia-pero-en-olavarria\/\"},\"author\":{\"name\":\"admpu17wp\",\"@id\":\"https:\/\/experienciadevida.com.ar\/portalurbano\/#\/schema\/person\/02dd326b1c4b056e9cc972486934a3a7\"},\"headline\":\"Aitala, la f\u00e1brica de fideos de origen italiano que elabora como en Sicilia\",\"datePublished\":\"2022-05-02T22:37:18+00:00\",\"dateModified\":\"2022-05-02T22:37:18+00:00\",\"mainEntityOfPage\":{\"@id\":\"https:\/\/experienciadevida.com.ar\/portalurbano\/aitala-la-fabrica-de-fideos-de-origen-italiano-que-elabora-como-en-sicilia-pero-en-olavarria\/\"},\"wordCount\":1422,\"publisher\":{\"@id\":\"https:\/\/experienciadevida.com.ar\/portalurbano\/#organization\"},\"articleSection\":[\"Ciudad\"],\"inLanguage\":\"es\"},{\"@type\":\"WebPage\",\"@id\":\"https:\/\/experienciadevida.com.ar\/portalurbano\/aitala-la-fabrica-de-fideos-de-origen-italiano-que-elabora-como-en-sicilia-pero-en-olavarria\/\",\"url\":\"https:\/\/experienciadevida.com.ar\/portalurbano\/aitala-la-fabrica-de-fideos-de-origen-italiano-que-elabora-como-en-sicilia-pero-en-olavarria\/\",\"name\":\"Aitala, la f\u00e1brica de fideos de origen italiano que elabora como en Sicilia\",\"isPartOf\":{\"@id\":\"https:\/\/experienciadevida.com.ar\/portalurbano\/#website\"},\"datePublished\":\"2022-05-02T22:37:18+00:00\",\"dateModified\":\"2022-05-02T22:37:18+00:00\",\"description\":\"Aitala, Viaje a la historia de la fideer\u00eda familiar emblem\u00e1tica de nuestra ciudad, fundada en 1913que a\u00fan mantiene el esp\u00edritu artesanal\",\"breadcrumb\":{\"@id\":\"https:\/\/experienciadevida.com.ar\/portalurbano\/aitala-la-fabrica-de-fideos-de-origen-italiano-que-elabora-como-en-sicilia-pero-en-olavarria\/#breadcrumb\"},\"inLanguage\":\"es\",\"potentialAction\":[{\"@type\":\"ReadAction\",\"target\":[\"https:\/\/experienciadevida.com.ar\/portalurbano\/aitala-la-fabrica-de-fideos-de-origen-italiano-que-elabora-como-en-sicilia-pero-en-olavarria\/\"]}]},{\"@type\":\"BreadcrumbList\",\"@id\":\"https:\/\/experienciadevida.com.ar\/portalurbano\/aitala-la-fabrica-de-fideos-de-origen-italiano-que-elabora-como-en-sicilia-pero-en-olavarria\/#breadcrumb\",\"itemListElement\":[{\"@type\":\"ListItem\",\"position\":1,\"name\":\"Portada\",\"item\":\"https:\/\/experienciadevida.com.ar\/portalurbano\/\"},{\"@type\":\"ListItem\",\"position\":2,\"name\":\"Aitala, la f\u00e1brica de fideos de origen italiano que elabora como en Sicilia\"}]},{\"@type\":\"WebSite\",\"@id\":\"https:\/\/experienciadevida.com.ar\/portalurbano\/#website\",\"url\":\"https:\/\/experienciadevida.com.ar\/portalurbano\/\",\"name\":\"\",\"description\":\"\",\"publisher\":{\"@id\":\"https:\/\/experienciadevida.com.ar\/portalurbano\/#organization\"},\"potentialAction\":[{\"@type\":\"SearchAction\",\"target\":{\"@type\":\"EntryPoint\",\"urlTemplate\":\"https:\/\/experienciadevida.com.ar\/portalurbano\/?s={search_term_string}\"},\"query-input\":\"required name=search_term_string\"}],\"inLanguage\":\"es\"},{\"@type\":\"Organization\",\"@id\":\"https:\/\/experienciadevida.com.ar\/portalurbano\/#organization\",\"name\":\"Portal Urbano\",\"url\":\"https:\/\/experienciadevida.com.ar\/portalurbano\/\",\"logo\":{\"@type\":\"ImageObject\",\"inLanguage\":\"es\",\"@id\":\"https:\/\/experienciadevida.com.ar\/portalurbano\/#\/schema\/logo\/image\/\",\"url\":\"https:\/\/experienciadevida.com.ar\/portalurbano\/wp-content\/uploads\/2019\/09\/Logo-Original.png\",\"contentUrl\":\"https:\/\/experienciadevida.com.ar\/portalurbano\/wp-content\/uploads\/2019\/09\/Logo-Original.png\",\"width\":2236,\"height\":1216,\"caption\":\"Portal Urbano\"},\"image\":{\"@id\":\"https:\/\/experienciadevida.com.ar\/portalurbano\/#\/schema\/logo\/image\/\"},\"sameAs\":[\"https:\/\/www.facebook.com\/Portal-Urbano-171542830093757\/\",\"https:\/\/twitter.com\/portalurbanook\",\"https:\/\/www.instagram.com\/_portalurbano\/\",\"https:\/\/www.youtube.com\/channel\/UCXhagIfszH8KxFiOok79zbA?view_as=subscriber\"]},{\"@type\":\"Person\",\"@id\":\"https:\/\/experienciadevida.com.ar\/portalurbano\/#\/schema\/person\/02dd326b1c4b056e9cc972486934a3a7\",\"name\":\"admpu17wp\",\"image\":{\"@type\":\"ImageObject\",\"inLanguage\":\"es\",\"@id\":\"https:\/\/experienciadevida.com.ar\/portalurbano\/#\/schema\/person\/image\/\",\"url\":\"https:\/\/secure.gravatar.com\/avatar\/830d4c57adaae6630765e449a6908047?s=96&d=mm&r=g\",\"contentUrl\":\"https:\/\/secure.gravatar.com\/avatar\/830d4c57adaae6630765e449a6908047?s=96&d=mm&r=g\",\"caption\":\"admpu17wp\"}}]}<\/script>\n<!-- \/ Yoast SEO plugin. -->","yoast_head_json":{"title":"Aitala, la f\u00e1brica de fideos de origen italiano que elabora como en Sicilia","description":"Aitala, Viaje a la historia de la fideer\u00eda familiar emblem\u00e1tica de nuestra ciudad, fundada en 1913que a\u00fan mantiene el esp\u00edritu artesanal","robots":{"index":"index","follow":"follow","max-snippet":"max-snippet:-1","max-image-preview":"max-image-preview:large","max-video-preview":"max-video-preview:-1"},"canonical":"https:\/\/experienciadevida.com.ar\/portalurbano\/aitala-la-fabrica-de-fideos-de-origen-italiano-que-elabora-como-en-sicilia-pero-en-olavarria\/","og_locale":"es_ES","og_type":"article","og_title":"Aitala, la f\u00e1brica de fideos de origen italiano que elabora como en Sicilia","og_description":"Aitala, Viaje a la historia de la fideer\u00eda familiar emblem\u00e1tica de nuestra ciudad, fundada en 1913que a\u00fan mantiene el esp\u00edritu artesanal","og_url":"https:\/\/experienciadevida.com.ar\/portalurbano\/aitala-la-fabrica-de-fideos-de-origen-italiano-que-elabora-como-en-sicilia-pero-en-olavarria\/","article_publisher":"https:\/\/www.facebook.com\/Portal-Urbano-171542830093757\/","article_published_time":"2022-05-02T22:37:18+00:00","og_image":[{"width":878,"height":521,"url":"https:\/\/experienciadevida.com.ar\/portalurbano\/wp-content\/uploads\/2022\/05\/aitala.jpg","type":"image\/jpeg"}],"author":"admpu17wp","twitter_card":"summary_large_image","twitter_creator":"@portalurbanook","twitter_site":"@portalurbanook","twitter_misc":{"Escrito por":"admpu17wp","Tiempo de lectura":"8 minutos"},"schema":{"@context":"https:\/\/schema.org","@graph":[{"@type":"Article","@id":"https:\/\/experienciadevida.com.ar\/portalurbano\/aitala-la-fabrica-de-fideos-de-origen-italiano-que-elabora-como-en-sicilia-pero-en-olavarria\/#article","isPartOf":{"@id":"https:\/\/experienciadevida.com.ar\/portalurbano\/aitala-la-fabrica-de-fideos-de-origen-italiano-que-elabora-como-en-sicilia-pero-en-olavarria\/"},"author":{"name":"admpu17wp","@id":"https:\/\/experienciadevida.com.ar\/portalurbano\/#\/schema\/person\/02dd326b1c4b056e9cc972486934a3a7"},"headline":"Aitala, la f\u00e1brica de fideos de origen italiano que elabora como en Sicilia","datePublished":"2022-05-02T22:37:18+00:00","dateModified":"2022-05-02T22:37:18+00:00","mainEntityOfPage":{"@id":"https:\/\/experienciadevida.com.ar\/portalurbano\/aitala-la-fabrica-de-fideos-de-origen-italiano-que-elabora-como-en-sicilia-pero-en-olavarria\/"},"wordCount":1422,"publisher":{"@id":"https:\/\/experienciadevida.com.ar\/portalurbano\/#organization"},"articleSection":["Ciudad"],"inLanguage":"es"},{"@type":"WebPage","@id":"https:\/\/experienciadevida.com.ar\/portalurbano\/aitala-la-fabrica-de-fideos-de-origen-italiano-que-elabora-como-en-sicilia-pero-en-olavarria\/","url":"https:\/\/experienciadevida.com.ar\/portalurbano\/aitala-la-fabrica-de-fideos-de-origen-italiano-que-elabora-como-en-sicilia-pero-en-olavarria\/","name":"Aitala, la f\u00e1brica de fideos de origen italiano que elabora como en Sicilia","isPartOf":{"@id":"https:\/\/experienciadevida.com.ar\/portalurbano\/#website"},"datePublished":"2022-05-02T22:37:18+00:00","dateModified":"2022-05-02T22:37:18+00:00","description":"Aitala, Viaje a la historia de la fideer\u00eda familiar emblem\u00e1tica de nuestra ciudad, fundada en 1913que a\u00fan mantiene el esp\u00edritu artesanal","breadcrumb":{"@id":"https:\/\/experienciadevida.com.ar\/portalurbano\/aitala-la-fabrica-de-fideos-de-origen-italiano-que-elabora-como-en-sicilia-pero-en-olavarria\/#breadcrumb"},"inLanguage":"es","potentialAction":[{"@type":"ReadAction","target":["https:\/\/experienciadevida.com.ar\/portalurbano\/aitala-la-fabrica-de-fideos-de-origen-italiano-que-elabora-como-en-sicilia-pero-en-olavarria\/"]}]},{"@type":"BreadcrumbList","@id":"https:\/\/experienciadevida.com.ar\/portalurbano\/aitala-la-fabrica-de-fideos-de-origen-italiano-que-elabora-como-en-sicilia-pero-en-olavarria\/#breadcrumb","itemListElement":[{"@type":"ListItem","position":1,"name":"Portada","item":"https:\/\/experienciadevida.com.ar\/portalurbano\/"},{"@type":"ListItem","position":2,"name":"Aitala, la f\u00e1brica de fideos de origen italiano que elabora como en Sicilia"}]},{"@type":"WebSite","@id":"https:\/\/experienciadevida.com.ar\/portalurbano\/#website","url":"https:\/\/experienciadevida.com.ar\/portalurbano\/","name":"","description":"","publisher":{"@id":"https:\/\/experienciadevida.com.ar\/portalurbano\/#organization"},"potentialAction":[{"@type":"SearchAction","target":{"@type":"EntryPoint","urlTemplate":"https:\/\/experienciadevida.com.ar\/portalurbano\/?s={search_term_string}"},"query-input":"required name=search_term_string"}],"inLanguage":"es"},{"@type":"Organization","@id":"https:\/\/experienciadevida.com.ar\/portalurbano\/#organization","name":"Portal Urbano","url":"https:\/\/experienciadevida.com.ar\/portalurbano\/","logo":{"@type":"ImageObject","inLanguage":"es","@id":"https:\/\/experienciadevida.com.ar\/portalurbano\/#\/schema\/logo\/image\/","url":"https:\/\/experienciadevida.com.ar\/portalurbano\/wp-content\/uploads\/2019\/09\/Logo-Original.png","contentUrl":"https:\/\/experienciadevida.com.ar\/portalurbano\/wp-content\/uploads\/2019\/09\/Logo-Original.png","width":2236,"height":1216,"caption":"Portal Urbano"},"image":{"@id":"https:\/\/experienciadevida.com.ar\/portalurbano\/#\/schema\/logo\/image\/"},"sameAs":["https:\/\/www.facebook.com\/Portal-Urbano-171542830093757\/","https:\/\/twitter.com\/portalurbanook","https:\/\/www.instagram.com\/_portalurbano\/","https:\/\/www.youtube.com\/channel\/UCXhagIfszH8KxFiOok79zbA?view_as=subscriber"]},{"@type":"Person","@id":"https:\/\/experienciadevida.com.ar\/portalurbano\/#\/schema\/person\/02dd326b1c4b056e9cc972486934a3a7","name":"admpu17wp","image":{"@type":"ImageObject","inLanguage":"es","@id":"https:\/\/experienciadevida.com.ar\/portalurbano\/#\/schema\/person\/image\/","url":"https:\/\/secure.gravatar.com\/avatar\/830d4c57adaae6630765e449a6908047?s=96&d=mm&r=g","contentUrl":"https:\/\/secure.gravatar.com\/avatar\/830d4c57adaae6630765e449a6908047?s=96&d=mm&r=g","caption":"admpu17wp"}}]}},"featured_image_urls":{"full":["https:\/\/experienciadevida.com.ar\/portalurbano\/wp-content\/uploads\/2022\/05\/aitala.jpg",878,521,false],"thumbnail":["https:\/\/experienciadevida.com.ar\/portalurbano\/wp-content\/uploads\/2022\/05\/aitala-150x150.jpg",150,150,true],"medium":["https:\/\/experienciadevida.com.ar\/portalurbano\/wp-content\/uploads\/2022\/05\/aitala-300x178.jpg",300,178,true],"medium_large":["https:\/\/experienciadevida.com.ar\/portalurbano\/wp-content\/uploads\/2022\/05\/aitala-768x456.jpg",640,380,true],"large":["https:\/\/experienciadevida.com.ar\/portalurbano\/wp-content\/uploads\/2022\/05\/aitala.jpg",640,380,false],"ug_big":["https:\/\/experienciadevida.com.ar\/portalurbano\/wp-content\/uploads\/2022\/05\/aitala-768x456.jpg",768,456,true],"1536x1536":["https:\/\/experienciadevida.com.ar\/portalurbano\/wp-content\/uploads\/2022\/05\/aitala.jpg",878,521,false],"2048x2048":["https:\/\/experienciadevida.com.ar\/portalurbano\/wp-content\/uploads\/2022\/05\/aitala.jpg",878,521,false],"newsever-slider-full":["https:\/\/experienciadevida.com.ar\/portalurbano\/wp-content\/uploads\/2022\/05\/aitala.jpg",878,521,false],"newsever-featured":["https:\/\/experienciadevida.com.ar\/portalurbano\/wp-content\/uploads\/2022\/05\/aitala.jpg",878,521,false],"newsever-medium":["https:\/\/experienciadevida.com.ar\/portalurbano\/wp-content\/uploads\/2022\/05\/aitala.jpg",720,427,false],"web-stories-poster-portrait":["https:\/\/experienciadevida.com.ar\/portalurbano\/wp-content\/uploads\/2022\/05\/aitala.jpg",640,380,false],"web-stories-publisher-logo":["https:\/\/experienciadevida.com.ar\/portalurbano\/wp-content\/uploads\/2022\/05\/aitala.jpg",96,57,false],"web-stories-thumbnail":["https:\/\/experienciadevida.com.ar\/portalurbano\/wp-content\/uploads\/2022\/05\/aitala.jpg",150,89,false]},"author_info":{"display_name":"admpu17wp","author_link":"https:\/\/experienciadevida.com.ar\/portalurbano\/author\/admpu17wp\/"},"category_info":"<a href=\"https:\/\/experienciadevida.com.ar\/portalurbano\/category\/ciudad\/\" rel=\"category tag\">Ciudad<\/a>","tag_info":"Ciudad","comment_count":"0","amp_enabled":true,"_links":{"self":[{"href":"https:\/\/experienciadevida.com.ar\/portalurbano\/wp-json\/wp\/v2\/posts\/166959"}],"collection":[{"href":"https:\/\/experienciadevida.com.ar\/portalurbano\/wp-json\/wp\/v2\/posts"}],"about":[{"href":"https:\/\/experienciadevida.com.ar\/portalurbano\/wp-json\/wp\/v2\/types\/post"}],"author":[{"embeddable":true,"href":"https:\/\/experienciadevida.com.ar\/portalurbano\/wp-json\/wp\/v2\/users\/1"}],"replies":[{"embeddable":true,"href":"https:\/\/experienciadevida.com.ar\/portalurbano\/wp-json\/wp\/v2\/comments?post=166959"}],"version-history":[{"count":2,"href":"https:\/\/experienciadevida.com.ar\/portalurbano\/wp-json\/wp\/v2\/posts\/166959\/revisions"}],"predecessor-version":[{"id":166962,"href":"https:\/\/experienciadevida.com.ar\/portalurbano\/wp-json\/wp\/v2\/posts\/166959\/revisions\/166962"}],"wp:featuredmedia":[{"embeddable":true,"href":"https:\/\/experienciadevida.com.ar\/portalurbano\/wp-json\/wp\/v2\/media\/166960"}],"wp:attachment":[{"href":"https:\/\/experienciadevida.com.ar\/portalurbano\/wp-json\/wp\/v2\/media?parent=166959"}],"wp:term":[{"taxonomy":"category","embeddable":true,"href":"https:\/\/experienciadevida.com.ar\/portalurbano\/wp-json\/wp\/v2\/categories?post=166959"},{"taxonomy":"post_tag","embeddable":true,"href":"https:\/\/experienciadevida.com.ar\/portalurbano\/wp-json\/wp\/v2\/tags?post=166959"}],"curies":[{"name":"wp","href":"https:\/\/api.w.org\/{rel}","templated":true}]}}