{"id":166956,"date":"2022-05-02T18:35:24","date_gmt":"2022-05-02T21:35:24","guid":{"rendered":"https:\/\/experienciadevida.com.ar\/portalurbano\/?p=166956"},"modified":"2022-05-02T18:44:26","modified_gmt":"2022-05-02T21:44:26","slug":"se-puso-en-marcha-el-nuevo-servicio-de-transporte-interurbano","status":"publish","type":"post","link":"https:\/\/experienciadevida.com.ar\/portalurbano\/se-puso-en-marcha-el-nuevo-servicio-de-transporte-interurbano\/","title":{"rendered":"Se puso en marcha el nuevo servicio de transporte interurbano"},"content":{"rendered":"<p>Se puso en marcha el nuevo servicio de <a href=\"https:\/\/www.facebook.com\/municipiodeolavarria\">transporte interurbano,<\/a> en las \u00faltimas horas se puso en marcha de manera efectiva el nuevo servicio de transporte interurbano de pasajeros, que durante los pr\u00f3ximos 12 a\u00f1os estar\u00e1 bajo la concesi\u00f3n de la empresa \u201cLas Sierras SRL\u201d.<\/p>\n<p>Se recuerda que tanto los recorridos como la frecuencia son los que fueron requeridos en el pliego de bases y condiciones, lo que se traduce en los mismos que giraban hasta el inicio de la pandemia.<\/p>\n<p>A la par, desde la Subsecretar\u00eda de Gobierno Municipal se relat\u00f3 que ya se encuentran girando las unidades cero kil\u00f3metro. As\u00ed es la frecuencia del nuevo servicio:<\/p>\n<p><strong>L\u00ednea 509 (Olavarr\u00eda \u2013 Loma Negra)<\/strong><\/p>\n<p><strong>Lunes a viernes<\/strong><\/p>\n<p><strong>Desde Olavarr\u00eda<\/strong><\/p>\n<p>06:05<br \/>\n06:55<br \/>\n07:45<br \/>\n09:15<br \/>\n10:00<br \/>\n11:00<br \/>\n12:15<br \/>\n13:15<br \/>\n14:00<br \/>\n15:00<br \/>\n16:00<br \/>\n17:00<br \/>\n18:00<br \/>\n19:00<br \/>\n20:00<br \/>\n21:00<br \/>\n22:30<\/p>\n<p><strong>Desde Villa Mi Serran\u00eda<\/strong><\/p>\n<p>06:45<br \/>\n07:45<br \/>\n13:05<br \/>\n19:50<\/p>\n<p><strong>Desde Loma Negra<\/strong><\/p>\n<p>06:50 (con refuerzo)<br \/>\n07:55 (con refuerzo)<br \/>\n08:30<br \/>\n10:00<br \/>\n11:00<br \/>\n12:00<br \/>\n13:15<br \/>\n14:00<br \/>\n15:00<br \/>\n16:00<br \/>\n17:00<br \/>\n18:00<br \/>\n19:00<br \/>\n20:00<br \/>\n20:45<br \/>\n21:45<br \/>\n23:15<\/p>\n<p><strong>S\u00e1bados<\/strong><\/p>\n<p><strong>Desde Olavarr\u00eda<\/strong><\/p>\n<p>06:05<br \/>\n06:55<br \/>\n07:45<br \/>\n09:15<br \/>\n10:00<br \/>\n11:00<br \/>\n12:15<br \/>\n13:15<br \/>\n14:00<br \/>\n15:00<br \/>\n16:00<br \/>\n17:00<br \/>\n18:00<br \/>\n19:00<br \/>\n20:00<br \/>\n21:00<br \/>\n22:30<\/p>\n<p><strong>Desde Villa Mi Serran\u00eda<\/strong><\/p>\n<p>06:45<br \/>\n07:45<br \/>\n13:05<br \/>\n19:50<\/p>\n<p><strong>Desde Loma Negra<\/strong><\/p>\n<p>06:50<br \/>\n07:55<br \/>\n08:30<br \/>\n10:00<br \/>\n11:00<br \/>\n12:00<br \/>\n13:15<br \/>\n14:00<br \/>\n15:00<br \/>\n16:00<br \/>\n17:00<br \/>\n18:00<br \/>\n19:00<br \/>\n20:00<br \/>\n20:45<br \/>\n21:45<br \/>\n23:15<\/p>\n<p><strong>Domingos y feriados<\/strong><\/p>\n<p><strong>Desde Olavarr\u00eda<\/strong><\/p>\n<p>07:00<br \/>\n09:10<br \/>\n11:00<br \/>\n12:45<br \/>\n14:45<br \/>\n16:15<br \/>\n17:45<br \/>\n19:30<br \/>\n21:00<br \/>\n22:30<\/p>\n<p><strong>Desde Villa Mi Serran\u00eda<\/strong><\/p>\n<p>13:45<\/p>\n<p><strong>Desde Loma Negra<\/strong><\/p>\n<p>08:00<br \/>\n10:00<br \/>\n12:00<br \/>\n14:00<br \/>\n15:30<br \/>\n17:00<br \/>\n18:45<br \/>\n20:15<br \/>\n21:45<br \/>\n23:15<\/p>\n<p><strong>L\u00ednea 510 (Olavarr\u00eda \u2013 Sierras Bayas)<\/strong><\/p>\n<p><strong>Desde Olavarr\u00eda<\/strong><\/p>\n<p><strong>Lunes a viernes<\/strong><\/p>\n<p>06:00<br \/>\n06:45<br \/>\n08:00<br \/>\n09:00<br \/>\n10:00<br \/>\n11:00<br \/>\n12:00<br \/>\n13:00<br \/>\n14:00<br \/>\n15:00<br \/>\n15:55<br \/>\n17:00<br \/>\n18:00<br \/>\n19:00<br \/>\n20:15<br \/>\n21:00<br \/>\n22:40<\/p>\n<p><strong>Desde Colonia San Miguel<\/strong><\/p>\n<p>06:40<br \/>\n07:40<br \/>\n09:00<br \/>\n11:55<br \/>\n13:00<br \/>\n16:55<br \/>\n19:00<br \/>\n21:15<br \/>\n23:35<\/p>\n<p><strong>Desde Sierras Bayas<\/strong><\/p>\n<p>07:00<br \/>\n08:00<br \/>\n09:15<br \/>\n10:00<br \/>\n11:00<br \/>\n12:05<br \/>\n13:15<br \/>\n14:00<br \/>\n15:00<br \/>\n16:00<br \/>\n17:10<br \/>\n18:00<br \/>\n19:15<br \/>\n20:00<br \/>\n21:30<br \/>\n22:00<br \/>\n23:45<\/p>\n<p><strong>S\u00e1bados<\/strong><\/p>\n<p><strong>Desde Olavarr\u00eda<\/strong><\/p>\n<p>06:00<br \/>\n06:45<br \/>\n08:00<br \/>\n09:00<br \/>\n10:00<br \/>\n11:00<br \/>\n12:00<br \/>\n13:00<br \/>\n14:00<br \/>\n15:00<br \/>\n15:55<br \/>\n17:00<br \/>\n18:00<br \/>\n19:00<br \/>\n20:15<br \/>\n21:00<br \/>\n22:40<\/p>\n<p><strong>Desde Colonia San Miguel<\/strong><\/p>\n<p>06:40<br \/>\n07:40<br \/>\n09:00<br \/>\n11:55<br \/>\n13:00<br \/>\n16:55<br \/>\n19:00<br \/>\n21:15<br \/>\n23:35<\/p>\n<p><strong>Desde Sierras Bayas<\/strong><\/p>\n<p>07:00<br \/>\n08:00<br \/>\n09:15<br \/>\n10:00<br \/>\n11:00<br \/>\n12:05<br \/>\n13:15<br \/>\n14:00<br \/>\n15:00<br \/>\n16:00<br \/>\n17:10<br \/>\n18:00<br \/>\n19:15<br \/>\n20:00<br \/>\n21:30<br \/>\n22:00<br \/>\n23:45<\/p>\n<p><strong>Domingos y feriados<\/strong><\/p>\n<p><strong>Desde Olavarr\u00eda<\/strong><\/p>\n<p>07:00<br \/>\n09:00<br \/>\n11:00<br \/>\n12:45<br \/>\n14:45<br \/>\n16:15<br \/>\n18:15<br \/>\n20:15<br \/>\n22:30<\/p>\n<p><strong>Desde Colonia San Miguel<\/strong><\/p>\n<p>07:45<br \/>\n13:45<br \/>\n21:20<\/p>\n<p><strong>Desde Sierras Bayas<\/strong><\/p>\n<p>08:00<br \/>\n10:00<br \/>\n12:00<br \/>\n14:00<br \/>\n15:30<br \/>\n17:15<br \/>\n19:15<br \/>\n21:30<br \/>\n23:30<\/p>\n<p><strong>L\u00ednea 514 (Olavarr\u00eda \u2013 Hinojo \u2013 Sierra Chica)<\/strong><\/p>\n<p><strong>Lunes a viernes<\/strong><\/p>\n<p><strong>Desde Olavarr\u00eda<\/strong><\/p>\n<p>05:15<br \/>\n06:00<br \/>\n07:00<br \/>\n08:00<br \/>\n09:00<br \/>\n10:00<br \/>\n11:00<br \/>\n12:00<br \/>\n13:00<br \/>\n14:00<br \/>\n15:00<br \/>\n16:00<br \/>\n17:00<br \/>\n18:00<br \/>\n19:00<br \/>\n20:00<br \/>\n21:00<br \/>\n22:45<\/p>\n<p><strong>Desde Sierra Chica<\/strong><\/p>\n<p>07:15<br \/>\n08:15<br \/>\n09:15<br \/>\n15:15<br \/>\n17:15<\/p>\n<p><strong>Desde Hinojo<\/strong><\/p>\n<p>06:00<br \/>\n07:00<br \/>\n08:00<br \/>\n09:00<br \/>\n10:00<br \/>\n11:00<br \/>\n12:00<br \/>\n13:00<br \/>\n14:00<br \/>\n15:00<br \/>\n16:00<br \/>\n17:00<br \/>\n18:00<br \/>\n19:00<br \/>\n20:00<br \/>\n21:00<br \/>\n22:00<br \/>\n23:30<\/p>\n<p><strong>S\u00e1bados<\/strong><\/p>\n<p><strong>Desde Olavarr\u00eda<\/strong><\/p>\n<p>06:00<br \/>\n07:00<br \/>\n08:00<br \/>\n09:00<br \/>\n10:00<br \/>\n11:00<br \/>\n12:00<br \/>\n13:00<br \/>\n14:00<br \/>\n15:00<br \/>\n16:00<br \/>\n17:00<br \/>\n18:00<br \/>\n19:00<br \/>\n20:00<br \/>\n21:00<br \/>\n22:45<\/p>\n<p><strong>Desde Sierra Chica<\/strong><\/p>\n<p>14:15<br \/>\n15:15<\/p>\n<p><strong>Desde Hinojo<\/strong><\/p>\n<p>07:00<br \/>\n08:00<br \/>\n09:00<br \/>\n10:00<br \/>\n11:00<br \/>\n12:00<br \/>\n13:00<br \/>\n14:15<br \/>\n15:00<br \/>\n16:15<br \/>\n17:00<br \/>\n18:00<br \/>\n19:00<br \/>\n20:00<br \/>\n21:00<br \/>\n22:00<br \/>\n23:30<\/p>\n<p><strong>Domingos y feriados<\/strong><\/p>\n<p><strong>Desde Olavarr\u00eda<\/strong><\/p>\n<p>07:00<br \/>\n09:00<br \/>\n11:00<br \/>\n13:00<br \/>\n15:00<br \/>\n17:00<br \/>\n19:00<br \/>\n21:00<br \/>\n22:45<\/p>\n<p><strong>Desde Sierra Chica<\/strong><\/p>\n<p>15:00<\/p>\n<p><strong>Desde Hinojo<\/strong><\/p>\n<p>08:00<br \/>\n10:00<br \/>\n12:00<br \/>\n14:00<br \/>\n16:00<br \/>\n18:00<br \/>\n20:00<br \/>\n22:00<br \/>\n23:30<\/p>\n","protected":false},"excerpt":{"rendered":"<p>Se puso en marcha el nuevo servicio de transporte interurbano, en las \u00faltimas horas se&#8230;<\/p>\n","protected":false},"author":1,"featured_media":166815,"comment_status":"closed","ping_status":"closed","sticky":false,"template":"","format":"standard","meta":{"content-type":""},"categories":[27,51],"tags":[],"nelio_content":{"isAutoShareEnabled":false,"autoShareEndMode":"default","automationSources":{"useContentSentences":true,"useSocialTemplates":true,"useCustomSentences":false,"customSentences":[]},"followers":[1],"suggestedReferences":[],"includedReferences":[],"efiUrl":"","efiAlt":"","highlights":[]},"yoast_head":"<!-- This site is optimized with the Yoast SEO plugin v20.7 - https:\/\/yoast.com\/wordpress\/plugins\/seo\/ -->\n<title>Se puso en marcha el nuevo servicio de transporte interurbano<\/title>\n<meta name=\"description\" content=\"Se puso en marcha el nuevo servicio de transporte interurbano, en las \u00faltimas horas se puso en marcha de manera efectiva\" \/>\n<meta name=\"robots\" content=\"index, follow, max-snippet:-1, max-image-preview:large, max-video-preview:-1\" \/>\n<link rel=\"canonical\" href=\"https:\/\/experienciadevida.com.ar\/portalurbano\/se-puso-en-marcha-el-nuevo-servicio-de-transporte-interurbano\/\" \/>\n<meta property=\"og:locale\" content=\"es_ES\" \/>\n<meta property=\"og:type\" content=\"article\" \/>\n<meta property=\"og:title\" content=\"Se puso en marcha el nuevo servicio de transporte interurbano\" \/>\n<meta property=\"og:description\" content=\"Se puso en marcha el nuevo servicio de transporte interurbano, en las \u00faltimas horas se puso en marcha de manera efectiva\" \/>\n<meta property=\"og:url\" content=\"https:\/\/experienciadevida.com.ar\/portalurbano\/se-puso-en-marcha-el-nuevo-servicio-de-transporte-interurbano\/\" \/>\n<meta property=\"article:publisher\" content=\"https:\/\/www.facebook.com\/Portal-Urbano-171542830093757\/\" \/>\n<meta property=\"article:published_time\" content=\"2022-05-02T21:35:24+00:00\" \/>\n<meta property=\"article:modified_time\" content=\"2022-05-02T21:44:26+00:00\" \/>\n<meta property=\"og:image\" content=\"https:\/\/experienciadevida.com.ar\/portalurbano\/wp-content\/uploads\/2022\/04\/DSC_0019.jpg\" \/>\n\t<meta property=\"og:image:width\" content=\"765\" \/>\n\t<meta property=\"og:image:height\" content=\"510\" \/>\n\t<meta property=\"og:image:type\" content=\"image\/jpeg\" \/>\n<meta name=\"author\" content=\"admpu17wp\" \/>\n<meta name=\"twitter:card\" content=\"summary_large_image\" \/>\n<meta name=\"twitter:creator\" content=\"@portalurbanook\" \/>\n<meta name=\"twitter:site\" content=\"@portalurbanook\" \/>\n<meta name=\"twitter:label1\" content=\"Escrito por\" \/>\n\t<meta name=\"twitter:data1\" content=\"admpu17wp\" \/>\n\t<meta name=\"twitter:label2\" content=\"Tiempo de lectura\" \/>\n\t<meta name=\"twitter:data2\" content=\"3 minutos\" \/>\n<script type=\"application\/ld+json\" class=\"yoast-schema-graph\">{\"@context\":\"https:\/\/schema.org\",\"@graph\":[{\"@type\":\"Article\",\"@id\":\"https:\/\/experienciadevida.com.ar\/portalurbano\/se-puso-en-marcha-el-nuevo-servicio-de-transporte-interurbano\/#article\",\"isPartOf\":{\"@id\":\"https:\/\/experienciadevida.com.ar\/portalurbano\/se-puso-en-marcha-el-nuevo-servicio-de-transporte-interurbano\/\"},\"author\":{\"name\":\"admpu17wp\",\"@id\":\"https:\/\/experienciadevida.com.ar\/portalurbano\/#\/schema\/person\/02dd326b1c4b056e9cc972486934a3a7\"},\"headline\":\"Se puso en marcha el nuevo servicio de transporte interurbano\",\"datePublished\":\"2022-05-02T21:35:24+00:00\",\"dateModified\":\"2022-05-02T21:44:26+00:00\",\"mainEntityOfPage\":{\"@id\":\"https:\/\/experienciadevida.com.ar\/portalurbano\/se-puso-en-marcha-el-nuevo-servicio-de-transporte-interurbano\/\"},\"wordCount\":256,\"publisher\":{\"@id\":\"https:\/\/experienciadevida.com.ar\/portalurbano\/#organization\"},\"articleSection\":[\"Ciudad\",\"Destacadas\"],\"inLanguage\":\"es\"},{\"@type\":\"WebPage\",\"@id\":\"https:\/\/experienciadevida.com.ar\/portalurbano\/se-puso-en-marcha-el-nuevo-servicio-de-transporte-interurbano\/\",\"url\":\"https:\/\/experienciadevida.com.ar\/portalurbano\/se-puso-en-marcha-el-nuevo-servicio-de-transporte-interurbano\/\",\"name\":\"Se puso en marcha el nuevo servicio de transporte interurbano\",\"isPartOf\":{\"@id\":\"https:\/\/experienciadevida.com.ar\/portalurbano\/#website\"},\"datePublished\":\"2022-05-02T21:35:24+00:00\",\"dateModified\":\"2022-05-02T21:44:26+00:00\",\"description\":\"Se puso en marcha el nuevo servicio de transporte interurbano, en las \u00faltimas horas se puso en marcha de manera efectiva\",\"breadcrumb\":{\"@id\":\"https:\/\/experienciadevida.com.ar\/portalurbano\/se-puso-en-marcha-el-nuevo-servicio-de-transporte-interurbano\/#breadcrumb\"},\"inLanguage\":\"es\",\"potentialAction\":[{\"@type\":\"ReadAction\",\"target\":[\"https:\/\/experienciadevida.com.ar\/portalurbano\/se-puso-en-marcha-el-nuevo-servicio-de-transporte-interurbano\/\"]}]},{\"@type\":\"BreadcrumbList\",\"@id\":\"https:\/\/experienciadevida.com.ar\/portalurbano\/se-puso-en-marcha-el-nuevo-servicio-de-transporte-interurbano\/#breadcrumb\",\"itemListElement\":[{\"@type\":\"ListItem\",\"position\":1,\"name\":\"Portada\",\"item\":\"https:\/\/experienciadevida.com.ar\/portalurbano\/\"},{\"@type\":\"ListItem\",\"position\":2,\"name\":\"Se puso en marcha el nuevo servicio de transporte interurbano\"}]},{\"@type\":\"WebSite\",\"@id\":\"https:\/\/experienciadevida.com.ar\/portalurbano\/#website\",\"url\":\"https:\/\/experienciadevida.com.ar\/portalurbano\/\",\"name\":\"\",\"description\":\"\",\"publisher\":{\"@id\":\"https:\/\/experienciadevida.com.ar\/portalurbano\/#organization\"},\"potentialAction\":[{\"@type\":\"SearchAction\",\"target\":{\"@type\":\"EntryPoint\",\"urlTemplate\":\"https:\/\/experienciadevida.com.ar\/portalurbano\/?s={search_term_string}\"},\"query-input\":\"required name=search_term_string\"}],\"inLanguage\":\"es\"},{\"@type\":\"Organization\",\"@id\":\"https:\/\/experienciadevida.com.ar\/portalurbano\/#organization\",\"name\":\"Portal Urbano\",\"url\":\"https:\/\/experienciadevida.com.ar\/portalurbano\/\",\"logo\":{\"@type\":\"ImageObject\",\"inLanguage\":\"es\",\"@id\":\"https:\/\/experienciadevida.com.ar\/portalurbano\/#\/schema\/logo\/image\/\",\"url\":\"https:\/\/experienciadevida.com.ar\/portalurbano\/wp-content\/uploads\/2019\/09\/Logo-Original.png\",\"contentUrl\":\"https:\/\/experienciadevida.com.ar\/portalurbano\/wp-content\/uploads\/2019\/09\/Logo-Original.png\",\"width\":2236,\"height\":1216,\"caption\":\"Portal Urbano\"},\"image\":{\"@id\":\"https:\/\/experienciadevida.com.ar\/portalurbano\/#\/schema\/logo\/image\/\"},\"sameAs\":[\"https:\/\/www.facebook.com\/Portal-Urbano-171542830093757\/\",\"https:\/\/twitter.com\/portalurbanook\",\"https:\/\/www.instagram.com\/_portalurbano\/\",\"https:\/\/www.youtube.com\/channel\/UCXhagIfszH8KxFiOok79zbA?view_as=subscriber\"]},{\"@type\":\"Person\",\"@id\":\"https:\/\/experienciadevida.com.ar\/portalurbano\/#\/schema\/person\/02dd326b1c4b056e9cc972486934a3a7\",\"name\":\"admpu17wp\",\"image\":{\"@type\":\"ImageObject\",\"inLanguage\":\"es\",\"@id\":\"https:\/\/experienciadevida.com.ar\/portalurbano\/#\/schema\/person\/image\/\",\"url\":\"https:\/\/secure.gravatar.com\/avatar\/830d4c57adaae6630765e449a6908047?s=96&d=mm&r=g\",\"contentUrl\":\"https:\/\/secure.gravatar.com\/avatar\/830d4c57adaae6630765e449a6908047?s=96&d=mm&r=g\",\"caption\":\"admpu17wp\"}}]}<\/script>\n<!-- \/ Yoast SEO plugin. -->","yoast_head_json":{"title":"Se puso en marcha el nuevo servicio de transporte interurbano","description":"Se puso en marcha el nuevo servicio de transporte interurbano, en las \u00faltimas horas se puso en marcha de manera efectiva","robots":{"index":"index","follow":"follow","max-snippet":"max-snippet:-1","max-image-preview":"max-image-preview:large","max-video-preview":"max-video-preview:-1"},"canonical":"https:\/\/experienciadevida.com.ar\/portalurbano\/se-puso-en-marcha-el-nuevo-servicio-de-transporte-interurbano\/","og_locale":"es_ES","og_type":"article","og_title":"Se puso en marcha el nuevo servicio de transporte interurbano","og_description":"Se puso en marcha el nuevo servicio de transporte interurbano, en las \u00faltimas horas se puso en marcha de manera efectiva","og_url":"https:\/\/experienciadevida.com.ar\/portalurbano\/se-puso-en-marcha-el-nuevo-servicio-de-transporte-interurbano\/","article_publisher":"https:\/\/www.facebook.com\/Portal-Urbano-171542830093757\/","article_published_time":"2022-05-02T21:35:24+00:00","article_modified_time":"2022-05-02T21:44:26+00:00","og_image":[{"width":765,"height":510,"url":"https:\/\/experienciadevida.com.ar\/portalurbano\/wp-content\/uploads\/2022\/04\/DSC_0019.jpg","type":"image\/jpeg"}],"author":"admpu17wp","twitter_card":"summary_large_image","twitter_creator":"@portalurbanook","twitter_site":"@portalurbanook","twitter_misc":{"Escrito por":"admpu17wp","Tiempo de lectura":"3 minutos"},"schema":{"@context":"https:\/\/schema.org","@graph":[{"@type":"Article","@id":"https:\/\/experienciadevida.com.ar\/portalurbano\/se-puso-en-marcha-el-nuevo-servicio-de-transporte-interurbano\/#article","isPartOf":{"@id":"https:\/\/experienciadevida.com.ar\/portalurbano\/se-puso-en-marcha-el-nuevo-servicio-de-transporte-interurbano\/"},"author":{"name":"admpu17wp","@id":"https:\/\/experienciadevida.com.ar\/portalurbano\/#\/schema\/person\/02dd326b1c4b056e9cc972486934a3a7"},"headline":"Se puso en marcha el nuevo servicio de transporte interurbano","datePublished":"2022-05-02T21:35:24+00:00","dateModified":"2022-05-02T21:44:26+00:00","mainEntityOfPage":{"@id":"https:\/\/experienciadevida.com.ar\/portalurbano\/se-puso-en-marcha-el-nuevo-servicio-de-transporte-interurbano\/"},"wordCount":256,"publisher":{"@id":"https:\/\/experienciadevida.com.ar\/portalurbano\/#organization"},"articleSection":["Ciudad","Destacadas"],"inLanguage":"es"},{"@type":"WebPage","@id":"https:\/\/experienciadevida.com.ar\/portalurbano\/se-puso-en-marcha-el-nuevo-servicio-de-transporte-interurbano\/","url":"https:\/\/experienciadevida.com.ar\/portalurbano\/se-puso-en-marcha-el-nuevo-servicio-de-transporte-interurbano\/","name":"Se puso en marcha el nuevo servicio de transporte interurbano","isPartOf":{"@id":"https:\/\/experienciadevida.com.ar\/portalurbano\/#website"},"datePublished":"2022-05-02T21:35:24+00:00","dateModified":"2022-05-02T21:44:26+00:00","description":"Se puso en marcha el nuevo servicio de transporte interurbano, en las \u00faltimas horas se puso en marcha de manera efectiva","breadcrumb":{"@id":"https:\/\/experienciadevida.com.ar\/portalurbano\/se-puso-en-marcha-el-nuevo-servicio-de-transporte-interurbano\/#breadcrumb"},"inLanguage":"es","potentialAction":[{"@type":"ReadAction","target":["https:\/\/experienciadevida.com.ar\/portalurbano\/se-puso-en-marcha-el-nuevo-servicio-de-transporte-interurbano\/"]}]},{"@type":"BreadcrumbList","@id":"https:\/\/experienciadevida.com.ar\/portalurbano\/se-puso-en-marcha-el-nuevo-servicio-de-transporte-interurbano\/#breadcrumb","itemListElement":[{"@type":"ListItem","position":1,"name":"Portada","item":"https:\/\/experienciadevida.com.ar\/portalurbano\/"},{"@type":"ListItem","position":2,"name":"Se puso en marcha el nuevo servicio de transporte interurbano"}]},{"@type":"WebSite","@id":"https:\/\/experienciadevida.com.ar\/portalurbano\/#website","url":"https:\/\/experienciadevida.com.ar\/portalurbano\/","name":"","description":"","publisher":{"@id":"https:\/\/experienciadevida.com.ar\/portalurbano\/#organization"},"potentialAction":[{"@type":"SearchAction","target":{"@type":"EntryPoint","urlTemplate":"https:\/\/experienciadevida.com.ar\/portalurbano\/?s={search_term_string}"},"query-input":"required name=search_term_string"}],"inLanguage":"es"},{"@type":"Organization","@id":"https:\/\/experienciadevida.com.ar\/portalurbano\/#organization","name":"Portal Urbano","url":"https:\/\/experienciadevida.com.ar\/portalurbano\/","logo":{"@type":"ImageObject","inLanguage":"es","@id":"https:\/\/experienciadevida.com.ar\/portalurbano\/#\/schema\/logo\/image\/","url":"https:\/\/experienciadevida.com.ar\/portalurbano\/wp-content\/uploads\/2019\/09\/Logo-Original.png","contentUrl":"https:\/\/experienciadevida.com.ar\/portalurbano\/wp-content\/uploads\/2019\/09\/Logo-Original.png","width":2236,"height":1216,"caption":"Portal Urbano"},"image":{"@id":"https:\/\/experienciadevida.com.ar\/portalurbano\/#\/schema\/logo\/image\/"},"sameAs":["https:\/\/www.facebook.com\/Portal-Urbano-171542830093757\/","https:\/\/twitter.com\/portalurbanook","https:\/\/www.instagram.com\/_portalurbano\/","https:\/\/www.youtube.com\/channel\/UCXhagIfszH8KxFiOok79zbA?view_as=subscriber"]},{"@type":"Person","@id":"https:\/\/experienciadevida.com.ar\/portalurbano\/#\/schema\/person\/02dd326b1c4b056e9cc972486934a3a7","name":"admpu17wp","image":{"@type":"ImageObject","inLanguage":"es","@id":"https:\/\/experienciadevida.com.ar\/portalurbano\/#\/schema\/person\/image\/","url":"https:\/\/secure.gravatar.com\/avatar\/830d4c57adaae6630765e449a6908047?s=96&d=mm&r=g","contentUrl":"https:\/\/secure.gravatar.com\/avatar\/830d4c57adaae6630765e449a6908047?s=96&d=mm&r=g","caption":"admpu17wp"}}]}},"featured_image_urls":{"full":["https:\/\/experienciadevida.com.ar\/portalurbano\/wp-content\/uploads\/2022\/04\/DSC_0019.jpg",765,510,false],"thumbnail":["https:\/\/experienciadevida.com.ar\/portalurbano\/wp-content\/uploads\/2022\/04\/DSC_0019-150x150.jpg",150,150,true],"medium":["https:\/\/experienciadevida.com.ar\/portalurbano\/wp-content\/uploads\/2022\/04\/DSC_0019-300x200.jpg",300,200,true],"medium_large":["https:\/\/experienciadevida.com.ar\/portalurbano\/wp-content\/uploads\/2022\/04\/DSC_0019.jpg",640,427,false],"large":["https:\/\/experienciadevida.com.ar\/portalurbano\/wp-content\/uploads\/2022\/04\/DSC_0019.jpg",640,427,false],"ug_big":["https:\/\/experienciadevida.com.ar\/portalurbano\/wp-content\/uploads\/2022\/04\/DSC_0019.jpg",765,510,false],"1536x1536":["https:\/\/experienciadevida.com.ar\/portalurbano\/wp-content\/uploads\/2022\/04\/DSC_0019.jpg",765,510,false],"2048x2048":["https:\/\/experienciadevida.com.ar\/portalurbano\/wp-content\/uploads\/2022\/04\/DSC_0019.jpg",765,510,false],"newsever-slider-full":["https:\/\/experienciadevida.com.ar\/portalurbano\/wp-content\/uploads\/2022\/04\/DSC_0019.jpg",765,510,false],"newsever-featured":["https:\/\/experienciadevida.com.ar\/portalurbano\/wp-content\/uploads\/2022\/04\/DSC_0019.jpg",765,510,false],"newsever-medium":["https:\/\/experienciadevida.com.ar\/portalurbano\/wp-content\/uploads\/2022\/04\/DSC_0019.jpg",713,475,false],"web-stories-poster-portrait":["https:\/\/experienciadevida.com.ar\/portalurbano\/wp-content\/uploads\/2022\/04\/DSC_0019.jpg",640,427,false],"web-stories-publisher-logo":["https:\/\/experienciadevida.com.ar\/portalurbano\/wp-content\/uploads\/2022\/04\/DSC_0019.jpg",96,64,false],"web-stories-thumbnail":["https:\/\/experienciadevida.com.ar\/portalurbano\/wp-content\/uploads\/2022\/04\/DSC_0019.jpg",150,100,false]},"author_info":{"display_name":"admpu17wp","author_link":"https:\/\/experienciadevida.com.ar\/portalurbano\/author\/admpu17wp\/"},"category_info":"<a href=\"https:\/\/experienciadevida.com.ar\/portalurbano\/category\/ciudad\/\" rel=\"category tag\">Ciudad<\/a> <a href=\"https:\/\/experienciadevida.com.ar\/portalurbano\/category\/destacadas\/\" rel=\"category tag\">Destacadas<\/a>","tag_info":"Destacadas","comment_count":"0","amp_enabled":true,"_links":{"self":[{"href":"https:\/\/experienciadevida.com.ar\/portalurbano\/wp-json\/wp\/v2\/posts\/166956"}],"collection":[{"href":"https:\/\/experienciadevida.com.ar\/portalurbano\/wp-json\/wp\/v2\/posts"}],"about":[{"href":"https:\/\/experienciadevida.com.ar\/portalurbano\/wp-json\/wp\/v2\/types\/post"}],"author":[{"embeddable":true,"href":"https:\/\/experienciadevida.com.ar\/portalurbano\/wp-json\/wp\/v2\/users\/1"}],"replies":[{"embeddable":true,"href":"https:\/\/experienciadevida.com.ar\/portalurbano\/wp-json\/wp\/v2\/comments?post=166956"}],"version-history":[{"count":2,"href":"https:\/\/experienciadevida.com.ar\/portalurbano\/wp-json\/wp\/v2\/posts\/166956\/revisions"}],"predecessor-version":[{"id":166958,"href":"https:\/\/experienciadevida.com.ar\/portalurbano\/wp-json\/wp\/v2\/posts\/166956\/revisions\/166958"}],"wp:featuredmedia":[{"embeddable":true,"href":"https:\/\/experienciadevida.com.ar\/portalurbano\/wp-json\/wp\/v2\/media\/166815"}],"wp:attachment":[{"href":"https:\/\/experienciadevida.com.ar\/portalurbano\/wp-json\/wp\/v2\/media?parent=166956"}],"wp:term":[{"taxonomy":"category","embeddable":true,"href":"https:\/\/experienciadevida.com.ar\/portalurbano\/wp-json\/wp\/v2\/categories?post=166956"},{"taxonomy":"post_tag","embeddable":true,"href":"https:\/\/experienciadevida.com.ar\/portalurbano\/wp-json\/wp\/v2\/tags?post=166956"}],"curies":[{"name":"wp","href":"https:\/\/api.w.org\/{rel}","templated":true}]}}