{"id":166949,"date":"2022-05-02T17:15:44","date_gmt":"2022-05-02T20:15:44","guid":{"rendered":"https:\/\/experienciadevida.com.ar\/portalurbano\/?p=166949"},"modified":"2022-05-02T18:02:41","modified_gmt":"2022-05-02T21:02:41","slug":"sip-los-fresnos-un-sector-planificado-que-crece","status":"publish","type":"post","link":"https:\/\/experienciadevida.com.ar\/portalurbano\/sip-los-fresnos-un-sector-planificado-que-crece\/","title":{"rendered":"SIP \u201cLos Fresnos\u201d: un sector planificado que crece"},"content":{"rendered":"<p>SIP \u201cLos Fresnos\u201d: un sector planificado que crece, el sector Industrial Planificado \u201cLos Fresnos\u201d presenta un crecimiento sostenido, que se refleja en la adquisici\u00f3n permanente de lotes por parte de empresarios locales, que a partir de su radicaci\u00f3n en este agrupamiento industria potenciar\u00e1n su desarrollo productivo e incrementar\u00e1n su competitividad.<\/p>\n<p>En este sentido, este lunes \u2013en la Sala de Reuniones- el intendente Ezequiel <a href=\"https:\/\/www.facebook.com\/galliezequiel\">Galli<\/a> encabez\u00f3 el acto de firma de un nuevo boleto de compra-venta de lote en el SIP.<\/p>\n<p>En la oportunidad, Galli recibi\u00f3 a los hermanos Gustavo y Carlos Oriti, quienes se dedican al armado de placas electr\u00f3nicas para utilizar en procesos industriales desde el a\u00f1o 1997.<\/p>\n<p>Esta firma les permitir\u00e1 adquirir un lote de 2684 m2 en Los Fresnos para desarrollar all\u00ed la fabricaci\u00f3n de piezas inyectadas en pl\u00e1stico para uso en varias actividades pero inicialmente estar\u00e1n enfocados en productos para la construcci\u00f3n.<\/p>\n<p>Cabe destacar que la materia prima es obtenida a partir del reciclado de estos residuos en pallets pl\u00e1sticos que luego transformar\u00e1n en nuevos productos, dando as\u00ed un nuevo ciclo al pl\u00e1stico y contribuyendo a la econom\u00eda circular.<\/p>\n<p>El crecimiento permanente y progresivo de las diferentes firmas radicadas \u2013 a la fecha totalizan 19 lotes ya vendidos \u2013 se enmarca en las pol\u00edticas de la gesti\u00f3n local, en relaci\u00f3n al desarrollo econ\u00f3mico, respaldo, apoyo y promoci\u00f3n del sistema productivo local.<\/p>\n<p>Los agrupamientos industriales de nuestro Partido se encuentran en una posici\u00f3n geogr\u00e1fica estrat\u00e9gica y ofrecen importantes ventajas comparativas a nivel de infraestructura. En particular, en el caso de \u201cLos Fresnos\u201d, se consolida como un espacio para radicarse y optimizar el crecimiento de empresas y, en consecuencia, contribuir a la generaci\u00f3n de empleo, el movimiento econ\u00f3mico y el desarrollo productivo en el Partido de Olavarr\u00eda.<\/p>\n","protected":false},"excerpt":{"rendered":"<p>SIP \u201cLos Fresnos\u201d: un sector planificado que crece, el sector Industrial Planificado \u201cLos Fresnos\u201d presenta&#8230;<\/p>\n","protected":false},"author":1,"featured_media":166950,"comment_status":"closed","ping_status":"closed","sticky":false,"template":"","format":"standard","meta":{"content-type":""},"categories":[27,64],"tags":[],"nelio_content":{"isAutoShareEnabled":false,"autoShareEndMode":"default","automationSources":{"useContentSentences":true,"useSocialTemplates":true,"useCustomSentences":false,"customSentences":[]},"followers":[1],"suggestedReferences":[],"includedReferences":[],"efiUrl":"","efiAlt":"","highlights":[]},"yoast_head":"<!-- This site is optimized with the Yoast SEO plugin v20.7 - https:\/\/yoast.com\/wordpress\/plugins\/seo\/ -->\n<title>SIP &quot;Los Fresnos&quot;: un sector planificado que crece<\/title>\n<meta name=\"description\" content=\"SIP \u201cLos Fresnos\u201d: un sector planificado que crece, el sector Industrial Planificado \u201cLos Fresnos\u201d presenta un crecimiento sostenido\" \/>\n<meta name=\"robots\" content=\"index, follow, max-snippet:-1, max-image-preview:large, max-video-preview:-1\" \/>\n<link rel=\"canonical\" href=\"https:\/\/experienciadevida.com.ar\/portalurbano\/sip-los-fresnos-un-sector-planificado-que-crece\/\" \/>\n<meta property=\"og:locale\" content=\"es_ES\" \/>\n<meta property=\"og:type\" content=\"article\" \/>\n<meta property=\"og:title\" content=\"SIP &quot;Los Fresnos&quot;: un sector planificado que crece\" \/>\n<meta property=\"og:description\" content=\"SIP \u201cLos Fresnos\u201d: un sector planificado que crece, el sector Industrial Planificado \u201cLos Fresnos\u201d presenta un crecimiento sostenido\" \/>\n<meta property=\"og:url\" content=\"https:\/\/experienciadevida.com.ar\/portalurbano\/sip-los-fresnos-un-sector-planificado-que-crece\/\" \/>\n<meta property=\"article:publisher\" content=\"https:\/\/www.facebook.com\/Portal-Urbano-171542830093757\/\" \/>\n<meta property=\"article:published_time\" content=\"2022-05-02T20:15:44+00:00\" \/>\n<meta property=\"article:modified_time\" content=\"2022-05-02T21:02:41+00:00\" \/>\n<meta property=\"og:image\" content=\"https:\/\/experienciadevida.com.ar\/portalurbano\/wp-content\/uploads\/2022\/05\/SIP.jpg\" \/>\n\t<meta property=\"og:image:width\" content=\"2560\" \/>\n\t<meta property=\"og:image:height\" content=\"1711\" \/>\n\t<meta property=\"og:image:type\" content=\"image\/jpeg\" \/>\n<meta name=\"author\" content=\"admpu17wp\" \/>\n<meta name=\"twitter:card\" content=\"summary_large_image\" \/>\n<meta name=\"twitter:creator\" content=\"@portalurbanook\" \/>\n<meta name=\"twitter:site\" content=\"@portalurbanook\" \/>\n<meta name=\"twitter:label1\" content=\"Escrito por\" \/>\n\t<meta name=\"twitter:data1\" content=\"admpu17wp\" \/>\n\t<meta name=\"twitter:label2\" content=\"Tiempo de lectura\" \/>\n\t<meta name=\"twitter:data2\" content=\"2 minutos\" \/>\n<script type=\"application\/ld+json\" class=\"yoast-schema-graph\">{\"@context\":\"https:\/\/schema.org\",\"@graph\":[{\"@type\":\"Article\",\"@id\":\"https:\/\/experienciadevida.com.ar\/portalurbano\/sip-los-fresnos-un-sector-planificado-que-crece\/#article\",\"isPartOf\":{\"@id\":\"https:\/\/experienciadevida.com.ar\/portalurbano\/sip-los-fresnos-un-sector-planificado-que-crece\/\"},\"author\":{\"name\":\"admpu17wp\",\"@id\":\"https:\/\/experienciadevida.com.ar\/portalurbano\/#\/schema\/person\/02dd326b1c4b056e9cc972486934a3a7\"},\"headline\":\"SIP \u201cLos Fresnos\u201d: un sector planificado que crece\",\"datePublished\":\"2022-05-02T20:15:44+00:00\",\"dateModified\":\"2022-05-02T21:02:41+00:00\",\"mainEntityOfPage\":{\"@id\":\"https:\/\/experienciadevida.com.ar\/portalurbano\/sip-los-fresnos-un-sector-planificado-que-crece\/\"},\"wordCount\":317,\"publisher\":{\"@id\":\"https:\/\/experienciadevida.com.ar\/portalurbano\/#organization\"},\"articleSection\":[\"Ciudad\",\"Destacadas 2\"],\"inLanguage\":\"es\"},{\"@type\":\"WebPage\",\"@id\":\"https:\/\/experienciadevida.com.ar\/portalurbano\/sip-los-fresnos-un-sector-planificado-que-crece\/\",\"url\":\"https:\/\/experienciadevida.com.ar\/portalurbano\/sip-los-fresnos-un-sector-planificado-que-crece\/\",\"name\":\"SIP \\\"Los Fresnos\\\": un sector planificado que crece\",\"isPartOf\":{\"@id\":\"https:\/\/experienciadevida.com.ar\/portalurbano\/#website\"},\"datePublished\":\"2022-05-02T20:15:44+00:00\",\"dateModified\":\"2022-05-02T21:02:41+00:00\",\"description\":\"SIP \u201cLos Fresnos\u201d: un sector planificado que crece, el sector Industrial Planificado \u201cLos Fresnos\u201d presenta un crecimiento sostenido\",\"breadcrumb\":{\"@id\":\"https:\/\/experienciadevida.com.ar\/portalurbano\/sip-los-fresnos-un-sector-planificado-que-crece\/#breadcrumb\"},\"inLanguage\":\"es\",\"potentialAction\":[{\"@type\":\"ReadAction\",\"target\":[\"https:\/\/experienciadevida.com.ar\/portalurbano\/sip-los-fresnos-un-sector-planificado-que-crece\/\"]}]},{\"@type\":\"BreadcrumbList\",\"@id\":\"https:\/\/experienciadevida.com.ar\/portalurbano\/sip-los-fresnos-un-sector-planificado-que-crece\/#breadcrumb\",\"itemListElement\":[{\"@type\":\"ListItem\",\"position\":1,\"name\":\"Portada\",\"item\":\"https:\/\/experienciadevida.com.ar\/portalurbano\/\"},{\"@type\":\"ListItem\",\"position\":2,\"name\":\"SIP \u201cLos Fresnos\u201d: un sector planificado que crece\"}]},{\"@type\":\"WebSite\",\"@id\":\"https:\/\/experienciadevida.com.ar\/portalurbano\/#website\",\"url\":\"https:\/\/experienciadevida.com.ar\/portalurbano\/\",\"name\":\"\",\"description\":\"\",\"publisher\":{\"@id\":\"https:\/\/experienciadevida.com.ar\/portalurbano\/#organization\"},\"potentialAction\":[{\"@type\":\"SearchAction\",\"target\":{\"@type\":\"EntryPoint\",\"urlTemplate\":\"https:\/\/experienciadevida.com.ar\/portalurbano\/?s={search_term_string}\"},\"query-input\":\"required name=search_term_string\"}],\"inLanguage\":\"es\"},{\"@type\":\"Organization\",\"@id\":\"https:\/\/experienciadevida.com.ar\/portalurbano\/#organization\",\"name\":\"Portal Urbano\",\"url\":\"https:\/\/experienciadevida.com.ar\/portalurbano\/\",\"logo\":{\"@type\":\"ImageObject\",\"inLanguage\":\"es\",\"@id\":\"https:\/\/experienciadevida.com.ar\/portalurbano\/#\/schema\/logo\/image\/\",\"url\":\"https:\/\/experienciadevida.com.ar\/portalurbano\/wp-content\/uploads\/2019\/09\/Logo-Original.png\",\"contentUrl\":\"https:\/\/experienciadevida.com.ar\/portalurbano\/wp-content\/uploads\/2019\/09\/Logo-Original.png\",\"width\":2236,\"height\":1216,\"caption\":\"Portal Urbano\"},\"image\":{\"@id\":\"https:\/\/experienciadevida.com.ar\/portalurbano\/#\/schema\/logo\/image\/\"},\"sameAs\":[\"https:\/\/www.facebook.com\/Portal-Urbano-171542830093757\/\",\"https:\/\/twitter.com\/portalurbanook\",\"https:\/\/www.instagram.com\/_portalurbano\/\",\"https:\/\/www.youtube.com\/channel\/UCXhagIfszH8KxFiOok79zbA?view_as=subscriber\"]},{\"@type\":\"Person\",\"@id\":\"https:\/\/experienciadevida.com.ar\/portalurbano\/#\/schema\/person\/02dd326b1c4b056e9cc972486934a3a7\",\"name\":\"admpu17wp\",\"image\":{\"@type\":\"ImageObject\",\"inLanguage\":\"es\",\"@id\":\"https:\/\/experienciadevida.com.ar\/portalurbano\/#\/schema\/person\/image\/\",\"url\":\"https:\/\/secure.gravatar.com\/avatar\/830d4c57adaae6630765e449a6908047?s=96&d=mm&r=g\",\"contentUrl\":\"https:\/\/secure.gravatar.com\/avatar\/830d4c57adaae6630765e449a6908047?s=96&d=mm&r=g\",\"caption\":\"admpu17wp\"}}]}<\/script>\n<!-- \/ Yoast SEO plugin. -->","yoast_head_json":{"title":"SIP \"Los Fresnos\": un sector planificado que crece","description":"SIP \u201cLos Fresnos\u201d: un sector planificado que crece, el sector Industrial Planificado \u201cLos Fresnos\u201d presenta un crecimiento sostenido","robots":{"index":"index","follow":"follow","max-snippet":"max-snippet:-1","max-image-preview":"max-image-preview:large","max-video-preview":"max-video-preview:-1"},"canonical":"https:\/\/experienciadevida.com.ar\/portalurbano\/sip-los-fresnos-un-sector-planificado-que-crece\/","og_locale":"es_ES","og_type":"article","og_title":"SIP \"Los Fresnos\": un sector planificado que crece","og_description":"SIP \u201cLos Fresnos\u201d: un sector planificado que crece, el sector Industrial Planificado \u201cLos Fresnos\u201d presenta un crecimiento sostenido","og_url":"https:\/\/experienciadevida.com.ar\/portalurbano\/sip-los-fresnos-un-sector-planificado-que-crece\/","article_publisher":"https:\/\/www.facebook.com\/Portal-Urbano-171542830093757\/","article_published_time":"2022-05-02T20:15:44+00:00","article_modified_time":"2022-05-02T21:02:41+00:00","og_image":[{"width":2560,"height":1711,"url":"https:\/\/experienciadevida.com.ar\/portalurbano\/wp-content\/uploads\/2022\/05\/SIP.jpg","type":"image\/jpeg"}],"author":"admpu17wp","twitter_card":"summary_large_image","twitter_creator":"@portalurbanook","twitter_site":"@portalurbanook","twitter_misc":{"Escrito por":"admpu17wp","Tiempo de lectura":"2 minutos"},"schema":{"@context":"https:\/\/schema.org","@graph":[{"@type":"Article","@id":"https:\/\/experienciadevida.com.ar\/portalurbano\/sip-los-fresnos-un-sector-planificado-que-crece\/#article","isPartOf":{"@id":"https:\/\/experienciadevida.com.ar\/portalurbano\/sip-los-fresnos-un-sector-planificado-que-crece\/"},"author":{"name":"admpu17wp","@id":"https:\/\/experienciadevida.com.ar\/portalurbano\/#\/schema\/person\/02dd326b1c4b056e9cc972486934a3a7"},"headline":"SIP \u201cLos Fresnos\u201d: un sector planificado que crece","datePublished":"2022-05-02T20:15:44+00:00","dateModified":"2022-05-02T21:02:41+00:00","mainEntityOfPage":{"@id":"https:\/\/experienciadevida.com.ar\/portalurbano\/sip-los-fresnos-un-sector-planificado-que-crece\/"},"wordCount":317,"publisher":{"@id":"https:\/\/experienciadevida.com.ar\/portalurbano\/#organization"},"articleSection":["Ciudad","Destacadas 2"],"inLanguage":"es"},{"@type":"WebPage","@id":"https:\/\/experienciadevida.com.ar\/portalurbano\/sip-los-fresnos-un-sector-planificado-que-crece\/","url":"https:\/\/experienciadevida.com.ar\/portalurbano\/sip-los-fresnos-un-sector-planificado-que-crece\/","name":"SIP \"Los Fresnos\": un sector planificado que crece","isPartOf":{"@id":"https:\/\/experienciadevida.com.ar\/portalurbano\/#website"},"datePublished":"2022-05-02T20:15:44+00:00","dateModified":"2022-05-02T21:02:41+00:00","description":"SIP \u201cLos Fresnos\u201d: un sector planificado que crece, el sector Industrial Planificado \u201cLos Fresnos\u201d presenta un crecimiento sostenido","breadcrumb":{"@id":"https:\/\/experienciadevida.com.ar\/portalurbano\/sip-los-fresnos-un-sector-planificado-que-crece\/#breadcrumb"},"inLanguage":"es","potentialAction":[{"@type":"ReadAction","target":["https:\/\/experienciadevida.com.ar\/portalurbano\/sip-los-fresnos-un-sector-planificado-que-crece\/"]}]},{"@type":"BreadcrumbList","@id":"https:\/\/experienciadevida.com.ar\/portalurbano\/sip-los-fresnos-un-sector-planificado-que-crece\/#breadcrumb","itemListElement":[{"@type":"ListItem","position":1,"name":"Portada","item":"https:\/\/experienciadevida.com.ar\/portalurbano\/"},{"@type":"ListItem","position":2,"name":"SIP \u201cLos Fresnos\u201d: un sector planificado que crece"}]},{"@type":"WebSite","@id":"https:\/\/experienciadevida.com.ar\/portalurbano\/#website","url":"https:\/\/experienciadevida.com.ar\/portalurbano\/","name":"","description":"","publisher":{"@id":"https:\/\/experienciadevida.com.ar\/portalurbano\/#organization"},"potentialAction":[{"@type":"SearchAction","target":{"@type":"EntryPoint","urlTemplate":"https:\/\/experienciadevida.com.ar\/portalurbano\/?s={search_term_string}"},"query-input":"required name=search_term_string"}],"inLanguage":"es"},{"@type":"Organization","@id":"https:\/\/experienciadevida.com.ar\/portalurbano\/#organization","name":"Portal Urbano","url":"https:\/\/experienciadevida.com.ar\/portalurbano\/","logo":{"@type":"ImageObject","inLanguage":"es","@id":"https:\/\/experienciadevida.com.ar\/portalurbano\/#\/schema\/logo\/image\/","url":"https:\/\/experienciadevida.com.ar\/portalurbano\/wp-content\/uploads\/2019\/09\/Logo-Original.png","contentUrl":"https:\/\/experienciadevida.com.ar\/portalurbano\/wp-content\/uploads\/2019\/09\/Logo-Original.png","width":2236,"height":1216,"caption":"Portal Urbano"},"image":{"@id":"https:\/\/experienciadevida.com.ar\/portalurbano\/#\/schema\/logo\/image\/"},"sameAs":["https:\/\/www.facebook.com\/Portal-Urbano-171542830093757\/","https:\/\/twitter.com\/portalurbanook","https:\/\/www.instagram.com\/_portalurbano\/","https:\/\/www.youtube.com\/channel\/UCXhagIfszH8KxFiOok79zbA?view_as=subscriber"]},{"@type":"Person","@id":"https:\/\/experienciadevida.com.ar\/portalurbano\/#\/schema\/person\/02dd326b1c4b056e9cc972486934a3a7","name":"admpu17wp","image":{"@type":"ImageObject","inLanguage":"es","@id":"https:\/\/experienciadevida.com.ar\/portalurbano\/#\/schema\/person\/image\/","url":"https:\/\/secure.gravatar.com\/avatar\/830d4c57adaae6630765e449a6908047?s=96&d=mm&r=g","contentUrl":"https:\/\/secure.gravatar.com\/avatar\/830d4c57adaae6630765e449a6908047?s=96&d=mm&r=g","caption":"admpu17wp"}}]}},"featured_image_urls":{"full":["https:\/\/experienciadevida.com.ar\/portalurbano\/wp-content\/uploads\/2022\/05\/SIP.jpg",2560,1711,false],"thumbnail":["https:\/\/experienciadevida.com.ar\/portalurbano\/wp-content\/uploads\/2022\/05\/SIP-150x150.jpg",150,150,true],"medium":["https:\/\/experienciadevida.com.ar\/portalurbano\/wp-content\/uploads\/2022\/05\/SIP-300x201.jpg",300,201,true],"medium_large":["https:\/\/experienciadevida.com.ar\/portalurbano\/wp-content\/uploads\/2022\/05\/SIP-768x513.jpg",640,428,true],"large":["https:\/\/experienciadevida.com.ar\/portalurbano\/wp-content\/uploads\/2022\/05\/SIP-1024x684.jpg",640,428,true],"ug_big":["https:\/\/experienciadevida.com.ar\/portalurbano\/wp-content\/uploads\/2022\/05\/SIP-768x513.jpg",768,513,true],"1536x1536":["https:\/\/experienciadevida.com.ar\/portalurbano\/wp-content\/uploads\/2022\/05\/SIP-1536x1027.jpg",1536,1027,true],"2048x2048":["https:\/\/experienciadevida.com.ar\/portalurbano\/wp-content\/uploads\/2022\/05\/SIP-2048x1369.jpg",2048,1369,true],"newsever-slider-full":["https:\/\/experienciadevida.com.ar\/portalurbano\/wp-content\/uploads\/2022\/05\/SIP.jpg",1264,845,false],"newsever-featured":["https:\/\/experienciadevida.com.ar\/portalurbano\/wp-content\/uploads\/2022\/05\/SIP.jpg",1024,684,false],"newsever-medium":["https:\/\/experienciadevida.com.ar\/portalurbano\/wp-content\/uploads\/2022\/05\/SIP.jpg",711,475,false],"web-stories-poster-portrait":["https:\/\/experienciadevida.com.ar\/portalurbano\/wp-content\/uploads\/2022\/05\/SIP.jpg",640,428,false],"web-stories-publisher-logo":["https:\/\/experienciadevida.com.ar\/portalurbano\/wp-content\/uploads\/2022\/05\/SIP.jpg",96,64,false],"web-stories-thumbnail":["https:\/\/experienciadevida.com.ar\/portalurbano\/wp-content\/uploads\/2022\/05\/SIP.jpg",150,100,false]},"author_info":{"display_name":"admpu17wp","author_link":"https:\/\/experienciadevida.com.ar\/portalurbano\/author\/admpu17wp\/"},"category_info":"<a href=\"https:\/\/experienciadevida.com.ar\/portalurbano\/category\/ciudad\/\" rel=\"category tag\">Ciudad<\/a> <a href=\"https:\/\/experienciadevida.com.ar\/portalurbano\/category\/destacadas-2\/\" rel=\"category tag\">Destacadas 2<\/a>","tag_info":"Destacadas 2","comment_count":"0","amp_enabled":true,"_links":{"self":[{"href":"https:\/\/experienciadevida.com.ar\/portalurbano\/wp-json\/wp\/v2\/posts\/166949"}],"collection":[{"href":"https:\/\/experienciadevida.com.ar\/portalurbano\/wp-json\/wp\/v2\/posts"}],"about":[{"href":"https:\/\/experienciadevida.com.ar\/portalurbano\/wp-json\/wp\/v2\/types\/post"}],"author":[{"embeddable":true,"href":"https:\/\/experienciadevida.com.ar\/portalurbano\/wp-json\/wp\/v2\/users\/1"}],"replies":[{"embeddable":true,"href":"https:\/\/experienciadevida.com.ar\/portalurbano\/wp-json\/wp\/v2\/comments?post=166949"}],"version-history":[{"count":2,"href":"https:\/\/experienciadevida.com.ar\/portalurbano\/wp-json\/wp\/v2\/posts\/166949\/revisions"}],"predecessor-version":[{"id":166952,"href":"https:\/\/experienciadevida.com.ar\/portalurbano\/wp-json\/wp\/v2\/posts\/166949\/revisions\/166952"}],"wp:featuredmedia":[{"embeddable":true,"href":"https:\/\/experienciadevida.com.ar\/portalurbano\/wp-json\/wp\/v2\/media\/166950"}],"wp:attachment":[{"href":"https:\/\/experienciadevida.com.ar\/portalurbano\/wp-json\/wp\/v2\/media?parent=166949"}],"wp:term":[{"taxonomy":"category","embeddable":true,"href":"https:\/\/experienciadevida.com.ar\/portalurbano\/wp-json\/wp\/v2\/categories?post=166949"},{"taxonomy":"post_tag","embeddable":true,"href":"https:\/\/experienciadevida.com.ar\/portalurbano\/wp-json\/wp\/v2\/tags?post=166949"}],"curies":[{"name":"wp","href":"https:\/\/api.w.org\/{rel}","templated":true}]}}