{"id":166819,"date":"2022-05-01T11:54:23","date_gmt":"2022-05-01T14:54:23","guid":{"rendered":"https:\/\/experienciadevida.com.ar\/portalurbano\/?p=166819"},"modified":"2022-05-01T11:57:26","modified_gmt":"2022-05-01T14:57:26","slug":"se-pusieron-en-marcha-los-nuevos-talleres-del-programa-universitario-de-personas-mayores","status":"publish","type":"post","link":"https:\/\/experienciadevida.com.ar\/portalurbano\/se-pusieron-en-marcha-los-nuevos-talleres-del-programa-universitario-de-personas-mayores\/","title":{"rendered":"Se pusieron en marcha los nuevos talleres del Programa Universitario de Personas Mayores"},"content":{"rendered":"<p>Se pusieron en marcha los nuevos talleres del Programa Universitario de Personas Mayores, en el transcurso de la semana pasada comenzaron a dictarse varias de las propuestas del Programa Universitario de Personas Mayores (PUPEMA) que depende de la Secretar\u00eda de Extensi\u00f3n, Bienestar y Transferencia de la <a href=\"https:\/\/www.facebook.com\/facultadcienciassociales.unicen\">FACSO<\/a>.<\/p>\n<p>El Programa Universitario de Personas Mayores tiene el objetivo de generar espacios socioeducativos a partir de la realizaci\u00f3n de capacitaciones, talleres y actividades que se desarrollan en la din\u00e1mica de aula-taller destinadas a personas mayores. Cabe destacar que no es necesario presentar t\u00edtulos ni acreditar conocimientos previos para inscribirse a los talleres disponibles.<\/p>\n<p>Las propuestas que iniciaron durante el mes de abril son: Taller de escritura \u201cAutores de la literatura Latinoamericana. Lectura, an\u00e1lisis y escritura\u201d, que coordina Mar\u00eda Teresa Sanseau; el taller de escritura creativa a cargo de Diego Rojas, el taller de cianotipia (el primer curso del Ciclo de Talleres de Arte), que dicta Daiana Sasia, y el de actualizaci\u00f3n para el uso de smartphones, a cargo de Luc\u00eda Contini y Joaqu\u00edn M\u00e9ndez.<\/p>\n<p>Los primeros talleres mencionados se dictan en el espacio del Centro Cultural Universitario (San Mart\u00edn 1955), mientras que el taller para el uso de smartphones es coordinado por PUPEMA y el Punto Digital Olavarr\u00eda y se ofrece en el Centro Cultural San Jos\u00e9.<\/p>\n<p>Mientras tanto, durante el mes de mayo comenzar\u00e1 el taller de Magia que estar\u00e1 a cargo del docente Francisco Moris. Adem\u00e1s en junio iniciar\u00e1 el taller de Pintura con la docente Pilar Garc\u00eda.<\/p>\n<p>Todos los talleres mencionados son gratuitos y se desarrollan de manera presencial.<\/p>\n<p>La inscripci\u00f3n contin\u00faa abierta y para realizar consultar o inscripciones quienes deseen sumarse a las propuestas vigentes deben escribir un mensaje por WhatsApp al 02284-15500331 o por mensaje privado en el Facebook Programa Universitario de Personas Mayores Olavarr\u00eda.<\/p>\n<p>Taller de realizaci\u00f3n de audiovisuales<\/p>\n<p>El mi\u00e9rcoles 4 de mayo comenzar\u00e1 el Taller para la realizaci\u00f3n de audiovisuales. La propuesta se enmarca dentro de la Formaci\u00f3n Art\u00edstica para la Industria Cultural (FAPIC) y es organizada en conjunto por PUPEMA y el CEPEAC N\u00ba 1 de Olavarr\u00eda.<\/p>\n<p>Estar\u00e1 a cargo de la docente Roc\u00edo Mart\u00ednez Benz y se ofrecer\u00e1 en el Centro Cultural Universitario los mi\u00e9rcoles de 16 a 17:30. Para inscribirse deber\u00e1n enviar un correo electr\u00f3nico a centroculturalunicen@gmail.com o comunicarse al tel\u00e9fono (02284) 423262.<\/p>\n<p><a href=\"https:\/\/experienciadevida.com.ar\/portalurbano\/se-pusieron-en-marcha-los-nuevos-talleres-del-programa-universitario-de-personas-mayores\/se-pusieron\/\" rel=\"attachment wp-att-166821\"><img decoding=\"async\" class=\"alignnone size-full wp-image-166821\" src=\"https:\/\/experienciadevida.com.ar\/portalurbano\/wp-content\/uploads\/2022\/05\/Se-pusieron.jpg\" alt=\"Se pusieron \" width=\"1024\" height=\"657\" srcset=\"https:\/\/experienciadevida.com.ar\/portalurbano\/wp-content\/uploads\/2022\/05\/Se-pusieron.jpg 1024w, https:\/\/experienciadevida.com.ar\/portalurbano\/wp-content\/uploads\/2022\/05\/Se-pusieron-300x192.jpg 300w, https:\/\/experienciadevida.com.ar\/portalurbano\/wp-content\/uploads\/2022\/05\/Se-pusieron-768x493.jpg 768w\" sizes=\"(max-width: 1024px) 100vw, 1024px\" \/><\/a><\/p>\n","protected":false},"excerpt":{"rendered":"<p>Se pusieron en marcha los nuevos talleres del Programa Universitario de Personas Mayores, en el&#8230;<\/p>\n","protected":false},"author":1,"featured_media":166820,"comment_status":"closed","ping_status":"closed","sticky":false,"template":"","format":"standard","meta":{"content-type":""},"categories":[31],"tags":[],"nelio_content":{"isAutoShareEnabled":false,"autoShareEndMode":"default","automationSources":{"useContentSentences":true,"useSocialTemplates":true,"useCustomSentences":false,"customSentences":[]},"followers":[1],"suggestedReferences":[],"includedReferences":[],"efiUrl":"","efiAlt":"","highlights":[]},"yoast_head":"<!-- This site is optimized with the Yoast SEO plugin v20.7 - https:\/\/yoast.com\/wordpress\/plugins\/seo\/ -->\n<title>Se pusieron en marcha los nuevos talleres del programa Universitario<\/title>\n<meta name=\"description\" content=\"Se pusieron en marcha los nuevos talleres del Programa Universitario de Personas Mayores, en el transcurso de la semana pasada\" \/>\n<meta name=\"robots\" content=\"index, follow, max-snippet:-1, max-image-preview:large, max-video-preview:-1\" \/>\n<link rel=\"canonical\" href=\"https:\/\/experienciadevida.com.ar\/portalurbano\/se-pusieron-en-marcha-los-nuevos-talleres-del-programa-universitario-de-personas-mayores\/\" \/>\n<meta property=\"og:locale\" content=\"es_ES\" \/>\n<meta property=\"og:type\" content=\"article\" \/>\n<meta property=\"og:title\" content=\"Se pusieron en marcha los nuevos talleres del programa Universitario\" \/>\n<meta property=\"og:description\" content=\"Se pusieron en marcha los nuevos talleres del Programa Universitario de Personas Mayores, en el transcurso de la semana pasada\" \/>\n<meta property=\"og:url\" content=\"https:\/\/experienciadevida.com.ar\/portalurbano\/se-pusieron-en-marcha-los-nuevos-talleres-del-programa-universitario-de-personas-mayores\/\" \/>\n<meta property=\"article:publisher\" content=\"https:\/\/www.facebook.com\/Portal-Urbano-171542830093757\/\" \/>\n<meta property=\"article:published_time\" content=\"2022-05-01T14:54:23+00:00\" \/>\n<meta property=\"article:modified_time\" content=\"2022-05-01T14:57:26+00:00\" \/>\n<meta property=\"og:image\" content=\"https:\/\/experienciadevida.com.ar\/portalurbano\/wp-content\/uploads\/2022\/05\/Se-pusieron-en-marcha.jpg\" \/>\n\t<meta property=\"og:image:width\" content=\"958\" \/>\n\t<meta property=\"og:image:height\" content=\"699\" \/>\n\t<meta property=\"og:image:type\" content=\"image\/jpeg\" \/>\n<meta name=\"author\" content=\"admpu17wp\" \/>\n<meta name=\"twitter:card\" content=\"summary_large_image\" \/>\n<meta name=\"twitter:creator\" content=\"@portalurbanook\" \/>\n<meta name=\"twitter:site\" content=\"@portalurbanook\" \/>\n<meta name=\"twitter:label1\" content=\"Escrito por\" \/>\n\t<meta name=\"twitter:data1\" content=\"admpu17wp\" \/>\n\t<meta name=\"twitter:label2\" content=\"Tiempo de lectura\" \/>\n\t<meta name=\"twitter:data2\" content=\"2 minutos\" \/>\n<script type=\"application\/ld+json\" class=\"yoast-schema-graph\">{\"@context\":\"https:\/\/schema.org\",\"@graph\":[{\"@type\":\"Article\",\"@id\":\"https:\/\/experienciadevida.com.ar\/portalurbano\/se-pusieron-en-marcha-los-nuevos-talleres-del-programa-universitario-de-personas-mayores\/#article\",\"isPartOf\":{\"@id\":\"https:\/\/experienciadevida.com.ar\/portalurbano\/se-pusieron-en-marcha-los-nuevos-talleres-del-programa-universitario-de-personas-mayores\/\"},\"author\":{\"name\":\"admpu17wp\",\"@id\":\"https:\/\/experienciadevida.com.ar\/portalurbano\/#\/schema\/person\/02dd326b1c4b056e9cc972486934a3a7\"},\"headline\":\"Se pusieron en marcha los nuevos talleres del Programa Universitario de Personas Mayores\",\"datePublished\":\"2022-05-01T14:54:23+00:00\",\"dateModified\":\"2022-05-01T14:57:26+00:00\",\"mainEntityOfPage\":{\"@id\":\"https:\/\/experienciadevida.com.ar\/portalurbano\/se-pusieron-en-marcha-los-nuevos-talleres-del-programa-universitario-de-personas-mayores\/\"},\"wordCount\":419,\"publisher\":{\"@id\":\"https:\/\/experienciadevida.com.ar\/portalurbano\/#organization\"},\"articleSection\":[\"Educaci\u00f3n\"],\"inLanguage\":\"es\"},{\"@type\":\"WebPage\",\"@id\":\"https:\/\/experienciadevida.com.ar\/portalurbano\/se-pusieron-en-marcha-los-nuevos-talleres-del-programa-universitario-de-personas-mayores\/\",\"url\":\"https:\/\/experienciadevida.com.ar\/portalurbano\/se-pusieron-en-marcha-los-nuevos-talleres-del-programa-universitario-de-personas-mayores\/\",\"name\":\"Se pusieron en marcha los nuevos talleres del programa Universitario\",\"isPartOf\":{\"@id\":\"https:\/\/experienciadevida.com.ar\/portalurbano\/#website\"},\"datePublished\":\"2022-05-01T14:54:23+00:00\",\"dateModified\":\"2022-05-01T14:57:26+00:00\",\"description\":\"Se pusieron en marcha los nuevos talleres del Programa Universitario de Personas Mayores, en el transcurso de la semana pasada\",\"breadcrumb\":{\"@id\":\"https:\/\/experienciadevida.com.ar\/portalurbano\/se-pusieron-en-marcha-los-nuevos-talleres-del-programa-universitario-de-personas-mayores\/#breadcrumb\"},\"inLanguage\":\"es\",\"potentialAction\":[{\"@type\":\"ReadAction\",\"target\":[\"https:\/\/experienciadevida.com.ar\/portalurbano\/se-pusieron-en-marcha-los-nuevos-talleres-del-programa-universitario-de-personas-mayores\/\"]}]},{\"@type\":\"BreadcrumbList\",\"@id\":\"https:\/\/experienciadevida.com.ar\/portalurbano\/se-pusieron-en-marcha-los-nuevos-talleres-del-programa-universitario-de-personas-mayores\/#breadcrumb\",\"itemListElement\":[{\"@type\":\"ListItem\",\"position\":1,\"name\":\"Portada\",\"item\":\"https:\/\/experienciadevida.com.ar\/portalurbano\/\"},{\"@type\":\"ListItem\",\"position\":2,\"name\":\"Se pusieron en marcha los nuevos talleres del Programa Universitario de Personas Mayores\"}]},{\"@type\":\"WebSite\",\"@id\":\"https:\/\/experienciadevida.com.ar\/portalurbano\/#website\",\"url\":\"https:\/\/experienciadevida.com.ar\/portalurbano\/\",\"name\":\"\",\"description\":\"\",\"publisher\":{\"@id\":\"https:\/\/experienciadevida.com.ar\/portalurbano\/#organization\"},\"potentialAction\":[{\"@type\":\"SearchAction\",\"target\":{\"@type\":\"EntryPoint\",\"urlTemplate\":\"https:\/\/experienciadevida.com.ar\/portalurbano\/?s={search_term_string}\"},\"query-input\":\"required name=search_term_string\"}],\"inLanguage\":\"es\"},{\"@type\":\"Organization\",\"@id\":\"https:\/\/experienciadevida.com.ar\/portalurbano\/#organization\",\"name\":\"Portal Urbano\",\"url\":\"https:\/\/experienciadevida.com.ar\/portalurbano\/\",\"logo\":{\"@type\":\"ImageObject\",\"inLanguage\":\"es\",\"@id\":\"https:\/\/experienciadevida.com.ar\/portalurbano\/#\/schema\/logo\/image\/\",\"url\":\"https:\/\/experienciadevida.com.ar\/portalurbano\/wp-content\/uploads\/2019\/09\/Logo-Original.png\",\"contentUrl\":\"https:\/\/experienciadevida.com.ar\/portalurbano\/wp-content\/uploads\/2019\/09\/Logo-Original.png\",\"width\":2236,\"height\":1216,\"caption\":\"Portal Urbano\"},\"image\":{\"@id\":\"https:\/\/experienciadevida.com.ar\/portalurbano\/#\/schema\/logo\/image\/\"},\"sameAs\":[\"https:\/\/www.facebook.com\/Portal-Urbano-171542830093757\/\",\"https:\/\/twitter.com\/portalurbanook\",\"https:\/\/www.instagram.com\/_portalurbano\/\",\"https:\/\/www.youtube.com\/channel\/UCXhagIfszH8KxFiOok79zbA?view_as=subscriber\"]},{\"@type\":\"Person\",\"@id\":\"https:\/\/experienciadevida.com.ar\/portalurbano\/#\/schema\/person\/02dd326b1c4b056e9cc972486934a3a7\",\"name\":\"admpu17wp\",\"image\":{\"@type\":\"ImageObject\",\"inLanguage\":\"es\",\"@id\":\"https:\/\/experienciadevida.com.ar\/portalurbano\/#\/schema\/person\/image\/\",\"url\":\"https:\/\/secure.gravatar.com\/avatar\/830d4c57adaae6630765e449a6908047?s=96&d=mm&r=g\",\"contentUrl\":\"https:\/\/secure.gravatar.com\/avatar\/830d4c57adaae6630765e449a6908047?s=96&d=mm&r=g\",\"caption\":\"admpu17wp\"}}]}<\/script>\n<!-- \/ Yoast SEO plugin. -->","yoast_head_json":{"title":"Se pusieron en marcha los nuevos talleres del programa Universitario","description":"Se pusieron en marcha los nuevos talleres del Programa Universitario de Personas Mayores, en el transcurso de la semana pasada","robots":{"index":"index","follow":"follow","max-snippet":"max-snippet:-1","max-image-preview":"max-image-preview:large","max-video-preview":"max-video-preview:-1"},"canonical":"https:\/\/experienciadevida.com.ar\/portalurbano\/se-pusieron-en-marcha-los-nuevos-talleres-del-programa-universitario-de-personas-mayores\/","og_locale":"es_ES","og_type":"article","og_title":"Se pusieron en marcha los nuevos talleres del programa Universitario","og_description":"Se pusieron en marcha los nuevos talleres del Programa Universitario de Personas Mayores, en el transcurso de la semana pasada","og_url":"https:\/\/experienciadevida.com.ar\/portalurbano\/se-pusieron-en-marcha-los-nuevos-talleres-del-programa-universitario-de-personas-mayores\/","article_publisher":"https:\/\/www.facebook.com\/Portal-Urbano-171542830093757\/","article_published_time":"2022-05-01T14:54:23+00:00","article_modified_time":"2022-05-01T14:57:26+00:00","og_image":[{"width":958,"height":699,"url":"https:\/\/experienciadevida.com.ar\/portalurbano\/wp-content\/uploads\/2022\/05\/Se-pusieron-en-marcha.jpg","type":"image\/jpeg"}],"author":"admpu17wp","twitter_card":"summary_large_image","twitter_creator":"@portalurbanook","twitter_site":"@portalurbanook","twitter_misc":{"Escrito por":"admpu17wp","Tiempo de lectura":"2 minutos"},"schema":{"@context":"https:\/\/schema.org","@graph":[{"@type":"Article","@id":"https:\/\/experienciadevida.com.ar\/portalurbano\/se-pusieron-en-marcha-los-nuevos-talleres-del-programa-universitario-de-personas-mayores\/#article","isPartOf":{"@id":"https:\/\/experienciadevida.com.ar\/portalurbano\/se-pusieron-en-marcha-los-nuevos-talleres-del-programa-universitario-de-personas-mayores\/"},"author":{"name":"admpu17wp","@id":"https:\/\/experienciadevida.com.ar\/portalurbano\/#\/schema\/person\/02dd326b1c4b056e9cc972486934a3a7"},"headline":"Se pusieron en marcha los nuevos talleres del Programa Universitario de Personas Mayores","datePublished":"2022-05-01T14:54:23+00:00","dateModified":"2022-05-01T14:57:26+00:00","mainEntityOfPage":{"@id":"https:\/\/experienciadevida.com.ar\/portalurbano\/se-pusieron-en-marcha-los-nuevos-talleres-del-programa-universitario-de-personas-mayores\/"},"wordCount":419,"publisher":{"@id":"https:\/\/experienciadevida.com.ar\/portalurbano\/#organization"},"articleSection":["Educaci\u00f3n"],"inLanguage":"es"},{"@type":"WebPage","@id":"https:\/\/experienciadevida.com.ar\/portalurbano\/se-pusieron-en-marcha-los-nuevos-talleres-del-programa-universitario-de-personas-mayores\/","url":"https:\/\/experienciadevida.com.ar\/portalurbano\/se-pusieron-en-marcha-los-nuevos-talleres-del-programa-universitario-de-personas-mayores\/","name":"Se pusieron en marcha los nuevos talleres del programa Universitario","isPartOf":{"@id":"https:\/\/experienciadevida.com.ar\/portalurbano\/#website"},"datePublished":"2022-05-01T14:54:23+00:00","dateModified":"2022-05-01T14:57:26+00:00","description":"Se pusieron en marcha los nuevos talleres del Programa Universitario de Personas Mayores, en el transcurso de la semana pasada","breadcrumb":{"@id":"https:\/\/experienciadevida.com.ar\/portalurbano\/se-pusieron-en-marcha-los-nuevos-talleres-del-programa-universitario-de-personas-mayores\/#breadcrumb"},"inLanguage":"es","potentialAction":[{"@type":"ReadAction","target":["https:\/\/experienciadevida.com.ar\/portalurbano\/se-pusieron-en-marcha-los-nuevos-talleres-del-programa-universitario-de-personas-mayores\/"]}]},{"@type":"BreadcrumbList","@id":"https:\/\/experienciadevida.com.ar\/portalurbano\/se-pusieron-en-marcha-los-nuevos-talleres-del-programa-universitario-de-personas-mayores\/#breadcrumb","itemListElement":[{"@type":"ListItem","position":1,"name":"Portada","item":"https:\/\/experienciadevida.com.ar\/portalurbano\/"},{"@type":"ListItem","position":2,"name":"Se pusieron en marcha los nuevos talleres del Programa Universitario de Personas Mayores"}]},{"@type":"WebSite","@id":"https:\/\/experienciadevida.com.ar\/portalurbano\/#website","url":"https:\/\/experienciadevida.com.ar\/portalurbano\/","name":"","description":"","publisher":{"@id":"https:\/\/experienciadevida.com.ar\/portalurbano\/#organization"},"potentialAction":[{"@type":"SearchAction","target":{"@type":"EntryPoint","urlTemplate":"https:\/\/experienciadevida.com.ar\/portalurbano\/?s={search_term_string}"},"query-input":"required name=search_term_string"}],"inLanguage":"es"},{"@type":"Organization","@id":"https:\/\/experienciadevida.com.ar\/portalurbano\/#organization","name":"Portal Urbano","url":"https:\/\/experienciadevida.com.ar\/portalurbano\/","logo":{"@type":"ImageObject","inLanguage":"es","@id":"https:\/\/experienciadevida.com.ar\/portalurbano\/#\/schema\/logo\/image\/","url":"https:\/\/experienciadevida.com.ar\/portalurbano\/wp-content\/uploads\/2019\/09\/Logo-Original.png","contentUrl":"https:\/\/experienciadevida.com.ar\/portalurbano\/wp-content\/uploads\/2019\/09\/Logo-Original.png","width":2236,"height":1216,"caption":"Portal Urbano"},"image":{"@id":"https:\/\/experienciadevida.com.ar\/portalurbano\/#\/schema\/logo\/image\/"},"sameAs":["https:\/\/www.facebook.com\/Portal-Urbano-171542830093757\/","https:\/\/twitter.com\/portalurbanook","https:\/\/www.instagram.com\/_portalurbano\/","https:\/\/www.youtube.com\/channel\/UCXhagIfszH8KxFiOok79zbA?view_as=subscriber"]},{"@type":"Person","@id":"https:\/\/experienciadevida.com.ar\/portalurbano\/#\/schema\/person\/02dd326b1c4b056e9cc972486934a3a7","name":"admpu17wp","image":{"@type":"ImageObject","inLanguage":"es","@id":"https:\/\/experienciadevida.com.ar\/portalurbano\/#\/schema\/person\/image\/","url":"https:\/\/secure.gravatar.com\/avatar\/830d4c57adaae6630765e449a6908047?s=96&d=mm&r=g","contentUrl":"https:\/\/secure.gravatar.com\/avatar\/830d4c57adaae6630765e449a6908047?s=96&d=mm&r=g","caption":"admpu17wp"}}]}},"featured_image_urls":{"full":["https:\/\/experienciadevida.com.ar\/portalurbano\/wp-content\/uploads\/2022\/05\/Se-pusieron-en-marcha.jpg",958,699,false],"thumbnail":["https:\/\/experienciadevida.com.ar\/portalurbano\/wp-content\/uploads\/2022\/05\/Se-pusieron-en-marcha-150x150.jpg",150,150,true],"medium":["https:\/\/experienciadevida.com.ar\/portalurbano\/wp-content\/uploads\/2022\/05\/Se-pusieron-en-marcha-300x219.jpg",300,219,true],"medium_large":["https:\/\/experienciadevida.com.ar\/portalurbano\/wp-content\/uploads\/2022\/05\/Se-pusieron-en-marcha-768x560.jpg",640,467,true],"large":["https:\/\/experienciadevida.com.ar\/portalurbano\/wp-content\/uploads\/2022\/05\/Se-pusieron-en-marcha.jpg",640,467,false],"ug_big":["https:\/\/experienciadevida.com.ar\/portalurbano\/wp-content\/uploads\/2022\/05\/Se-pusieron-en-marcha-768x560.jpg",768,560,true],"1536x1536":["https:\/\/experienciadevida.com.ar\/portalurbano\/wp-content\/uploads\/2022\/05\/Se-pusieron-en-marcha.jpg",958,699,false],"2048x2048":["https:\/\/experienciadevida.com.ar\/portalurbano\/wp-content\/uploads\/2022\/05\/Se-pusieron-en-marcha.jpg",958,699,false],"newsever-slider-full":["https:\/\/experienciadevida.com.ar\/portalurbano\/wp-content\/uploads\/2022\/05\/Se-pusieron-en-marcha.jpg",958,699,false],"newsever-featured":["https:\/\/experienciadevida.com.ar\/portalurbano\/wp-content\/uploads\/2022\/05\/Se-pusieron-en-marcha.jpg",958,699,false],"newsever-medium":["https:\/\/experienciadevida.com.ar\/portalurbano\/wp-content\/uploads\/2022\/05\/Se-pusieron-en-marcha.jpg",651,475,false],"web-stories-poster-portrait":["https:\/\/experienciadevida.com.ar\/portalurbano\/wp-content\/uploads\/2022\/05\/Se-pusieron-en-marcha.jpg",640,467,false],"web-stories-publisher-logo":["https:\/\/experienciadevida.com.ar\/portalurbano\/wp-content\/uploads\/2022\/05\/Se-pusieron-en-marcha.jpg",96,70,false],"web-stories-thumbnail":["https:\/\/experienciadevida.com.ar\/portalurbano\/wp-content\/uploads\/2022\/05\/Se-pusieron-en-marcha.jpg",150,109,false]},"author_info":{"display_name":"admpu17wp","author_link":"https:\/\/experienciadevida.com.ar\/portalurbano\/author\/admpu17wp\/"},"category_info":"<a href=\"https:\/\/experienciadevida.com.ar\/portalurbano\/category\/ciudad\/educacion\/\" rel=\"category tag\">Educaci\u00f3n<\/a>","tag_info":"Educaci\u00f3n","comment_count":"0","amp_enabled":true,"_links":{"self":[{"href":"https:\/\/experienciadevida.com.ar\/portalurbano\/wp-json\/wp\/v2\/posts\/166819"}],"collection":[{"href":"https:\/\/experienciadevida.com.ar\/portalurbano\/wp-json\/wp\/v2\/posts"}],"about":[{"href":"https:\/\/experienciadevida.com.ar\/portalurbano\/wp-json\/wp\/v2\/types\/post"}],"author":[{"embeddable":true,"href":"https:\/\/experienciadevida.com.ar\/portalurbano\/wp-json\/wp\/v2\/users\/1"}],"replies":[{"embeddable":true,"href":"https:\/\/experienciadevida.com.ar\/portalurbano\/wp-json\/wp\/v2\/comments?post=166819"}],"version-history":[{"count":4,"href":"https:\/\/experienciadevida.com.ar\/portalurbano\/wp-json\/wp\/v2\/posts\/166819\/revisions"}],"predecessor-version":[{"id":166825,"href":"https:\/\/experienciadevida.com.ar\/portalurbano\/wp-json\/wp\/v2\/posts\/166819\/revisions\/166825"}],"wp:featuredmedia":[{"embeddable":true,"href":"https:\/\/experienciadevida.com.ar\/portalurbano\/wp-json\/wp\/v2\/media\/166820"}],"wp:attachment":[{"href":"https:\/\/experienciadevida.com.ar\/portalurbano\/wp-json\/wp\/v2\/media?parent=166819"}],"wp:term":[{"taxonomy":"category","embeddable":true,"href":"https:\/\/experienciadevida.com.ar\/portalurbano\/wp-json\/wp\/v2\/categories?post=166819"},{"taxonomy":"post_tag","embeddable":true,"href":"https:\/\/experienciadevida.com.ar\/portalurbano\/wp-json\/wp\/v2\/tags?post=166819"}],"curies":[{"name":"wp","href":"https:\/\/api.w.org\/{rel}","templated":true}]}}