{"id":166804,"date":"2022-04-30T21:46:28","date_gmt":"2022-05-01T00:46:28","guid":{"rendered":"https:\/\/experienciadevida.com.ar\/portalurbano\/?p=166804"},"modified":"2022-04-30T21:55:25","modified_gmt":"2022-05-01T00:55:25","slug":"presentaron-las-unidades-del-nuevo-transporte-interurbano-de-pasajeros","status":"publish","type":"post","link":"https:\/\/experienciadevida.com.ar\/portalurbano\/presentaron-las-unidades-del-nuevo-transporte-interurbano-de-pasajeros\/","title":{"rendered":"Presentaron las unidades del nuevo transporte interurbano de pasajeros"},"content":{"rendered":"<p>Presentaron las unidades del nuevo transporte interurbano de pasajeros, fue en la jornada de este s\u00e1bado en el Parque Mitre, del acto particip\u00f3 la familia Da Silva propietarios de la empresa Las Sierras de Olavarr\u00eda SRL, el Intendente de nuestra ciudad Ezequiel <a href=\"https:\/\/www.facebook.com\/galliezequiel\">Galli<\/a> y funcionarios Municipales. En el acto presentaron las unidades 0KM del transporte interurbano.<\/p>\n<p>Tambi\u00e9n estuvieron presentes delegados Municipales, de Sierras Bayas, Hinojo y la localidad de Loma Negra, y la UTA as\u00ed como tambi\u00e9n los choferes que integrar\u00e1n el staff de la nueva empresa.<\/p>\n<p>El primero en hablar fue Marcelo Da Silva quien dijo &#8220;quiero agradecer a mi familia que trabaja a la par m\u00eda, a mis hijas, mi hermano a los que est\u00e1n ac\u00e1 presentes, no tengo mucho para decir no estoy acostumbrado a esto tampoco, pero lo prometido ac\u00e1 est\u00e1, quiero agradecer al Intendente e Hilario Galli,\u00a0 quienes hicieron la parte de la log\u00edstica con todo lo que va a ser el sistema de la SUBE. A partir del lunes estos colectivos ser\u00e1n parte del paisaje, porque uno cuando lo primero que ve en la ciudad es un colectivo, y eso a m\u00ed me emociona porque los colores son lindos&#8221;.<\/p>\n<p><a href=\"https:\/\/experienciadevida.com.ar\/portalurbano\/presentaron-las-unidades-del-nuevo-transporte-interurbano-de-pasajeros\/presentaron-2\/\" rel=\"attachment wp-att-166808\"><img decoding=\"async\" class=\"alignnone size-full wp-image-166808\" src=\"https:\/\/experienciadevida.com.ar\/portalurbano\/wp-content\/uploads\/2022\/04\/Presentaron.jpg\" alt=\"Presentaron \" width=\"765\" height=\"510\" srcset=\"https:\/\/experienciadevida.com.ar\/portalurbano\/wp-content\/uploads\/2022\/04\/Presentaron.jpg 765w, https:\/\/experienciadevida.com.ar\/portalurbano\/wp-content\/uploads\/2022\/04\/Presentaron-300x200.jpg 300w\" sizes=\"(max-width: 765px) 100vw, 765px\" \/><\/a><\/p>\n<p>Luego el Intendente Municipal expres\u00f3 &#8220;es un d\u00eda de mucha emoci\u00f3n, sigue una historia familiar que todos los conocemos, es\u00a0 una marca registrada y lograron instalar ese nombre y asociarlo con el transporte, de una sola manera con trabajo, sacrificio, esfuerzo que seguramente han pasado un mont\u00f3n de cosas duras, momentos m\u00e1s dif\u00edciles otros m\u00e1s lindos, pero siguieron adelante y encararon este a\u00f1o un desaf\u00edo que para nosotros es el final del recorrido de un viaje que lleva seis a\u00f1os. Cuando me toc\u00f3 asumir el 10 de diciembre de 2015, como Intendente de Olavarr\u00eda, nos encontramos con un sistema de pasajeros tanto transporte urbano como interurbano, complejo, micros con poca seguridad, que se romp\u00edan, y nos toc\u00f3 iniciar este camino hacia la mejora del transporte p\u00fablico\u00a0 y empezamos de alguna manera con la implementaci\u00f3n de la SUBE&#8221;.<\/p>\n<p><a href=\"https:\/\/experienciadevida.com.ar\/portalurbano\/presentaron-las-unidades-del-nuevo-transporte-interurbano-de-pasajeros\/las-3\/\" rel=\"attachment wp-att-166809\"><img decoding=\"async\" class=\"alignnone size-full wp-image-166809\" src=\"https:\/\/experienciadevida.com.ar\/portalurbano\/wp-content\/uploads\/2022\/04\/las.jpg\" alt=\"las \" width=\"765\" height=\"510\" srcset=\"https:\/\/experienciadevida.com.ar\/portalurbano\/wp-content\/uploads\/2022\/04\/las.jpg 765w, https:\/\/experienciadevida.com.ar\/portalurbano\/wp-content\/uploads\/2022\/04\/las-300x200.jpg 300w\" sizes=\"(max-width: 765px) 100vw, 765px\" \/><\/a><\/p>\n<p>&#8220;Empezamos con la SUBE para empezar a conocer el transporte teniendo datos, cuando uno tiene que implementar un pol\u00edtica\u00a0 p\u00fablica es imposible hacerlo sin datos, y la SUBE nos di\u00f3 informaci\u00f3n espec\u00edfica sobre cu\u00e1ntas personas viajaban, cu\u00e1ntos en el transporte urbano e interurbano, el segundo paso fue la licitaci\u00f3n del transporte urbano en el 2019, y tambi\u00e9n fue un desaf\u00edo enorme, una empresa de Olavarr\u00eda asumi\u00f3 el desaf\u00edo se puso al frente de una licitaci\u00f3n, y hoy es quien traslada a miles de vecinos de un punto a otro de la ciudad adentro del casco urbano de Olavarr\u00eda&#8221;.<\/p>\n<p>Para finalizar dijo &#8220;el \u00faltimo desaf\u00edo que nos quedaba para terminar de darle un vuelco de calidad al transporte de Olavarr\u00eda era el interurbano, nos pusimos a trabajar, para que hoy el transporte interurbano a partir de ma\u00f1ana tenga un nuevo concesionario y que es bueno que sea otra empresa de Olavarr\u00eda, que se pueda sostener la fuente de trabajo, a\u00f1os de antig\u00fcedad, la UTA que siempre acompa\u00f1\u00f3. Cuando uno puede unir las partes y trabajar en consecuencia el\u00a0 resultado siempre termina siendo bueno, no tengo ninguna duda de que el transporte va a ser de calidad, unidades\u00a0 0 KM, antig\u00fcedad de 4 a\u00f1os, colectivo de accesibilidad, aire acondicionado, todas las condiciones que brinda, hay que trabajar para que los vecino de las localidades tengan un buen servicio&#8221;.<\/p>\n<p><span style=\"color: #000080;\">Las im\u00e1genes:<\/span><\/p>\n<p><a href=\"https:\/\/experienciadevida.com.ar\/portalurbano\/presentaron-las-unidades-del-nuevo-transporte-interurbano-de-pasajeros\/dsc_0003\/\" rel=\"attachment wp-att-166810\"><img decoding=\"async\" class=\"alignnone size-full wp-image-166810\" src=\"https:\/\/experienciadevida.com.ar\/portalurbano\/wp-content\/uploads\/2022\/04\/DSC_0003.jpg\" alt=\"\" width=\"765\" height=\"510\" srcset=\"https:\/\/experienciadevida.com.ar\/portalurbano\/wp-content\/uploads\/2022\/04\/DSC_0003.jpg 765w, https:\/\/experienciadevida.com.ar\/portalurbano\/wp-content\/uploads\/2022\/04\/DSC_0003-300x200.jpg 300w\" sizes=\"(max-width: 765px) 100vw, 765px\" \/><\/a><\/p>\n<p><a href=\"https:\/\/experienciadevida.com.ar\/portalurbano\/presentaron-las-unidades-del-nuevo-transporte-interurbano-de-pasajeros\/dsc_0004\/\" rel=\"attachment wp-att-166811\"><img decoding=\"async\" class=\"alignnone size-full wp-image-166811\" src=\"https:\/\/experienciadevida.com.ar\/portalurbano\/wp-content\/uploads\/2022\/04\/DSC_0004.jpg\" alt=\"\" width=\"765\" height=\"510\" srcset=\"https:\/\/experienciadevida.com.ar\/portalurbano\/wp-content\/uploads\/2022\/04\/DSC_0004.jpg 765w, https:\/\/experienciadevida.com.ar\/portalurbano\/wp-content\/uploads\/2022\/04\/DSC_0004-300x200.jpg 300w\" sizes=\"(max-width: 765px) 100vw, 765px\" \/><\/a><\/p>\n<p><a href=\"https:\/\/experienciadevida.com.ar\/portalurbano\/presentaron-las-unidades-del-nuevo-transporte-interurbano-de-pasajeros\/dsc_0010-2\/\" rel=\"attachment wp-att-166812\"><img decoding=\"async\" class=\"alignnone size-full wp-image-166812\" src=\"https:\/\/experienciadevida.com.ar\/portalurbano\/wp-content\/uploads\/2022\/04\/DSC_0010.jpg\" alt=\"\" width=\"765\" height=\"510\" srcset=\"https:\/\/experienciadevida.com.ar\/portalurbano\/wp-content\/uploads\/2022\/04\/DSC_0010.jpg 765w, https:\/\/experienciadevida.com.ar\/portalurbano\/wp-content\/uploads\/2022\/04\/DSC_0010-300x200.jpg 300w\" sizes=\"(max-width: 765px) 100vw, 765px\" \/><\/a><\/p>\n<p><a href=\"https:\/\/experienciadevida.com.ar\/portalurbano\/presentaron-las-unidades-del-nuevo-transporte-interurbano-de-pasajeros\/dsc_0016\/\" rel=\"attachment wp-att-166813\"><img decoding=\"async\" class=\"alignnone size-full wp-image-166813\" src=\"https:\/\/experienciadevida.com.ar\/portalurbano\/wp-content\/uploads\/2022\/04\/DSC_0016.jpg\" alt=\"\" width=\"765\" height=\"510\" srcset=\"https:\/\/experienciadevida.com.ar\/portalurbano\/wp-content\/uploads\/2022\/04\/DSC_0016.jpg 765w, https:\/\/experienciadevida.com.ar\/portalurbano\/wp-content\/uploads\/2022\/04\/DSC_0016-300x200.jpg 300w\" sizes=\"(max-width: 765px) 100vw, 765px\" \/><\/a><\/p>\n<p><a href=\"https:\/\/experienciadevida.com.ar\/portalurbano\/presentaron-las-unidades-del-nuevo-transporte-interurbano-de-pasajeros\/dsc_0018\/\" rel=\"attachment wp-att-166814\"><img decoding=\"async\" class=\"alignnone size-full wp-image-166814\" src=\"https:\/\/experienciadevida.com.ar\/portalurbano\/wp-content\/uploads\/2022\/04\/DSC_0018.jpg\" alt=\"\" width=\"765\" height=\"510\" srcset=\"https:\/\/experienciadevida.com.ar\/portalurbano\/wp-content\/uploads\/2022\/04\/DSC_0018.jpg 765w, https:\/\/experienciadevida.com.ar\/portalurbano\/wp-content\/uploads\/2022\/04\/DSC_0018-300x200.jpg 300w\" sizes=\"(max-width: 765px) 100vw, 765px\" \/><\/a><\/p>\n<p><a href=\"https:\/\/experienciadevida.com.ar\/portalurbano\/presentaron-las-unidades-del-nuevo-transporte-interurbano-de-pasajeros\/dsc_0019\/\" rel=\"attachment wp-att-166815\"><img decoding=\"async\" class=\"alignnone size-full wp-image-166815\" src=\"https:\/\/experienciadevida.com.ar\/portalurbano\/wp-content\/uploads\/2022\/04\/DSC_0019.jpg\" alt=\"\" width=\"765\" height=\"510\" srcset=\"https:\/\/experienciadevida.com.ar\/portalurbano\/wp-content\/uploads\/2022\/04\/DSC_0019.jpg 765w, https:\/\/experienciadevida.com.ar\/portalurbano\/wp-content\/uploads\/2022\/04\/DSC_0019-300x200.jpg 300w\" sizes=\"(max-width: 765px) 100vw, 765px\" \/><\/a><\/p>\n<p><a href=\"https:\/\/experienciadevida.com.ar\/portalurbano\/presentaron-las-unidades-del-nuevo-transporte-interurbano-de-pasajeros\/dsc_0020\/\" rel=\"attachment wp-att-166816\"><img decoding=\"async\" class=\"alignnone size-full wp-image-166816\" src=\"https:\/\/experienciadevida.com.ar\/portalurbano\/wp-content\/uploads\/2022\/04\/DSC_0020.jpg\" alt=\"\" width=\"765\" height=\"510\" srcset=\"https:\/\/experienciadevida.com.ar\/portalurbano\/wp-content\/uploads\/2022\/04\/DSC_0020.jpg 765w, https:\/\/experienciadevida.com.ar\/portalurbano\/wp-content\/uploads\/2022\/04\/DSC_0020-300x200.jpg 300w\" sizes=\"(max-width: 765px) 100vw, 765px\" \/><\/a><\/p>\n<p><a href=\"https:\/\/experienciadevida.com.ar\/portalurbano\/presentaron-las-unidades-del-nuevo-transporte-interurbano-de-pasajeros\/dsc_0023-2\/\" rel=\"attachment wp-att-166817\"><img decoding=\"async\" class=\"alignnone size-full wp-image-166817\" src=\"https:\/\/experienciadevida.com.ar\/portalurbano\/wp-content\/uploads\/2022\/04\/DSC_0023.jpg\" alt=\"\" width=\"765\" height=\"510\" srcset=\"https:\/\/experienciadevida.com.ar\/portalurbano\/wp-content\/uploads\/2022\/04\/DSC_0023.jpg 765w, https:\/\/experienciadevida.com.ar\/portalurbano\/wp-content\/uploads\/2022\/04\/DSC_0023-300x200.jpg 300w\" sizes=\"(max-width: 765px) 100vw, 765px\" \/><\/a><\/p>\n","protected":false},"excerpt":{"rendered":"<p>Presentaron las unidades del nuevo transporte interurbano de pasajeros, fue en la jornada de este&#8230;<\/p>\n","protected":false},"author":1,"featured_media":166805,"comment_status":"closed","ping_status":"closed","sticky":false,"template":"","format":"standard","meta":{"content-type":""},"categories":[27,64],"tags":[],"nelio_content":{"isAutoShareEnabled":false,"autoShareEndMode":"default","automationSources":{"useContentSentences":true,"useSocialTemplates":true,"useCustomSentences":false,"customSentences":[]},"followers":[1],"suggestedReferences":[],"includedReferences":[],"efiUrl":"","efiAlt":"","highlights":[]},"yoast_head":"<!-- This site is optimized with the Yoast SEO plugin v20.7 - https:\/\/yoast.com\/wordpress\/plugins\/seo\/ -->\n<title>Presentaron las unidades del nuevo transporte interurbano<\/title>\n<meta name=\"description\" content=\"Presentaron las unidades del nuevo transporte interurbano de pasajeros, fue en la jornada de este s\u00e1bado en el Parque Mitre\" \/>\n<meta name=\"robots\" content=\"index, follow, max-snippet:-1, max-image-preview:large, max-video-preview:-1\" \/>\n<link rel=\"canonical\" href=\"https:\/\/experienciadevida.com.ar\/portalurbano\/presentaron-las-unidades-del-nuevo-transporte-interurbano-de-pasajeros\/\" \/>\n<meta property=\"og:locale\" content=\"es_ES\" \/>\n<meta property=\"og:type\" content=\"article\" \/>\n<meta property=\"og:title\" content=\"Presentaron las unidades del nuevo transporte interurbano\" \/>\n<meta property=\"og:description\" content=\"Presentaron las unidades del nuevo transporte interurbano de pasajeros, fue en la jornada de este s\u00e1bado en el Parque Mitre\" \/>\n<meta property=\"og:url\" content=\"https:\/\/experienciadevida.com.ar\/portalurbano\/presentaron-las-unidades-del-nuevo-transporte-interurbano-de-pasajeros\/\" \/>\n<meta property=\"article:publisher\" content=\"https:\/\/www.facebook.com\/Portal-Urbano-171542830093757\/\" \/>\n<meta property=\"article:published_time\" content=\"2022-05-01T00:46:28+00:00\" \/>\n<meta property=\"article:modified_time\" content=\"2022-05-01T00:55:25+00:00\" \/>\n<meta property=\"og:image\" content=\"https:\/\/experienciadevida.com.ar\/portalurbano\/wp-content\/uploads\/2022\/04\/Presentaron-las-unidades-del.jpg\" \/>\n\t<meta property=\"og:image:width\" content=\"765\" \/>\n\t<meta property=\"og:image:height\" content=\"510\" \/>\n\t<meta property=\"og:image:type\" content=\"image\/jpeg\" \/>\n<meta name=\"author\" content=\"admpu17wp\" \/>\n<meta name=\"twitter:card\" content=\"summary_large_image\" \/>\n<meta name=\"twitter:creator\" content=\"@portalurbanook\" \/>\n<meta name=\"twitter:site\" content=\"@portalurbanook\" \/>\n<meta name=\"twitter:label1\" content=\"Escrito por\" \/>\n\t<meta name=\"twitter:data1\" content=\"admpu17wp\" \/>\n\t<meta name=\"twitter:label2\" content=\"Tiempo de lectura\" \/>\n\t<meta name=\"twitter:data2\" content=\"5 minutos\" \/>\n<script type=\"application\/ld+json\" class=\"yoast-schema-graph\">{\"@context\":\"https:\/\/schema.org\",\"@graph\":[{\"@type\":\"Article\",\"@id\":\"https:\/\/experienciadevida.com.ar\/portalurbano\/presentaron-las-unidades-del-nuevo-transporte-interurbano-de-pasajeros\/#article\",\"isPartOf\":{\"@id\":\"https:\/\/experienciadevida.com.ar\/portalurbano\/presentaron-las-unidades-del-nuevo-transporte-interurbano-de-pasajeros\/\"},\"author\":{\"name\":\"admpu17wp\",\"@id\":\"https:\/\/experienciadevida.com.ar\/portalurbano\/#\/schema\/person\/02dd326b1c4b056e9cc972486934a3a7\"},\"headline\":\"Presentaron las unidades del nuevo transporte interurbano de pasajeros\",\"datePublished\":\"2022-05-01T00:46:28+00:00\",\"dateModified\":\"2022-05-01T00:55:25+00:00\",\"mainEntityOfPage\":{\"@id\":\"https:\/\/experienciadevida.com.ar\/portalurbano\/presentaron-las-unidades-del-nuevo-transporte-interurbano-de-pasajeros\/\"},\"wordCount\":608,\"publisher\":{\"@id\":\"https:\/\/experienciadevida.com.ar\/portalurbano\/#organization\"},\"articleSection\":[\"Ciudad\",\"Destacadas 2\"],\"inLanguage\":\"es\"},{\"@type\":\"WebPage\",\"@id\":\"https:\/\/experienciadevida.com.ar\/portalurbano\/presentaron-las-unidades-del-nuevo-transporte-interurbano-de-pasajeros\/\",\"url\":\"https:\/\/experienciadevida.com.ar\/portalurbano\/presentaron-las-unidades-del-nuevo-transporte-interurbano-de-pasajeros\/\",\"name\":\"Presentaron las unidades del nuevo transporte interurbano\",\"isPartOf\":{\"@id\":\"https:\/\/experienciadevida.com.ar\/portalurbano\/#website\"},\"datePublished\":\"2022-05-01T00:46:28+00:00\",\"dateModified\":\"2022-05-01T00:55:25+00:00\",\"description\":\"Presentaron las unidades del nuevo transporte interurbano de pasajeros, fue en la jornada de este s\u00e1bado en el Parque Mitre\",\"breadcrumb\":{\"@id\":\"https:\/\/experienciadevida.com.ar\/portalurbano\/presentaron-las-unidades-del-nuevo-transporte-interurbano-de-pasajeros\/#breadcrumb\"},\"inLanguage\":\"es\",\"potentialAction\":[{\"@type\":\"ReadAction\",\"target\":[\"https:\/\/experienciadevida.com.ar\/portalurbano\/presentaron-las-unidades-del-nuevo-transporte-interurbano-de-pasajeros\/\"]}]},{\"@type\":\"BreadcrumbList\",\"@id\":\"https:\/\/experienciadevida.com.ar\/portalurbano\/presentaron-las-unidades-del-nuevo-transporte-interurbano-de-pasajeros\/#breadcrumb\",\"itemListElement\":[{\"@type\":\"ListItem\",\"position\":1,\"name\":\"Portada\",\"item\":\"https:\/\/experienciadevida.com.ar\/portalurbano\/\"},{\"@type\":\"ListItem\",\"position\":2,\"name\":\"Presentaron las unidades del nuevo transporte interurbano de pasajeros\"}]},{\"@type\":\"WebSite\",\"@id\":\"https:\/\/experienciadevida.com.ar\/portalurbano\/#website\",\"url\":\"https:\/\/experienciadevida.com.ar\/portalurbano\/\",\"name\":\"\",\"description\":\"\",\"publisher\":{\"@id\":\"https:\/\/experienciadevida.com.ar\/portalurbano\/#organization\"},\"potentialAction\":[{\"@type\":\"SearchAction\",\"target\":{\"@type\":\"EntryPoint\",\"urlTemplate\":\"https:\/\/experienciadevida.com.ar\/portalurbano\/?s={search_term_string}\"},\"query-input\":\"required name=search_term_string\"}],\"inLanguage\":\"es\"},{\"@type\":\"Organization\",\"@id\":\"https:\/\/experienciadevida.com.ar\/portalurbano\/#organization\",\"name\":\"Portal Urbano\",\"url\":\"https:\/\/experienciadevida.com.ar\/portalurbano\/\",\"logo\":{\"@type\":\"ImageObject\",\"inLanguage\":\"es\",\"@id\":\"https:\/\/experienciadevida.com.ar\/portalurbano\/#\/schema\/logo\/image\/\",\"url\":\"https:\/\/experienciadevida.com.ar\/portalurbano\/wp-content\/uploads\/2019\/09\/Logo-Original.png\",\"contentUrl\":\"https:\/\/experienciadevida.com.ar\/portalurbano\/wp-content\/uploads\/2019\/09\/Logo-Original.png\",\"width\":2236,\"height\":1216,\"caption\":\"Portal Urbano\"},\"image\":{\"@id\":\"https:\/\/experienciadevida.com.ar\/portalurbano\/#\/schema\/logo\/image\/\"},\"sameAs\":[\"https:\/\/www.facebook.com\/Portal-Urbano-171542830093757\/\",\"https:\/\/twitter.com\/portalurbanook\",\"https:\/\/www.instagram.com\/_portalurbano\/\",\"https:\/\/www.youtube.com\/channel\/UCXhagIfszH8KxFiOok79zbA?view_as=subscriber\"]},{\"@type\":\"Person\",\"@id\":\"https:\/\/experienciadevida.com.ar\/portalurbano\/#\/schema\/person\/02dd326b1c4b056e9cc972486934a3a7\",\"name\":\"admpu17wp\",\"image\":{\"@type\":\"ImageObject\",\"inLanguage\":\"es\",\"@id\":\"https:\/\/experienciadevida.com.ar\/portalurbano\/#\/schema\/person\/image\/\",\"url\":\"https:\/\/secure.gravatar.com\/avatar\/830d4c57adaae6630765e449a6908047?s=96&d=mm&r=g\",\"contentUrl\":\"https:\/\/secure.gravatar.com\/avatar\/830d4c57adaae6630765e449a6908047?s=96&d=mm&r=g\",\"caption\":\"admpu17wp\"}}]}<\/script>\n<!-- \/ Yoast SEO plugin. -->","yoast_head_json":{"title":"Presentaron las unidades del nuevo transporte interurbano","description":"Presentaron las unidades del nuevo transporte interurbano de pasajeros, fue en la jornada de este s\u00e1bado en el Parque Mitre","robots":{"index":"index","follow":"follow","max-snippet":"max-snippet:-1","max-image-preview":"max-image-preview:large","max-video-preview":"max-video-preview:-1"},"canonical":"https:\/\/experienciadevida.com.ar\/portalurbano\/presentaron-las-unidades-del-nuevo-transporte-interurbano-de-pasajeros\/","og_locale":"es_ES","og_type":"article","og_title":"Presentaron las unidades del nuevo transporte interurbano","og_description":"Presentaron las unidades del nuevo transporte interurbano de pasajeros, fue en la jornada de este s\u00e1bado en el Parque Mitre","og_url":"https:\/\/experienciadevida.com.ar\/portalurbano\/presentaron-las-unidades-del-nuevo-transporte-interurbano-de-pasajeros\/","article_publisher":"https:\/\/www.facebook.com\/Portal-Urbano-171542830093757\/","article_published_time":"2022-05-01T00:46:28+00:00","article_modified_time":"2022-05-01T00:55:25+00:00","og_image":[{"width":765,"height":510,"url":"https:\/\/experienciadevida.com.ar\/portalurbano\/wp-content\/uploads\/2022\/04\/Presentaron-las-unidades-del.jpg","type":"image\/jpeg"}],"author":"admpu17wp","twitter_card":"summary_large_image","twitter_creator":"@portalurbanook","twitter_site":"@portalurbanook","twitter_misc":{"Escrito por":"admpu17wp","Tiempo de lectura":"5 minutos"},"schema":{"@context":"https:\/\/schema.org","@graph":[{"@type":"Article","@id":"https:\/\/experienciadevida.com.ar\/portalurbano\/presentaron-las-unidades-del-nuevo-transporte-interurbano-de-pasajeros\/#article","isPartOf":{"@id":"https:\/\/experienciadevida.com.ar\/portalurbano\/presentaron-las-unidades-del-nuevo-transporte-interurbano-de-pasajeros\/"},"author":{"name":"admpu17wp","@id":"https:\/\/experienciadevida.com.ar\/portalurbano\/#\/schema\/person\/02dd326b1c4b056e9cc972486934a3a7"},"headline":"Presentaron las unidades del nuevo transporte interurbano de pasajeros","datePublished":"2022-05-01T00:46:28+00:00","dateModified":"2022-05-01T00:55:25+00:00","mainEntityOfPage":{"@id":"https:\/\/experienciadevida.com.ar\/portalurbano\/presentaron-las-unidades-del-nuevo-transporte-interurbano-de-pasajeros\/"},"wordCount":608,"publisher":{"@id":"https:\/\/experienciadevida.com.ar\/portalurbano\/#organization"},"articleSection":["Ciudad","Destacadas 2"],"inLanguage":"es"},{"@type":"WebPage","@id":"https:\/\/experienciadevida.com.ar\/portalurbano\/presentaron-las-unidades-del-nuevo-transporte-interurbano-de-pasajeros\/","url":"https:\/\/experienciadevida.com.ar\/portalurbano\/presentaron-las-unidades-del-nuevo-transporte-interurbano-de-pasajeros\/","name":"Presentaron las unidades del nuevo transporte interurbano","isPartOf":{"@id":"https:\/\/experienciadevida.com.ar\/portalurbano\/#website"},"datePublished":"2022-05-01T00:46:28+00:00","dateModified":"2022-05-01T00:55:25+00:00","description":"Presentaron las unidades del nuevo transporte interurbano de pasajeros, fue en la jornada de este s\u00e1bado en el Parque Mitre","breadcrumb":{"@id":"https:\/\/experienciadevida.com.ar\/portalurbano\/presentaron-las-unidades-del-nuevo-transporte-interurbano-de-pasajeros\/#breadcrumb"},"inLanguage":"es","potentialAction":[{"@type":"ReadAction","target":["https:\/\/experienciadevida.com.ar\/portalurbano\/presentaron-las-unidades-del-nuevo-transporte-interurbano-de-pasajeros\/"]}]},{"@type":"BreadcrumbList","@id":"https:\/\/experienciadevida.com.ar\/portalurbano\/presentaron-las-unidades-del-nuevo-transporte-interurbano-de-pasajeros\/#breadcrumb","itemListElement":[{"@type":"ListItem","position":1,"name":"Portada","item":"https:\/\/experienciadevida.com.ar\/portalurbano\/"},{"@type":"ListItem","position":2,"name":"Presentaron las unidades del nuevo transporte interurbano de pasajeros"}]},{"@type":"WebSite","@id":"https:\/\/experienciadevida.com.ar\/portalurbano\/#website","url":"https:\/\/experienciadevida.com.ar\/portalurbano\/","name":"","description":"","publisher":{"@id":"https:\/\/experienciadevida.com.ar\/portalurbano\/#organization"},"potentialAction":[{"@type":"SearchAction","target":{"@type":"EntryPoint","urlTemplate":"https:\/\/experienciadevida.com.ar\/portalurbano\/?s={search_term_string}"},"query-input":"required name=search_term_string"}],"inLanguage":"es"},{"@type":"Organization","@id":"https:\/\/experienciadevida.com.ar\/portalurbano\/#organization","name":"Portal Urbano","url":"https:\/\/experienciadevida.com.ar\/portalurbano\/","logo":{"@type":"ImageObject","inLanguage":"es","@id":"https:\/\/experienciadevida.com.ar\/portalurbano\/#\/schema\/logo\/image\/","url":"https:\/\/experienciadevida.com.ar\/portalurbano\/wp-content\/uploads\/2019\/09\/Logo-Original.png","contentUrl":"https:\/\/experienciadevida.com.ar\/portalurbano\/wp-content\/uploads\/2019\/09\/Logo-Original.png","width":2236,"height":1216,"caption":"Portal Urbano"},"image":{"@id":"https:\/\/experienciadevida.com.ar\/portalurbano\/#\/schema\/logo\/image\/"},"sameAs":["https:\/\/www.facebook.com\/Portal-Urbano-171542830093757\/","https:\/\/twitter.com\/portalurbanook","https:\/\/www.instagram.com\/_portalurbano\/","https:\/\/www.youtube.com\/channel\/UCXhagIfszH8KxFiOok79zbA?view_as=subscriber"]},{"@type":"Person","@id":"https:\/\/experienciadevida.com.ar\/portalurbano\/#\/schema\/person\/02dd326b1c4b056e9cc972486934a3a7","name":"admpu17wp","image":{"@type":"ImageObject","inLanguage":"es","@id":"https:\/\/experienciadevida.com.ar\/portalurbano\/#\/schema\/person\/image\/","url":"https:\/\/secure.gravatar.com\/avatar\/830d4c57adaae6630765e449a6908047?s=96&d=mm&r=g","contentUrl":"https:\/\/secure.gravatar.com\/avatar\/830d4c57adaae6630765e449a6908047?s=96&d=mm&r=g","caption":"admpu17wp"}}]}},"featured_image_urls":{"full":["https:\/\/experienciadevida.com.ar\/portalurbano\/wp-content\/uploads\/2022\/04\/Presentaron-las-unidades-del.jpg",765,510,false],"thumbnail":["https:\/\/experienciadevida.com.ar\/portalurbano\/wp-content\/uploads\/2022\/04\/Presentaron-las-unidades-del-150x150.jpg",150,150,true],"medium":["https:\/\/experienciadevida.com.ar\/portalurbano\/wp-content\/uploads\/2022\/04\/Presentaron-las-unidades-del-300x200.jpg",300,200,true],"medium_large":["https:\/\/experienciadevida.com.ar\/portalurbano\/wp-content\/uploads\/2022\/04\/Presentaron-las-unidades-del.jpg",640,427,false],"large":["https:\/\/experienciadevida.com.ar\/portalurbano\/wp-content\/uploads\/2022\/04\/Presentaron-las-unidades-del.jpg",640,427,false],"ug_big":["https:\/\/experienciadevida.com.ar\/portalurbano\/wp-content\/uploads\/2022\/04\/Presentaron-las-unidades-del.jpg",765,510,false],"1536x1536":["https:\/\/experienciadevida.com.ar\/portalurbano\/wp-content\/uploads\/2022\/04\/Presentaron-las-unidades-del.jpg",765,510,false],"2048x2048":["https:\/\/experienciadevida.com.ar\/portalurbano\/wp-content\/uploads\/2022\/04\/Presentaron-las-unidades-del.jpg",765,510,false],"newsever-slider-full":["https:\/\/experienciadevida.com.ar\/portalurbano\/wp-content\/uploads\/2022\/04\/Presentaron-las-unidades-del.jpg",765,510,false],"newsever-featured":["https:\/\/experienciadevida.com.ar\/portalurbano\/wp-content\/uploads\/2022\/04\/Presentaron-las-unidades-del.jpg",765,510,false],"newsever-medium":["https:\/\/experienciadevida.com.ar\/portalurbano\/wp-content\/uploads\/2022\/04\/Presentaron-las-unidades-del.jpg",713,475,false],"web-stories-poster-portrait":["https:\/\/experienciadevida.com.ar\/portalurbano\/wp-content\/uploads\/2022\/04\/Presentaron-las-unidades-del.jpg",640,427,false],"web-stories-publisher-logo":["https:\/\/experienciadevida.com.ar\/portalurbano\/wp-content\/uploads\/2022\/04\/Presentaron-las-unidades-del.jpg",96,64,false],"web-stories-thumbnail":["https:\/\/experienciadevida.com.ar\/portalurbano\/wp-content\/uploads\/2022\/04\/Presentaron-las-unidades-del.jpg",150,100,false]},"author_info":{"display_name":"admpu17wp","author_link":"https:\/\/experienciadevida.com.ar\/portalurbano\/author\/admpu17wp\/"},"category_info":"<a href=\"https:\/\/experienciadevida.com.ar\/portalurbano\/category\/ciudad\/\" rel=\"category tag\">Ciudad<\/a> <a href=\"https:\/\/experienciadevida.com.ar\/portalurbano\/category\/destacadas-2\/\" rel=\"category tag\">Destacadas 2<\/a>","tag_info":"Destacadas 2","comment_count":"0","amp_enabled":true,"_links":{"self":[{"href":"https:\/\/experienciadevida.com.ar\/portalurbano\/wp-json\/wp\/v2\/posts\/166804"}],"collection":[{"href":"https:\/\/experienciadevida.com.ar\/portalurbano\/wp-json\/wp\/v2\/posts"}],"about":[{"href":"https:\/\/experienciadevida.com.ar\/portalurbano\/wp-json\/wp\/v2\/types\/post"}],"author":[{"embeddable":true,"href":"https:\/\/experienciadevida.com.ar\/portalurbano\/wp-json\/wp\/v2\/users\/1"}],"replies":[{"embeddable":true,"href":"https:\/\/experienciadevida.com.ar\/portalurbano\/wp-json\/wp\/v2\/comments?post=166804"}],"version-history":[{"count":3,"href":"https:\/\/experienciadevida.com.ar\/portalurbano\/wp-json\/wp\/v2\/posts\/166804\/revisions"}],"predecessor-version":[{"id":166818,"href":"https:\/\/experienciadevida.com.ar\/portalurbano\/wp-json\/wp\/v2\/posts\/166804\/revisions\/166818"}],"wp:featuredmedia":[{"embeddable":true,"href":"https:\/\/experienciadevida.com.ar\/portalurbano\/wp-json\/wp\/v2\/media\/166805"}],"wp:attachment":[{"href":"https:\/\/experienciadevida.com.ar\/portalurbano\/wp-json\/wp\/v2\/media?parent=166804"}],"wp:term":[{"taxonomy":"category","embeddable":true,"href":"https:\/\/experienciadevida.com.ar\/portalurbano\/wp-json\/wp\/v2\/categories?post=166804"},{"taxonomy":"post_tag","embeddable":true,"href":"https:\/\/experienciadevida.com.ar\/portalurbano\/wp-json\/wp\/v2\/tags?post=166804"}],"curies":[{"name":"wp","href":"https:\/\/api.w.org\/{rel}","templated":true}]}}