{"id":166766,"date":"2022-04-30T12:34:11","date_gmt":"2022-04-30T15:34:11","guid":{"rendered":"https:\/\/experienciadevida.com.ar\/portalurbano\/?p=166766"},"modified":"2022-04-30T12:34:48","modified_gmt":"2022-04-30T15:34:48","slug":"coopelectric-y-la-camara-empresaria-de-olavarria-trabajan-juntos-en-beneficio-de-la-comunidad","status":"publish","type":"post","link":"https:\/\/experienciadevida.com.ar\/portalurbano\/coopelectric-y-la-camara-empresaria-de-olavarria-trabajan-juntos-en-beneficio-de-la-comunidad\/","title":{"rendered":"Coopelectric y la c\u00e1mara empresaria de Olavarr\u00eda trabajan juntos en beneficio de la comunidad"},"content":{"rendered":"<p>Coopelectric y la c\u00e1mara empresaria de Olavarr\u00eda trabajan juntos en beneficio de la comunidad, Integrantes del Consejo de Administraci\u00f3n de Coopelectric visitaron la C\u00e1mara Empresaria de Olavarr\u00eda (CEO). All\u00ed recientemente se puso en funcionamiento una terminal de autoconsulta destinada a la impresi\u00f3n de cupones de pago de los Servicios El\u00e9ctrico y Sanitario con la intenci\u00f3n de brindar mayores facilidades a los asociados.<\/p>\n<p>Estuvieron presentes el titular del Consejo de Administraci\u00f3n de Coopelectric Cruz Arouxet, el presidente de la C\u00e1mara Empresaria Mario Antista, el secretario Alberto Miotti, el prosecretario Oscar Angeletti, los vocales Mar\u00eda Celia Alem y Jos\u00e9 Mor\u00e1n, y la gerente de la CEO Mariela Azzato.<\/p>\n<p>Este tipo de dispositivo es muy utilizado por los asociados en la sede administrativa de la Cooperativa, por ello desde Coopelectric se evalu\u00f3 la posibilidad de instalar uno similar en la C\u00e1mara Empresaria.<\/p>\n<p>\u201cAgradecemos a la C\u00e1mara por el inter\u00e9s que demostraron en contar esta terminal de autoconsulta, para nosotros es de suma importancia porque ratifica el compromiso de llegar al asociado, brindarle accesibilidad y m\u00e1s facilidades de pago\u201d afirm\u00f3 el presidente del Consejo de Administraci\u00f3n Cruz Arouxet.<\/p>\n<p>En tanto, el titular de la CEO Mario Antista destac\u00f3 la incorporaci\u00f3n de esta nueva herramienta y el rol de la entidad como agente de cobranzas. \u201cLa oportunidad de poder tener esta terminal para nosotros es muy importante. Demuestra la seriedad, la transparencia y la responsabilidad que ha tenido la C\u00e1mara en esta boca de cobranzas desde que inici\u00f3 la relaci\u00f3n comercial con Coopelectric\u201d y a continuaci\u00f3n aclar\u00f3 \u201ceste beneficio no es s\u00f3lo para<br \/>\nlos asociados de la C\u00e1mara, sino para toda la comunidad del Partido de Olavarr\u00eda. Todos los socios de la Cooperativa tienen la posibilidad de venir e imprimir su cup\u00f3n de pago y abonarlo aqu\u00ed mismo en la caja\u201d.<\/p>\n<p>De forma r\u00e1pida, \u00e1gil, segura y sencilla, los usuarios pueden utilizar este dispositivo de lunes a viernes en el horario de 8:00 a 16:00 hs. en la sede de la C\u00e1mara Empresaria, ubicada en Espa\u00f1a N\u00b0 2882.<\/p>\n<p>Quienes no cuenten con su factura deber\u00e1n ingresar el DNI del titular de la conexi\u00f3n y seleccionar el suministro deseado. Una vez realizado, podr\u00e1n visualizar las facturas impagas e imprimir el cup\u00f3n de pago de cada una de<br \/>\nellas para luego abonarlas en el sector de cajas.<\/p>\n<p>Coopelectric y la c\u00e1mara empresaria de Olavarr\u00eda trabajan juntos en beneficio de la comunidad, finalmente, el referente de Coopelectric se refiri\u00f3 al trabajo interinstitucional y al valor del asociativismo. \u201cLa relaci\u00f3n de a\u00f1os que<br \/>\ntenemos con la C\u00e1mara se sigue fortaleciendo d\u00eda a d\u00eda. Esta es una de las bocas de cobranzas m\u00e1s importante que tiene la Cooperativa y creemos que con este tipo de actos no s\u00f3lo beneficiamos a los asociados, sino que afianzamos<br \/>\ny profundizamos las relaciones institucionales\u201d.<\/p>\n<p><a href=\"https:\/\/experienciadevida.com.ar\/portalurbano\/coopelectric-y-la-camara-empresaria-de-olavarria-trabajan-juntos-en-beneficio-de-la-comunidad\/coopelectric-y\/\" rel=\"attachment wp-att-166769\"><img decoding=\"async\" class=\"alignnone size-large wp-image-166769\" src=\"https:\/\/experienciadevida.com.ar\/portalurbano\/wp-content\/uploads\/2022\/04\/Coopelectric-y-1024x576.jpeg\" alt=\"Coopelectric y \" width=\"900\" height=\"506\" srcset=\"https:\/\/experienciadevida.com.ar\/portalurbano\/wp-content\/uploads\/2022\/04\/Coopelectric-y-1024x576.jpeg 1024w, https:\/\/experienciadevida.com.ar\/portalurbano\/wp-content\/uploads\/2022\/04\/Coopelectric-y-300x169.jpeg 300w, https:\/\/experienciadevida.com.ar\/portalurbano\/wp-content\/uploads\/2022\/04\/Coopelectric-y-768x432.jpeg 768w, https:\/\/experienciadevida.com.ar\/portalurbano\/wp-content\/uploads\/2022\/04\/Coopelectric-y-1536x864.jpeg 1536w, https:\/\/experienciadevida.com.ar\/portalurbano\/wp-content\/uploads\/2022\/04\/Coopelectric-y.jpeg 1600w\" sizes=\"(max-width: 900px) 100vw, 900px\" \/><\/a><\/p>\n","protected":false},"excerpt":{"rendered":"<p>Coopelectric y la c\u00e1mara empresaria de Olavarr\u00eda trabajan juntos en beneficio de la comunidad, Integrantes&#8230;<\/p>\n","protected":false},"author":1,"featured_media":166767,"comment_status":"closed","ping_status":"closed","sticky":false,"template":"","format":"standard","meta":{"content-type":""},"categories":[27],"tags":[],"nelio_content":{"isAutoShareEnabled":false,"autoShareEndMode":"default","automationSources":{"useContentSentences":true,"useSocialTemplates":true,"useCustomSentences":false,"customSentences":[]},"followers":[1],"suggestedReferences":[],"includedReferences":[],"efiUrl":"","efiAlt":"","highlights":[]},"yoast_head":"<!-- This site is optimized with the Yoast SEO plugin v20.7 - https:\/\/yoast.com\/wordpress\/plugins\/seo\/ -->\n<title>Coopelectric y la c\u00e1mara empresaria de Olavarr\u00eda trabajan juntos<\/title>\n<meta name=\"description\" content=\"Coopelectric y la c\u00e1mara empresaria de Olavarr\u00eda trabajan juntos en beneficio de la comunidad, visitaron la C\u00e1mara Empresaria\" \/>\n<meta name=\"robots\" content=\"index, follow, max-snippet:-1, max-image-preview:large, max-video-preview:-1\" \/>\n<link rel=\"canonical\" href=\"https:\/\/experienciadevida.com.ar\/portalurbano\/coopelectric-y-la-camara-empresaria-de-olavarria-trabajan-juntos-en-beneficio-de-la-comunidad\/\" \/>\n<meta property=\"og:locale\" content=\"es_ES\" \/>\n<meta property=\"og:type\" content=\"article\" \/>\n<meta property=\"og:title\" content=\"Coopelectric y la c\u00e1mara empresaria de Olavarr\u00eda trabajan juntos\" \/>\n<meta property=\"og:description\" content=\"Coopelectric y la c\u00e1mara empresaria de Olavarr\u00eda trabajan juntos en beneficio de la comunidad, visitaron la C\u00e1mara Empresaria\" \/>\n<meta property=\"og:url\" content=\"https:\/\/experienciadevida.com.ar\/portalurbano\/coopelectric-y-la-camara-empresaria-de-olavarria-trabajan-juntos-en-beneficio-de-la-comunidad\/\" \/>\n<meta property=\"article:publisher\" content=\"https:\/\/www.facebook.com\/Portal-Urbano-171542830093757\/\" \/>\n<meta property=\"article:published_time\" content=\"2022-04-30T15:34:11+00:00\" \/>\n<meta property=\"article:modified_time\" content=\"2022-04-30T15:34:48+00:00\" \/>\n<meta property=\"og:image\" content=\"https:\/\/experienciadevida.com.ar\/portalurbano\/wp-content\/uploads\/2022\/04\/Coopelectric-y-la-camara.jpeg\" \/>\n\t<meta property=\"og:image:width\" content=\"1600\" \/>\n\t<meta property=\"og:image:height\" content=\"900\" \/>\n\t<meta property=\"og:image:type\" content=\"image\/jpeg\" \/>\n<meta name=\"author\" content=\"admpu17wp\" \/>\n<meta name=\"twitter:card\" content=\"summary_large_image\" \/>\n<meta name=\"twitter:creator\" content=\"@portalurbanook\" \/>\n<meta name=\"twitter:site\" content=\"@portalurbanook\" \/>\n<meta name=\"twitter:label1\" content=\"Escrito por\" \/>\n\t<meta name=\"twitter:data1\" content=\"admpu17wp\" \/>\n\t<meta name=\"twitter:label2\" content=\"Tiempo de lectura\" \/>\n\t<meta name=\"twitter:data2\" content=\"3 minutos\" \/>\n<script type=\"application\/ld+json\" class=\"yoast-schema-graph\">{\"@context\":\"https:\/\/schema.org\",\"@graph\":[{\"@type\":\"Article\",\"@id\":\"https:\/\/experienciadevida.com.ar\/portalurbano\/coopelectric-y-la-camara-empresaria-de-olavarria-trabajan-juntos-en-beneficio-de-la-comunidad\/#article\",\"isPartOf\":{\"@id\":\"https:\/\/experienciadevida.com.ar\/portalurbano\/coopelectric-y-la-camara-empresaria-de-olavarria-trabajan-juntos-en-beneficio-de-la-comunidad\/\"},\"author\":{\"name\":\"admpu17wp\",\"@id\":\"https:\/\/experienciadevida.com.ar\/portalurbano\/#\/schema\/person\/02dd326b1c4b056e9cc972486934a3a7\"},\"headline\":\"Coopelectric y la c\u00e1mara empresaria de Olavarr\u00eda trabajan juntos en beneficio de la comunidad\",\"datePublished\":\"2022-04-30T15:34:11+00:00\",\"dateModified\":\"2022-04-30T15:34:48+00:00\",\"mainEntityOfPage\":{\"@id\":\"https:\/\/experienciadevida.com.ar\/portalurbano\/coopelectric-y-la-camara-empresaria-de-olavarria-trabajan-juntos-en-beneficio-de-la-comunidad\/\"},\"wordCount\":514,\"publisher\":{\"@id\":\"https:\/\/experienciadevida.com.ar\/portalurbano\/#organization\"},\"articleSection\":[\"Ciudad\"],\"inLanguage\":\"es\"},{\"@type\":\"WebPage\",\"@id\":\"https:\/\/experienciadevida.com.ar\/portalurbano\/coopelectric-y-la-camara-empresaria-de-olavarria-trabajan-juntos-en-beneficio-de-la-comunidad\/\",\"url\":\"https:\/\/experienciadevida.com.ar\/portalurbano\/coopelectric-y-la-camara-empresaria-de-olavarria-trabajan-juntos-en-beneficio-de-la-comunidad\/\",\"name\":\"Coopelectric y la c\u00e1mara empresaria de Olavarr\u00eda trabajan juntos\",\"isPartOf\":{\"@id\":\"https:\/\/experienciadevida.com.ar\/portalurbano\/#website\"},\"datePublished\":\"2022-04-30T15:34:11+00:00\",\"dateModified\":\"2022-04-30T15:34:48+00:00\",\"description\":\"Coopelectric y la c\u00e1mara empresaria de Olavarr\u00eda trabajan juntos en beneficio de la comunidad, visitaron la C\u00e1mara Empresaria\",\"breadcrumb\":{\"@id\":\"https:\/\/experienciadevida.com.ar\/portalurbano\/coopelectric-y-la-camara-empresaria-de-olavarria-trabajan-juntos-en-beneficio-de-la-comunidad\/#breadcrumb\"},\"inLanguage\":\"es\",\"potentialAction\":[{\"@type\":\"ReadAction\",\"target\":[\"https:\/\/experienciadevida.com.ar\/portalurbano\/coopelectric-y-la-camara-empresaria-de-olavarria-trabajan-juntos-en-beneficio-de-la-comunidad\/\"]}]},{\"@type\":\"BreadcrumbList\",\"@id\":\"https:\/\/experienciadevida.com.ar\/portalurbano\/coopelectric-y-la-camara-empresaria-de-olavarria-trabajan-juntos-en-beneficio-de-la-comunidad\/#breadcrumb\",\"itemListElement\":[{\"@type\":\"ListItem\",\"position\":1,\"name\":\"Portada\",\"item\":\"https:\/\/experienciadevida.com.ar\/portalurbano\/\"},{\"@type\":\"ListItem\",\"position\":2,\"name\":\"Coopelectric y la c\u00e1mara empresaria de Olavarr\u00eda trabajan juntos en beneficio de la comunidad\"}]},{\"@type\":\"WebSite\",\"@id\":\"https:\/\/experienciadevida.com.ar\/portalurbano\/#website\",\"url\":\"https:\/\/experienciadevida.com.ar\/portalurbano\/\",\"name\":\"\",\"description\":\"\",\"publisher\":{\"@id\":\"https:\/\/experienciadevida.com.ar\/portalurbano\/#organization\"},\"potentialAction\":[{\"@type\":\"SearchAction\",\"target\":{\"@type\":\"EntryPoint\",\"urlTemplate\":\"https:\/\/experienciadevida.com.ar\/portalurbano\/?s={search_term_string}\"},\"query-input\":\"required name=search_term_string\"}],\"inLanguage\":\"es\"},{\"@type\":\"Organization\",\"@id\":\"https:\/\/experienciadevida.com.ar\/portalurbano\/#organization\",\"name\":\"Portal Urbano\",\"url\":\"https:\/\/experienciadevida.com.ar\/portalurbano\/\",\"logo\":{\"@type\":\"ImageObject\",\"inLanguage\":\"es\",\"@id\":\"https:\/\/experienciadevida.com.ar\/portalurbano\/#\/schema\/logo\/image\/\",\"url\":\"https:\/\/experienciadevida.com.ar\/portalurbano\/wp-content\/uploads\/2019\/09\/Logo-Original.png\",\"contentUrl\":\"https:\/\/experienciadevida.com.ar\/portalurbano\/wp-content\/uploads\/2019\/09\/Logo-Original.png\",\"width\":2236,\"height\":1216,\"caption\":\"Portal Urbano\"},\"image\":{\"@id\":\"https:\/\/experienciadevida.com.ar\/portalurbano\/#\/schema\/logo\/image\/\"},\"sameAs\":[\"https:\/\/www.facebook.com\/Portal-Urbano-171542830093757\/\",\"https:\/\/twitter.com\/portalurbanook\",\"https:\/\/www.instagram.com\/_portalurbano\/\",\"https:\/\/www.youtube.com\/channel\/UCXhagIfszH8KxFiOok79zbA?view_as=subscriber\"]},{\"@type\":\"Person\",\"@id\":\"https:\/\/experienciadevida.com.ar\/portalurbano\/#\/schema\/person\/02dd326b1c4b056e9cc972486934a3a7\",\"name\":\"admpu17wp\",\"image\":{\"@type\":\"ImageObject\",\"inLanguage\":\"es\",\"@id\":\"https:\/\/experienciadevida.com.ar\/portalurbano\/#\/schema\/person\/image\/\",\"url\":\"https:\/\/secure.gravatar.com\/avatar\/830d4c57adaae6630765e449a6908047?s=96&d=mm&r=g\",\"contentUrl\":\"https:\/\/secure.gravatar.com\/avatar\/830d4c57adaae6630765e449a6908047?s=96&d=mm&r=g\",\"caption\":\"admpu17wp\"}}]}<\/script>\n<!-- \/ Yoast SEO plugin. -->","yoast_head_json":{"title":"Coopelectric y la c\u00e1mara empresaria de Olavarr\u00eda trabajan juntos","description":"Coopelectric y la c\u00e1mara empresaria de Olavarr\u00eda trabajan juntos en beneficio de la comunidad, visitaron la C\u00e1mara Empresaria","robots":{"index":"index","follow":"follow","max-snippet":"max-snippet:-1","max-image-preview":"max-image-preview:large","max-video-preview":"max-video-preview:-1"},"canonical":"https:\/\/experienciadevida.com.ar\/portalurbano\/coopelectric-y-la-camara-empresaria-de-olavarria-trabajan-juntos-en-beneficio-de-la-comunidad\/","og_locale":"es_ES","og_type":"article","og_title":"Coopelectric y la c\u00e1mara empresaria de Olavarr\u00eda trabajan juntos","og_description":"Coopelectric y la c\u00e1mara empresaria de Olavarr\u00eda trabajan juntos en beneficio de la comunidad, visitaron la C\u00e1mara Empresaria","og_url":"https:\/\/experienciadevida.com.ar\/portalurbano\/coopelectric-y-la-camara-empresaria-de-olavarria-trabajan-juntos-en-beneficio-de-la-comunidad\/","article_publisher":"https:\/\/www.facebook.com\/Portal-Urbano-171542830093757\/","article_published_time":"2022-04-30T15:34:11+00:00","article_modified_time":"2022-04-30T15:34:48+00:00","og_image":[{"width":1600,"height":900,"url":"https:\/\/experienciadevida.com.ar\/portalurbano\/wp-content\/uploads\/2022\/04\/Coopelectric-y-la-camara.jpeg","type":"image\/jpeg"}],"author":"admpu17wp","twitter_card":"summary_large_image","twitter_creator":"@portalurbanook","twitter_site":"@portalurbanook","twitter_misc":{"Escrito por":"admpu17wp","Tiempo de lectura":"3 minutos"},"schema":{"@context":"https:\/\/schema.org","@graph":[{"@type":"Article","@id":"https:\/\/experienciadevida.com.ar\/portalurbano\/coopelectric-y-la-camara-empresaria-de-olavarria-trabajan-juntos-en-beneficio-de-la-comunidad\/#article","isPartOf":{"@id":"https:\/\/experienciadevida.com.ar\/portalurbano\/coopelectric-y-la-camara-empresaria-de-olavarria-trabajan-juntos-en-beneficio-de-la-comunidad\/"},"author":{"name":"admpu17wp","@id":"https:\/\/experienciadevida.com.ar\/portalurbano\/#\/schema\/person\/02dd326b1c4b056e9cc972486934a3a7"},"headline":"Coopelectric y la c\u00e1mara empresaria de Olavarr\u00eda trabajan juntos en beneficio de la comunidad","datePublished":"2022-04-30T15:34:11+00:00","dateModified":"2022-04-30T15:34:48+00:00","mainEntityOfPage":{"@id":"https:\/\/experienciadevida.com.ar\/portalurbano\/coopelectric-y-la-camara-empresaria-de-olavarria-trabajan-juntos-en-beneficio-de-la-comunidad\/"},"wordCount":514,"publisher":{"@id":"https:\/\/experienciadevida.com.ar\/portalurbano\/#organization"},"articleSection":["Ciudad"],"inLanguage":"es"},{"@type":"WebPage","@id":"https:\/\/experienciadevida.com.ar\/portalurbano\/coopelectric-y-la-camara-empresaria-de-olavarria-trabajan-juntos-en-beneficio-de-la-comunidad\/","url":"https:\/\/experienciadevida.com.ar\/portalurbano\/coopelectric-y-la-camara-empresaria-de-olavarria-trabajan-juntos-en-beneficio-de-la-comunidad\/","name":"Coopelectric y la c\u00e1mara empresaria de Olavarr\u00eda trabajan juntos","isPartOf":{"@id":"https:\/\/experienciadevida.com.ar\/portalurbano\/#website"},"datePublished":"2022-04-30T15:34:11+00:00","dateModified":"2022-04-30T15:34:48+00:00","description":"Coopelectric y la c\u00e1mara empresaria de Olavarr\u00eda trabajan juntos en beneficio de la comunidad, visitaron la C\u00e1mara Empresaria","breadcrumb":{"@id":"https:\/\/experienciadevida.com.ar\/portalurbano\/coopelectric-y-la-camara-empresaria-de-olavarria-trabajan-juntos-en-beneficio-de-la-comunidad\/#breadcrumb"},"inLanguage":"es","potentialAction":[{"@type":"ReadAction","target":["https:\/\/experienciadevida.com.ar\/portalurbano\/coopelectric-y-la-camara-empresaria-de-olavarria-trabajan-juntos-en-beneficio-de-la-comunidad\/"]}]},{"@type":"BreadcrumbList","@id":"https:\/\/experienciadevida.com.ar\/portalurbano\/coopelectric-y-la-camara-empresaria-de-olavarria-trabajan-juntos-en-beneficio-de-la-comunidad\/#breadcrumb","itemListElement":[{"@type":"ListItem","position":1,"name":"Portada","item":"https:\/\/experienciadevida.com.ar\/portalurbano\/"},{"@type":"ListItem","position":2,"name":"Coopelectric y la c\u00e1mara empresaria de Olavarr\u00eda trabajan juntos en beneficio de la comunidad"}]},{"@type":"WebSite","@id":"https:\/\/experienciadevida.com.ar\/portalurbano\/#website","url":"https:\/\/experienciadevida.com.ar\/portalurbano\/","name":"","description":"","publisher":{"@id":"https:\/\/experienciadevida.com.ar\/portalurbano\/#organization"},"potentialAction":[{"@type":"SearchAction","target":{"@type":"EntryPoint","urlTemplate":"https:\/\/experienciadevida.com.ar\/portalurbano\/?s={search_term_string}"},"query-input":"required name=search_term_string"}],"inLanguage":"es"},{"@type":"Organization","@id":"https:\/\/experienciadevida.com.ar\/portalurbano\/#organization","name":"Portal Urbano","url":"https:\/\/experienciadevida.com.ar\/portalurbano\/","logo":{"@type":"ImageObject","inLanguage":"es","@id":"https:\/\/experienciadevida.com.ar\/portalurbano\/#\/schema\/logo\/image\/","url":"https:\/\/experienciadevida.com.ar\/portalurbano\/wp-content\/uploads\/2019\/09\/Logo-Original.png","contentUrl":"https:\/\/experienciadevida.com.ar\/portalurbano\/wp-content\/uploads\/2019\/09\/Logo-Original.png","width":2236,"height":1216,"caption":"Portal Urbano"},"image":{"@id":"https:\/\/experienciadevida.com.ar\/portalurbano\/#\/schema\/logo\/image\/"},"sameAs":["https:\/\/www.facebook.com\/Portal-Urbano-171542830093757\/","https:\/\/twitter.com\/portalurbanook","https:\/\/www.instagram.com\/_portalurbano\/","https:\/\/www.youtube.com\/channel\/UCXhagIfszH8KxFiOok79zbA?view_as=subscriber"]},{"@type":"Person","@id":"https:\/\/experienciadevida.com.ar\/portalurbano\/#\/schema\/person\/02dd326b1c4b056e9cc972486934a3a7","name":"admpu17wp","image":{"@type":"ImageObject","inLanguage":"es","@id":"https:\/\/experienciadevida.com.ar\/portalurbano\/#\/schema\/person\/image\/","url":"https:\/\/secure.gravatar.com\/avatar\/830d4c57adaae6630765e449a6908047?s=96&d=mm&r=g","contentUrl":"https:\/\/secure.gravatar.com\/avatar\/830d4c57adaae6630765e449a6908047?s=96&d=mm&r=g","caption":"admpu17wp"}}]}},"featured_image_urls":{"full":["https:\/\/experienciadevida.com.ar\/portalurbano\/wp-content\/uploads\/2022\/04\/Coopelectric-y-la-camara.jpeg",1600,900,false],"thumbnail":["https:\/\/experienciadevida.com.ar\/portalurbano\/wp-content\/uploads\/2022\/04\/Coopelectric-y-la-camara-150x150.jpeg",150,150,true],"medium":["https:\/\/experienciadevida.com.ar\/portalurbano\/wp-content\/uploads\/2022\/04\/Coopelectric-y-la-camara-300x169.jpeg",300,169,true],"medium_large":["https:\/\/experienciadevida.com.ar\/portalurbano\/wp-content\/uploads\/2022\/04\/Coopelectric-y-la-camara-768x432.jpeg",640,360,true],"large":["https:\/\/experienciadevida.com.ar\/portalurbano\/wp-content\/uploads\/2022\/04\/Coopelectric-y-la-camara-1024x576.jpeg",640,360,true],"ug_big":["https:\/\/experienciadevida.com.ar\/portalurbano\/wp-content\/uploads\/2022\/04\/Coopelectric-y-la-camara-768x432.jpeg",768,432,true],"1536x1536":["https:\/\/experienciadevida.com.ar\/portalurbano\/wp-content\/uploads\/2022\/04\/Coopelectric-y-la-camara-1536x864.jpeg",1536,864,true],"2048x2048":["https:\/\/experienciadevida.com.ar\/portalurbano\/wp-content\/uploads\/2022\/04\/Coopelectric-y-la-camara.jpeg",1600,900,false],"newsever-slider-full":["https:\/\/experienciadevida.com.ar\/portalurbano\/wp-content\/uploads\/2022\/04\/Coopelectric-y-la-camara.jpeg",1280,720,false],"newsever-featured":["https:\/\/experienciadevida.com.ar\/portalurbano\/wp-content\/uploads\/2022\/04\/Coopelectric-y-la-camara.jpeg",1024,576,false],"newsever-medium":["https:\/\/experienciadevida.com.ar\/portalurbano\/wp-content\/uploads\/2022\/04\/Coopelectric-y-la-camara.jpeg",720,405,false],"web-stories-poster-portrait":["https:\/\/experienciadevida.com.ar\/portalurbano\/wp-content\/uploads\/2022\/04\/Coopelectric-y-la-camara.jpeg",640,360,false],"web-stories-publisher-logo":["https:\/\/experienciadevida.com.ar\/portalurbano\/wp-content\/uploads\/2022\/04\/Coopelectric-y-la-camara.jpeg",96,54,false],"web-stories-thumbnail":["https:\/\/experienciadevida.com.ar\/portalurbano\/wp-content\/uploads\/2022\/04\/Coopelectric-y-la-camara.jpeg",150,84,false]},"author_info":{"display_name":"admpu17wp","author_link":"https:\/\/experienciadevida.com.ar\/portalurbano\/author\/admpu17wp\/"},"category_info":"<a href=\"https:\/\/experienciadevida.com.ar\/portalurbano\/category\/ciudad\/\" rel=\"category tag\">Ciudad<\/a>","tag_info":"Ciudad","comment_count":"0","amp_enabled":true,"_links":{"self":[{"href":"https:\/\/experienciadevida.com.ar\/portalurbano\/wp-json\/wp\/v2\/posts\/166766"}],"collection":[{"href":"https:\/\/experienciadevida.com.ar\/portalurbano\/wp-json\/wp\/v2\/posts"}],"about":[{"href":"https:\/\/experienciadevida.com.ar\/portalurbano\/wp-json\/wp\/v2\/types\/post"}],"author":[{"embeddable":true,"href":"https:\/\/experienciadevida.com.ar\/portalurbano\/wp-json\/wp\/v2\/users\/1"}],"replies":[{"embeddable":true,"href":"https:\/\/experienciadevida.com.ar\/portalurbano\/wp-json\/wp\/v2\/comments?post=166766"}],"version-history":[{"count":4,"href":"https:\/\/experienciadevida.com.ar\/portalurbano\/wp-json\/wp\/v2\/posts\/166766\/revisions"}],"predecessor-version":[{"id":166772,"href":"https:\/\/experienciadevida.com.ar\/portalurbano\/wp-json\/wp\/v2\/posts\/166766\/revisions\/166772"}],"wp:featuredmedia":[{"embeddable":true,"href":"https:\/\/experienciadevida.com.ar\/portalurbano\/wp-json\/wp\/v2\/media\/166767"}],"wp:attachment":[{"href":"https:\/\/experienciadevida.com.ar\/portalurbano\/wp-json\/wp\/v2\/media?parent=166766"}],"wp:term":[{"taxonomy":"category","embeddable":true,"href":"https:\/\/experienciadevida.com.ar\/portalurbano\/wp-json\/wp\/v2\/categories?post=166766"},{"taxonomy":"post_tag","embeddable":true,"href":"https:\/\/experienciadevida.com.ar\/portalurbano\/wp-json\/wp\/v2\/tags?post=166766"}],"curies":[{"name":"wp","href":"https:\/\/api.w.org\/{rel}","templated":true}]}}