{"id":166720,"date":"2022-04-29T16:35:38","date_gmt":"2022-04-29T19:35:38","guid":{"rendered":"https:\/\/experienciadevida.com.ar\/portalurbano\/?p=166720"},"modified":"2022-04-29T16:37:28","modified_gmt":"2022-04-29T19:37:28","slug":"el-museo-itinerante-de-fotografia-llegara-al-paseo-jesus-mendia","status":"publish","type":"post","link":"https:\/\/experienciadevida.com.ar\/portalurbano\/el-museo-itinerante-de-fotografia-llegara-al-paseo-jesus-mendia\/","title":{"rendered":"El Museo Itinerante de Fotograf\u00eda llegar\u00e1 al Paseo Jes\u00fas Mend\u00eda"},"content":{"rendered":"<p>El Museo Itinerante de Fotograf\u00eda llegar\u00e1 al Paseo Jes\u00fas Mend\u00eda, a partir del pr\u00f3ximo 3 de mayo llegar\u00e1 a Olavarr\u00eda, m\u00e1s precisamente al Paseo Jes\u00fas Mend\u00eda, el Museo Itinerante de Fotograf\u00eda, una muestra que comprende de fotograf\u00edas de artistas argentinos de todas las \u00e9pocas. Se invita a las instituciones educativas a visitarla. La entrada es libre y gratuita.<\/p>\n<p>La actividad estar\u00e1 disponible hasta el 8 de mayo, presentada desde FOLA (Fototeca Latinoamericana) y la Fundaci\u00f3n Luz y Alfonso Castillo.<\/p>\n<p>Se trata de un trailer cultural, de acceso totalmente libre y gratuito, que durante todo el a\u00f1o recorrer\u00e1 m\u00e1s de 7000 kil\u00f3metros de nuestro pa\u00eds, para dar a conocer una muestra de fotograf\u00eda argentina que contempla autores de diferentes generaciones y estilos. El objetivo central del proyecto es \u201cacercar el arte a la gente\u201d.<\/p>\n<p>La apertura oficial ser\u00e1 el martes 3 a las 11 horas. Se convoca a todas las instituciones educativas y p\u00fablico en general a recorrerla y disfrutar de las obras de grandes artistas nacionales.<\/p>\n<p>Los artistas que exponen son: Abd Rodrigo, Adandia Marcos, Aguirre Jorge, Bellusci Valeria, Blanco Florencia, Cabado Pablo, Chaskielberg Alejandro, Coppola Horacio, Costantino Nicola, D\u00b4Amico Alicia, de Zuvir\u00eda Facundo, Facio Sara, Fraire Cristina, Gil Eduardo, Goldenstein Alberto, Grossman Eduardo, Heinrich Annemarie, Iasparra Ignacio, Kuropatwa Alejandro, Lestido Adriana, L\u00f3pez Marcos, Marin Matilde, Minelli Gian Paolo, Muchiut Daniel, Ortiz Mugica Diego, Pastorino Esteban, P\u00e9rez Aznar Ataulfo, Pintor Oscar, Porter Liliana, RES, Ressia Romina, Rivas Humberto, Sacco Graciela, Srodek Hart Guillermo, Srur Alfredo, Stern Grete, SUB Cooperativa, Szankay Lena, Travnik Juan, Weber Mart\u00edn, Zimmermann Marcos, Zout Helen.<\/p>\n","protected":false},"excerpt":{"rendered":"<p>El Museo Itinerante de Fotograf\u00eda llegar\u00e1 al Paseo Jes\u00fas Mend\u00eda, a partir del pr\u00f3ximo 3&#8230;<\/p>\n","protected":false},"author":1,"featured_media":166721,"comment_status":"closed","ping_status":"closed","sticky":false,"template":"","format":"standard","meta":{"content-type":""},"categories":[27,64],"tags":[],"nelio_content":{"isAutoShareEnabled":false,"autoShareEndMode":"default","automationSources":{"useContentSentences":true,"useSocialTemplates":true,"useCustomSentences":false,"customSentences":[]},"followers":[1],"suggestedReferences":[],"includedReferences":[],"efiUrl":"","efiAlt":"","highlights":[]},"yoast_head":"<!-- This site is optimized with the Yoast SEO plugin v20.7 - https:\/\/yoast.com\/wordpress\/plugins\/seo\/ -->\n<title>El Museo itinerante de fotograf\u00eda llegar\u00e1 al Paseo Jes\u00fas Mend\u00eda<\/title>\n<meta name=\"description\" content=\"El Museo Itinerante de Fotograf\u00eda llegar\u00e1 al Paseo Jes\u00fas Mend\u00eda, a partir del pr\u00f3ximo 3 de mayo llegar\u00e1 a Olavarr\u00eda, que tiene fotograf\u00edas\" \/>\n<meta name=\"robots\" content=\"index, follow, max-snippet:-1, max-image-preview:large, max-video-preview:-1\" \/>\n<link rel=\"canonical\" href=\"https:\/\/experienciadevida.com.ar\/portalurbano\/el-museo-itinerante-de-fotografia-llegara-al-paseo-jesus-mendia\/\" \/>\n<meta property=\"og:locale\" content=\"es_ES\" \/>\n<meta property=\"og:type\" content=\"article\" \/>\n<meta property=\"og:title\" content=\"El Museo itinerante de fotograf\u00eda llegar\u00e1 al Paseo Jes\u00fas Mend\u00eda\" \/>\n<meta property=\"og:description\" content=\"El Museo Itinerante de Fotograf\u00eda llegar\u00e1 al Paseo Jes\u00fas Mend\u00eda, a partir del pr\u00f3ximo 3 de mayo llegar\u00e1 a Olavarr\u00eda, que tiene fotograf\u00edas\" \/>\n<meta property=\"og:url\" content=\"https:\/\/experienciadevida.com.ar\/portalurbano\/el-museo-itinerante-de-fotografia-llegara-al-paseo-jesus-mendia\/\" \/>\n<meta property=\"article:publisher\" content=\"https:\/\/www.facebook.com\/Portal-Urbano-171542830093757\/\" \/>\n<meta property=\"article:published_time\" content=\"2022-04-29T19:35:38+00:00\" \/>\n<meta property=\"article:modified_time\" content=\"2022-04-29T19:37:28+00:00\" \/>\n<meta property=\"og:image\" content=\"https:\/\/experienciadevida.com.ar\/portalurbano\/wp-content\/uploads\/2022\/04\/El-Museo-Itinerante-de.jpg\" \/>\n\t<meta property=\"og:image:width\" content=\"1024\" \/>\n\t<meta property=\"og:image:height\" content=\"682\" \/>\n\t<meta property=\"og:image:type\" content=\"image\/jpeg\" \/>\n<meta name=\"author\" content=\"admpu17wp\" \/>\n<meta name=\"twitter:card\" content=\"summary_large_image\" \/>\n<meta name=\"twitter:creator\" content=\"@portalurbanook\" \/>\n<meta name=\"twitter:site\" content=\"@portalurbanook\" \/>\n<meta name=\"twitter:label1\" content=\"Escrito por\" \/>\n\t<meta name=\"twitter:data1\" content=\"admpu17wp\" \/>\n\t<meta name=\"twitter:label2\" content=\"Tiempo de lectura\" \/>\n\t<meta name=\"twitter:data2\" content=\"2 minutos\" \/>\n<script type=\"application\/ld+json\" class=\"yoast-schema-graph\">{\"@context\":\"https:\/\/schema.org\",\"@graph\":[{\"@type\":\"Article\",\"@id\":\"https:\/\/experienciadevida.com.ar\/portalurbano\/el-museo-itinerante-de-fotografia-llegara-al-paseo-jesus-mendia\/#article\",\"isPartOf\":{\"@id\":\"https:\/\/experienciadevida.com.ar\/portalurbano\/el-museo-itinerante-de-fotografia-llegara-al-paseo-jesus-mendia\/\"},\"author\":{\"name\":\"admpu17wp\",\"@id\":\"https:\/\/experienciadevida.com.ar\/portalurbano\/#\/schema\/person\/02dd326b1c4b056e9cc972486934a3a7\"},\"headline\":\"El Museo Itinerante de Fotograf\u00eda llegar\u00e1 al Paseo Jes\u00fas Mend\u00eda\",\"datePublished\":\"2022-04-29T19:35:38+00:00\",\"dateModified\":\"2022-04-29T19:37:28+00:00\",\"mainEntityOfPage\":{\"@id\":\"https:\/\/experienciadevida.com.ar\/portalurbano\/el-museo-itinerante-de-fotografia-llegara-al-paseo-jesus-mendia\/\"},\"wordCount\":289,\"publisher\":{\"@id\":\"https:\/\/experienciadevida.com.ar\/portalurbano\/#organization\"},\"articleSection\":[\"Ciudad\",\"Destacadas 2\"],\"inLanguage\":\"es\"},{\"@type\":\"WebPage\",\"@id\":\"https:\/\/experienciadevida.com.ar\/portalurbano\/el-museo-itinerante-de-fotografia-llegara-al-paseo-jesus-mendia\/\",\"url\":\"https:\/\/experienciadevida.com.ar\/portalurbano\/el-museo-itinerante-de-fotografia-llegara-al-paseo-jesus-mendia\/\",\"name\":\"El Museo itinerante de fotograf\u00eda llegar\u00e1 al Paseo Jes\u00fas Mend\u00eda\",\"isPartOf\":{\"@id\":\"https:\/\/experienciadevida.com.ar\/portalurbano\/#website\"},\"datePublished\":\"2022-04-29T19:35:38+00:00\",\"dateModified\":\"2022-04-29T19:37:28+00:00\",\"description\":\"El Museo Itinerante de Fotograf\u00eda llegar\u00e1 al Paseo Jes\u00fas Mend\u00eda, a partir del pr\u00f3ximo 3 de mayo llegar\u00e1 a Olavarr\u00eda, que tiene fotograf\u00edas\",\"breadcrumb\":{\"@id\":\"https:\/\/experienciadevida.com.ar\/portalurbano\/el-museo-itinerante-de-fotografia-llegara-al-paseo-jesus-mendia\/#breadcrumb\"},\"inLanguage\":\"es\",\"potentialAction\":[{\"@type\":\"ReadAction\",\"target\":[\"https:\/\/experienciadevida.com.ar\/portalurbano\/el-museo-itinerante-de-fotografia-llegara-al-paseo-jesus-mendia\/\"]}]},{\"@type\":\"BreadcrumbList\",\"@id\":\"https:\/\/experienciadevida.com.ar\/portalurbano\/el-museo-itinerante-de-fotografia-llegara-al-paseo-jesus-mendia\/#breadcrumb\",\"itemListElement\":[{\"@type\":\"ListItem\",\"position\":1,\"name\":\"Portada\",\"item\":\"https:\/\/experienciadevida.com.ar\/portalurbano\/\"},{\"@type\":\"ListItem\",\"position\":2,\"name\":\"El Museo Itinerante de Fotograf\u00eda llegar\u00e1 al Paseo Jes\u00fas Mend\u00eda\"}]},{\"@type\":\"WebSite\",\"@id\":\"https:\/\/experienciadevida.com.ar\/portalurbano\/#website\",\"url\":\"https:\/\/experienciadevida.com.ar\/portalurbano\/\",\"name\":\"\",\"description\":\"\",\"publisher\":{\"@id\":\"https:\/\/experienciadevida.com.ar\/portalurbano\/#organization\"},\"potentialAction\":[{\"@type\":\"SearchAction\",\"target\":{\"@type\":\"EntryPoint\",\"urlTemplate\":\"https:\/\/experienciadevida.com.ar\/portalurbano\/?s={search_term_string}\"},\"query-input\":\"required name=search_term_string\"}],\"inLanguage\":\"es\"},{\"@type\":\"Organization\",\"@id\":\"https:\/\/experienciadevida.com.ar\/portalurbano\/#organization\",\"name\":\"Portal Urbano\",\"url\":\"https:\/\/experienciadevida.com.ar\/portalurbano\/\",\"logo\":{\"@type\":\"ImageObject\",\"inLanguage\":\"es\",\"@id\":\"https:\/\/experienciadevida.com.ar\/portalurbano\/#\/schema\/logo\/image\/\",\"url\":\"https:\/\/experienciadevida.com.ar\/portalurbano\/wp-content\/uploads\/2019\/09\/Logo-Original.png\",\"contentUrl\":\"https:\/\/experienciadevida.com.ar\/portalurbano\/wp-content\/uploads\/2019\/09\/Logo-Original.png\",\"width\":2236,\"height\":1216,\"caption\":\"Portal Urbano\"},\"image\":{\"@id\":\"https:\/\/experienciadevida.com.ar\/portalurbano\/#\/schema\/logo\/image\/\"},\"sameAs\":[\"https:\/\/www.facebook.com\/Portal-Urbano-171542830093757\/\",\"https:\/\/twitter.com\/portalurbanook\",\"https:\/\/www.instagram.com\/_portalurbano\/\",\"https:\/\/www.youtube.com\/channel\/UCXhagIfszH8KxFiOok79zbA?view_as=subscriber\"]},{\"@type\":\"Person\",\"@id\":\"https:\/\/experienciadevida.com.ar\/portalurbano\/#\/schema\/person\/02dd326b1c4b056e9cc972486934a3a7\",\"name\":\"admpu17wp\",\"image\":{\"@type\":\"ImageObject\",\"inLanguage\":\"es\",\"@id\":\"https:\/\/experienciadevida.com.ar\/portalurbano\/#\/schema\/person\/image\/\",\"url\":\"https:\/\/secure.gravatar.com\/avatar\/830d4c57adaae6630765e449a6908047?s=96&d=mm&r=g\",\"contentUrl\":\"https:\/\/secure.gravatar.com\/avatar\/830d4c57adaae6630765e449a6908047?s=96&d=mm&r=g\",\"caption\":\"admpu17wp\"}}]}<\/script>\n<!-- \/ Yoast SEO plugin. -->","yoast_head_json":{"title":"El Museo itinerante de fotograf\u00eda llegar\u00e1 al Paseo Jes\u00fas Mend\u00eda","description":"El Museo Itinerante de Fotograf\u00eda llegar\u00e1 al Paseo Jes\u00fas Mend\u00eda, a partir del pr\u00f3ximo 3 de mayo llegar\u00e1 a Olavarr\u00eda, que tiene fotograf\u00edas","robots":{"index":"index","follow":"follow","max-snippet":"max-snippet:-1","max-image-preview":"max-image-preview:large","max-video-preview":"max-video-preview:-1"},"canonical":"https:\/\/experienciadevida.com.ar\/portalurbano\/el-museo-itinerante-de-fotografia-llegara-al-paseo-jesus-mendia\/","og_locale":"es_ES","og_type":"article","og_title":"El Museo itinerante de fotograf\u00eda llegar\u00e1 al Paseo Jes\u00fas Mend\u00eda","og_description":"El Museo Itinerante de Fotograf\u00eda llegar\u00e1 al Paseo Jes\u00fas Mend\u00eda, a partir del pr\u00f3ximo 3 de mayo llegar\u00e1 a Olavarr\u00eda, que tiene fotograf\u00edas","og_url":"https:\/\/experienciadevida.com.ar\/portalurbano\/el-museo-itinerante-de-fotografia-llegara-al-paseo-jesus-mendia\/","article_publisher":"https:\/\/www.facebook.com\/Portal-Urbano-171542830093757\/","article_published_time":"2022-04-29T19:35:38+00:00","article_modified_time":"2022-04-29T19:37:28+00:00","og_image":[{"width":1024,"height":682,"url":"https:\/\/experienciadevida.com.ar\/portalurbano\/wp-content\/uploads\/2022\/04\/El-Museo-Itinerante-de.jpg","type":"image\/jpeg"}],"author":"admpu17wp","twitter_card":"summary_large_image","twitter_creator":"@portalurbanook","twitter_site":"@portalurbanook","twitter_misc":{"Escrito por":"admpu17wp","Tiempo de lectura":"2 minutos"},"schema":{"@context":"https:\/\/schema.org","@graph":[{"@type":"Article","@id":"https:\/\/experienciadevida.com.ar\/portalurbano\/el-museo-itinerante-de-fotografia-llegara-al-paseo-jesus-mendia\/#article","isPartOf":{"@id":"https:\/\/experienciadevida.com.ar\/portalurbano\/el-museo-itinerante-de-fotografia-llegara-al-paseo-jesus-mendia\/"},"author":{"name":"admpu17wp","@id":"https:\/\/experienciadevida.com.ar\/portalurbano\/#\/schema\/person\/02dd326b1c4b056e9cc972486934a3a7"},"headline":"El Museo Itinerante de Fotograf\u00eda llegar\u00e1 al Paseo Jes\u00fas Mend\u00eda","datePublished":"2022-04-29T19:35:38+00:00","dateModified":"2022-04-29T19:37:28+00:00","mainEntityOfPage":{"@id":"https:\/\/experienciadevida.com.ar\/portalurbano\/el-museo-itinerante-de-fotografia-llegara-al-paseo-jesus-mendia\/"},"wordCount":289,"publisher":{"@id":"https:\/\/experienciadevida.com.ar\/portalurbano\/#organization"},"articleSection":["Ciudad","Destacadas 2"],"inLanguage":"es"},{"@type":"WebPage","@id":"https:\/\/experienciadevida.com.ar\/portalurbano\/el-museo-itinerante-de-fotografia-llegara-al-paseo-jesus-mendia\/","url":"https:\/\/experienciadevida.com.ar\/portalurbano\/el-museo-itinerante-de-fotografia-llegara-al-paseo-jesus-mendia\/","name":"El Museo itinerante de fotograf\u00eda llegar\u00e1 al Paseo Jes\u00fas Mend\u00eda","isPartOf":{"@id":"https:\/\/experienciadevida.com.ar\/portalurbano\/#website"},"datePublished":"2022-04-29T19:35:38+00:00","dateModified":"2022-04-29T19:37:28+00:00","description":"El Museo Itinerante de Fotograf\u00eda llegar\u00e1 al Paseo Jes\u00fas Mend\u00eda, a partir del pr\u00f3ximo 3 de mayo llegar\u00e1 a Olavarr\u00eda, que tiene fotograf\u00edas","breadcrumb":{"@id":"https:\/\/experienciadevida.com.ar\/portalurbano\/el-museo-itinerante-de-fotografia-llegara-al-paseo-jesus-mendia\/#breadcrumb"},"inLanguage":"es","potentialAction":[{"@type":"ReadAction","target":["https:\/\/experienciadevida.com.ar\/portalurbano\/el-museo-itinerante-de-fotografia-llegara-al-paseo-jesus-mendia\/"]}]},{"@type":"BreadcrumbList","@id":"https:\/\/experienciadevida.com.ar\/portalurbano\/el-museo-itinerante-de-fotografia-llegara-al-paseo-jesus-mendia\/#breadcrumb","itemListElement":[{"@type":"ListItem","position":1,"name":"Portada","item":"https:\/\/experienciadevida.com.ar\/portalurbano\/"},{"@type":"ListItem","position":2,"name":"El Museo Itinerante de Fotograf\u00eda llegar\u00e1 al Paseo Jes\u00fas Mend\u00eda"}]},{"@type":"WebSite","@id":"https:\/\/experienciadevida.com.ar\/portalurbano\/#website","url":"https:\/\/experienciadevida.com.ar\/portalurbano\/","name":"","description":"","publisher":{"@id":"https:\/\/experienciadevida.com.ar\/portalurbano\/#organization"},"potentialAction":[{"@type":"SearchAction","target":{"@type":"EntryPoint","urlTemplate":"https:\/\/experienciadevida.com.ar\/portalurbano\/?s={search_term_string}"},"query-input":"required name=search_term_string"}],"inLanguage":"es"},{"@type":"Organization","@id":"https:\/\/experienciadevida.com.ar\/portalurbano\/#organization","name":"Portal Urbano","url":"https:\/\/experienciadevida.com.ar\/portalurbano\/","logo":{"@type":"ImageObject","inLanguage":"es","@id":"https:\/\/experienciadevida.com.ar\/portalurbano\/#\/schema\/logo\/image\/","url":"https:\/\/experienciadevida.com.ar\/portalurbano\/wp-content\/uploads\/2019\/09\/Logo-Original.png","contentUrl":"https:\/\/experienciadevida.com.ar\/portalurbano\/wp-content\/uploads\/2019\/09\/Logo-Original.png","width":2236,"height":1216,"caption":"Portal Urbano"},"image":{"@id":"https:\/\/experienciadevida.com.ar\/portalurbano\/#\/schema\/logo\/image\/"},"sameAs":["https:\/\/www.facebook.com\/Portal-Urbano-171542830093757\/","https:\/\/twitter.com\/portalurbanook","https:\/\/www.instagram.com\/_portalurbano\/","https:\/\/www.youtube.com\/channel\/UCXhagIfszH8KxFiOok79zbA?view_as=subscriber"]},{"@type":"Person","@id":"https:\/\/experienciadevida.com.ar\/portalurbano\/#\/schema\/person\/02dd326b1c4b056e9cc972486934a3a7","name":"admpu17wp","image":{"@type":"ImageObject","inLanguage":"es","@id":"https:\/\/experienciadevida.com.ar\/portalurbano\/#\/schema\/person\/image\/","url":"https:\/\/secure.gravatar.com\/avatar\/830d4c57adaae6630765e449a6908047?s=96&d=mm&r=g","contentUrl":"https:\/\/secure.gravatar.com\/avatar\/830d4c57adaae6630765e449a6908047?s=96&d=mm&r=g","caption":"admpu17wp"}}]}},"featured_image_urls":{"full":["https:\/\/experienciadevida.com.ar\/portalurbano\/wp-content\/uploads\/2022\/04\/El-Museo-Itinerante-de.jpg",1024,682,false],"thumbnail":["https:\/\/experienciadevida.com.ar\/portalurbano\/wp-content\/uploads\/2022\/04\/El-Museo-Itinerante-de-150x150.jpg",150,150,true],"medium":["https:\/\/experienciadevida.com.ar\/portalurbano\/wp-content\/uploads\/2022\/04\/El-Museo-Itinerante-de-300x200.jpg",300,200,true],"medium_large":["https:\/\/experienciadevida.com.ar\/portalurbano\/wp-content\/uploads\/2022\/04\/El-Museo-Itinerante-de-768x512.jpg",640,427,true],"large":["https:\/\/experienciadevida.com.ar\/portalurbano\/wp-content\/uploads\/2022\/04\/El-Museo-Itinerante-de.jpg",640,426,false],"ug_big":["https:\/\/experienciadevida.com.ar\/portalurbano\/wp-content\/uploads\/2022\/04\/El-Museo-Itinerante-de-768x512.jpg",768,512,true],"1536x1536":["https:\/\/experienciadevida.com.ar\/portalurbano\/wp-content\/uploads\/2022\/04\/El-Museo-Itinerante-de.jpg",1024,682,false],"2048x2048":["https:\/\/experienciadevida.com.ar\/portalurbano\/wp-content\/uploads\/2022\/04\/El-Museo-Itinerante-de.jpg",1024,682,false],"newsever-slider-full":["https:\/\/experienciadevida.com.ar\/portalurbano\/wp-content\/uploads\/2022\/04\/El-Museo-Itinerante-de.jpg",1024,682,false],"newsever-featured":["https:\/\/experienciadevida.com.ar\/portalurbano\/wp-content\/uploads\/2022\/04\/El-Museo-Itinerante-de.jpg",1024,682,false],"newsever-medium":["https:\/\/experienciadevida.com.ar\/portalurbano\/wp-content\/uploads\/2022\/04\/El-Museo-Itinerante-de.jpg",713,475,false],"web-stories-poster-portrait":["https:\/\/experienciadevida.com.ar\/portalurbano\/wp-content\/uploads\/2022\/04\/El-Museo-Itinerante-de.jpg",640,426,false],"web-stories-publisher-logo":["https:\/\/experienciadevida.com.ar\/portalurbano\/wp-content\/uploads\/2022\/04\/El-Museo-Itinerante-de.jpg",96,64,false],"web-stories-thumbnail":["https:\/\/experienciadevida.com.ar\/portalurbano\/wp-content\/uploads\/2022\/04\/El-Museo-Itinerante-de.jpg",150,100,false]},"author_info":{"display_name":"admpu17wp","author_link":"https:\/\/experienciadevida.com.ar\/portalurbano\/author\/admpu17wp\/"},"category_info":"<a href=\"https:\/\/experienciadevida.com.ar\/portalurbano\/category\/ciudad\/\" rel=\"category tag\">Ciudad<\/a> <a href=\"https:\/\/experienciadevida.com.ar\/portalurbano\/category\/destacadas-2\/\" rel=\"category tag\">Destacadas 2<\/a>","tag_info":"Destacadas 2","comment_count":"0","amp_enabled":true,"_links":{"self":[{"href":"https:\/\/experienciadevida.com.ar\/portalurbano\/wp-json\/wp\/v2\/posts\/166720"}],"collection":[{"href":"https:\/\/experienciadevida.com.ar\/portalurbano\/wp-json\/wp\/v2\/posts"}],"about":[{"href":"https:\/\/experienciadevida.com.ar\/portalurbano\/wp-json\/wp\/v2\/types\/post"}],"author":[{"embeddable":true,"href":"https:\/\/experienciadevida.com.ar\/portalurbano\/wp-json\/wp\/v2\/users\/1"}],"replies":[{"embeddable":true,"href":"https:\/\/experienciadevida.com.ar\/portalurbano\/wp-json\/wp\/v2\/comments?post=166720"}],"version-history":[{"count":1,"href":"https:\/\/experienciadevida.com.ar\/portalurbano\/wp-json\/wp\/v2\/posts\/166720\/revisions"}],"predecessor-version":[{"id":166722,"href":"https:\/\/experienciadevida.com.ar\/portalurbano\/wp-json\/wp\/v2\/posts\/166720\/revisions\/166722"}],"wp:featuredmedia":[{"embeddable":true,"href":"https:\/\/experienciadevida.com.ar\/portalurbano\/wp-json\/wp\/v2\/media\/166721"}],"wp:attachment":[{"href":"https:\/\/experienciadevida.com.ar\/portalurbano\/wp-json\/wp\/v2\/media?parent=166720"}],"wp:term":[{"taxonomy":"category","embeddable":true,"href":"https:\/\/experienciadevida.com.ar\/portalurbano\/wp-json\/wp\/v2\/categories?post=166720"},{"taxonomy":"post_tag","embeddable":true,"href":"https:\/\/experienciadevida.com.ar\/portalurbano\/wp-json\/wp\/v2\/tags?post=166720"}],"curies":[{"name":"wp","href":"https:\/\/api.w.org\/{rel}","templated":true}]}}