{"id":166713,"date":"2022-04-29T16:29:38","date_gmt":"2022-04-29T19:29:38","guid":{"rendered":"https:\/\/experienciadevida.com.ar\/portalurbano\/?p=166713"},"modified":"2022-04-29T16:33:40","modified_gmt":"2022-04-29T19:33:40","slug":"etapa-final-de-obra-para-la-reforma-del-cef-44","status":"publish","type":"post","link":"https:\/\/experienciadevida.com.ar\/portalurbano\/etapa-final-de-obra-para-la-reforma-del-cef-44\/","title":{"rendered":"Etapa final de obra para la reforma del CEF 44"},"content":{"rendered":"<p>Etapa final de obra para la reforma del CEF 44, el <a href=\"https:\/\/www.facebook.com\/galliezequiel\">Intendente<\/a> visit\u00f3 las instalaciones del CEF N\u00ba 44, que funciona en el gimnasio \u201c19 de Febrero\u201d, ubicado en el barrio CECO, donde se llev\u00f3 adelante una importante reforma, que presenta en la actualidad un avance de ejecuci\u00f3n del 90%.<\/p>\n<p><a href=\"https:\/\/experienciadevida.com.ar\/portalurbano\/etapa-final-de-obra-para-la-reforma-del-cef-44\/etapa-3\/\" rel=\"attachment wp-att-166717\"><img decoding=\"async\" class=\"alignnone size-large wp-image-166717\" src=\"https:\/\/experienciadevida.com.ar\/portalurbano\/wp-content\/uploads\/2022\/04\/Etapa-1024x684.jpg\" alt=\"Etapa \" width=\"900\" height=\"601\" srcset=\"https:\/\/experienciadevida.com.ar\/portalurbano\/wp-content\/uploads\/2022\/04\/Etapa-1024x684.jpg 1024w, https:\/\/experienciadevida.com.ar\/portalurbano\/wp-content\/uploads\/2022\/04\/Etapa-300x201.jpg 300w, https:\/\/experienciadevida.com.ar\/portalurbano\/wp-content\/uploads\/2022\/04\/Etapa-768x513.jpg 768w, https:\/\/experienciadevida.com.ar\/portalurbano\/wp-content\/uploads\/2022\/04\/Etapa-1536x1027.jpg 1536w, https:\/\/experienciadevida.com.ar\/portalurbano\/wp-content\/uploads\/2022\/04\/Etapa-2048x1369.jpg 2048w\" sizes=\"(max-width: 900px) 100vw, 900px\" \/><\/a><\/p>\n<p>La reforma en el CEF 44 comprendi\u00f3 la ampliaci\u00f3n y refacci\u00f3n completa de ba\u00f1os y vestuarios, el cierre de un sector de planta alta para gimnasia art\u00edstica, la ejecuci\u00f3n de un nuevo volumen donde se ubica la secretar\u00eda y la construcci\u00f3n de un techo semicubierto de canchas de tejo.<\/p>\n<p>Asimismo incluye la nueva instalaci\u00f3n el\u00e9ctrica de iluminaci\u00f3n y tomas en los sectores intervenidos y secretar\u00eda, divisi\u00f3n de un espacio mediante tabiques en el lugar destinado a dep\u00f3sitos y trabajos de pintura en el nuevo volumen a ejecutar, en ba\u00f1os, vestuarios y sector de tejo, intervenci\u00f3n de instalaci\u00f3n sanitaria e instalaci\u00f3n de gas.<\/p>\n<p><a href=\"https:\/\/experienciadevida.com.ar\/portalurbano\/etapa-final-de-obra-para-la-reforma-del-cef-44\/final\/\" rel=\"attachment wp-att-166718\"><img decoding=\"async\" class=\"alignnone size-large wp-image-166718\" src=\"https:\/\/experienciadevida.com.ar\/portalurbano\/wp-content\/uploads\/2022\/04\/final-1024x684.jpg\" alt=\"final \" width=\"900\" height=\"601\" srcset=\"https:\/\/experienciadevida.com.ar\/portalurbano\/wp-content\/uploads\/2022\/04\/final-1024x684.jpg 1024w, https:\/\/experienciadevida.com.ar\/portalurbano\/wp-content\/uploads\/2022\/04\/final-300x201.jpg 300w, https:\/\/experienciadevida.com.ar\/portalurbano\/wp-content\/uploads\/2022\/04\/final-768x513.jpg 768w, https:\/\/experienciadevida.com.ar\/portalurbano\/wp-content\/uploads\/2022\/04\/final-1536x1027.jpg 1536w, https:\/\/experienciadevida.com.ar\/portalurbano\/wp-content\/uploads\/2022\/04\/final-2048x1369.jpg 2048w\" sizes=\"(max-width: 900px) 100vw, 900px\" \/><\/a><\/p>\n<p>Durante la recorrida de obra, el Intendente estuvo acompa\u00f1ado por el secretario de Mantenimiento y Obras P\u00fablicas Julio Ferraro, quien detall\u00f3 que actualmente se llevan adelante las tareas de pintura, instalaci\u00f3n el\u00e9ctrica, colocaci\u00f3n de z\u00f3calos, empastinado y conexiones de servicio.<\/p>\n<p>La ampliaci\u00f3n de CEF N\u00ba 44 permitir\u00e1 contar con nuevas instalaciones, que fueron totalmente renovadas, para el desarrollo de las diferentes disciplinas deportivas que all\u00ed se practican.<\/p>\n","protected":false},"excerpt":{"rendered":"<p>Etapa final de obra para la reforma del CEF 44, el Intendente visit\u00f3 las instalaciones&#8230;<\/p>\n","protected":false},"author":1,"featured_media":166714,"comment_status":"closed","ping_status":"closed","sticky":false,"template":"","format":"standard","meta":{"content-type":""},"categories":[27,51],"tags":[],"nelio_content":{"isAutoShareEnabled":false,"autoShareEndMode":"default","automationSources":{"useContentSentences":true,"useSocialTemplates":true,"useCustomSentences":false,"customSentences":[]},"followers":[1],"suggestedReferences":[],"includedReferences":[],"efiUrl":"","efiAlt":"","highlights":[]},"yoast_head":"<!-- This site is optimized with the Yoast SEO plugin v20.7 - https:\/\/yoast.com\/wordpress\/plugins\/seo\/ -->\n<title>Etapa final de obra para la reforma del CEF 44<\/title>\n<meta name=\"description\" content=\"Etapa final de obra para la reforma del CEF 44, visit\u00f3 las instalaciones del CEF N\u00ba 44, que funciona en el gimnasio \u201c19 de Febrero\u201d\" \/>\n<meta name=\"robots\" content=\"index, follow, max-snippet:-1, max-image-preview:large, max-video-preview:-1\" \/>\n<link rel=\"canonical\" href=\"https:\/\/experienciadevida.com.ar\/portalurbano\/etapa-final-de-obra-para-la-reforma-del-cef-44\/\" \/>\n<meta property=\"og:locale\" content=\"es_ES\" \/>\n<meta property=\"og:type\" content=\"article\" \/>\n<meta property=\"og:title\" content=\"Etapa final de obra para la reforma del CEF 44\" \/>\n<meta property=\"og:description\" content=\"Etapa final de obra para la reforma del CEF 44, visit\u00f3 las instalaciones del CEF N\u00ba 44, que funciona en el gimnasio \u201c19 de Febrero\u201d\" \/>\n<meta property=\"og:url\" content=\"https:\/\/experienciadevida.com.ar\/portalurbano\/etapa-final-de-obra-para-la-reforma-del-cef-44\/\" \/>\n<meta property=\"article:publisher\" content=\"https:\/\/www.facebook.com\/Portal-Urbano-171542830093757\/\" \/>\n<meta property=\"article:published_time\" content=\"2022-04-29T19:29:38+00:00\" \/>\n<meta property=\"article:modified_time\" content=\"2022-04-29T19:33:40+00:00\" \/>\n<meta property=\"og:image\" content=\"https:\/\/experienciadevida.com.ar\/portalurbano\/wp-content\/uploads\/2022\/04\/Etapa-final-de-obra.jpg\" \/>\n\t<meta property=\"og:image:width\" content=\"960\" \/>\n\t<meta property=\"og:image:height\" content=\"641\" \/>\n\t<meta property=\"og:image:type\" content=\"image\/jpeg\" \/>\n<meta name=\"author\" content=\"admpu17wp\" \/>\n<meta name=\"twitter:card\" content=\"summary_large_image\" \/>\n<meta name=\"twitter:creator\" content=\"@portalurbanook\" \/>\n<meta name=\"twitter:site\" content=\"@portalurbanook\" \/>\n<meta name=\"twitter:label1\" content=\"Escrito por\" \/>\n\t<meta name=\"twitter:data1\" content=\"admpu17wp\" \/>\n\t<meta name=\"twitter:label2\" content=\"Tiempo de lectura\" \/>\n\t<meta name=\"twitter:data2\" content=\"2 minutos\" \/>\n<script type=\"application\/ld+json\" class=\"yoast-schema-graph\">{\"@context\":\"https:\/\/schema.org\",\"@graph\":[{\"@type\":\"Article\",\"@id\":\"https:\/\/experienciadevida.com.ar\/portalurbano\/etapa-final-de-obra-para-la-reforma-del-cef-44\/#article\",\"isPartOf\":{\"@id\":\"https:\/\/experienciadevida.com.ar\/portalurbano\/etapa-final-de-obra-para-la-reforma-del-cef-44\/\"},\"author\":{\"name\":\"admpu17wp\",\"@id\":\"https:\/\/experienciadevida.com.ar\/portalurbano\/#\/schema\/person\/02dd326b1c4b056e9cc972486934a3a7\"},\"headline\":\"Etapa final de obra para la reforma del CEF 44\",\"datePublished\":\"2022-04-29T19:29:38+00:00\",\"dateModified\":\"2022-04-29T19:33:40+00:00\",\"mainEntityOfPage\":{\"@id\":\"https:\/\/experienciadevida.com.ar\/portalurbano\/etapa-final-de-obra-para-la-reforma-del-cef-44\/\"},\"wordCount\":247,\"publisher\":{\"@id\":\"https:\/\/experienciadevida.com.ar\/portalurbano\/#organization\"},\"articleSection\":[\"Ciudad\",\"Destacadas\"],\"inLanguage\":\"es\"},{\"@type\":\"WebPage\",\"@id\":\"https:\/\/experienciadevida.com.ar\/portalurbano\/etapa-final-de-obra-para-la-reforma-del-cef-44\/\",\"url\":\"https:\/\/experienciadevida.com.ar\/portalurbano\/etapa-final-de-obra-para-la-reforma-del-cef-44\/\",\"name\":\"Etapa final de obra para la reforma del CEF 44\",\"isPartOf\":{\"@id\":\"https:\/\/experienciadevida.com.ar\/portalurbano\/#website\"},\"datePublished\":\"2022-04-29T19:29:38+00:00\",\"dateModified\":\"2022-04-29T19:33:40+00:00\",\"description\":\"Etapa final de obra para la reforma del CEF 44, visit\u00f3 las instalaciones del CEF N\u00ba 44, que funciona en el gimnasio \u201c19 de Febrero\u201d\",\"breadcrumb\":{\"@id\":\"https:\/\/experienciadevida.com.ar\/portalurbano\/etapa-final-de-obra-para-la-reforma-del-cef-44\/#breadcrumb\"},\"inLanguage\":\"es\",\"potentialAction\":[{\"@type\":\"ReadAction\",\"target\":[\"https:\/\/experienciadevida.com.ar\/portalurbano\/etapa-final-de-obra-para-la-reforma-del-cef-44\/\"]}]},{\"@type\":\"BreadcrumbList\",\"@id\":\"https:\/\/experienciadevida.com.ar\/portalurbano\/etapa-final-de-obra-para-la-reforma-del-cef-44\/#breadcrumb\",\"itemListElement\":[{\"@type\":\"ListItem\",\"position\":1,\"name\":\"Portada\",\"item\":\"https:\/\/experienciadevida.com.ar\/portalurbano\/\"},{\"@type\":\"ListItem\",\"position\":2,\"name\":\"Etapa final de obra para la reforma del CEF 44\"}]},{\"@type\":\"WebSite\",\"@id\":\"https:\/\/experienciadevida.com.ar\/portalurbano\/#website\",\"url\":\"https:\/\/experienciadevida.com.ar\/portalurbano\/\",\"name\":\"\",\"description\":\"\",\"publisher\":{\"@id\":\"https:\/\/experienciadevida.com.ar\/portalurbano\/#organization\"},\"potentialAction\":[{\"@type\":\"SearchAction\",\"target\":{\"@type\":\"EntryPoint\",\"urlTemplate\":\"https:\/\/experienciadevida.com.ar\/portalurbano\/?s={search_term_string}\"},\"query-input\":\"required name=search_term_string\"}],\"inLanguage\":\"es\"},{\"@type\":\"Organization\",\"@id\":\"https:\/\/experienciadevida.com.ar\/portalurbano\/#organization\",\"name\":\"Portal Urbano\",\"url\":\"https:\/\/experienciadevida.com.ar\/portalurbano\/\",\"logo\":{\"@type\":\"ImageObject\",\"inLanguage\":\"es\",\"@id\":\"https:\/\/experienciadevida.com.ar\/portalurbano\/#\/schema\/logo\/image\/\",\"url\":\"https:\/\/experienciadevida.com.ar\/portalurbano\/wp-content\/uploads\/2019\/09\/Logo-Original.png\",\"contentUrl\":\"https:\/\/experienciadevida.com.ar\/portalurbano\/wp-content\/uploads\/2019\/09\/Logo-Original.png\",\"width\":2236,\"height\":1216,\"caption\":\"Portal Urbano\"},\"image\":{\"@id\":\"https:\/\/experienciadevida.com.ar\/portalurbano\/#\/schema\/logo\/image\/\"},\"sameAs\":[\"https:\/\/www.facebook.com\/Portal-Urbano-171542830093757\/\",\"https:\/\/twitter.com\/portalurbanook\",\"https:\/\/www.instagram.com\/_portalurbano\/\",\"https:\/\/www.youtube.com\/channel\/UCXhagIfszH8KxFiOok79zbA?view_as=subscriber\"]},{\"@type\":\"Person\",\"@id\":\"https:\/\/experienciadevida.com.ar\/portalurbano\/#\/schema\/person\/02dd326b1c4b056e9cc972486934a3a7\",\"name\":\"admpu17wp\",\"image\":{\"@type\":\"ImageObject\",\"inLanguage\":\"es\",\"@id\":\"https:\/\/experienciadevida.com.ar\/portalurbano\/#\/schema\/person\/image\/\",\"url\":\"https:\/\/secure.gravatar.com\/avatar\/830d4c57adaae6630765e449a6908047?s=96&d=mm&r=g\",\"contentUrl\":\"https:\/\/secure.gravatar.com\/avatar\/830d4c57adaae6630765e449a6908047?s=96&d=mm&r=g\",\"caption\":\"admpu17wp\"}}]}<\/script>\n<!-- \/ Yoast SEO plugin. -->","yoast_head_json":{"title":"Etapa final de obra para la reforma del CEF 44","description":"Etapa final de obra para la reforma del CEF 44, visit\u00f3 las instalaciones del CEF N\u00ba 44, que funciona en el gimnasio \u201c19 de Febrero\u201d","robots":{"index":"index","follow":"follow","max-snippet":"max-snippet:-1","max-image-preview":"max-image-preview:large","max-video-preview":"max-video-preview:-1"},"canonical":"https:\/\/experienciadevida.com.ar\/portalurbano\/etapa-final-de-obra-para-la-reforma-del-cef-44\/","og_locale":"es_ES","og_type":"article","og_title":"Etapa final de obra para la reforma del CEF 44","og_description":"Etapa final de obra para la reforma del CEF 44, visit\u00f3 las instalaciones del CEF N\u00ba 44, que funciona en el gimnasio \u201c19 de Febrero\u201d","og_url":"https:\/\/experienciadevida.com.ar\/portalurbano\/etapa-final-de-obra-para-la-reforma-del-cef-44\/","article_publisher":"https:\/\/www.facebook.com\/Portal-Urbano-171542830093757\/","article_published_time":"2022-04-29T19:29:38+00:00","article_modified_time":"2022-04-29T19:33:40+00:00","og_image":[{"width":960,"height":641,"url":"https:\/\/experienciadevida.com.ar\/portalurbano\/wp-content\/uploads\/2022\/04\/Etapa-final-de-obra.jpg","type":"image\/jpeg"}],"author":"admpu17wp","twitter_card":"summary_large_image","twitter_creator":"@portalurbanook","twitter_site":"@portalurbanook","twitter_misc":{"Escrito por":"admpu17wp","Tiempo de lectura":"2 minutos"},"schema":{"@context":"https:\/\/schema.org","@graph":[{"@type":"Article","@id":"https:\/\/experienciadevida.com.ar\/portalurbano\/etapa-final-de-obra-para-la-reforma-del-cef-44\/#article","isPartOf":{"@id":"https:\/\/experienciadevida.com.ar\/portalurbano\/etapa-final-de-obra-para-la-reforma-del-cef-44\/"},"author":{"name":"admpu17wp","@id":"https:\/\/experienciadevida.com.ar\/portalurbano\/#\/schema\/person\/02dd326b1c4b056e9cc972486934a3a7"},"headline":"Etapa final de obra para la reforma del CEF 44","datePublished":"2022-04-29T19:29:38+00:00","dateModified":"2022-04-29T19:33:40+00:00","mainEntityOfPage":{"@id":"https:\/\/experienciadevida.com.ar\/portalurbano\/etapa-final-de-obra-para-la-reforma-del-cef-44\/"},"wordCount":247,"publisher":{"@id":"https:\/\/experienciadevida.com.ar\/portalurbano\/#organization"},"articleSection":["Ciudad","Destacadas"],"inLanguage":"es"},{"@type":"WebPage","@id":"https:\/\/experienciadevida.com.ar\/portalurbano\/etapa-final-de-obra-para-la-reforma-del-cef-44\/","url":"https:\/\/experienciadevida.com.ar\/portalurbano\/etapa-final-de-obra-para-la-reforma-del-cef-44\/","name":"Etapa final de obra para la reforma del CEF 44","isPartOf":{"@id":"https:\/\/experienciadevida.com.ar\/portalurbano\/#website"},"datePublished":"2022-04-29T19:29:38+00:00","dateModified":"2022-04-29T19:33:40+00:00","description":"Etapa final de obra para la reforma del CEF 44, visit\u00f3 las instalaciones del CEF N\u00ba 44, que funciona en el gimnasio \u201c19 de Febrero\u201d","breadcrumb":{"@id":"https:\/\/experienciadevida.com.ar\/portalurbano\/etapa-final-de-obra-para-la-reforma-del-cef-44\/#breadcrumb"},"inLanguage":"es","potentialAction":[{"@type":"ReadAction","target":["https:\/\/experienciadevida.com.ar\/portalurbano\/etapa-final-de-obra-para-la-reforma-del-cef-44\/"]}]},{"@type":"BreadcrumbList","@id":"https:\/\/experienciadevida.com.ar\/portalurbano\/etapa-final-de-obra-para-la-reforma-del-cef-44\/#breadcrumb","itemListElement":[{"@type":"ListItem","position":1,"name":"Portada","item":"https:\/\/experienciadevida.com.ar\/portalurbano\/"},{"@type":"ListItem","position":2,"name":"Etapa final de obra para la reforma del CEF 44"}]},{"@type":"WebSite","@id":"https:\/\/experienciadevida.com.ar\/portalurbano\/#website","url":"https:\/\/experienciadevida.com.ar\/portalurbano\/","name":"","description":"","publisher":{"@id":"https:\/\/experienciadevida.com.ar\/portalurbano\/#organization"},"potentialAction":[{"@type":"SearchAction","target":{"@type":"EntryPoint","urlTemplate":"https:\/\/experienciadevida.com.ar\/portalurbano\/?s={search_term_string}"},"query-input":"required name=search_term_string"}],"inLanguage":"es"},{"@type":"Organization","@id":"https:\/\/experienciadevida.com.ar\/portalurbano\/#organization","name":"Portal Urbano","url":"https:\/\/experienciadevida.com.ar\/portalurbano\/","logo":{"@type":"ImageObject","inLanguage":"es","@id":"https:\/\/experienciadevida.com.ar\/portalurbano\/#\/schema\/logo\/image\/","url":"https:\/\/experienciadevida.com.ar\/portalurbano\/wp-content\/uploads\/2019\/09\/Logo-Original.png","contentUrl":"https:\/\/experienciadevida.com.ar\/portalurbano\/wp-content\/uploads\/2019\/09\/Logo-Original.png","width":2236,"height":1216,"caption":"Portal Urbano"},"image":{"@id":"https:\/\/experienciadevida.com.ar\/portalurbano\/#\/schema\/logo\/image\/"},"sameAs":["https:\/\/www.facebook.com\/Portal-Urbano-171542830093757\/","https:\/\/twitter.com\/portalurbanook","https:\/\/www.instagram.com\/_portalurbano\/","https:\/\/www.youtube.com\/channel\/UCXhagIfszH8KxFiOok79zbA?view_as=subscriber"]},{"@type":"Person","@id":"https:\/\/experienciadevida.com.ar\/portalurbano\/#\/schema\/person\/02dd326b1c4b056e9cc972486934a3a7","name":"admpu17wp","image":{"@type":"ImageObject","inLanguage":"es","@id":"https:\/\/experienciadevida.com.ar\/portalurbano\/#\/schema\/person\/image\/","url":"https:\/\/secure.gravatar.com\/avatar\/830d4c57adaae6630765e449a6908047?s=96&d=mm&r=g","contentUrl":"https:\/\/secure.gravatar.com\/avatar\/830d4c57adaae6630765e449a6908047?s=96&d=mm&r=g","caption":"admpu17wp"}}]}},"featured_image_urls":{"full":["https:\/\/experienciadevida.com.ar\/portalurbano\/wp-content\/uploads\/2022\/04\/Etapa-final-de-obra.jpg",960,641,false],"thumbnail":["https:\/\/experienciadevida.com.ar\/portalurbano\/wp-content\/uploads\/2022\/04\/Etapa-final-de-obra-150x150.jpg",150,150,true],"medium":["https:\/\/experienciadevida.com.ar\/portalurbano\/wp-content\/uploads\/2022\/04\/Etapa-final-de-obra-300x200.jpg",300,200,true],"medium_large":["https:\/\/experienciadevida.com.ar\/portalurbano\/wp-content\/uploads\/2022\/04\/Etapa-final-de-obra-768x513.jpg",640,428,true],"large":["https:\/\/experienciadevida.com.ar\/portalurbano\/wp-content\/uploads\/2022\/04\/Etapa-final-de-obra.jpg",640,427,false],"ug_big":["https:\/\/experienciadevida.com.ar\/portalurbano\/wp-content\/uploads\/2022\/04\/Etapa-final-de-obra-768x513.jpg",768,513,true],"1536x1536":["https:\/\/experienciadevida.com.ar\/portalurbano\/wp-content\/uploads\/2022\/04\/Etapa-final-de-obra.jpg",960,641,false],"2048x2048":["https:\/\/experienciadevida.com.ar\/portalurbano\/wp-content\/uploads\/2022\/04\/Etapa-final-de-obra.jpg",960,641,false],"newsever-slider-full":["https:\/\/experienciadevida.com.ar\/portalurbano\/wp-content\/uploads\/2022\/04\/Etapa-final-de-obra.jpg",960,641,false],"newsever-featured":["https:\/\/experienciadevida.com.ar\/portalurbano\/wp-content\/uploads\/2022\/04\/Etapa-final-de-obra.jpg",960,641,false],"newsever-medium":["https:\/\/experienciadevida.com.ar\/portalurbano\/wp-content\/uploads\/2022\/04\/Etapa-final-de-obra.jpg",711,475,false],"web-stories-poster-portrait":["https:\/\/experienciadevida.com.ar\/portalurbano\/wp-content\/uploads\/2022\/04\/Etapa-final-de-obra.jpg",640,427,false],"web-stories-publisher-logo":["https:\/\/experienciadevida.com.ar\/portalurbano\/wp-content\/uploads\/2022\/04\/Etapa-final-de-obra.jpg",96,64,false],"web-stories-thumbnail":["https:\/\/experienciadevida.com.ar\/portalurbano\/wp-content\/uploads\/2022\/04\/Etapa-final-de-obra.jpg",150,100,false]},"author_info":{"display_name":"admpu17wp","author_link":"https:\/\/experienciadevida.com.ar\/portalurbano\/author\/admpu17wp\/"},"category_info":"<a href=\"https:\/\/experienciadevida.com.ar\/portalurbano\/category\/ciudad\/\" rel=\"category tag\">Ciudad<\/a> <a href=\"https:\/\/experienciadevida.com.ar\/portalurbano\/category\/destacadas\/\" rel=\"category tag\">Destacadas<\/a>","tag_info":"Destacadas","comment_count":"0","amp_enabled":true,"_links":{"self":[{"href":"https:\/\/experienciadevida.com.ar\/portalurbano\/wp-json\/wp\/v2\/posts\/166713"}],"collection":[{"href":"https:\/\/experienciadevida.com.ar\/portalurbano\/wp-json\/wp\/v2\/posts"}],"about":[{"href":"https:\/\/experienciadevida.com.ar\/portalurbano\/wp-json\/wp\/v2\/types\/post"}],"author":[{"embeddable":true,"href":"https:\/\/experienciadevida.com.ar\/portalurbano\/wp-json\/wp\/v2\/users\/1"}],"replies":[{"embeddable":true,"href":"https:\/\/experienciadevida.com.ar\/portalurbano\/wp-json\/wp\/v2\/comments?post=166713"}],"version-history":[{"count":3,"href":"https:\/\/experienciadevida.com.ar\/portalurbano\/wp-json\/wp\/v2\/posts\/166713\/revisions"}],"predecessor-version":[{"id":166719,"href":"https:\/\/experienciadevida.com.ar\/portalurbano\/wp-json\/wp\/v2\/posts\/166713\/revisions\/166719"}],"wp:featuredmedia":[{"embeddable":true,"href":"https:\/\/experienciadevida.com.ar\/portalurbano\/wp-json\/wp\/v2\/media\/166714"}],"wp:attachment":[{"href":"https:\/\/experienciadevida.com.ar\/portalurbano\/wp-json\/wp\/v2\/media?parent=166713"}],"wp:term":[{"taxonomy":"category","embeddable":true,"href":"https:\/\/experienciadevida.com.ar\/portalurbano\/wp-json\/wp\/v2\/categories?post=166713"},{"taxonomy":"post_tag","embeddable":true,"href":"https:\/\/experienciadevida.com.ar\/portalurbano\/wp-json\/wp\/v2\/tags?post=166713"}],"curies":[{"name":"wp","href":"https:\/\/api.w.org\/{rel}","templated":true}]}}