{"id":166706,"date":"2022-04-29T14:06:29","date_gmt":"2022-04-29T17:06:29","guid":{"rendered":"https:\/\/experienciadevida.com.ar\/portalurbano\/?p=166706"},"modified":"2022-04-29T16:16:50","modified_gmt":"2022-04-29T19:16:50","slug":"se-cumplen-25-anos-de-la-concesion-del-servicio-de-agua-y-cloacas","status":"publish","type":"post","link":"https:\/\/experienciadevida.com.ar\/portalurbano\/se-cumplen-25-anos-de-la-concesion-del-servicio-de-agua-y-cloacas\/","title":{"rendered":"Se cumplen 25 a\u00f1os de la concesi\u00f3n del servicio de agua y cloacas"},"content":{"rendered":"<p>Se cumplen 25 a\u00f1os de la concesi\u00f3n del servicio de agua y cloacas, este viernes 29 de abril se llev\u00f3 a cabo un acto en la Planta Depuradora por los 25 a\u00f1os de la concesi\u00f3n del servicio de agua y cloacas a cargo de Coopelectric.<\/p>\n<p>Participaron del acto autoridades de Coopelectric, el Consejero Municipal Ferm\u00edn Ferreira, el Director del \u00c1rea de Contralor de Servicios Emanuel Laportilla y los concejales Mart\u00edn Endere, Miriam Mosescu, Bel\u00e9n Vergel y Francisco Gonz\u00e1lez.<\/p>\n<p>Durante el evento, el presidente del Consejo de Administraci\u00f3n de Coopelectric Cruz Arouxet agradeci\u00f3 a todos por la presencia y destac\u00f3 el rol de la Cooperativa en el tratamiento del servicio del agua cloacas en Olavarr\u00eda.<\/p>\n<p>Seguidamente, el jefe de la Planta Depuradora Ra\u00fal Ferreira detall\u00f3 el trabajo que all\u00ed se hace diariamente y dijo: \u00abnos afecta cuando se cuentan cosas en los medios y las redes sociales que no son ciertas\u00bb.<\/p>\n<p>\u00abTodos pueden ver el trabajo que se hace en la Planta y nos duele a todos los que somos trabajadores que se digan cosas que no son. Ac\u00e1 hay m\u00e1quinas que funcionan las 24 horas para ofrecer un servicio como se merecen los vecinos de Olavarr\u00eda\u00bb, finaliz\u00f3 Ferreira.<\/p>\n<p>&nbsp;<\/p>\n","protected":false},"excerpt":{"rendered":"<p>Se cumplen 25 a\u00f1os de la concesi\u00f3n del servicio de agua y cloacas, este viernes&#8230;<\/p>\n","protected":false},"author":1,"featured_media":166707,"comment_status":"closed","ping_status":"closed","sticky":false,"template":"","format":"standard","meta":{"content-type":""},"categories":[27,51],"tags":[],"nelio_content":{"isAutoShareEnabled":false,"autoShareEndMode":"default","automationSources":{"useContentSentences":true,"useSocialTemplates":true,"useCustomSentences":false,"customSentences":[]},"followers":[1],"suggestedReferences":[],"includedReferences":[],"efiUrl":"","efiAlt":"","highlights":[]},"yoast_head":"<!-- This site is optimized with the Yoast SEO plugin v20.7 - https:\/\/yoast.com\/wordpress\/plugins\/seo\/ -->\n<title>Se cumplen 25 a\u00f1os de la concesi\u00f3n del servicio de agua y cloacas<\/title>\n<meta name=\"description\" content=\"Se cumplen 25 a\u00f1os de la concesi\u00f3n del servicio de agua y cloacas, este viernes 29 de abril se llev\u00f3 a cabo un acto en la Planta\" \/>\n<meta name=\"robots\" content=\"index, follow, max-snippet:-1, max-image-preview:large, max-video-preview:-1\" \/>\n<link rel=\"canonical\" href=\"https:\/\/experienciadevida.com.ar\/portalurbano\/se-cumplen-25-anos-de-la-concesion-del-servicio-de-agua-y-cloacas\/\" \/>\n<meta property=\"og:locale\" content=\"es_ES\" \/>\n<meta property=\"og:type\" content=\"article\" \/>\n<meta property=\"og:title\" content=\"Se cumplen 25 a\u00f1os de la concesi\u00f3n del servicio de agua y cloacas\" \/>\n<meta property=\"og:description\" content=\"Se cumplen 25 a\u00f1os de la concesi\u00f3n del servicio de agua y cloacas, este viernes 29 de abril se llev\u00f3 a cabo un acto en la Planta\" \/>\n<meta property=\"og:url\" content=\"https:\/\/experienciadevida.com.ar\/portalurbano\/se-cumplen-25-anos-de-la-concesion-del-servicio-de-agua-y-cloacas\/\" \/>\n<meta property=\"article:publisher\" content=\"https:\/\/www.facebook.com\/Portal-Urbano-171542830093757\/\" \/>\n<meta property=\"article:published_time\" content=\"2022-04-29T17:06:29+00:00\" \/>\n<meta property=\"article:modified_time\" content=\"2022-04-29T19:16:50+00:00\" \/>\n<meta property=\"og:image\" content=\"https:\/\/experienciadevida.com.ar\/portalurbano\/wp-content\/uploads\/2022\/04\/Se-cumplen-25-anos.jpg\" \/>\n\t<meta property=\"og:image:width\" content=\"2560\" \/>\n\t<meta property=\"og:image:height\" content=\"1711\" \/>\n\t<meta property=\"og:image:type\" content=\"image\/jpeg\" \/>\n<meta name=\"author\" content=\"admpu17wp\" \/>\n<meta name=\"twitter:card\" content=\"summary_large_image\" \/>\n<meta name=\"twitter:creator\" content=\"@portalurbanook\" \/>\n<meta name=\"twitter:site\" content=\"@portalurbanook\" \/>\n<meta name=\"twitter:label1\" content=\"Escrito por\" \/>\n\t<meta name=\"twitter:data1\" content=\"admpu17wp\" \/>\n\t<meta name=\"twitter:label2\" content=\"Tiempo de lectura\" \/>\n\t<meta name=\"twitter:data2\" content=\"1 minuto\" \/>\n<script type=\"application\/ld+json\" class=\"yoast-schema-graph\">{\"@context\":\"https:\/\/schema.org\",\"@graph\":[{\"@type\":\"Article\",\"@id\":\"https:\/\/experienciadevida.com.ar\/portalurbano\/se-cumplen-25-anos-de-la-concesion-del-servicio-de-agua-y-cloacas\/#article\",\"isPartOf\":{\"@id\":\"https:\/\/experienciadevida.com.ar\/portalurbano\/se-cumplen-25-anos-de-la-concesion-del-servicio-de-agua-y-cloacas\/\"},\"author\":{\"name\":\"admpu17wp\",\"@id\":\"https:\/\/experienciadevida.com.ar\/portalurbano\/#\/schema\/person\/02dd326b1c4b056e9cc972486934a3a7\"},\"headline\":\"Se cumplen 25 a\u00f1os de la concesi\u00f3n del servicio de agua y cloacas\",\"datePublished\":\"2022-04-29T17:06:29+00:00\",\"dateModified\":\"2022-04-29T19:16:50+00:00\",\"mainEntityOfPage\":{\"@id\":\"https:\/\/experienciadevida.com.ar\/portalurbano\/se-cumplen-25-anos-de-la-concesion-del-servicio-de-agua-y-cloacas\/\"},\"wordCount\":222,\"publisher\":{\"@id\":\"https:\/\/experienciadevida.com.ar\/portalurbano\/#organization\"},\"articleSection\":[\"Ciudad\",\"Destacadas\"],\"inLanguage\":\"es\"},{\"@type\":\"WebPage\",\"@id\":\"https:\/\/experienciadevida.com.ar\/portalurbano\/se-cumplen-25-anos-de-la-concesion-del-servicio-de-agua-y-cloacas\/\",\"url\":\"https:\/\/experienciadevida.com.ar\/portalurbano\/se-cumplen-25-anos-de-la-concesion-del-servicio-de-agua-y-cloacas\/\",\"name\":\"Se cumplen 25 a\u00f1os de la concesi\u00f3n del servicio de agua y cloacas\",\"isPartOf\":{\"@id\":\"https:\/\/experienciadevida.com.ar\/portalurbano\/#website\"},\"datePublished\":\"2022-04-29T17:06:29+00:00\",\"dateModified\":\"2022-04-29T19:16:50+00:00\",\"description\":\"Se cumplen 25 a\u00f1os de la concesi\u00f3n del servicio de agua y cloacas, este viernes 29 de abril se llev\u00f3 a cabo un acto en la Planta\",\"breadcrumb\":{\"@id\":\"https:\/\/experienciadevida.com.ar\/portalurbano\/se-cumplen-25-anos-de-la-concesion-del-servicio-de-agua-y-cloacas\/#breadcrumb\"},\"inLanguage\":\"es\",\"potentialAction\":[{\"@type\":\"ReadAction\",\"target\":[\"https:\/\/experienciadevida.com.ar\/portalurbano\/se-cumplen-25-anos-de-la-concesion-del-servicio-de-agua-y-cloacas\/\"]}]},{\"@type\":\"BreadcrumbList\",\"@id\":\"https:\/\/experienciadevida.com.ar\/portalurbano\/se-cumplen-25-anos-de-la-concesion-del-servicio-de-agua-y-cloacas\/#breadcrumb\",\"itemListElement\":[{\"@type\":\"ListItem\",\"position\":1,\"name\":\"Portada\",\"item\":\"https:\/\/experienciadevida.com.ar\/portalurbano\/\"},{\"@type\":\"ListItem\",\"position\":2,\"name\":\"Se cumplen 25 a\u00f1os de la concesi\u00f3n del servicio de agua y cloacas\"}]},{\"@type\":\"WebSite\",\"@id\":\"https:\/\/experienciadevida.com.ar\/portalurbano\/#website\",\"url\":\"https:\/\/experienciadevida.com.ar\/portalurbano\/\",\"name\":\"\",\"description\":\"\",\"publisher\":{\"@id\":\"https:\/\/experienciadevida.com.ar\/portalurbano\/#organization\"},\"potentialAction\":[{\"@type\":\"SearchAction\",\"target\":{\"@type\":\"EntryPoint\",\"urlTemplate\":\"https:\/\/experienciadevida.com.ar\/portalurbano\/?s={search_term_string}\"},\"query-input\":\"required name=search_term_string\"}],\"inLanguage\":\"es\"},{\"@type\":\"Organization\",\"@id\":\"https:\/\/experienciadevida.com.ar\/portalurbano\/#organization\",\"name\":\"Portal Urbano\",\"url\":\"https:\/\/experienciadevida.com.ar\/portalurbano\/\",\"logo\":{\"@type\":\"ImageObject\",\"inLanguage\":\"es\",\"@id\":\"https:\/\/experienciadevida.com.ar\/portalurbano\/#\/schema\/logo\/image\/\",\"url\":\"https:\/\/experienciadevida.com.ar\/portalurbano\/wp-content\/uploads\/2019\/09\/Logo-Original.png\",\"contentUrl\":\"https:\/\/experienciadevida.com.ar\/portalurbano\/wp-content\/uploads\/2019\/09\/Logo-Original.png\",\"width\":2236,\"height\":1216,\"caption\":\"Portal Urbano\"},\"image\":{\"@id\":\"https:\/\/experienciadevida.com.ar\/portalurbano\/#\/schema\/logo\/image\/\"},\"sameAs\":[\"https:\/\/www.facebook.com\/Portal-Urbano-171542830093757\/\",\"https:\/\/twitter.com\/portalurbanook\",\"https:\/\/www.instagram.com\/_portalurbano\/\",\"https:\/\/www.youtube.com\/channel\/UCXhagIfszH8KxFiOok79zbA?view_as=subscriber\"]},{\"@type\":\"Person\",\"@id\":\"https:\/\/experienciadevida.com.ar\/portalurbano\/#\/schema\/person\/02dd326b1c4b056e9cc972486934a3a7\",\"name\":\"admpu17wp\",\"image\":{\"@type\":\"ImageObject\",\"inLanguage\":\"es\",\"@id\":\"https:\/\/experienciadevida.com.ar\/portalurbano\/#\/schema\/person\/image\/\",\"url\":\"https:\/\/secure.gravatar.com\/avatar\/830d4c57adaae6630765e449a6908047?s=96&d=mm&r=g\",\"contentUrl\":\"https:\/\/secure.gravatar.com\/avatar\/830d4c57adaae6630765e449a6908047?s=96&d=mm&r=g\",\"caption\":\"admpu17wp\"}}]}<\/script>\n<!-- \/ Yoast SEO plugin. -->","yoast_head_json":{"title":"Se cumplen 25 a\u00f1os de la concesi\u00f3n del servicio de agua y cloacas","description":"Se cumplen 25 a\u00f1os de la concesi\u00f3n del servicio de agua y cloacas, este viernes 29 de abril se llev\u00f3 a cabo un acto en la Planta","robots":{"index":"index","follow":"follow","max-snippet":"max-snippet:-1","max-image-preview":"max-image-preview:large","max-video-preview":"max-video-preview:-1"},"canonical":"https:\/\/experienciadevida.com.ar\/portalurbano\/se-cumplen-25-anos-de-la-concesion-del-servicio-de-agua-y-cloacas\/","og_locale":"es_ES","og_type":"article","og_title":"Se cumplen 25 a\u00f1os de la concesi\u00f3n del servicio de agua y cloacas","og_description":"Se cumplen 25 a\u00f1os de la concesi\u00f3n del servicio de agua y cloacas, este viernes 29 de abril se llev\u00f3 a cabo un acto en la Planta","og_url":"https:\/\/experienciadevida.com.ar\/portalurbano\/se-cumplen-25-anos-de-la-concesion-del-servicio-de-agua-y-cloacas\/","article_publisher":"https:\/\/www.facebook.com\/Portal-Urbano-171542830093757\/","article_published_time":"2022-04-29T17:06:29+00:00","article_modified_time":"2022-04-29T19:16:50+00:00","og_image":[{"width":2560,"height":1711,"url":"https:\/\/experienciadevida.com.ar\/portalurbano\/wp-content\/uploads\/2022\/04\/Se-cumplen-25-anos.jpg","type":"image\/jpeg"}],"author":"admpu17wp","twitter_card":"summary_large_image","twitter_creator":"@portalurbanook","twitter_site":"@portalurbanook","twitter_misc":{"Escrito por":"admpu17wp","Tiempo de lectura":"1 minuto"},"schema":{"@context":"https:\/\/schema.org","@graph":[{"@type":"Article","@id":"https:\/\/experienciadevida.com.ar\/portalurbano\/se-cumplen-25-anos-de-la-concesion-del-servicio-de-agua-y-cloacas\/#article","isPartOf":{"@id":"https:\/\/experienciadevida.com.ar\/portalurbano\/se-cumplen-25-anos-de-la-concesion-del-servicio-de-agua-y-cloacas\/"},"author":{"name":"admpu17wp","@id":"https:\/\/experienciadevida.com.ar\/portalurbano\/#\/schema\/person\/02dd326b1c4b056e9cc972486934a3a7"},"headline":"Se cumplen 25 a\u00f1os de la concesi\u00f3n del servicio de agua y cloacas","datePublished":"2022-04-29T17:06:29+00:00","dateModified":"2022-04-29T19:16:50+00:00","mainEntityOfPage":{"@id":"https:\/\/experienciadevida.com.ar\/portalurbano\/se-cumplen-25-anos-de-la-concesion-del-servicio-de-agua-y-cloacas\/"},"wordCount":222,"publisher":{"@id":"https:\/\/experienciadevida.com.ar\/portalurbano\/#organization"},"articleSection":["Ciudad","Destacadas"],"inLanguage":"es"},{"@type":"WebPage","@id":"https:\/\/experienciadevida.com.ar\/portalurbano\/se-cumplen-25-anos-de-la-concesion-del-servicio-de-agua-y-cloacas\/","url":"https:\/\/experienciadevida.com.ar\/portalurbano\/se-cumplen-25-anos-de-la-concesion-del-servicio-de-agua-y-cloacas\/","name":"Se cumplen 25 a\u00f1os de la concesi\u00f3n del servicio de agua y cloacas","isPartOf":{"@id":"https:\/\/experienciadevida.com.ar\/portalurbano\/#website"},"datePublished":"2022-04-29T17:06:29+00:00","dateModified":"2022-04-29T19:16:50+00:00","description":"Se cumplen 25 a\u00f1os de la concesi\u00f3n del servicio de agua y cloacas, este viernes 29 de abril se llev\u00f3 a cabo un acto en la Planta","breadcrumb":{"@id":"https:\/\/experienciadevida.com.ar\/portalurbano\/se-cumplen-25-anos-de-la-concesion-del-servicio-de-agua-y-cloacas\/#breadcrumb"},"inLanguage":"es","potentialAction":[{"@type":"ReadAction","target":["https:\/\/experienciadevida.com.ar\/portalurbano\/se-cumplen-25-anos-de-la-concesion-del-servicio-de-agua-y-cloacas\/"]}]},{"@type":"BreadcrumbList","@id":"https:\/\/experienciadevida.com.ar\/portalurbano\/se-cumplen-25-anos-de-la-concesion-del-servicio-de-agua-y-cloacas\/#breadcrumb","itemListElement":[{"@type":"ListItem","position":1,"name":"Portada","item":"https:\/\/experienciadevida.com.ar\/portalurbano\/"},{"@type":"ListItem","position":2,"name":"Se cumplen 25 a\u00f1os de la concesi\u00f3n del servicio de agua y cloacas"}]},{"@type":"WebSite","@id":"https:\/\/experienciadevida.com.ar\/portalurbano\/#website","url":"https:\/\/experienciadevida.com.ar\/portalurbano\/","name":"","description":"","publisher":{"@id":"https:\/\/experienciadevida.com.ar\/portalurbano\/#organization"},"potentialAction":[{"@type":"SearchAction","target":{"@type":"EntryPoint","urlTemplate":"https:\/\/experienciadevida.com.ar\/portalurbano\/?s={search_term_string}"},"query-input":"required name=search_term_string"}],"inLanguage":"es"},{"@type":"Organization","@id":"https:\/\/experienciadevida.com.ar\/portalurbano\/#organization","name":"Portal Urbano","url":"https:\/\/experienciadevida.com.ar\/portalurbano\/","logo":{"@type":"ImageObject","inLanguage":"es","@id":"https:\/\/experienciadevida.com.ar\/portalurbano\/#\/schema\/logo\/image\/","url":"https:\/\/experienciadevida.com.ar\/portalurbano\/wp-content\/uploads\/2019\/09\/Logo-Original.png","contentUrl":"https:\/\/experienciadevida.com.ar\/portalurbano\/wp-content\/uploads\/2019\/09\/Logo-Original.png","width":2236,"height":1216,"caption":"Portal Urbano"},"image":{"@id":"https:\/\/experienciadevida.com.ar\/portalurbano\/#\/schema\/logo\/image\/"},"sameAs":["https:\/\/www.facebook.com\/Portal-Urbano-171542830093757\/","https:\/\/twitter.com\/portalurbanook","https:\/\/www.instagram.com\/_portalurbano\/","https:\/\/www.youtube.com\/channel\/UCXhagIfszH8KxFiOok79zbA?view_as=subscriber"]},{"@type":"Person","@id":"https:\/\/experienciadevida.com.ar\/portalurbano\/#\/schema\/person\/02dd326b1c4b056e9cc972486934a3a7","name":"admpu17wp","image":{"@type":"ImageObject","inLanguage":"es","@id":"https:\/\/experienciadevida.com.ar\/portalurbano\/#\/schema\/person\/image\/","url":"https:\/\/secure.gravatar.com\/avatar\/830d4c57adaae6630765e449a6908047?s=96&d=mm&r=g","contentUrl":"https:\/\/secure.gravatar.com\/avatar\/830d4c57adaae6630765e449a6908047?s=96&d=mm&r=g","caption":"admpu17wp"}}]}},"featured_image_urls":{"full":["https:\/\/experienciadevida.com.ar\/portalurbano\/wp-content\/uploads\/2022\/04\/Se-cumplen-25-anos.jpg",2560,1711,false],"thumbnail":["https:\/\/experienciadevida.com.ar\/portalurbano\/wp-content\/uploads\/2022\/04\/Se-cumplen-25-anos-150x150.jpg",150,150,true],"medium":["https:\/\/experienciadevida.com.ar\/portalurbano\/wp-content\/uploads\/2022\/04\/Se-cumplen-25-anos-300x201.jpg",300,201,true],"medium_large":["https:\/\/experienciadevida.com.ar\/portalurbano\/wp-content\/uploads\/2022\/04\/Se-cumplen-25-anos-768x513.jpg",640,428,true],"large":["https:\/\/experienciadevida.com.ar\/portalurbano\/wp-content\/uploads\/2022\/04\/Se-cumplen-25-anos-1024x684.jpg",640,428,true],"ug_big":["https:\/\/experienciadevida.com.ar\/portalurbano\/wp-content\/uploads\/2022\/04\/Se-cumplen-25-anos-768x513.jpg",768,513,true],"1536x1536":["https:\/\/experienciadevida.com.ar\/portalurbano\/wp-content\/uploads\/2022\/04\/Se-cumplen-25-anos-1536x1027.jpg",1536,1027,true],"2048x2048":["https:\/\/experienciadevida.com.ar\/portalurbano\/wp-content\/uploads\/2022\/04\/Se-cumplen-25-anos-2048x1369.jpg",2048,1369,true],"newsever-slider-full":["https:\/\/experienciadevida.com.ar\/portalurbano\/wp-content\/uploads\/2022\/04\/Se-cumplen-25-anos.jpg",1264,845,false],"newsever-featured":["https:\/\/experienciadevida.com.ar\/portalurbano\/wp-content\/uploads\/2022\/04\/Se-cumplen-25-anos.jpg",1024,684,false],"newsever-medium":["https:\/\/experienciadevida.com.ar\/portalurbano\/wp-content\/uploads\/2022\/04\/Se-cumplen-25-anos.jpg",711,475,false],"web-stories-poster-portrait":["https:\/\/experienciadevida.com.ar\/portalurbano\/wp-content\/uploads\/2022\/04\/Se-cumplen-25-anos.jpg",640,428,false],"web-stories-publisher-logo":["https:\/\/experienciadevida.com.ar\/portalurbano\/wp-content\/uploads\/2022\/04\/Se-cumplen-25-anos.jpg",96,64,false],"web-stories-thumbnail":["https:\/\/experienciadevida.com.ar\/portalurbano\/wp-content\/uploads\/2022\/04\/Se-cumplen-25-anos.jpg",150,100,false]},"author_info":{"display_name":"admpu17wp","author_link":"https:\/\/experienciadevida.com.ar\/portalurbano\/author\/admpu17wp\/"},"category_info":"<a href=\"https:\/\/experienciadevida.com.ar\/portalurbano\/category\/ciudad\/\" rel=\"category tag\">Ciudad<\/a> <a href=\"https:\/\/experienciadevida.com.ar\/portalurbano\/category\/destacadas\/\" rel=\"category tag\">Destacadas<\/a>","tag_info":"Destacadas","comment_count":"0","amp_enabled":true,"_links":{"self":[{"href":"https:\/\/experienciadevida.com.ar\/portalurbano\/wp-json\/wp\/v2\/posts\/166706"}],"collection":[{"href":"https:\/\/experienciadevida.com.ar\/portalurbano\/wp-json\/wp\/v2\/posts"}],"about":[{"href":"https:\/\/experienciadevida.com.ar\/portalurbano\/wp-json\/wp\/v2\/types\/post"}],"author":[{"embeddable":true,"href":"https:\/\/experienciadevida.com.ar\/portalurbano\/wp-json\/wp\/v2\/users\/1"}],"replies":[{"embeddable":true,"href":"https:\/\/experienciadevida.com.ar\/portalurbano\/wp-json\/wp\/v2\/comments?post=166706"}],"version-history":[{"count":1,"href":"https:\/\/experienciadevida.com.ar\/portalurbano\/wp-json\/wp\/v2\/posts\/166706\/revisions"}],"predecessor-version":[{"id":166708,"href":"https:\/\/experienciadevida.com.ar\/portalurbano\/wp-json\/wp\/v2\/posts\/166706\/revisions\/166708"}],"wp:featuredmedia":[{"embeddable":true,"href":"https:\/\/experienciadevida.com.ar\/portalurbano\/wp-json\/wp\/v2\/media\/166707"}],"wp:attachment":[{"href":"https:\/\/experienciadevida.com.ar\/portalurbano\/wp-json\/wp\/v2\/media?parent=166706"}],"wp:term":[{"taxonomy":"category","embeddable":true,"href":"https:\/\/experienciadevida.com.ar\/portalurbano\/wp-json\/wp\/v2\/categories?post=166706"},{"taxonomy":"post_tag","embeddable":true,"href":"https:\/\/experienciadevida.com.ar\/portalurbano\/wp-json\/wp\/v2\/tags?post=166706"}],"curies":[{"name":"wp","href":"https:\/\/api.w.org\/{rel}","templated":true}]}}