{"id":166702,"date":"2022-04-29T13:41:52","date_gmt":"2022-04-29T16:41:52","guid":{"rendered":"https:\/\/experienciadevida.com.ar\/portalurbano\/?p=166702"},"modified":"2022-04-29T13:42:20","modified_gmt":"2022-04-29T16:42:20","slug":"adelante-radicales-olavarria-visito-la-escuela-primaria-n6","status":"publish","type":"post","link":"https:\/\/experienciadevida.com.ar\/portalurbano\/adelante-radicales-olavarria-visito-la-escuela-primaria-n6\/","title":{"rendered":"Adelante radicales Olavarr\u00eda visit\u00f3 la escuela primaria n\u00b06"},"content":{"rendered":"<p>Adelante radicales Olavarr\u00eda visit\u00f3 la escuela primaria n\u00b06, integrantes de la agrupaci\u00f3n Adelante Radicales Olavarr\u00eda, referenciados con Facundo Manes, visitaron la Escuela Primaria N\u00ba6, donde donaron a la instituci\u00f3n \u00fatiles y material educativo para los ni\u00f1os y ni\u00f1as que asisten diariamente. Del encuentro participaron el Dr. Marcelo Leani, Antonela D\u00edaz, Gaspar Verna y \u201cPety\u201d Mapis.<\/p>\n<p>A su vez dialogaron con Lorena, la directora del establecimiento, sobre la realidad de la escuela y diferentes proyectos que se pretenden llevar adelante desde la misma.<\/p>\n<p>Luego de la visita, Antonela D\u00edaz indic\u00f3 que \u201cestas acciones nos generan mucha felicidad porque aportamos un granito de arena para ayudar. Es un momento dif\u00edcil que estamos atravesando como pa\u00eds y apoyar a la comunidad<br \/>\ndocente y las escuelas es fundamental para contener a muchos ni\u00f1os y ni\u00f1as. El radicalismo levant\u00f3 hist\u00f3ricamente las banderas de la educaci\u00f3n y le vamos a seguir haciendo honor a ello\u201d.<\/p>\n<p>Por su parte, el Dr. Leani hizo hincapi\u00e9 en la importancia de la educaci\u00f3n. \u201cCuanto m\u00e1s se eduque la sociedad, m\u00e1s posibilidad tenemos de salir de las sucesivas crisis que nos azotan como pa\u00eds. Colaborar con la Escuela 6 a<br \/>\nnosotros nos genera una gran satisfacci\u00f3n y vamos a seguir apoyando sus iniciativas. Los docentes y nosotros como radicales apuntamos al mismo lugar: la educaci\u00f3n como motor de nuestra ciudad, provincia y naci\u00f3n\u201d.<\/p>\n<p>Adelante radicales Olavarr\u00eda visit\u00f3 la escuela primaria n\u00b06, Gaspar Verna tambi\u00e9n dio su parecer respecto a la visita. \u201cLa educaci\u00f3n p\u00fablica nos homogeneiza como sociedad y nos encamina de igual forma ante la vida. Ayudar para que los chicos y chicas de la Escuela 6 tengan sus propios \u00fatiles y libros al llegar cada ma\u00f1ana es parte de ello. Hay que<br \/>\nfocalizar todos nuestros esfuerzos desde la pol\u00edtica y sobre todo desde el radicalismo, para que todos los ni\u00f1os y ni\u00f1as est\u00e9n dentro de las aulas porque eso, el d\u00eda de ma\u00f1ana, es menos inseguridad, menores problem\u00e1ticas<br \/>\nde salud y una mejora profunda en la econom\u00eda\u201d.<\/p>\n<p>Pety Mapis, l\u00edder barrial del \u201c12 de Octubre\u201d, tambi\u00e9n mostr\u00f3 su alegr\u00eda por la visita a la Escuela 6. \u201cVenir a la instituci\u00f3n donde se educ\u00f3 un hijo y donde colabor\u00e9 tanto tiempo me pone muy feliz. Conozco la realidad del barrio, de las familias y hay que comprometerse cada vez m\u00e1s. La Uni\u00f3n C\u00edvica Radical siempre estuvo del lado de los m\u00e1s necesitados y tenemos que ser consecuentes con lo que el partido nos ha inculcado a lo largo de su historia\u201d.<\/p>\n","protected":false},"excerpt":{"rendered":"<p>Adelante radicales Olavarr\u00eda visit\u00f3 la escuela primaria n\u00b06, integrantes de la agrupaci\u00f3n Adelante Radicales Olavarr\u00eda,&#8230;<\/p>\n","protected":false},"author":1,"featured_media":166704,"comment_status":"closed","ping_status":"closed","sticky":false,"template":"","format":"standard","meta":{"content-type":""},"categories":[27],"tags":[],"nelio_content":{"isAutoShareEnabled":false,"autoShareEndMode":"default","automationSources":{"useContentSentences":true,"useSocialTemplates":true,"useCustomSentences":false,"customSentences":[]},"followers":[1],"suggestedReferences":[],"includedReferences":[],"efiUrl":"","efiAlt":"","highlights":[]},"yoast_head":"<!-- This site is optimized with the Yoast SEO plugin v20.7 - https:\/\/yoast.com\/wordpress\/plugins\/seo\/ -->\n<title>Adelante radicales Olavarr\u00eda visit\u00f3 la escuela primaria n\u00b06<\/title>\n<meta name=\"description\" content=\"Adelante radicales Olavarr\u00eda visit\u00f3 la escuela primaria n\u00b06, donde donaron a la instituci\u00f3n \u00fatiles y material educativo para los que asisten\" \/>\n<meta name=\"robots\" content=\"index, follow, max-snippet:-1, max-image-preview:large, max-video-preview:-1\" \/>\n<link rel=\"canonical\" href=\"https:\/\/experienciadevida.com.ar\/portalurbano\/adelante-radicales-olavarria-visito-la-escuela-primaria-n6\/\" \/>\n<meta property=\"og:locale\" content=\"es_ES\" \/>\n<meta property=\"og:type\" content=\"article\" \/>\n<meta property=\"og:title\" content=\"Adelante radicales Olavarr\u00eda visit\u00f3 la escuela primaria n\u00b06\" \/>\n<meta property=\"og:description\" content=\"Adelante radicales Olavarr\u00eda visit\u00f3 la escuela primaria n\u00b06, donde donaron a la instituci\u00f3n \u00fatiles y material educativo para los que asisten\" \/>\n<meta property=\"og:url\" content=\"https:\/\/experienciadevida.com.ar\/portalurbano\/adelante-radicales-olavarria-visito-la-escuela-primaria-n6\/\" \/>\n<meta property=\"article:publisher\" content=\"https:\/\/www.facebook.com\/Portal-Urbano-171542830093757\/\" \/>\n<meta property=\"article:published_time\" content=\"2022-04-29T16:41:52+00:00\" \/>\n<meta property=\"article:modified_time\" content=\"2022-04-29T16:42:20+00:00\" \/>\n<meta property=\"og:image\" content=\"https:\/\/experienciadevida.com.ar\/portalurbano\/wp-content\/uploads\/2022\/04\/Adelante-radicales-Olavarria-visito-scaled-e1651250450516.jpg\" \/>\n\t<meta property=\"og:image:width\" content=\"765\" \/>\n\t<meta property=\"og:image:height\" content=\"667\" \/>\n\t<meta property=\"og:image:type\" content=\"image\/jpeg\" \/>\n<meta name=\"author\" content=\"admpu17wp\" \/>\n<meta name=\"twitter:card\" content=\"summary_large_image\" \/>\n<meta name=\"twitter:creator\" content=\"@portalurbanook\" \/>\n<meta name=\"twitter:site\" content=\"@portalurbanook\" \/>\n<meta name=\"twitter:label1\" content=\"Escrito por\" \/>\n\t<meta name=\"twitter:data1\" content=\"admpu17wp\" \/>\n\t<meta name=\"twitter:label2\" content=\"Tiempo de lectura\" \/>\n\t<meta name=\"twitter:data2\" content=\"2 minutos\" \/>\n<script type=\"application\/ld+json\" class=\"yoast-schema-graph\">{\"@context\":\"https:\/\/schema.org\",\"@graph\":[{\"@type\":\"Article\",\"@id\":\"https:\/\/experienciadevida.com.ar\/portalurbano\/adelante-radicales-olavarria-visito-la-escuela-primaria-n6\/#article\",\"isPartOf\":{\"@id\":\"https:\/\/experienciadevida.com.ar\/portalurbano\/adelante-radicales-olavarria-visito-la-escuela-primaria-n6\/\"},\"author\":{\"name\":\"admpu17wp\",\"@id\":\"https:\/\/experienciadevida.com.ar\/portalurbano\/#\/schema\/person\/02dd326b1c4b056e9cc972486934a3a7\"},\"headline\":\"Adelante radicales Olavarr\u00eda visit\u00f3 la escuela primaria n\u00b06\",\"datePublished\":\"2022-04-29T16:41:52+00:00\",\"dateModified\":\"2022-04-29T16:42:20+00:00\",\"mainEntityOfPage\":{\"@id\":\"https:\/\/experienciadevida.com.ar\/portalurbano\/adelante-radicales-olavarria-visito-la-escuela-primaria-n6\/\"},\"wordCount\":458,\"publisher\":{\"@id\":\"https:\/\/experienciadevida.com.ar\/portalurbano\/#organization\"},\"articleSection\":[\"Ciudad\"],\"inLanguage\":\"es\"},{\"@type\":\"WebPage\",\"@id\":\"https:\/\/experienciadevida.com.ar\/portalurbano\/adelante-radicales-olavarria-visito-la-escuela-primaria-n6\/\",\"url\":\"https:\/\/experienciadevida.com.ar\/portalurbano\/adelante-radicales-olavarria-visito-la-escuela-primaria-n6\/\",\"name\":\"Adelante radicales Olavarr\u00eda visit\u00f3 la escuela primaria n\u00b06\",\"isPartOf\":{\"@id\":\"https:\/\/experienciadevida.com.ar\/portalurbano\/#website\"},\"datePublished\":\"2022-04-29T16:41:52+00:00\",\"dateModified\":\"2022-04-29T16:42:20+00:00\",\"description\":\"Adelante radicales Olavarr\u00eda visit\u00f3 la escuela primaria n\u00b06, donde donaron a la instituci\u00f3n \u00fatiles y material educativo para los que asisten\",\"breadcrumb\":{\"@id\":\"https:\/\/experienciadevida.com.ar\/portalurbano\/adelante-radicales-olavarria-visito-la-escuela-primaria-n6\/#breadcrumb\"},\"inLanguage\":\"es\",\"potentialAction\":[{\"@type\":\"ReadAction\",\"target\":[\"https:\/\/experienciadevida.com.ar\/portalurbano\/adelante-radicales-olavarria-visito-la-escuela-primaria-n6\/\"]}]},{\"@type\":\"BreadcrumbList\",\"@id\":\"https:\/\/experienciadevida.com.ar\/portalurbano\/adelante-radicales-olavarria-visito-la-escuela-primaria-n6\/#breadcrumb\",\"itemListElement\":[{\"@type\":\"ListItem\",\"position\":1,\"name\":\"Portada\",\"item\":\"https:\/\/experienciadevida.com.ar\/portalurbano\/\"},{\"@type\":\"ListItem\",\"position\":2,\"name\":\"Adelante radicales Olavarr\u00eda visit\u00f3 la escuela primaria n\u00b06\"}]},{\"@type\":\"WebSite\",\"@id\":\"https:\/\/experienciadevida.com.ar\/portalurbano\/#website\",\"url\":\"https:\/\/experienciadevida.com.ar\/portalurbano\/\",\"name\":\"\",\"description\":\"\",\"publisher\":{\"@id\":\"https:\/\/experienciadevida.com.ar\/portalurbano\/#organization\"},\"potentialAction\":[{\"@type\":\"SearchAction\",\"target\":{\"@type\":\"EntryPoint\",\"urlTemplate\":\"https:\/\/experienciadevida.com.ar\/portalurbano\/?s={search_term_string}\"},\"query-input\":\"required name=search_term_string\"}],\"inLanguage\":\"es\"},{\"@type\":\"Organization\",\"@id\":\"https:\/\/experienciadevida.com.ar\/portalurbano\/#organization\",\"name\":\"Portal Urbano\",\"url\":\"https:\/\/experienciadevida.com.ar\/portalurbano\/\",\"logo\":{\"@type\":\"ImageObject\",\"inLanguage\":\"es\",\"@id\":\"https:\/\/experienciadevida.com.ar\/portalurbano\/#\/schema\/logo\/image\/\",\"url\":\"https:\/\/experienciadevida.com.ar\/portalurbano\/wp-content\/uploads\/2019\/09\/Logo-Original.png\",\"contentUrl\":\"https:\/\/experienciadevida.com.ar\/portalurbano\/wp-content\/uploads\/2019\/09\/Logo-Original.png\",\"width\":2236,\"height\":1216,\"caption\":\"Portal Urbano\"},\"image\":{\"@id\":\"https:\/\/experienciadevida.com.ar\/portalurbano\/#\/schema\/logo\/image\/\"},\"sameAs\":[\"https:\/\/www.facebook.com\/Portal-Urbano-171542830093757\/\",\"https:\/\/twitter.com\/portalurbanook\",\"https:\/\/www.instagram.com\/_portalurbano\/\",\"https:\/\/www.youtube.com\/channel\/UCXhagIfszH8KxFiOok79zbA?view_as=subscriber\"]},{\"@type\":\"Person\",\"@id\":\"https:\/\/experienciadevida.com.ar\/portalurbano\/#\/schema\/person\/02dd326b1c4b056e9cc972486934a3a7\",\"name\":\"admpu17wp\",\"image\":{\"@type\":\"ImageObject\",\"inLanguage\":\"es\",\"@id\":\"https:\/\/experienciadevida.com.ar\/portalurbano\/#\/schema\/person\/image\/\",\"url\":\"https:\/\/secure.gravatar.com\/avatar\/830d4c57adaae6630765e449a6908047?s=96&d=mm&r=g\",\"contentUrl\":\"https:\/\/secure.gravatar.com\/avatar\/830d4c57adaae6630765e449a6908047?s=96&d=mm&r=g\",\"caption\":\"admpu17wp\"}}]}<\/script>\n<!-- \/ Yoast SEO plugin. -->","yoast_head_json":{"title":"Adelante radicales Olavarr\u00eda visit\u00f3 la escuela primaria n\u00b06","description":"Adelante radicales Olavarr\u00eda visit\u00f3 la escuela primaria n\u00b06, donde donaron a la instituci\u00f3n \u00fatiles y material educativo para los que asisten","robots":{"index":"index","follow":"follow","max-snippet":"max-snippet:-1","max-image-preview":"max-image-preview:large","max-video-preview":"max-video-preview:-1"},"canonical":"https:\/\/experienciadevida.com.ar\/portalurbano\/adelante-radicales-olavarria-visito-la-escuela-primaria-n6\/","og_locale":"es_ES","og_type":"article","og_title":"Adelante radicales Olavarr\u00eda visit\u00f3 la escuela primaria n\u00b06","og_description":"Adelante radicales Olavarr\u00eda visit\u00f3 la escuela primaria n\u00b06, donde donaron a la instituci\u00f3n \u00fatiles y material educativo para los que asisten","og_url":"https:\/\/experienciadevida.com.ar\/portalurbano\/adelante-radicales-olavarria-visito-la-escuela-primaria-n6\/","article_publisher":"https:\/\/www.facebook.com\/Portal-Urbano-171542830093757\/","article_published_time":"2022-04-29T16:41:52+00:00","article_modified_time":"2022-04-29T16:42:20+00:00","og_image":[{"width":765,"height":667,"url":"https:\/\/experienciadevida.com.ar\/portalurbano\/wp-content\/uploads\/2022\/04\/Adelante-radicales-Olavarria-visito-scaled-e1651250450516.jpg","type":"image\/jpeg"}],"author":"admpu17wp","twitter_card":"summary_large_image","twitter_creator":"@portalurbanook","twitter_site":"@portalurbanook","twitter_misc":{"Escrito por":"admpu17wp","Tiempo de lectura":"2 minutos"},"schema":{"@context":"https:\/\/schema.org","@graph":[{"@type":"Article","@id":"https:\/\/experienciadevida.com.ar\/portalurbano\/adelante-radicales-olavarria-visito-la-escuela-primaria-n6\/#article","isPartOf":{"@id":"https:\/\/experienciadevida.com.ar\/portalurbano\/adelante-radicales-olavarria-visito-la-escuela-primaria-n6\/"},"author":{"name":"admpu17wp","@id":"https:\/\/experienciadevida.com.ar\/portalurbano\/#\/schema\/person\/02dd326b1c4b056e9cc972486934a3a7"},"headline":"Adelante radicales Olavarr\u00eda visit\u00f3 la escuela primaria n\u00b06","datePublished":"2022-04-29T16:41:52+00:00","dateModified":"2022-04-29T16:42:20+00:00","mainEntityOfPage":{"@id":"https:\/\/experienciadevida.com.ar\/portalurbano\/adelante-radicales-olavarria-visito-la-escuela-primaria-n6\/"},"wordCount":458,"publisher":{"@id":"https:\/\/experienciadevida.com.ar\/portalurbano\/#organization"},"articleSection":["Ciudad"],"inLanguage":"es"},{"@type":"WebPage","@id":"https:\/\/experienciadevida.com.ar\/portalurbano\/adelante-radicales-olavarria-visito-la-escuela-primaria-n6\/","url":"https:\/\/experienciadevida.com.ar\/portalurbano\/adelante-radicales-olavarria-visito-la-escuela-primaria-n6\/","name":"Adelante radicales Olavarr\u00eda visit\u00f3 la escuela primaria n\u00b06","isPartOf":{"@id":"https:\/\/experienciadevida.com.ar\/portalurbano\/#website"},"datePublished":"2022-04-29T16:41:52+00:00","dateModified":"2022-04-29T16:42:20+00:00","description":"Adelante radicales Olavarr\u00eda visit\u00f3 la escuela primaria n\u00b06, donde donaron a la instituci\u00f3n \u00fatiles y material educativo para los que asisten","breadcrumb":{"@id":"https:\/\/experienciadevida.com.ar\/portalurbano\/adelante-radicales-olavarria-visito-la-escuela-primaria-n6\/#breadcrumb"},"inLanguage":"es","potentialAction":[{"@type":"ReadAction","target":["https:\/\/experienciadevida.com.ar\/portalurbano\/adelante-radicales-olavarria-visito-la-escuela-primaria-n6\/"]}]},{"@type":"BreadcrumbList","@id":"https:\/\/experienciadevida.com.ar\/portalurbano\/adelante-radicales-olavarria-visito-la-escuela-primaria-n6\/#breadcrumb","itemListElement":[{"@type":"ListItem","position":1,"name":"Portada","item":"https:\/\/experienciadevida.com.ar\/portalurbano\/"},{"@type":"ListItem","position":2,"name":"Adelante radicales Olavarr\u00eda visit\u00f3 la escuela primaria n\u00b06"}]},{"@type":"WebSite","@id":"https:\/\/experienciadevida.com.ar\/portalurbano\/#website","url":"https:\/\/experienciadevida.com.ar\/portalurbano\/","name":"","description":"","publisher":{"@id":"https:\/\/experienciadevida.com.ar\/portalurbano\/#organization"},"potentialAction":[{"@type":"SearchAction","target":{"@type":"EntryPoint","urlTemplate":"https:\/\/experienciadevida.com.ar\/portalurbano\/?s={search_term_string}"},"query-input":"required name=search_term_string"}],"inLanguage":"es"},{"@type":"Organization","@id":"https:\/\/experienciadevida.com.ar\/portalurbano\/#organization","name":"Portal Urbano","url":"https:\/\/experienciadevida.com.ar\/portalurbano\/","logo":{"@type":"ImageObject","inLanguage":"es","@id":"https:\/\/experienciadevida.com.ar\/portalurbano\/#\/schema\/logo\/image\/","url":"https:\/\/experienciadevida.com.ar\/portalurbano\/wp-content\/uploads\/2019\/09\/Logo-Original.png","contentUrl":"https:\/\/experienciadevida.com.ar\/portalurbano\/wp-content\/uploads\/2019\/09\/Logo-Original.png","width":2236,"height":1216,"caption":"Portal Urbano"},"image":{"@id":"https:\/\/experienciadevida.com.ar\/portalurbano\/#\/schema\/logo\/image\/"},"sameAs":["https:\/\/www.facebook.com\/Portal-Urbano-171542830093757\/","https:\/\/twitter.com\/portalurbanook","https:\/\/www.instagram.com\/_portalurbano\/","https:\/\/www.youtube.com\/channel\/UCXhagIfszH8KxFiOok79zbA?view_as=subscriber"]},{"@type":"Person","@id":"https:\/\/experienciadevida.com.ar\/portalurbano\/#\/schema\/person\/02dd326b1c4b056e9cc972486934a3a7","name":"admpu17wp","image":{"@type":"ImageObject","inLanguage":"es","@id":"https:\/\/experienciadevida.com.ar\/portalurbano\/#\/schema\/person\/image\/","url":"https:\/\/secure.gravatar.com\/avatar\/830d4c57adaae6630765e449a6908047?s=96&d=mm&r=g","contentUrl":"https:\/\/secure.gravatar.com\/avatar\/830d4c57adaae6630765e449a6908047?s=96&d=mm&r=g","caption":"admpu17wp"}}]}},"featured_image_urls":{"full":["https:\/\/experienciadevida.com.ar\/portalurbano\/wp-content\/uploads\/2022\/04\/Adelante-radicales-Olavarria-visito-scaled-e1651250450516.jpg",765,667,false],"thumbnail":["https:\/\/experienciadevida.com.ar\/portalurbano\/wp-content\/uploads\/2022\/04\/Adelante-radicales-Olavarria-visito-150x150.jpg",150,150,true],"medium":["https:\/\/experienciadevida.com.ar\/portalurbano\/wp-content\/uploads\/2022\/04\/Adelante-radicales-Olavarria-visito-300x262.jpg",300,262,true],"medium_large":["https:\/\/experienciadevida.com.ar\/portalurbano\/wp-content\/uploads\/2022\/04\/Adelante-radicales-Olavarria-visito-768x670.jpg",640,558,true],"large":["https:\/\/experienciadevida.com.ar\/portalurbano\/wp-content\/uploads\/2022\/04\/Adelante-radicales-Olavarria-visito-1024x893.jpg",640,558,true],"ug_big":["https:\/\/experienciadevida.com.ar\/portalurbano\/wp-content\/uploads\/2022\/04\/Adelante-radicales-Olavarria-visito-768x670.jpg",768,670,true],"1536x1536":["https:\/\/experienciadevida.com.ar\/portalurbano\/wp-content\/uploads\/2022\/04\/Adelante-radicales-Olavarria-visito-1536x1339.jpg",1536,1339,true],"2048x2048":["https:\/\/experienciadevida.com.ar\/portalurbano\/wp-content\/uploads\/2022\/04\/Adelante-radicales-Olavarria-visito-2048x1786.jpg",2048,1786,true],"newsever-slider-full":["https:\/\/experienciadevida.com.ar\/portalurbano\/wp-content\/uploads\/2022\/04\/Adelante-radicales-Olavarria-visito-scaled-e1651250450516.jpg",765,667,false],"newsever-featured":["https:\/\/experienciadevida.com.ar\/portalurbano\/wp-content\/uploads\/2022\/04\/Adelante-radicales-Olavarria-visito-scaled-e1651250450516.jpg",765,667,false],"newsever-medium":["https:\/\/experienciadevida.com.ar\/portalurbano\/wp-content\/uploads\/2022\/04\/Adelante-radicales-Olavarria-visito-scaled-e1651250450516.jpg",545,475,false],"web-stories-poster-portrait":["https:\/\/experienciadevida.com.ar\/portalurbano\/wp-content\/uploads\/2022\/04\/Adelante-radicales-Olavarria-visito-scaled-e1651250450516.jpg",640,558,false],"web-stories-publisher-logo":["https:\/\/experienciadevida.com.ar\/portalurbano\/wp-content\/uploads\/2022\/04\/Adelante-radicales-Olavarria-visito-scaled-e1651250450516.jpg",96,84,false],"web-stories-thumbnail":["https:\/\/experienciadevida.com.ar\/portalurbano\/wp-content\/uploads\/2022\/04\/Adelante-radicales-Olavarria-visito-scaled-e1651250450516.jpg",150,131,false]},"author_info":{"display_name":"admpu17wp","author_link":"https:\/\/experienciadevida.com.ar\/portalurbano\/author\/admpu17wp\/"},"category_info":"<a href=\"https:\/\/experienciadevida.com.ar\/portalurbano\/category\/ciudad\/\" rel=\"category tag\">Ciudad<\/a>","tag_info":"Ciudad","comment_count":"0","amp_enabled":true,"_links":{"self":[{"href":"https:\/\/experienciadevida.com.ar\/portalurbano\/wp-json\/wp\/v2\/posts\/166702"}],"collection":[{"href":"https:\/\/experienciadevida.com.ar\/portalurbano\/wp-json\/wp\/v2\/posts"}],"about":[{"href":"https:\/\/experienciadevida.com.ar\/portalurbano\/wp-json\/wp\/v2\/types\/post"}],"author":[{"embeddable":true,"href":"https:\/\/experienciadevida.com.ar\/portalurbano\/wp-json\/wp\/v2\/users\/1"}],"replies":[{"embeddable":true,"href":"https:\/\/experienciadevida.com.ar\/portalurbano\/wp-json\/wp\/v2\/comments?post=166702"}],"version-history":[{"count":1,"href":"https:\/\/experienciadevida.com.ar\/portalurbano\/wp-json\/wp\/v2\/posts\/166702\/revisions"}],"predecessor-version":[{"id":166705,"href":"https:\/\/experienciadevida.com.ar\/portalurbano\/wp-json\/wp\/v2\/posts\/166702\/revisions\/166705"}],"wp:featuredmedia":[{"embeddable":true,"href":"https:\/\/experienciadevida.com.ar\/portalurbano\/wp-json\/wp\/v2\/media\/166704"}],"wp:attachment":[{"href":"https:\/\/experienciadevida.com.ar\/portalurbano\/wp-json\/wp\/v2\/media?parent=166702"}],"wp:term":[{"taxonomy":"category","embeddable":true,"href":"https:\/\/experienciadevida.com.ar\/portalurbano\/wp-json\/wp\/v2\/categories?post=166702"},{"taxonomy":"post_tag","embeddable":true,"href":"https:\/\/experienciadevida.com.ar\/portalurbano\/wp-json\/wp\/v2\/tags?post=166702"}],"curies":[{"name":"wp","href":"https:\/\/api.w.org\/{rel}","templated":true}]}}