{"id":166683,"date":"2022-04-29T10:14:26","date_gmt":"2022-04-29T13:14:26","guid":{"rendered":"https:\/\/experienciadevida.com.ar\/portalurbano\/?p=166683"},"modified":"2022-04-29T10:18:37","modified_gmt":"2022-04-29T13:18:37","slug":"se-implementa-el-proyecto-pensar-malvinas-pensar-la-patria-en-el-cens-455-de-la-unidad-n2","status":"publish","type":"post","link":"https:\/\/experienciadevida.com.ar\/portalurbano\/se-implementa-el-proyecto-pensar-malvinas-pensar-la-patria-en-el-cens-455-de-la-unidad-n2\/","title":{"rendered":"Se implementa el Proyecto \u201cPensar Malvinas, pensar la patria\u201d en el Cens 455 de la Unidad N\u00b02"},"content":{"rendered":"<p>Se implementa el Proyecto \u201cPensar Malvinas, pensar la patria\u201d en el Cens 455 de la Unidad N\u00b02, los profesores del Centro Educativo de Nivel Secundario N\u00b0455 recordar\u00e1n, junto a sus alumnos, a los veteranos y ca\u00eddos en la Guerra de Malvinas durante los pr\u00f3ximos meses, en el marco del proyecto \u201cPensar Malvinas, pensar la patria\u201d.<\/p>\n<p>El objetivo es reflexionar sobre la Guerra de Malvinas en las diferentes asignaturas y realizar una exposici\u00f3n sobre lo trabajado el 10 de junio. Mar\u00eda Laura Risue\u00f1o, Noelia Ojeda, Andrea Smith y Valeria Dilacio, de las \u00e1reas Historia, Educaci\u00f3n C\u00edvica, Ingles, Lengua y Literatura, Matem\u00e1ticas, respectivamente, son las profesoras encargadas de llevar adelante esta idea en la que participan todos los docentes.<\/p>\n<p>A 40 a\u00f1os de la guerra, el proyecto apunta a recordar, a conocer los acontecimientos desde diferentes dimensiones de an\u00e1lisis, los hechos hist\u00f3ricos en su debido contexto, los argumentos jur\u00eddicos y geogr\u00e1ficos que avalan nuestros reclamos y testimonios de algunas de las personas que desde diferentes lugares, fueron protagonistas del llamado \u201cConflicto del Atl\u00e1ntico Sur\u201d sucedido entre los meses de mayo y junio del a\u00f1o 1982.<\/p>\n<p>\u201cDesde nuestra m\u00e1s tierna infancia, el tema Malvinas recorri\u00f3 nuestras vidas. La \u201cHermanita perdida\u201d era y es una cosa sentida por todos nosotros, desde la ocupaci\u00f3n anglo-yanqui del territorio de Malvinas en 1833, la Argentina ven\u00eda reclamando en los tribunales y foros internacionales la soberan\u00eda sobre aquel territorio. Nada hac\u00eda pensar que la dictadura m\u00e1s antinacional de la historia argentina, la que comenz\u00f3 con la tarea sucia de destruir cualquier vestigio de nuestra soberan\u00eda popular, territorial y patrimonial, encabezara un ataque sobre las islas en nombre de la patria y en contra del imperialismo\u201d, explic\u00f3 Mar\u00eda Laura Risue\u00f1o.<\/p>\n<p>El proyecto inici\u00f3 el 4 de abril con la realizaci\u00f3n de una jornada de \u201cCine debate\u201d a nivel institucional. En la misma se proyect\u00f3 la pel\u00edcula argentina \u201cIluminados por el fuego\u201d. Posteriormente confeccionaron un mural en el que se plasm\u00f3 con palabras claves una intenci\u00f3n reparadora y visi\u00f3n de hermandad de las naciones del mundo, repudiando la b\u00fasqueda del poder mediante la guerra y la violencia.<\/p>\n<p>Se present\u00f3 a los estudiantes la silueta de un soldado confeccionada con im\u00e1genes de la guerra. Las docentes les propusieron generar un torbellino de ideas para completar dicha silueta con conceptos positivos a modo de reflexi\u00f3n y conmemoraci\u00f3n de esta fecha.<\/p>\n<p>Hasta el cierre del proyecto, que ser\u00e1 el 10 de junio, cada asignatura trabajar\u00e1 los contenidos curriculares a partir del eje Malvinas. As\u00ed se ofrecer\u00e1 un an\u00e1lisis multidimensional que permita comprender sus complejidades y motivaciones m\u00e1s profundas.<\/p>\n<p>Fuente\u00a0 y Fotos: Servicio Penitenciario Bonarense<\/p>\n<p><a href=\"https:\/\/experienciadevida.com.ar\/portalurbano\/se-implementa-el-proyecto-pensar-malvinas-pensar-la-patria-en-el-cens-455-de-la-unidad-n2\/se-implementa\/\" rel=\"attachment wp-att-166686\"><img decoding=\"async\" class=\"alignnone size-large wp-image-166686\" src=\"https:\/\/experienciadevida.com.ar\/portalurbano\/wp-content\/uploads\/2022\/04\/Se-implementa-1024x768.jpg\" alt=\"Se implementa \" width=\"900\" height=\"675\" srcset=\"https:\/\/experienciadevida.com.ar\/portalurbano\/wp-content\/uploads\/2022\/04\/Se-implementa-1024x768.jpg 1024w, https:\/\/experienciadevida.com.ar\/portalurbano\/wp-content\/uploads\/2022\/04\/Se-implementa-300x225.jpg 300w, https:\/\/experienciadevida.com.ar\/portalurbano\/wp-content\/uploads\/2022\/04\/Se-implementa-768x576.jpg 768w, https:\/\/experienciadevida.com.ar\/portalurbano\/wp-content\/uploads\/2022\/04\/Se-implementa-1536x1152.jpg 1536w, https:\/\/experienciadevida.com.ar\/portalurbano\/wp-content\/uploads\/2022\/04\/Se-implementa-2048x1536.jpg 2048w\" sizes=\"(max-width: 900px) 100vw, 900px\" \/><\/a><\/p>\n","protected":false},"excerpt":{"rendered":"<p>Se implementa el Proyecto \u201cPensar Malvinas, pensar la patria\u201d en el Cens 455 de la&#8230;<\/p>\n","protected":false},"author":1,"featured_media":166684,"comment_status":"closed","ping_status":"closed","sticky":false,"template":"","format":"standard","meta":{"content-type":""},"categories":[27],"tags":[],"nelio_content":{"isAutoShareEnabled":false,"autoShareEndMode":"default","automationSources":{"useContentSentences":true,"useSocialTemplates":true,"useCustomSentences":false,"customSentences":[]},"followers":[1],"suggestedReferences":[],"includedReferences":[],"efiUrl":"","efiAlt":"","highlights":[]},"yoast_head":"<!-- This site is optimized with the Yoast SEO plugin v20.7 - https:\/\/yoast.com\/wordpress\/plugins\/seo\/ -->\n<title>Se implementa el proyecto &quot;Pensar malvinas, pensar la patria&quot;<\/title>\n<meta name=\"description\" content=\"Se implementa el Proyecto \u201cPensar Malvinas, pensar la patria\u201d en el Cens 455 de la Unidad N\u00b02, con los profesores del Centro Educativo\" \/>\n<meta name=\"robots\" content=\"index, follow, max-snippet:-1, max-image-preview:large, max-video-preview:-1\" \/>\n<link rel=\"canonical\" href=\"https:\/\/experienciadevida.com.ar\/portalurbano\/se-implementa-el-proyecto-pensar-malvinas-pensar-la-patria-en-el-cens-455-de-la-unidad-n2\/\" \/>\n<meta property=\"og:locale\" content=\"es_ES\" \/>\n<meta property=\"og:type\" content=\"article\" \/>\n<meta property=\"og:title\" content=\"Se implementa el proyecto &quot;Pensar malvinas, pensar la patria&quot;\" \/>\n<meta property=\"og:description\" content=\"Se implementa el Proyecto \u201cPensar Malvinas, pensar la patria\u201d en el Cens 455 de la Unidad N\u00b02, con los profesores del Centro Educativo\" \/>\n<meta property=\"og:url\" content=\"https:\/\/experienciadevida.com.ar\/portalurbano\/se-implementa-el-proyecto-pensar-malvinas-pensar-la-patria-en-el-cens-455-de-la-unidad-n2\/\" \/>\n<meta property=\"article:publisher\" content=\"https:\/\/www.facebook.com\/Portal-Urbano-171542830093757\/\" \/>\n<meta property=\"article:published_time\" content=\"2022-04-29T13:14:26+00:00\" \/>\n<meta property=\"article:modified_time\" content=\"2022-04-29T13:18:37+00:00\" \/>\n<meta property=\"og:image\" content=\"https:\/\/experienciadevida.com.ar\/portalurbano\/wp-content\/uploads\/2022\/04\/Se-implementa-el-Proyecto-scaled.jpg\" \/>\n\t<meta property=\"og:image:width\" content=\"2560\" \/>\n\t<meta property=\"og:image:height\" content=\"893\" \/>\n\t<meta property=\"og:image:type\" content=\"image\/jpeg\" \/>\n<meta name=\"author\" content=\"admpu17wp\" \/>\n<meta name=\"twitter:card\" content=\"summary_large_image\" \/>\n<meta name=\"twitter:creator\" content=\"@portalurbanook\" \/>\n<meta name=\"twitter:site\" content=\"@portalurbanook\" \/>\n<meta name=\"twitter:label1\" content=\"Escrito por\" \/>\n\t<meta name=\"twitter:data1\" content=\"admpu17wp\" \/>\n\t<meta name=\"twitter:label2\" content=\"Tiempo de lectura\" \/>\n\t<meta name=\"twitter:data2\" content=\"3 minutos\" \/>\n<script type=\"application\/ld+json\" class=\"yoast-schema-graph\">{\"@context\":\"https:\/\/schema.org\",\"@graph\":[{\"@type\":\"Article\",\"@id\":\"https:\/\/experienciadevida.com.ar\/portalurbano\/se-implementa-el-proyecto-pensar-malvinas-pensar-la-patria-en-el-cens-455-de-la-unidad-n2\/#article\",\"isPartOf\":{\"@id\":\"https:\/\/experienciadevida.com.ar\/portalurbano\/se-implementa-el-proyecto-pensar-malvinas-pensar-la-patria-en-el-cens-455-de-la-unidad-n2\/\"},\"author\":{\"name\":\"admpu17wp\",\"@id\":\"https:\/\/experienciadevida.com.ar\/portalurbano\/#\/schema\/person\/02dd326b1c4b056e9cc972486934a3a7\"},\"headline\":\"Se implementa el Proyecto \u201cPensar Malvinas, pensar la patria\u201d en el Cens 455 de la Unidad N\u00b02\",\"datePublished\":\"2022-04-29T13:14:26+00:00\",\"dateModified\":\"2022-04-29T13:18:37+00:00\",\"mainEntityOfPage\":{\"@id\":\"https:\/\/experienciadevida.com.ar\/portalurbano\/se-implementa-el-proyecto-pensar-malvinas-pensar-la-patria-en-el-cens-455-de-la-unidad-n2\/\"},\"wordCount\":475,\"publisher\":{\"@id\":\"https:\/\/experienciadevida.com.ar\/portalurbano\/#organization\"},\"articleSection\":[\"Ciudad\"],\"inLanguage\":\"es\"},{\"@type\":\"WebPage\",\"@id\":\"https:\/\/experienciadevida.com.ar\/portalurbano\/se-implementa-el-proyecto-pensar-malvinas-pensar-la-patria-en-el-cens-455-de-la-unidad-n2\/\",\"url\":\"https:\/\/experienciadevida.com.ar\/portalurbano\/se-implementa-el-proyecto-pensar-malvinas-pensar-la-patria-en-el-cens-455-de-la-unidad-n2\/\",\"name\":\"Se implementa el proyecto \\\"Pensar malvinas, pensar la patria\\\"\",\"isPartOf\":{\"@id\":\"https:\/\/experienciadevida.com.ar\/portalurbano\/#website\"},\"datePublished\":\"2022-04-29T13:14:26+00:00\",\"dateModified\":\"2022-04-29T13:18:37+00:00\",\"description\":\"Se implementa el Proyecto \u201cPensar Malvinas, pensar la patria\u201d en el Cens 455 de la Unidad N\u00b02, con los profesores del Centro Educativo\",\"breadcrumb\":{\"@id\":\"https:\/\/experienciadevida.com.ar\/portalurbano\/se-implementa-el-proyecto-pensar-malvinas-pensar-la-patria-en-el-cens-455-de-la-unidad-n2\/#breadcrumb\"},\"inLanguage\":\"es\",\"potentialAction\":[{\"@type\":\"ReadAction\",\"target\":[\"https:\/\/experienciadevida.com.ar\/portalurbano\/se-implementa-el-proyecto-pensar-malvinas-pensar-la-patria-en-el-cens-455-de-la-unidad-n2\/\"]}]},{\"@type\":\"BreadcrumbList\",\"@id\":\"https:\/\/experienciadevida.com.ar\/portalurbano\/se-implementa-el-proyecto-pensar-malvinas-pensar-la-patria-en-el-cens-455-de-la-unidad-n2\/#breadcrumb\",\"itemListElement\":[{\"@type\":\"ListItem\",\"position\":1,\"name\":\"Portada\",\"item\":\"https:\/\/experienciadevida.com.ar\/portalurbano\/\"},{\"@type\":\"ListItem\",\"position\":2,\"name\":\"Se implementa el Proyecto \u201cPensar Malvinas, pensar la patria\u201d en el Cens 455 de la Unidad N\u00b02\"}]},{\"@type\":\"WebSite\",\"@id\":\"https:\/\/experienciadevida.com.ar\/portalurbano\/#website\",\"url\":\"https:\/\/experienciadevida.com.ar\/portalurbano\/\",\"name\":\"\",\"description\":\"\",\"publisher\":{\"@id\":\"https:\/\/experienciadevida.com.ar\/portalurbano\/#organization\"},\"potentialAction\":[{\"@type\":\"SearchAction\",\"target\":{\"@type\":\"EntryPoint\",\"urlTemplate\":\"https:\/\/experienciadevida.com.ar\/portalurbano\/?s={search_term_string}\"},\"query-input\":\"required name=search_term_string\"}],\"inLanguage\":\"es\"},{\"@type\":\"Organization\",\"@id\":\"https:\/\/experienciadevida.com.ar\/portalurbano\/#organization\",\"name\":\"Portal Urbano\",\"url\":\"https:\/\/experienciadevida.com.ar\/portalurbano\/\",\"logo\":{\"@type\":\"ImageObject\",\"inLanguage\":\"es\",\"@id\":\"https:\/\/experienciadevida.com.ar\/portalurbano\/#\/schema\/logo\/image\/\",\"url\":\"https:\/\/experienciadevida.com.ar\/portalurbano\/wp-content\/uploads\/2019\/09\/Logo-Original.png\",\"contentUrl\":\"https:\/\/experienciadevida.com.ar\/portalurbano\/wp-content\/uploads\/2019\/09\/Logo-Original.png\",\"width\":2236,\"height\":1216,\"caption\":\"Portal Urbano\"},\"image\":{\"@id\":\"https:\/\/experienciadevida.com.ar\/portalurbano\/#\/schema\/logo\/image\/\"},\"sameAs\":[\"https:\/\/www.facebook.com\/Portal-Urbano-171542830093757\/\",\"https:\/\/twitter.com\/portalurbanook\",\"https:\/\/www.instagram.com\/_portalurbano\/\",\"https:\/\/www.youtube.com\/channel\/UCXhagIfszH8KxFiOok79zbA?view_as=subscriber\"]},{\"@type\":\"Person\",\"@id\":\"https:\/\/experienciadevida.com.ar\/portalurbano\/#\/schema\/person\/02dd326b1c4b056e9cc972486934a3a7\",\"name\":\"admpu17wp\",\"image\":{\"@type\":\"ImageObject\",\"inLanguage\":\"es\",\"@id\":\"https:\/\/experienciadevida.com.ar\/portalurbano\/#\/schema\/person\/image\/\",\"url\":\"https:\/\/secure.gravatar.com\/avatar\/830d4c57adaae6630765e449a6908047?s=96&d=mm&r=g\",\"contentUrl\":\"https:\/\/secure.gravatar.com\/avatar\/830d4c57adaae6630765e449a6908047?s=96&d=mm&r=g\",\"caption\":\"admpu17wp\"}}]}<\/script>\n<!-- \/ Yoast SEO plugin. -->","yoast_head_json":{"title":"Se implementa el proyecto \"Pensar malvinas, pensar la patria\"","description":"Se implementa el Proyecto \u201cPensar Malvinas, pensar la patria\u201d en el Cens 455 de la Unidad N\u00b02, con los profesores del Centro Educativo","robots":{"index":"index","follow":"follow","max-snippet":"max-snippet:-1","max-image-preview":"max-image-preview:large","max-video-preview":"max-video-preview:-1"},"canonical":"https:\/\/experienciadevida.com.ar\/portalurbano\/se-implementa-el-proyecto-pensar-malvinas-pensar-la-patria-en-el-cens-455-de-la-unidad-n2\/","og_locale":"es_ES","og_type":"article","og_title":"Se implementa el proyecto \"Pensar malvinas, pensar la patria\"","og_description":"Se implementa el Proyecto \u201cPensar Malvinas, pensar la patria\u201d en el Cens 455 de la Unidad N\u00b02, con los profesores del Centro Educativo","og_url":"https:\/\/experienciadevida.com.ar\/portalurbano\/se-implementa-el-proyecto-pensar-malvinas-pensar-la-patria-en-el-cens-455-de-la-unidad-n2\/","article_publisher":"https:\/\/www.facebook.com\/Portal-Urbano-171542830093757\/","article_published_time":"2022-04-29T13:14:26+00:00","article_modified_time":"2022-04-29T13:18:37+00:00","og_image":[{"width":2560,"height":893,"url":"https:\/\/experienciadevida.com.ar\/portalurbano\/wp-content\/uploads\/2022\/04\/Se-implementa-el-Proyecto-scaled.jpg","type":"image\/jpeg"}],"author":"admpu17wp","twitter_card":"summary_large_image","twitter_creator":"@portalurbanook","twitter_site":"@portalurbanook","twitter_misc":{"Escrito por":"admpu17wp","Tiempo de lectura":"3 minutos"},"schema":{"@context":"https:\/\/schema.org","@graph":[{"@type":"Article","@id":"https:\/\/experienciadevida.com.ar\/portalurbano\/se-implementa-el-proyecto-pensar-malvinas-pensar-la-patria-en-el-cens-455-de-la-unidad-n2\/#article","isPartOf":{"@id":"https:\/\/experienciadevida.com.ar\/portalurbano\/se-implementa-el-proyecto-pensar-malvinas-pensar-la-patria-en-el-cens-455-de-la-unidad-n2\/"},"author":{"name":"admpu17wp","@id":"https:\/\/experienciadevida.com.ar\/portalurbano\/#\/schema\/person\/02dd326b1c4b056e9cc972486934a3a7"},"headline":"Se implementa el Proyecto \u201cPensar Malvinas, pensar la patria\u201d en el Cens 455 de la Unidad N\u00b02","datePublished":"2022-04-29T13:14:26+00:00","dateModified":"2022-04-29T13:18:37+00:00","mainEntityOfPage":{"@id":"https:\/\/experienciadevida.com.ar\/portalurbano\/se-implementa-el-proyecto-pensar-malvinas-pensar-la-patria-en-el-cens-455-de-la-unidad-n2\/"},"wordCount":475,"publisher":{"@id":"https:\/\/experienciadevida.com.ar\/portalurbano\/#organization"},"articleSection":["Ciudad"],"inLanguage":"es"},{"@type":"WebPage","@id":"https:\/\/experienciadevida.com.ar\/portalurbano\/se-implementa-el-proyecto-pensar-malvinas-pensar-la-patria-en-el-cens-455-de-la-unidad-n2\/","url":"https:\/\/experienciadevida.com.ar\/portalurbano\/se-implementa-el-proyecto-pensar-malvinas-pensar-la-patria-en-el-cens-455-de-la-unidad-n2\/","name":"Se implementa el proyecto \"Pensar malvinas, pensar la patria\"","isPartOf":{"@id":"https:\/\/experienciadevida.com.ar\/portalurbano\/#website"},"datePublished":"2022-04-29T13:14:26+00:00","dateModified":"2022-04-29T13:18:37+00:00","description":"Se implementa el Proyecto \u201cPensar Malvinas, pensar la patria\u201d en el Cens 455 de la Unidad N\u00b02, con los profesores del Centro Educativo","breadcrumb":{"@id":"https:\/\/experienciadevida.com.ar\/portalurbano\/se-implementa-el-proyecto-pensar-malvinas-pensar-la-patria-en-el-cens-455-de-la-unidad-n2\/#breadcrumb"},"inLanguage":"es","potentialAction":[{"@type":"ReadAction","target":["https:\/\/experienciadevida.com.ar\/portalurbano\/se-implementa-el-proyecto-pensar-malvinas-pensar-la-patria-en-el-cens-455-de-la-unidad-n2\/"]}]},{"@type":"BreadcrumbList","@id":"https:\/\/experienciadevida.com.ar\/portalurbano\/se-implementa-el-proyecto-pensar-malvinas-pensar-la-patria-en-el-cens-455-de-la-unidad-n2\/#breadcrumb","itemListElement":[{"@type":"ListItem","position":1,"name":"Portada","item":"https:\/\/experienciadevida.com.ar\/portalurbano\/"},{"@type":"ListItem","position":2,"name":"Se implementa el Proyecto \u201cPensar Malvinas, pensar la patria\u201d en el Cens 455 de la Unidad N\u00b02"}]},{"@type":"WebSite","@id":"https:\/\/experienciadevida.com.ar\/portalurbano\/#website","url":"https:\/\/experienciadevida.com.ar\/portalurbano\/","name":"","description":"","publisher":{"@id":"https:\/\/experienciadevida.com.ar\/portalurbano\/#organization"},"potentialAction":[{"@type":"SearchAction","target":{"@type":"EntryPoint","urlTemplate":"https:\/\/experienciadevida.com.ar\/portalurbano\/?s={search_term_string}"},"query-input":"required name=search_term_string"}],"inLanguage":"es"},{"@type":"Organization","@id":"https:\/\/experienciadevida.com.ar\/portalurbano\/#organization","name":"Portal Urbano","url":"https:\/\/experienciadevida.com.ar\/portalurbano\/","logo":{"@type":"ImageObject","inLanguage":"es","@id":"https:\/\/experienciadevida.com.ar\/portalurbano\/#\/schema\/logo\/image\/","url":"https:\/\/experienciadevida.com.ar\/portalurbano\/wp-content\/uploads\/2019\/09\/Logo-Original.png","contentUrl":"https:\/\/experienciadevida.com.ar\/portalurbano\/wp-content\/uploads\/2019\/09\/Logo-Original.png","width":2236,"height":1216,"caption":"Portal Urbano"},"image":{"@id":"https:\/\/experienciadevida.com.ar\/portalurbano\/#\/schema\/logo\/image\/"},"sameAs":["https:\/\/www.facebook.com\/Portal-Urbano-171542830093757\/","https:\/\/twitter.com\/portalurbanook","https:\/\/www.instagram.com\/_portalurbano\/","https:\/\/www.youtube.com\/channel\/UCXhagIfszH8KxFiOok79zbA?view_as=subscriber"]},{"@type":"Person","@id":"https:\/\/experienciadevida.com.ar\/portalurbano\/#\/schema\/person\/02dd326b1c4b056e9cc972486934a3a7","name":"admpu17wp","image":{"@type":"ImageObject","inLanguage":"es","@id":"https:\/\/experienciadevida.com.ar\/portalurbano\/#\/schema\/person\/image\/","url":"https:\/\/secure.gravatar.com\/avatar\/830d4c57adaae6630765e449a6908047?s=96&d=mm&r=g","contentUrl":"https:\/\/secure.gravatar.com\/avatar\/830d4c57adaae6630765e449a6908047?s=96&d=mm&r=g","caption":"admpu17wp"}}]}},"featured_image_urls":{"full":["https:\/\/experienciadevida.com.ar\/portalurbano\/wp-content\/uploads\/2022\/04\/Se-implementa-el-Proyecto-scaled.jpg",2560,893,false],"thumbnail":["https:\/\/experienciadevida.com.ar\/portalurbano\/wp-content\/uploads\/2022\/04\/Se-implementa-el-Proyecto-150x150.jpg",150,150,true],"medium":["https:\/\/experienciadevida.com.ar\/portalurbano\/wp-content\/uploads\/2022\/04\/Se-implementa-el-Proyecto-300x105.jpg",300,105,true],"medium_large":["https:\/\/experienciadevida.com.ar\/portalurbano\/wp-content\/uploads\/2022\/04\/Se-implementa-el-Proyecto-768x268.jpg",640,223,true],"large":["https:\/\/experienciadevida.com.ar\/portalurbano\/wp-content\/uploads\/2022\/04\/Se-implementa-el-Proyecto-1024x357.jpg",640,223,true],"ug_big":["https:\/\/experienciadevida.com.ar\/portalurbano\/wp-content\/uploads\/2022\/04\/Se-implementa-el-Proyecto-768x268.jpg",768,268,true],"1536x1536":["https:\/\/experienciadevida.com.ar\/portalurbano\/wp-content\/uploads\/2022\/04\/Se-implementa-el-Proyecto-1536x536.jpg",1536,536,true],"2048x2048":["https:\/\/experienciadevida.com.ar\/portalurbano\/wp-content\/uploads\/2022\/04\/Se-implementa-el-Proyecto-2048x714.jpg",2048,714,true],"newsever-slider-full":["https:\/\/experienciadevida.com.ar\/portalurbano\/wp-content\/uploads\/2022\/04\/Se-implementa-el-Proyecto-scaled.jpg",1280,447,false],"newsever-featured":["https:\/\/experienciadevida.com.ar\/portalurbano\/wp-content\/uploads\/2022\/04\/Se-implementa-el-Proyecto-scaled.jpg",1024,357,false],"newsever-medium":["https:\/\/experienciadevida.com.ar\/portalurbano\/wp-content\/uploads\/2022\/04\/Se-implementa-el-Proyecto-scaled.jpg",720,251,false],"web-stories-poster-portrait":["https:\/\/experienciadevida.com.ar\/portalurbano\/wp-content\/uploads\/2022\/04\/Se-implementa-el-Proyecto-scaled.jpg",640,223,false],"web-stories-publisher-logo":["https:\/\/experienciadevida.com.ar\/portalurbano\/wp-content\/uploads\/2022\/04\/Se-implementa-el-Proyecto-scaled.jpg",96,33,false],"web-stories-thumbnail":["https:\/\/experienciadevida.com.ar\/portalurbano\/wp-content\/uploads\/2022\/04\/Se-implementa-el-Proyecto-scaled.jpg",150,52,false]},"author_info":{"display_name":"admpu17wp","author_link":"https:\/\/experienciadevida.com.ar\/portalurbano\/author\/admpu17wp\/"},"category_info":"<a href=\"https:\/\/experienciadevida.com.ar\/portalurbano\/category\/ciudad\/\" rel=\"category tag\">Ciudad<\/a>","tag_info":"Ciudad","comment_count":"0","amp_enabled":true,"_links":{"self":[{"href":"https:\/\/experienciadevida.com.ar\/portalurbano\/wp-json\/wp\/v2\/posts\/166683"}],"collection":[{"href":"https:\/\/experienciadevida.com.ar\/portalurbano\/wp-json\/wp\/v2\/posts"}],"about":[{"href":"https:\/\/experienciadevida.com.ar\/portalurbano\/wp-json\/wp\/v2\/types\/post"}],"author":[{"embeddable":true,"href":"https:\/\/experienciadevida.com.ar\/portalurbano\/wp-json\/wp\/v2\/users\/1"}],"replies":[{"embeddable":true,"href":"https:\/\/experienciadevida.com.ar\/portalurbano\/wp-json\/wp\/v2\/comments?post=166683"}],"version-history":[{"count":3,"href":"https:\/\/experienciadevida.com.ar\/portalurbano\/wp-json\/wp\/v2\/posts\/166683\/revisions"}],"predecessor-version":[{"id":166688,"href":"https:\/\/experienciadevida.com.ar\/portalurbano\/wp-json\/wp\/v2\/posts\/166683\/revisions\/166688"}],"wp:featuredmedia":[{"embeddable":true,"href":"https:\/\/experienciadevida.com.ar\/portalurbano\/wp-json\/wp\/v2\/media\/166684"}],"wp:attachment":[{"href":"https:\/\/experienciadevida.com.ar\/portalurbano\/wp-json\/wp\/v2\/media?parent=166683"}],"wp:term":[{"taxonomy":"category","embeddable":true,"href":"https:\/\/experienciadevida.com.ar\/portalurbano\/wp-json\/wp\/v2\/categories?post=166683"},{"taxonomy":"post_tag","embeddable":true,"href":"https:\/\/experienciadevida.com.ar\/portalurbano\/wp-json\/wp\/v2\/tags?post=166683"}],"curies":[{"name":"wp","href":"https:\/\/api.w.org\/{rel}","templated":true}]}}