{"id":166670,"date":"2022-04-29T09:31:53","date_gmt":"2022-04-29T12:31:53","guid":{"rendered":"https:\/\/experienciadevida.com.ar\/portalurbano\/?p=166670"},"modified":"2022-04-29T09:47:49","modified_gmt":"2022-04-29T12:47:49","slug":"coopelectric-se-reunio-con-dos-sociedades-de-fomento","status":"publish","type":"post","link":"https:\/\/experienciadevida.com.ar\/portalurbano\/coopelectric-se-reunio-con-dos-sociedades-de-fomento\/","title":{"rendered":"Coopelectric se reuni\u00f3 con dos sociedades de fomento"},"content":{"rendered":"<p>Coopelectric se reuni\u00f3 con dos sociedades de fomento, en el marco del programa di\u00e1logos comunitarios.<\/p>\n<p>De la primera reuni\u00f3n participaron el presidente del Consejo de Administraci\u00f3n de Coopelectric Cruz Arouxet, el secretario Alberto Miotti, el tesorero Carlos D\u00edaz, el prosecretario Oscar Angeletti, el protesorero Jorge Rodr\u00edguez Setzes, el vocal Jos\u00e9 Mor\u00e1n, el presidente del cuerpo de Delegados Ignacio Pagano, el presidente de la Sociedad de Fomento \u201cJuan Bautista Alberdi\u201d Sergio Marfil y el vocal de la entidad Mario Gabriel Casiraghi.<\/p>\n<p>Durante el encuentro dialogaron sobre las prestaciones que brinda la Cooperativa, en especial sobre los Servicios El\u00e9ctrico y Sanitario. Desde Coopelectric se destac\u00f3 que en caso de ser consultados por alg\u00fan vecino en situaci\u00f3n de vulnerabilidad y deuda en los servicios, se lo invite a acercarse a la sede administrativa para poder regularizar su situaci\u00f3n contemplando las necesidades de su familia. Al mismo tiempo, se les entreg\u00f3 Boletines Informativos con las v\u00edas de comunicaci\u00f3n para realizar reclamos, a los efectos de hacerlos llegar a los vecinos que se acercan a la<br \/>\ninstituci\u00f3n.<\/p>\n<p>Los fomentistas brindaron informaci\u00f3n sobre la labor que llevan adelante, las actividades deportivas que ofrecen en el barrio y las refacciones edilicias en las que est\u00e1n trabajando para poder finalizar con el techado de<br \/>\nla cocina y los ba\u00f1os.<\/p>\n<p>Coopelectric se reuni\u00f3 con dos sociedades de fomento, en tanto, en la segunda reuni\u00f3n estuvieron presentes Cruz Arouxet, Alberto Miotti, Jos\u00e9 Mor\u00e1n, el vocal Juan Urrutia, el s\u00edndico Horacio Balbiani, el presidente de la Sociedad de Fomento \u201cRoca Merlo\u201d Sergio Castrovinci y el secretario Eduardo Kriger.<\/p>\n<p>Los integrantes del Consejo de Administraci\u00f3n los felicitaron por su designaci\u00f3n al frente de la Comisi\u00f3n Directiva de la entidad y les desearon una excelente gesti\u00f3n. Las flamantes autoridades de la Sociedad de Fomento se refirieron a los proyectos planificados a corto y mediano plazo. Actualmente se encuentran gestionando aspectos legales y administrativos; esperan poder realizar reformas y algunos arreglos para optimizar las instalaciones y brindar nuevas actividades deportivas en pos de \u201cmejorar la instituci\u00f3n y abrirnos al barrio\u201d sostuvieron.<\/p>\n<p>Respecto de ambos encuentros, el titular de Coopelectric mencion\u00f3 \u201capostamos al di\u00e1logo y al fortalecimiento de nuestros lazos con las entidades intermedias. La Cooperativa est\u00e1 al servicio de ellas para acompa\u00f1arlas y<br \/>\nbrindar nuestra colaboraci\u00f3n en lo que necesiten\u201d.<\/p>\n<p><strong>Programa \u201cDi\u00e1logos Comunitarios\u201d<\/strong><\/p>\n<p>El Programa impulsado por Coopelectric, promueve espacios de encuentro con referentes de juntas vecinales, sociedades de fomento, entidades barriales, instituciones deportivas, educativas, asociaciones civiles sin fines de<br \/>\nlucro, ONG\u00b4s, entre otras; con la finalidad de abordar tem\u00e1ticas vinculadas a las prestaciones que brinda Coopelectric, profundizar el v\u00ednculo institucional y acordar acciones de trabajo concretas.<\/p>\n<p>Las entidades interesadas en participar pueden solicitar un encuentro acerc\u00e1ndose de lunes a viernes de 7:30 a 14:30 hs. al \u00e1rea de Secretar\u00eda en la sede de Belgrano N\u00b0 2850 o contact\u00e1ndose a trav\u00e9s de la casilla de correo secretariaadministracion@coopelectric.com.ar &lt;mailto:secretariaadministracion@coopelectric.com.ar&gt;<\/p>\n<p><a href=\"https:\/\/experienciadevida.com.ar\/portalurbano\/coopelectric-se-reunio-con-dos-sociedades-de-fomento\/coopelectric-se\/\" rel=\"attachment wp-att-166672\"><img decoding=\"async\" class=\"alignnone size-large wp-image-166672\" src=\"https:\/\/experienciadevida.com.ar\/portalurbano\/wp-content\/uploads\/2022\/04\/Coopelectric-se-1024x768.jpeg\" alt=\"Coopelectric se \" width=\"900\" height=\"675\" srcset=\"https:\/\/experienciadevida.com.ar\/portalurbano\/wp-content\/uploads\/2022\/04\/Coopelectric-se-1024x768.jpeg 1024w, https:\/\/experienciadevida.com.ar\/portalurbano\/wp-content\/uploads\/2022\/04\/Coopelectric-se-300x225.jpeg 300w, https:\/\/experienciadevida.com.ar\/portalurbano\/wp-content\/uploads\/2022\/04\/Coopelectric-se-768x576.jpeg 768w, https:\/\/experienciadevida.com.ar\/portalurbano\/wp-content\/uploads\/2022\/04\/Coopelectric-se.jpeg 1032w\" sizes=\"(max-width: 900px) 100vw, 900px\" \/><\/a><\/p>\n","protected":false},"excerpt":{"rendered":"<p>Coopelectric se reuni\u00f3 con dos sociedades de fomento, en el marco del programa di\u00e1logos comunitarios&#8230;.<\/p>\n","protected":false},"author":1,"featured_media":166671,"comment_status":"closed","ping_status":"closed","sticky":false,"template":"","format":"standard","meta":{"content-type":""},"categories":[27],"tags":[],"nelio_content":{"isAutoShareEnabled":false,"autoShareEndMode":"default","automationSources":{"useContentSentences":true,"useSocialTemplates":true,"useCustomSentences":false,"customSentences":[]},"followers":[1],"suggestedReferences":[],"includedReferences":[],"efiUrl":"","efiAlt":"","highlights":[]},"yoast_head":"<!-- This site is optimized with the Yoast SEO plugin v20.7 - https:\/\/yoast.com\/wordpress\/plugins\/seo\/ -->\n<title>Coopelectric se reuni\u00f3 con dos sociedades de fomento<\/title>\n<meta name=\"description\" content=\"Coopelectric se reuni\u00f3 con dos sociedades de fomento, en el marco del programa di\u00e1logos comunitarios, particip\u00f3 personal\" \/>\n<meta name=\"robots\" content=\"index, follow, max-snippet:-1, max-image-preview:large, max-video-preview:-1\" \/>\n<link rel=\"canonical\" href=\"https:\/\/experienciadevida.com.ar\/portalurbano\/coopelectric-se-reunio-con-dos-sociedades-de-fomento\/\" \/>\n<meta property=\"og:locale\" content=\"es_ES\" \/>\n<meta property=\"og:type\" content=\"article\" \/>\n<meta property=\"og:title\" content=\"Coopelectric se reuni\u00f3 con dos sociedades de fomento\" \/>\n<meta property=\"og:description\" content=\"Coopelectric se reuni\u00f3 con dos sociedades de fomento, en el marco del programa di\u00e1logos comunitarios, particip\u00f3 personal\" \/>\n<meta property=\"og:url\" content=\"https:\/\/experienciadevida.com.ar\/portalurbano\/coopelectric-se-reunio-con-dos-sociedades-de-fomento\/\" \/>\n<meta property=\"article:publisher\" content=\"https:\/\/www.facebook.com\/Portal-Urbano-171542830093757\/\" \/>\n<meta property=\"article:published_time\" content=\"2022-04-29T12:31:53+00:00\" \/>\n<meta property=\"article:modified_time\" content=\"2022-04-29T12:47:49+00:00\" \/>\n<meta property=\"og:image\" content=\"https:\/\/experienciadevida.com.ar\/portalurbano\/wp-content\/uploads\/2022\/04\/Coopelectric-se-reunio-con.jpeg\" \/>\n\t<meta property=\"og:image:width\" content=\"1032\" \/>\n\t<meta property=\"og:image:height\" content=\"581\" \/>\n\t<meta property=\"og:image:type\" content=\"image\/jpeg\" \/>\n<meta name=\"author\" content=\"admpu17wp\" \/>\n<meta name=\"twitter:card\" content=\"summary_large_image\" \/>\n<meta name=\"twitter:creator\" content=\"@portalurbanook\" \/>\n<meta name=\"twitter:site\" content=\"@portalurbanook\" \/>\n<meta name=\"twitter:label1\" content=\"Escrito por\" \/>\n\t<meta name=\"twitter:data1\" content=\"admpu17wp\" \/>\n\t<meta name=\"twitter:label2\" content=\"Tiempo de lectura\" \/>\n\t<meta name=\"twitter:data2\" content=\"3 minutos\" \/>\n<script type=\"application\/ld+json\" class=\"yoast-schema-graph\">{\"@context\":\"https:\/\/schema.org\",\"@graph\":[{\"@type\":\"Article\",\"@id\":\"https:\/\/experienciadevida.com.ar\/portalurbano\/coopelectric-se-reunio-con-dos-sociedades-de-fomento\/#article\",\"isPartOf\":{\"@id\":\"https:\/\/experienciadevida.com.ar\/portalurbano\/coopelectric-se-reunio-con-dos-sociedades-de-fomento\/\"},\"author\":{\"name\":\"admpu17wp\",\"@id\":\"https:\/\/experienciadevida.com.ar\/portalurbano\/#\/schema\/person\/02dd326b1c4b056e9cc972486934a3a7\"},\"headline\":\"Coopelectric se reuni\u00f3 con dos sociedades de fomento\",\"datePublished\":\"2022-04-29T12:31:53+00:00\",\"dateModified\":\"2022-04-29T12:47:49+00:00\",\"mainEntityOfPage\":{\"@id\":\"https:\/\/experienciadevida.com.ar\/portalurbano\/coopelectric-se-reunio-con-dos-sociedades-de-fomento\/\"},\"wordCount\":523,\"publisher\":{\"@id\":\"https:\/\/experienciadevida.com.ar\/portalurbano\/#organization\"},\"articleSection\":[\"Ciudad\"],\"inLanguage\":\"es\"},{\"@type\":\"WebPage\",\"@id\":\"https:\/\/experienciadevida.com.ar\/portalurbano\/coopelectric-se-reunio-con-dos-sociedades-de-fomento\/\",\"url\":\"https:\/\/experienciadevida.com.ar\/portalurbano\/coopelectric-se-reunio-con-dos-sociedades-de-fomento\/\",\"name\":\"Coopelectric se reuni\u00f3 con dos sociedades de fomento\",\"isPartOf\":{\"@id\":\"https:\/\/experienciadevida.com.ar\/portalurbano\/#website\"},\"datePublished\":\"2022-04-29T12:31:53+00:00\",\"dateModified\":\"2022-04-29T12:47:49+00:00\",\"description\":\"Coopelectric se reuni\u00f3 con dos sociedades de fomento, en el marco del programa di\u00e1logos comunitarios, particip\u00f3 personal\",\"breadcrumb\":{\"@id\":\"https:\/\/experienciadevida.com.ar\/portalurbano\/coopelectric-se-reunio-con-dos-sociedades-de-fomento\/#breadcrumb\"},\"inLanguage\":\"es\",\"potentialAction\":[{\"@type\":\"ReadAction\",\"target\":[\"https:\/\/experienciadevida.com.ar\/portalurbano\/coopelectric-se-reunio-con-dos-sociedades-de-fomento\/\"]}]},{\"@type\":\"BreadcrumbList\",\"@id\":\"https:\/\/experienciadevida.com.ar\/portalurbano\/coopelectric-se-reunio-con-dos-sociedades-de-fomento\/#breadcrumb\",\"itemListElement\":[{\"@type\":\"ListItem\",\"position\":1,\"name\":\"Portada\",\"item\":\"https:\/\/experienciadevida.com.ar\/portalurbano\/\"},{\"@type\":\"ListItem\",\"position\":2,\"name\":\"Coopelectric se reuni\u00f3 con dos sociedades de fomento\"}]},{\"@type\":\"WebSite\",\"@id\":\"https:\/\/experienciadevida.com.ar\/portalurbano\/#website\",\"url\":\"https:\/\/experienciadevida.com.ar\/portalurbano\/\",\"name\":\"\",\"description\":\"\",\"publisher\":{\"@id\":\"https:\/\/experienciadevida.com.ar\/portalurbano\/#organization\"},\"potentialAction\":[{\"@type\":\"SearchAction\",\"target\":{\"@type\":\"EntryPoint\",\"urlTemplate\":\"https:\/\/experienciadevida.com.ar\/portalurbano\/?s={search_term_string}\"},\"query-input\":\"required name=search_term_string\"}],\"inLanguage\":\"es\"},{\"@type\":\"Organization\",\"@id\":\"https:\/\/experienciadevida.com.ar\/portalurbano\/#organization\",\"name\":\"Portal Urbano\",\"url\":\"https:\/\/experienciadevida.com.ar\/portalurbano\/\",\"logo\":{\"@type\":\"ImageObject\",\"inLanguage\":\"es\",\"@id\":\"https:\/\/experienciadevida.com.ar\/portalurbano\/#\/schema\/logo\/image\/\",\"url\":\"https:\/\/experienciadevida.com.ar\/portalurbano\/wp-content\/uploads\/2019\/09\/Logo-Original.png\",\"contentUrl\":\"https:\/\/experienciadevida.com.ar\/portalurbano\/wp-content\/uploads\/2019\/09\/Logo-Original.png\",\"width\":2236,\"height\":1216,\"caption\":\"Portal Urbano\"},\"image\":{\"@id\":\"https:\/\/experienciadevida.com.ar\/portalurbano\/#\/schema\/logo\/image\/\"},\"sameAs\":[\"https:\/\/www.facebook.com\/Portal-Urbano-171542830093757\/\",\"https:\/\/twitter.com\/portalurbanook\",\"https:\/\/www.instagram.com\/_portalurbano\/\",\"https:\/\/www.youtube.com\/channel\/UCXhagIfszH8KxFiOok79zbA?view_as=subscriber\"]},{\"@type\":\"Person\",\"@id\":\"https:\/\/experienciadevida.com.ar\/portalurbano\/#\/schema\/person\/02dd326b1c4b056e9cc972486934a3a7\",\"name\":\"admpu17wp\",\"image\":{\"@type\":\"ImageObject\",\"inLanguage\":\"es\",\"@id\":\"https:\/\/experienciadevida.com.ar\/portalurbano\/#\/schema\/person\/image\/\",\"url\":\"https:\/\/secure.gravatar.com\/avatar\/830d4c57adaae6630765e449a6908047?s=96&d=mm&r=g\",\"contentUrl\":\"https:\/\/secure.gravatar.com\/avatar\/830d4c57adaae6630765e449a6908047?s=96&d=mm&r=g\",\"caption\":\"admpu17wp\"}}]}<\/script>\n<!-- \/ Yoast SEO plugin. -->","yoast_head_json":{"title":"Coopelectric se reuni\u00f3 con dos sociedades de fomento","description":"Coopelectric se reuni\u00f3 con dos sociedades de fomento, en el marco del programa di\u00e1logos comunitarios, particip\u00f3 personal","robots":{"index":"index","follow":"follow","max-snippet":"max-snippet:-1","max-image-preview":"max-image-preview:large","max-video-preview":"max-video-preview:-1"},"canonical":"https:\/\/experienciadevida.com.ar\/portalurbano\/coopelectric-se-reunio-con-dos-sociedades-de-fomento\/","og_locale":"es_ES","og_type":"article","og_title":"Coopelectric se reuni\u00f3 con dos sociedades de fomento","og_description":"Coopelectric se reuni\u00f3 con dos sociedades de fomento, en el marco del programa di\u00e1logos comunitarios, particip\u00f3 personal","og_url":"https:\/\/experienciadevida.com.ar\/portalurbano\/coopelectric-se-reunio-con-dos-sociedades-de-fomento\/","article_publisher":"https:\/\/www.facebook.com\/Portal-Urbano-171542830093757\/","article_published_time":"2022-04-29T12:31:53+00:00","article_modified_time":"2022-04-29T12:47:49+00:00","og_image":[{"width":1032,"height":581,"url":"https:\/\/experienciadevida.com.ar\/portalurbano\/wp-content\/uploads\/2022\/04\/Coopelectric-se-reunio-con.jpeg","type":"image\/jpeg"}],"author":"admpu17wp","twitter_card":"summary_large_image","twitter_creator":"@portalurbanook","twitter_site":"@portalurbanook","twitter_misc":{"Escrito por":"admpu17wp","Tiempo de lectura":"3 minutos"},"schema":{"@context":"https:\/\/schema.org","@graph":[{"@type":"Article","@id":"https:\/\/experienciadevida.com.ar\/portalurbano\/coopelectric-se-reunio-con-dos-sociedades-de-fomento\/#article","isPartOf":{"@id":"https:\/\/experienciadevida.com.ar\/portalurbano\/coopelectric-se-reunio-con-dos-sociedades-de-fomento\/"},"author":{"name":"admpu17wp","@id":"https:\/\/experienciadevida.com.ar\/portalurbano\/#\/schema\/person\/02dd326b1c4b056e9cc972486934a3a7"},"headline":"Coopelectric se reuni\u00f3 con dos sociedades de fomento","datePublished":"2022-04-29T12:31:53+00:00","dateModified":"2022-04-29T12:47:49+00:00","mainEntityOfPage":{"@id":"https:\/\/experienciadevida.com.ar\/portalurbano\/coopelectric-se-reunio-con-dos-sociedades-de-fomento\/"},"wordCount":523,"publisher":{"@id":"https:\/\/experienciadevida.com.ar\/portalurbano\/#organization"},"articleSection":["Ciudad"],"inLanguage":"es"},{"@type":"WebPage","@id":"https:\/\/experienciadevida.com.ar\/portalurbano\/coopelectric-se-reunio-con-dos-sociedades-de-fomento\/","url":"https:\/\/experienciadevida.com.ar\/portalurbano\/coopelectric-se-reunio-con-dos-sociedades-de-fomento\/","name":"Coopelectric se reuni\u00f3 con dos sociedades de fomento","isPartOf":{"@id":"https:\/\/experienciadevida.com.ar\/portalurbano\/#website"},"datePublished":"2022-04-29T12:31:53+00:00","dateModified":"2022-04-29T12:47:49+00:00","description":"Coopelectric se reuni\u00f3 con dos sociedades de fomento, en el marco del programa di\u00e1logos comunitarios, particip\u00f3 personal","breadcrumb":{"@id":"https:\/\/experienciadevida.com.ar\/portalurbano\/coopelectric-se-reunio-con-dos-sociedades-de-fomento\/#breadcrumb"},"inLanguage":"es","potentialAction":[{"@type":"ReadAction","target":["https:\/\/experienciadevida.com.ar\/portalurbano\/coopelectric-se-reunio-con-dos-sociedades-de-fomento\/"]}]},{"@type":"BreadcrumbList","@id":"https:\/\/experienciadevida.com.ar\/portalurbano\/coopelectric-se-reunio-con-dos-sociedades-de-fomento\/#breadcrumb","itemListElement":[{"@type":"ListItem","position":1,"name":"Portada","item":"https:\/\/experienciadevida.com.ar\/portalurbano\/"},{"@type":"ListItem","position":2,"name":"Coopelectric se reuni\u00f3 con dos sociedades de fomento"}]},{"@type":"WebSite","@id":"https:\/\/experienciadevida.com.ar\/portalurbano\/#website","url":"https:\/\/experienciadevida.com.ar\/portalurbano\/","name":"","description":"","publisher":{"@id":"https:\/\/experienciadevida.com.ar\/portalurbano\/#organization"},"potentialAction":[{"@type":"SearchAction","target":{"@type":"EntryPoint","urlTemplate":"https:\/\/experienciadevida.com.ar\/portalurbano\/?s={search_term_string}"},"query-input":"required name=search_term_string"}],"inLanguage":"es"},{"@type":"Organization","@id":"https:\/\/experienciadevida.com.ar\/portalurbano\/#organization","name":"Portal Urbano","url":"https:\/\/experienciadevida.com.ar\/portalurbano\/","logo":{"@type":"ImageObject","inLanguage":"es","@id":"https:\/\/experienciadevida.com.ar\/portalurbano\/#\/schema\/logo\/image\/","url":"https:\/\/experienciadevida.com.ar\/portalurbano\/wp-content\/uploads\/2019\/09\/Logo-Original.png","contentUrl":"https:\/\/experienciadevida.com.ar\/portalurbano\/wp-content\/uploads\/2019\/09\/Logo-Original.png","width":2236,"height":1216,"caption":"Portal Urbano"},"image":{"@id":"https:\/\/experienciadevida.com.ar\/portalurbano\/#\/schema\/logo\/image\/"},"sameAs":["https:\/\/www.facebook.com\/Portal-Urbano-171542830093757\/","https:\/\/twitter.com\/portalurbanook","https:\/\/www.instagram.com\/_portalurbano\/","https:\/\/www.youtube.com\/channel\/UCXhagIfszH8KxFiOok79zbA?view_as=subscriber"]},{"@type":"Person","@id":"https:\/\/experienciadevida.com.ar\/portalurbano\/#\/schema\/person\/02dd326b1c4b056e9cc972486934a3a7","name":"admpu17wp","image":{"@type":"ImageObject","inLanguage":"es","@id":"https:\/\/experienciadevida.com.ar\/portalurbano\/#\/schema\/person\/image\/","url":"https:\/\/secure.gravatar.com\/avatar\/830d4c57adaae6630765e449a6908047?s=96&d=mm&r=g","contentUrl":"https:\/\/secure.gravatar.com\/avatar\/830d4c57adaae6630765e449a6908047?s=96&d=mm&r=g","caption":"admpu17wp"}}]}},"featured_image_urls":{"full":["https:\/\/experienciadevida.com.ar\/portalurbano\/wp-content\/uploads\/2022\/04\/Coopelectric-se-reunio-con.jpeg",1032,581,false],"thumbnail":["https:\/\/experienciadevida.com.ar\/portalurbano\/wp-content\/uploads\/2022\/04\/Coopelectric-se-reunio-con-150x150.jpeg",150,150,true],"medium":["https:\/\/experienciadevida.com.ar\/portalurbano\/wp-content\/uploads\/2022\/04\/Coopelectric-se-reunio-con-300x169.jpeg",300,169,true],"medium_large":["https:\/\/experienciadevida.com.ar\/portalurbano\/wp-content\/uploads\/2022\/04\/Coopelectric-se-reunio-con-768x432.jpeg",640,360,true],"large":["https:\/\/experienciadevida.com.ar\/portalurbano\/wp-content\/uploads\/2022\/04\/Coopelectric-se-reunio-con-1024x576.jpeg",640,360,true],"ug_big":["https:\/\/experienciadevida.com.ar\/portalurbano\/wp-content\/uploads\/2022\/04\/Coopelectric-se-reunio-con-768x432.jpeg",768,432,true],"1536x1536":["https:\/\/experienciadevida.com.ar\/portalurbano\/wp-content\/uploads\/2022\/04\/Coopelectric-se-reunio-con.jpeg",1032,581,false],"2048x2048":["https:\/\/experienciadevida.com.ar\/portalurbano\/wp-content\/uploads\/2022\/04\/Coopelectric-se-reunio-con.jpeg",1032,581,false],"newsever-slider-full":["https:\/\/experienciadevida.com.ar\/portalurbano\/wp-content\/uploads\/2022\/04\/Coopelectric-se-reunio-con.jpeg",1032,581,false],"newsever-featured":["https:\/\/experienciadevida.com.ar\/portalurbano\/wp-content\/uploads\/2022\/04\/Coopelectric-se-reunio-con.jpeg",1024,576,false],"newsever-medium":["https:\/\/experienciadevida.com.ar\/portalurbano\/wp-content\/uploads\/2022\/04\/Coopelectric-se-reunio-con.jpeg",720,405,false],"web-stories-poster-portrait":["https:\/\/experienciadevida.com.ar\/portalurbano\/wp-content\/uploads\/2022\/04\/Coopelectric-se-reunio-con.jpeg",640,360,false],"web-stories-publisher-logo":["https:\/\/experienciadevida.com.ar\/portalurbano\/wp-content\/uploads\/2022\/04\/Coopelectric-se-reunio-con.jpeg",96,54,false],"web-stories-thumbnail":["https:\/\/experienciadevida.com.ar\/portalurbano\/wp-content\/uploads\/2022\/04\/Coopelectric-se-reunio-con.jpeg",150,84,false]},"author_info":{"display_name":"admpu17wp","author_link":"https:\/\/experienciadevida.com.ar\/portalurbano\/author\/admpu17wp\/"},"category_info":"<a href=\"https:\/\/experienciadevida.com.ar\/portalurbano\/category\/ciudad\/\" rel=\"category tag\">Ciudad<\/a>","tag_info":"Ciudad","comment_count":"0","amp_enabled":true,"_links":{"self":[{"href":"https:\/\/experienciadevida.com.ar\/portalurbano\/wp-json\/wp\/v2\/posts\/166670"}],"collection":[{"href":"https:\/\/experienciadevida.com.ar\/portalurbano\/wp-json\/wp\/v2\/posts"}],"about":[{"href":"https:\/\/experienciadevida.com.ar\/portalurbano\/wp-json\/wp\/v2\/types\/post"}],"author":[{"embeddable":true,"href":"https:\/\/experienciadevida.com.ar\/portalurbano\/wp-json\/wp\/v2\/users\/1"}],"replies":[{"embeddable":true,"href":"https:\/\/experienciadevida.com.ar\/portalurbano\/wp-json\/wp\/v2\/comments?post=166670"}],"version-history":[{"count":2,"href":"https:\/\/experienciadevida.com.ar\/portalurbano\/wp-json\/wp\/v2\/posts\/166670\/revisions"}],"predecessor-version":[{"id":166674,"href":"https:\/\/experienciadevida.com.ar\/portalurbano\/wp-json\/wp\/v2\/posts\/166670\/revisions\/166674"}],"wp:featuredmedia":[{"embeddable":true,"href":"https:\/\/experienciadevida.com.ar\/portalurbano\/wp-json\/wp\/v2\/media\/166671"}],"wp:attachment":[{"href":"https:\/\/experienciadevida.com.ar\/portalurbano\/wp-json\/wp\/v2\/media?parent=166670"}],"wp:term":[{"taxonomy":"category","embeddable":true,"href":"https:\/\/experienciadevida.com.ar\/portalurbano\/wp-json\/wp\/v2\/categories?post=166670"},{"taxonomy":"post_tag","embeddable":true,"href":"https:\/\/experienciadevida.com.ar\/portalurbano\/wp-json\/wp\/v2\/tags?post=166670"}],"curies":[{"name":"wp","href":"https:\/\/api.w.org\/{rel}","templated":true}]}}