{"id":166665,"date":"2022-04-29T09:24:21","date_gmt":"2022-04-29T12:24:21","guid":{"rendered":"https:\/\/experienciadevida.com.ar\/portalurbano\/?p=166665"},"modified":"2022-04-29T09:25:48","modified_gmt":"2022-04-29T12:25:48","slug":"proyecto-de-promocion-y-sensibilizacion-infancias-adolescencias-y-familia","status":"publish","type":"post","link":"https:\/\/experienciadevida.com.ar\/portalurbano\/proyecto-de-promocion-y-sensibilizacion-infancias-adolescencias-y-familia\/","title":{"rendered":"Proyecto de Promoci\u00f3n y Sensibilizaci\u00f3n: \u201cInfancias, adolescencias y familia\u201d"},"content":{"rendered":"<p>Proyecto de Promoci\u00f3n y Sensibilizaci\u00f3n: \u201cInfancias, adolescencias y familia\u201d, el <a href=\"https:\/\/www.facebook.com\/municipiodeolavarria\">Municipio<\/a> de Olavarr\u00eda, a trav\u00e9s de las Subsecretar\u00edas de Derechos, Igualdad y Oportunidades y de Desarrollo Social, informa que comenzar\u00e1 a implementar un proyecto de promoci\u00f3n y sensibilizaci\u00f3n en materia de infancias, adolescencias y familia.<\/p>\n<p>El mismo, se llevar\u00e1 a cabo en los servicios de las mencionadas Subsecretar\u00edas, recorriendo escalonadamente los jardines maternales, centros de d\u00eda, y sedes del Programa Callejeadas y Envi\u00f3n.<\/p>\n<p>Los encuentros ser\u00e1n coordinados por el profesor Cristian Delpiani y la Lic. en Psicolog\u00eda Mar\u00eda Eugenia Iraz\u00e1bal, quienes trabajar\u00e1n con el personal de cada espacio para facilitar espacios de reflexi\u00f3n sobre sus propias pr\u00e1cticas, con el objetivo de optimizar los dispositivos que, en diversas instancias, garantizan el pleno goce de derechos de ni\u00f1eces y adolescencias con las que trabajan diariamente.<\/p>\n<p>Para ello, se revisar\u00e1n los marcos normativos vigentes, para reforzar cuestiones b\u00e1sicas que tienen que ver con el encuadre jur\u00eddico normativo del Sistema de Protecci\u00f3n Integral de ni\u00f1os, ni\u00f1as y adolescentes, que impactan directamente en el abordaje de las situaciones y la articulaci\u00f3n interinstitucional.<\/p>\n<p>Adem\u00e1s, ser\u00e1n instancias formativas en materia de ni\u00f1eces y adolescencias para problematizar y poner en tensi\u00f3n las cotidianidades de cada instituci\u00f3n en la implementaci\u00f3n de pol\u00edticas p\u00fablicas que involucran la garant\u00eda de derechos y el trabajo en corresponsabilidad.<\/p>\n<p>El cronograma inicial contempla dos encuentros con el personal que desarrolla tareas de coordinaci\u00f3n y referentes significativos de cada servicio:<\/p>\n<p>Primer encuentro: el d\u00eda 6 de mayo a las 9 horas en la sede del Servicio Territorial N\u00b0 4. Se abordar\u00e1: \u201cSistema de Promoci\u00f3n y Protecci\u00f3n de los Derechos de Ni\u00f1as, Ni\u00f1os y Adolescentes de la Provincia de Buenos Aires\u201d Sustento normativo y paradigm\u00e1tico para pensar a las ni\u00f1as, ni\u00f1os y adolescentes como sujetos de derechos.<br \/>\nSegundo encuentro: d\u00eda a definir. Se trabajar\u00e1 sobre: \u201cPrimera infancia, Instituciones, Pr\u00e1cticas y Pol\u00edticas P\u00fablicas\u201d Aportes para repensar las pr\u00e1cticas cotidianas desde la instituci\u00f3n.<br \/>\nLa subsecretaria de Derechos, Igualdad y Oportunidades Valeria Chiramberro realiz\u00f3 un balance del trabajo en red que vienen desarrollando a trav\u00e9s del tiempo: \u201cVenimos trabajando sostenidamente en proyectos de articulaci\u00f3n entre las diferentes Subsecretar\u00edas de la Secretar\u00eda de Desarrollo Humano y Calidad de Vida. Este proyecto es fruto de este trabajo en conjunto en el \u00e1mbito de las ni\u00f1eces de las \u00e1reas que nos convocan, y en este recorrido hemos trazado objetivos transversales, criterios compartidos y estrategias en com\u00fan basados en la corresponsabilidad y en el trabajo articulado, as\u00ed que tenemos las mejores expectativas para seguir mejorando nuestros servicios de atenci\u00f3n, por medio de estos espacios de reflexi\u00f3n, formaci\u00f3n e intercambio de experiencias al interior de nuestros equipos\u201d, concluy\u00f3.<\/p>\n<p>Por su parte, la subsecretaria de Desarrollo Social, Silvana Rosales manifest\u00f3 que \u201cla idea es trabajar en conjunto y que todos los servicios puedan tener los mismos criterios de intervenci\u00f3n basados en el marco legal vigente, as\u00ed que celebramos esta posibilidad de revisarnos, aprender, y optimizar nuestros recursos de atenci\u00f3n en materia de derechos de las ni\u00f1eces y adolescencias\u201d, sostuvo.<\/p>\n<p>&nbsp;<\/p>\n","protected":false},"excerpt":{"rendered":"<p>Proyecto de Promoci\u00f3n y Sensibilizaci\u00f3n: \u201cInfancias, adolescencias y familia\u201d, el Municipio de Olavarr\u00eda, a trav\u00e9s&#8230;<\/p>\n","protected":false},"author":1,"featured_media":166666,"comment_status":"closed","ping_status":"closed","sticky":false,"template":"","format":"standard","meta":{"content-type":""},"categories":[27,64],"tags":[],"nelio_content":{"isAutoShareEnabled":false,"autoShareEndMode":"default","automationSources":{"useContentSentences":true,"useSocialTemplates":true,"useCustomSentences":false,"customSentences":[]},"followers":[1],"suggestedReferences":[],"includedReferences":[],"efiUrl":"","efiAlt":"","highlights":[]},"yoast_head":"<!-- This site is optimized with the Yoast SEO plugin v20.7 - https:\/\/yoast.com\/wordpress\/plugins\/seo\/ -->\n<title>Proyecto de promoci\u00f3n y sensibilizaci\u00f3n: &quot;Infancias, adolescencia&quot;<\/title>\n<meta name=\"description\" content=\"Proyecto de Promoci\u00f3n y Sensibilizaci\u00f3n: \u201cInfancias, adolescencias y familia\u201d, el Municipio de Olavarr\u00eda, a trav\u00e9s de las Subsecretar\u00edas\" \/>\n<meta name=\"robots\" content=\"index, follow, max-snippet:-1, max-image-preview:large, max-video-preview:-1\" \/>\n<link rel=\"canonical\" href=\"https:\/\/experienciadevida.com.ar\/portalurbano\/proyecto-de-promocion-y-sensibilizacion-infancias-adolescencias-y-familia\/\" \/>\n<meta property=\"og:locale\" content=\"es_ES\" \/>\n<meta property=\"og:type\" content=\"article\" \/>\n<meta property=\"og:title\" content=\"Proyecto de promoci\u00f3n y sensibilizaci\u00f3n: &quot;Infancias, adolescencia&quot;\" \/>\n<meta property=\"og:description\" content=\"Proyecto de Promoci\u00f3n y Sensibilizaci\u00f3n: \u201cInfancias, adolescencias y familia\u201d, el Municipio de Olavarr\u00eda, a trav\u00e9s de las Subsecretar\u00edas\" \/>\n<meta property=\"og:url\" content=\"https:\/\/experienciadevida.com.ar\/portalurbano\/proyecto-de-promocion-y-sensibilizacion-infancias-adolescencias-y-familia\/\" \/>\n<meta property=\"article:publisher\" content=\"https:\/\/www.facebook.com\/Portal-Urbano-171542830093757\/\" \/>\n<meta property=\"article:published_time\" content=\"2022-04-29T12:24:21+00:00\" \/>\n<meta property=\"article:modified_time\" content=\"2022-04-29T12:25:48+00:00\" \/>\n<meta property=\"og:image\" content=\"https:\/\/experienciadevida.com.ar\/portalurbano\/wp-content\/uploads\/2022\/04\/Proyecto-de-Promocion-y.jpg\" \/>\n\t<meta property=\"og:image:width\" content=\"1024\" \/>\n\t<meta property=\"og:image:height\" content=\"682\" \/>\n\t<meta property=\"og:image:type\" content=\"image\/jpeg\" \/>\n<meta name=\"author\" content=\"admpu17wp\" \/>\n<meta name=\"twitter:card\" content=\"summary_large_image\" \/>\n<meta name=\"twitter:creator\" content=\"@portalurbanook\" \/>\n<meta name=\"twitter:site\" content=\"@portalurbanook\" \/>\n<meta name=\"twitter:label1\" content=\"Escrito por\" \/>\n\t<meta name=\"twitter:data1\" content=\"admpu17wp\" \/>\n\t<meta name=\"twitter:label2\" content=\"Tiempo de lectura\" \/>\n\t<meta name=\"twitter:data2\" content=\"3 minutos\" \/>\n<script type=\"application\/ld+json\" class=\"yoast-schema-graph\">{\"@context\":\"https:\/\/schema.org\",\"@graph\":[{\"@type\":\"Article\",\"@id\":\"https:\/\/experienciadevida.com.ar\/portalurbano\/proyecto-de-promocion-y-sensibilizacion-infancias-adolescencias-y-familia\/#article\",\"isPartOf\":{\"@id\":\"https:\/\/experienciadevida.com.ar\/portalurbano\/proyecto-de-promocion-y-sensibilizacion-infancias-adolescencias-y-familia\/\"},\"author\":{\"name\":\"admpu17wp\",\"@id\":\"https:\/\/experienciadevida.com.ar\/portalurbano\/#\/schema\/person\/02dd326b1c4b056e9cc972486934a3a7\"},\"headline\":\"Proyecto de Promoci\u00f3n y Sensibilizaci\u00f3n: \u201cInfancias, adolescencias y familia\u201d\",\"datePublished\":\"2022-04-29T12:24:21+00:00\",\"dateModified\":\"2022-04-29T12:25:48+00:00\",\"mainEntityOfPage\":{\"@id\":\"https:\/\/experienciadevida.com.ar\/portalurbano\/proyecto-de-promocion-y-sensibilizacion-infancias-adolescencias-y-familia\/\"},\"wordCount\":564,\"publisher\":{\"@id\":\"https:\/\/experienciadevida.com.ar\/portalurbano\/#organization\"},\"articleSection\":[\"Ciudad\",\"Destacadas 2\"],\"inLanguage\":\"es\"},{\"@type\":\"WebPage\",\"@id\":\"https:\/\/experienciadevida.com.ar\/portalurbano\/proyecto-de-promocion-y-sensibilizacion-infancias-adolescencias-y-familia\/\",\"url\":\"https:\/\/experienciadevida.com.ar\/portalurbano\/proyecto-de-promocion-y-sensibilizacion-infancias-adolescencias-y-familia\/\",\"name\":\"Proyecto de promoci\u00f3n y sensibilizaci\u00f3n: \\\"Infancias, adolescencia\\\"\",\"isPartOf\":{\"@id\":\"https:\/\/experienciadevida.com.ar\/portalurbano\/#website\"},\"datePublished\":\"2022-04-29T12:24:21+00:00\",\"dateModified\":\"2022-04-29T12:25:48+00:00\",\"description\":\"Proyecto de Promoci\u00f3n y Sensibilizaci\u00f3n: \u201cInfancias, adolescencias y familia\u201d, el Municipio de Olavarr\u00eda, a trav\u00e9s de las Subsecretar\u00edas\",\"breadcrumb\":{\"@id\":\"https:\/\/experienciadevida.com.ar\/portalurbano\/proyecto-de-promocion-y-sensibilizacion-infancias-adolescencias-y-familia\/#breadcrumb\"},\"inLanguage\":\"es\",\"potentialAction\":[{\"@type\":\"ReadAction\",\"target\":[\"https:\/\/experienciadevida.com.ar\/portalurbano\/proyecto-de-promocion-y-sensibilizacion-infancias-adolescencias-y-familia\/\"]}]},{\"@type\":\"BreadcrumbList\",\"@id\":\"https:\/\/experienciadevida.com.ar\/portalurbano\/proyecto-de-promocion-y-sensibilizacion-infancias-adolescencias-y-familia\/#breadcrumb\",\"itemListElement\":[{\"@type\":\"ListItem\",\"position\":1,\"name\":\"Portada\",\"item\":\"https:\/\/experienciadevida.com.ar\/portalurbano\/\"},{\"@type\":\"ListItem\",\"position\":2,\"name\":\"Proyecto de Promoci\u00f3n y Sensibilizaci\u00f3n: \u201cInfancias, adolescencias y familia\u201d\"}]},{\"@type\":\"WebSite\",\"@id\":\"https:\/\/experienciadevida.com.ar\/portalurbano\/#website\",\"url\":\"https:\/\/experienciadevida.com.ar\/portalurbano\/\",\"name\":\"\",\"description\":\"\",\"publisher\":{\"@id\":\"https:\/\/experienciadevida.com.ar\/portalurbano\/#organization\"},\"potentialAction\":[{\"@type\":\"SearchAction\",\"target\":{\"@type\":\"EntryPoint\",\"urlTemplate\":\"https:\/\/experienciadevida.com.ar\/portalurbano\/?s={search_term_string}\"},\"query-input\":\"required name=search_term_string\"}],\"inLanguage\":\"es\"},{\"@type\":\"Organization\",\"@id\":\"https:\/\/experienciadevida.com.ar\/portalurbano\/#organization\",\"name\":\"Portal Urbano\",\"url\":\"https:\/\/experienciadevida.com.ar\/portalurbano\/\",\"logo\":{\"@type\":\"ImageObject\",\"inLanguage\":\"es\",\"@id\":\"https:\/\/experienciadevida.com.ar\/portalurbano\/#\/schema\/logo\/image\/\",\"url\":\"https:\/\/experienciadevida.com.ar\/portalurbano\/wp-content\/uploads\/2019\/09\/Logo-Original.png\",\"contentUrl\":\"https:\/\/experienciadevida.com.ar\/portalurbano\/wp-content\/uploads\/2019\/09\/Logo-Original.png\",\"width\":2236,\"height\":1216,\"caption\":\"Portal Urbano\"},\"image\":{\"@id\":\"https:\/\/experienciadevida.com.ar\/portalurbano\/#\/schema\/logo\/image\/\"},\"sameAs\":[\"https:\/\/www.facebook.com\/Portal-Urbano-171542830093757\/\",\"https:\/\/twitter.com\/portalurbanook\",\"https:\/\/www.instagram.com\/_portalurbano\/\",\"https:\/\/www.youtube.com\/channel\/UCXhagIfszH8KxFiOok79zbA?view_as=subscriber\"]},{\"@type\":\"Person\",\"@id\":\"https:\/\/experienciadevida.com.ar\/portalurbano\/#\/schema\/person\/02dd326b1c4b056e9cc972486934a3a7\",\"name\":\"admpu17wp\",\"image\":{\"@type\":\"ImageObject\",\"inLanguage\":\"es\",\"@id\":\"https:\/\/experienciadevida.com.ar\/portalurbano\/#\/schema\/person\/image\/\",\"url\":\"https:\/\/secure.gravatar.com\/avatar\/830d4c57adaae6630765e449a6908047?s=96&d=mm&r=g\",\"contentUrl\":\"https:\/\/secure.gravatar.com\/avatar\/830d4c57adaae6630765e449a6908047?s=96&d=mm&r=g\",\"caption\":\"admpu17wp\"}}]}<\/script>\n<!-- \/ Yoast SEO plugin. -->","yoast_head_json":{"title":"Proyecto de promoci\u00f3n y sensibilizaci\u00f3n: \"Infancias, adolescencia\"","description":"Proyecto de Promoci\u00f3n y Sensibilizaci\u00f3n: \u201cInfancias, adolescencias y familia\u201d, el Municipio de Olavarr\u00eda, a trav\u00e9s de las Subsecretar\u00edas","robots":{"index":"index","follow":"follow","max-snippet":"max-snippet:-1","max-image-preview":"max-image-preview:large","max-video-preview":"max-video-preview:-1"},"canonical":"https:\/\/experienciadevida.com.ar\/portalurbano\/proyecto-de-promocion-y-sensibilizacion-infancias-adolescencias-y-familia\/","og_locale":"es_ES","og_type":"article","og_title":"Proyecto de promoci\u00f3n y sensibilizaci\u00f3n: \"Infancias, adolescencia\"","og_description":"Proyecto de Promoci\u00f3n y Sensibilizaci\u00f3n: \u201cInfancias, adolescencias y familia\u201d, el Municipio de Olavarr\u00eda, a trav\u00e9s de las Subsecretar\u00edas","og_url":"https:\/\/experienciadevida.com.ar\/portalurbano\/proyecto-de-promocion-y-sensibilizacion-infancias-adolescencias-y-familia\/","article_publisher":"https:\/\/www.facebook.com\/Portal-Urbano-171542830093757\/","article_published_time":"2022-04-29T12:24:21+00:00","article_modified_time":"2022-04-29T12:25:48+00:00","og_image":[{"width":1024,"height":682,"url":"https:\/\/experienciadevida.com.ar\/portalurbano\/wp-content\/uploads\/2022\/04\/Proyecto-de-Promocion-y.jpg","type":"image\/jpeg"}],"author":"admpu17wp","twitter_card":"summary_large_image","twitter_creator":"@portalurbanook","twitter_site":"@portalurbanook","twitter_misc":{"Escrito por":"admpu17wp","Tiempo de lectura":"3 minutos"},"schema":{"@context":"https:\/\/schema.org","@graph":[{"@type":"Article","@id":"https:\/\/experienciadevida.com.ar\/portalurbano\/proyecto-de-promocion-y-sensibilizacion-infancias-adolescencias-y-familia\/#article","isPartOf":{"@id":"https:\/\/experienciadevida.com.ar\/portalurbano\/proyecto-de-promocion-y-sensibilizacion-infancias-adolescencias-y-familia\/"},"author":{"name":"admpu17wp","@id":"https:\/\/experienciadevida.com.ar\/portalurbano\/#\/schema\/person\/02dd326b1c4b056e9cc972486934a3a7"},"headline":"Proyecto de Promoci\u00f3n y Sensibilizaci\u00f3n: \u201cInfancias, adolescencias y familia\u201d","datePublished":"2022-04-29T12:24:21+00:00","dateModified":"2022-04-29T12:25:48+00:00","mainEntityOfPage":{"@id":"https:\/\/experienciadevida.com.ar\/portalurbano\/proyecto-de-promocion-y-sensibilizacion-infancias-adolescencias-y-familia\/"},"wordCount":564,"publisher":{"@id":"https:\/\/experienciadevida.com.ar\/portalurbano\/#organization"},"articleSection":["Ciudad","Destacadas 2"],"inLanguage":"es"},{"@type":"WebPage","@id":"https:\/\/experienciadevida.com.ar\/portalurbano\/proyecto-de-promocion-y-sensibilizacion-infancias-adolescencias-y-familia\/","url":"https:\/\/experienciadevida.com.ar\/portalurbano\/proyecto-de-promocion-y-sensibilizacion-infancias-adolescencias-y-familia\/","name":"Proyecto de promoci\u00f3n y sensibilizaci\u00f3n: \"Infancias, adolescencia\"","isPartOf":{"@id":"https:\/\/experienciadevida.com.ar\/portalurbano\/#website"},"datePublished":"2022-04-29T12:24:21+00:00","dateModified":"2022-04-29T12:25:48+00:00","description":"Proyecto de Promoci\u00f3n y Sensibilizaci\u00f3n: \u201cInfancias, adolescencias y familia\u201d, el Municipio de Olavarr\u00eda, a trav\u00e9s de las Subsecretar\u00edas","breadcrumb":{"@id":"https:\/\/experienciadevida.com.ar\/portalurbano\/proyecto-de-promocion-y-sensibilizacion-infancias-adolescencias-y-familia\/#breadcrumb"},"inLanguage":"es","potentialAction":[{"@type":"ReadAction","target":["https:\/\/experienciadevida.com.ar\/portalurbano\/proyecto-de-promocion-y-sensibilizacion-infancias-adolescencias-y-familia\/"]}]},{"@type":"BreadcrumbList","@id":"https:\/\/experienciadevida.com.ar\/portalurbano\/proyecto-de-promocion-y-sensibilizacion-infancias-adolescencias-y-familia\/#breadcrumb","itemListElement":[{"@type":"ListItem","position":1,"name":"Portada","item":"https:\/\/experienciadevida.com.ar\/portalurbano\/"},{"@type":"ListItem","position":2,"name":"Proyecto de Promoci\u00f3n y Sensibilizaci\u00f3n: \u201cInfancias, adolescencias y familia\u201d"}]},{"@type":"WebSite","@id":"https:\/\/experienciadevida.com.ar\/portalurbano\/#website","url":"https:\/\/experienciadevida.com.ar\/portalurbano\/","name":"","description":"","publisher":{"@id":"https:\/\/experienciadevida.com.ar\/portalurbano\/#organization"},"potentialAction":[{"@type":"SearchAction","target":{"@type":"EntryPoint","urlTemplate":"https:\/\/experienciadevida.com.ar\/portalurbano\/?s={search_term_string}"},"query-input":"required name=search_term_string"}],"inLanguage":"es"},{"@type":"Organization","@id":"https:\/\/experienciadevida.com.ar\/portalurbano\/#organization","name":"Portal Urbano","url":"https:\/\/experienciadevida.com.ar\/portalurbano\/","logo":{"@type":"ImageObject","inLanguage":"es","@id":"https:\/\/experienciadevida.com.ar\/portalurbano\/#\/schema\/logo\/image\/","url":"https:\/\/experienciadevida.com.ar\/portalurbano\/wp-content\/uploads\/2019\/09\/Logo-Original.png","contentUrl":"https:\/\/experienciadevida.com.ar\/portalurbano\/wp-content\/uploads\/2019\/09\/Logo-Original.png","width":2236,"height":1216,"caption":"Portal Urbano"},"image":{"@id":"https:\/\/experienciadevida.com.ar\/portalurbano\/#\/schema\/logo\/image\/"},"sameAs":["https:\/\/www.facebook.com\/Portal-Urbano-171542830093757\/","https:\/\/twitter.com\/portalurbanook","https:\/\/www.instagram.com\/_portalurbano\/","https:\/\/www.youtube.com\/channel\/UCXhagIfszH8KxFiOok79zbA?view_as=subscriber"]},{"@type":"Person","@id":"https:\/\/experienciadevida.com.ar\/portalurbano\/#\/schema\/person\/02dd326b1c4b056e9cc972486934a3a7","name":"admpu17wp","image":{"@type":"ImageObject","inLanguage":"es","@id":"https:\/\/experienciadevida.com.ar\/portalurbano\/#\/schema\/person\/image\/","url":"https:\/\/secure.gravatar.com\/avatar\/830d4c57adaae6630765e449a6908047?s=96&d=mm&r=g","contentUrl":"https:\/\/secure.gravatar.com\/avatar\/830d4c57adaae6630765e449a6908047?s=96&d=mm&r=g","caption":"admpu17wp"}}]}},"featured_image_urls":{"full":["https:\/\/experienciadevida.com.ar\/portalurbano\/wp-content\/uploads\/2022\/04\/Proyecto-de-Promocion-y.jpg",1024,682,false],"thumbnail":["https:\/\/experienciadevida.com.ar\/portalurbano\/wp-content\/uploads\/2022\/04\/Proyecto-de-Promocion-y-150x150.jpg",150,150,true],"medium":["https:\/\/experienciadevida.com.ar\/portalurbano\/wp-content\/uploads\/2022\/04\/Proyecto-de-Promocion-y-300x200.jpg",300,200,true],"medium_large":["https:\/\/experienciadevida.com.ar\/portalurbano\/wp-content\/uploads\/2022\/04\/Proyecto-de-Promocion-y-768x512.jpg",640,427,true],"large":["https:\/\/experienciadevida.com.ar\/portalurbano\/wp-content\/uploads\/2022\/04\/Proyecto-de-Promocion-y.jpg",640,426,false],"ug_big":["https:\/\/experienciadevida.com.ar\/portalurbano\/wp-content\/uploads\/2022\/04\/Proyecto-de-Promocion-y-768x512.jpg",768,512,true],"1536x1536":["https:\/\/experienciadevida.com.ar\/portalurbano\/wp-content\/uploads\/2022\/04\/Proyecto-de-Promocion-y.jpg",1024,682,false],"2048x2048":["https:\/\/experienciadevida.com.ar\/portalurbano\/wp-content\/uploads\/2022\/04\/Proyecto-de-Promocion-y.jpg",1024,682,false],"newsever-slider-full":["https:\/\/experienciadevida.com.ar\/portalurbano\/wp-content\/uploads\/2022\/04\/Proyecto-de-Promocion-y.jpg",1024,682,false],"newsever-featured":["https:\/\/experienciadevida.com.ar\/portalurbano\/wp-content\/uploads\/2022\/04\/Proyecto-de-Promocion-y.jpg",1024,682,false],"newsever-medium":["https:\/\/experienciadevida.com.ar\/portalurbano\/wp-content\/uploads\/2022\/04\/Proyecto-de-Promocion-y.jpg",713,475,false],"web-stories-poster-portrait":["https:\/\/experienciadevida.com.ar\/portalurbano\/wp-content\/uploads\/2022\/04\/Proyecto-de-Promocion-y.jpg",640,426,false],"web-stories-publisher-logo":["https:\/\/experienciadevida.com.ar\/portalurbano\/wp-content\/uploads\/2022\/04\/Proyecto-de-Promocion-y.jpg",96,64,false],"web-stories-thumbnail":["https:\/\/experienciadevida.com.ar\/portalurbano\/wp-content\/uploads\/2022\/04\/Proyecto-de-Promocion-y.jpg",150,100,false]},"author_info":{"display_name":"admpu17wp","author_link":"https:\/\/experienciadevida.com.ar\/portalurbano\/author\/admpu17wp\/"},"category_info":"<a href=\"https:\/\/experienciadevida.com.ar\/portalurbano\/category\/ciudad\/\" rel=\"category tag\">Ciudad<\/a> <a href=\"https:\/\/experienciadevida.com.ar\/portalurbano\/category\/destacadas-2\/\" rel=\"category tag\">Destacadas 2<\/a>","tag_info":"Destacadas 2","comment_count":"0","amp_enabled":true,"_links":{"self":[{"href":"https:\/\/experienciadevida.com.ar\/portalurbano\/wp-json\/wp\/v2\/posts\/166665"}],"collection":[{"href":"https:\/\/experienciadevida.com.ar\/portalurbano\/wp-json\/wp\/v2\/posts"}],"about":[{"href":"https:\/\/experienciadevida.com.ar\/portalurbano\/wp-json\/wp\/v2\/types\/post"}],"author":[{"embeddable":true,"href":"https:\/\/experienciadevida.com.ar\/portalurbano\/wp-json\/wp\/v2\/users\/1"}],"replies":[{"embeddable":true,"href":"https:\/\/experienciadevida.com.ar\/portalurbano\/wp-json\/wp\/v2\/comments?post=166665"}],"version-history":[{"count":3,"href":"https:\/\/experienciadevida.com.ar\/portalurbano\/wp-json\/wp\/v2\/posts\/166665\/revisions"}],"predecessor-version":[{"id":166669,"href":"https:\/\/experienciadevida.com.ar\/portalurbano\/wp-json\/wp\/v2\/posts\/166665\/revisions\/166669"}],"wp:featuredmedia":[{"embeddable":true,"href":"https:\/\/experienciadevida.com.ar\/portalurbano\/wp-json\/wp\/v2\/media\/166666"}],"wp:attachment":[{"href":"https:\/\/experienciadevida.com.ar\/portalurbano\/wp-json\/wp\/v2\/media?parent=166665"}],"wp:term":[{"taxonomy":"category","embeddable":true,"href":"https:\/\/experienciadevida.com.ar\/portalurbano\/wp-json\/wp\/v2\/categories?post=166665"},{"taxonomy":"post_tag","embeddable":true,"href":"https:\/\/experienciadevida.com.ar\/portalurbano\/wp-json\/wp\/v2\/tags?post=166665"}],"curies":[{"name":"wp","href":"https:\/\/api.w.org\/{rel}","templated":true}]}}