{"id":166655,"date":"2022-04-28T20:05:02","date_gmt":"2022-04-28T23:05:02","guid":{"rendered":"https:\/\/experienciadevida.com.ar\/portalurbano\/?p=166655"},"modified":"2022-04-28T20:07:44","modified_gmt":"2022-04-28T23:07:44","slug":"ezequiel-galli-visito-la-obra-de-terminacion-del-edificio-para-artes-visuales","status":"publish","type":"post","link":"https:\/\/experienciadevida.com.ar\/portalurbano\/ezequiel-galli-visito-la-obra-de-terminacion-del-edificio-para-artes-visuales\/","title":{"rendered":"Ezequiel Galli visit\u00f3 la obra de terminaci\u00f3n del edificio para Artes Visuales"},"content":{"rendered":"<p>Ezequiel <a href=\"https:\/\/www.facebook.com\/galliezequiel\">Galli<\/a> visit\u00f3 la obra de terminaci\u00f3n del edificio para Artes Visuales, en la ma\u00f1ana de este jueves la obra de terminaci\u00f3n del edificio para el funcionamiento de la Escuela de Artes Visuales \u201cMiguel \u00c1ngel Galgano\u201d, que se emplazar\u00e1 en la Escuela Agropecuaria.<\/p>\n<p>Durante la visita el Intendente estuvo acompa\u00f1ado por el secretario de Mantenimiento y Obras P\u00fablicas Julio Ferraro, quien explic\u00f3 que los trabajos consisten en la construcci\u00f3n de aulas, administraci\u00f3n, edificio para sanitario, duchas y trabajos de infraestructura de servicio exterior.<\/p>\n<p>Asimismo, se reparar\u00e1n los rubros ejecutados en la etapa anterior y que se encuentran destruidos o deteriorados. Se instalar\u00e1n nuevas ventanas de aluminio, se retirar\u00e1n las puertas corredizas de embutir y se pondr\u00e1n nuevas. Tambi\u00e9n se llevar\u00e1n a cabo las instalaciones de electricidad, calefacci\u00f3n, cielorrasos y pisos.<\/p>\n<p>Cabe recordar que la obra fue licitada en el mes de noviembre de 2021, resultando adjudicataria la firma de Jos\u00e9 Carlos Balzi por la suma de 29.864.800 pesos.<\/p>\n<p><a href=\"https:\/\/experienciadevida.com.ar\/portalurbano\/ezequiel-galli-visito-la-obra-de-terminacion-del-edificio-para-artes-visuales\/ezequiel-galli-16\/\" rel=\"attachment wp-att-166657\"><img decoding=\"async\" class=\"alignnone size-large wp-image-166657\" src=\"https:\/\/experienciadevida.com.ar\/portalurbano\/wp-content\/uploads\/2022\/04\/Ezequiel-Galli-1024x684.jpg\" alt=\"Ezequiel Galli\" width=\"900\" height=\"601\" srcset=\"https:\/\/experienciadevida.com.ar\/portalurbano\/wp-content\/uploads\/2022\/04\/Ezequiel-Galli-1024x684.jpg 1024w, https:\/\/experienciadevida.com.ar\/portalurbano\/wp-content\/uploads\/2022\/04\/Ezequiel-Galli-300x201.jpg 300w, https:\/\/experienciadevida.com.ar\/portalurbano\/wp-content\/uploads\/2022\/04\/Ezequiel-Galli-768x513.jpg 768w, https:\/\/experienciadevida.com.ar\/portalurbano\/wp-content\/uploads\/2022\/04\/Ezequiel-Galli-1536x1027.jpg 1536w, https:\/\/experienciadevida.com.ar\/portalurbano\/wp-content\/uploads\/2022\/04\/Ezequiel-Galli-2048x1369.jpg 2048w\" sizes=\"(max-width: 900px) 100vw, 900px\" \/><\/a><\/p>\n","protected":false},"excerpt":{"rendered":"<p>Ezequiel Galli visit\u00f3 la obra de terminaci\u00f3n del edificio para Artes Visuales, en la ma\u00f1ana&#8230;<\/p>\n","protected":false},"author":1,"featured_media":166656,"comment_status":"closed","ping_status":"closed","sticky":false,"template":"","format":"standard","meta":{"content-type":""},"categories":[27],"tags":[],"nelio_content":{"isAutoShareEnabled":false,"autoShareEndMode":"default","automationSources":{"useContentSentences":true,"useSocialTemplates":true,"useCustomSentences":false,"customSentences":[]},"followers":[1],"suggestedReferences":[],"includedReferences":[],"efiUrl":"","efiAlt":"","highlights":[]},"yoast_head":"<!-- This site is optimized with the Yoast SEO plugin v20.7 - https:\/\/yoast.com\/wordpress\/plugins\/seo\/ -->\n<title>Ezequiel Galli visit\u00f3 la obra de terminaci\u00f3n del edificio para artes visuales<\/title>\n<meta name=\"description\" content=\"Ezequiel Galli visit\u00f3 la obra de terminaci\u00f3n del edificio para Artes Visuales, en la ma\u00f1ana de este jueves la obra de terminaci\u00f3n\" \/>\n<meta name=\"robots\" content=\"index, follow, max-snippet:-1, max-image-preview:large, max-video-preview:-1\" \/>\n<link rel=\"canonical\" href=\"https:\/\/experienciadevida.com.ar\/portalurbano\/ezequiel-galli-visito-la-obra-de-terminacion-del-edificio-para-artes-visuales\/\" \/>\n<meta property=\"og:locale\" content=\"es_ES\" \/>\n<meta property=\"og:type\" content=\"article\" \/>\n<meta property=\"og:title\" content=\"Ezequiel Galli visit\u00f3 la obra de terminaci\u00f3n del edificio para artes visuales\" \/>\n<meta property=\"og:description\" content=\"Ezequiel Galli visit\u00f3 la obra de terminaci\u00f3n del edificio para Artes Visuales, en la ma\u00f1ana de este jueves la obra de terminaci\u00f3n\" \/>\n<meta property=\"og:url\" content=\"https:\/\/experienciadevida.com.ar\/portalurbano\/ezequiel-galli-visito-la-obra-de-terminacion-del-edificio-para-artes-visuales\/\" \/>\n<meta property=\"article:publisher\" content=\"https:\/\/www.facebook.com\/Portal-Urbano-171542830093757\/\" \/>\n<meta property=\"article:published_time\" content=\"2022-04-28T23:05:02+00:00\" \/>\n<meta property=\"article:modified_time\" content=\"2022-04-28T23:07:44+00:00\" \/>\n<meta property=\"og:image\" content=\"https:\/\/experienciadevida.com.ar\/portalurbano\/wp-content\/uploads\/2022\/04\/Ezequiel-Galli-visito-la.jpg\" \/>\n\t<meta property=\"og:image:width\" content=\"2560\" \/>\n\t<meta property=\"og:image:height\" content=\"1711\" \/>\n\t<meta property=\"og:image:type\" content=\"image\/jpeg\" \/>\n<meta name=\"author\" content=\"admpu17wp\" \/>\n<meta name=\"twitter:card\" content=\"summary_large_image\" \/>\n<meta name=\"twitter:creator\" content=\"@portalurbanook\" \/>\n<meta name=\"twitter:site\" content=\"@portalurbanook\" \/>\n<meta name=\"twitter:label1\" content=\"Escrito por\" \/>\n\t<meta name=\"twitter:data1\" content=\"admpu17wp\" \/>\n\t<meta name=\"twitter:label2\" content=\"Tiempo de lectura\" \/>\n\t<meta name=\"twitter:data2\" content=\"1 minuto\" \/>\n<script type=\"application\/ld+json\" class=\"yoast-schema-graph\">{\"@context\":\"https:\/\/schema.org\",\"@graph\":[{\"@type\":\"Article\",\"@id\":\"https:\/\/experienciadevida.com.ar\/portalurbano\/ezequiel-galli-visito-la-obra-de-terminacion-del-edificio-para-artes-visuales\/#article\",\"isPartOf\":{\"@id\":\"https:\/\/experienciadevida.com.ar\/portalurbano\/ezequiel-galli-visito-la-obra-de-terminacion-del-edificio-para-artes-visuales\/\"},\"author\":{\"name\":\"admpu17wp\",\"@id\":\"https:\/\/experienciadevida.com.ar\/portalurbano\/#\/schema\/person\/02dd326b1c4b056e9cc972486934a3a7\"},\"headline\":\"Ezequiel Galli visit\u00f3 la obra de terminaci\u00f3n del edificio para Artes Visuales\",\"datePublished\":\"2022-04-28T23:05:02+00:00\",\"dateModified\":\"2022-04-28T23:07:44+00:00\",\"mainEntityOfPage\":{\"@id\":\"https:\/\/experienciadevida.com.ar\/portalurbano\/ezequiel-galli-visito-la-obra-de-terminacion-del-edificio-para-artes-visuales\/\"},\"wordCount\":183,\"publisher\":{\"@id\":\"https:\/\/experienciadevida.com.ar\/portalurbano\/#organization\"},\"articleSection\":[\"Ciudad\"],\"inLanguage\":\"es\"},{\"@type\":\"WebPage\",\"@id\":\"https:\/\/experienciadevida.com.ar\/portalurbano\/ezequiel-galli-visito-la-obra-de-terminacion-del-edificio-para-artes-visuales\/\",\"url\":\"https:\/\/experienciadevida.com.ar\/portalurbano\/ezequiel-galli-visito-la-obra-de-terminacion-del-edificio-para-artes-visuales\/\",\"name\":\"Ezequiel Galli visit\u00f3 la obra de terminaci\u00f3n del edificio para artes visuales\",\"isPartOf\":{\"@id\":\"https:\/\/experienciadevida.com.ar\/portalurbano\/#website\"},\"datePublished\":\"2022-04-28T23:05:02+00:00\",\"dateModified\":\"2022-04-28T23:07:44+00:00\",\"description\":\"Ezequiel Galli visit\u00f3 la obra de terminaci\u00f3n del edificio para Artes Visuales, en la ma\u00f1ana de este jueves la obra de terminaci\u00f3n\",\"breadcrumb\":{\"@id\":\"https:\/\/experienciadevida.com.ar\/portalurbano\/ezequiel-galli-visito-la-obra-de-terminacion-del-edificio-para-artes-visuales\/#breadcrumb\"},\"inLanguage\":\"es\",\"potentialAction\":[{\"@type\":\"ReadAction\",\"target\":[\"https:\/\/experienciadevida.com.ar\/portalurbano\/ezequiel-galli-visito-la-obra-de-terminacion-del-edificio-para-artes-visuales\/\"]}]},{\"@type\":\"BreadcrumbList\",\"@id\":\"https:\/\/experienciadevida.com.ar\/portalurbano\/ezequiel-galli-visito-la-obra-de-terminacion-del-edificio-para-artes-visuales\/#breadcrumb\",\"itemListElement\":[{\"@type\":\"ListItem\",\"position\":1,\"name\":\"Portada\",\"item\":\"https:\/\/experienciadevida.com.ar\/portalurbano\/\"},{\"@type\":\"ListItem\",\"position\":2,\"name\":\"Ezequiel Galli visit\u00f3 la obra de terminaci\u00f3n del edificio para Artes Visuales\"}]},{\"@type\":\"WebSite\",\"@id\":\"https:\/\/experienciadevida.com.ar\/portalurbano\/#website\",\"url\":\"https:\/\/experienciadevida.com.ar\/portalurbano\/\",\"name\":\"\",\"description\":\"\",\"publisher\":{\"@id\":\"https:\/\/experienciadevida.com.ar\/portalurbano\/#organization\"},\"potentialAction\":[{\"@type\":\"SearchAction\",\"target\":{\"@type\":\"EntryPoint\",\"urlTemplate\":\"https:\/\/experienciadevida.com.ar\/portalurbano\/?s={search_term_string}\"},\"query-input\":\"required name=search_term_string\"}],\"inLanguage\":\"es\"},{\"@type\":\"Organization\",\"@id\":\"https:\/\/experienciadevida.com.ar\/portalurbano\/#organization\",\"name\":\"Portal Urbano\",\"url\":\"https:\/\/experienciadevida.com.ar\/portalurbano\/\",\"logo\":{\"@type\":\"ImageObject\",\"inLanguage\":\"es\",\"@id\":\"https:\/\/experienciadevida.com.ar\/portalurbano\/#\/schema\/logo\/image\/\",\"url\":\"https:\/\/experienciadevida.com.ar\/portalurbano\/wp-content\/uploads\/2019\/09\/Logo-Original.png\",\"contentUrl\":\"https:\/\/experienciadevida.com.ar\/portalurbano\/wp-content\/uploads\/2019\/09\/Logo-Original.png\",\"width\":2236,\"height\":1216,\"caption\":\"Portal Urbano\"},\"image\":{\"@id\":\"https:\/\/experienciadevida.com.ar\/portalurbano\/#\/schema\/logo\/image\/\"},\"sameAs\":[\"https:\/\/www.facebook.com\/Portal-Urbano-171542830093757\/\",\"https:\/\/twitter.com\/portalurbanook\",\"https:\/\/www.instagram.com\/_portalurbano\/\",\"https:\/\/www.youtube.com\/channel\/UCXhagIfszH8KxFiOok79zbA?view_as=subscriber\"]},{\"@type\":\"Person\",\"@id\":\"https:\/\/experienciadevida.com.ar\/portalurbano\/#\/schema\/person\/02dd326b1c4b056e9cc972486934a3a7\",\"name\":\"admpu17wp\",\"image\":{\"@type\":\"ImageObject\",\"inLanguage\":\"es\",\"@id\":\"https:\/\/experienciadevida.com.ar\/portalurbano\/#\/schema\/person\/image\/\",\"url\":\"https:\/\/secure.gravatar.com\/avatar\/830d4c57adaae6630765e449a6908047?s=96&d=mm&r=g\",\"contentUrl\":\"https:\/\/secure.gravatar.com\/avatar\/830d4c57adaae6630765e449a6908047?s=96&d=mm&r=g\",\"caption\":\"admpu17wp\"}}]}<\/script>\n<!-- \/ Yoast SEO plugin. -->","yoast_head_json":{"title":"Ezequiel Galli visit\u00f3 la obra de terminaci\u00f3n del edificio para artes visuales","description":"Ezequiel Galli visit\u00f3 la obra de terminaci\u00f3n del edificio para Artes Visuales, en la ma\u00f1ana de este jueves la obra de terminaci\u00f3n","robots":{"index":"index","follow":"follow","max-snippet":"max-snippet:-1","max-image-preview":"max-image-preview:large","max-video-preview":"max-video-preview:-1"},"canonical":"https:\/\/experienciadevida.com.ar\/portalurbano\/ezequiel-galli-visito-la-obra-de-terminacion-del-edificio-para-artes-visuales\/","og_locale":"es_ES","og_type":"article","og_title":"Ezequiel Galli visit\u00f3 la obra de terminaci\u00f3n del edificio para artes visuales","og_description":"Ezequiel Galli visit\u00f3 la obra de terminaci\u00f3n del edificio para Artes Visuales, en la ma\u00f1ana de este jueves la obra de terminaci\u00f3n","og_url":"https:\/\/experienciadevida.com.ar\/portalurbano\/ezequiel-galli-visito-la-obra-de-terminacion-del-edificio-para-artes-visuales\/","article_publisher":"https:\/\/www.facebook.com\/Portal-Urbano-171542830093757\/","article_published_time":"2022-04-28T23:05:02+00:00","article_modified_time":"2022-04-28T23:07:44+00:00","og_image":[{"width":2560,"height":1711,"url":"https:\/\/experienciadevida.com.ar\/portalurbano\/wp-content\/uploads\/2022\/04\/Ezequiel-Galli-visito-la.jpg","type":"image\/jpeg"}],"author":"admpu17wp","twitter_card":"summary_large_image","twitter_creator":"@portalurbanook","twitter_site":"@portalurbanook","twitter_misc":{"Escrito por":"admpu17wp","Tiempo de lectura":"1 minuto"},"schema":{"@context":"https:\/\/schema.org","@graph":[{"@type":"Article","@id":"https:\/\/experienciadevida.com.ar\/portalurbano\/ezequiel-galli-visito-la-obra-de-terminacion-del-edificio-para-artes-visuales\/#article","isPartOf":{"@id":"https:\/\/experienciadevida.com.ar\/portalurbano\/ezequiel-galli-visito-la-obra-de-terminacion-del-edificio-para-artes-visuales\/"},"author":{"name":"admpu17wp","@id":"https:\/\/experienciadevida.com.ar\/portalurbano\/#\/schema\/person\/02dd326b1c4b056e9cc972486934a3a7"},"headline":"Ezequiel Galli visit\u00f3 la obra de terminaci\u00f3n del edificio para Artes Visuales","datePublished":"2022-04-28T23:05:02+00:00","dateModified":"2022-04-28T23:07:44+00:00","mainEntityOfPage":{"@id":"https:\/\/experienciadevida.com.ar\/portalurbano\/ezequiel-galli-visito-la-obra-de-terminacion-del-edificio-para-artes-visuales\/"},"wordCount":183,"publisher":{"@id":"https:\/\/experienciadevida.com.ar\/portalurbano\/#organization"},"articleSection":["Ciudad"],"inLanguage":"es"},{"@type":"WebPage","@id":"https:\/\/experienciadevida.com.ar\/portalurbano\/ezequiel-galli-visito-la-obra-de-terminacion-del-edificio-para-artes-visuales\/","url":"https:\/\/experienciadevida.com.ar\/portalurbano\/ezequiel-galli-visito-la-obra-de-terminacion-del-edificio-para-artes-visuales\/","name":"Ezequiel Galli visit\u00f3 la obra de terminaci\u00f3n del edificio para artes visuales","isPartOf":{"@id":"https:\/\/experienciadevida.com.ar\/portalurbano\/#website"},"datePublished":"2022-04-28T23:05:02+00:00","dateModified":"2022-04-28T23:07:44+00:00","description":"Ezequiel Galli visit\u00f3 la obra de terminaci\u00f3n del edificio para Artes Visuales, en la ma\u00f1ana de este jueves la obra de terminaci\u00f3n","breadcrumb":{"@id":"https:\/\/experienciadevida.com.ar\/portalurbano\/ezequiel-galli-visito-la-obra-de-terminacion-del-edificio-para-artes-visuales\/#breadcrumb"},"inLanguage":"es","potentialAction":[{"@type":"ReadAction","target":["https:\/\/experienciadevida.com.ar\/portalurbano\/ezequiel-galli-visito-la-obra-de-terminacion-del-edificio-para-artes-visuales\/"]}]},{"@type":"BreadcrumbList","@id":"https:\/\/experienciadevida.com.ar\/portalurbano\/ezequiel-galli-visito-la-obra-de-terminacion-del-edificio-para-artes-visuales\/#breadcrumb","itemListElement":[{"@type":"ListItem","position":1,"name":"Portada","item":"https:\/\/experienciadevida.com.ar\/portalurbano\/"},{"@type":"ListItem","position":2,"name":"Ezequiel Galli visit\u00f3 la obra de terminaci\u00f3n del edificio para Artes Visuales"}]},{"@type":"WebSite","@id":"https:\/\/experienciadevida.com.ar\/portalurbano\/#website","url":"https:\/\/experienciadevida.com.ar\/portalurbano\/","name":"","description":"","publisher":{"@id":"https:\/\/experienciadevida.com.ar\/portalurbano\/#organization"},"potentialAction":[{"@type":"SearchAction","target":{"@type":"EntryPoint","urlTemplate":"https:\/\/experienciadevida.com.ar\/portalurbano\/?s={search_term_string}"},"query-input":"required name=search_term_string"}],"inLanguage":"es"},{"@type":"Organization","@id":"https:\/\/experienciadevida.com.ar\/portalurbano\/#organization","name":"Portal Urbano","url":"https:\/\/experienciadevida.com.ar\/portalurbano\/","logo":{"@type":"ImageObject","inLanguage":"es","@id":"https:\/\/experienciadevida.com.ar\/portalurbano\/#\/schema\/logo\/image\/","url":"https:\/\/experienciadevida.com.ar\/portalurbano\/wp-content\/uploads\/2019\/09\/Logo-Original.png","contentUrl":"https:\/\/experienciadevida.com.ar\/portalurbano\/wp-content\/uploads\/2019\/09\/Logo-Original.png","width":2236,"height":1216,"caption":"Portal Urbano"},"image":{"@id":"https:\/\/experienciadevida.com.ar\/portalurbano\/#\/schema\/logo\/image\/"},"sameAs":["https:\/\/www.facebook.com\/Portal-Urbano-171542830093757\/","https:\/\/twitter.com\/portalurbanook","https:\/\/www.instagram.com\/_portalurbano\/","https:\/\/www.youtube.com\/channel\/UCXhagIfszH8KxFiOok79zbA?view_as=subscriber"]},{"@type":"Person","@id":"https:\/\/experienciadevida.com.ar\/portalurbano\/#\/schema\/person\/02dd326b1c4b056e9cc972486934a3a7","name":"admpu17wp","image":{"@type":"ImageObject","inLanguage":"es","@id":"https:\/\/experienciadevida.com.ar\/portalurbano\/#\/schema\/person\/image\/","url":"https:\/\/secure.gravatar.com\/avatar\/830d4c57adaae6630765e449a6908047?s=96&d=mm&r=g","contentUrl":"https:\/\/secure.gravatar.com\/avatar\/830d4c57adaae6630765e449a6908047?s=96&d=mm&r=g","caption":"admpu17wp"}}]}},"featured_image_urls":{"full":["https:\/\/experienciadevida.com.ar\/portalurbano\/wp-content\/uploads\/2022\/04\/Ezequiel-Galli-visito-la.jpg",2560,1711,false],"thumbnail":["https:\/\/experienciadevida.com.ar\/portalurbano\/wp-content\/uploads\/2022\/04\/Ezequiel-Galli-visito-la-150x150.jpg",150,150,true],"medium":["https:\/\/experienciadevida.com.ar\/portalurbano\/wp-content\/uploads\/2022\/04\/Ezequiel-Galli-visito-la-300x201.jpg",300,201,true],"medium_large":["https:\/\/experienciadevida.com.ar\/portalurbano\/wp-content\/uploads\/2022\/04\/Ezequiel-Galli-visito-la-768x513.jpg",640,428,true],"large":["https:\/\/experienciadevida.com.ar\/portalurbano\/wp-content\/uploads\/2022\/04\/Ezequiel-Galli-visito-la-1024x684.jpg",640,428,true],"ug_big":["https:\/\/experienciadevida.com.ar\/portalurbano\/wp-content\/uploads\/2022\/04\/Ezequiel-Galli-visito-la-768x513.jpg",768,513,true],"1536x1536":["https:\/\/experienciadevida.com.ar\/portalurbano\/wp-content\/uploads\/2022\/04\/Ezequiel-Galli-visito-la-1536x1027.jpg",1536,1027,true],"2048x2048":["https:\/\/experienciadevida.com.ar\/portalurbano\/wp-content\/uploads\/2022\/04\/Ezequiel-Galli-visito-la-2048x1369.jpg",2048,1369,true],"newsever-slider-full":["https:\/\/experienciadevida.com.ar\/portalurbano\/wp-content\/uploads\/2022\/04\/Ezequiel-Galli-visito-la.jpg",1264,845,false],"newsever-featured":["https:\/\/experienciadevida.com.ar\/portalurbano\/wp-content\/uploads\/2022\/04\/Ezequiel-Galli-visito-la.jpg",1024,684,false],"newsever-medium":["https:\/\/experienciadevida.com.ar\/portalurbano\/wp-content\/uploads\/2022\/04\/Ezequiel-Galli-visito-la.jpg",711,475,false],"web-stories-poster-portrait":["https:\/\/experienciadevida.com.ar\/portalurbano\/wp-content\/uploads\/2022\/04\/Ezequiel-Galli-visito-la.jpg",640,428,false],"web-stories-publisher-logo":["https:\/\/experienciadevida.com.ar\/portalurbano\/wp-content\/uploads\/2022\/04\/Ezequiel-Galli-visito-la.jpg",96,64,false],"web-stories-thumbnail":["https:\/\/experienciadevida.com.ar\/portalurbano\/wp-content\/uploads\/2022\/04\/Ezequiel-Galli-visito-la.jpg",150,100,false]},"author_info":{"display_name":"admpu17wp","author_link":"https:\/\/experienciadevida.com.ar\/portalurbano\/author\/admpu17wp\/"},"category_info":"<a href=\"https:\/\/experienciadevida.com.ar\/portalurbano\/category\/ciudad\/\" rel=\"category tag\">Ciudad<\/a>","tag_info":"Ciudad","comment_count":"0","amp_enabled":true,"_links":{"self":[{"href":"https:\/\/experienciadevida.com.ar\/portalurbano\/wp-json\/wp\/v2\/posts\/166655"}],"collection":[{"href":"https:\/\/experienciadevida.com.ar\/portalurbano\/wp-json\/wp\/v2\/posts"}],"about":[{"href":"https:\/\/experienciadevida.com.ar\/portalurbano\/wp-json\/wp\/v2\/types\/post"}],"author":[{"embeddable":true,"href":"https:\/\/experienciadevida.com.ar\/portalurbano\/wp-json\/wp\/v2\/users\/1"}],"replies":[{"embeddable":true,"href":"https:\/\/experienciadevida.com.ar\/portalurbano\/wp-json\/wp\/v2\/comments?post=166655"}],"version-history":[{"count":2,"href":"https:\/\/experienciadevida.com.ar\/portalurbano\/wp-json\/wp\/v2\/posts\/166655\/revisions"}],"predecessor-version":[{"id":166659,"href":"https:\/\/experienciadevida.com.ar\/portalurbano\/wp-json\/wp\/v2\/posts\/166655\/revisions\/166659"}],"wp:featuredmedia":[{"embeddable":true,"href":"https:\/\/experienciadevida.com.ar\/portalurbano\/wp-json\/wp\/v2\/media\/166656"}],"wp:attachment":[{"href":"https:\/\/experienciadevida.com.ar\/portalurbano\/wp-json\/wp\/v2\/media?parent=166655"}],"wp:term":[{"taxonomy":"category","embeddable":true,"href":"https:\/\/experienciadevida.com.ar\/portalurbano\/wp-json\/wp\/v2\/categories?post=166655"},{"taxonomy":"post_tag","embeddable":true,"href":"https:\/\/experienciadevida.com.ar\/portalurbano\/wp-json\/wp\/v2\/tags?post=166655"}],"curies":[{"name":"wp","href":"https:\/\/api.w.org\/{rel}","templated":true}]}}