{"id":166625,"date":"2022-04-28T19:12:18","date_gmt":"2022-04-28T22:12:18","guid":{"rendered":"https:\/\/experienciadevida.com.ar\/portalurbano\/?p=166625"},"modified":"2022-04-28T19:17:33","modified_gmt":"2022-04-28T22:17:33","slug":"nueva-reunion-del-consejo-de-seguridad","status":"publish","type":"post","link":"https:\/\/experienciadevida.com.ar\/portalurbano\/nueva-reunion-del-consejo-de-seguridad\/","title":{"rendered":"Nueva reuni\u00f3n del Consejo de Seguridad"},"content":{"rendered":"<p>Nueva reuni\u00f3n del Consejo de Seguridad, en la tarde del \u00faltimo mi\u00e9rcoles se desarroll\u00f3 una nueva reuni\u00f3n del Consejo de Seguridad, que tuvo como punto de encuentro el Sal\u00f3n Blanco del Palacio <a href=\"https:\/\/www.facebook.com\/municipiodeolavarria\">Municipal<\/a>.<\/p>\n<p>Por parte del Ejecutivo local estuvieron presentes el subsecretario de Seguridad Mario Busto, el director de Defensa Civil Adri\u00e1n Guevara, el director del Centro de Monitoreo Municipal Daniel Manuel y la coordinadora de agentes policiales que mediante las denominadas horas Pol.Ad (adicionales) llevan a cabo taras de tr\u00e1nsito, Daiana Salvatierra. A la par, por el Ministerio P\u00fablico Fiscal concurrieron los doctores Jos\u00e9 Iturralde y Juan Ma\u00f1ero.<\/p>\n<p>Por otra parte, en representaci\u00f3n de la polic\u00eda Bonaerense estuvieron el comisario Nicol\u00e1s Kette -en representaci\u00f3n de la Estaci\u00f3n de Polic\u00eda Departamental Olavarr\u00eda-, el jefe del Comando de Patrullas comisario Mart\u00edn Zapata, la jefa de la comisar\u00eda Segunda comisario Silvana Lestani, el titular de la comisar\u00eda Primera comisario Lucas Rodr\u00edguez. En lo que refiere al \u00e1mbito de seguridad rural concurrieron el Jefe Zonal comisario mayor Jos\u00e9 Lavecchia, el segundo jefe comisario Andr\u00e9s Dor\u00e9, el Jefe de la Patrulla Rural local comisario Jos\u00e9 Amezaga, el segundo jefe oficial principal Alejandro Crescitelli.<\/p>\n<p>Por la Delegaci\u00f3n Departamental de Investigaciones en Funci\u00f3n Judicial Olavarr\u00eda (DDI) estuvo el comisario Fernando Lagano mientras que por la Sociedad Rural local concurri\u00f3 Daniel Aycaguer, mientras que en representaci\u00f3n de la Sociedad Rural Argentina lo hizo Alejandro Mend\u00eda. Asimismo, la C\u00e1mara Empresaria, estuvo representada por Mario Antista y Daniel Orsatti. Tambi\u00e9n estuvieron productores autoconvocados, m\u00e1s precismente Pablo Gonz\u00e1lez, Andr\u00e9s Torres y Mario Gargiulo.<\/p>\n<p>Se detall\u00f3 que entre los temas abordados se avanz\u00f3 sobre los aportes realizados por el Municipio a distintas Dependencias Policiales, tanto en arreglos y mantenimientos de veh\u00edculos, como en los alquileres de la Comisar\u00eda Segunda, Sub DDI Olavarr\u00eda, Comisar\u00eda De la Mujer y La Familia y Grupo de Apoyo Departamental (GAD). Tambi\u00e9n se enumero GPS de m\u00f3viles Policiales, combustible, elementos para mantenimientos de edificios y mobiliarios, horas Pol.Ad e informa de ingresos a trav\u00e9s de la Tasa de Protecci\u00f3n Ciudadana.<\/p>\n<p>Tambi\u00e9n se dialog\u00f3 acerca del aumento de cupo de combustible a veh\u00edculos policiales de Santa Luisa, Recalde y Espigas. A la par, se narr\u00f3 que con aporte de vecinos, productores de la zona, Municipio y ONG se realiz\u00f3 refacci\u00f3n edilicia de Destacamento Espigas.<\/p>\n<p>Asimismo se present\u00f3 un informe sobre arreglos de Caminos Rurales, obras en ejecuci\u00f3n y licitaciones de mantenimientos pr\u00f3ximas a abrirse, adem\u00e1s de acciones preventivas a tomar en la pr\u00f3xima temporada de caza.<\/p>\n<p>Se abord\u00f3 tambi\u00e9n un Proyecto del Ministerio de Seguridad de la provincia de Buenos Aires, impulsado por la Sociedad Rural de Olavarr\u00eda, de pasar a \u00f3rbita Rural las dependencias policiales que se encuentran a m\u00e1s de 50 km del casco urbano, con determinadas caracter\u00edsticas h\u00eddricas, densidad poblacional, entre otros \u00edtems.<\/p>\n<p>Siguiendo con el \u00e1mbito de seguridad rural se dialog\u00f3 acerca del personal egresado de la Escuela de Polic\u00eda Juan Vucetich descentralizada Olavarr\u00eda, m\u00e1s precisamente sobre el asignado al Comando de Prevenci\u00f3n Rural, lo que sirvi\u00f3 para avanzar tambi\u00e9n sobre la cantidad de personal policial en las distintas subdependencias de Seguridad, el personal en formaci\u00f3n en la Escuela de Polic\u00eda y, adem\u00e1s, el personal que ser\u00eda necesario en el Comando Patrulla Olavarr\u00eda en caso de ampliarse las cuadr\u00edculas. All\u00ed tambi\u00e9n se detall\u00f3 la colaboraci\u00f3n rec\u00edproca de las distintas dependencias policiales en diferentes hechos ocurridos en la ciudad (descarrilamiento, abigeatos, allanamientos, entre otros)<\/p>\n<p>Por \u00faltimo, desde el Ministerio P\u00fablico se detall\u00f3 los hechos delictivos en investigaci\u00f3n, mientras que desde el Centro Municipal de Monitoreo se precis\u00f3 acerca de la necesidad de renovaci\u00f3n tecnol\u00f3gica, se present\u00f3 un informe de avance de proyectos de colocaci\u00f3n de c\u00e1maras en localidades, adem\u00e1s de la menci\u00f3n y an\u00e1lisis de las ya instaladas y funcionando en Sierra Chica, continuando en ese sentido la planificaci\u00f3n para extender el servicio hacia Sierras Bayas, Hinojo, Colonia Hinojo y Loma Negra.<\/p>\n<p><a href=\"https:\/\/experienciadevida.com.ar\/portalurbano\/nueva-reunion-del-consejo-de-seguridad\/nueva\/\" rel=\"attachment wp-att-166629\"><img decoding=\"async\" class=\"alignnone size-large wp-image-166629\" src=\"https:\/\/experienciadevida.com.ar\/portalurbano\/wp-content\/uploads\/2022\/04\/Nueva-1024x768.jpeg\" alt=\"Nueva \" width=\"900\" height=\"675\" srcset=\"https:\/\/experienciadevida.com.ar\/portalurbano\/wp-content\/uploads\/2022\/04\/Nueva-1024x768.jpeg 1024w, https:\/\/experienciadevida.com.ar\/portalurbano\/wp-content\/uploads\/2022\/04\/Nueva-300x225.jpeg 300w, https:\/\/experienciadevida.com.ar\/portalurbano\/wp-content\/uploads\/2022\/04\/Nueva-768x576.jpeg 768w, https:\/\/experienciadevida.com.ar\/portalurbano\/wp-content\/uploads\/2022\/04\/Nueva.jpeg 1280w\" sizes=\"(max-width: 900px) 100vw, 900px\" \/><\/a><\/p>\n","protected":false},"excerpt":{"rendered":"<p>Nueva reuni\u00f3n del Consejo de Seguridad, en la tarde del \u00faltimo mi\u00e9rcoles se desarroll\u00f3 una&#8230;<\/p>\n","protected":false},"author":1,"featured_media":166626,"comment_status":"closed","ping_status":"closed","sticky":false,"template":"","format":"standard","meta":{"content-type":""},"categories":[27,51],"tags":[],"nelio_content":{"isAutoShareEnabled":false,"autoShareEndMode":"default","automationSources":{"useContentSentences":true,"useSocialTemplates":true,"useCustomSentences":false,"customSentences":[]},"followers":[1],"suggestedReferences":[],"includedReferences":[],"efiUrl":"","efiAlt":"","highlights":[]},"yoast_head":"<!-- This site is optimized with the Yoast SEO plugin v20.7 - https:\/\/yoast.com\/wordpress\/plugins\/seo\/ -->\n<title>Nueva reuni\u00f3n del Consejo de seguridad<\/title>\n<meta name=\"description\" content=\"Nueva reuni\u00f3n del Consejo de Seguridad, en la tarde del \u00faltimo mi\u00e9rcoles se desarroll\u00f3 una nueva reuni\u00f3n del Consejo de Seguridad\" \/>\n<meta name=\"robots\" content=\"index, follow, max-snippet:-1, max-image-preview:large, max-video-preview:-1\" \/>\n<link rel=\"canonical\" href=\"https:\/\/experienciadevida.com.ar\/portalurbano\/nueva-reunion-del-consejo-de-seguridad\/\" \/>\n<meta property=\"og:locale\" content=\"es_ES\" \/>\n<meta property=\"og:type\" content=\"article\" \/>\n<meta property=\"og:title\" content=\"Nueva reuni\u00f3n del Consejo de seguridad\" \/>\n<meta property=\"og:description\" content=\"Nueva reuni\u00f3n del Consejo de Seguridad, en la tarde del \u00faltimo mi\u00e9rcoles se desarroll\u00f3 una nueva reuni\u00f3n del Consejo de Seguridad\" \/>\n<meta property=\"og:url\" content=\"https:\/\/experienciadevida.com.ar\/portalurbano\/nueva-reunion-del-consejo-de-seguridad\/\" \/>\n<meta property=\"article:publisher\" content=\"https:\/\/www.facebook.com\/Portal-Urbano-171542830093757\/\" \/>\n<meta property=\"article:published_time\" content=\"2022-04-28T22:12:18+00:00\" \/>\n<meta property=\"article:modified_time\" content=\"2022-04-28T22:17:33+00:00\" \/>\n<meta property=\"og:image\" content=\"https:\/\/experienciadevida.com.ar\/portalurbano\/wp-content\/uploads\/2022\/04\/Nueva-reunion-del-Consejo.jpeg\" \/>\n\t<meta property=\"og:image:width\" content=\"1280\" \/>\n\t<meta property=\"og:image:height\" content=\"960\" \/>\n\t<meta property=\"og:image:type\" content=\"image\/jpeg\" \/>\n<meta name=\"author\" content=\"admpu17wp\" \/>\n<meta name=\"twitter:card\" content=\"summary_large_image\" \/>\n<meta name=\"twitter:creator\" content=\"@portalurbanook\" \/>\n<meta name=\"twitter:site\" content=\"@portalurbanook\" \/>\n<meta name=\"twitter:label1\" content=\"Escrito por\" \/>\n\t<meta name=\"twitter:data1\" content=\"admpu17wp\" \/>\n\t<meta name=\"twitter:label2\" content=\"Tiempo de lectura\" \/>\n\t<meta name=\"twitter:data2\" content=\"4 minutos\" \/>\n<script type=\"application\/ld+json\" class=\"yoast-schema-graph\">{\"@context\":\"https:\/\/schema.org\",\"@graph\":[{\"@type\":\"Article\",\"@id\":\"https:\/\/experienciadevida.com.ar\/portalurbano\/nueva-reunion-del-consejo-de-seguridad\/#article\",\"isPartOf\":{\"@id\":\"https:\/\/experienciadevida.com.ar\/portalurbano\/nueva-reunion-del-consejo-de-seguridad\/\"},\"author\":{\"name\":\"admpu17wp\",\"@id\":\"https:\/\/experienciadevida.com.ar\/portalurbano\/#\/schema\/person\/02dd326b1c4b056e9cc972486934a3a7\"},\"headline\":\"Nueva reuni\u00f3n del Consejo de Seguridad\",\"datePublished\":\"2022-04-28T22:12:18+00:00\",\"dateModified\":\"2022-04-28T22:17:33+00:00\",\"mainEntityOfPage\":{\"@id\":\"https:\/\/experienciadevida.com.ar\/portalurbano\/nueva-reunion-del-consejo-de-seguridad\/\"},\"wordCount\":719,\"publisher\":{\"@id\":\"https:\/\/experienciadevida.com.ar\/portalurbano\/#organization\"},\"articleSection\":[\"Ciudad\",\"Destacadas\"],\"inLanguage\":\"es\"},{\"@type\":\"WebPage\",\"@id\":\"https:\/\/experienciadevida.com.ar\/portalurbano\/nueva-reunion-del-consejo-de-seguridad\/\",\"url\":\"https:\/\/experienciadevida.com.ar\/portalurbano\/nueva-reunion-del-consejo-de-seguridad\/\",\"name\":\"Nueva reuni\u00f3n del Consejo de seguridad\",\"isPartOf\":{\"@id\":\"https:\/\/experienciadevida.com.ar\/portalurbano\/#website\"},\"datePublished\":\"2022-04-28T22:12:18+00:00\",\"dateModified\":\"2022-04-28T22:17:33+00:00\",\"description\":\"Nueva reuni\u00f3n del Consejo de Seguridad, en la tarde del \u00faltimo mi\u00e9rcoles se desarroll\u00f3 una nueva reuni\u00f3n del Consejo de Seguridad\",\"breadcrumb\":{\"@id\":\"https:\/\/experienciadevida.com.ar\/portalurbano\/nueva-reunion-del-consejo-de-seguridad\/#breadcrumb\"},\"inLanguage\":\"es\",\"potentialAction\":[{\"@type\":\"ReadAction\",\"target\":[\"https:\/\/experienciadevida.com.ar\/portalurbano\/nueva-reunion-del-consejo-de-seguridad\/\"]}]},{\"@type\":\"BreadcrumbList\",\"@id\":\"https:\/\/experienciadevida.com.ar\/portalurbano\/nueva-reunion-del-consejo-de-seguridad\/#breadcrumb\",\"itemListElement\":[{\"@type\":\"ListItem\",\"position\":1,\"name\":\"Portada\",\"item\":\"https:\/\/experienciadevida.com.ar\/portalurbano\/\"},{\"@type\":\"ListItem\",\"position\":2,\"name\":\"Nueva reuni\u00f3n del Consejo de Seguridad\"}]},{\"@type\":\"WebSite\",\"@id\":\"https:\/\/experienciadevida.com.ar\/portalurbano\/#website\",\"url\":\"https:\/\/experienciadevida.com.ar\/portalurbano\/\",\"name\":\"\",\"description\":\"\",\"publisher\":{\"@id\":\"https:\/\/experienciadevida.com.ar\/portalurbano\/#organization\"},\"potentialAction\":[{\"@type\":\"SearchAction\",\"target\":{\"@type\":\"EntryPoint\",\"urlTemplate\":\"https:\/\/experienciadevida.com.ar\/portalurbano\/?s={search_term_string}\"},\"query-input\":\"required name=search_term_string\"}],\"inLanguage\":\"es\"},{\"@type\":\"Organization\",\"@id\":\"https:\/\/experienciadevida.com.ar\/portalurbano\/#organization\",\"name\":\"Portal Urbano\",\"url\":\"https:\/\/experienciadevida.com.ar\/portalurbano\/\",\"logo\":{\"@type\":\"ImageObject\",\"inLanguage\":\"es\",\"@id\":\"https:\/\/experienciadevida.com.ar\/portalurbano\/#\/schema\/logo\/image\/\",\"url\":\"https:\/\/experienciadevida.com.ar\/portalurbano\/wp-content\/uploads\/2019\/09\/Logo-Original.png\",\"contentUrl\":\"https:\/\/experienciadevida.com.ar\/portalurbano\/wp-content\/uploads\/2019\/09\/Logo-Original.png\",\"width\":2236,\"height\":1216,\"caption\":\"Portal Urbano\"},\"image\":{\"@id\":\"https:\/\/experienciadevida.com.ar\/portalurbano\/#\/schema\/logo\/image\/\"},\"sameAs\":[\"https:\/\/www.facebook.com\/Portal-Urbano-171542830093757\/\",\"https:\/\/twitter.com\/portalurbanook\",\"https:\/\/www.instagram.com\/_portalurbano\/\",\"https:\/\/www.youtube.com\/channel\/UCXhagIfszH8KxFiOok79zbA?view_as=subscriber\"]},{\"@type\":\"Person\",\"@id\":\"https:\/\/experienciadevida.com.ar\/portalurbano\/#\/schema\/person\/02dd326b1c4b056e9cc972486934a3a7\",\"name\":\"admpu17wp\",\"image\":{\"@type\":\"ImageObject\",\"inLanguage\":\"es\",\"@id\":\"https:\/\/experienciadevida.com.ar\/portalurbano\/#\/schema\/person\/image\/\",\"url\":\"https:\/\/secure.gravatar.com\/avatar\/830d4c57adaae6630765e449a6908047?s=96&d=mm&r=g\",\"contentUrl\":\"https:\/\/secure.gravatar.com\/avatar\/830d4c57adaae6630765e449a6908047?s=96&d=mm&r=g\",\"caption\":\"admpu17wp\"}}]}<\/script>\n<!-- \/ Yoast SEO plugin. -->","yoast_head_json":{"title":"Nueva reuni\u00f3n del Consejo de seguridad","description":"Nueva reuni\u00f3n del Consejo de Seguridad, en la tarde del \u00faltimo mi\u00e9rcoles se desarroll\u00f3 una nueva reuni\u00f3n del Consejo de Seguridad","robots":{"index":"index","follow":"follow","max-snippet":"max-snippet:-1","max-image-preview":"max-image-preview:large","max-video-preview":"max-video-preview:-1"},"canonical":"https:\/\/experienciadevida.com.ar\/portalurbano\/nueva-reunion-del-consejo-de-seguridad\/","og_locale":"es_ES","og_type":"article","og_title":"Nueva reuni\u00f3n del Consejo de seguridad","og_description":"Nueva reuni\u00f3n del Consejo de Seguridad, en la tarde del \u00faltimo mi\u00e9rcoles se desarroll\u00f3 una nueva reuni\u00f3n del Consejo de Seguridad","og_url":"https:\/\/experienciadevida.com.ar\/portalurbano\/nueva-reunion-del-consejo-de-seguridad\/","article_publisher":"https:\/\/www.facebook.com\/Portal-Urbano-171542830093757\/","article_published_time":"2022-04-28T22:12:18+00:00","article_modified_time":"2022-04-28T22:17:33+00:00","og_image":[{"width":1280,"height":960,"url":"https:\/\/experienciadevida.com.ar\/portalurbano\/wp-content\/uploads\/2022\/04\/Nueva-reunion-del-Consejo.jpeg","type":"image\/jpeg"}],"author":"admpu17wp","twitter_card":"summary_large_image","twitter_creator":"@portalurbanook","twitter_site":"@portalurbanook","twitter_misc":{"Escrito por":"admpu17wp","Tiempo de lectura":"4 minutos"},"schema":{"@context":"https:\/\/schema.org","@graph":[{"@type":"Article","@id":"https:\/\/experienciadevida.com.ar\/portalurbano\/nueva-reunion-del-consejo-de-seguridad\/#article","isPartOf":{"@id":"https:\/\/experienciadevida.com.ar\/portalurbano\/nueva-reunion-del-consejo-de-seguridad\/"},"author":{"name":"admpu17wp","@id":"https:\/\/experienciadevida.com.ar\/portalurbano\/#\/schema\/person\/02dd326b1c4b056e9cc972486934a3a7"},"headline":"Nueva reuni\u00f3n del Consejo de Seguridad","datePublished":"2022-04-28T22:12:18+00:00","dateModified":"2022-04-28T22:17:33+00:00","mainEntityOfPage":{"@id":"https:\/\/experienciadevida.com.ar\/portalurbano\/nueva-reunion-del-consejo-de-seguridad\/"},"wordCount":719,"publisher":{"@id":"https:\/\/experienciadevida.com.ar\/portalurbano\/#organization"},"articleSection":["Ciudad","Destacadas"],"inLanguage":"es"},{"@type":"WebPage","@id":"https:\/\/experienciadevida.com.ar\/portalurbano\/nueva-reunion-del-consejo-de-seguridad\/","url":"https:\/\/experienciadevida.com.ar\/portalurbano\/nueva-reunion-del-consejo-de-seguridad\/","name":"Nueva reuni\u00f3n del Consejo de seguridad","isPartOf":{"@id":"https:\/\/experienciadevida.com.ar\/portalurbano\/#website"},"datePublished":"2022-04-28T22:12:18+00:00","dateModified":"2022-04-28T22:17:33+00:00","description":"Nueva reuni\u00f3n del Consejo de Seguridad, en la tarde del \u00faltimo mi\u00e9rcoles se desarroll\u00f3 una nueva reuni\u00f3n del Consejo de Seguridad","breadcrumb":{"@id":"https:\/\/experienciadevida.com.ar\/portalurbano\/nueva-reunion-del-consejo-de-seguridad\/#breadcrumb"},"inLanguage":"es","potentialAction":[{"@type":"ReadAction","target":["https:\/\/experienciadevida.com.ar\/portalurbano\/nueva-reunion-del-consejo-de-seguridad\/"]}]},{"@type":"BreadcrumbList","@id":"https:\/\/experienciadevida.com.ar\/portalurbano\/nueva-reunion-del-consejo-de-seguridad\/#breadcrumb","itemListElement":[{"@type":"ListItem","position":1,"name":"Portada","item":"https:\/\/experienciadevida.com.ar\/portalurbano\/"},{"@type":"ListItem","position":2,"name":"Nueva reuni\u00f3n del Consejo de Seguridad"}]},{"@type":"WebSite","@id":"https:\/\/experienciadevida.com.ar\/portalurbano\/#website","url":"https:\/\/experienciadevida.com.ar\/portalurbano\/","name":"","description":"","publisher":{"@id":"https:\/\/experienciadevida.com.ar\/portalurbano\/#organization"},"potentialAction":[{"@type":"SearchAction","target":{"@type":"EntryPoint","urlTemplate":"https:\/\/experienciadevida.com.ar\/portalurbano\/?s={search_term_string}"},"query-input":"required name=search_term_string"}],"inLanguage":"es"},{"@type":"Organization","@id":"https:\/\/experienciadevida.com.ar\/portalurbano\/#organization","name":"Portal Urbano","url":"https:\/\/experienciadevida.com.ar\/portalurbano\/","logo":{"@type":"ImageObject","inLanguage":"es","@id":"https:\/\/experienciadevida.com.ar\/portalurbano\/#\/schema\/logo\/image\/","url":"https:\/\/experienciadevida.com.ar\/portalurbano\/wp-content\/uploads\/2019\/09\/Logo-Original.png","contentUrl":"https:\/\/experienciadevida.com.ar\/portalurbano\/wp-content\/uploads\/2019\/09\/Logo-Original.png","width":2236,"height":1216,"caption":"Portal Urbano"},"image":{"@id":"https:\/\/experienciadevida.com.ar\/portalurbano\/#\/schema\/logo\/image\/"},"sameAs":["https:\/\/www.facebook.com\/Portal-Urbano-171542830093757\/","https:\/\/twitter.com\/portalurbanook","https:\/\/www.instagram.com\/_portalurbano\/","https:\/\/www.youtube.com\/channel\/UCXhagIfszH8KxFiOok79zbA?view_as=subscriber"]},{"@type":"Person","@id":"https:\/\/experienciadevida.com.ar\/portalurbano\/#\/schema\/person\/02dd326b1c4b056e9cc972486934a3a7","name":"admpu17wp","image":{"@type":"ImageObject","inLanguage":"es","@id":"https:\/\/experienciadevida.com.ar\/portalurbano\/#\/schema\/person\/image\/","url":"https:\/\/secure.gravatar.com\/avatar\/830d4c57adaae6630765e449a6908047?s=96&d=mm&r=g","contentUrl":"https:\/\/secure.gravatar.com\/avatar\/830d4c57adaae6630765e449a6908047?s=96&d=mm&r=g","caption":"admpu17wp"}}]}},"featured_image_urls":{"full":["https:\/\/experienciadevida.com.ar\/portalurbano\/wp-content\/uploads\/2022\/04\/Nueva-reunion-del-Consejo.jpeg",1280,960,false],"thumbnail":["https:\/\/experienciadevida.com.ar\/portalurbano\/wp-content\/uploads\/2022\/04\/Nueva-reunion-del-Consejo-150x150.jpeg",150,150,true],"medium":["https:\/\/experienciadevida.com.ar\/portalurbano\/wp-content\/uploads\/2022\/04\/Nueva-reunion-del-Consejo-300x225.jpeg",300,225,true],"medium_large":["https:\/\/experienciadevida.com.ar\/portalurbano\/wp-content\/uploads\/2022\/04\/Nueva-reunion-del-Consejo-768x576.jpeg",640,480,true],"large":["https:\/\/experienciadevida.com.ar\/portalurbano\/wp-content\/uploads\/2022\/04\/Nueva-reunion-del-Consejo-1024x768.jpeg",640,480,true],"ug_big":["https:\/\/experienciadevida.com.ar\/portalurbano\/wp-content\/uploads\/2022\/04\/Nueva-reunion-del-Consejo-768x576.jpeg",768,576,true],"1536x1536":["https:\/\/experienciadevida.com.ar\/portalurbano\/wp-content\/uploads\/2022\/04\/Nueva-reunion-del-Consejo.jpeg",1280,960,false],"2048x2048":["https:\/\/experienciadevida.com.ar\/portalurbano\/wp-content\/uploads\/2022\/04\/Nueva-reunion-del-Consejo.jpeg",1280,960,false],"newsever-slider-full":["https:\/\/experienciadevida.com.ar\/portalurbano\/wp-content\/uploads\/2022\/04\/Nueva-reunion-del-Consejo.jpeg",1127,845,false],"newsever-featured":["https:\/\/experienciadevida.com.ar\/portalurbano\/wp-content\/uploads\/2022\/04\/Nueva-reunion-del-Consejo.jpeg",1024,768,false],"newsever-medium":["https:\/\/experienciadevida.com.ar\/portalurbano\/wp-content\/uploads\/2022\/04\/Nueva-reunion-del-Consejo.jpeg",633,475,false],"web-stories-poster-portrait":["https:\/\/experienciadevida.com.ar\/portalurbano\/wp-content\/uploads\/2022\/04\/Nueva-reunion-del-Consejo.jpeg",640,480,false],"web-stories-publisher-logo":["https:\/\/experienciadevida.com.ar\/portalurbano\/wp-content\/uploads\/2022\/04\/Nueva-reunion-del-Consejo.jpeg",96,72,false],"web-stories-thumbnail":["https:\/\/experienciadevida.com.ar\/portalurbano\/wp-content\/uploads\/2022\/04\/Nueva-reunion-del-Consejo.jpeg",150,113,false]},"author_info":{"display_name":"admpu17wp","author_link":"https:\/\/experienciadevida.com.ar\/portalurbano\/author\/admpu17wp\/"},"category_info":"<a href=\"https:\/\/experienciadevida.com.ar\/portalurbano\/category\/ciudad\/\" rel=\"category tag\">Ciudad<\/a> <a href=\"https:\/\/experienciadevida.com.ar\/portalurbano\/category\/destacadas\/\" rel=\"category tag\">Destacadas<\/a>","tag_info":"Destacadas","comment_count":"0","amp_enabled":true,"_links":{"self":[{"href":"https:\/\/experienciadevida.com.ar\/portalurbano\/wp-json\/wp\/v2\/posts\/166625"}],"collection":[{"href":"https:\/\/experienciadevida.com.ar\/portalurbano\/wp-json\/wp\/v2\/posts"}],"about":[{"href":"https:\/\/experienciadevida.com.ar\/portalurbano\/wp-json\/wp\/v2\/types\/post"}],"author":[{"embeddable":true,"href":"https:\/\/experienciadevida.com.ar\/portalurbano\/wp-json\/wp\/v2\/users\/1"}],"replies":[{"embeddable":true,"href":"https:\/\/experienciadevida.com.ar\/portalurbano\/wp-json\/wp\/v2\/comments?post=166625"}],"version-history":[{"count":4,"href":"https:\/\/experienciadevida.com.ar\/portalurbano\/wp-json\/wp\/v2\/posts\/166625\/revisions"}],"predecessor-version":[{"id":166631,"href":"https:\/\/experienciadevida.com.ar\/portalurbano\/wp-json\/wp\/v2\/posts\/166625\/revisions\/166631"}],"wp:featuredmedia":[{"embeddable":true,"href":"https:\/\/experienciadevida.com.ar\/portalurbano\/wp-json\/wp\/v2\/media\/166626"}],"wp:attachment":[{"href":"https:\/\/experienciadevida.com.ar\/portalurbano\/wp-json\/wp\/v2\/media?parent=166625"}],"wp:term":[{"taxonomy":"category","embeddable":true,"href":"https:\/\/experienciadevida.com.ar\/portalurbano\/wp-json\/wp\/v2\/categories?post=166625"},{"taxonomy":"post_tag","embeddable":true,"href":"https:\/\/experienciadevida.com.ar\/portalurbano\/wp-json\/wp\/v2\/tags?post=166625"}],"curies":[{"name":"wp","href":"https:\/\/api.w.org\/{rel}","templated":true}]}}