{"id":166621,"date":"2022-04-28T12:03:53","date_gmt":"2022-04-28T15:03:53","guid":{"rendered":"https:\/\/experienciadevida.com.ar\/portalurbano\/?p=166621"},"modified":"2022-04-28T12:08:36","modified_gmt":"2022-04-28T15:08:36","slug":"por-decision-unanime-los-vecinos-del-barrio-luz-y-fuerza-estan-mas-cerca-de-acceder-a-la-escritura-de-sus-viviendas","status":"publish","type":"post","link":"https:\/\/experienciadevida.com.ar\/portalurbano\/por-decision-unanime-los-vecinos-del-barrio-luz-y-fuerza-estan-mas-cerca-de-acceder-a-la-escritura-de-sus-viviendas\/","title":{"rendered":"Por decisi\u00f3n un\u00e1nime los vecinos del barrio Luz y Fuerza est\u00e1n m\u00e1s cerca de acceder a la Escritura de sus viviendas"},"content":{"rendered":"<p>Por decisi\u00f3n un\u00e1nime los vecinos del barrio Luz y Fuerza est\u00e1n m\u00e1s cerca de acceder a la Escritura de sus viviendas, el Concejo Deliberante de Olavarr\u00eda sancion\u00f3 este jueves diecisiete ordenanzas mediante las cuales se procedi\u00f3 a la donaci\u00f3n de viviendas del barrio Luz y Fuerza para que vecinos y vecinas de ese sector logren regularizar su situaci\u00f3n dominial y continuar as\u00ed con su tr\u00e1mite de Escrituraci\u00f3n.<\/p>\n<p>El concejal Mart\u00edn Endere realiz\u00f3 un reconocimiento al Sindicato de Luz y Fuerza, que se encuentra cumpliendo un nuevo aniversario en la ciudad.<\/p>\n<p>Sobre las ordenanzas en cuesti\u00f3n expres\u00f3 que: \u201cme parece importante recalcar el trabajo realizado por la Municipalidad de Olavarr\u00eda, en cabeza de cada uno de los trabajadores administrativos por los trabajos que ellos realizan. En la brevedad vamos a completar las donaciones que realiza el Municipio a los beneficiarios. Se han votado ciento de donaciones, hay un municipio activo y que se preocupa para que la gente logre el proceso de escrituraci\u00f3n\u201d.<\/p>\n<p>\u201cNosotros no le vamos a dar la Escritura, sino el paso m\u00e1s importante para que eso se lleve adelante\u201d, dijo Endere.<\/p>\n<p>El presidente del bloque de Juntos cerr\u00f3 diciendo: \u201ctodos los procesos comienzan en el Municipio y contin\u00faan en la provincia de Buenos Aires, en este caso continuar\u00e1 en la Escriban\u00eda General de Gobierno. La Escriban\u00eda General de Gobierno tiene funcionarios de carrera que es impresionante el trabajo que realizan, pero se requiere la decisi\u00f3n pol\u00edtica para llevarlo adelante. El rimo de escrituraci\u00f3n se ha visto notablemente golpeado en Olavarr\u00eda. Desde nuestro lugar solicitamos a la provincia que recoja las responsabilidades que les cabe y que tomen la decisi\u00f3n pol\u00edtica porque hay cientos de Escrituras de Olavarr\u00eda\u201d.<\/p>\n<p>Uno de los mayores impulsores de la llegada de los expedientes al recinto para su aprobaci\u00f3n, Juan S\u00e1nchez fue quien le dio continuidad al debate haciendo un minucioso y extenso repaso de la historia del barrio Luz y Fuerza. \u201cEs imposible para un Sindicato encarar estos proyectos sin el acompa\u00f1amiento y la empat\u00eda del Estado\u201d, dijo el concejal.<\/p>\n<p>Record\u00f3 que las tierras del barrio fueron cedidas por el Municipio tras haber sido compradas por el intendente Helios Eseverri en el a\u00f1o 1984.<\/p>\n<p>\u201cNo ser\u00eda una persona de bien si no tuviera la capacidad de reconocer esto\u201d, dijo Juan S\u00e1nchez en referencia al rol que cumpli\u00f3 el municipio para lograr la regularizaci\u00f3n del barrio.<\/p>\n<p>El concejal, adem\u00e1s, agradeci\u00f3 al resto de las bancadas del HCD para que estos diecisiete proyectos de Ordenanza pudieran ser tratados y finalmente aprobados.<\/p>\n","protected":false},"excerpt":{"rendered":"<p>Por decisi\u00f3n un\u00e1nime los vecinos del barrio Luz y Fuerza est\u00e1n m\u00e1s cerca de acceder&#8230;<\/p>\n","protected":false},"author":1,"featured_media":166622,"comment_status":"closed","ping_status":"closed","sticky":false,"template":"","format":"standard","meta":{"content-type":""},"categories":[27,64],"tags":[],"nelio_content":{"isAutoShareEnabled":false,"autoShareEndMode":"default","automationSources":{"useContentSentences":true,"useSocialTemplates":true,"useCustomSentences":false,"customSentences":[]},"followers":[1],"suggestedReferences":[],"includedReferences":[],"efiUrl":"","efiAlt":"","highlights":[]},"yoast_head":"<!-- This site is optimized with the Yoast SEO plugin v20.7 - https:\/\/yoast.com\/wordpress\/plugins\/seo\/ -->\n<title>Por decisi\u00f3n un\u00e1nime los vecinos del Barrio Luz y Fuerza<\/title>\n<meta name=\"description\" content=\"Por decisi\u00f3n un\u00e1nime los vecinos del barrio Luz y Fuerza est\u00e1n m\u00e1s cerca de acceder a la Escritura de sus viviendas,\" \/>\n<meta name=\"robots\" content=\"index, follow, max-snippet:-1, max-image-preview:large, max-video-preview:-1\" \/>\n<link rel=\"canonical\" href=\"https:\/\/experienciadevida.com.ar\/portalurbano\/por-decision-unanime-los-vecinos-del-barrio-luz-y-fuerza-estan-mas-cerca-de-acceder-a-la-escritura-de-sus-viviendas\/\" \/>\n<meta property=\"og:locale\" content=\"es_ES\" \/>\n<meta property=\"og:type\" content=\"article\" \/>\n<meta property=\"og:title\" content=\"Por decisi\u00f3n un\u00e1nime los vecinos del Barrio Luz y Fuerza\" \/>\n<meta property=\"og:description\" content=\"Por decisi\u00f3n un\u00e1nime los vecinos del barrio Luz y Fuerza est\u00e1n m\u00e1s cerca de acceder a la Escritura de sus viviendas,\" \/>\n<meta property=\"og:url\" content=\"https:\/\/experienciadevida.com.ar\/portalurbano\/por-decision-unanime-los-vecinos-del-barrio-luz-y-fuerza-estan-mas-cerca-de-acceder-a-la-escritura-de-sus-viviendas\/\" \/>\n<meta property=\"article:publisher\" content=\"https:\/\/www.facebook.com\/Portal-Urbano-171542830093757\/\" \/>\n<meta property=\"article:published_time\" content=\"2022-04-28T15:03:53+00:00\" \/>\n<meta property=\"article:modified_time\" content=\"2022-04-28T15:08:36+00:00\" \/>\n<meta property=\"og:image\" content=\"https:\/\/experienciadevida.com.ar\/portalurbano\/wp-content\/uploads\/2022\/04\/Por-decision-unanime-los.jpg\" \/>\n\t<meta property=\"og:image:width\" content=\"1280\" \/>\n\t<meta property=\"og:image:height\" content=\"855\" \/>\n\t<meta property=\"og:image:type\" content=\"image\/jpeg\" \/>\n<meta name=\"author\" content=\"admpu17wp\" \/>\n<meta name=\"twitter:card\" content=\"summary_large_image\" \/>\n<meta name=\"twitter:creator\" content=\"@portalurbanook\" \/>\n<meta name=\"twitter:site\" content=\"@portalurbanook\" \/>\n<meta name=\"twitter:label1\" content=\"Escrito por\" \/>\n\t<meta name=\"twitter:data1\" content=\"admpu17wp\" \/>\n\t<meta name=\"twitter:label2\" content=\"Tiempo de lectura\" \/>\n\t<meta name=\"twitter:data2\" content=\"2 minutos\" \/>\n<script type=\"application\/ld+json\" class=\"yoast-schema-graph\">{\"@context\":\"https:\/\/schema.org\",\"@graph\":[{\"@type\":\"Article\",\"@id\":\"https:\/\/experienciadevida.com.ar\/portalurbano\/por-decision-unanime-los-vecinos-del-barrio-luz-y-fuerza-estan-mas-cerca-de-acceder-a-la-escritura-de-sus-viviendas\/#article\",\"isPartOf\":{\"@id\":\"https:\/\/experienciadevida.com.ar\/portalurbano\/por-decision-unanime-los-vecinos-del-barrio-luz-y-fuerza-estan-mas-cerca-de-acceder-a-la-escritura-de-sus-viviendas\/\"},\"author\":{\"name\":\"admpu17wp\",\"@id\":\"https:\/\/experienciadevida.com.ar\/portalurbano\/#\/schema\/person\/02dd326b1c4b056e9cc972486934a3a7\"},\"headline\":\"Por decisi\u00f3n un\u00e1nime los vecinos del barrio Luz y Fuerza est\u00e1n m\u00e1s cerca de acceder a la Escritura de sus viviendas\",\"datePublished\":\"2022-04-28T15:03:53+00:00\",\"dateModified\":\"2022-04-28T15:08:36+00:00\",\"mainEntityOfPage\":{\"@id\":\"https:\/\/experienciadevida.com.ar\/portalurbano\/por-decision-unanime-los-vecinos-del-barrio-luz-y-fuerza-estan-mas-cerca-de-acceder-a-la-escritura-de-sus-viviendas\/\"},\"wordCount\":473,\"publisher\":{\"@id\":\"https:\/\/experienciadevida.com.ar\/portalurbano\/#organization\"},\"articleSection\":[\"Ciudad\",\"Destacadas 2\"],\"inLanguage\":\"es\"},{\"@type\":\"WebPage\",\"@id\":\"https:\/\/experienciadevida.com.ar\/portalurbano\/por-decision-unanime-los-vecinos-del-barrio-luz-y-fuerza-estan-mas-cerca-de-acceder-a-la-escritura-de-sus-viviendas\/\",\"url\":\"https:\/\/experienciadevida.com.ar\/portalurbano\/por-decision-unanime-los-vecinos-del-barrio-luz-y-fuerza-estan-mas-cerca-de-acceder-a-la-escritura-de-sus-viviendas\/\",\"name\":\"Por decisi\u00f3n un\u00e1nime los vecinos del Barrio Luz y Fuerza\",\"isPartOf\":{\"@id\":\"https:\/\/experienciadevida.com.ar\/portalurbano\/#website\"},\"datePublished\":\"2022-04-28T15:03:53+00:00\",\"dateModified\":\"2022-04-28T15:08:36+00:00\",\"description\":\"Por decisi\u00f3n un\u00e1nime los vecinos del barrio Luz y Fuerza est\u00e1n m\u00e1s cerca de acceder a la Escritura de sus viviendas,\",\"breadcrumb\":{\"@id\":\"https:\/\/experienciadevida.com.ar\/portalurbano\/por-decision-unanime-los-vecinos-del-barrio-luz-y-fuerza-estan-mas-cerca-de-acceder-a-la-escritura-de-sus-viviendas\/#breadcrumb\"},\"inLanguage\":\"es\",\"potentialAction\":[{\"@type\":\"ReadAction\",\"target\":[\"https:\/\/experienciadevida.com.ar\/portalurbano\/por-decision-unanime-los-vecinos-del-barrio-luz-y-fuerza-estan-mas-cerca-de-acceder-a-la-escritura-de-sus-viviendas\/\"]}]},{\"@type\":\"BreadcrumbList\",\"@id\":\"https:\/\/experienciadevida.com.ar\/portalurbano\/por-decision-unanime-los-vecinos-del-barrio-luz-y-fuerza-estan-mas-cerca-de-acceder-a-la-escritura-de-sus-viviendas\/#breadcrumb\",\"itemListElement\":[{\"@type\":\"ListItem\",\"position\":1,\"name\":\"Portada\",\"item\":\"https:\/\/experienciadevida.com.ar\/portalurbano\/\"},{\"@type\":\"ListItem\",\"position\":2,\"name\":\"Por decisi\u00f3n un\u00e1nime los vecinos del barrio Luz y Fuerza est\u00e1n m\u00e1s cerca de acceder a la Escritura de sus viviendas\"}]},{\"@type\":\"WebSite\",\"@id\":\"https:\/\/experienciadevida.com.ar\/portalurbano\/#website\",\"url\":\"https:\/\/experienciadevida.com.ar\/portalurbano\/\",\"name\":\"\",\"description\":\"\",\"publisher\":{\"@id\":\"https:\/\/experienciadevida.com.ar\/portalurbano\/#organization\"},\"potentialAction\":[{\"@type\":\"SearchAction\",\"target\":{\"@type\":\"EntryPoint\",\"urlTemplate\":\"https:\/\/experienciadevida.com.ar\/portalurbano\/?s={search_term_string}\"},\"query-input\":\"required name=search_term_string\"}],\"inLanguage\":\"es\"},{\"@type\":\"Organization\",\"@id\":\"https:\/\/experienciadevida.com.ar\/portalurbano\/#organization\",\"name\":\"Portal Urbano\",\"url\":\"https:\/\/experienciadevida.com.ar\/portalurbano\/\",\"logo\":{\"@type\":\"ImageObject\",\"inLanguage\":\"es\",\"@id\":\"https:\/\/experienciadevida.com.ar\/portalurbano\/#\/schema\/logo\/image\/\",\"url\":\"https:\/\/experienciadevida.com.ar\/portalurbano\/wp-content\/uploads\/2019\/09\/Logo-Original.png\",\"contentUrl\":\"https:\/\/experienciadevida.com.ar\/portalurbano\/wp-content\/uploads\/2019\/09\/Logo-Original.png\",\"width\":2236,\"height\":1216,\"caption\":\"Portal Urbano\"},\"image\":{\"@id\":\"https:\/\/experienciadevida.com.ar\/portalurbano\/#\/schema\/logo\/image\/\"},\"sameAs\":[\"https:\/\/www.facebook.com\/Portal-Urbano-171542830093757\/\",\"https:\/\/twitter.com\/portalurbanook\",\"https:\/\/www.instagram.com\/_portalurbano\/\",\"https:\/\/www.youtube.com\/channel\/UCXhagIfszH8KxFiOok79zbA?view_as=subscriber\"]},{\"@type\":\"Person\",\"@id\":\"https:\/\/experienciadevida.com.ar\/portalurbano\/#\/schema\/person\/02dd326b1c4b056e9cc972486934a3a7\",\"name\":\"admpu17wp\",\"image\":{\"@type\":\"ImageObject\",\"inLanguage\":\"es\",\"@id\":\"https:\/\/experienciadevida.com.ar\/portalurbano\/#\/schema\/person\/image\/\",\"url\":\"https:\/\/secure.gravatar.com\/avatar\/830d4c57adaae6630765e449a6908047?s=96&d=mm&r=g\",\"contentUrl\":\"https:\/\/secure.gravatar.com\/avatar\/830d4c57adaae6630765e449a6908047?s=96&d=mm&r=g\",\"caption\":\"admpu17wp\"}}]}<\/script>\n<!-- \/ Yoast SEO plugin. -->","yoast_head_json":{"title":"Por decisi\u00f3n un\u00e1nime los vecinos del Barrio Luz y Fuerza","description":"Por decisi\u00f3n un\u00e1nime los vecinos del barrio Luz y Fuerza est\u00e1n m\u00e1s cerca de acceder a la Escritura de sus viviendas,","robots":{"index":"index","follow":"follow","max-snippet":"max-snippet:-1","max-image-preview":"max-image-preview:large","max-video-preview":"max-video-preview:-1"},"canonical":"https:\/\/experienciadevida.com.ar\/portalurbano\/por-decision-unanime-los-vecinos-del-barrio-luz-y-fuerza-estan-mas-cerca-de-acceder-a-la-escritura-de-sus-viviendas\/","og_locale":"es_ES","og_type":"article","og_title":"Por decisi\u00f3n un\u00e1nime los vecinos del Barrio Luz y Fuerza","og_description":"Por decisi\u00f3n un\u00e1nime los vecinos del barrio Luz y Fuerza est\u00e1n m\u00e1s cerca de acceder a la Escritura de sus viviendas,","og_url":"https:\/\/experienciadevida.com.ar\/portalurbano\/por-decision-unanime-los-vecinos-del-barrio-luz-y-fuerza-estan-mas-cerca-de-acceder-a-la-escritura-de-sus-viviendas\/","article_publisher":"https:\/\/www.facebook.com\/Portal-Urbano-171542830093757\/","article_published_time":"2022-04-28T15:03:53+00:00","article_modified_time":"2022-04-28T15:08:36+00:00","og_image":[{"width":1280,"height":855,"url":"https:\/\/experienciadevida.com.ar\/portalurbano\/wp-content\/uploads\/2022\/04\/Por-decision-unanime-los.jpg","type":"image\/jpeg"}],"author":"admpu17wp","twitter_card":"summary_large_image","twitter_creator":"@portalurbanook","twitter_site":"@portalurbanook","twitter_misc":{"Escrito por":"admpu17wp","Tiempo de lectura":"2 minutos"},"schema":{"@context":"https:\/\/schema.org","@graph":[{"@type":"Article","@id":"https:\/\/experienciadevida.com.ar\/portalurbano\/por-decision-unanime-los-vecinos-del-barrio-luz-y-fuerza-estan-mas-cerca-de-acceder-a-la-escritura-de-sus-viviendas\/#article","isPartOf":{"@id":"https:\/\/experienciadevida.com.ar\/portalurbano\/por-decision-unanime-los-vecinos-del-barrio-luz-y-fuerza-estan-mas-cerca-de-acceder-a-la-escritura-de-sus-viviendas\/"},"author":{"name":"admpu17wp","@id":"https:\/\/experienciadevida.com.ar\/portalurbano\/#\/schema\/person\/02dd326b1c4b056e9cc972486934a3a7"},"headline":"Por decisi\u00f3n un\u00e1nime los vecinos del barrio Luz y Fuerza est\u00e1n m\u00e1s cerca de acceder a la Escritura de sus viviendas","datePublished":"2022-04-28T15:03:53+00:00","dateModified":"2022-04-28T15:08:36+00:00","mainEntityOfPage":{"@id":"https:\/\/experienciadevida.com.ar\/portalurbano\/por-decision-unanime-los-vecinos-del-barrio-luz-y-fuerza-estan-mas-cerca-de-acceder-a-la-escritura-de-sus-viviendas\/"},"wordCount":473,"publisher":{"@id":"https:\/\/experienciadevida.com.ar\/portalurbano\/#organization"},"articleSection":["Ciudad","Destacadas 2"],"inLanguage":"es"},{"@type":"WebPage","@id":"https:\/\/experienciadevida.com.ar\/portalurbano\/por-decision-unanime-los-vecinos-del-barrio-luz-y-fuerza-estan-mas-cerca-de-acceder-a-la-escritura-de-sus-viviendas\/","url":"https:\/\/experienciadevida.com.ar\/portalurbano\/por-decision-unanime-los-vecinos-del-barrio-luz-y-fuerza-estan-mas-cerca-de-acceder-a-la-escritura-de-sus-viviendas\/","name":"Por decisi\u00f3n un\u00e1nime los vecinos del Barrio Luz y Fuerza","isPartOf":{"@id":"https:\/\/experienciadevida.com.ar\/portalurbano\/#website"},"datePublished":"2022-04-28T15:03:53+00:00","dateModified":"2022-04-28T15:08:36+00:00","description":"Por decisi\u00f3n un\u00e1nime los vecinos del barrio Luz y Fuerza est\u00e1n m\u00e1s cerca de acceder a la Escritura de sus viviendas,","breadcrumb":{"@id":"https:\/\/experienciadevida.com.ar\/portalurbano\/por-decision-unanime-los-vecinos-del-barrio-luz-y-fuerza-estan-mas-cerca-de-acceder-a-la-escritura-de-sus-viviendas\/#breadcrumb"},"inLanguage":"es","potentialAction":[{"@type":"ReadAction","target":["https:\/\/experienciadevida.com.ar\/portalurbano\/por-decision-unanime-los-vecinos-del-barrio-luz-y-fuerza-estan-mas-cerca-de-acceder-a-la-escritura-de-sus-viviendas\/"]}]},{"@type":"BreadcrumbList","@id":"https:\/\/experienciadevida.com.ar\/portalurbano\/por-decision-unanime-los-vecinos-del-barrio-luz-y-fuerza-estan-mas-cerca-de-acceder-a-la-escritura-de-sus-viviendas\/#breadcrumb","itemListElement":[{"@type":"ListItem","position":1,"name":"Portada","item":"https:\/\/experienciadevida.com.ar\/portalurbano\/"},{"@type":"ListItem","position":2,"name":"Por decisi\u00f3n un\u00e1nime los vecinos del barrio Luz y Fuerza est\u00e1n m\u00e1s cerca de acceder a la Escritura de sus viviendas"}]},{"@type":"WebSite","@id":"https:\/\/experienciadevida.com.ar\/portalurbano\/#website","url":"https:\/\/experienciadevida.com.ar\/portalurbano\/","name":"","description":"","publisher":{"@id":"https:\/\/experienciadevida.com.ar\/portalurbano\/#organization"},"potentialAction":[{"@type":"SearchAction","target":{"@type":"EntryPoint","urlTemplate":"https:\/\/experienciadevida.com.ar\/portalurbano\/?s={search_term_string}"},"query-input":"required name=search_term_string"}],"inLanguage":"es"},{"@type":"Organization","@id":"https:\/\/experienciadevida.com.ar\/portalurbano\/#organization","name":"Portal Urbano","url":"https:\/\/experienciadevida.com.ar\/portalurbano\/","logo":{"@type":"ImageObject","inLanguage":"es","@id":"https:\/\/experienciadevida.com.ar\/portalurbano\/#\/schema\/logo\/image\/","url":"https:\/\/experienciadevida.com.ar\/portalurbano\/wp-content\/uploads\/2019\/09\/Logo-Original.png","contentUrl":"https:\/\/experienciadevida.com.ar\/portalurbano\/wp-content\/uploads\/2019\/09\/Logo-Original.png","width":2236,"height":1216,"caption":"Portal Urbano"},"image":{"@id":"https:\/\/experienciadevida.com.ar\/portalurbano\/#\/schema\/logo\/image\/"},"sameAs":["https:\/\/www.facebook.com\/Portal-Urbano-171542830093757\/","https:\/\/twitter.com\/portalurbanook","https:\/\/www.instagram.com\/_portalurbano\/","https:\/\/www.youtube.com\/channel\/UCXhagIfszH8KxFiOok79zbA?view_as=subscriber"]},{"@type":"Person","@id":"https:\/\/experienciadevida.com.ar\/portalurbano\/#\/schema\/person\/02dd326b1c4b056e9cc972486934a3a7","name":"admpu17wp","image":{"@type":"ImageObject","inLanguage":"es","@id":"https:\/\/experienciadevida.com.ar\/portalurbano\/#\/schema\/person\/image\/","url":"https:\/\/secure.gravatar.com\/avatar\/830d4c57adaae6630765e449a6908047?s=96&d=mm&r=g","contentUrl":"https:\/\/secure.gravatar.com\/avatar\/830d4c57adaae6630765e449a6908047?s=96&d=mm&r=g","caption":"admpu17wp"}}]}},"featured_image_urls":{"full":["https:\/\/experienciadevida.com.ar\/portalurbano\/wp-content\/uploads\/2022\/04\/Por-decision-unanime-los.jpg",1280,855,false],"thumbnail":["https:\/\/experienciadevida.com.ar\/portalurbano\/wp-content\/uploads\/2022\/04\/Por-decision-unanime-los-150x150.jpg",150,150,true],"medium":["https:\/\/experienciadevida.com.ar\/portalurbano\/wp-content\/uploads\/2022\/04\/Por-decision-unanime-los-300x200.jpg",300,200,true],"medium_large":["https:\/\/experienciadevida.com.ar\/portalurbano\/wp-content\/uploads\/2022\/04\/Por-decision-unanime-los-768x513.jpg",640,428,true],"large":["https:\/\/experienciadevida.com.ar\/portalurbano\/wp-content\/uploads\/2022\/04\/Por-decision-unanime-los-1024x684.jpg",640,428,true],"ug_big":["https:\/\/experienciadevida.com.ar\/portalurbano\/wp-content\/uploads\/2022\/04\/Por-decision-unanime-los-768x513.jpg",768,513,true],"1536x1536":["https:\/\/experienciadevida.com.ar\/portalurbano\/wp-content\/uploads\/2022\/04\/Por-decision-unanime-los.jpg",1280,855,false],"2048x2048":["https:\/\/experienciadevida.com.ar\/portalurbano\/wp-content\/uploads\/2022\/04\/Por-decision-unanime-los.jpg",1280,855,false],"newsever-slider-full":["https:\/\/experienciadevida.com.ar\/portalurbano\/wp-content\/uploads\/2022\/04\/Por-decision-unanime-los.jpg",1265,845,false],"newsever-featured":["https:\/\/experienciadevida.com.ar\/portalurbano\/wp-content\/uploads\/2022\/04\/Por-decision-unanime-los.jpg",1024,684,false],"newsever-medium":["https:\/\/experienciadevida.com.ar\/portalurbano\/wp-content\/uploads\/2022\/04\/Por-decision-unanime-los.jpg",711,475,false],"web-stories-poster-portrait":["https:\/\/experienciadevida.com.ar\/portalurbano\/wp-content\/uploads\/2022\/04\/Por-decision-unanime-los.jpg",640,428,false],"web-stories-publisher-logo":["https:\/\/experienciadevida.com.ar\/portalurbano\/wp-content\/uploads\/2022\/04\/Por-decision-unanime-los.jpg",96,64,false],"web-stories-thumbnail":["https:\/\/experienciadevida.com.ar\/portalurbano\/wp-content\/uploads\/2022\/04\/Por-decision-unanime-los.jpg",150,100,false]},"author_info":{"display_name":"admpu17wp","author_link":"https:\/\/experienciadevida.com.ar\/portalurbano\/author\/admpu17wp\/"},"category_info":"<a href=\"https:\/\/experienciadevida.com.ar\/portalurbano\/category\/ciudad\/\" rel=\"category tag\">Ciudad<\/a> <a href=\"https:\/\/experienciadevida.com.ar\/portalurbano\/category\/destacadas-2\/\" rel=\"category tag\">Destacadas 2<\/a>","tag_info":"Destacadas 2","comment_count":"0","amp_enabled":true,"_links":{"self":[{"href":"https:\/\/experienciadevida.com.ar\/portalurbano\/wp-json\/wp\/v2\/posts\/166621"}],"collection":[{"href":"https:\/\/experienciadevida.com.ar\/portalurbano\/wp-json\/wp\/v2\/posts"}],"about":[{"href":"https:\/\/experienciadevida.com.ar\/portalurbano\/wp-json\/wp\/v2\/types\/post"}],"author":[{"embeddable":true,"href":"https:\/\/experienciadevida.com.ar\/portalurbano\/wp-json\/wp\/v2\/users\/1"}],"replies":[{"embeddable":true,"href":"https:\/\/experienciadevida.com.ar\/portalurbano\/wp-json\/wp\/v2\/comments?post=166621"}],"version-history":[{"count":2,"href":"https:\/\/experienciadevida.com.ar\/portalurbano\/wp-json\/wp\/v2\/posts\/166621\/revisions"}],"predecessor-version":[{"id":166624,"href":"https:\/\/experienciadevida.com.ar\/portalurbano\/wp-json\/wp\/v2\/posts\/166621\/revisions\/166624"}],"wp:featuredmedia":[{"embeddable":true,"href":"https:\/\/experienciadevida.com.ar\/portalurbano\/wp-json\/wp\/v2\/media\/166622"}],"wp:attachment":[{"href":"https:\/\/experienciadevida.com.ar\/portalurbano\/wp-json\/wp\/v2\/media?parent=166621"}],"wp:term":[{"taxonomy":"category","embeddable":true,"href":"https:\/\/experienciadevida.com.ar\/portalurbano\/wp-json\/wp\/v2\/categories?post=166621"},{"taxonomy":"post_tag","embeddable":true,"href":"https:\/\/experienciadevida.com.ar\/portalurbano\/wp-json\/wp\/v2\/tags?post=166621"}],"curies":[{"name":"wp","href":"https:\/\/api.w.org\/{rel}","templated":true}]}}