{"id":166611,"date":"2022-04-28T09:33:13","date_gmt":"2022-04-28T12:33:13","guid":{"rendered":"https:\/\/experienciadevida.com.ar\/portalurbano\/?p=166611"},"modified":"2022-04-28T09:48:50","modified_gmt":"2022-04-28T12:48:50","slug":"cambio-de-sede-para-la-reunion-de-este-sabado-sobre-jovenes-y-nocturnidad","status":"publish","type":"post","link":"https:\/\/experienciadevida.com.ar\/portalurbano\/cambio-de-sede-para-la-reunion-de-este-sabado-sobre-jovenes-y-nocturnidad\/","title":{"rendered":"Cambio de sede para la reuni\u00f3n de este s\u00e1bado sobre j\u00f3venes y nocturnidad"},"content":{"rendered":"<p>Cambio de sede para la reuni\u00f3n de este s\u00e1bado sobre j\u00f3venes y nocturnidad, desde la <a href=\"https:\/\/www.facebook.com\/profile.php?id=100068946798522\">Direcci\u00f3n de Pol\u00edticas de G\u00e9nero <\/a>y el \u00e1rea de Juventud Municipal se inform\u00f3 que se ha dispuesto el cambio de espacio f\u00edsico para la <a href=\"https:\/\/experienciadevida.com.ar\/portalurbano\/el-municipio-convoca-a-jovenes-a-un-encuentro-para-abordar-la-tematica-de-nocturnidad\/\">reuni\u00f3n con adolescentes y j\u00f3venes<\/a> para dialogar y escuchar experiencias sobre la noche olavarriense.<\/p>\n<p>El encuentro hab\u00eda sido pautado inicialmente este s\u00e1bado desde las 18 en el Centro Cultural Municipal San Jos\u00e9. Se detall\u00f3 que se mantendr\u00e1 tanto el horario como el d\u00eda, pero la sede se trasladar\u00e1 al Sal\u00f3n Blanco del Palacio Municipal San Mart\u00edn, ubicado sobre San Mart\u00edn 2801.<\/p>\n<p>Cambio de sede para la reuni\u00f3n de este s\u00e1bado sobre j\u00f3venes y nocturnidad, Se espera una convocatoria diversa y representativa para recabar detalles del contexto de nocturnidad y avanzar en la planificaci\u00f3n de acciones de prevenci\u00f3n con las juventudes con respecto a situaciones de violencias de g\u00e9nero en dicho \u00e1mbito. Se recuerda, adem\u00e1s, que la reuni\u00f3n ser\u00e1 en primera instancia mixta, y posteriormente se desarrollar\u00e1 otro encuentro s\u00f3lo con mujeres y diversidades.<\/p>\n<p>Una vez que se realicen estos encuentros aproximatorios, y sobre la base de una evaluaci\u00f3n diagn\u00f3stica de los testimonios recibidos, se desplegar\u00e1n actividades de prevenci\u00f3n y difusi\u00f3n de recursos que planificar\u00e1n con las juventudes para que todo el proceso sea participativo y democr\u00e1tico.<\/p>\n","protected":false},"excerpt":{"rendered":"<p>Cambio de sede para la reuni\u00f3n de este s\u00e1bado sobre j\u00f3venes y nocturnidad, desde la&#8230;<\/p>\n","protected":false},"author":1,"featured_media":104479,"comment_status":"closed","ping_status":"closed","sticky":false,"template":"","format":"standard","meta":{"content-type":""},"categories":[27],"tags":[],"nelio_content":{"isAutoShareEnabled":false,"autoShareEndMode":"default","automationSources":{"useContentSentences":true,"useSocialTemplates":true,"useCustomSentences":false,"customSentences":[]},"followers":[1],"suggestedReferences":[],"includedReferences":[],"efiUrl":"","efiAlt":"","highlights":[]},"yoast_head":"<!-- This site is optimized with the Yoast SEO plugin v20.7 - https:\/\/yoast.com\/wordpress\/plugins\/seo\/ -->\n<title>Cambio de sede para la reuni\u00f3n de este s\u00e1bado sobre j\u00f3venes<\/title>\n<meta name=\"description\" content=\"Cambio de sede para la reuni\u00f3n de este s\u00e1bado sobre j\u00f3venes y nocturnidad, desde la Direcci\u00f3n de Pol\u00edticas de G\u00e9nero\" \/>\n<meta name=\"robots\" content=\"index, follow, max-snippet:-1, max-image-preview:large, max-video-preview:-1\" \/>\n<link rel=\"canonical\" href=\"https:\/\/experienciadevida.com.ar\/portalurbano\/cambio-de-sede-para-la-reunion-de-este-sabado-sobre-jovenes-y-nocturnidad\/\" \/>\n<meta property=\"og:locale\" content=\"es_ES\" \/>\n<meta property=\"og:type\" content=\"article\" \/>\n<meta property=\"og:title\" content=\"Cambio de sede para la reuni\u00f3n de este s\u00e1bado sobre j\u00f3venes\" \/>\n<meta property=\"og:description\" content=\"Cambio de sede para la reuni\u00f3n de este s\u00e1bado sobre j\u00f3venes y nocturnidad, desde la Direcci\u00f3n de Pol\u00edticas de G\u00e9nero\" \/>\n<meta property=\"og:url\" content=\"https:\/\/experienciadevida.com.ar\/portalurbano\/cambio-de-sede-para-la-reunion-de-este-sabado-sobre-jovenes-y-nocturnidad\/\" \/>\n<meta property=\"article:publisher\" content=\"https:\/\/www.facebook.com\/Portal-Urbano-171542830093757\/\" \/>\n<meta property=\"article:published_time\" content=\"2022-04-28T12:33:13+00:00\" \/>\n<meta property=\"article:modified_time\" content=\"2022-04-28T12:48:50+00:00\" \/>\n<meta property=\"og:image\" content=\"https:\/\/experienciadevida.com.ar\/portalurbano\/wp-content\/uploads\/2020\/03\/POLITICASDEGENERO-e1584543430419.jpg\" \/>\n\t<meta property=\"og:image:width\" content=\"765\" \/>\n\t<meta property=\"og:image:height\" content=\"510\" \/>\n\t<meta property=\"og:image:type\" content=\"image\/jpeg\" \/>\n<meta name=\"author\" content=\"admpu17wp\" \/>\n<meta name=\"twitter:card\" content=\"summary_large_image\" \/>\n<meta name=\"twitter:creator\" content=\"@portalurbanook\" \/>\n<meta name=\"twitter:site\" content=\"@portalurbanook\" \/>\n<meta name=\"twitter:label1\" content=\"Escrito por\" \/>\n\t<meta name=\"twitter:data1\" content=\"admpu17wp\" \/>\n\t<meta name=\"twitter:label2\" content=\"Tiempo de lectura\" \/>\n\t<meta name=\"twitter:data2\" content=\"1 minuto\" \/>\n<script type=\"application\/ld+json\" class=\"yoast-schema-graph\">{\"@context\":\"https:\/\/schema.org\",\"@graph\":[{\"@type\":\"Article\",\"@id\":\"https:\/\/experienciadevida.com.ar\/portalurbano\/cambio-de-sede-para-la-reunion-de-este-sabado-sobre-jovenes-y-nocturnidad\/#article\",\"isPartOf\":{\"@id\":\"https:\/\/experienciadevida.com.ar\/portalurbano\/cambio-de-sede-para-la-reunion-de-este-sabado-sobre-jovenes-y-nocturnidad\/\"},\"author\":{\"name\":\"admpu17wp\",\"@id\":\"https:\/\/experienciadevida.com.ar\/portalurbano\/#\/schema\/person\/02dd326b1c4b056e9cc972486934a3a7\"},\"headline\":\"Cambio de sede para la reuni\u00f3n de este s\u00e1bado sobre j\u00f3venes y nocturnidad\",\"datePublished\":\"2022-04-28T12:33:13+00:00\",\"dateModified\":\"2022-04-28T12:48:50+00:00\",\"mainEntityOfPage\":{\"@id\":\"https:\/\/experienciadevida.com.ar\/portalurbano\/cambio-de-sede-para-la-reunion-de-este-sabado-sobre-jovenes-y-nocturnidad\/\"},\"wordCount\":260,\"publisher\":{\"@id\":\"https:\/\/experienciadevida.com.ar\/portalurbano\/#organization\"},\"articleSection\":[\"Ciudad\"],\"inLanguage\":\"es\"},{\"@type\":\"WebPage\",\"@id\":\"https:\/\/experienciadevida.com.ar\/portalurbano\/cambio-de-sede-para-la-reunion-de-este-sabado-sobre-jovenes-y-nocturnidad\/\",\"url\":\"https:\/\/experienciadevida.com.ar\/portalurbano\/cambio-de-sede-para-la-reunion-de-este-sabado-sobre-jovenes-y-nocturnidad\/\",\"name\":\"Cambio de sede para la reuni\u00f3n de este s\u00e1bado sobre j\u00f3venes\",\"isPartOf\":{\"@id\":\"https:\/\/experienciadevida.com.ar\/portalurbano\/#website\"},\"datePublished\":\"2022-04-28T12:33:13+00:00\",\"dateModified\":\"2022-04-28T12:48:50+00:00\",\"description\":\"Cambio de sede para la reuni\u00f3n de este s\u00e1bado sobre j\u00f3venes y nocturnidad, desde la Direcci\u00f3n de Pol\u00edticas de G\u00e9nero\",\"breadcrumb\":{\"@id\":\"https:\/\/experienciadevida.com.ar\/portalurbano\/cambio-de-sede-para-la-reunion-de-este-sabado-sobre-jovenes-y-nocturnidad\/#breadcrumb\"},\"inLanguage\":\"es\",\"potentialAction\":[{\"@type\":\"ReadAction\",\"target\":[\"https:\/\/experienciadevida.com.ar\/portalurbano\/cambio-de-sede-para-la-reunion-de-este-sabado-sobre-jovenes-y-nocturnidad\/\"]}]},{\"@type\":\"BreadcrumbList\",\"@id\":\"https:\/\/experienciadevida.com.ar\/portalurbano\/cambio-de-sede-para-la-reunion-de-este-sabado-sobre-jovenes-y-nocturnidad\/#breadcrumb\",\"itemListElement\":[{\"@type\":\"ListItem\",\"position\":1,\"name\":\"Portada\",\"item\":\"https:\/\/experienciadevida.com.ar\/portalurbano\/\"},{\"@type\":\"ListItem\",\"position\":2,\"name\":\"Cambio de sede para la reuni\u00f3n de este s\u00e1bado sobre j\u00f3venes y nocturnidad\"}]},{\"@type\":\"WebSite\",\"@id\":\"https:\/\/experienciadevida.com.ar\/portalurbano\/#website\",\"url\":\"https:\/\/experienciadevida.com.ar\/portalurbano\/\",\"name\":\"\",\"description\":\"\",\"publisher\":{\"@id\":\"https:\/\/experienciadevida.com.ar\/portalurbano\/#organization\"},\"potentialAction\":[{\"@type\":\"SearchAction\",\"target\":{\"@type\":\"EntryPoint\",\"urlTemplate\":\"https:\/\/experienciadevida.com.ar\/portalurbano\/?s={search_term_string}\"},\"query-input\":\"required name=search_term_string\"}],\"inLanguage\":\"es\"},{\"@type\":\"Organization\",\"@id\":\"https:\/\/experienciadevida.com.ar\/portalurbano\/#organization\",\"name\":\"Portal Urbano\",\"url\":\"https:\/\/experienciadevida.com.ar\/portalurbano\/\",\"logo\":{\"@type\":\"ImageObject\",\"inLanguage\":\"es\",\"@id\":\"https:\/\/experienciadevida.com.ar\/portalurbano\/#\/schema\/logo\/image\/\",\"url\":\"https:\/\/experienciadevida.com.ar\/portalurbano\/wp-content\/uploads\/2019\/09\/Logo-Original.png\",\"contentUrl\":\"https:\/\/experienciadevida.com.ar\/portalurbano\/wp-content\/uploads\/2019\/09\/Logo-Original.png\",\"width\":2236,\"height\":1216,\"caption\":\"Portal Urbano\"},\"image\":{\"@id\":\"https:\/\/experienciadevida.com.ar\/portalurbano\/#\/schema\/logo\/image\/\"},\"sameAs\":[\"https:\/\/www.facebook.com\/Portal-Urbano-171542830093757\/\",\"https:\/\/twitter.com\/portalurbanook\",\"https:\/\/www.instagram.com\/_portalurbano\/\",\"https:\/\/www.youtube.com\/channel\/UCXhagIfszH8KxFiOok79zbA?view_as=subscriber\"]},{\"@type\":\"Person\",\"@id\":\"https:\/\/experienciadevida.com.ar\/portalurbano\/#\/schema\/person\/02dd326b1c4b056e9cc972486934a3a7\",\"name\":\"admpu17wp\",\"image\":{\"@type\":\"ImageObject\",\"inLanguage\":\"es\",\"@id\":\"https:\/\/experienciadevida.com.ar\/portalurbano\/#\/schema\/person\/image\/\",\"url\":\"https:\/\/secure.gravatar.com\/avatar\/830d4c57adaae6630765e449a6908047?s=96&d=mm&r=g\",\"contentUrl\":\"https:\/\/secure.gravatar.com\/avatar\/830d4c57adaae6630765e449a6908047?s=96&d=mm&r=g\",\"caption\":\"admpu17wp\"}}]}<\/script>\n<!-- \/ Yoast SEO plugin. -->","yoast_head_json":{"title":"Cambio de sede para la reuni\u00f3n de este s\u00e1bado sobre j\u00f3venes","description":"Cambio de sede para la reuni\u00f3n de este s\u00e1bado sobre j\u00f3venes y nocturnidad, desde la Direcci\u00f3n de Pol\u00edticas de G\u00e9nero","robots":{"index":"index","follow":"follow","max-snippet":"max-snippet:-1","max-image-preview":"max-image-preview:large","max-video-preview":"max-video-preview:-1"},"canonical":"https:\/\/experienciadevida.com.ar\/portalurbano\/cambio-de-sede-para-la-reunion-de-este-sabado-sobre-jovenes-y-nocturnidad\/","og_locale":"es_ES","og_type":"article","og_title":"Cambio de sede para la reuni\u00f3n de este s\u00e1bado sobre j\u00f3venes","og_description":"Cambio de sede para la reuni\u00f3n de este s\u00e1bado sobre j\u00f3venes y nocturnidad, desde la Direcci\u00f3n de Pol\u00edticas de G\u00e9nero","og_url":"https:\/\/experienciadevida.com.ar\/portalurbano\/cambio-de-sede-para-la-reunion-de-este-sabado-sobre-jovenes-y-nocturnidad\/","article_publisher":"https:\/\/www.facebook.com\/Portal-Urbano-171542830093757\/","article_published_time":"2022-04-28T12:33:13+00:00","article_modified_time":"2022-04-28T12:48:50+00:00","og_image":[{"width":765,"height":510,"url":"https:\/\/experienciadevida.com.ar\/portalurbano\/wp-content\/uploads\/2020\/03\/POLITICASDEGENERO-e1584543430419.jpg","type":"image\/jpeg"}],"author":"admpu17wp","twitter_card":"summary_large_image","twitter_creator":"@portalurbanook","twitter_site":"@portalurbanook","twitter_misc":{"Escrito por":"admpu17wp","Tiempo de lectura":"1 minuto"},"schema":{"@context":"https:\/\/schema.org","@graph":[{"@type":"Article","@id":"https:\/\/experienciadevida.com.ar\/portalurbano\/cambio-de-sede-para-la-reunion-de-este-sabado-sobre-jovenes-y-nocturnidad\/#article","isPartOf":{"@id":"https:\/\/experienciadevida.com.ar\/portalurbano\/cambio-de-sede-para-la-reunion-de-este-sabado-sobre-jovenes-y-nocturnidad\/"},"author":{"name":"admpu17wp","@id":"https:\/\/experienciadevida.com.ar\/portalurbano\/#\/schema\/person\/02dd326b1c4b056e9cc972486934a3a7"},"headline":"Cambio de sede para la reuni\u00f3n de este s\u00e1bado sobre j\u00f3venes y nocturnidad","datePublished":"2022-04-28T12:33:13+00:00","dateModified":"2022-04-28T12:48:50+00:00","mainEntityOfPage":{"@id":"https:\/\/experienciadevida.com.ar\/portalurbano\/cambio-de-sede-para-la-reunion-de-este-sabado-sobre-jovenes-y-nocturnidad\/"},"wordCount":260,"publisher":{"@id":"https:\/\/experienciadevida.com.ar\/portalurbano\/#organization"},"articleSection":["Ciudad"],"inLanguage":"es"},{"@type":"WebPage","@id":"https:\/\/experienciadevida.com.ar\/portalurbano\/cambio-de-sede-para-la-reunion-de-este-sabado-sobre-jovenes-y-nocturnidad\/","url":"https:\/\/experienciadevida.com.ar\/portalurbano\/cambio-de-sede-para-la-reunion-de-este-sabado-sobre-jovenes-y-nocturnidad\/","name":"Cambio de sede para la reuni\u00f3n de este s\u00e1bado sobre j\u00f3venes","isPartOf":{"@id":"https:\/\/experienciadevida.com.ar\/portalurbano\/#website"},"datePublished":"2022-04-28T12:33:13+00:00","dateModified":"2022-04-28T12:48:50+00:00","description":"Cambio de sede para la reuni\u00f3n de este s\u00e1bado sobre j\u00f3venes y nocturnidad, desde la Direcci\u00f3n de Pol\u00edticas de G\u00e9nero","breadcrumb":{"@id":"https:\/\/experienciadevida.com.ar\/portalurbano\/cambio-de-sede-para-la-reunion-de-este-sabado-sobre-jovenes-y-nocturnidad\/#breadcrumb"},"inLanguage":"es","potentialAction":[{"@type":"ReadAction","target":["https:\/\/experienciadevida.com.ar\/portalurbano\/cambio-de-sede-para-la-reunion-de-este-sabado-sobre-jovenes-y-nocturnidad\/"]}]},{"@type":"BreadcrumbList","@id":"https:\/\/experienciadevida.com.ar\/portalurbano\/cambio-de-sede-para-la-reunion-de-este-sabado-sobre-jovenes-y-nocturnidad\/#breadcrumb","itemListElement":[{"@type":"ListItem","position":1,"name":"Portada","item":"https:\/\/experienciadevida.com.ar\/portalurbano\/"},{"@type":"ListItem","position":2,"name":"Cambio de sede para la reuni\u00f3n de este s\u00e1bado sobre j\u00f3venes y nocturnidad"}]},{"@type":"WebSite","@id":"https:\/\/experienciadevida.com.ar\/portalurbano\/#website","url":"https:\/\/experienciadevida.com.ar\/portalurbano\/","name":"","description":"","publisher":{"@id":"https:\/\/experienciadevida.com.ar\/portalurbano\/#organization"},"potentialAction":[{"@type":"SearchAction","target":{"@type":"EntryPoint","urlTemplate":"https:\/\/experienciadevida.com.ar\/portalurbano\/?s={search_term_string}"},"query-input":"required name=search_term_string"}],"inLanguage":"es"},{"@type":"Organization","@id":"https:\/\/experienciadevida.com.ar\/portalurbano\/#organization","name":"Portal Urbano","url":"https:\/\/experienciadevida.com.ar\/portalurbano\/","logo":{"@type":"ImageObject","inLanguage":"es","@id":"https:\/\/experienciadevida.com.ar\/portalurbano\/#\/schema\/logo\/image\/","url":"https:\/\/experienciadevida.com.ar\/portalurbano\/wp-content\/uploads\/2019\/09\/Logo-Original.png","contentUrl":"https:\/\/experienciadevida.com.ar\/portalurbano\/wp-content\/uploads\/2019\/09\/Logo-Original.png","width":2236,"height":1216,"caption":"Portal Urbano"},"image":{"@id":"https:\/\/experienciadevida.com.ar\/portalurbano\/#\/schema\/logo\/image\/"},"sameAs":["https:\/\/www.facebook.com\/Portal-Urbano-171542830093757\/","https:\/\/twitter.com\/portalurbanook","https:\/\/www.instagram.com\/_portalurbano\/","https:\/\/www.youtube.com\/channel\/UCXhagIfszH8KxFiOok79zbA?view_as=subscriber"]},{"@type":"Person","@id":"https:\/\/experienciadevida.com.ar\/portalurbano\/#\/schema\/person\/02dd326b1c4b056e9cc972486934a3a7","name":"admpu17wp","image":{"@type":"ImageObject","inLanguage":"es","@id":"https:\/\/experienciadevida.com.ar\/portalurbano\/#\/schema\/person\/image\/","url":"https:\/\/secure.gravatar.com\/avatar\/830d4c57adaae6630765e449a6908047?s=96&d=mm&r=g","contentUrl":"https:\/\/secure.gravatar.com\/avatar\/830d4c57adaae6630765e449a6908047?s=96&d=mm&r=g","caption":"admpu17wp"}}]}},"featured_image_urls":{"full":["https:\/\/experienciadevida.com.ar\/portalurbano\/wp-content\/uploads\/2020\/03\/POLITICASDEGENERO-e1584543430419.jpg",765,510,false],"thumbnail":["https:\/\/experienciadevida.com.ar\/portalurbano\/wp-content\/uploads\/2020\/03\/POLITICASDEGENERO-150x150.jpg",150,150,true],"medium":["https:\/\/experienciadevida.com.ar\/portalurbano\/wp-content\/uploads\/2020\/03\/POLITICASDEGENERO-300x200.jpg",300,200,true],"medium_large":["https:\/\/experienciadevida.com.ar\/portalurbano\/wp-content\/uploads\/2020\/03\/POLITICASDEGENERO-768x512.jpg",640,427,true],"large":["https:\/\/experienciadevida.com.ar\/portalurbano\/wp-content\/uploads\/2020\/03\/POLITICASDEGENERO-e1584543430419.jpg",640,427,false],"ug_big":["https:\/\/experienciadevida.com.ar\/portalurbano\/wp-content\/uploads\/2020\/03\/POLITICASDEGENERO-768x512.jpg",768,512,true],"1536x1536":["https:\/\/experienciadevida.com.ar\/portalurbano\/wp-content\/uploads\/2020\/03\/POLITICASDEGENERO-e1584543430419.jpg",765,510,false],"2048x2048":["https:\/\/experienciadevida.com.ar\/portalurbano\/wp-content\/uploads\/2020\/03\/POLITICASDEGENERO-e1584543430419.jpg",765,510,false],"newsever-slider-full":["https:\/\/experienciadevida.com.ar\/portalurbano\/wp-content\/uploads\/2020\/03\/POLITICASDEGENERO-e1584543430419.jpg",765,510,false],"newsever-featured":["https:\/\/experienciadevida.com.ar\/portalurbano\/wp-content\/uploads\/2020\/03\/POLITICASDEGENERO-e1584543430419.jpg",765,510,false],"newsever-medium":["https:\/\/experienciadevida.com.ar\/portalurbano\/wp-content\/uploads\/2020\/03\/POLITICASDEGENERO-e1584543430419.jpg",713,475,false],"web-stories-poster-portrait":["https:\/\/experienciadevida.com.ar\/portalurbano\/wp-content\/uploads\/2020\/03\/POLITICASDEGENERO-e1584543430419.jpg",640,427,false],"web-stories-publisher-logo":["https:\/\/experienciadevida.com.ar\/portalurbano\/wp-content\/uploads\/2020\/03\/POLITICASDEGENERO-e1584543430419.jpg",96,64,false],"web-stories-thumbnail":["https:\/\/experienciadevida.com.ar\/portalurbano\/wp-content\/uploads\/2020\/03\/POLITICASDEGENERO-e1584543430419.jpg",150,100,false]},"author_info":{"display_name":"admpu17wp","author_link":"https:\/\/experienciadevida.com.ar\/portalurbano\/author\/admpu17wp\/"},"category_info":"<a href=\"https:\/\/experienciadevida.com.ar\/portalurbano\/category\/ciudad\/\" rel=\"category tag\">Ciudad<\/a>","tag_info":"Ciudad","comment_count":"0","amp_enabled":true,"_links":{"self":[{"href":"https:\/\/experienciadevida.com.ar\/portalurbano\/wp-json\/wp\/v2\/posts\/166611"}],"collection":[{"href":"https:\/\/experienciadevida.com.ar\/portalurbano\/wp-json\/wp\/v2\/posts"}],"about":[{"href":"https:\/\/experienciadevida.com.ar\/portalurbano\/wp-json\/wp\/v2\/types\/post"}],"author":[{"embeddable":true,"href":"https:\/\/experienciadevida.com.ar\/portalurbano\/wp-json\/wp\/v2\/users\/1"}],"replies":[{"embeddable":true,"href":"https:\/\/experienciadevida.com.ar\/portalurbano\/wp-json\/wp\/v2\/comments?post=166611"}],"version-history":[{"count":3,"href":"https:\/\/experienciadevida.com.ar\/portalurbano\/wp-json\/wp\/v2\/posts\/166611\/revisions"}],"predecessor-version":[{"id":166614,"href":"https:\/\/experienciadevida.com.ar\/portalurbano\/wp-json\/wp\/v2\/posts\/166611\/revisions\/166614"}],"wp:featuredmedia":[{"embeddable":true,"href":"https:\/\/experienciadevida.com.ar\/portalurbano\/wp-json\/wp\/v2\/media\/104479"}],"wp:attachment":[{"href":"https:\/\/experienciadevida.com.ar\/portalurbano\/wp-json\/wp\/v2\/media?parent=166611"}],"wp:term":[{"taxonomy":"category","embeddable":true,"href":"https:\/\/experienciadevida.com.ar\/portalurbano\/wp-json\/wp\/v2\/categories?post=166611"},{"taxonomy":"post_tag","embeddable":true,"href":"https:\/\/experienciadevida.com.ar\/portalurbano\/wp-json\/wp\/v2\/tags?post=166611"}],"curies":[{"name":"wp","href":"https:\/\/api.w.org\/{rel}","templated":true}]}}