{"id":166595,"date":"2022-04-27T19:05:30","date_gmt":"2022-04-27T22:05:30","guid":{"rendered":"https:\/\/experienciadevida.com.ar\/portalurbano\/?p=166595"},"modified":"2022-04-27T19:05:55","modified_gmt":"2022-04-27T22:05:55","slug":"estrella-de-la-pampa-oratorio-criollo-el-sabado-7-en-la-iglesia-san-cayetano","status":"publish","type":"post","link":"https:\/\/experienciadevida.com.ar\/portalurbano\/estrella-de-la-pampa-oratorio-criollo-el-sabado-7-en-la-iglesia-san-cayetano\/","title":{"rendered":"Estrella de La Pampa, oratorio criollo El s\u00e1bado 7 en la iglesia San Cayetano"},"content":{"rendered":"<p>Estrella de La Pampa, oratorio criollo El s\u00e1bado 7 en la iglesia San Cayetano, a las 20hs se presentar\u00e1 el oratorio criollo \u201cEstrella de la Pampa\u201d en la Iglesia San Cayetano de nuestra ciudad.<\/p>\n<p>Se trata de una cantata que describe milagro de Luj\u00e1n, ocurrido en 1630, acontecimiento que funda la piedad mariana en nuestra patria.<\/p>\n<p>Esta obra musical se desarrolla integrando canciones y relatos que narran e ilustran esta historia, desde la llegada de la sagrada imagen hasta nuestros d\u00edas.<\/p>\n<p>Los int\u00e9rpretes, provenientes de Tandil, son los siguientes: el grupo Tinkunaco, que es un octeto integrado por Marcos Pereyra, Dami\u00e1n Depau, V\u00edctor Urquiaga, Marcos Picaroni, Mar\u00eda Luj\u00e1n Marengo, Alejandra Berlari, Ana Laura Islas y Rut Tripodi; Agust\u00edn Mena (recitados). Participar\u00e1n en la danza C\u00e9sar Luque, Mariela Pe\u00f1\u00edn, Javier Bali\u00f1o y Karina Pena junto a bailarines locales. M\u00fasicos: Marcos Pereyra (guitarra), Arturo de Felice (guitarr\u00f3n) y Marcos Picaroni (teclados).<\/p>\n<p>El desarrollo de la obra es el siguiente:<br \/>\n1. Mar\u00eda de Luj\u00e1n (canci\u00f3n)<br \/>\n2. Atiendan pues los presentes (cifra).<br \/>\n3. Huella de las carretas (huella)<br \/>\n4. Inmaculada (vidalita)<br \/>\n5. La estancia de Don Rosendo (milonga corralera)<br \/>\n6. Hijito m\u00edo (triste)<br \/>\n7. Aqu\u00ed me quedo (triunfo)<br \/>\n8. La capilla de Montalbo (milonga)<br \/>\n9. Cielito al negro Manuel (cielito)<br \/>\n10. Bendita sea tu pureza\u201d (estilo),<br \/>\n11. Estrella de la Pampa\u201d (canci\u00f3n).<\/p>\n<p>En la obra se conjugan, la historia, la poes\u00eda y la religiosidad mariana. A su vez hay un rescate de la m\u00fasica de ra\u00edz pampeana.<\/p>\n<p>La autor\u00eda de los textos pertenece a Cruz Lucero. La parte musical fue compuesta por el m\u00fasico azule\u00f1o Juan Carlos Madd\u00edo (temas 1,3,4,7,8,9,10 y 11) y por Atilio Reynoso (temas 2,5 y 6) Los arreglos vocales a cargo de Marcos Picaroni (temas 1, 3,4,6 al 11) y Arturo de Felice (en tema 10).<\/p>\n<p>Adem\u00e1s, este s\u00e1bado 7 ser\u00e1 colocada en el templo una imagen del Negro Manuel, custodio de la Virgen de Luj\u00e1n, junto a la imagen de la Virgen, con la oraci\u00f3n con la que pedimos su pronta beatificaci\u00f3n.<\/p>\n<p>Quien fue el Negro Manuel.<br \/>\nNacido en \u00c1frica, fue tra\u00eddo como esclavo a nuestras tierras. Fue testigo del Milagro a orillas del r\u00edo Luj\u00e1n en 1630. Cuid\u00f3 la imagen, cont\u00f3 su historia y atendi\u00f3 con amor a los peregrinos durante 56 a\u00f1os hasta el d\u00eda de su muerte. \u00c9l nos dej\u00f3 esta frase como expresi\u00f3n de su vida: \u201cSoy de la Virgen, nom\u00e1s\u201d. Tambi\u00e9n nosotros podemos hacerla nuestra. Desde el 2019 viene avanzando su causa de beatificaci\u00f3n.<\/p>\n","protected":false},"excerpt":{"rendered":"<p>Estrella de La Pampa, oratorio criollo El s\u00e1bado 7 en la iglesia San Cayetano, a&#8230;<\/p>\n","protected":false},"author":1,"featured_media":166596,"comment_status":"closed","ping_status":"closed","sticky":false,"template":"","format":"standard","meta":{"content-type":""},"categories":[27],"tags":[],"nelio_content":{"isAutoShareEnabled":false,"autoShareEndMode":"default","automationSources":{"useContentSentences":true,"useSocialTemplates":true,"useCustomSentences":false,"customSentences":[]},"followers":[1],"suggestedReferences":[],"includedReferences":[],"efiUrl":"","efiAlt":"","highlights":[]},"yoast_head":"<!-- This site is optimized with the Yoast SEO plugin v20.7 - https:\/\/yoast.com\/wordpress\/plugins\/seo\/ -->\n<title>Estrella de La Pampa, oratorio criollo el s\u00e1bado 7 en San Cayetano<\/title>\n<meta name=\"description\" content=\"Estrella de La Pampa, oratorio criollo El s\u00e1bado 7 en la iglesia San Cayetano, a las 20hs se presentar\u00e1 el oratorio criollo\" \/>\n<meta name=\"robots\" content=\"index, follow, max-snippet:-1, max-image-preview:large, max-video-preview:-1\" \/>\n<link rel=\"canonical\" href=\"https:\/\/experienciadevida.com.ar\/portalurbano\/estrella-de-la-pampa-oratorio-criollo-el-sabado-7-en-la-iglesia-san-cayetano\/\" \/>\n<meta property=\"og:locale\" content=\"es_ES\" \/>\n<meta property=\"og:type\" content=\"article\" \/>\n<meta property=\"og:title\" content=\"Estrella de La Pampa, oratorio criollo el s\u00e1bado 7 en San Cayetano\" \/>\n<meta property=\"og:description\" content=\"Estrella de La Pampa, oratorio criollo El s\u00e1bado 7 en la iglesia San Cayetano, a las 20hs se presentar\u00e1 el oratorio criollo\" \/>\n<meta property=\"og:url\" content=\"https:\/\/experienciadevida.com.ar\/portalurbano\/estrella-de-la-pampa-oratorio-criollo-el-sabado-7-en-la-iglesia-san-cayetano\/\" \/>\n<meta property=\"article:publisher\" content=\"https:\/\/www.facebook.com\/Portal-Urbano-171542830093757\/\" \/>\n<meta property=\"article:published_time\" content=\"2022-04-27T22:05:30+00:00\" \/>\n<meta property=\"article:modified_time\" content=\"2022-04-27T22:05:55+00:00\" \/>\n<meta property=\"og:image\" content=\"https:\/\/experienciadevida.com.ar\/portalurbano\/wp-content\/uploads\/2022\/04\/Estrella-de-La-Pampa.jpeg\" \/>\n\t<meta property=\"og:image:width\" content=\"1280\" \/>\n\t<meta property=\"og:image:height\" content=\"853\" \/>\n\t<meta property=\"og:image:type\" content=\"image\/jpeg\" \/>\n<meta name=\"author\" content=\"admpu17wp\" \/>\n<meta name=\"twitter:card\" content=\"summary_large_image\" \/>\n<meta name=\"twitter:creator\" content=\"@portalurbanook\" \/>\n<meta name=\"twitter:site\" content=\"@portalurbanook\" \/>\n<meta name=\"twitter:label1\" content=\"Escrito por\" \/>\n\t<meta name=\"twitter:data1\" content=\"admpu17wp\" \/>\n\t<meta name=\"twitter:label2\" content=\"Tiempo de lectura\" \/>\n\t<meta name=\"twitter:data2\" content=\"2 minutos\" \/>\n<script type=\"application\/ld+json\" class=\"yoast-schema-graph\">{\"@context\":\"https:\/\/schema.org\",\"@graph\":[{\"@type\":\"Article\",\"@id\":\"https:\/\/experienciadevida.com.ar\/portalurbano\/estrella-de-la-pampa-oratorio-criollo-el-sabado-7-en-la-iglesia-san-cayetano\/#article\",\"isPartOf\":{\"@id\":\"https:\/\/experienciadevida.com.ar\/portalurbano\/estrella-de-la-pampa-oratorio-criollo-el-sabado-7-en-la-iglesia-san-cayetano\/\"},\"author\":{\"name\":\"admpu17wp\",\"@id\":\"https:\/\/experienciadevida.com.ar\/portalurbano\/#\/schema\/person\/02dd326b1c4b056e9cc972486934a3a7\"},\"headline\":\"Estrella de La Pampa, oratorio criollo El s\u00e1bado 7 en la iglesia San Cayetano\",\"datePublished\":\"2022-04-27T22:05:30+00:00\",\"dateModified\":\"2022-04-27T22:05:55+00:00\",\"mainEntityOfPage\":{\"@id\":\"https:\/\/experienciadevida.com.ar\/portalurbano\/estrella-de-la-pampa-oratorio-criollo-el-sabado-7-en-la-iglesia-san-cayetano\/\"},\"wordCount\":440,\"publisher\":{\"@id\":\"https:\/\/experienciadevida.com.ar\/portalurbano\/#organization\"},\"articleSection\":[\"Ciudad\"],\"inLanguage\":\"es\"},{\"@type\":\"WebPage\",\"@id\":\"https:\/\/experienciadevida.com.ar\/portalurbano\/estrella-de-la-pampa-oratorio-criollo-el-sabado-7-en-la-iglesia-san-cayetano\/\",\"url\":\"https:\/\/experienciadevida.com.ar\/portalurbano\/estrella-de-la-pampa-oratorio-criollo-el-sabado-7-en-la-iglesia-san-cayetano\/\",\"name\":\"Estrella de La Pampa, oratorio criollo el s\u00e1bado 7 en San Cayetano\",\"isPartOf\":{\"@id\":\"https:\/\/experienciadevida.com.ar\/portalurbano\/#website\"},\"datePublished\":\"2022-04-27T22:05:30+00:00\",\"dateModified\":\"2022-04-27T22:05:55+00:00\",\"description\":\"Estrella de La Pampa, oratorio criollo El s\u00e1bado 7 en la iglesia San Cayetano, a las 20hs se presentar\u00e1 el oratorio criollo\",\"breadcrumb\":{\"@id\":\"https:\/\/experienciadevida.com.ar\/portalurbano\/estrella-de-la-pampa-oratorio-criollo-el-sabado-7-en-la-iglesia-san-cayetano\/#breadcrumb\"},\"inLanguage\":\"es\",\"potentialAction\":[{\"@type\":\"ReadAction\",\"target\":[\"https:\/\/experienciadevida.com.ar\/portalurbano\/estrella-de-la-pampa-oratorio-criollo-el-sabado-7-en-la-iglesia-san-cayetano\/\"]}]},{\"@type\":\"BreadcrumbList\",\"@id\":\"https:\/\/experienciadevida.com.ar\/portalurbano\/estrella-de-la-pampa-oratorio-criollo-el-sabado-7-en-la-iglesia-san-cayetano\/#breadcrumb\",\"itemListElement\":[{\"@type\":\"ListItem\",\"position\":1,\"name\":\"Portada\",\"item\":\"https:\/\/experienciadevida.com.ar\/portalurbano\/\"},{\"@type\":\"ListItem\",\"position\":2,\"name\":\"Estrella de La Pampa, oratorio criollo El s\u00e1bado 7 en la iglesia San Cayetano\"}]},{\"@type\":\"WebSite\",\"@id\":\"https:\/\/experienciadevida.com.ar\/portalurbano\/#website\",\"url\":\"https:\/\/experienciadevida.com.ar\/portalurbano\/\",\"name\":\"\",\"description\":\"\",\"publisher\":{\"@id\":\"https:\/\/experienciadevida.com.ar\/portalurbano\/#organization\"},\"potentialAction\":[{\"@type\":\"SearchAction\",\"target\":{\"@type\":\"EntryPoint\",\"urlTemplate\":\"https:\/\/experienciadevida.com.ar\/portalurbano\/?s={search_term_string}\"},\"query-input\":\"required name=search_term_string\"}],\"inLanguage\":\"es\"},{\"@type\":\"Organization\",\"@id\":\"https:\/\/experienciadevida.com.ar\/portalurbano\/#organization\",\"name\":\"Portal Urbano\",\"url\":\"https:\/\/experienciadevida.com.ar\/portalurbano\/\",\"logo\":{\"@type\":\"ImageObject\",\"inLanguage\":\"es\",\"@id\":\"https:\/\/experienciadevida.com.ar\/portalurbano\/#\/schema\/logo\/image\/\",\"url\":\"https:\/\/experienciadevida.com.ar\/portalurbano\/wp-content\/uploads\/2019\/09\/Logo-Original.png\",\"contentUrl\":\"https:\/\/experienciadevida.com.ar\/portalurbano\/wp-content\/uploads\/2019\/09\/Logo-Original.png\",\"width\":2236,\"height\":1216,\"caption\":\"Portal Urbano\"},\"image\":{\"@id\":\"https:\/\/experienciadevida.com.ar\/portalurbano\/#\/schema\/logo\/image\/\"},\"sameAs\":[\"https:\/\/www.facebook.com\/Portal-Urbano-171542830093757\/\",\"https:\/\/twitter.com\/portalurbanook\",\"https:\/\/www.instagram.com\/_portalurbano\/\",\"https:\/\/www.youtube.com\/channel\/UCXhagIfszH8KxFiOok79zbA?view_as=subscriber\"]},{\"@type\":\"Person\",\"@id\":\"https:\/\/experienciadevida.com.ar\/portalurbano\/#\/schema\/person\/02dd326b1c4b056e9cc972486934a3a7\",\"name\":\"admpu17wp\",\"image\":{\"@type\":\"ImageObject\",\"inLanguage\":\"es\",\"@id\":\"https:\/\/experienciadevida.com.ar\/portalurbano\/#\/schema\/person\/image\/\",\"url\":\"https:\/\/secure.gravatar.com\/avatar\/830d4c57adaae6630765e449a6908047?s=96&d=mm&r=g\",\"contentUrl\":\"https:\/\/secure.gravatar.com\/avatar\/830d4c57adaae6630765e449a6908047?s=96&d=mm&r=g\",\"caption\":\"admpu17wp\"}}]}<\/script>\n<!-- \/ Yoast SEO plugin. -->","yoast_head_json":{"title":"Estrella de La Pampa, oratorio criollo el s\u00e1bado 7 en San Cayetano","description":"Estrella de La Pampa, oratorio criollo El s\u00e1bado 7 en la iglesia San Cayetano, a las 20hs se presentar\u00e1 el oratorio criollo","robots":{"index":"index","follow":"follow","max-snippet":"max-snippet:-1","max-image-preview":"max-image-preview:large","max-video-preview":"max-video-preview:-1"},"canonical":"https:\/\/experienciadevida.com.ar\/portalurbano\/estrella-de-la-pampa-oratorio-criollo-el-sabado-7-en-la-iglesia-san-cayetano\/","og_locale":"es_ES","og_type":"article","og_title":"Estrella de La Pampa, oratorio criollo el s\u00e1bado 7 en San Cayetano","og_description":"Estrella de La Pampa, oratorio criollo El s\u00e1bado 7 en la iglesia San Cayetano, a las 20hs se presentar\u00e1 el oratorio criollo","og_url":"https:\/\/experienciadevida.com.ar\/portalurbano\/estrella-de-la-pampa-oratorio-criollo-el-sabado-7-en-la-iglesia-san-cayetano\/","article_publisher":"https:\/\/www.facebook.com\/Portal-Urbano-171542830093757\/","article_published_time":"2022-04-27T22:05:30+00:00","article_modified_time":"2022-04-27T22:05:55+00:00","og_image":[{"width":1280,"height":853,"url":"https:\/\/experienciadevida.com.ar\/portalurbano\/wp-content\/uploads\/2022\/04\/Estrella-de-La-Pampa.jpeg","type":"image\/jpeg"}],"author":"admpu17wp","twitter_card":"summary_large_image","twitter_creator":"@portalurbanook","twitter_site":"@portalurbanook","twitter_misc":{"Escrito por":"admpu17wp","Tiempo de lectura":"2 minutos"},"schema":{"@context":"https:\/\/schema.org","@graph":[{"@type":"Article","@id":"https:\/\/experienciadevida.com.ar\/portalurbano\/estrella-de-la-pampa-oratorio-criollo-el-sabado-7-en-la-iglesia-san-cayetano\/#article","isPartOf":{"@id":"https:\/\/experienciadevida.com.ar\/portalurbano\/estrella-de-la-pampa-oratorio-criollo-el-sabado-7-en-la-iglesia-san-cayetano\/"},"author":{"name":"admpu17wp","@id":"https:\/\/experienciadevida.com.ar\/portalurbano\/#\/schema\/person\/02dd326b1c4b056e9cc972486934a3a7"},"headline":"Estrella de La Pampa, oratorio criollo El s\u00e1bado 7 en la iglesia San Cayetano","datePublished":"2022-04-27T22:05:30+00:00","dateModified":"2022-04-27T22:05:55+00:00","mainEntityOfPage":{"@id":"https:\/\/experienciadevida.com.ar\/portalurbano\/estrella-de-la-pampa-oratorio-criollo-el-sabado-7-en-la-iglesia-san-cayetano\/"},"wordCount":440,"publisher":{"@id":"https:\/\/experienciadevida.com.ar\/portalurbano\/#organization"},"articleSection":["Ciudad"],"inLanguage":"es"},{"@type":"WebPage","@id":"https:\/\/experienciadevida.com.ar\/portalurbano\/estrella-de-la-pampa-oratorio-criollo-el-sabado-7-en-la-iglesia-san-cayetano\/","url":"https:\/\/experienciadevida.com.ar\/portalurbano\/estrella-de-la-pampa-oratorio-criollo-el-sabado-7-en-la-iglesia-san-cayetano\/","name":"Estrella de La Pampa, oratorio criollo el s\u00e1bado 7 en San Cayetano","isPartOf":{"@id":"https:\/\/experienciadevida.com.ar\/portalurbano\/#website"},"datePublished":"2022-04-27T22:05:30+00:00","dateModified":"2022-04-27T22:05:55+00:00","description":"Estrella de La Pampa, oratorio criollo El s\u00e1bado 7 en la iglesia San Cayetano, a las 20hs se presentar\u00e1 el oratorio criollo","breadcrumb":{"@id":"https:\/\/experienciadevida.com.ar\/portalurbano\/estrella-de-la-pampa-oratorio-criollo-el-sabado-7-en-la-iglesia-san-cayetano\/#breadcrumb"},"inLanguage":"es","potentialAction":[{"@type":"ReadAction","target":["https:\/\/experienciadevida.com.ar\/portalurbano\/estrella-de-la-pampa-oratorio-criollo-el-sabado-7-en-la-iglesia-san-cayetano\/"]}]},{"@type":"BreadcrumbList","@id":"https:\/\/experienciadevida.com.ar\/portalurbano\/estrella-de-la-pampa-oratorio-criollo-el-sabado-7-en-la-iglesia-san-cayetano\/#breadcrumb","itemListElement":[{"@type":"ListItem","position":1,"name":"Portada","item":"https:\/\/experienciadevida.com.ar\/portalurbano\/"},{"@type":"ListItem","position":2,"name":"Estrella de La Pampa, oratorio criollo El s\u00e1bado 7 en la iglesia San Cayetano"}]},{"@type":"WebSite","@id":"https:\/\/experienciadevida.com.ar\/portalurbano\/#website","url":"https:\/\/experienciadevida.com.ar\/portalurbano\/","name":"","description":"","publisher":{"@id":"https:\/\/experienciadevida.com.ar\/portalurbano\/#organization"},"potentialAction":[{"@type":"SearchAction","target":{"@type":"EntryPoint","urlTemplate":"https:\/\/experienciadevida.com.ar\/portalurbano\/?s={search_term_string}"},"query-input":"required name=search_term_string"}],"inLanguage":"es"},{"@type":"Organization","@id":"https:\/\/experienciadevida.com.ar\/portalurbano\/#organization","name":"Portal Urbano","url":"https:\/\/experienciadevida.com.ar\/portalurbano\/","logo":{"@type":"ImageObject","inLanguage":"es","@id":"https:\/\/experienciadevida.com.ar\/portalurbano\/#\/schema\/logo\/image\/","url":"https:\/\/experienciadevida.com.ar\/portalurbano\/wp-content\/uploads\/2019\/09\/Logo-Original.png","contentUrl":"https:\/\/experienciadevida.com.ar\/portalurbano\/wp-content\/uploads\/2019\/09\/Logo-Original.png","width":2236,"height":1216,"caption":"Portal Urbano"},"image":{"@id":"https:\/\/experienciadevida.com.ar\/portalurbano\/#\/schema\/logo\/image\/"},"sameAs":["https:\/\/www.facebook.com\/Portal-Urbano-171542830093757\/","https:\/\/twitter.com\/portalurbanook","https:\/\/www.instagram.com\/_portalurbano\/","https:\/\/www.youtube.com\/channel\/UCXhagIfszH8KxFiOok79zbA?view_as=subscriber"]},{"@type":"Person","@id":"https:\/\/experienciadevida.com.ar\/portalurbano\/#\/schema\/person\/02dd326b1c4b056e9cc972486934a3a7","name":"admpu17wp","image":{"@type":"ImageObject","inLanguage":"es","@id":"https:\/\/experienciadevida.com.ar\/portalurbano\/#\/schema\/person\/image\/","url":"https:\/\/secure.gravatar.com\/avatar\/830d4c57adaae6630765e449a6908047?s=96&d=mm&r=g","contentUrl":"https:\/\/secure.gravatar.com\/avatar\/830d4c57adaae6630765e449a6908047?s=96&d=mm&r=g","caption":"admpu17wp"}}]}},"featured_image_urls":{"full":["https:\/\/experienciadevida.com.ar\/portalurbano\/wp-content\/uploads\/2022\/04\/Estrella-de-La-Pampa.jpeg",1280,853,false],"thumbnail":["https:\/\/experienciadevida.com.ar\/portalurbano\/wp-content\/uploads\/2022\/04\/Estrella-de-La-Pampa-150x150.jpeg",150,150,true],"medium":["https:\/\/experienciadevida.com.ar\/portalurbano\/wp-content\/uploads\/2022\/04\/Estrella-de-La-Pampa-300x200.jpeg",300,200,true],"medium_large":["https:\/\/experienciadevida.com.ar\/portalurbano\/wp-content\/uploads\/2022\/04\/Estrella-de-La-Pampa-768x512.jpeg",640,427,true],"large":["https:\/\/experienciadevida.com.ar\/portalurbano\/wp-content\/uploads\/2022\/04\/Estrella-de-La-Pampa-1024x682.jpeg",640,426,true],"ug_big":["https:\/\/experienciadevida.com.ar\/portalurbano\/wp-content\/uploads\/2022\/04\/Estrella-de-La-Pampa-768x512.jpeg",768,512,true],"1536x1536":["https:\/\/experienciadevida.com.ar\/portalurbano\/wp-content\/uploads\/2022\/04\/Estrella-de-La-Pampa.jpeg",1280,853,false],"2048x2048":["https:\/\/experienciadevida.com.ar\/portalurbano\/wp-content\/uploads\/2022\/04\/Estrella-de-La-Pampa.jpeg",1280,853,false],"newsever-slider-full":["https:\/\/experienciadevida.com.ar\/portalurbano\/wp-content\/uploads\/2022\/04\/Estrella-de-La-Pampa.jpeg",1268,845,false],"newsever-featured":["https:\/\/experienciadevida.com.ar\/portalurbano\/wp-content\/uploads\/2022\/04\/Estrella-de-La-Pampa.jpeg",1024,682,false],"newsever-medium":["https:\/\/experienciadevida.com.ar\/portalurbano\/wp-content\/uploads\/2022\/04\/Estrella-de-La-Pampa.jpeg",713,475,false],"web-stories-poster-portrait":["https:\/\/experienciadevida.com.ar\/portalurbano\/wp-content\/uploads\/2022\/04\/Estrella-de-La-Pampa.jpeg",640,427,false],"web-stories-publisher-logo":["https:\/\/experienciadevida.com.ar\/portalurbano\/wp-content\/uploads\/2022\/04\/Estrella-de-La-Pampa.jpeg",96,64,false],"web-stories-thumbnail":["https:\/\/experienciadevida.com.ar\/portalurbano\/wp-content\/uploads\/2022\/04\/Estrella-de-La-Pampa.jpeg",150,100,false]},"author_info":{"display_name":"admpu17wp","author_link":"https:\/\/experienciadevida.com.ar\/portalurbano\/author\/admpu17wp\/"},"category_info":"<a href=\"https:\/\/experienciadevida.com.ar\/portalurbano\/category\/ciudad\/\" rel=\"category tag\">Ciudad<\/a>","tag_info":"Ciudad","comment_count":"0","amp_enabled":true,"_links":{"self":[{"href":"https:\/\/experienciadevida.com.ar\/portalurbano\/wp-json\/wp\/v2\/posts\/166595"}],"collection":[{"href":"https:\/\/experienciadevida.com.ar\/portalurbano\/wp-json\/wp\/v2\/posts"}],"about":[{"href":"https:\/\/experienciadevida.com.ar\/portalurbano\/wp-json\/wp\/v2\/types\/post"}],"author":[{"embeddable":true,"href":"https:\/\/experienciadevida.com.ar\/portalurbano\/wp-json\/wp\/v2\/users\/1"}],"replies":[{"embeddable":true,"href":"https:\/\/experienciadevida.com.ar\/portalurbano\/wp-json\/wp\/v2\/comments?post=166595"}],"version-history":[{"count":2,"href":"https:\/\/experienciadevida.com.ar\/portalurbano\/wp-json\/wp\/v2\/posts\/166595\/revisions"}],"predecessor-version":[{"id":166598,"href":"https:\/\/experienciadevida.com.ar\/portalurbano\/wp-json\/wp\/v2\/posts\/166595\/revisions\/166598"}],"wp:featuredmedia":[{"embeddable":true,"href":"https:\/\/experienciadevida.com.ar\/portalurbano\/wp-json\/wp\/v2\/media\/166596"}],"wp:attachment":[{"href":"https:\/\/experienciadevida.com.ar\/portalurbano\/wp-json\/wp\/v2\/media?parent=166595"}],"wp:term":[{"taxonomy":"category","embeddable":true,"href":"https:\/\/experienciadevida.com.ar\/portalurbano\/wp-json\/wp\/v2\/categories?post=166595"},{"taxonomy":"post_tag","embeddable":true,"href":"https:\/\/experienciadevida.com.ar\/portalurbano\/wp-json\/wp\/v2\/tags?post=166595"}],"curies":[{"name":"wp","href":"https:\/\/api.w.org\/{rel}","templated":true}]}}