{"id":166591,"date":"2022-04-27T18:56:20","date_gmt":"2022-04-27T21:56:20","guid":{"rendered":"https:\/\/experienciadevida.com.ar\/portalurbano\/?p=166591"},"modified":"2022-04-27T18:56:51","modified_gmt":"2022-04-27T21:56:51","slug":"en-conmemoracion-de-los-25-anos-del-servicio-de-agua-y-cloacas-coopelectric-organizo-una-visita","status":"publish","type":"post","link":"https:\/\/experienciadevida.com.ar\/portalurbano\/en-conmemoracion-de-los-25-anos-del-servicio-de-agua-y-cloacas-coopelectric-organizo-una-visita\/","title":{"rendered":"En conmemoraci\u00f3n de los 25 a\u00f1os del Servicio de Agua y Cloacas Coopelectric organiz\u00f3 una visita"},"content":{"rendered":"<p>En conmemoraci\u00f3n de los 25 a\u00f1os del Servicio de Agua y Cloacas Coopelectric organiz\u00f3 una visita, a la Planta de Tratamientos de L\u00edquidos Cloacales de Olavarr\u00eda, una de las obras emblem\u00e1ticas del Servicio Sanitario.<\/p>\n<p>Se llevar\u00e1 a cabo el pr\u00f3ximo viernes 29 de abril y participar\u00e1n de la misma los integrantes del Consejo de Administraci\u00f3n, representantes del cuerpo de Delegados de la Cooperativa, funcionarios Municipales, los diferentes<br \/>\nbloques que integran el H.C.D. y los medios de comunicaci\u00f3n.<\/p>\n<p>El personal del Servicio Sanitario explicar\u00e1 de forma pormenorizada c\u00f3mo se realiza el proceso de depuraci\u00f3n de los efluentes cloacales, los estrictos controles de calidad que se efect\u00faan antes de ser vertidos al Arroyo Tapalqu\u00e9 y las principales obras que han permitido la optimizaci\u00f3n de la Planta de Tratamientos para aumentar su capacidad de 250 m3\/h a 750 m3\/h.<\/p>\n","protected":false},"excerpt":{"rendered":"<p>En conmemoraci\u00f3n de los 25 a\u00f1os del Servicio de Agua y Cloacas Coopelectric organiz\u00f3 una&#8230;<\/p>\n","protected":false},"author":1,"featured_media":166592,"comment_status":"closed","ping_status":"closed","sticky":false,"template":"","format":"standard","meta":{"content-type":""},"categories":[27],"tags":[],"nelio_content":{"isAutoShareEnabled":false,"autoShareEndMode":"default","automationSources":{"useContentSentences":true,"useSocialTemplates":true,"useCustomSentences":false,"customSentences":[]},"followers":[1],"suggestedReferences":[],"includedReferences":[],"efiUrl":"","efiAlt":"","highlights":[]},"yoast_head":"<!-- This site is optimized with the Yoast SEO plugin v20.7 - https:\/\/yoast.com\/wordpress\/plugins\/seo\/ -->\n<title>En conmemoraci\u00f3n de los 25 a\u00f1os Coopelectric organiz\u00f3 una visita<\/title>\n<meta name=\"description\" content=\"En conmemoraci\u00f3n de los 25 a\u00f1os del Servicio de Agua y Cloacas Coopelectric organiz\u00f3 una visita, a la Planta de Tratamientos\" \/>\n<meta name=\"robots\" content=\"index, follow, max-snippet:-1, max-image-preview:large, max-video-preview:-1\" \/>\n<link rel=\"canonical\" href=\"https:\/\/experienciadevida.com.ar\/portalurbano\/en-conmemoracion-de-los-25-anos-del-servicio-de-agua-y-cloacas-coopelectric-organizo-una-visita\/\" \/>\n<meta property=\"og:locale\" content=\"es_ES\" \/>\n<meta property=\"og:type\" content=\"article\" \/>\n<meta property=\"og:title\" content=\"En conmemoraci\u00f3n de los 25 a\u00f1os Coopelectric organiz\u00f3 una visita\" \/>\n<meta property=\"og:description\" content=\"En conmemoraci\u00f3n de los 25 a\u00f1os del Servicio de Agua y Cloacas Coopelectric organiz\u00f3 una visita, a la Planta de Tratamientos\" \/>\n<meta property=\"og:url\" content=\"https:\/\/experienciadevida.com.ar\/portalurbano\/en-conmemoracion-de-los-25-anos-del-servicio-de-agua-y-cloacas-coopelectric-organizo-una-visita\/\" \/>\n<meta property=\"article:publisher\" content=\"https:\/\/www.facebook.com\/Portal-Urbano-171542830093757\/\" \/>\n<meta property=\"article:published_time\" content=\"2022-04-27T21:56:20+00:00\" \/>\n<meta property=\"article:modified_time\" content=\"2022-04-27T21:56:51+00:00\" \/>\n<meta property=\"og:image\" content=\"https:\/\/experienciadevida.com.ar\/portalurbano\/wp-content\/uploads\/2022\/04\/En-conmemoracion-de-los.jpg\" \/>\n\t<meta property=\"og:image:width\" content=\"1024\" \/>\n\t<meta property=\"og:image:height\" content=\"768\" \/>\n\t<meta property=\"og:image:type\" content=\"image\/jpeg\" \/>\n<meta name=\"author\" content=\"admpu17wp\" \/>\n<meta name=\"twitter:card\" content=\"summary_large_image\" \/>\n<meta name=\"twitter:creator\" content=\"@portalurbanook\" \/>\n<meta name=\"twitter:site\" content=\"@portalurbanook\" \/>\n<meta name=\"twitter:label1\" content=\"Escrito por\" \/>\n\t<meta name=\"twitter:data1\" content=\"admpu17wp\" \/>\n\t<meta name=\"twitter:label2\" content=\"Tiempo de lectura\" \/>\n\t<meta name=\"twitter:data2\" content=\"1 minuto\" \/>\n<script type=\"application\/ld+json\" class=\"yoast-schema-graph\">{\"@context\":\"https:\/\/schema.org\",\"@graph\":[{\"@type\":\"Article\",\"@id\":\"https:\/\/experienciadevida.com.ar\/portalurbano\/en-conmemoracion-de-los-25-anos-del-servicio-de-agua-y-cloacas-coopelectric-organizo-una-visita\/#article\",\"isPartOf\":{\"@id\":\"https:\/\/experienciadevida.com.ar\/portalurbano\/en-conmemoracion-de-los-25-anos-del-servicio-de-agua-y-cloacas-coopelectric-organizo-una-visita\/\"},\"author\":{\"name\":\"admpu17wp\",\"@id\":\"https:\/\/experienciadevida.com.ar\/portalurbano\/#\/schema\/person\/02dd326b1c4b056e9cc972486934a3a7\"},\"headline\":\"En conmemoraci\u00f3n de los 25 a\u00f1os del Servicio de Agua y Cloacas Coopelectric organiz\u00f3 una visita\",\"datePublished\":\"2022-04-27T21:56:20+00:00\",\"dateModified\":\"2022-04-27T21:56:51+00:00\",\"mainEntityOfPage\":{\"@id\":\"https:\/\/experienciadevida.com.ar\/portalurbano\/en-conmemoracion-de-los-25-anos-del-servicio-de-agua-y-cloacas-coopelectric-organizo-una-visita\/\"},\"wordCount\":166,\"publisher\":{\"@id\":\"https:\/\/experienciadevida.com.ar\/portalurbano\/#organization\"},\"articleSection\":[\"Ciudad\"],\"inLanguage\":\"es\"},{\"@type\":\"WebPage\",\"@id\":\"https:\/\/experienciadevida.com.ar\/portalurbano\/en-conmemoracion-de-los-25-anos-del-servicio-de-agua-y-cloacas-coopelectric-organizo-una-visita\/\",\"url\":\"https:\/\/experienciadevida.com.ar\/portalurbano\/en-conmemoracion-de-los-25-anos-del-servicio-de-agua-y-cloacas-coopelectric-organizo-una-visita\/\",\"name\":\"En conmemoraci\u00f3n de los 25 a\u00f1os Coopelectric organiz\u00f3 una visita\",\"isPartOf\":{\"@id\":\"https:\/\/experienciadevida.com.ar\/portalurbano\/#website\"},\"datePublished\":\"2022-04-27T21:56:20+00:00\",\"dateModified\":\"2022-04-27T21:56:51+00:00\",\"description\":\"En conmemoraci\u00f3n de los 25 a\u00f1os del Servicio de Agua y Cloacas Coopelectric organiz\u00f3 una visita, a la Planta de Tratamientos\",\"breadcrumb\":{\"@id\":\"https:\/\/experienciadevida.com.ar\/portalurbano\/en-conmemoracion-de-los-25-anos-del-servicio-de-agua-y-cloacas-coopelectric-organizo-una-visita\/#breadcrumb\"},\"inLanguage\":\"es\",\"potentialAction\":[{\"@type\":\"ReadAction\",\"target\":[\"https:\/\/experienciadevida.com.ar\/portalurbano\/en-conmemoracion-de-los-25-anos-del-servicio-de-agua-y-cloacas-coopelectric-organizo-una-visita\/\"]}]},{\"@type\":\"BreadcrumbList\",\"@id\":\"https:\/\/experienciadevida.com.ar\/portalurbano\/en-conmemoracion-de-los-25-anos-del-servicio-de-agua-y-cloacas-coopelectric-organizo-una-visita\/#breadcrumb\",\"itemListElement\":[{\"@type\":\"ListItem\",\"position\":1,\"name\":\"Portada\",\"item\":\"https:\/\/experienciadevida.com.ar\/portalurbano\/\"},{\"@type\":\"ListItem\",\"position\":2,\"name\":\"En conmemoraci\u00f3n de los 25 a\u00f1os del Servicio de Agua y Cloacas Coopelectric organiz\u00f3 una visita\"}]},{\"@type\":\"WebSite\",\"@id\":\"https:\/\/experienciadevida.com.ar\/portalurbano\/#website\",\"url\":\"https:\/\/experienciadevida.com.ar\/portalurbano\/\",\"name\":\"\",\"description\":\"\",\"publisher\":{\"@id\":\"https:\/\/experienciadevida.com.ar\/portalurbano\/#organization\"},\"potentialAction\":[{\"@type\":\"SearchAction\",\"target\":{\"@type\":\"EntryPoint\",\"urlTemplate\":\"https:\/\/experienciadevida.com.ar\/portalurbano\/?s={search_term_string}\"},\"query-input\":\"required name=search_term_string\"}],\"inLanguage\":\"es\"},{\"@type\":\"Organization\",\"@id\":\"https:\/\/experienciadevida.com.ar\/portalurbano\/#organization\",\"name\":\"Portal Urbano\",\"url\":\"https:\/\/experienciadevida.com.ar\/portalurbano\/\",\"logo\":{\"@type\":\"ImageObject\",\"inLanguage\":\"es\",\"@id\":\"https:\/\/experienciadevida.com.ar\/portalurbano\/#\/schema\/logo\/image\/\",\"url\":\"https:\/\/experienciadevida.com.ar\/portalurbano\/wp-content\/uploads\/2019\/09\/Logo-Original.png\",\"contentUrl\":\"https:\/\/experienciadevida.com.ar\/portalurbano\/wp-content\/uploads\/2019\/09\/Logo-Original.png\",\"width\":2236,\"height\":1216,\"caption\":\"Portal Urbano\"},\"image\":{\"@id\":\"https:\/\/experienciadevida.com.ar\/portalurbano\/#\/schema\/logo\/image\/\"},\"sameAs\":[\"https:\/\/www.facebook.com\/Portal-Urbano-171542830093757\/\",\"https:\/\/twitter.com\/portalurbanook\",\"https:\/\/www.instagram.com\/_portalurbano\/\",\"https:\/\/www.youtube.com\/channel\/UCXhagIfszH8KxFiOok79zbA?view_as=subscriber\"]},{\"@type\":\"Person\",\"@id\":\"https:\/\/experienciadevida.com.ar\/portalurbano\/#\/schema\/person\/02dd326b1c4b056e9cc972486934a3a7\",\"name\":\"admpu17wp\",\"image\":{\"@type\":\"ImageObject\",\"inLanguage\":\"es\",\"@id\":\"https:\/\/experienciadevida.com.ar\/portalurbano\/#\/schema\/person\/image\/\",\"url\":\"https:\/\/secure.gravatar.com\/avatar\/830d4c57adaae6630765e449a6908047?s=96&d=mm&r=g\",\"contentUrl\":\"https:\/\/secure.gravatar.com\/avatar\/830d4c57adaae6630765e449a6908047?s=96&d=mm&r=g\",\"caption\":\"admpu17wp\"}}]}<\/script>\n<!-- \/ Yoast SEO plugin. -->","yoast_head_json":{"title":"En conmemoraci\u00f3n de los 25 a\u00f1os Coopelectric organiz\u00f3 una visita","description":"En conmemoraci\u00f3n de los 25 a\u00f1os del Servicio de Agua y Cloacas Coopelectric organiz\u00f3 una visita, a la Planta de Tratamientos","robots":{"index":"index","follow":"follow","max-snippet":"max-snippet:-1","max-image-preview":"max-image-preview:large","max-video-preview":"max-video-preview:-1"},"canonical":"https:\/\/experienciadevida.com.ar\/portalurbano\/en-conmemoracion-de-los-25-anos-del-servicio-de-agua-y-cloacas-coopelectric-organizo-una-visita\/","og_locale":"es_ES","og_type":"article","og_title":"En conmemoraci\u00f3n de los 25 a\u00f1os Coopelectric organiz\u00f3 una visita","og_description":"En conmemoraci\u00f3n de los 25 a\u00f1os del Servicio de Agua y Cloacas Coopelectric organiz\u00f3 una visita, a la Planta de Tratamientos","og_url":"https:\/\/experienciadevida.com.ar\/portalurbano\/en-conmemoracion-de-los-25-anos-del-servicio-de-agua-y-cloacas-coopelectric-organizo-una-visita\/","article_publisher":"https:\/\/www.facebook.com\/Portal-Urbano-171542830093757\/","article_published_time":"2022-04-27T21:56:20+00:00","article_modified_time":"2022-04-27T21:56:51+00:00","og_image":[{"width":1024,"height":768,"url":"https:\/\/experienciadevida.com.ar\/portalurbano\/wp-content\/uploads\/2022\/04\/En-conmemoracion-de-los.jpg","type":"image\/jpeg"}],"author":"admpu17wp","twitter_card":"summary_large_image","twitter_creator":"@portalurbanook","twitter_site":"@portalurbanook","twitter_misc":{"Escrito por":"admpu17wp","Tiempo de lectura":"1 minuto"},"schema":{"@context":"https:\/\/schema.org","@graph":[{"@type":"Article","@id":"https:\/\/experienciadevida.com.ar\/portalurbano\/en-conmemoracion-de-los-25-anos-del-servicio-de-agua-y-cloacas-coopelectric-organizo-una-visita\/#article","isPartOf":{"@id":"https:\/\/experienciadevida.com.ar\/portalurbano\/en-conmemoracion-de-los-25-anos-del-servicio-de-agua-y-cloacas-coopelectric-organizo-una-visita\/"},"author":{"name":"admpu17wp","@id":"https:\/\/experienciadevida.com.ar\/portalurbano\/#\/schema\/person\/02dd326b1c4b056e9cc972486934a3a7"},"headline":"En conmemoraci\u00f3n de los 25 a\u00f1os del Servicio de Agua y Cloacas Coopelectric organiz\u00f3 una visita","datePublished":"2022-04-27T21:56:20+00:00","dateModified":"2022-04-27T21:56:51+00:00","mainEntityOfPage":{"@id":"https:\/\/experienciadevida.com.ar\/portalurbano\/en-conmemoracion-de-los-25-anos-del-servicio-de-agua-y-cloacas-coopelectric-organizo-una-visita\/"},"wordCount":166,"publisher":{"@id":"https:\/\/experienciadevida.com.ar\/portalurbano\/#organization"},"articleSection":["Ciudad"],"inLanguage":"es"},{"@type":"WebPage","@id":"https:\/\/experienciadevida.com.ar\/portalurbano\/en-conmemoracion-de-los-25-anos-del-servicio-de-agua-y-cloacas-coopelectric-organizo-una-visita\/","url":"https:\/\/experienciadevida.com.ar\/portalurbano\/en-conmemoracion-de-los-25-anos-del-servicio-de-agua-y-cloacas-coopelectric-organizo-una-visita\/","name":"En conmemoraci\u00f3n de los 25 a\u00f1os Coopelectric organiz\u00f3 una visita","isPartOf":{"@id":"https:\/\/experienciadevida.com.ar\/portalurbano\/#website"},"datePublished":"2022-04-27T21:56:20+00:00","dateModified":"2022-04-27T21:56:51+00:00","description":"En conmemoraci\u00f3n de los 25 a\u00f1os del Servicio de Agua y Cloacas Coopelectric organiz\u00f3 una visita, a la Planta de Tratamientos","breadcrumb":{"@id":"https:\/\/experienciadevida.com.ar\/portalurbano\/en-conmemoracion-de-los-25-anos-del-servicio-de-agua-y-cloacas-coopelectric-organizo-una-visita\/#breadcrumb"},"inLanguage":"es","potentialAction":[{"@type":"ReadAction","target":["https:\/\/experienciadevida.com.ar\/portalurbano\/en-conmemoracion-de-los-25-anos-del-servicio-de-agua-y-cloacas-coopelectric-organizo-una-visita\/"]}]},{"@type":"BreadcrumbList","@id":"https:\/\/experienciadevida.com.ar\/portalurbano\/en-conmemoracion-de-los-25-anos-del-servicio-de-agua-y-cloacas-coopelectric-organizo-una-visita\/#breadcrumb","itemListElement":[{"@type":"ListItem","position":1,"name":"Portada","item":"https:\/\/experienciadevida.com.ar\/portalurbano\/"},{"@type":"ListItem","position":2,"name":"En conmemoraci\u00f3n de los 25 a\u00f1os del Servicio de Agua y Cloacas Coopelectric organiz\u00f3 una visita"}]},{"@type":"WebSite","@id":"https:\/\/experienciadevida.com.ar\/portalurbano\/#website","url":"https:\/\/experienciadevida.com.ar\/portalurbano\/","name":"","description":"","publisher":{"@id":"https:\/\/experienciadevida.com.ar\/portalurbano\/#organization"},"potentialAction":[{"@type":"SearchAction","target":{"@type":"EntryPoint","urlTemplate":"https:\/\/experienciadevida.com.ar\/portalurbano\/?s={search_term_string}"},"query-input":"required name=search_term_string"}],"inLanguage":"es"},{"@type":"Organization","@id":"https:\/\/experienciadevida.com.ar\/portalurbano\/#organization","name":"Portal Urbano","url":"https:\/\/experienciadevida.com.ar\/portalurbano\/","logo":{"@type":"ImageObject","inLanguage":"es","@id":"https:\/\/experienciadevida.com.ar\/portalurbano\/#\/schema\/logo\/image\/","url":"https:\/\/experienciadevida.com.ar\/portalurbano\/wp-content\/uploads\/2019\/09\/Logo-Original.png","contentUrl":"https:\/\/experienciadevida.com.ar\/portalurbano\/wp-content\/uploads\/2019\/09\/Logo-Original.png","width":2236,"height":1216,"caption":"Portal Urbano"},"image":{"@id":"https:\/\/experienciadevida.com.ar\/portalurbano\/#\/schema\/logo\/image\/"},"sameAs":["https:\/\/www.facebook.com\/Portal-Urbano-171542830093757\/","https:\/\/twitter.com\/portalurbanook","https:\/\/www.instagram.com\/_portalurbano\/","https:\/\/www.youtube.com\/channel\/UCXhagIfszH8KxFiOok79zbA?view_as=subscriber"]},{"@type":"Person","@id":"https:\/\/experienciadevida.com.ar\/portalurbano\/#\/schema\/person\/02dd326b1c4b056e9cc972486934a3a7","name":"admpu17wp","image":{"@type":"ImageObject","inLanguage":"es","@id":"https:\/\/experienciadevida.com.ar\/portalurbano\/#\/schema\/person\/image\/","url":"https:\/\/secure.gravatar.com\/avatar\/830d4c57adaae6630765e449a6908047?s=96&d=mm&r=g","contentUrl":"https:\/\/secure.gravatar.com\/avatar\/830d4c57adaae6630765e449a6908047?s=96&d=mm&r=g","caption":"admpu17wp"}}]}},"featured_image_urls":{"full":["https:\/\/experienciadevida.com.ar\/portalurbano\/wp-content\/uploads\/2022\/04\/En-conmemoracion-de-los.jpg",1024,768,false],"thumbnail":["https:\/\/experienciadevida.com.ar\/portalurbano\/wp-content\/uploads\/2022\/04\/En-conmemoracion-de-los-150x150.jpg",150,150,true],"medium":["https:\/\/experienciadevida.com.ar\/portalurbano\/wp-content\/uploads\/2022\/04\/En-conmemoracion-de-los-300x225.jpg",300,225,true],"medium_large":["https:\/\/experienciadevida.com.ar\/portalurbano\/wp-content\/uploads\/2022\/04\/En-conmemoracion-de-los-768x576.jpg",640,480,true],"large":["https:\/\/experienciadevida.com.ar\/portalurbano\/wp-content\/uploads\/2022\/04\/En-conmemoracion-de-los.jpg",640,480,false],"ug_big":["https:\/\/experienciadevida.com.ar\/portalurbano\/wp-content\/uploads\/2022\/04\/En-conmemoracion-de-los-768x576.jpg",768,576,true],"1536x1536":["https:\/\/experienciadevida.com.ar\/portalurbano\/wp-content\/uploads\/2022\/04\/En-conmemoracion-de-los.jpg",1024,768,false],"2048x2048":["https:\/\/experienciadevida.com.ar\/portalurbano\/wp-content\/uploads\/2022\/04\/En-conmemoracion-de-los.jpg",1024,768,false],"newsever-slider-full":["https:\/\/experienciadevida.com.ar\/portalurbano\/wp-content\/uploads\/2022\/04\/En-conmemoracion-de-los.jpg",1024,768,false],"newsever-featured":["https:\/\/experienciadevida.com.ar\/portalurbano\/wp-content\/uploads\/2022\/04\/En-conmemoracion-de-los.jpg",1024,768,false],"newsever-medium":["https:\/\/experienciadevida.com.ar\/portalurbano\/wp-content\/uploads\/2022\/04\/En-conmemoracion-de-los.jpg",633,475,false],"web-stories-poster-portrait":["https:\/\/experienciadevida.com.ar\/portalurbano\/wp-content\/uploads\/2022\/04\/En-conmemoracion-de-los.jpg",640,480,false],"web-stories-publisher-logo":["https:\/\/experienciadevida.com.ar\/portalurbano\/wp-content\/uploads\/2022\/04\/En-conmemoracion-de-los.jpg",96,72,false],"web-stories-thumbnail":["https:\/\/experienciadevida.com.ar\/portalurbano\/wp-content\/uploads\/2022\/04\/En-conmemoracion-de-los.jpg",150,113,false]},"author_info":{"display_name":"admpu17wp","author_link":"https:\/\/experienciadevida.com.ar\/portalurbano\/author\/admpu17wp\/"},"category_info":"<a href=\"https:\/\/experienciadevida.com.ar\/portalurbano\/category\/ciudad\/\" rel=\"category tag\">Ciudad<\/a>","tag_info":"Ciudad","comment_count":"0","amp_enabled":true,"_links":{"self":[{"href":"https:\/\/experienciadevida.com.ar\/portalurbano\/wp-json\/wp\/v2\/posts\/166591"}],"collection":[{"href":"https:\/\/experienciadevida.com.ar\/portalurbano\/wp-json\/wp\/v2\/posts"}],"about":[{"href":"https:\/\/experienciadevida.com.ar\/portalurbano\/wp-json\/wp\/v2\/types\/post"}],"author":[{"embeddable":true,"href":"https:\/\/experienciadevida.com.ar\/portalurbano\/wp-json\/wp\/v2\/users\/1"}],"replies":[{"embeddable":true,"href":"https:\/\/experienciadevida.com.ar\/portalurbano\/wp-json\/wp\/v2\/comments?post=166591"}],"version-history":[{"count":2,"href":"https:\/\/experienciadevida.com.ar\/portalurbano\/wp-json\/wp\/v2\/posts\/166591\/revisions"}],"predecessor-version":[{"id":166594,"href":"https:\/\/experienciadevida.com.ar\/portalurbano\/wp-json\/wp\/v2\/posts\/166591\/revisions\/166594"}],"wp:featuredmedia":[{"embeddable":true,"href":"https:\/\/experienciadevida.com.ar\/portalurbano\/wp-json\/wp\/v2\/media\/166592"}],"wp:attachment":[{"href":"https:\/\/experienciadevida.com.ar\/portalurbano\/wp-json\/wp\/v2\/media?parent=166591"}],"wp:term":[{"taxonomy":"category","embeddable":true,"href":"https:\/\/experienciadevida.com.ar\/portalurbano\/wp-json\/wp\/v2\/categories?post=166591"},{"taxonomy":"post_tag","embeddable":true,"href":"https:\/\/experienciadevida.com.ar\/portalurbano\/wp-json\/wp\/v2\/tags?post=166591"}],"curies":[{"name":"wp","href":"https:\/\/api.w.org\/{rel}","templated":true}]}}