{"id":166589,"date":"2022-04-27T18:52:11","date_gmt":"2022-04-27T21:52:11","guid":{"rendered":"https:\/\/experienciadevida.com.ar\/portalurbano\/?p=166589"},"modified":"2022-04-27T18:53:32","modified_gmt":"2022-04-27T21:53:32","slug":"es-necesario-apuntalar-la-prevencion-de-adicciones-y-fortalecer-el-sistema-educativo","status":"publish","type":"post","link":"https:\/\/experienciadevida.com.ar\/portalurbano\/es-necesario-apuntalar-la-prevencion-de-adicciones-y-fortalecer-el-sistema-educativo\/","title":{"rendered":"\u201cEs necesario apuntalar la prevenci\u00f3n de adicciones y fortalecer el sistema educativo\u201d"},"content":{"rendered":"<p>\u201cEs necesario apuntalar la prevenci\u00f3n de adicciones y fortalecer el sistema educativo\u201d, ante la pol\u00e9mica suscitada por la campa\u00f1a de reducci\u00f3n de da\u00f1os en Mor\u00f3n, el Defensor del Pueblo Adjunto bonaerense y responsable del Observatorio de Adicciones y Consumos Problem\u00e1ticos de este organismo, Walter Martello, sostuvo que es necesario cambiar el eje del debate en las pol\u00edticas de drogas.<\/p>\n<p>\u201cEs evidente que la intenci\u00f3n de lo que se hizo en Mor\u00f3n fue intentar comunicarse con las y los j\u00f3venes de manera emp\u00e1tica pero el contenido no es correcto. Sobre todo en cuanto a una sustancia como la coca\u00edna que todos sabemos lo da\u00f1ino que es para la salud\u201d, explic\u00f3 Martello.<\/p>\n<p>El Defensor del Pueblo Adjunto explic\u00f3 que hace a\u00f1os \u201cvenimos perdiendo la lucha contra la oferta de drogas, por lo que hay que atacar la demanda. Por eso, no podemos decir cualquier cosa. No existe consumir un poquito. El mensaje debe ser no consumas coca\u00edna\u201d.<\/p>\n<p>\u201cUno de los ejes fundamentales de las pol\u00edticas p\u00fablicas tiene que ser que las personas adictas tienen derecho a la salud, es decir, a acceder a tratamientos para recuperarse. A su vez, es indispensable apuntalar la prevenci\u00f3n. Y eso implica no solamente intensificar las pol\u00edticas para prevenir el abuso de sustancias durante la adolescencia, sino tambi\u00e9n realizar campa\u00f1as generalizadas y programas educativos que tengan car\u00e1cter permanente\u201d.<\/p>\n<p>\u201cEs necesario apuntalar la prevenci\u00f3n de adicciones y fortalecer el sistema educativo\u201d, desde el organismo que conduce Guido Lorenzino, explicaron que el a\u00f1o pasado el Observatorio elabor\u00f3 un proyecto -en forma conjunta con legisladores bonaerenses- que establece que la educaci\u00f3n integral en adicciones y consumos problem\u00e1ticos tenga car\u00e1cter obligatorio en el sistema educativo bonaerense. Se prev\u00e9 que la iniciativa (actualmente tramita en la Comisi\u00f3n de Adicciones de la C\u00e1mara de Diputados) alcance todas las modalidades y niveles, poniendo especial \u00e9nfasis en el nivel superior de formaci\u00f3n docente tomando en consideraci\u00f3n la gradualidad y la especificidad.<\/p>\n<p>\u201cDe esta manera buscamos adherir a la provincia a la Ley Nacional N\u00b0 26.586 Programa Nacional de Educaci\u00f3n y Prevenci\u00f3n sobre las Adicciones y el Consumo Indebido de Drogas, sancionada en 2009, cuyos lineamientos incorporamos en nuestro proyecto. Estamos convencidos que esta propuesta es superadora del actual r\u00e9gimen vigente establecido por la Ley provincial N\u00b0 10.670, sancionada en el a\u00f1o 1988, la cual ha quedado totalmente desactualizada\u201d, concluy\u00f3 Martello.<\/p>\n","protected":false},"excerpt":{"rendered":"<p>\u201cEs necesario apuntalar la prevenci\u00f3n de adicciones y fortalecer el sistema educativo\u201d, ante la pol\u00e9mica&#8230;<\/p>\n","protected":false},"author":1,"featured_media":108738,"comment_status":"closed","ping_status":"closed","sticky":false,"template":"","format":"standard","meta":{"content-type":""},"categories":[27],"tags":[],"nelio_content":{"isAutoShareEnabled":false,"autoShareEndMode":"default","automationSources":{"useContentSentences":true,"useSocialTemplates":true,"useCustomSentences":false,"customSentences":[]},"followers":[1],"suggestedReferences":[],"includedReferences":[],"efiUrl":"","efiAlt":"","highlights":[]},"yoast_head":"<!-- This site is optimized with the Yoast SEO plugin v20.7 - https:\/\/yoast.com\/wordpress\/plugins\/seo\/ -->\n<title>&quot;Es necesario apuntalar la prevenci\u00f3n de adicciones y fortalecer&quot;<\/title>\n<meta name=\"description\" content=\"\u201cEs necesario apuntalar la prevenci\u00f3n de adicciones y fortalecer el sistema educativo\u201d, ante la pol\u00e9mica suscitada por la campa\u00f1a\" \/>\n<meta name=\"robots\" content=\"index, follow, max-snippet:-1, max-image-preview:large, max-video-preview:-1\" \/>\n<link rel=\"canonical\" href=\"https:\/\/experienciadevida.com.ar\/portalurbano\/es-necesario-apuntalar-la-prevencion-de-adicciones-y-fortalecer-el-sistema-educativo\/\" \/>\n<meta property=\"og:locale\" content=\"es_ES\" \/>\n<meta property=\"og:type\" content=\"article\" \/>\n<meta property=\"og:title\" content=\"&quot;Es necesario apuntalar la prevenci\u00f3n de adicciones y fortalecer&quot;\" \/>\n<meta property=\"og:description\" content=\"\u201cEs necesario apuntalar la prevenci\u00f3n de adicciones y fortalecer el sistema educativo\u201d, ante la pol\u00e9mica suscitada por la campa\u00f1a\" \/>\n<meta property=\"og:url\" content=\"https:\/\/experienciadevida.com.ar\/portalurbano\/es-necesario-apuntalar-la-prevencion-de-adicciones-y-fortalecer-el-sistema-educativo\/\" \/>\n<meta property=\"article:publisher\" content=\"https:\/\/www.facebook.com\/Portal-Urbano-171542830093757\/\" \/>\n<meta property=\"article:published_time\" content=\"2022-04-27T21:52:11+00:00\" \/>\n<meta property=\"article:modified_time\" content=\"2022-04-27T21:53:32+00:00\" \/>\n<meta property=\"og:image\" content=\"https:\/\/experienciadevida.com.ar\/portalurbano\/wp-content\/uploads\/2020\/05\/DEFENSORIA.jpg\" \/>\n\t<meta property=\"og:image:width\" content=\"765\" \/>\n\t<meta property=\"og:image:height\" content=\"554\" \/>\n\t<meta property=\"og:image:type\" content=\"image\/jpeg\" \/>\n<meta name=\"author\" content=\"admpu17wp\" \/>\n<meta name=\"twitter:card\" content=\"summary_large_image\" \/>\n<meta name=\"twitter:creator\" content=\"@portalurbanook\" \/>\n<meta name=\"twitter:site\" content=\"@portalurbanook\" \/>\n<meta name=\"twitter:label1\" content=\"Escrito por\" \/>\n\t<meta name=\"twitter:data1\" content=\"admpu17wp\" \/>\n\t<meta name=\"twitter:label2\" content=\"Tiempo de lectura\" \/>\n\t<meta name=\"twitter:data2\" content=\"2 minutos\" \/>\n<script type=\"application\/ld+json\" class=\"yoast-schema-graph\">{\"@context\":\"https:\/\/schema.org\",\"@graph\":[{\"@type\":\"Article\",\"@id\":\"https:\/\/experienciadevida.com.ar\/portalurbano\/es-necesario-apuntalar-la-prevencion-de-adicciones-y-fortalecer-el-sistema-educativo\/#article\",\"isPartOf\":{\"@id\":\"https:\/\/experienciadevida.com.ar\/portalurbano\/es-necesario-apuntalar-la-prevencion-de-adicciones-y-fortalecer-el-sistema-educativo\/\"},\"author\":{\"name\":\"admpu17wp\",\"@id\":\"https:\/\/experienciadevida.com.ar\/portalurbano\/#\/schema\/person\/02dd326b1c4b056e9cc972486934a3a7\"},\"headline\":\"\u201cEs necesario apuntalar la prevenci\u00f3n de adicciones y fortalecer el sistema educativo\u201d\",\"datePublished\":\"2022-04-27T21:52:11+00:00\",\"dateModified\":\"2022-04-27T21:53:32+00:00\",\"mainEntityOfPage\":{\"@id\":\"https:\/\/experienciadevida.com.ar\/portalurbano\/es-necesario-apuntalar-la-prevencion-de-adicciones-y-fortalecer-el-sistema-educativo\/\"},\"wordCount\":430,\"publisher\":{\"@id\":\"https:\/\/experienciadevida.com.ar\/portalurbano\/#organization\"},\"articleSection\":[\"Ciudad\"],\"inLanguage\":\"es\"},{\"@type\":\"WebPage\",\"@id\":\"https:\/\/experienciadevida.com.ar\/portalurbano\/es-necesario-apuntalar-la-prevencion-de-adicciones-y-fortalecer-el-sistema-educativo\/\",\"url\":\"https:\/\/experienciadevida.com.ar\/portalurbano\/es-necesario-apuntalar-la-prevencion-de-adicciones-y-fortalecer-el-sistema-educativo\/\",\"name\":\"\\\"Es necesario apuntalar la prevenci\u00f3n de adicciones y fortalecer\\\"\",\"isPartOf\":{\"@id\":\"https:\/\/experienciadevida.com.ar\/portalurbano\/#website\"},\"datePublished\":\"2022-04-27T21:52:11+00:00\",\"dateModified\":\"2022-04-27T21:53:32+00:00\",\"description\":\"\u201cEs necesario apuntalar la prevenci\u00f3n de adicciones y fortalecer el sistema educativo\u201d, ante la pol\u00e9mica suscitada por la campa\u00f1a\",\"breadcrumb\":{\"@id\":\"https:\/\/experienciadevida.com.ar\/portalurbano\/es-necesario-apuntalar-la-prevencion-de-adicciones-y-fortalecer-el-sistema-educativo\/#breadcrumb\"},\"inLanguage\":\"es\",\"potentialAction\":[{\"@type\":\"ReadAction\",\"target\":[\"https:\/\/experienciadevida.com.ar\/portalurbano\/es-necesario-apuntalar-la-prevencion-de-adicciones-y-fortalecer-el-sistema-educativo\/\"]}]},{\"@type\":\"BreadcrumbList\",\"@id\":\"https:\/\/experienciadevida.com.ar\/portalurbano\/es-necesario-apuntalar-la-prevencion-de-adicciones-y-fortalecer-el-sistema-educativo\/#breadcrumb\",\"itemListElement\":[{\"@type\":\"ListItem\",\"position\":1,\"name\":\"Portada\",\"item\":\"https:\/\/experienciadevida.com.ar\/portalurbano\/\"},{\"@type\":\"ListItem\",\"position\":2,\"name\":\"\u201cEs necesario apuntalar la prevenci\u00f3n de adicciones y fortalecer el sistema educativo\u201d\"}]},{\"@type\":\"WebSite\",\"@id\":\"https:\/\/experienciadevida.com.ar\/portalurbano\/#website\",\"url\":\"https:\/\/experienciadevida.com.ar\/portalurbano\/\",\"name\":\"\",\"description\":\"\",\"publisher\":{\"@id\":\"https:\/\/experienciadevida.com.ar\/portalurbano\/#organization\"},\"potentialAction\":[{\"@type\":\"SearchAction\",\"target\":{\"@type\":\"EntryPoint\",\"urlTemplate\":\"https:\/\/experienciadevida.com.ar\/portalurbano\/?s={search_term_string}\"},\"query-input\":\"required name=search_term_string\"}],\"inLanguage\":\"es\"},{\"@type\":\"Organization\",\"@id\":\"https:\/\/experienciadevida.com.ar\/portalurbano\/#organization\",\"name\":\"Portal Urbano\",\"url\":\"https:\/\/experienciadevida.com.ar\/portalurbano\/\",\"logo\":{\"@type\":\"ImageObject\",\"inLanguage\":\"es\",\"@id\":\"https:\/\/experienciadevida.com.ar\/portalurbano\/#\/schema\/logo\/image\/\",\"url\":\"https:\/\/experienciadevida.com.ar\/portalurbano\/wp-content\/uploads\/2019\/09\/Logo-Original.png\",\"contentUrl\":\"https:\/\/experienciadevida.com.ar\/portalurbano\/wp-content\/uploads\/2019\/09\/Logo-Original.png\",\"width\":2236,\"height\":1216,\"caption\":\"Portal Urbano\"},\"image\":{\"@id\":\"https:\/\/experienciadevida.com.ar\/portalurbano\/#\/schema\/logo\/image\/\"},\"sameAs\":[\"https:\/\/www.facebook.com\/Portal-Urbano-171542830093757\/\",\"https:\/\/twitter.com\/portalurbanook\",\"https:\/\/www.instagram.com\/_portalurbano\/\",\"https:\/\/www.youtube.com\/channel\/UCXhagIfszH8KxFiOok79zbA?view_as=subscriber\"]},{\"@type\":\"Person\",\"@id\":\"https:\/\/experienciadevida.com.ar\/portalurbano\/#\/schema\/person\/02dd326b1c4b056e9cc972486934a3a7\",\"name\":\"admpu17wp\",\"image\":{\"@type\":\"ImageObject\",\"inLanguage\":\"es\",\"@id\":\"https:\/\/experienciadevida.com.ar\/portalurbano\/#\/schema\/person\/image\/\",\"url\":\"https:\/\/secure.gravatar.com\/avatar\/830d4c57adaae6630765e449a6908047?s=96&d=mm&r=g\",\"contentUrl\":\"https:\/\/secure.gravatar.com\/avatar\/830d4c57adaae6630765e449a6908047?s=96&d=mm&r=g\",\"caption\":\"admpu17wp\"}}]}<\/script>\n<!-- \/ Yoast SEO plugin. -->","yoast_head_json":{"title":"\"Es necesario apuntalar la prevenci\u00f3n de adicciones y fortalecer\"","description":"\u201cEs necesario apuntalar la prevenci\u00f3n de adicciones y fortalecer el sistema educativo\u201d, ante la pol\u00e9mica suscitada por la campa\u00f1a","robots":{"index":"index","follow":"follow","max-snippet":"max-snippet:-1","max-image-preview":"max-image-preview:large","max-video-preview":"max-video-preview:-1"},"canonical":"https:\/\/experienciadevida.com.ar\/portalurbano\/es-necesario-apuntalar-la-prevencion-de-adicciones-y-fortalecer-el-sistema-educativo\/","og_locale":"es_ES","og_type":"article","og_title":"\"Es necesario apuntalar la prevenci\u00f3n de adicciones y fortalecer\"","og_description":"\u201cEs necesario apuntalar la prevenci\u00f3n de adicciones y fortalecer el sistema educativo\u201d, ante la pol\u00e9mica suscitada por la campa\u00f1a","og_url":"https:\/\/experienciadevida.com.ar\/portalurbano\/es-necesario-apuntalar-la-prevencion-de-adicciones-y-fortalecer-el-sistema-educativo\/","article_publisher":"https:\/\/www.facebook.com\/Portal-Urbano-171542830093757\/","article_published_time":"2022-04-27T21:52:11+00:00","article_modified_time":"2022-04-27T21:53:32+00:00","og_image":[{"width":765,"height":554,"url":"https:\/\/experienciadevida.com.ar\/portalurbano\/wp-content\/uploads\/2020\/05\/DEFENSORIA.jpg","type":"image\/jpeg"}],"author":"admpu17wp","twitter_card":"summary_large_image","twitter_creator":"@portalurbanook","twitter_site":"@portalurbanook","twitter_misc":{"Escrito por":"admpu17wp","Tiempo de lectura":"2 minutos"},"schema":{"@context":"https:\/\/schema.org","@graph":[{"@type":"Article","@id":"https:\/\/experienciadevida.com.ar\/portalurbano\/es-necesario-apuntalar-la-prevencion-de-adicciones-y-fortalecer-el-sistema-educativo\/#article","isPartOf":{"@id":"https:\/\/experienciadevida.com.ar\/portalurbano\/es-necesario-apuntalar-la-prevencion-de-adicciones-y-fortalecer-el-sistema-educativo\/"},"author":{"name":"admpu17wp","@id":"https:\/\/experienciadevida.com.ar\/portalurbano\/#\/schema\/person\/02dd326b1c4b056e9cc972486934a3a7"},"headline":"\u201cEs necesario apuntalar la prevenci\u00f3n de adicciones y fortalecer el sistema educativo\u201d","datePublished":"2022-04-27T21:52:11+00:00","dateModified":"2022-04-27T21:53:32+00:00","mainEntityOfPage":{"@id":"https:\/\/experienciadevida.com.ar\/portalurbano\/es-necesario-apuntalar-la-prevencion-de-adicciones-y-fortalecer-el-sistema-educativo\/"},"wordCount":430,"publisher":{"@id":"https:\/\/experienciadevida.com.ar\/portalurbano\/#organization"},"articleSection":["Ciudad"],"inLanguage":"es"},{"@type":"WebPage","@id":"https:\/\/experienciadevida.com.ar\/portalurbano\/es-necesario-apuntalar-la-prevencion-de-adicciones-y-fortalecer-el-sistema-educativo\/","url":"https:\/\/experienciadevida.com.ar\/portalurbano\/es-necesario-apuntalar-la-prevencion-de-adicciones-y-fortalecer-el-sistema-educativo\/","name":"\"Es necesario apuntalar la prevenci\u00f3n de adicciones y fortalecer\"","isPartOf":{"@id":"https:\/\/experienciadevida.com.ar\/portalurbano\/#website"},"datePublished":"2022-04-27T21:52:11+00:00","dateModified":"2022-04-27T21:53:32+00:00","description":"\u201cEs necesario apuntalar la prevenci\u00f3n de adicciones y fortalecer el sistema educativo\u201d, ante la pol\u00e9mica suscitada por la campa\u00f1a","breadcrumb":{"@id":"https:\/\/experienciadevida.com.ar\/portalurbano\/es-necesario-apuntalar-la-prevencion-de-adicciones-y-fortalecer-el-sistema-educativo\/#breadcrumb"},"inLanguage":"es","potentialAction":[{"@type":"ReadAction","target":["https:\/\/experienciadevida.com.ar\/portalurbano\/es-necesario-apuntalar-la-prevencion-de-adicciones-y-fortalecer-el-sistema-educativo\/"]}]},{"@type":"BreadcrumbList","@id":"https:\/\/experienciadevida.com.ar\/portalurbano\/es-necesario-apuntalar-la-prevencion-de-adicciones-y-fortalecer-el-sistema-educativo\/#breadcrumb","itemListElement":[{"@type":"ListItem","position":1,"name":"Portada","item":"https:\/\/experienciadevida.com.ar\/portalurbano\/"},{"@type":"ListItem","position":2,"name":"\u201cEs necesario apuntalar la prevenci\u00f3n de adicciones y fortalecer el sistema educativo\u201d"}]},{"@type":"WebSite","@id":"https:\/\/experienciadevida.com.ar\/portalurbano\/#website","url":"https:\/\/experienciadevida.com.ar\/portalurbano\/","name":"","description":"","publisher":{"@id":"https:\/\/experienciadevida.com.ar\/portalurbano\/#organization"},"potentialAction":[{"@type":"SearchAction","target":{"@type":"EntryPoint","urlTemplate":"https:\/\/experienciadevida.com.ar\/portalurbano\/?s={search_term_string}"},"query-input":"required name=search_term_string"}],"inLanguage":"es"},{"@type":"Organization","@id":"https:\/\/experienciadevida.com.ar\/portalurbano\/#organization","name":"Portal Urbano","url":"https:\/\/experienciadevida.com.ar\/portalurbano\/","logo":{"@type":"ImageObject","inLanguage":"es","@id":"https:\/\/experienciadevida.com.ar\/portalurbano\/#\/schema\/logo\/image\/","url":"https:\/\/experienciadevida.com.ar\/portalurbano\/wp-content\/uploads\/2019\/09\/Logo-Original.png","contentUrl":"https:\/\/experienciadevida.com.ar\/portalurbano\/wp-content\/uploads\/2019\/09\/Logo-Original.png","width":2236,"height":1216,"caption":"Portal Urbano"},"image":{"@id":"https:\/\/experienciadevida.com.ar\/portalurbano\/#\/schema\/logo\/image\/"},"sameAs":["https:\/\/www.facebook.com\/Portal-Urbano-171542830093757\/","https:\/\/twitter.com\/portalurbanook","https:\/\/www.instagram.com\/_portalurbano\/","https:\/\/www.youtube.com\/channel\/UCXhagIfszH8KxFiOok79zbA?view_as=subscriber"]},{"@type":"Person","@id":"https:\/\/experienciadevida.com.ar\/portalurbano\/#\/schema\/person\/02dd326b1c4b056e9cc972486934a3a7","name":"admpu17wp","image":{"@type":"ImageObject","inLanguage":"es","@id":"https:\/\/experienciadevida.com.ar\/portalurbano\/#\/schema\/person\/image\/","url":"https:\/\/secure.gravatar.com\/avatar\/830d4c57adaae6630765e449a6908047?s=96&d=mm&r=g","contentUrl":"https:\/\/secure.gravatar.com\/avatar\/830d4c57adaae6630765e449a6908047?s=96&d=mm&r=g","caption":"admpu17wp"}}]}},"featured_image_urls":{"full":["https:\/\/experienciadevida.com.ar\/portalurbano\/wp-content\/uploads\/2020\/05\/DEFENSORIA.jpg",765,554,false],"thumbnail":["https:\/\/experienciadevida.com.ar\/portalurbano\/wp-content\/uploads\/2020\/05\/DEFENSORIA-150x150.jpg",150,150,true],"medium":["https:\/\/experienciadevida.com.ar\/portalurbano\/wp-content\/uploads\/2020\/05\/DEFENSORIA-300x217.jpg",300,217,true],"medium_large":["https:\/\/experienciadevida.com.ar\/portalurbano\/wp-content\/uploads\/2020\/05\/DEFENSORIA.jpg",640,463,false],"large":["https:\/\/experienciadevida.com.ar\/portalurbano\/wp-content\/uploads\/2020\/05\/DEFENSORIA.jpg",640,463,false],"ug_big":["https:\/\/experienciadevida.com.ar\/portalurbano\/wp-content\/uploads\/2020\/05\/DEFENSORIA.jpg",765,554,false],"1536x1536":["https:\/\/experienciadevida.com.ar\/portalurbano\/wp-content\/uploads\/2020\/05\/DEFENSORIA.jpg",765,554,false],"2048x2048":["https:\/\/experienciadevida.com.ar\/portalurbano\/wp-content\/uploads\/2020\/05\/DEFENSORIA.jpg",765,554,false],"newsever-slider-full":["https:\/\/experienciadevida.com.ar\/portalurbano\/wp-content\/uploads\/2020\/05\/DEFENSORIA.jpg",765,554,false],"newsever-featured":["https:\/\/experienciadevida.com.ar\/portalurbano\/wp-content\/uploads\/2020\/05\/DEFENSORIA.jpg",765,554,false],"newsever-medium":["https:\/\/experienciadevida.com.ar\/portalurbano\/wp-content\/uploads\/2020\/05\/DEFENSORIA.jpg",656,475,false],"web-stories-poster-portrait":["https:\/\/experienciadevida.com.ar\/portalurbano\/wp-content\/uploads\/2020\/05\/DEFENSORIA.jpg",640,463,false],"web-stories-publisher-logo":["https:\/\/experienciadevida.com.ar\/portalurbano\/wp-content\/uploads\/2020\/05\/DEFENSORIA.jpg",96,70,false],"web-stories-thumbnail":["https:\/\/experienciadevida.com.ar\/portalurbano\/wp-content\/uploads\/2020\/05\/DEFENSORIA.jpg",150,109,false]},"author_info":{"display_name":"admpu17wp","author_link":"https:\/\/experienciadevida.com.ar\/portalurbano\/author\/admpu17wp\/"},"category_info":"<a href=\"https:\/\/experienciadevida.com.ar\/portalurbano\/category\/ciudad\/\" rel=\"category tag\">Ciudad<\/a>","tag_info":"Ciudad","comment_count":"0","amp_enabled":true,"_links":{"self":[{"href":"https:\/\/experienciadevida.com.ar\/portalurbano\/wp-json\/wp\/v2\/posts\/166589"}],"collection":[{"href":"https:\/\/experienciadevida.com.ar\/portalurbano\/wp-json\/wp\/v2\/posts"}],"about":[{"href":"https:\/\/experienciadevida.com.ar\/portalurbano\/wp-json\/wp\/v2\/types\/post"}],"author":[{"embeddable":true,"href":"https:\/\/experienciadevida.com.ar\/portalurbano\/wp-json\/wp\/v2\/users\/1"}],"replies":[{"embeddable":true,"href":"https:\/\/experienciadevida.com.ar\/portalurbano\/wp-json\/wp\/v2\/comments?post=166589"}],"version-history":[{"count":1,"href":"https:\/\/experienciadevida.com.ar\/portalurbano\/wp-json\/wp\/v2\/posts\/166589\/revisions"}],"predecessor-version":[{"id":166590,"href":"https:\/\/experienciadevida.com.ar\/portalurbano\/wp-json\/wp\/v2\/posts\/166589\/revisions\/166590"}],"wp:featuredmedia":[{"embeddable":true,"href":"https:\/\/experienciadevida.com.ar\/portalurbano\/wp-json\/wp\/v2\/media\/108738"}],"wp:attachment":[{"href":"https:\/\/experienciadevida.com.ar\/portalurbano\/wp-json\/wp\/v2\/media?parent=166589"}],"wp:term":[{"taxonomy":"category","embeddable":true,"href":"https:\/\/experienciadevida.com.ar\/portalurbano\/wp-json\/wp\/v2\/categories?post=166589"},{"taxonomy":"post_tag","embeddable":true,"href":"https:\/\/experienciadevida.com.ar\/portalurbano\/wp-json\/wp\/v2\/tags?post=166589"}],"curies":[{"name":"wp","href":"https:\/\/api.w.org\/{rel}","templated":true}]}}