{"id":166580,"date":"2022-04-27T18:14:22","date_gmt":"2022-04-27T21:14:22","guid":{"rendered":"https:\/\/experienciadevida.com.ar\/portalurbano\/?p=166580"},"modified":"2022-04-27T18:34:32","modified_gmt":"2022-04-27T21:34:32","slug":"queremos-lograr-que-el-balneario-san-miguel-sea-una-fiesta-durante-todo-el-ano","status":"publish","type":"post","link":"https:\/\/experienciadevida.com.ar\/portalurbano\/queremos-lograr-que-el-balneario-san-miguel-sea-una-fiesta-durante-todo-el-ano\/","title":{"rendered":"\u201cQueremos lograr que el Balneario San Miguel sea una fiesta durante todo el a\u00f1o\u201d"},"content":{"rendered":"<p>\u201cQueremos lograr que el Balneario San Miguel sea una fiesta durante todo el a\u00f1o\u201d, en la ma\u00f1ana de este mi\u00e9rcoles se realiz\u00f3 la apertura del concurso p\u00fablico para la explotaci\u00f3n y <a href=\"https:\/\/www.facebook.com\/municipiodeolavarria\">mantenimiento<\/a> del complejo tur\u00edstico de la localidad de Colonia San Miguel; un espacio muy querido por la comunidad.<\/p>\n<p>Dicho concurso contempla una concesi\u00f3n, por el plazo de dos a\u00f1os, a partir de la fecha de toma de posesi\u00f3n del predio por parte del concesionario.<\/p>\n<p>El acto se llev\u00f3 a cabo en la Direcci\u00f3n de Licitaciones del Palacio San Mart\u00edn y cont\u00f3 con la presencia del subsecretario de Administraci\u00f3n, Federico Calascibetta, la Directora Administrativa de la Secretar\u00eda de Desarrollo Econ\u00f3mico, Susana Brun, y Oscar Alfredo Rodr\u00edguez y Silvia Minellono, flamantes concesionarios del predio.<\/p>\n<p>Visiblemente emocionado, Oscar expres\u00f3: \u201cMe siento emocionalmente agradecido hacia la gente del Municipio por confiar en mi persona y en la de mi esposa. Queremos aportar algo para la comunidad y lograr que este espacio sea una fiesta durante todo el a\u00f1o: tenemos proyectados encuentros rodanteros, camping, encuentros de autom\u00f3viles, tenemos muchas ideas para sumar a Sociedades de Fomento, a las escuelas, los vecinos de la zona serrana\u201d anticip\u00f3 el concesionario, al tiempo que destac\u00f3 \u201cVamos a invitar a la gente del interior del pa\u00eds, ya que tenemos contacto con la gente de Rodanteando y de varios grupos a nivel nacional. Esa es la idea de ahora en mas, esperamos poder cumplir con el objetivo\u201d.<\/p>\n<p>Por su parte, Silvia cont\u00f3 que \u201cSomos de Olavarr\u00eda. Originalmente yo soy de Azul, pero hace doce a\u00f1os abrac\u00e9 a Olavarr\u00eda, por \u00e9l (Oscar) estoy ac\u00e1\u201d.<\/p>\n<p>Sobre su acercamiento a la localidad y al balneario en particular, Silvia expres\u00f3: \u201cNos enamoramos de este espacio yendo con los encuentros rodanteros. Mi marido es el organizador de un grupo rodantero que cuenta con ocho mil personas, que se llama Estirpe Rodantera, que nuclea a gente de todo el pa\u00eds. Con \u00e9ste grupo Oscar organiz\u00f3 dos encuentros en Colonia San Miguel. Desde all\u00ed estamos enamorados del lugar\u201d.<\/p>\n<p>\u201cPedro (Schneider), que es quien deja el lugar, nos hizo amar este espacio y nos brinda toda su colaboraci\u00f3n. Nos llevamos muy bien\u201d, subray\u00f3 Silvia.<\/p>\n<p>Respecto a la labor que emprenden a partir de la fecha, Silvia afirm\u00f3: \u201cQueremos seguir brind\u00e1ndole a la comunidad el mayor acercamiento, necesario y posible, hacia este espacio. Tenemos unas expectativas tremendas y un amor enorme hacia ese lugar\u201d.<\/p>\n<p>\u201cSomos un equipo de dos, pero mi pap\u00e1 se va a sumar y, espor\u00e1dicamente, mis hijos. Hemos conformado un emprendimiento familiar. Tambi\u00e9n estamos en contacto con gente de la comunidad que se pusieron a disposici\u00f3n. Estamos muy felices\u201d enfatiz\u00f3 Silvia.<\/p>\n<p>Asimismo, tanto Oscar como Silvia agradecieron el respaldo del Municipio para la concreci\u00f3n de lo que, para ellos, es un sue\u00f1o cumplido.<\/p>\n<p>\u201cHemos tenido el mejor de los acompa\u00f1amientos desde la Secretar\u00eda de Desarrollo Econ\u00f3mico. Nos sentimos muy respaldados y esto aument\u00f3 en nosotros las ganas de que llegue este momento del S\u00ed. Mi marido hace cinco noches que no duerme, est\u00e1 muy entusiasmado, obnubilado con el lugar. Y yo tambi\u00e9n\u201d concluy\u00f3 Silvia.<\/p>\n<p>Detalles t\u00e9cnicos<\/p>\n<p>Entre los requisitos que contempla el pliego de bases y condiciones, se establece la explotaci\u00f3n comercial del lugar en per\u00edodos de mayor demanda tur\u00edstica (vacaciones de verano e invierno, y fines de semana largos); la cual deber\u00e1 efectuarse de lunes a domingo en horario que garantice la correcta prestaci\u00f3n de los servicios ofrecidos para su realizaci\u00f3n en el Complejo. En los meses restantes, los d\u00edas y horarios deber\u00e1n ser fijados por el Concesionario, con la conformidad del Municipio.<\/p>\n<p>Como contraprestaci\u00f3n por el mantenimiento del predio y de las instalaciones anexas durante el plazo de Concesi\u00f3n, se fijar\u00e1 un valor de entrada para el acceso al predio y uso de las instalaciones, el cual deber\u00e1 encontrarse publicado a la vista en la entrada del lugar. En el caso de veh\u00edculos, podr\u00e1 establecerse una tarifa diferenciada seg\u00fan se trate de veh\u00edculos de mayor o menor porte (autos, combis, colectivos o motos, etc.).<\/p>\n<p>Asimismo el Concesionario podr\u00e1 fijar una tarifa para el alquiler de fogones, sombrillas, uso de tomacorrientes, y otros servicios disponibles dentro del predio.<\/p>\n<p>En este contexto, las ofertas econ\u00f3micas presentadas fueron las siguientes:<\/p>\n<p>Peat\u00f3n: 100 pesos<br \/>\nMoto: 150 pesos<br \/>\nAuto: 300 pesos<br \/>\nCombi: 400<br \/>\nAcampe: 150 pesos<br \/>\nEl Municipio quedar\u00e1 a cargo del corte de pasto. El concesionario, por su parte, tendr\u00e1 bajo su responsabilidad lo relativo a las tareas de fumigaci\u00f3n, poda de \u00e1rboles y jardiner\u00eda, que estar\u00e1n a cargo del Concesionario.<\/p>\n","protected":false},"excerpt":{"rendered":"<p>\u201cQueremos lograr que el Balneario San Miguel sea una fiesta durante todo el a\u00f1o\u201d, en&#8230;<\/p>\n","protected":false},"author":1,"featured_media":166581,"comment_status":"closed","ping_status":"closed","sticky":false,"template":"","format":"standard","meta":{"content-type":""},"categories":[27,64],"tags":[],"nelio_content":{"isAutoShareEnabled":false,"autoShareEndMode":"default","automationSources":{"useContentSentences":true,"useSocialTemplates":true,"useCustomSentences":false,"customSentences":[]},"followers":[1],"suggestedReferences":[],"includedReferences":[],"efiUrl":"","efiAlt":"","highlights":[]},"yoast_head":"<!-- This site is optimized with the Yoast SEO plugin v20.7 - https:\/\/yoast.com\/wordpress\/plugins\/seo\/ -->\n<title>&quot;Queremos lograr que el balneario San Miguel sea una fiesta&quot;<\/title>\n<meta name=\"description\" content=\"\u201cQueremos lograr que el Balneario San Miguel sea una fiesta durante todo el a\u00f1o\u201d, se realiz\u00f3 la apertura del concurso p\u00fablico\" \/>\n<meta name=\"robots\" content=\"index, follow, max-snippet:-1, max-image-preview:large, max-video-preview:-1\" \/>\n<link rel=\"canonical\" href=\"https:\/\/experienciadevida.com.ar\/portalurbano\/queremos-lograr-que-el-balneario-san-miguel-sea-una-fiesta-durante-todo-el-ano\/\" \/>\n<meta property=\"og:locale\" content=\"es_ES\" \/>\n<meta property=\"og:type\" content=\"article\" \/>\n<meta property=\"og:title\" content=\"&quot;Queremos lograr que el balneario San Miguel sea una fiesta&quot;\" \/>\n<meta property=\"og:description\" content=\"\u201cQueremos lograr que el Balneario San Miguel sea una fiesta durante todo el a\u00f1o\u201d, se realiz\u00f3 la apertura del concurso p\u00fablico\" \/>\n<meta property=\"og:url\" content=\"https:\/\/experienciadevida.com.ar\/portalurbano\/queremos-lograr-que-el-balneario-san-miguel-sea-una-fiesta-durante-todo-el-ano\/\" \/>\n<meta property=\"article:publisher\" content=\"https:\/\/www.facebook.com\/Portal-Urbano-171542830093757\/\" \/>\n<meta property=\"article:published_time\" content=\"2022-04-27T21:14:22+00:00\" \/>\n<meta property=\"article:modified_time\" content=\"2022-04-27T21:34:32+00:00\" \/>\n<meta property=\"og:image\" content=\"https:\/\/experienciadevida.com.ar\/portalurbano\/wp-content\/uploads\/2022\/04\/Queremos-lograr-que-el.jpg\" \/>\n\t<meta property=\"og:image:width\" content=\"1024\" \/>\n\t<meta property=\"og:image:height\" content=\"685\" \/>\n\t<meta property=\"og:image:type\" content=\"image\/jpeg\" \/>\n<meta name=\"author\" content=\"admpu17wp\" \/>\n<meta name=\"twitter:card\" content=\"summary_large_image\" \/>\n<meta name=\"twitter:creator\" content=\"@portalurbanook\" \/>\n<meta name=\"twitter:site\" content=\"@portalurbanook\" \/>\n<meta name=\"twitter:label1\" content=\"Escrito por\" \/>\n\t<meta name=\"twitter:data1\" content=\"admpu17wp\" \/>\n\t<meta name=\"twitter:label2\" content=\"Tiempo de lectura\" \/>\n\t<meta name=\"twitter:data2\" content=\"4 minutos\" \/>\n<script type=\"application\/ld+json\" class=\"yoast-schema-graph\">{\"@context\":\"https:\/\/schema.org\",\"@graph\":[{\"@type\":\"Article\",\"@id\":\"https:\/\/experienciadevida.com.ar\/portalurbano\/queremos-lograr-que-el-balneario-san-miguel-sea-una-fiesta-durante-todo-el-ano\/#article\",\"isPartOf\":{\"@id\":\"https:\/\/experienciadevida.com.ar\/portalurbano\/queremos-lograr-que-el-balneario-san-miguel-sea-una-fiesta-durante-todo-el-ano\/\"},\"author\":{\"name\":\"admpu17wp\",\"@id\":\"https:\/\/experienciadevida.com.ar\/portalurbano\/#\/schema\/person\/02dd326b1c4b056e9cc972486934a3a7\"},\"headline\":\"\u201cQueremos lograr que el Balneario San Miguel sea una fiesta durante todo el a\u00f1o\u201d\",\"datePublished\":\"2022-04-27T21:14:22+00:00\",\"dateModified\":\"2022-04-27T21:34:32+00:00\",\"mainEntityOfPage\":{\"@id\":\"https:\/\/experienciadevida.com.ar\/portalurbano\/queremos-lograr-que-el-balneario-san-miguel-sea-una-fiesta-durante-todo-el-ano\/\"},\"wordCount\":805,\"publisher\":{\"@id\":\"https:\/\/experienciadevida.com.ar\/portalurbano\/#organization\"},\"articleSection\":[\"Ciudad\",\"Destacadas 2\"],\"inLanguage\":\"es\"},{\"@type\":\"WebPage\",\"@id\":\"https:\/\/experienciadevida.com.ar\/portalurbano\/queremos-lograr-que-el-balneario-san-miguel-sea-una-fiesta-durante-todo-el-ano\/\",\"url\":\"https:\/\/experienciadevida.com.ar\/portalurbano\/queremos-lograr-que-el-balneario-san-miguel-sea-una-fiesta-durante-todo-el-ano\/\",\"name\":\"\\\"Queremos lograr que el balneario San Miguel sea una fiesta\\\"\",\"isPartOf\":{\"@id\":\"https:\/\/experienciadevida.com.ar\/portalurbano\/#website\"},\"datePublished\":\"2022-04-27T21:14:22+00:00\",\"dateModified\":\"2022-04-27T21:34:32+00:00\",\"description\":\"\u201cQueremos lograr que el Balneario San Miguel sea una fiesta durante todo el a\u00f1o\u201d, se realiz\u00f3 la apertura del concurso p\u00fablico\",\"breadcrumb\":{\"@id\":\"https:\/\/experienciadevida.com.ar\/portalurbano\/queremos-lograr-que-el-balneario-san-miguel-sea-una-fiesta-durante-todo-el-ano\/#breadcrumb\"},\"inLanguage\":\"es\",\"potentialAction\":[{\"@type\":\"ReadAction\",\"target\":[\"https:\/\/experienciadevida.com.ar\/portalurbano\/queremos-lograr-que-el-balneario-san-miguel-sea-una-fiesta-durante-todo-el-ano\/\"]}]},{\"@type\":\"BreadcrumbList\",\"@id\":\"https:\/\/experienciadevida.com.ar\/portalurbano\/queremos-lograr-que-el-balneario-san-miguel-sea-una-fiesta-durante-todo-el-ano\/#breadcrumb\",\"itemListElement\":[{\"@type\":\"ListItem\",\"position\":1,\"name\":\"Portada\",\"item\":\"https:\/\/experienciadevida.com.ar\/portalurbano\/\"},{\"@type\":\"ListItem\",\"position\":2,\"name\":\"\u201cQueremos lograr que el Balneario San Miguel sea una fiesta durante todo el a\u00f1o\u201d\"}]},{\"@type\":\"WebSite\",\"@id\":\"https:\/\/experienciadevida.com.ar\/portalurbano\/#website\",\"url\":\"https:\/\/experienciadevida.com.ar\/portalurbano\/\",\"name\":\"\",\"description\":\"\",\"publisher\":{\"@id\":\"https:\/\/experienciadevida.com.ar\/portalurbano\/#organization\"},\"potentialAction\":[{\"@type\":\"SearchAction\",\"target\":{\"@type\":\"EntryPoint\",\"urlTemplate\":\"https:\/\/experienciadevida.com.ar\/portalurbano\/?s={search_term_string}\"},\"query-input\":\"required name=search_term_string\"}],\"inLanguage\":\"es\"},{\"@type\":\"Organization\",\"@id\":\"https:\/\/experienciadevida.com.ar\/portalurbano\/#organization\",\"name\":\"Portal Urbano\",\"url\":\"https:\/\/experienciadevida.com.ar\/portalurbano\/\",\"logo\":{\"@type\":\"ImageObject\",\"inLanguage\":\"es\",\"@id\":\"https:\/\/experienciadevida.com.ar\/portalurbano\/#\/schema\/logo\/image\/\",\"url\":\"https:\/\/experienciadevida.com.ar\/portalurbano\/wp-content\/uploads\/2019\/09\/Logo-Original.png\",\"contentUrl\":\"https:\/\/experienciadevida.com.ar\/portalurbano\/wp-content\/uploads\/2019\/09\/Logo-Original.png\",\"width\":2236,\"height\":1216,\"caption\":\"Portal Urbano\"},\"image\":{\"@id\":\"https:\/\/experienciadevida.com.ar\/portalurbano\/#\/schema\/logo\/image\/\"},\"sameAs\":[\"https:\/\/www.facebook.com\/Portal-Urbano-171542830093757\/\",\"https:\/\/twitter.com\/portalurbanook\",\"https:\/\/www.instagram.com\/_portalurbano\/\",\"https:\/\/www.youtube.com\/channel\/UCXhagIfszH8KxFiOok79zbA?view_as=subscriber\"]},{\"@type\":\"Person\",\"@id\":\"https:\/\/experienciadevida.com.ar\/portalurbano\/#\/schema\/person\/02dd326b1c4b056e9cc972486934a3a7\",\"name\":\"admpu17wp\",\"image\":{\"@type\":\"ImageObject\",\"inLanguage\":\"es\",\"@id\":\"https:\/\/experienciadevida.com.ar\/portalurbano\/#\/schema\/person\/image\/\",\"url\":\"https:\/\/secure.gravatar.com\/avatar\/830d4c57adaae6630765e449a6908047?s=96&d=mm&r=g\",\"contentUrl\":\"https:\/\/secure.gravatar.com\/avatar\/830d4c57adaae6630765e449a6908047?s=96&d=mm&r=g\",\"caption\":\"admpu17wp\"}}]}<\/script>\n<!-- \/ Yoast SEO plugin. -->","yoast_head_json":{"title":"\"Queremos lograr que el balneario San Miguel sea una fiesta\"","description":"\u201cQueremos lograr que el Balneario San Miguel sea una fiesta durante todo el a\u00f1o\u201d, se realiz\u00f3 la apertura del concurso p\u00fablico","robots":{"index":"index","follow":"follow","max-snippet":"max-snippet:-1","max-image-preview":"max-image-preview:large","max-video-preview":"max-video-preview:-1"},"canonical":"https:\/\/experienciadevida.com.ar\/portalurbano\/queremos-lograr-que-el-balneario-san-miguel-sea-una-fiesta-durante-todo-el-ano\/","og_locale":"es_ES","og_type":"article","og_title":"\"Queremos lograr que el balneario San Miguel sea una fiesta\"","og_description":"\u201cQueremos lograr que el Balneario San Miguel sea una fiesta durante todo el a\u00f1o\u201d, se realiz\u00f3 la apertura del concurso p\u00fablico","og_url":"https:\/\/experienciadevida.com.ar\/portalurbano\/queremos-lograr-que-el-balneario-san-miguel-sea-una-fiesta-durante-todo-el-ano\/","article_publisher":"https:\/\/www.facebook.com\/Portal-Urbano-171542830093757\/","article_published_time":"2022-04-27T21:14:22+00:00","article_modified_time":"2022-04-27T21:34:32+00:00","og_image":[{"width":1024,"height":685,"url":"https:\/\/experienciadevida.com.ar\/portalurbano\/wp-content\/uploads\/2022\/04\/Queremos-lograr-que-el.jpg","type":"image\/jpeg"}],"author":"admpu17wp","twitter_card":"summary_large_image","twitter_creator":"@portalurbanook","twitter_site":"@portalurbanook","twitter_misc":{"Escrito por":"admpu17wp","Tiempo de lectura":"4 minutos"},"schema":{"@context":"https:\/\/schema.org","@graph":[{"@type":"Article","@id":"https:\/\/experienciadevida.com.ar\/portalurbano\/queremos-lograr-que-el-balneario-san-miguel-sea-una-fiesta-durante-todo-el-ano\/#article","isPartOf":{"@id":"https:\/\/experienciadevida.com.ar\/portalurbano\/queremos-lograr-que-el-balneario-san-miguel-sea-una-fiesta-durante-todo-el-ano\/"},"author":{"name":"admpu17wp","@id":"https:\/\/experienciadevida.com.ar\/portalurbano\/#\/schema\/person\/02dd326b1c4b056e9cc972486934a3a7"},"headline":"\u201cQueremos lograr que el Balneario San Miguel sea una fiesta durante todo el a\u00f1o\u201d","datePublished":"2022-04-27T21:14:22+00:00","dateModified":"2022-04-27T21:34:32+00:00","mainEntityOfPage":{"@id":"https:\/\/experienciadevida.com.ar\/portalurbano\/queremos-lograr-que-el-balneario-san-miguel-sea-una-fiesta-durante-todo-el-ano\/"},"wordCount":805,"publisher":{"@id":"https:\/\/experienciadevida.com.ar\/portalurbano\/#organization"},"articleSection":["Ciudad","Destacadas 2"],"inLanguage":"es"},{"@type":"WebPage","@id":"https:\/\/experienciadevida.com.ar\/portalurbano\/queremos-lograr-que-el-balneario-san-miguel-sea-una-fiesta-durante-todo-el-ano\/","url":"https:\/\/experienciadevida.com.ar\/portalurbano\/queremos-lograr-que-el-balneario-san-miguel-sea-una-fiesta-durante-todo-el-ano\/","name":"\"Queremos lograr que el balneario San Miguel sea una fiesta\"","isPartOf":{"@id":"https:\/\/experienciadevida.com.ar\/portalurbano\/#website"},"datePublished":"2022-04-27T21:14:22+00:00","dateModified":"2022-04-27T21:34:32+00:00","description":"\u201cQueremos lograr que el Balneario San Miguel sea una fiesta durante todo el a\u00f1o\u201d, se realiz\u00f3 la apertura del concurso p\u00fablico","breadcrumb":{"@id":"https:\/\/experienciadevida.com.ar\/portalurbano\/queremos-lograr-que-el-balneario-san-miguel-sea-una-fiesta-durante-todo-el-ano\/#breadcrumb"},"inLanguage":"es","potentialAction":[{"@type":"ReadAction","target":["https:\/\/experienciadevida.com.ar\/portalurbano\/queremos-lograr-que-el-balneario-san-miguel-sea-una-fiesta-durante-todo-el-ano\/"]}]},{"@type":"BreadcrumbList","@id":"https:\/\/experienciadevida.com.ar\/portalurbano\/queremos-lograr-que-el-balneario-san-miguel-sea-una-fiesta-durante-todo-el-ano\/#breadcrumb","itemListElement":[{"@type":"ListItem","position":1,"name":"Portada","item":"https:\/\/experienciadevida.com.ar\/portalurbano\/"},{"@type":"ListItem","position":2,"name":"\u201cQueremos lograr que el Balneario San Miguel sea una fiesta durante todo el a\u00f1o\u201d"}]},{"@type":"WebSite","@id":"https:\/\/experienciadevida.com.ar\/portalurbano\/#website","url":"https:\/\/experienciadevida.com.ar\/portalurbano\/","name":"","description":"","publisher":{"@id":"https:\/\/experienciadevida.com.ar\/portalurbano\/#organization"},"potentialAction":[{"@type":"SearchAction","target":{"@type":"EntryPoint","urlTemplate":"https:\/\/experienciadevida.com.ar\/portalurbano\/?s={search_term_string}"},"query-input":"required name=search_term_string"}],"inLanguage":"es"},{"@type":"Organization","@id":"https:\/\/experienciadevida.com.ar\/portalurbano\/#organization","name":"Portal Urbano","url":"https:\/\/experienciadevida.com.ar\/portalurbano\/","logo":{"@type":"ImageObject","inLanguage":"es","@id":"https:\/\/experienciadevida.com.ar\/portalurbano\/#\/schema\/logo\/image\/","url":"https:\/\/experienciadevida.com.ar\/portalurbano\/wp-content\/uploads\/2019\/09\/Logo-Original.png","contentUrl":"https:\/\/experienciadevida.com.ar\/portalurbano\/wp-content\/uploads\/2019\/09\/Logo-Original.png","width":2236,"height":1216,"caption":"Portal Urbano"},"image":{"@id":"https:\/\/experienciadevida.com.ar\/portalurbano\/#\/schema\/logo\/image\/"},"sameAs":["https:\/\/www.facebook.com\/Portal-Urbano-171542830093757\/","https:\/\/twitter.com\/portalurbanook","https:\/\/www.instagram.com\/_portalurbano\/","https:\/\/www.youtube.com\/channel\/UCXhagIfszH8KxFiOok79zbA?view_as=subscriber"]},{"@type":"Person","@id":"https:\/\/experienciadevida.com.ar\/portalurbano\/#\/schema\/person\/02dd326b1c4b056e9cc972486934a3a7","name":"admpu17wp","image":{"@type":"ImageObject","inLanguage":"es","@id":"https:\/\/experienciadevida.com.ar\/portalurbano\/#\/schema\/person\/image\/","url":"https:\/\/secure.gravatar.com\/avatar\/830d4c57adaae6630765e449a6908047?s=96&d=mm&r=g","contentUrl":"https:\/\/secure.gravatar.com\/avatar\/830d4c57adaae6630765e449a6908047?s=96&d=mm&r=g","caption":"admpu17wp"}}]}},"featured_image_urls":{"full":["https:\/\/experienciadevida.com.ar\/portalurbano\/wp-content\/uploads\/2022\/04\/Queremos-lograr-que-el.jpg",1024,685,false],"thumbnail":["https:\/\/experienciadevida.com.ar\/portalurbano\/wp-content\/uploads\/2022\/04\/Queremos-lograr-que-el-150x150.jpg",150,150,true],"medium":["https:\/\/experienciadevida.com.ar\/portalurbano\/wp-content\/uploads\/2022\/04\/Queremos-lograr-que-el-300x201.jpg",300,201,true],"medium_large":["https:\/\/experienciadevida.com.ar\/portalurbano\/wp-content\/uploads\/2022\/04\/Queremos-lograr-que-el-768x514.jpg",640,428,true],"large":["https:\/\/experienciadevida.com.ar\/portalurbano\/wp-content\/uploads\/2022\/04\/Queremos-lograr-que-el.jpg",640,428,false],"ug_big":["https:\/\/experienciadevida.com.ar\/portalurbano\/wp-content\/uploads\/2022\/04\/Queremos-lograr-que-el-768x514.jpg",768,514,true],"1536x1536":["https:\/\/experienciadevida.com.ar\/portalurbano\/wp-content\/uploads\/2022\/04\/Queremos-lograr-que-el.jpg",1024,685,false],"2048x2048":["https:\/\/experienciadevida.com.ar\/portalurbano\/wp-content\/uploads\/2022\/04\/Queremos-lograr-que-el.jpg",1024,685,false],"newsever-slider-full":["https:\/\/experienciadevida.com.ar\/portalurbano\/wp-content\/uploads\/2022\/04\/Queremos-lograr-que-el.jpg",1024,685,false],"newsever-featured":["https:\/\/experienciadevida.com.ar\/portalurbano\/wp-content\/uploads\/2022\/04\/Queremos-lograr-que-el.jpg",1024,685,false],"newsever-medium":["https:\/\/experienciadevida.com.ar\/portalurbano\/wp-content\/uploads\/2022\/04\/Queremos-lograr-que-el.jpg",710,475,false],"web-stories-poster-portrait":["https:\/\/experienciadevida.com.ar\/portalurbano\/wp-content\/uploads\/2022\/04\/Queremos-lograr-que-el.jpg",640,428,false],"web-stories-publisher-logo":["https:\/\/experienciadevida.com.ar\/portalurbano\/wp-content\/uploads\/2022\/04\/Queremos-lograr-que-el.jpg",96,64,false],"web-stories-thumbnail":["https:\/\/experienciadevida.com.ar\/portalurbano\/wp-content\/uploads\/2022\/04\/Queremos-lograr-que-el.jpg",150,100,false]},"author_info":{"display_name":"admpu17wp","author_link":"https:\/\/experienciadevida.com.ar\/portalurbano\/author\/admpu17wp\/"},"category_info":"<a href=\"https:\/\/experienciadevida.com.ar\/portalurbano\/category\/ciudad\/\" rel=\"category tag\">Ciudad<\/a> <a href=\"https:\/\/experienciadevida.com.ar\/portalurbano\/category\/destacadas-2\/\" rel=\"category tag\">Destacadas 2<\/a>","tag_info":"Destacadas 2","comment_count":"0","amp_enabled":true,"_links":{"self":[{"href":"https:\/\/experienciadevida.com.ar\/portalurbano\/wp-json\/wp\/v2\/posts\/166580"}],"collection":[{"href":"https:\/\/experienciadevida.com.ar\/portalurbano\/wp-json\/wp\/v2\/posts"}],"about":[{"href":"https:\/\/experienciadevida.com.ar\/portalurbano\/wp-json\/wp\/v2\/types\/post"}],"author":[{"embeddable":true,"href":"https:\/\/experienciadevida.com.ar\/portalurbano\/wp-json\/wp\/v2\/users\/1"}],"replies":[{"embeddable":true,"href":"https:\/\/experienciadevida.com.ar\/portalurbano\/wp-json\/wp\/v2\/comments?post=166580"}],"version-history":[{"count":3,"href":"https:\/\/experienciadevida.com.ar\/portalurbano\/wp-json\/wp\/v2\/posts\/166580\/revisions"}],"predecessor-version":[{"id":166584,"href":"https:\/\/experienciadevida.com.ar\/portalurbano\/wp-json\/wp\/v2\/posts\/166580\/revisions\/166584"}],"wp:featuredmedia":[{"embeddable":true,"href":"https:\/\/experienciadevida.com.ar\/portalurbano\/wp-json\/wp\/v2\/media\/166581"}],"wp:attachment":[{"href":"https:\/\/experienciadevida.com.ar\/portalurbano\/wp-json\/wp\/v2\/media?parent=166580"}],"wp:term":[{"taxonomy":"category","embeddable":true,"href":"https:\/\/experienciadevida.com.ar\/portalurbano\/wp-json\/wp\/v2\/categories?post=166580"},{"taxonomy":"post_tag","embeddable":true,"href":"https:\/\/experienciadevida.com.ar\/portalurbano\/wp-json\/wp\/v2\/tags?post=166580"}],"curies":[{"name":"wp","href":"https:\/\/api.w.org\/{rel}","templated":true}]}}