{"id":166558,"date":"2022-04-27T15:22:26","date_gmt":"2022-04-27T18:22:26","guid":{"rendered":"https:\/\/experienciadevida.com.ar\/portalurbano\/?p=166558"},"modified":"2022-04-27T15:22:54","modified_gmt":"2022-04-27T18:22:54","slug":"charla-de-rugby-sebastian-perasso-estuvo-en-la-unidad-n2","status":"publish","type":"post","link":"https:\/\/experienciadevida.com.ar\/portalurbano\/charla-de-rugby-sebastian-perasso-estuvo-en-la-unidad-n2\/","title":{"rendered":"Charla de Rugby: Sebasti\u00e1n Perasso estuvo en la Unidad N\u00b02"},"content":{"rendered":"<p>Charla de Rugby: Sebasti\u00e1n Perasso estuvo en la Unidad N\u00b02, en el marco de las actividades deportivas destinadas a mejorar la calidad de vida de las personas privadas de la libertad, el Rugby es una de las herramientas que permite lograr este objetivo.<\/p>\n<p><a href=\"https:\/\/experienciadevida.com.ar\/portalurbano\/charla-de-rugby-sebastian-perasso-estuvo-en-la-unidad-n2\/charla-2\/\" rel=\"attachment wp-att-166560\"><img decoding=\"async\" class=\"alignnone size-large wp-image-166560\" src=\"https:\/\/experienciadevida.com.ar\/portalurbano\/wp-content\/uploads\/2022\/04\/Charla-1024x683.jpg\" alt=\"Charla \" width=\"900\" height=\"600\" srcset=\"https:\/\/experienciadevida.com.ar\/portalurbano\/wp-content\/uploads\/2022\/04\/Charla-1024x683.jpg 1024w, https:\/\/experienciadevida.com.ar\/portalurbano\/wp-content\/uploads\/2022\/04\/Charla-300x200.jpg 300w, https:\/\/experienciadevida.com.ar\/portalurbano\/wp-content\/uploads\/2022\/04\/Charla-768x512.jpg 768w, https:\/\/experienciadevida.com.ar\/portalurbano\/wp-content\/uploads\/2022\/04\/Charla.jpg 1447w\" sizes=\"(max-width: 900px) 100vw, 900px\" \/><\/a><\/p>\n<p>El ex jugador y escritor Sebasti\u00e1n Perasso brind\u00f3 una charla motivadora, t\u00e1ctica e hist\u00f3rica de la disciplina que lo apasiona en la Unidad Penitenciaria N\u00ba 2 de Sierra Chica. Lo acompa\u00f1\u00f3 el ex jugador de Los Pumas, Mariano Correa, quien es el padrino del equipo \u201cCatriel Rugby Club\u201d integrado por detenidos de la c\u00e1rcel de m\u00e1xima seguridad.<\/p>\n<p>El encuentro se llev\u00f3 a cabo en el SUM de la Escuela Primaria N\u00ba 701 y cont\u00f3 con la presencia del Coordinador General de Educaci\u00f3n, Cultura y Deportes del Complejo Centro Zona Sur, Prof. Alejandro Luj\u00e1n, el profesor<br \/>\ndel CEF N\u00b0100 Jorge Belinzoni, el profesor de Educaci\u00f3n F\u00edsica y entrenador del Equipo \u201cCatriel Rugby Club\u201d, Santiago Casey, junto a la Lic. en Psicolog\u00eda Alejandra De Lazzer que es parte del Centro de Acceso a la Justicia Social en la Unidad N\u00b02.<\/p>\n<p>En esta dependencia, el Rugby es practicado por alrededor de 40 internos y para ellos significa la posibilidad de crecimiento en la pr\u00e1ctica del deporte. Sebasti\u00e1n Perasso, escritor, ex jugador y entrenador, habl\u00f3 sobre los valores y tradiciones del Rugby, sobre su vida coment\u00f3 que &#8220;empec\u00e9 jugando a los cinco a\u00f1os, dej\u00e9 a los 31, y me aboqu\u00e9 a entrenar, despu\u00e9s lo que hice fue unir mis dos pasiones: el rugby y la escritura\u201d.<\/p>\n<p>Charla de Rugby, Mariano Correa fue reconocido por su aporte a los internos que desarrollan este deporte, le obsequiaron dos fotos enmarcadas del equipo que particip\u00f3 en la etapa final del Torneo Provincial de Rugby 2019 en contexto de encierro. Correa se mostr\u00f3 agradecido y orgulloso por el equipo y su crecimiento deportivo desde el inicio de la actividad en 2012 con el profesor Santiago Casey.<\/p>\n<p>En el final, se enfatiz\u00f3 en que \u201cel rugby es una escuela de valores, esos valores son universales pero creemos que en el rugby se da un \u00e1mbito para poder desarrollarlos. Son valores como el respeto, buena fe, cuidado del compa\u00f1ero y rival. Fue un enorme gusto conocerlos, los veo escuchando, preguntando y buscando incorporar cosas, pero como digo siempre, esto es un crecimiento mutuo&#8221;, cerr\u00f3 Sebasti\u00e1n Perasso.<\/p>\n<p>Fuente y Fotos: Servicio Penitenciario Bonaerense<\/p>\n<p><a href=\"https:\/\/experienciadevida.com.ar\/portalurbano\/charla-de-rugby-sebastian-perasso-estuvo-en-la-unidad-n2\/de-22\/\" rel=\"attachment wp-att-166561\"><img decoding=\"async\" class=\"alignnone size-large wp-image-166561\" src=\"https:\/\/experienciadevida.com.ar\/portalurbano\/wp-content\/uploads\/2022\/04\/de-4-1024x768.jpg\" alt=\"de \" width=\"900\" height=\"675\" srcset=\"https:\/\/experienciadevida.com.ar\/portalurbano\/wp-content\/uploads\/2022\/04\/de-4-1024x768.jpg 1024w, https:\/\/experienciadevida.com.ar\/portalurbano\/wp-content\/uploads\/2022\/04\/de-4-300x225.jpg 300w, https:\/\/experienciadevida.com.ar\/portalurbano\/wp-content\/uploads\/2022\/04\/de-4-768x576.jpg 768w, https:\/\/experienciadevida.com.ar\/portalurbano\/wp-content\/uploads\/2022\/04\/de-4-1536x1152.jpg 1536w, https:\/\/experienciadevida.com.ar\/portalurbano\/wp-content\/uploads\/2022\/04\/de-4-2048x1536.jpg 2048w\" sizes=\"(max-width: 900px) 100vw, 900px\" \/><\/a><\/p>\n<p><a href=\"https:\/\/experienciadevida.com.ar\/portalurbano\/charla-de-rugby-sebastian-perasso-estuvo-en-la-unidad-n2\/rugby\/\" rel=\"attachment wp-att-166562\"><img decoding=\"async\" class=\"alignnone size-large wp-image-166562\" src=\"https:\/\/experienciadevida.com.ar\/portalurbano\/wp-content\/uploads\/2022\/04\/Rugby-1024x768.jpg\" alt=\"Rugby \" width=\"900\" height=\"675\" srcset=\"https:\/\/experienciadevida.com.ar\/portalurbano\/wp-content\/uploads\/2022\/04\/Rugby-1024x768.jpg 1024w, https:\/\/experienciadevida.com.ar\/portalurbano\/wp-content\/uploads\/2022\/04\/Rugby-300x225.jpg 300w, https:\/\/experienciadevida.com.ar\/portalurbano\/wp-content\/uploads\/2022\/04\/Rugby-768x576.jpg 768w, https:\/\/experienciadevida.com.ar\/portalurbano\/wp-content\/uploads\/2022\/04\/Rugby-1536x1152.jpg 1536w, https:\/\/experienciadevida.com.ar\/portalurbano\/wp-content\/uploads\/2022\/04\/Rugby-2048x1536.jpg 2048w\" sizes=\"(max-width: 900px) 100vw, 900px\" \/><\/a><\/p>\n","protected":false},"excerpt":{"rendered":"<p>Charla de Rugby: Sebasti\u00e1n Perasso estuvo en la Unidad N\u00b02, en el marco de las&#8230;<\/p>\n","protected":false},"author":1,"featured_media":166559,"comment_status":"closed","ping_status":"closed","sticky":false,"template":"","format":"standard","meta":{"content-type":""},"categories":[27],"tags":[],"nelio_content":{"isAutoShareEnabled":false,"autoShareEndMode":"default","automationSources":{"useContentSentences":true,"useSocialTemplates":true,"useCustomSentences":false,"customSentences":[]},"followers":[1],"suggestedReferences":[],"includedReferences":[],"efiUrl":"","efiAlt":"","highlights":[]},"yoast_head":"<!-- This site is optimized with the Yoast SEO plugin v20.7 - https:\/\/yoast.com\/wordpress\/plugins\/seo\/ -->\n<title>Charla de Rugby: Sebasti\u00e1n Perasso estuvo en la Unidad 2<\/title>\n<meta name=\"description\" content=\"Charla de Rugby: Sebasti\u00e1n Perasso estuvo en la Unidad N\u00b02, en el marco de las actividades deportivas destinadas a mejorar\" \/>\n<meta name=\"robots\" content=\"index, follow, max-snippet:-1, max-image-preview:large, max-video-preview:-1\" \/>\n<link rel=\"canonical\" href=\"https:\/\/experienciadevida.com.ar\/portalurbano\/charla-de-rugby-sebastian-perasso-estuvo-en-la-unidad-n2\/\" \/>\n<meta property=\"og:locale\" content=\"es_ES\" \/>\n<meta property=\"og:type\" content=\"article\" \/>\n<meta property=\"og:title\" content=\"Charla de Rugby: Sebasti\u00e1n Perasso estuvo en la Unidad 2\" \/>\n<meta property=\"og:description\" content=\"Charla de Rugby: Sebasti\u00e1n Perasso estuvo en la Unidad N\u00b02, en el marco de las actividades deportivas destinadas a mejorar\" \/>\n<meta property=\"og:url\" content=\"https:\/\/experienciadevida.com.ar\/portalurbano\/charla-de-rugby-sebastian-perasso-estuvo-en-la-unidad-n2\/\" \/>\n<meta property=\"article:publisher\" content=\"https:\/\/www.facebook.com\/Portal-Urbano-171542830093757\/\" \/>\n<meta property=\"article:published_time\" content=\"2022-04-27T18:22:26+00:00\" \/>\n<meta property=\"article:modified_time\" content=\"2022-04-27T18:22:54+00:00\" \/>\n<meta property=\"og:image\" content=\"https:\/\/experienciadevida.com.ar\/portalurbano\/wp-content\/uploads\/2022\/04\/Charla-de-Rugby-scaled-e1651083541725.jpg\" \/>\n\t<meta property=\"og:image:width\" content=\"765\" \/>\n\t<meta property=\"og:image:height\" content=\"574\" \/>\n\t<meta property=\"og:image:type\" content=\"image\/jpeg\" \/>\n<meta name=\"author\" content=\"admpu17wp\" \/>\n<meta name=\"twitter:card\" content=\"summary_large_image\" \/>\n<meta name=\"twitter:creator\" content=\"@portalurbanook\" \/>\n<meta name=\"twitter:site\" content=\"@portalurbanook\" \/>\n<meta name=\"twitter:label1\" content=\"Escrito por\" \/>\n\t<meta name=\"twitter:data1\" content=\"admpu17wp\" \/>\n\t<meta name=\"twitter:label2\" content=\"Tiempo de lectura\" \/>\n\t<meta name=\"twitter:data2\" content=\"2 minutos\" \/>\n<script type=\"application\/ld+json\" class=\"yoast-schema-graph\">{\"@context\":\"https:\/\/schema.org\",\"@graph\":[{\"@type\":\"Article\",\"@id\":\"https:\/\/experienciadevida.com.ar\/portalurbano\/charla-de-rugby-sebastian-perasso-estuvo-en-la-unidad-n2\/#article\",\"isPartOf\":{\"@id\":\"https:\/\/experienciadevida.com.ar\/portalurbano\/charla-de-rugby-sebastian-perasso-estuvo-en-la-unidad-n2\/\"},\"author\":{\"name\":\"admpu17wp\",\"@id\":\"https:\/\/experienciadevida.com.ar\/portalurbano\/#\/schema\/person\/02dd326b1c4b056e9cc972486934a3a7\"},\"headline\":\"Charla de Rugby: Sebasti\u00e1n Perasso estuvo en la Unidad N\u00b02\",\"datePublished\":\"2022-04-27T18:22:26+00:00\",\"dateModified\":\"2022-04-27T18:22:54+00:00\",\"mainEntityOfPage\":{\"@id\":\"https:\/\/experienciadevida.com.ar\/portalurbano\/charla-de-rugby-sebastian-perasso-estuvo-en-la-unidad-n2\/\"},\"wordCount\":417,\"publisher\":{\"@id\":\"https:\/\/experienciadevida.com.ar\/portalurbano\/#organization\"},\"articleSection\":[\"Ciudad\"],\"inLanguage\":\"es\"},{\"@type\":\"WebPage\",\"@id\":\"https:\/\/experienciadevida.com.ar\/portalurbano\/charla-de-rugby-sebastian-perasso-estuvo-en-la-unidad-n2\/\",\"url\":\"https:\/\/experienciadevida.com.ar\/portalurbano\/charla-de-rugby-sebastian-perasso-estuvo-en-la-unidad-n2\/\",\"name\":\"Charla de Rugby: Sebasti\u00e1n Perasso estuvo en la Unidad 2\",\"isPartOf\":{\"@id\":\"https:\/\/experienciadevida.com.ar\/portalurbano\/#website\"},\"datePublished\":\"2022-04-27T18:22:26+00:00\",\"dateModified\":\"2022-04-27T18:22:54+00:00\",\"description\":\"Charla de Rugby: Sebasti\u00e1n Perasso estuvo en la Unidad N\u00b02, en el marco de las actividades deportivas destinadas a mejorar\",\"breadcrumb\":{\"@id\":\"https:\/\/experienciadevida.com.ar\/portalurbano\/charla-de-rugby-sebastian-perasso-estuvo-en-la-unidad-n2\/#breadcrumb\"},\"inLanguage\":\"es\",\"potentialAction\":[{\"@type\":\"ReadAction\",\"target\":[\"https:\/\/experienciadevida.com.ar\/portalurbano\/charla-de-rugby-sebastian-perasso-estuvo-en-la-unidad-n2\/\"]}]},{\"@type\":\"BreadcrumbList\",\"@id\":\"https:\/\/experienciadevida.com.ar\/portalurbano\/charla-de-rugby-sebastian-perasso-estuvo-en-la-unidad-n2\/#breadcrumb\",\"itemListElement\":[{\"@type\":\"ListItem\",\"position\":1,\"name\":\"Portada\",\"item\":\"https:\/\/experienciadevida.com.ar\/portalurbano\/\"},{\"@type\":\"ListItem\",\"position\":2,\"name\":\"Charla de Rugby: Sebasti\u00e1n Perasso estuvo en la Unidad N\u00b02\"}]},{\"@type\":\"WebSite\",\"@id\":\"https:\/\/experienciadevida.com.ar\/portalurbano\/#website\",\"url\":\"https:\/\/experienciadevida.com.ar\/portalurbano\/\",\"name\":\"\",\"description\":\"\",\"publisher\":{\"@id\":\"https:\/\/experienciadevida.com.ar\/portalurbano\/#organization\"},\"potentialAction\":[{\"@type\":\"SearchAction\",\"target\":{\"@type\":\"EntryPoint\",\"urlTemplate\":\"https:\/\/experienciadevida.com.ar\/portalurbano\/?s={search_term_string}\"},\"query-input\":\"required name=search_term_string\"}],\"inLanguage\":\"es\"},{\"@type\":\"Organization\",\"@id\":\"https:\/\/experienciadevida.com.ar\/portalurbano\/#organization\",\"name\":\"Portal Urbano\",\"url\":\"https:\/\/experienciadevida.com.ar\/portalurbano\/\",\"logo\":{\"@type\":\"ImageObject\",\"inLanguage\":\"es\",\"@id\":\"https:\/\/experienciadevida.com.ar\/portalurbano\/#\/schema\/logo\/image\/\",\"url\":\"https:\/\/experienciadevida.com.ar\/portalurbano\/wp-content\/uploads\/2019\/09\/Logo-Original.png\",\"contentUrl\":\"https:\/\/experienciadevida.com.ar\/portalurbano\/wp-content\/uploads\/2019\/09\/Logo-Original.png\",\"width\":2236,\"height\":1216,\"caption\":\"Portal Urbano\"},\"image\":{\"@id\":\"https:\/\/experienciadevida.com.ar\/portalurbano\/#\/schema\/logo\/image\/\"},\"sameAs\":[\"https:\/\/www.facebook.com\/Portal-Urbano-171542830093757\/\",\"https:\/\/twitter.com\/portalurbanook\",\"https:\/\/www.instagram.com\/_portalurbano\/\",\"https:\/\/www.youtube.com\/channel\/UCXhagIfszH8KxFiOok79zbA?view_as=subscriber\"]},{\"@type\":\"Person\",\"@id\":\"https:\/\/experienciadevida.com.ar\/portalurbano\/#\/schema\/person\/02dd326b1c4b056e9cc972486934a3a7\",\"name\":\"admpu17wp\",\"image\":{\"@type\":\"ImageObject\",\"inLanguage\":\"es\",\"@id\":\"https:\/\/experienciadevida.com.ar\/portalurbano\/#\/schema\/person\/image\/\",\"url\":\"https:\/\/secure.gravatar.com\/avatar\/830d4c57adaae6630765e449a6908047?s=96&d=mm&r=g\",\"contentUrl\":\"https:\/\/secure.gravatar.com\/avatar\/830d4c57adaae6630765e449a6908047?s=96&d=mm&r=g\",\"caption\":\"admpu17wp\"}}]}<\/script>\n<!-- \/ Yoast SEO plugin. -->","yoast_head_json":{"title":"Charla de Rugby: Sebasti\u00e1n Perasso estuvo en la Unidad 2","description":"Charla de Rugby: Sebasti\u00e1n Perasso estuvo en la Unidad N\u00b02, en el marco de las actividades deportivas destinadas a mejorar","robots":{"index":"index","follow":"follow","max-snippet":"max-snippet:-1","max-image-preview":"max-image-preview:large","max-video-preview":"max-video-preview:-1"},"canonical":"https:\/\/experienciadevida.com.ar\/portalurbano\/charla-de-rugby-sebastian-perasso-estuvo-en-la-unidad-n2\/","og_locale":"es_ES","og_type":"article","og_title":"Charla de Rugby: Sebasti\u00e1n Perasso estuvo en la Unidad 2","og_description":"Charla de Rugby: Sebasti\u00e1n Perasso estuvo en la Unidad N\u00b02, en el marco de las actividades deportivas destinadas a mejorar","og_url":"https:\/\/experienciadevida.com.ar\/portalurbano\/charla-de-rugby-sebastian-perasso-estuvo-en-la-unidad-n2\/","article_publisher":"https:\/\/www.facebook.com\/Portal-Urbano-171542830093757\/","article_published_time":"2022-04-27T18:22:26+00:00","article_modified_time":"2022-04-27T18:22:54+00:00","og_image":[{"width":765,"height":574,"url":"https:\/\/experienciadevida.com.ar\/portalurbano\/wp-content\/uploads\/2022\/04\/Charla-de-Rugby-scaled-e1651083541725.jpg","type":"image\/jpeg"}],"author":"admpu17wp","twitter_card":"summary_large_image","twitter_creator":"@portalurbanook","twitter_site":"@portalurbanook","twitter_misc":{"Escrito por":"admpu17wp","Tiempo de lectura":"2 minutos"},"schema":{"@context":"https:\/\/schema.org","@graph":[{"@type":"Article","@id":"https:\/\/experienciadevida.com.ar\/portalurbano\/charla-de-rugby-sebastian-perasso-estuvo-en-la-unidad-n2\/#article","isPartOf":{"@id":"https:\/\/experienciadevida.com.ar\/portalurbano\/charla-de-rugby-sebastian-perasso-estuvo-en-la-unidad-n2\/"},"author":{"name":"admpu17wp","@id":"https:\/\/experienciadevida.com.ar\/portalurbano\/#\/schema\/person\/02dd326b1c4b056e9cc972486934a3a7"},"headline":"Charla de Rugby: Sebasti\u00e1n Perasso estuvo en la Unidad N\u00b02","datePublished":"2022-04-27T18:22:26+00:00","dateModified":"2022-04-27T18:22:54+00:00","mainEntityOfPage":{"@id":"https:\/\/experienciadevida.com.ar\/portalurbano\/charla-de-rugby-sebastian-perasso-estuvo-en-la-unidad-n2\/"},"wordCount":417,"publisher":{"@id":"https:\/\/experienciadevida.com.ar\/portalurbano\/#organization"},"articleSection":["Ciudad"],"inLanguage":"es"},{"@type":"WebPage","@id":"https:\/\/experienciadevida.com.ar\/portalurbano\/charla-de-rugby-sebastian-perasso-estuvo-en-la-unidad-n2\/","url":"https:\/\/experienciadevida.com.ar\/portalurbano\/charla-de-rugby-sebastian-perasso-estuvo-en-la-unidad-n2\/","name":"Charla de Rugby: Sebasti\u00e1n Perasso estuvo en la Unidad 2","isPartOf":{"@id":"https:\/\/experienciadevida.com.ar\/portalurbano\/#website"},"datePublished":"2022-04-27T18:22:26+00:00","dateModified":"2022-04-27T18:22:54+00:00","description":"Charla de Rugby: Sebasti\u00e1n Perasso estuvo en la Unidad N\u00b02, en el marco de las actividades deportivas destinadas a mejorar","breadcrumb":{"@id":"https:\/\/experienciadevida.com.ar\/portalurbano\/charla-de-rugby-sebastian-perasso-estuvo-en-la-unidad-n2\/#breadcrumb"},"inLanguage":"es","potentialAction":[{"@type":"ReadAction","target":["https:\/\/experienciadevida.com.ar\/portalurbano\/charla-de-rugby-sebastian-perasso-estuvo-en-la-unidad-n2\/"]}]},{"@type":"BreadcrumbList","@id":"https:\/\/experienciadevida.com.ar\/portalurbano\/charla-de-rugby-sebastian-perasso-estuvo-en-la-unidad-n2\/#breadcrumb","itemListElement":[{"@type":"ListItem","position":1,"name":"Portada","item":"https:\/\/experienciadevida.com.ar\/portalurbano\/"},{"@type":"ListItem","position":2,"name":"Charla de Rugby: Sebasti\u00e1n Perasso estuvo en la Unidad N\u00b02"}]},{"@type":"WebSite","@id":"https:\/\/experienciadevida.com.ar\/portalurbano\/#website","url":"https:\/\/experienciadevida.com.ar\/portalurbano\/","name":"","description":"","publisher":{"@id":"https:\/\/experienciadevida.com.ar\/portalurbano\/#organization"},"potentialAction":[{"@type":"SearchAction","target":{"@type":"EntryPoint","urlTemplate":"https:\/\/experienciadevida.com.ar\/portalurbano\/?s={search_term_string}"},"query-input":"required name=search_term_string"}],"inLanguage":"es"},{"@type":"Organization","@id":"https:\/\/experienciadevida.com.ar\/portalurbano\/#organization","name":"Portal Urbano","url":"https:\/\/experienciadevida.com.ar\/portalurbano\/","logo":{"@type":"ImageObject","inLanguage":"es","@id":"https:\/\/experienciadevida.com.ar\/portalurbano\/#\/schema\/logo\/image\/","url":"https:\/\/experienciadevida.com.ar\/portalurbano\/wp-content\/uploads\/2019\/09\/Logo-Original.png","contentUrl":"https:\/\/experienciadevida.com.ar\/portalurbano\/wp-content\/uploads\/2019\/09\/Logo-Original.png","width":2236,"height":1216,"caption":"Portal Urbano"},"image":{"@id":"https:\/\/experienciadevida.com.ar\/portalurbano\/#\/schema\/logo\/image\/"},"sameAs":["https:\/\/www.facebook.com\/Portal-Urbano-171542830093757\/","https:\/\/twitter.com\/portalurbanook","https:\/\/www.instagram.com\/_portalurbano\/","https:\/\/www.youtube.com\/channel\/UCXhagIfszH8KxFiOok79zbA?view_as=subscriber"]},{"@type":"Person","@id":"https:\/\/experienciadevida.com.ar\/portalurbano\/#\/schema\/person\/02dd326b1c4b056e9cc972486934a3a7","name":"admpu17wp","image":{"@type":"ImageObject","inLanguage":"es","@id":"https:\/\/experienciadevida.com.ar\/portalurbano\/#\/schema\/person\/image\/","url":"https:\/\/secure.gravatar.com\/avatar\/830d4c57adaae6630765e449a6908047?s=96&d=mm&r=g","contentUrl":"https:\/\/secure.gravatar.com\/avatar\/830d4c57adaae6630765e449a6908047?s=96&d=mm&r=g","caption":"admpu17wp"}}]}},"featured_image_urls":{"full":["https:\/\/experienciadevida.com.ar\/portalurbano\/wp-content\/uploads\/2022\/04\/Charla-de-Rugby-scaled-e1651083541725.jpg",765,574,false],"thumbnail":["https:\/\/experienciadevida.com.ar\/portalurbano\/wp-content\/uploads\/2022\/04\/Charla-de-Rugby-150x150.jpg",150,150,true],"medium":["https:\/\/experienciadevida.com.ar\/portalurbano\/wp-content\/uploads\/2022\/04\/Charla-de-Rugby-300x225.jpg",300,225,true],"medium_large":["https:\/\/experienciadevida.com.ar\/portalurbano\/wp-content\/uploads\/2022\/04\/Charla-de-Rugby-768x576.jpg",640,480,true],"large":["https:\/\/experienciadevida.com.ar\/portalurbano\/wp-content\/uploads\/2022\/04\/Charla-de-Rugby-1024x768.jpg",640,480,true],"ug_big":["https:\/\/experienciadevida.com.ar\/portalurbano\/wp-content\/uploads\/2022\/04\/Charla-de-Rugby-768x576.jpg",768,576,true],"1536x1536":["https:\/\/experienciadevida.com.ar\/portalurbano\/wp-content\/uploads\/2022\/04\/Charla-de-Rugby-1536x1152.jpg",1536,1152,true],"2048x2048":["https:\/\/experienciadevida.com.ar\/portalurbano\/wp-content\/uploads\/2022\/04\/Charla-de-Rugby-2048x1536.jpg",2048,1536,true],"newsever-slider-full":["https:\/\/experienciadevida.com.ar\/portalurbano\/wp-content\/uploads\/2022\/04\/Charla-de-Rugby-scaled-e1651083541725.jpg",765,574,false],"newsever-featured":["https:\/\/experienciadevida.com.ar\/portalurbano\/wp-content\/uploads\/2022\/04\/Charla-de-Rugby-scaled-e1651083541725.jpg",765,574,false],"newsever-medium":["https:\/\/experienciadevida.com.ar\/portalurbano\/wp-content\/uploads\/2022\/04\/Charla-de-Rugby-scaled-e1651083541725.jpg",633,475,false],"web-stories-poster-portrait":["https:\/\/experienciadevida.com.ar\/portalurbano\/wp-content\/uploads\/2022\/04\/Charla-de-Rugby-scaled-e1651083541725.jpg",640,480,false],"web-stories-publisher-logo":["https:\/\/experienciadevida.com.ar\/portalurbano\/wp-content\/uploads\/2022\/04\/Charla-de-Rugby-scaled-e1651083541725.jpg",96,72,false],"web-stories-thumbnail":["https:\/\/experienciadevida.com.ar\/portalurbano\/wp-content\/uploads\/2022\/04\/Charla-de-Rugby-scaled-e1651083541725.jpg",150,113,false]},"author_info":{"display_name":"admpu17wp","author_link":"https:\/\/experienciadevida.com.ar\/portalurbano\/author\/admpu17wp\/"},"category_info":"<a href=\"https:\/\/experienciadevida.com.ar\/portalurbano\/category\/ciudad\/\" rel=\"category tag\">Ciudad<\/a>","tag_info":"Ciudad","comment_count":"0","amp_enabled":true,"_links":{"self":[{"href":"https:\/\/experienciadevida.com.ar\/portalurbano\/wp-json\/wp\/v2\/posts\/166558"}],"collection":[{"href":"https:\/\/experienciadevida.com.ar\/portalurbano\/wp-json\/wp\/v2\/posts"}],"about":[{"href":"https:\/\/experienciadevida.com.ar\/portalurbano\/wp-json\/wp\/v2\/types\/post"}],"author":[{"embeddable":true,"href":"https:\/\/experienciadevida.com.ar\/portalurbano\/wp-json\/wp\/v2\/users\/1"}],"replies":[{"embeddable":true,"href":"https:\/\/experienciadevida.com.ar\/portalurbano\/wp-json\/wp\/v2\/comments?post=166558"}],"version-history":[{"count":2,"href":"https:\/\/experienciadevida.com.ar\/portalurbano\/wp-json\/wp\/v2\/posts\/166558\/revisions"}],"predecessor-version":[{"id":166564,"href":"https:\/\/experienciadevida.com.ar\/portalurbano\/wp-json\/wp\/v2\/posts\/166558\/revisions\/166564"}],"wp:featuredmedia":[{"embeddable":true,"href":"https:\/\/experienciadevida.com.ar\/portalurbano\/wp-json\/wp\/v2\/media\/166559"}],"wp:attachment":[{"href":"https:\/\/experienciadevida.com.ar\/portalurbano\/wp-json\/wp\/v2\/media?parent=166558"}],"wp:term":[{"taxonomy":"category","embeddable":true,"href":"https:\/\/experienciadevida.com.ar\/portalurbano\/wp-json\/wp\/v2\/categories?post=166558"},{"taxonomy":"post_tag","embeddable":true,"href":"https:\/\/experienciadevida.com.ar\/portalurbano\/wp-json\/wp\/v2\/tags?post=166558"}],"curies":[{"name":"wp","href":"https:\/\/api.w.org\/{rel}","templated":true}]}}