{"id":166513,"date":"2022-04-26T18:07:51","date_gmt":"2022-04-26T21:07:51","guid":{"rendered":"https:\/\/experienciadevida.com.ar\/portalurbano\/?p=166513"},"modified":"2022-04-26T18:08:20","modified_gmt":"2022-04-26T21:08:20","slug":"participacion-municipal-en-el-camino-federal-hacia-la-cumbre-global-de-alcaldes-de-c40","status":"publish","type":"post","link":"https:\/\/experienciadevida.com.ar\/portalurbano\/participacion-municipal-en-el-camino-federal-hacia-la-cumbre-global-de-alcaldes-de-c40\/","title":{"rendered":"Participaci\u00f3n municipal en el camino federal hacia la Cumbre Global de Alcaldes de C40"},"content":{"rendered":"<p>Participaci\u00f3n municipal en el camino federal hacia la Cumbre Global de Alcaldes de C40, este\u00a0 martes el secretario de Desarrollo Econ\u00f3mico Julio <a href=\"https:\/\/www.instagram.com\/juliovaletutto\/?hl=es-la\">Valetutto<\/a> particip\u00f3 de la reuni\u00f3n \u201cKick Off hacia la cumbre de alcaldes de C40\u2033; de cara al evento que se llevar\u00e1 a cabo del 19 a 21 de octubre y, este a\u00f1o, tendr\u00e1 sede en la Ciudad de Buenos Aires.<\/p>\n<p>Invitados por el Gobierno de la Ciudad de Buenos Aires, durante el Kick Off se realiz\u00f3 la presentaci\u00f3n del encuentro, y se trabaj\u00f3 sobre lo qu\u00e9 se espera lograr en el marco del camino Federal hacia la cumbre global de Alcaldes.<\/p>\n<p>En este contexto, en el marco del Camino Federal hacia la Cumbre C40 se realizar\u00e1n tres encuentros pol\u00edticos de alto nivel, entre alcaldes y autoridades locales relacionadas con las agendas urbanas y el tratamiento de estos temas a nivel internacional. Las dos primeras reuniones tendr\u00e1n como objetivo generar el involucramiento, di\u00e1logo y compromiso de las ciudades argentinas en el marco del proceso federal: \u201ccamino a la cumbre\u201d.<\/p>\n<p>Asimismo, permitir\u00e1n acompa\u00f1ar el trabajo desarrollado en el marco del proceso t\u00e9cnico, y explorar las oportunidades de trabajo que se pueden generar a nivel internacional, teniendo en cuenta los ejes de trabajo de la agenda internacional del clima y los actores que ser\u00e1n parte de la cumbre.<\/p>\n<p>El tercer encuentro pol\u00edtico consistir\u00e1 en el desarrollo del side event \u201cForo Urbano Federal\u201d en el marco de la Cumbre, donde los intendentes que formaron parte de este proceso federal tendr\u00e1n un espacio para dialogar sobre las tem\u00e1ticas trabajadas en su marco, junto con otros actores estrat\u00e9gicos (alcaldes, representantes de organismos internacionales, representantes del sector privado, oradores internacionales). All\u00ed se presentar\u00e1 el documento desarrollado por los equipos t\u00e9cnicos.<\/p>\n<p>Por otro lado se desarrollar\u00e1n cinco encuentros t\u00e9cnicos, de los que participar\u00e1n los Puntos Focales Operativos (PFO) designados por las ciudades que conforman el camino federal; a saber:<\/p>\n<p>El presente Kick Off corresponde al primero de los encuentros; los cuales prosiguen en funci\u00f3n del siguiente calendario:<\/p>\n<p>\u2013 Trabajo sobre el primer eje de la Cumbre: recuperaci\u00f3n verde y justa con creaci\u00f3n de empleo e inclusi\u00f3n.<\/p>\n<p>\u2013 Trabajo sobre el segundo eje de la Cumbre: ciudades de bienestar.<\/p>\n<p>\u2013 Trabajo sobre el tercer eje de la Cumbre: acceso al financiamiento.<\/p>\n<p>\u2013 Cierre de la Declaraci\u00f3n.<\/p>\n<p>Como resultado de los encuentros t\u00e9cnicos se espera generar una declaraci\u00f3n de las ciudades argentinas sobre los desaf\u00edos y acciones para la acci\u00f3n clim\u00e1tica. Esta ser\u00e1 presentada en el C40 World Mayors Summit.<\/p>\n","protected":false},"excerpt":{"rendered":"<p>Participaci\u00f3n municipal en el camino federal hacia la Cumbre Global de Alcaldes de C40, este\u00a0&#8230;<\/p>\n","protected":false},"author":1,"featured_media":166514,"comment_status":"closed","ping_status":"closed","sticky":false,"template":"","format":"standard","meta":{"content-type":""},"categories":[27],"tags":[],"nelio_content":{"isAutoShareEnabled":false,"autoShareEndMode":"default","automationSources":{"useContentSentences":true,"useSocialTemplates":true,"useCustomSentences":false,"customSentences":[]},"followers":[1],"suggestedReferences":[],"includedReferences":["https:\/\/www.instagram.com\/juliovaletutto\/?hl=es-la"],"efiUrl":"","efiAlt":"","highlights":[]},"yoast_head":"<!-- This site is optimized with the Yoast SEO plugin v20.7 - https:\/\/yoast.com\/wordpress\/plugins\/seo\/ -->\n<title>Participaci\u00f3n Municipal en el camino federal hacia la cumbre global<\/title>\n<meta name=\"description\" content=\"Participaci\u00f3n municipal en el camino federal hacia la Cumbre Global de Alcaldes de C40, este\u00a0 martes particip\u00f3 de la reuni\u00f3n\" \/>\n<meta name=\"robots\" content=\"index, follow, max-snippet:-1, max-image-preview:large, max-video-preview:-1\" \/>\n<link rel=\"canonical\" href=\"https:\/\/experienciadevida.com.ar\/portalurbano\/participacion-municipal-en-el-camino-federal-hacia-la-cumbre-global-de-alcaldes-de-c40\/\" \/>\n<meta property=\"og:locale\" content=\"es_ES\" \/>\n<meta property=\"og:type\" content=\"article\" \/>\n<meta property=\"og:title\" content=\"Participaci\u00f3n Municipal en el camino federal hacia la cumbre global\" \/>\n<meta property=\"og:description\" content=\"Participaci\u00f3n municipal en el camino federal hacia la Cumbre Global de Alcaldes de C40, este\u00a0 martes particip\u00f3 de la reuni\u00f3n\" \/>\n<meta property=\"og:url\" content=\"https:\/\/experienciadevida.com.ar\/portalurbano\/participacion-municipal-en-el-camino-federal-hacia-la-cumbre-global-de-alcaldes-de-c40\/\" \/>\n<meta property=\"article:publisher\" content=\"https:\/\/www.facebook.com\/Portal-Urbano-171542830093757\/\" \/>\n<meta property=\"article:published_time\" content=\"2022-04-26T21:07:51+00:00\" \/>\n<meta property=\"article:modified_time\" content=\"2022-04-26T21:08:20+00:00\" \/>\n<meta property=\"og:image\" content=\"https:\/\/experienciadevida.com.ar\/portalurbano\/wp-content\/uploads\/2022\/04\/Participacion-municipal-en-el.jpg\" \/>\n\t<meta property=\"og:image:width\" content=\"1024\" \/>\n\t<meta property=\"og:image:height\" content=\"682\" \/>\n\t<meta property=\"og:image:type\" content=\"image\/jpeg\" \/>\n<meta name=\"author\" content=\"admpu17wp\" \/>\n<meta name=\"twitter:card\" content=\"summary_large_image\" \/>\n<meta name=\"twitter:creator\" content=\"@portalurbanook\" \/>\n<meta name=\"twitter:site\" content=\"@portalurbanook\" \/>\n<meta name=\"twitter:label1\" content=\"Escrito por\" \/>\n\t<meta name=\"twitter:data1\" content=\"admpu17wp\" \/>\n\t<meta name=\"twitter:label2\" content=\"Tiempo de lectura\" \/>\n\t<meta name=\"twitter:data2\" content=\"2 minutos\" \/>\n<script type=\"application\/ld+json\" class=\"yoast-schema-graph\">{\"@context\":\"https:\/\/schema.org\",\"@graph\":[{\"@type\":\"Article\",\"@id\":\"https:\/\/experienciadevida.com.ar\/portalurbano\/participacion-municipal-en-el-camino-federal-hacia-la-cumbre-global-de-alcaldes-de-c40\/#article\",\"isPartOf\":{\"@id\":\"https:\/\/experienciadevida.com.ar\/portalurbano\/participacion-municipal-en-el-camino-federal-hacia-la-cumbre-global-de-alcaldes-de-c40\/\"},\"author\":{\"name\":\"admpu17wp\",\"@id\":\"https:\/\/experienciadevida.com.ar\/portalurbano\/#\/schema\/person\/02dd326b1c4b056e9cc972486934a3a7\"},\"headline\":\"Participaci\u00f3n municipal en el camino federal hacia la Cumbre Global de Alcaldes de C40\",\"datePublished\":\"2022-04-26T21:07:51+00:00\",\"dateModified\":\"2022-04-26T21:08:20+00:00\",\"mainEntityOfPage\":{\"@id\":\"https:\/\/experienciadevida.com.ar\/portalurbano\/participacion-municipal-en-el-camino-federal-hacia-la-cumbre-global-de-alcaldes-de-c40\/\"},\"wordCount\":452,\"publisher\":{\"@id\":\"https:\/\/experienciadevida.com.ar\/portalurbano\/#organization\"},\"articleSection\":[\"Ciudad\"],\"inLanguage\":\"es\"},{\"@type\":\"WebPage\",\"@id\":\"https:\/\/experienciadevida.com.ar\/portalurbano\/participacion-municipal-en-el-camino-federal-hacia-la-cumbre-global-de-alcaldes-de-c40\/\",\"url\":\"https:\/\/experienciadevida.com.ar\/portalurbano\/participacion-municipal-en-el-camino-federal-hacia-la-cumbre-global-de-alcaldes-de-c40\/\",\"name\":\"Participaci\u00f3n Municipal en el camino federal hacia la cumbre global\",\"isPartOf\":{\"@id\":\"https:\/\/experienciadevida.com.ar\/portalurbano\/#website\"},\"datePublished\":\"2022-04-26T21:07:51+00:00\",\"dateModified\":\"2022-04-26T21:08:20+00:00\",\"description\":\"Participaci\u00f3n municipal en el camino federal hacia la Cumbre Global de Alcaldes de C40, este\u00a0 martes particip\u00f3 de la reuni\u00f3n\",\"breadcrumb\":{\"@id\":\"https:\/\/experienciadevida.com.ar\/portalurbano\/participacion-municipal-en-el-camino-federal-hacia-la-cumbre-global-de-alcaldes-de-c40\/#breadcrumb\"},\"inLanguage\":\"es\",\"potentialAction\":[{\"@type\":\"ReadAction\",\"target\":[\"https:\/\/experienciadevida.com.ar\/portalurbano\/participacion-municipal-en-el-camino-federal-hacia-la-cumbre-global-de-alcaldes-de-c40\/\"]}]},{\"@type\":\"BreadcrumbList\",\"@id\":\"https:\/\/experienciadevida.com.ar\/portalurbano\/participacion-municipal-en-el-camino-federal-hacia-la-cumbre-global-de-alcaldes-de-c40\/#breadcrumb\",\"itemListElement\":[{\"@type\":\"ListItem\",\"position\":1,\"name\":\"Portada\",\"item\":\"https:\/\/experienciadevida.com.ar\/portalurbano\/\"},{\"@type\":\"ListItem\",\"position\":2,\"name\":\"Participaci\u00f3n municipal en el camino federal hacia la Cumbre Global de Alcaldes de C40\"}]},{\"@type\":\"WebSite\",\"@id\":\"https:\/\/experienciadevida.com.ar\/portalurbano\/#website\",\"url\":\"https:\/\/experienciadevida.com.ar\/portalurbano\/\",\"name\":\"\",\"description\":\"\",\"publisher\":{\"@id\":\"https:\/\/experienciadevida.com.ar\/portalurbano\/#organization\"},\"potentialAction\":[{\"@type\":\"SearchAction\",\"target\":{\"@type\":\"EntryPoint\",\"urlTemplate\":\"https:\/\/experienciadevida.com.ar\/portalurbano\/?s={search_term_string}\"},\"query-input\":\"required name=search_term_string\"}],\"inLanguage\":\"es\"},{\"@type\":\"Organization\",\"@id\":\"https:\/\/experienciadevida.com.ar\/portalurbano\/#organization\",\"name\":\"Portal Urbano\",\"url\":\"https:\/\/experienciadevida.com.ar\/portalurbano\/\",\"logo\":{\"@type\":\"ImageObject\",\"inLanguage\":\"es\",\"@id\":\"https:\/\/experienciadevida.com.ar\/portalurbano\/#\/schema\/logo\/image\/\",\"url\":\"https:\/\/experienciadevida.com.ar\/portalurbano\/wp-content\/uploads\/2019\/09\/Logo-Original.png\",\"contentUrl\":\"https:\/\/experienciadevida.com.ar\/portalurbano\/wp-content\/uploads\/2019\/09\/Logo-Original.png\",\"width\":2236,\"height\":1216,\"caption\":\"Portal Urbano\"},\"image\":{\"@id\":\"https:\/\/experienciadevida.com.ar\/portalurbano\/#\/schema\/logo\/image\/\"},\"sameAs\":[\"https:\/\/www.facebook.com\/Portal-Urbano-171542830093757\/\",\"https:\/\/twitter.com\/portalurbanook\",\"https:\/\/www.instagram.com\/_portalurbano\/\",\"https:\/\/www.youtube.com\/channel\/UCXhagIfszH8KxFiOok79zbA?view_as=subscriber\"]},{\"@type\":\"Person\",\"@id\":\"https:\/\/experienciadevida.com.ar\/portalurbano\/#\/schema\/person\/02dd326b1c4b056e9cc972486934a3a7\",\"name\":\"admpu17wp\",\"image\":{\"@type\":\"ImageObject\",\"inLanguage\":\"es\",\"@id\":\"https:\/\/experienciadevida.com.ar\/portalurbano\/#\/schema\/person\/image\/\",\"url\":\"https:\/\/secure.gravatar.com\/avatar\/830d4c57adaae6630765e449a6908047?s=96&d=mm&r=g\",\"contentUrl\":\"https:\/\/secure.gravatar.com\/avatar\/830d4c57adaae6630765e449a6908047?s=96&d=mm&r=g\",\"caption\":\"admpu17wp\"}}]}<\/script>\n<!-- \/ Yoast SEO plugin. -->","yoast_head_json":{"title":"Participaci\u00f3n Municipal en el camino federal hacia la cumbre global","description":"Participaci\u00f3n municipal en el camino federal hacia la Cumbre Global de Alcaldes de C40, este\u00a0 martes particip\u00f3 de la reuni\u00f3n","robots":{"index":"index","follow":"follow","max-snippet":"max-snippet:-1","max-image-preview":"max-image-preview:large","max-video-preview":"max-video-preview:-1"},"canonical":"https:\/\/experienciadevida.com.ar\/portalurbano\/participacion-municipal-en-el-camino-federal-hacia-la-cumbre-global-de-alcaldes-de-c40\/","og_locale":"es_ES","og_type":"article","og_title":"Participaci\u00f3n Municipal en el camino federal hacia la cumbre global","og_description":"Participaci\u00f3n municipal en el camino federal hacia la Cumbre Global de Alcaldes de C40, este\u00a0 martes particip\u00f3 de la reuni\u00f3n","og_url":"https:\/\/experienciadevida.com.ar\/portalurbano\/participacion-municipal-en-el-camino-federal-hacia-la-cumbre-global-de-alcaldes-de-c40\/","article_publisher":"https:\/\/www.facebook.com\/Portal-Urbano-171542830093757\/","article_published_time":"2022-04-26T21:07:51+00:00","article_modified_time":"2022-04-26T21:08:20+00:00","og_image":[{"width":1024,"height":682,"url":"https:\/\/experienciadevida.com.ar\/portalurbano\/wp-content\/uploads\/2022\/04\/Participacion-municipal-en-el.jpg","type":"image\/jpeg"}],"author":"admpu17wp","twitter_card":"summary_large_image","twitter_creator":"@portalurbanook","twitter_site":"@portalurbanook","twitter_misc":{"Escrito por":"admpu17wp","Tiempo de lectura":"2 minutos"},"schema":{"@context":"https:\/\/schema.org","@graph":[{"@type":"Article","@id":"https:\/\/experienciadevida.com.ar\/portalurbano\/participacion-municipal-en-el-camino-federal-hacia-la-cumbre-global-de-alcaldes-de-c40\/#article","isPartOf":{"@id":"https:\/\/experienciadevida.com.ar\/portalurbano\/participacion-municipal-en-el-camino-federal-hacia-la-cumbre-global-de-alcaldes-de-c40\/"},"author":{"name":"admpu17wp","@id":"https:\/\/experienciadevida.com.ar\/portalurbano\/#\/schema\/person\/02dd326b1c4b056e9cc972486934a3a7"},"headline":"Participaci\u00f3n municipal en el camino federal hacia la Cumbre Global de Alcaldes de C40","datePublished":"2022-04-26T21:07:51+00:00","dateModified":"2022-04-26T21:08:20+00:00","mainEntityOfPage":{"@id":"https:\/\/experienciadevida.com.ar\/portalurbano\/participacion-municipal-en-el-camino-federal-hacia-la-cumbre-global-de-alcaldes-de-c40\/"},"wordCount":452,"publisher":{"@id":"https:\/\/experienciadevida.com.ar\/portalurbano\/#organization"},"articleSection":["Ciudad"],"inLanguage":"es"},{"@type":"WebPage","@id":"https:\/\/experienciadevida.com.ar\/portalurbano\/participacion-municipal-en-el-camino-federal-hacia-la-cumbre-global-de-alcaldes-de-c40\/","url":"https:\/\/experienciadevida.com.ar\/portalurbano\/participacion-municipal-en-el-camino-federal-hacia-la-cumbre-global-de-alcaldes-de-c40\/","name":"Participaci\u00f3n Municipal en el camino federal hacia la cumbre global","isPartOf":{"@id":"https:\/\/experienciadevida.com.ar\/portalurbano\/#website"},"datePublished":"2022-04-26T21:07:51+00:00","dateModified":"2022-04-26T21:08:20+00:00","description":"Participaci\u00f3n municipal en el camino federal hacia la Cumbre Global de Alcaldes de C40, este\u00a0 martes particip\u00f3 de la reuni\u00f3n","breadcrumb":{"@id":"https:\/\/experienciadevida.com.ar\/portalurbano\/participacion-municipal-en-el-camino-federal-hacia-la-cumbre-global-de-alcaldes-de-c40\/#breadcrumb"},"inLanguage":"es","potentialAction":[{"@type":"ReadAction","target":["https:\/\/experienciadevida.com.ar\/portalurbano\/participacion-municipal-en-el-camino-federal-hacia-la-cumbre-global-de-alcaldes-de-c40\/"]}]},{"@type":"BreadcrumbList","@id":"https:\/\/experienciadevida.com.ar\/portalurbano\/participacion-municipal-en-el-camino-federal-hacia-la-cumbre-global-de-alcaldes-de-c40\/#breadcrumb","itemListElement":[{"@type":"ListItem","position":1,"name":"Portada","item":"https:\/\/experienciadevida.com.ar\/portalurbano\/"},{"@type":"ListItem","position":2,"name":"Participaci\u00f3n municipal en el camino federal hacia la Cumbre Global de Alcaldes de C40"}]},{"@type":"WebSite","@id":"https:\/\/experienciadevida.com.ar\/portalurbano\/#website","url":"https:\/\/experienciadevida.com.ar\/portalurbano\/","name":"","description":"","publisher":{"@id":"https:\/\/experienciadevida.com.ar\/portalurbano\/#organization"},"potentialAction":[{"@type":"SearchAction","target":{"@type":"EntryPoint","urlTemplate":"https:\/\/experienciadevida.com.ar\/portalurbano\/?s={search_term_string}"},"query-input":"required name=search_term_string"}],"inLanguage":"es"},{"@type":"Organization","@id":"https:\/\/experienciadevida.com.ar\/portalurbano\/#organization","name":"Portal Urbano","url":"https:\/\/experienciadevida.com.ar\/portalurbano\/","logo":{"@type":"ImageObject","inLanguage":"es","@id":"https:\/\/experienciadevida.com.ar\/portalurbano\/#\/schema\/logo\/image\/","url":"https:\/\/experienciadevida.com.ar\/portalurbano\/wp-content\/uploads\/2019\/09\/Logo-Original.png","contentUrl":"https:\/\/experienciadevida.com.ar\/portalurbano\/wp-content\/uploads\/2019\/09\/Logo-Original.png","width":2236,"height":1216,"caption":"Portal Urbano"},"image":{"@id":"https:\/\/experienciadevida.com.ar\/portalurbano\/#\/schema\/logo\/image\/"},"sameAs":["https:\/\/www.facebook.com\/Portal-Urbano-171542830093757\/","https:\/\/twitter.com\/portalurbanook","https:\/\/www.instagram.com\/_portalurbano\/","https:\/\/www.youtube.com\/channel\/UCXhagIfszH8KxFiOok79zbA?view_as=subscriber"]},{"@type":"Person","@id":"https:\/\/experienciadevida.com.ar\/portalurbano\/#\/schema\/person\/02dd326b1c4b056e9cc972486934a3a7","name":"admpu17wp","image":{"@type":"ImageObject","inLanguage":"es","@id":"https:\/\/experienciadevida.com.ar\/portalurbano\/#\/schema\/person\/image\/","url":"https:\/\/secure.gravatar.com\/avatar\/830d4c57adaae6630765e449a6908047?s=96&d=mm&r=g","contentUrl":"https:\/\/secure.gravatar.com\/avatar\/830d4c57adaae6630765e449a6908047?s=96&d=mm&r=g","caption":"admpu17wp"}}]}},"featured_image_urls":{"full":["https:\/\/experienciadevida.com.ar\/portalurbano\/wp-content\/uploads\/2022\/04\/Participacion-municipal-en-el.jpg",1024,682,false],"thumbnail":["https:\/\/experienciadevida.com.ar\/portalurbano\/wp-content\/uploads\/2022\/04\/Participacion-municipal-en-el-150x150.jpg",150,150,true],"medium":["https:\/\/experienciadevida.com.ar\/portalurbano\/wp-content\/uploads\/2022\/04\/Participacion-municipal-en-el-300x200.jpg",300,200,true],"medium_large":["https:\/\/experienciadevida.com.ar\/portalurbano\/wp-content\/uploads\/2022\/04\/Participacion-municipal-en-el-768x512.jpg",640,427,true],"large":["https:\/\/experienciadevida.com.ar\/portalurbano\/wp-content\/uploads\/2022\/04\/Participacion-municipal-en-el.jpg",640,426,false],"ug_big":["https:\/\/experienciadevida.com.ar\/portalurbano\/wp-content\/uploads\/2022\/04\/Participacion-municipal-en-el-768x512.jpg",768,512,true],"1536x1536":["https:\/\/experienciadevida.com.ar\/portalurbano\/wp-content\/uploads\/2022\/04\/Participacion-municipal-en-el.jpg",1024,682,false],"2048x2048":["https:\/\/experienciadevida.com.ar\/portalurbano\/wp-content\/uploads\/2022\/04\/Participacion-municipal-en-el.jpg",1024,682,false],"newsever-slider-full":["https:\/\/experienciadevida.com.ar\/portalurbano\/wp-content\/uploads\/2022\/04\/Participacion-municipal-en-el.jpg",1024,682,false],"newsever-featured":["https:\/\/experienciadevida.com.ar\/portalurbano\/wp-content\/uploads\/2022\/04\/Participacion-municipal-en-el.jpg",1024,682,false],"newsever-medium":["https:\/\/experienciadevida.com.ar\/portalurbano\/wp-content\/uploads\/2022\/04\/Participacion-municipal-en-el.jpg",713,475,false],"web-stories-poster-portrait":["https:\/\/experienciadevida.com.ar\/portalurbano\/wp-content\/uploads\/2022\/04\/Participacion-municipal-en-el.jpg",640,426,false],"web-stories-publisher-logo":["https:\/\/experienciadevida.com.ar\/portalurbano\/wp-content\/uploads\/2022\/04\/Participacion-municipal-en-el.jpg",96,64,false],"web-stories-thumbnail":["https:\/\/experienciadevida.com.ar\/portalurbano\/wp-content\/uploads\/2022\/04\/Participacion-municipal-en-el.jpg",150,100,false]},"author_info":{"display_name":"admpu17wp","author_link":"https:\/\/experienciadevida.com.ar\/portalurbano\/author\/admpu17wp\/"},"category_info":"<a href=\"https:\/\/experienciadevida.com.ar\/portalurbano\/category\/ciudad\/\" rel=\"category tag\">Ciudad<\/a>","tag_info":"Ciudad","comment_count":"0","amp_enabled":true,"_links":{"self":[{"href":"https:\/\/experienciadevida.com.ar\/portalurbano\/wp-json\/wp\/v2\/posts\/166513"}],"collection":[{"href":"https:\/\/experienciadevida.com.ar\/portalurbano\/wp-json\/wp\/v2\/posts"}],"about":[{"href":"https:\/\/experienciadevida.com.ar\/portalurbano\/wp-json\/wp\/v2\/types\/post"}],"author":[{"embeddable":true,"href":"https:\/\/experienciadevida.com.ar\/portalurbano\/wp-json\/wp\/v2\/users\/1"}],"replies":[{"embeddable":true,"href":"https:\/\/experienciadevida.com.ar\/portalurbano\/wp-json\/wp\/v2\/comments?post=166513"}],"version-history":[{"count":1,"href":"https:\/\/experienciadevida.com.ar\/portalurbano\/wp-json\/wp\/v2\/posts\/166513\/revisions"}],"predecessor-version":[{"id":166515,"href":"https:\/\/experienciadevida.com.ar\/portalurbano\/wp-json\/wp\/v2\/posts\/166513\/revisions\/166515"}],"wp:featuredmedia":[{"embeddable":true,"href":"https:\/\/experienciadevida.com.ar\/portalurbano\/wp-json\/wp\/v2\/media\/166514"}],"wp:attachment":[{"href":"https:\/\/experienciadevida.com.ar\/portalurbano\/wp-json\/wp\/v2\/media?parent=166513"}],"wp:term":[{"taxonomy":"category","embeddable":true,"href":"https:\/\/experienciadevida.com.ar\/portalurbano\/wp-json\/wp\/v2\/categories?post=166513"},{"taxonomy":"post_tag","embeddable":true,"href":"https:\/\/experienciadevida.com.ar\/portalurbano\/wp-json\/wp\/v2\/tags?post=166513"}],"curies":[{"name":"wp","href":"https:\/\/api.w.org\/{rel}","templated":true}]}}