{"id":166505,"date":"2022-04-26T15:30:58","date_gmt":"2022-04-26T18:30:58","guid":{"rendered":"https:\/\/experienciadevida.com.ar\/portalurbano\/?p=166505"},"modified":"2022-04-26T15:34:07","modified_gmt":"2022-04-26T18:34:07","slug":"alerta-defensa-civil-pidio-precaucion-ante-posibles-fenomenos-meteorologicos-severos","status":"publish","type":"post","link":"https:\/\/experienciadevida.com.ar\/portalurbano\/alerta-defensa-civil-pidio-precaucion-ante-posibles-fenomenos-meteorologicos-severos\/","title":{"rendered":"Alerta: Defensa Civil pidi\u00f3 precauci\u00f3n ante posibles fen\u00f3menos meteorol\u00f3gicos severos"},"content":{"rendered":"<p>Alerta: <a href=\"https:\/\/www.facebook.com\/municipiodeolavarria\">Defensa Civil<\/a> pidi\u00f3 precauci\u00f3n ante posibles fen\u00f3menos meteorol\u00f3gicos severos, Olavarr\u00eda y la regi\u00f3n se encuentran incluidas dentro del \u00e1rea de influencia de alertas \u201camarilla\u201d y \u201cnaranja\u201d por tormentas, de acuerdo lo detallado desde el Servicio Meteorol\u00f3gico Nacional. Por ese motivo desde la Direcci\u00f3n de Defensa Civil se pidi\u00f3 a la comunidad que se tomen recaudos y medidas preventivas, debido a que podr\u00edan darse eventuales fen\u00f3menos meteorol\u00f3gicos severos.<\/p>\n<p>Mediante comunicaciones oficiales emitidas desde el organismo nacional se detall\u00f3 que durante la tarde podr\u00edan registrarse \u201ctormentas de variada intensidad, pudiendo ser algunas localmente fuertes, acompa\u00f1adas de intensas r\u00e1fagas, fuerte actividad el\u00e9ctrica, ocasional ca\u00edda de granizo, y abundante ca\u00edda de agua en cortos per\u00edodos\u201d. \u201cSe prev\u00e9n valores de precipitaci\u00f3n acumulada entre 20 y 50 mm, pudiendo ser superados de forma puntual\u201d, se a\u00f1adi\u00f3.<\/p>\n<p>A la par, durante la noche las condiciones podr\u00edan agravarse, momento en el que regir\u00e1 un alerta \u201cnaranja\u201d, un nivel del cual no se tienen mayores antecedentes. \u201cEl \u00e1rea ser\u00e1 afectada por tormentas fuertes o severas, las cuales estar\u00e1n acompa\u00f1adas por muy intensas r\u00e1fagas, fuerte actividad el\u00e9ctrica, ca\u00edda de granizo y abundante ca\u00edda de agua en cortos per\u00edodos\u201d, se precis\u00f3 y se agreg\u00f3 que \u201cse esperan valores de precipitaci\u00f3n acumulada entre 30 y 60 mm, pudiendo ser superados de forma localizada\u201d.<\/p>\n<p>El director de Defensa Civil, Adri\u00e1n Guevara, precis\u00f3 que ya se instruyeron tareas y medidas preventivas desde el Comit\u00e9 Operativo de Emergencias, pero apel\u00f3 a la colaboraci\u00f3n de la comunidad en cuanto a acatar distintas recomendaciones. En ese sentido, se pide tomar recaudos en cuanto a permitir que el agua escurra normalmente, para evitar no solo calles anegadas sino tambi\u00e9n que se produzcan complicaciones en patios internos de domicilios particulares. En ese sentido, requiere evitar circular por calles inundadas o afectadas.<\/p>\n<p>A la par, se aconseja evitar actividades al aire libre ni refugiarse cerca de \u00e1rboles ni postes de electricidad. Asimismo, se solicita asegurar todo elemento que pueda caerse, como por ejemplo macetas en balcones. \u201cQue la gente no circule, salvo que sea en un caso de extrema necesidad\u201d, sintetiz\u00f3 Guevara.<\/p>\n<p>Por \u00faltimo, el Director de Defensa Civil expres\u00f3 a la comunidad que se est\u00e9 atenta a posibles comunicaciones oficiales, dependiendo siempre del avance de la situaci\u00f3n meteorol\u00f3gica. En ese sentido, se recuerdan los n\u00fameros de emergencias: 100 Bomberos, 103 Defensa Civil, 107 Hospital, 911 Polic\u00eda.<\/p>\n","protected":false},"excerpt":{"rendered":"<p>Alerta: Defensa Civil pidi\u00f3 precauci\u00f3n ante posibles fen\u00f3menos meteorol\u00f3gicos severos, Olavarr\u00eda y la regi\u00f3n se&#8230;<\/p>\n","protected":false},"author":1,"featured_media":166506,"comment_status":"closed","ping_status":"closed","sticky":false,"template":"","format":"standard","meta":{"content-type":""},"categories":[27,64],"tags":[],"nelio_content":{"isAutoShareEnabled":false,"autoShareEndMode":"default","automationSources":{"useContentSentences":true,"useSocialTemplates":true,"useCustomSentences":false,"customSentences":[]},"followers":[1],"suggestedReferences":[],"includedReferences":[],"efiUrl":"","efiAlt":"","highlights":[]},"yoast_head":"<!-- This site is optimized with the Yoast SEO plugin v20.7 - https:\/\/yoast.com\/wordpress\/plugins\/seo\/ -->\n<title>Alerta: Defensa Civil pidi\u00f3 precauci\u00f3n ante posibles fen\u00f3menos<\/title>\n<meta name=\"description\" content=\"Alerta: Defensa Civil pidi\u00f3 precauci\u00f3n ante posibles fen\u00f3menos meteorol\u00f3gicos severos, Olavarr\u00eda y la regi\u00f3n est\u00e1n inclu\u00eddas\" \/>\n<meta name=\"robots\" content=\"index, follow, max-snippet:-1, max-image-preview:large, max-video-preview:-1\" \/>\n<link rel=\"canonical\" href=\"https:\/\/experienciadevida.com.ar\/portalurbano\/alerta-defensa-civil-pidio-precaucion-ante-posibles-fenomenos-meteorologicos-severos\/\" \/>\n<meta property=\"og:locale\" content=\"es_ES\" \/>\n<meta property=\"og:type\" content=\"article\" \/>\n<meta property=\"og:title\" content=\"Alerta: Defensa Civil pidi\u00f3 precauci\u00f3n ante posibles fen\u00f3menos\" \/>\n<meta property=\"og:description\" content=\"Alerta: Defensa Civil pidi\u00f3 precauci\u00f3n ante posibles fen\u00f3menos meteorol\u00f3gicos severos, Olavarr\u00eda y la regi\u00f3n est\u00e1n inclu\u00eddas\" \/>\n<meta property=\"og:url\" content=\"https:\/\/experienciadevida.com.ar\/portalurbano\/alerta-defensa-civil-pidio-precaucion-ante-posibles-fenomenos-meteorologicos-severos\/\" \/>\n<meta property=\"article:publisher\" content=\"https:\/\/www.facebook.com\/Portal-Urbano-171542830093757\/\" \/>\n<meta property=\"article:published_time\" content=\"2022-04-26T18:30:58+00:00\" \/>\n<meta property=\"article:modified_time\" content=\"2022-04-26T18:34:07+00:00\" \/>\n<meta property=\"og:image\" content=\"https:\/\/experienciadevida.com.ar\/portalurbano\/wp-content\/uploads\/2022\/04\/Alerta.jpg\" \/>\n\t<meta property=\"og:image:width\" content=\"1024\" \/>\n\t<meta property=\"og:image:height\" content=\"682\" \/>\n\t<meta property=\"og:image:type\" content=\"image\/jpeg\" \/>\n<meta name=\"author\" content=\"admpu17wp\" \/>\n<meta name=\"twitter:card\" content=\"summary_large_image\" \/>\n<meta name=\"twitter:creator\" content=\"@portalurbanook\" \/>\n<meta name=\"twitter:site\" content=\"@portalurbanook\" \/>\n<meta name=\"twitter:label1\" content=\"Escrito por\" \/>\n\t<meta name=\"twitter:data1\" content=\"admpu17wp\" \/>\n\t<meta name=\"twitter:label2\" content=\"Tiempo de lectura\" \/>\n\t<meta name=\"twitter:data2\" content=\"2 minutos\" \/>\n<script type=\"application\/ld+json\" class=\"yoast-schema-graph\">{\"@context\":\"https:\/\/schema.org\",\"@graph\":[{\"@type\":\"Article\",\"@id\":\"https:\/\/experienciadevida.com.ar\/portalurbano\/alerta-defensa-civil-pidio-precaucion-ante-posibles-fenomenos-meteorologicos-severos\/#article\",\"isPartOf\":{\"@id\":\"https:\/\/experienciadevida.com.ar\/portalurbano\/alerta-defensa-civil-pidio-precaucion-ante-posibles-fenomenos-meteorologicos-severos\/\"},\"author\":{\"name\":\"admpu17wp\",\"@id\":\"https:\/\/experienciadevida.com.ar\/portalurbano\/#\/schema\/person\/02dd326b1c4b056e9cc972486934a3a7\"},\"headline\":\"Alerta: Defensa Civil pidi\u00f3 precauci\u00f3n ante posibles fen\u00f3menos meteorol\u00f3gicos severos\",\"datePublished\":\"2022-04-26T18:30:58+00:00\",\"dateModified\":\"2022-04-26T18:34:07+00:00\",\"mainEntityOfPage\":{\"@id\":\"https:\/\/experienciadevida.com.ar\/portalurbano\/alerta-defensa-civil-pidio-precaucion-ante-posibles-fenomenos-meteorologicos-severos\/\"},\"wordCount\":429,\"publisher\":{\"@id\":\"https:\/\/experienciadevida.com.ar\/portalurbano\/#organization\"},\"articleSection\":[\"Ciudad\",\"Destacadas 2\"],\"inLanguage\":\"es\"},{\"@type\":\"WebPage\",\"@id\":\"https:\/\/experienciadevida.com.ar\/portalurbano\/alerta-defensa-civil-pidio-precaucion-ante-posibles-fenomenos-meteorologicos-severos\/\",\"url\":\"https:\/\/experienciadevida.com.ar\/portalurbano\/alerta-defensa-civil-pidio-precaucion-ante-posibles-fenomenos-meteorologicos-severos\/\",\"name\":\"Alerta: Defensa Civil pidi\u00f3 precauci\u00f3n ante posibles fen\u00f3menos\",\"isPartOf\":{\"@id\":\"https:\/\/experienciadevida.com.ar\/portalurbano\/#website\"},\"datePublished\":\"2022-04-26T18:30:58+00:00\",\"dateModified\":\"2022-04-26T18:34:07+00:00\",\"description\":\"Alerta: Defensa Civil pidi\u00f3 precauci\u00f3n ante posibles fen\u00f3menos meteorol\u00f3gicos severos, Olavarr\u00eda y la regi\u00f3n est\u00e1n inclu\u00eddas\",\"breadcrumb\":{\"@id\":\"https:\/\/experienciadevida.com.ar\/portalurbano\/alerta-defensa-civil-pidio-precaucion-ante-posibles-fenomenos-meteorologicos-severos\/#breadcrumb\"},\"inLanguage\":\"es\",\"potentialAction\":[{\"@type\":\"ReadAction\",\"target\":[\"https:\/\/experienciadevida.com.ar\/portalurbano\/alerta-defensa-civil-pidio-precaucion-ante-posibles-fenomenos-meteorologicos-severos\/\"]}]},{\"@type\":\"BreadcrumbList\",\"@id\":\"https:\/\/experienciadevida.com.ar\/portalurbano\/alerta-defensa-civil-pidio-precaucion-ante-posibles-fenomenos-meteorologicos-severos\/#breadcrumb\",\"itemListElement\":[{\"@type\":\"ListItem\",\"position\":1,\"name\":\"Portada\",\"item\":\"https:\/\/experienciadevida.com.ar\/portalurbano\/\"},{\"@type\":\"ListItem\",\"position\":2,\"name\":\"Alerta: Defensa Civil pidi\u00f3 precauci\u00f3n ante posibles fen\u00f3menos meteorol\u00f3gicos severos\"}]},{\"@type\":\"WebSite\",\"@id\":\"https:\/\/experienciadevida.com.ar\/portalurbano\/#website\",\"url\":\"https:\/\/experienciadevida.com.ar\/portalurbano\/\",\"name\":\"\",\"description\":\"\",\"publisher\":{\"@id\":\"https:\/\/experienciadevida.com.ar\/portalurbano\/#organization\"},\"potentialAction\":[{\"@type\":\"SearchAction\",\"target\":{\"@type\":\"EntryPoint\",\"urlTemplate\":\"https:\/\/experienciadevida.com.ar\/portalurbano\/?s={search_term_string}\"},\"query-input\":\"required name=search_term_string\"}],\"inLanguage\":\"es\"},{\"@type\":\"Organization\",\"@id\":\"https:\/\/experienciadevida.com.ar\/portalurbano\/#organization\",\"name\":\"Portal Urbano\",\"url\":\"https:\/\/experienciadevida.com.ar\/portalurbano\/\",\"logo\":{\"@type\":\"ImageObject\",\"inLanguage\":\"es\",\"@id\":\"https:\/\/experienciadevida.com.ar\/portalurbano\/#\/schema\/logo\/image\/\",\"url\":\"https:\/\/experienciadevida.com.ar\/portalurbano\/wp-content\/uploads\/2019\/09\/Logo-Original.png\",\"contentUrl\":\"https:\/\/experienciadevida.com.ar\/portalurbano\/wp-content\/uploads\/2019\/09\/Logo-Original.png\",\"width\":2236,\"height\":1216,\"caption\":\"Portal Urbano\"},\"image\":{\"@id\":\"https:\/\/experienciadevida.com.ar\/portalurbano\/#\/schema\/logo\/image\/\"},\"sameAs\":[\"https:\/\/www.facebook.com\/Portal-Urbano-171542830093757\/\",\"https:\/\/twitter.com\/portalurbanook\",\"https:\/\/www.instagram.com\/_portalurbano\/\",\"https:\/\/www.youtube.com\/channel\/UCXhagIfszH8KxFiOok79zbA?view_as=subscriber\"]},{\"@type\":\"Person\",\"@id\":\"https:\/\/experienciadevida.com.ar\/portalurbano\/#\/schema\/person\/02dd326b1c4b056e9cc972486934a3a7\",\"name\":\"admpu17wp\",\"image\":{\"@type\":\"ImageObject\",\"inLanguage\":\"es\",\"@id\":\"https:\/\/experienciadevida.com.ar\/portalurbano\/#\/schema\/person\/image\/\",\"url\":\"https:\/\/secure.gravatar.com\/avatar\/830d4c57adaae6630765e449a6908047?s=96&d=mm&r=g\",\"contentUrl\":\"https:\/\/secure.gravatar.com\/avatar\/830d4c57adaae6630765e449a6908047?s=96&d=mm&r=g\",\"caption\":\"admpu17wp\"}}]}<\/script>\n<!-- \/ Yoast SEO plugin. -->","yoast_head_json":{"title":"Alerta: Defensa Civil pidi\u00f3 precauci\u00f3n ante posibles fen\u00f3menos","description":"Alerta: Defensa Civil pidi\u00f3 precauci\u00f3n ante posibles fen\u00f3menos meteorol\u00f3gicos severos, Olavarr\u00eda y la regi\u00f3n est\u00e1n inclu\u00eddas","robots":{"index":"index","follow":"follow","max-snippet":"max-snippet:-1","max-image-preview":"max-image-preview:large","max-video-preview":"max-video-preview:-1"},"canonical":"https:\/\/experienciadevida.com.ar\/portalurbano\/alerta-defensa-civil-pidio-precaucion-ante-posibles-fenomenos-meteorologicos-severos\/","og_locale":"es_ES","og_type":"article","og_title":"Alerta: Defensa Civil pidi\u00f3 precauci\u00f3n ante posibles fen\u00f3menos","og_description":"Alerta: Defensa Civil pidi\u00f3 precauci\u00f3n ante posibles fen\u00f3menos meteorol\u00f3gicos severos, Olavarr\u00eda y la regi\u00f3n est\u00e1n inclu\u00eddas","og_url":"https:\/\/experienciadevida.com.ar\/portalurbano\/alerta-defensa-civil-pidio-precaucion-ante-posibles-fenomenos-meteorologicos-severos\/","article_publisher":"https:\/\/www.facebook.com\/Portal-Urbano-171542830093757\/","article_published_time":"2022-04-26T18:30:58+00:00","article_modified_time":"2022-04-26T18:34:07+00:00","og_image":[{"width":1024,"height":682,"url":"https:\/\/experienciadevida.com.ar\/portalurbano\/wp-content\/uploads\/2022\/04\/Alerta.jpg","type":"image\/jpeg"}],"author":"admpu17wp","twitter_card":"summary_large_image","twitter_creator":"@portalurbanook","twitter_site":"@portalurbanook","twitter_misc":{"Escrito por":"admpu17wp","Tiempo de lectura":"2 minutos"},"schema":{"@context":"https:\/\/schema.org","@graph":[{"@type":"Article","@id":"https:\/\/experienciadevida.com.ar\/portalurbano\/alerta-defensa-civil-pidio-precaucion-ante-posibles-fenomenos-meteorologicos-severos\/#article","isPartOf":{"@id":"https:\/\/experienciadevida.com.ar\/portalurbano\/alerta-defensa-civil-pidio-precaucion-ante-posibles-fenomenos-meteorologicos-severos\/"},"author":{"name":"admpu17wp","@id":"https:\/\/experienciadevida.com.ar\/portalurbano\/#\/schema\/person\/02dd326b1c4b056e9cc972486934a3a7"},"headline":"Alerta: Defensa Civil pidi\u00f3 precauci\u00f3n ante posibles fen\u00f3menos meteorol\u00f3gicos severos","datePublished":"2022-04-26T18:30:58+00:00","dateModified":"2022-04-26T18:34:07+00:00","mainEntityOfPage":{"@id":"https:\/\/experienciadevida.com.ar\/portalurbano\/alerta-defensa-civil-pidio-precaucion-ante-posibles-fenomenos-meteorologicos-severos\/"},"wordCount":429,"publisher":{"@id":"https:\/\/experienciadevida.com.ar\/portalurbano\/#organization"},"articleSection":["Ciudad","Destacadas 2"],"inLanguage":"es"},{"@type":"WebPage","@id":"https:\/\/experienciadevida.com.ar\/portalurbano\/alerta-defensa-civil-pidio-precaucion-ante-posibles-fenomenos-meteorologicos-severos\/","url":"https:\/\/experienciadevida.com.ar\/portalurbano\/alerta-defensa-civil-pidio-precaucion-ante-posibles-fenomenos-meteorologicos-severos\/","name":"Alerta: Defensa Civil pidi\u00f3 precauci\u00f3n ante posibles fen\u00f3menos","isPartOf":{"@id":"https:\/\/experienciadevida.com.ar\/portalurbano\/#website"},"datePublished":"2022-04-26T18:30:58+00:00","dateModified":"2022-04-26T18:34:07+00:00","description":"Alerta: Defensa Civil pidi\u00f3 precauci\u00f3n ante posibles fen\u00f3menos meteorol\u00f3gicos severos, Olavarr\u00eda y la regi\u00f3n est\u00e1n inclu\u00eddas","breadcrumb":{"@id":"https:\/\/experienciadevida.com.ar\/portalurbano\/alerta-defensa-civil-pidio-precaucion-ante-posibles-fenomenos-meteorologicos-severos\/#breadcrumb"},"inLanguage":"es","potentialAction":[{"@type":"ReadAction","target":["https:\/\/experienciadevida.com.ar\/portalurbano\/alerta-defensa-civil-pidio-precaucion-ante-posibles-fenomenos-meteorologicos-severos\/"]}]},{"@type":"BreadcrumbList","@id":"https:\/\/experienciadevida.com.ar\/portalurbano\/alerta-defensa-civil-pidio-precaucion-ante-posibles-fenomenos-meteorologicos-severos\/#breadcrumb","itemListElement":[{"@type":"ListItem","position":1,"name":"Portada","item":"https:\/\/experienciadevida.com.ar\/portalurbano\/"},{"@type":"ListItem","position":2,"name":"Alerta: Defensa Civil pidi\u00f3 precauci\u00f3n ante posibles fen\u00f3menos meteorol\u00f3gicos severos"}]},{"@type":"WebSite","@id":"https:\/\/experienciadevida.com.ar\/portalurbano\/#website","url":"https:\/\/experienciadevida.com.ar\/portalurbano\/","name":"","description":"","publisher":{"@id":"https:\/\/experienciadevida.com.ar\/portalurbano\/#organization"},"potentialAction":[{"@type":"SearchAction","target":{"@type":"EntryPoint","urlTemplate":"https:\/\/experienciadevida.com.ar\/portalurbano\/?s={search_term_string}"},"query-input":"required name=search_term_string"}],"inLanguage":"es"},{"@type":"Organization","@id":"https:\/\/experienciadevida.com.ar\/portalurbano\/#organization","name":"Portal Urbano","url":"https:\/\/experienciadevida.com.ar\/portalurbano\/","logo":{"@type":"ImageObject","inLanguage":"es","@id":"https:\/\/experienciadevida.com.ar\/portalurbano\/#\/schema\/logo\/image\/","url":"https:\/\/experienciadevida.com.ar\/portalurbano\/wp-content\/uploads\/2019\/09\/Logo-Original.png","contentUrl":"https:\/\/experienciadevida.com.ar\/portalurbano\/wp-content\/uploads\/2019\/09\/Logo-Original.png","width":2236,"height":1216,"caption":"Portal Urbano"},"image":{"@id":"https:\/\/experienciadevida.com.ar\/portalurbano\/#\/schema\/logo\/image\/"},"sameAs":["https:\/\/www.facebook.com\/Portal-Urbano-171542830093757\/","https:\/\/twitter.com\/portalurbanook","https:\/\/www.instagram.com\/_portalurbano\/","https:\/\/www.youtube.com\/channel\/UCXhagIfszH8KxFiOok79zbA?view_as=subscriber"]},{"@type":"Person","@id":"https:\/\/experienciadevida.com.ar\/portalurbano\/#\/schema\/person\/02dd326b1c4b056e9cc972486934a3a7","name":"admpu17wp","image":{"@type":"ImageObject","inLanguage":"es","@id":"https:\/\/experienciadevida.com.ar\/portalurbano\/#\/schema\/person\/image\/","url":"https:\/\/secure.gravatar.com\/avatar\/830d4c57adaae6630765e449a6908047?s=96&d=mm&r=g","contentUrl":"https:\/\/secure.gravatar.com\/avatar\/830d4c57adaae6630765e449a6908047?s=96&d=mm&r=g","caption":"admpu17wp"}}]}},"featured_image_urls":{"full":["https:\/\/experienciadevida.com.ar\/portalurbano\/wp-content\/uploads\/2022\/04\/Alerta.jpg",1024,682,false],"thumbnail":["https:\/\/experienciadevida.com.ar\/portalurbano\/wp-content\/uploads\/2022\/04\/Alerta-150x150.jpg",150,150,true],"medium":["https:\/\/experienciadevida.com.ar\/portalurbano\/wp-content\/uploads\/2022\/04\/Alerta-300x200.jpg",300,200,true],"medium_large":["https:\/\/experienciadevida.com.ar\/portalurbano\/wp-content\/uploads\/2022\/04\/Alerta-768x512.jpg",640,427,true],"large":["https:\/\/experienciadevida.com.ar\/portalurbano\/wp-content\/uploads\/2022\/04\/Alerta.jpg",640,426,false],"ug_big":["https:\/\/experienciadevida.com.ar\/portalurbano\/wp-content\/uploads\/2022\/04\/Alerta-768x512.jpg",768,512,true],"1536x1536":["https:\/\/experienciadevida.com.ar\/portalurbano\/wp-content\/uploads\/2022\/04\/Alerta.jpg",1024,682,false],"2048x2048":["https:\/\/experienciadevida.com.ar\/portalurbano\/wp-content\/uploads\/2022\/04\/Alerta.jpg",1024,682,false],"newsever-slider-full":["https:\/\/experienciadevida.com.ar\/portalurbano\/wp-content\/uploads\/2022\/04\/Alerta.jpg",1024,682,false],"newsever-featured":["https:\/\/experienciadevida.com.ar\/portalurbano\/wp-content\/uploads\/2022\/04\/Alerta.jpg",1024,682,false],"newsever-medium":["https:\/\/experienciadevida.com.ar\/portalurbano\/wp-content\/uploads\/2022\/04\/Alerta.jpg",713,475,false],"web-stories-poster-portrait":["https:\/\/experienciadevida.com.ar\/portalurbano\/wp-content\/uploads\/2022\/04\/Alerta.jpg",640,426,false],"web-stories-publisher-logo":["https:\/\/experienciadevida.com.ar\/portalurbano\/wp-content\/uploads\/2022\/04\/Alerta.jpg",96,64,false],"web-stories-thumbnail":["https:\/\/experienciadevida.com.ar\/portalurbano\/wp-content\/uploads\/2022\/04\/Alerta.jpg",150,100,false]},"author_info":{"display_name":"admpu17wp","author_link":"https:\/\/experienciadevida.com.ar\/portalurbano\/author\/admpu17wp\/"},"category_info":"<a href=\"https:\/\/experienciadevida.com.ar\/portalurbano\/category\/ciudad\/\" rel=\"category tag\">Ciudad<\/a> <a href=\"https:\/\/experienciadevida.com.ar\/portalurbano\/category\/destacadas-2\/\" rel=\"category tag\">Destacadas 2<\/a>","tag_info":"Destacadas 2","comment_count":"0","amp_enabled":true,"_links":{"self":[{"href":"https:\/\/experienciadevida.com.ar\/portalurbano\/wp-json\/wp\/v2\/posts\/166505"}],"collection":[{"href":"https:\/\/experienciadevida.com.ar\/portalurbano\/wp-json\/wp\/v2\/posts"}],"about":[{"href":"https:\/\/experienciadevida.com.ar\/portalurbano\/wp-json\/wp\/v2\/types\/post"}],"author":[{"embeddable":true,"href":"https:\/\/experienciadevida.com.ar\/portalurbano\/wp-json\/wp\/v2\/users\/1"}],"replies":[{"embeddable":true,"href":"https:\/\/experienciadevida.com.ar\/portalurbano\/wp-json\/wp\/v2\/comments?post=166505"}],"version-history":[{"count":2,"href":"https:\/\/experienciadevida.com.ar\/portalurbano\/wp-json\/wp\/v2\/posts\/166505\/revisions"}],"predecessor-version":[{"id":166508,"href":"https:\/\/experienciadevida.com.ar\/portalurbano\/wp-json\/wp\/v2\/posts\/166505\/revisions\/166508"}],"wp:featuredmedia":[{"embeddable":true,"href":"https:\/\/experienciadevida.com.ar\/portalurbano\/wp-json\/wp\/v2\/media\/166506"}],"wp:attachment":[{"href":"https:\/\/experienciadevida.com.ar\/portalurbano\/wp-json\/wp\/v2\/media?parent=166505"}],"wp:term":[{"taxonomy":"category","embeddable":true,"href":"https:\/\/experienciadevida.com.ar\/portalurbano\/wp-json\/wp\/v2\/categories?post=166505"},{"taxonomy":"post_tag","embeddable":true,"href":"https:\/\/experienciadevida.com.ar\/portalurbano\/wp-json\/wp\/v2\/tags?post=166505"}],"curies":[{"name":"wp","href":"https:\/\/api.w.org\/{rel}","templated":true}]}}