{"id":166488,"date":"2022-04-26T11:53:44","date_gmt":"2022-04-26T14:53:44","guid":{"rendered":"https:\/\/experienciadevida.com.ar\/portalurbano\/?p=166488"},"modified":"2022-04-26T11:55:34","modified_gmt":"2022-04-26T14:55:34","slug":"alerta-amarillo-para-nuestra-ciudad-y-naranja-por-tormentas-para-este-martes","status":"publish","type":"post","link":"https:\/\/experienciadevida.com.ar\/portalurbano\/alerta-amarillo-para-nuestra-ciudad-y-naranja-por-tormentas-para-este-martes\/","title":{"rendered":"Alerta amarilla para nuestra ciudad y naranja por tormentas para este martes"},"content":{"rendered":"<p>Alerta amarillo para nuestra ciudad y naranja por tormentas para este martes, as\u00ed lo inform\u00f3 el Servicio Meteorol\u00f3gico nacional.<\/p>\n<p>La tormenta puede incluir intensas r\u00e1fagas de viento y abundante ca\u00edda de agua en cortos per\u00edodos para la tarde, intensific\u00e1ndose hacia la noche. Hay una visibilidad reducida por la niebla y recomiendan circular con precauci\u00f3n.<\/p>\n<p>La estaci\u00f3n meteorol\u00f3gica de nuestra ciudad inform\u00f3 en la ma\u00f1ana de este martes que Olavarr\u00eda se encuentra en la zona de alerta amarilla por la tarde y naranja por la noche. Por la tarde el \u00e1rea ser\u00e1 afectada por tormentas de variada intensidad, pudiendo ser algunas localmente fuertes, acompa\u00f1adas de intensas r\u00e1fagas, fuerte actividad el\u00e9ctrica, ocasional ca\u00edda de granizo y abundante ca\u00edda de agua en cortos per\u00edodos.<\/p>\n<p>Se prev\u00e9n valores de precipitaci\u00f3n acumulada entre un 20 y 50 mm, pudiendo ser superados de forma puntual. En cambio hacia la noche hay alerta naranja por lo que las tormentas ser\u00e1n fuertes o severas y estar\u00e1n acompa\u00f1adas de intensas r\u00e1fagas y actividad el\u00e9ctrica, intensific\u00e1ndose los fen\u00f3menos.<\/p>\n<p>Tambi\u00e9n se pronostica abundante ca\u00edda de agua en cortos per\u00edodos y posibilidad de granizo.<\/p>\n<p>&nbsp;<\/p>\n","protected":false},"excerpt":{"rendered":"<p>Alerta amarillo para nuestra ciudad y naranja por tormentas para este martes, as\u00ed lo inform\u00f3&#8230;<\/p>\n","protected":false},"author":1,"featured_media":166489,"comment_status":"closed","ping_status":"closed","sticky":false,"template":"","format":"standard","meta":{"content-type":""},"categories":[27,51],"tags":[],"nelio_content":{"isAutoShareEnabled":false,"autoShareEndMode":"default","automationSources":{"useContentSentences":true,"useSocialTemplates":true,"useCustomSentences":false,"customSentences":[]},"followers":[1],"suggestedReferences":[],"includedReferences":[],"efiUrl":"","efiAlt":"","highlights":[]},"yoast_head":"<!-- This site is optimized with the Yoast SEO plugin v20.7 - https:\/\/yoast.com\/wordpress\/plugins\/seo\/ -->\n<title>Alerta amarilla para nuestra ciudad y naranja por tormentas<\/title>\n<meta name=\"description\" content=\"Alerta amarillo para nuestra ciudad y naranja por tormentas para este martes, as\u00ed lo inform\u00f3 el Servicio Meteorol\u00f3gico nacional.\" \/>\n<meta name=\"robots\" content=\"index, follow, max-snippet:-1, max-image-preview:large, max-video-preview:-1\" \/>\n<link rel=\"canonical\" href=\"https:\/\/experienciadevida.com.ar\/portalurbano\/alerta-amarillo-para-nuestra-ciudad-y-naranja-por-tormentas-para-este-martes\/\" \/>\n<meta property=\"og:locale\" content=\"es_ES\" \/>\n<meta property=\"og:type\" content=\"article\" \/>\n<meta property=\"og:title\" content=\"Alerta amarilla para nuestra ciudad y naranja por tormentas\" \/>\n<meta property=\"og:description\" content=\"Alerta amarillo para nuestra ciudad y naranja por tormentas para este martes, as\u00ed lo inform\u00f3 el Servicio Meteorol\u00f3gico nacional.\" \/>\n<meta property=\"og:url\" content=\"https:\/\/experienciadevida.com.ar\/portalurbano\/alerta-amarillo-para-nuestra-ciudad-y-naranja-por-tormentas-para-este-martes\/\" \/>\n<meta property=\"article:publisher\" content=\"https:\/\/www.facebook.com\/Portal-Urbano-171542830093757\/\" \/>\n<meta property=\"article:published_time\" content=\"2022-04-26T14:53:44+00:00\" \/>\n<meta property=\"article:modified_time\" content=\"2022-04-26T14:55:34+00:00\" \/>\n<meta property=\"og:image\" content=\"https:\/\/experienciadevida.com.ar\/portalurbano\/wp-content\/uploads\/2022\/04\/Alerta-amarillo.jpg\" \/>\n\t<meta property=\"og:image:width\" content=\"765\" \/>\n\t<meta property=\"og:image:height\" content=\"510\" \/>\n\t<meta property=\"og:image:type\" content=\"image\/jpeg\" \/>\n<meta name=\"author\" content=\"admpu17wp\" \/>\n<meta name=\"twitter:card\" content=\"summary_large_image\" \/>\n<meta name=\"twitter:creator\" content=\"@portalurbanook\" \/>\n<meta name=\"twitter:site\" content=\"@portalurbanook\" \/>\n<meta name=\"twitter:label1\" content=\"Escrito por\" \/>\n\t<meta name=\"twitter:data1\" content=\"admpu17wp\" \/>\n\t<meta name=\"twitter:label2\" content=\"Tiempo de lectura\" \/>\n\t<meta name=\"twitter:data2\" content=\"1 minuto\" \/>\n<script type=\"application\/ld+json\" class=\"yoast-schema-graph\">{\"@context\":\"https:\/\/schema.org\",\"@graph\":[{\"@type\":\"Article\",\"@id\":\"https:\/\/experienciadevida.com.ar\/portalurbano\/alerta-amarillo-para-nuestra-ciudad-y-naranja-por-tormentas-para-este-martes\/#article\",\"isPartOf\":{\"@id\":\"https:\/\/experienciadevida.com.ar\/portalurbano\/alerta-amarillo-para-nuestra-ciudad-y-naranja-por-tormentas-para-este-martes\/\"},\"author\":{\"name\":\"admpu17wp\",\"@id\":\"https:\/\/experienciadevida.com.ar\/portalurbano\/#\/schema\/person\/02dd326b1c4b056e9cc972486934a3a7\"},\"headline\":\"Alerta amarilla para nuestra ciudad y naranja por tormentas para este martes\",\"datePublished\":\"2022-04-26T14:53:44+00:00\",\"dateModified\":\"2022-04-26T14:55:34+00:00\",\"mainEntityOfPage\":{\"@id\":\"https:\/\/experienciadevida.com.ar\/portalurbano\/alerta-amarillo-para-nuestra-ciudad-y-naranja-por-tormentas-para-este-martes\/\"},\"wordCount\":221,\"publisher\":{\"@id\":\"https:\/\/experienciadevida.com.ar\/portalurbano\/#organization\"},\"articleSection\":[\"Ciudad\",\"Destacadas\"],\"inLanguage\":\"es\"},{\"@type\":\"WebPage\",\"@id\":\"https:\/\/experienciadevida.com.ar\/portalurbano\/alerta-amarillo-para-nuestra-ciudad-y-naranja-por-tormentas-para-este-martes\/\",\"url\":\"https:\/\/experienciadevida.com.ar\/portalurbano\/alerta-amarillo-para-nuestra-ciudad-y-naranja-por-tormentas-para-este-martes\/\",\"name\":\"Alerta amarilla para nuestra ciudad y naranja por tormentas\",\"isPartOf\":{\"@id\":\"https:\/\/experienciadevida.com.ar\/portalurbano\/#website\"},\"datePublished\":\"2022-04-26T14:53:44+00:00\",\"dateModified\":\"2022-04-26T14:55:34+00:00\",\"description\":\"Alerta amarillo para nuestra ciudad y naranja por tormentas para este martes, as\u00ed lo inform\u00f3 el Servicio Meteorol\u00f3gico nacional.\",\"breadcrumb\":{\"@id\":\"https:\/\/experienciadevida.com.ar\/portalurbano\/alerta-amarillo-para-nuestra-ciudad-y-naranja-por-tormentas-para-este-martes\/#breadcrumb\"},\"inLanguage\":\"es\",\"potentialAction\":[{\"@type\":\"ReadAction\",\"target\":[\"https:\/\/experienciadevida.com.ar\/portalurbano\/alerta-amarillo-para-nuestra-ciudad-y-naranja-por-tormentas-para-este-martes\/\"]}]},{\"@type\":\"BreadcrumbList\",\"@id\":\"https:\/\/experienciadevida.com.ar\/portalurbano\/alerta-amarillo-para-nuestra-ciudad-y-naranja-por-tormentas-para-este-martes\/#breadcrumb\",\"itemListElement\":[{\"@type\":\"ListItem\",\"position\":1,\"name\":\"Portada\",\"item\":\"https:\/\/experienciadevida.com.ar\/portalurbano\/\"},{\"@type\":\"ListItem\",\"position\":2,\"name\":\"Alerta amarilla para nuestra ciudad y naranja por tormentas para este martes\"}]},{\"@type\":\"WebSite\",\"@id\":\"https:\/\/experienciadevida.com.ar\/portalurbano\/#website\",\"url\":\"https:\/\/experienciadevida.com.ar\/portalurbano\/\",\"name\":\"\",\"description\":\"\",\"publisher\":{\"@id\":\"https:\/\/experienciadevida.com.ar\/portalurbano\/#organization\"},\"potentialAction\":[{\"@type\":\"SearchAction\",\"target\":{\"@type\":\"EntryPoint\",\"urlTemplate\":\"https:\/\/experienciadevida.com.ar\/portalurbano\/?s={search_term_string}\"},\"query-input\":\"required name=search_term_string\"}],\"inLanguage\":\"es\"},{\"@type\":\"Organization\",\"@id\":\"https:\/\/experienciadevida.com.ar\/portalurbano\/#organization\",\"name\":\"Portal Urbano\",\"url\":\"https:\/\/experienciadevida.com.ar\/portalurbano\/\",\"logo\":{\"@type\":\"ImageObject\",\"inLanguage\":\"es\",\"@id\":\"https:\/\/experienciadevida.com.ar\/portalurbano\/#\/schema\/logo\/image\/\",\"url\":\"https:\/\/experienciadevida.com.ar\/portalurbano\/wp-content\/uploads\/2019\/09\/Logo-Original.png\",\"contentUrl\":\"https:\/\/experienciadevida.com.ar\/portalurbano\/wp-content\/uploads\/2019\/09\/Logo-Original.png\",\"width\":2236,\"height\":1216,\"caption\":\"Portal Urbano\"},\"image\":{\"@id\":\"https:\/\/experienciadevida.com.ar\/portalurbano\/#\/schema\/logo\/image\/\"},\"sameAs\":[\"https:\/\/www.facebook.com\/Portal-Urbano-171542830093757\/\",\"https:\/\/twitter.com\/portalurbanook\",\"https:\/\/www.instagram.com\/_portalurbano\/\",\"https:\/\/www.youtube.com\/channel\/UCXhagIfszH8KxFiOok79zbA?view_as=subscriber\"]},{\"@type\":\"Person\",\"@id\":\"https:\/\/experienciadevida.com.ar\/portalurbano\/#\/schema\/person\/02dd326b1c4b056e9cc972486934a3a7\",\"name\":\"admpu17wp\",\"image\":{\"@type\":\"ImageObject\",\"inLanguage\":\"es\",\"@id\":\"https:\/\/experienciadevida.com.ar\/portalurbano\/#\/schema\/person\/image\/\",\"url\":\"https:\/\/secure.gravatar.com\/avatar\/830d4c57adaae6630765e449a6908047?s=96&d=mm&r=g\",\"contentUrl\":\"https:\/\/secure.gravatar.com\/avatar\/830d4c57adaae6630765e449a6908047?s=96&d=mm&r=g\",\"caption\":\"admpu17wp\"}}]}<\/script>\n<!-- \/ Yoast SEO plugin. -->","yoast_head_json":{"title":"Alerta amarilla para nuestra ciudad y naranja por tormentas","description":"Alerta amarillo para nuestra ciudad y naranja por tormentas para este martes, as\u00ed lo inform\u00f3 el Servicio Meteorol\u00f3gico nacional.","robots":{"index":"index","follow":"follow","max-snippet":"max-snippet:-1","max-image-preview":"max-image-preview:large","max-video-preview":"max-video-preview:-1"},"canonical":"https:\/\/experienciadevida.com.ar\/portalurbano\/alerta-amarillo-para-nuestra-ciudad-y-naranja-por-tormentas-para-este-martes\/","og_locale":"es_ES","og_type":"article","og_title":"Alerta amarilla para nuestra ciudad y naranja por tormentas","og_description":"Alerta amarillo para nuestra ciudad y naranja por tormentas para este martes, as\u00ed lo inform\u00f3 el Servicio Meteorol\u00f3gico nacional.","og_url":"https:\/\/experienciadevida.com.ar\/portalurbano\/alerta-amarillo-para-nuestra-ciudad-y-naranja-por-tormentas-para-este-martes\/","article_publisher":"https:\/\/www.facebook.com\/Portal-Urbano-171542830093757\/","article_published_time":"2022-04-26T14:53:44+00:00","article_modified_time":"2022-04-26T14:55:34+00:00","og_image":[{"width":765,"height":510,"url":"https:\/\/experienciadevida.com.ar\/portalurbano\/wp-content\/uploads\/2022\/04\/Alerta-amarillo.jpg","type":"image\/jpeg"}],"author":"admpu17wp","twitter_card":"summary_large_image","twitter_creator":"@portalurbanook","twitter_site":"@portalurbanook","twitter_misc":{"Escrito por":"admpu17wp","Tiempo de lectura":"1 minuto"},"schema":{"@context":"https:\/\/schema.org","@graph":[{"@type":"Article","@id":"https:\/\/experienciadevida.com.ar\/portalurbano\/alerta-amarillo-para-nuestra-ciudad-y-naranja-por-tormentas-para-este-martes\/#article","isPartOf":{"@id":"https:\/\/experienciadevida.com.ar\/portalurbano\/alerta-amarillo-para-nuestra-ciudad-y-naranja-por-tormentas-para-este-martes\/"},"author":{"name":"admpu17wp","@id":"https:\/\/experienciadevida.com.ar\/portalurbano\/#\/schema\/person\/02dd326b1c4b056e9cc972486934a3a7"},"headline":"Alerta amarilla para nuestra ciudad y naranja por tormentas para este martes","datePublished":"2022-04-26T14:53:44+00:00","dateModified":"2022-04-26T14:55:34+00:00","mainEntityOfPage":{"@id":"https:\/\/experienciadevida.com.ar\/portalurbano\/alerta-amarillo-para-nuestra-ciudad-y-naranja-por-tormentas-para-este-martes\/"},"wordCount":221,"publisher":{"@id":"https:\/\/experienciadevida.com.ar\/portalurbano\/#organization"},"articleSection":["Ciudad","Destacadas"],"inLanguage":"es"},{"@type":"WebPage","@id":"https:\/\/experienciadevida.com.ar\/portalurbano\/alerta-amarillo-para-nuestra-ciudad-y-naranja-por-tormentas-para-este-martes\/","url":"https:\/\/experienciadevida.com.ar\/portalurbano\/alerta-amarillo-para-nuestra-ciudad-y-naranja-por-tormentas-para-este-martes\/","name":"Alerta amarilla para nuestra ciudad y naranja por tormentas","isPartOf":{"@id":"https:\/\/experienciadevida.com.ar\/portalurbano\/#website"},"datePublished":"2022-04-26T14:53:44+00:00","dateModified":"2022-04-26T14:55:34+00:00","description":"Alerta amarillo para nuestra ciudad y naranja por tormentas para este martes, as\u00ed lo inform\u00f3 el Servicio Meteorol\u00f3gico nacional.","breadcrumb":{"@id":"https:\/\/experienciadevida.com.ar\/portalurbano\/alerta-amarillo-para-nuestra-ciudad-y-naranja-por-tormentas-para-este-martes\/#breadcrumb"},"inLanguage":"es","potentialAction":[{"@type":"ReadAction","target":["https:\/\/experienciadevida.com.ar\/portalurbano\/alerta-amarillo-para-nuestra-ciudad-y-naranja-por-tormentas-para-este-martes\/"]}]},{"@type":"BreadcrumbList","@id":"https:\/\/experienciadevida.com.ar\/portalurbano\/alerta-amarillo-para-nuestra-ciudad-y-naranja-por-tormentas-para-este-martes\/#breadcrumb","itemListElement":[{"@type":"ListItem","position":1,"name":"Portada","item":"https:\/\/experienciadevida.com.ar\/portalurbano\/"},{"@type":"ListItem","position":2,"name":"Alerta amarilla para nuestra ciudad y naranja por tormentas para este martes"}]},{"@type":"WebSite","@id":"https:\/\/experienciadevida.com.ar\/portalurbano\/#website","url":"https:\/\/experienciadevida.com.ar\/portalurbano\/","name":"","description":"","publisher":{"@id":"https:\/\/experienciadevida.com.ar\/portalurbano\/#organization"},"potentialAction":[{"@type":"SearchAction","target":{"@type":"EntryPoint","urlTemplate":"https:\/\/experienciadevida.com.ar\/portalurbano\/?s={search_term_string}"},"query-input":"required name=search_term_string"}],"inLanguage":"es"},{"@type":"Organization","@id":"https:\/\/experienciadevida.com.ar\/portalurbano\/#organization","name":"Portal Urbano","url":"https:\/\/experienciadevida.com.ar\/portalurbano\/","logo":{"@type":"ImageObject","inLanguage":"es","@id":"https:\/\/experienciadevida.com.ar\/portalurbano\/#\/schema\/logo\/image\/","url":"https:\/\/experienciadevida.com.ar\/portalurbano\/wp-content\/uploads\/2019\/09\/Logo-Original.png","contentUrl":"https:\/\/experienciadevida.com.ar\/portalurbano\/wp-content\/uploads\/2019\/09\/Logo-Original.png","width":2236,"height":1216,"caption":"Portal Urbano"},"image":{"@id":"https:\/\/experienciadevida.com.ar\/portalurbano\/#\/schema\/logo\/image\/"},"sameAs":["https:\/\/www.facebook.com\/Portal-Urbano-171542830093757\/","https:\/\/twitter.com\/portalurbanook","https:\/\/www.instagram.com\/_portalurbano\/","https:\/\/www.youtube.com\/channel\/UCXhagIfszH8KxFiOok79zbA?view_as=subscriber"]},{"@type":"Person","@id":"https:\/\/experienciadevida.com.ar\/portalurbano\/#\/schema\/person\/02dd326b1c4b056e9cc972486934a3a7","name":"admpu17wp","image":{"@type":"ImageObject","inLanguage":"es","@id":"https:\/\/experienciadevida.com.ar\/portalurbano\/#\/schema\/person\/image\/","url":"https:\/\/secure.gravatar.com\/avatar\/830d4c57adaae6630765e449a6908047?s=96&d=mm&r=g","contentUrl":"https:\/\/secure.gravatar.com\/avatar\/830d4c57adaae6630765e449a6908047?s=96&d=mm&r=g","caption":"admpu17wp"}}]}},"featured_image_urls":{"full":["https:\/\/experienciadevida.com.ar\/portalurbano\/wp-content\/uploads\/2022\/04\/Alerta-amarillo.jpg",765,510,false],"thumbnail":["https:\/\/experienciadevida.com.ar\/portalurbano\/wp-content\/uploads\/2022\/04\/Alerta-amarillo-150x150.jpg",150,150,true],"medium":["https:\/\/experienciadevida.com.ar\/portalurbano\/wp-content\/uploads\/2022\/04\/Alerta-amarillo-300x200.jpg",300,200,true],"medium_large":["https:\/\/experienciadevida.com.ar\/portalurbano\/wp-content\/uploads\/2022\/04\/Alerta-amarillo.jpg",640,427,false],"large":["https:\/\/experienciadevida.com.ar\/portalurbano\/wp-content\/uploads\/2022\/04\/Alerta-amarillo.jpg",640,427,false],"ug_big":["https:\/\/experienciadevida.com.ar\/portalurbano\/wp-content\/uploads\/2022\/04\/Alerta-amarillo.jpg",765,510,false],"1536x1536":["https:\/\/experienciadevida.com.ar\/portalurbano\/wp-content\/uploads\/2022\/04\/Alerta-amarillo.jpg",765,510,false],"2048x2048":["https:\/\/experienciadevida.com.ar\/portalurbano\/wp-content\/uploads\/2022\/04\/Alerta-amarillo.jpg",765,510,false],"newsever-slider-full":["https:\/\/experienciadevida.com.ar\/portalurbano\/wp-content\/uploads\/2022\/04\/Alerta-amarillo.jpg",765,510,false],"newsever-featured":["https:\/\/experienciadevida.com.ar\/portalurbano\/wp-content\/uploads\/2022\/04\/Alerta-amarillo.jpg",765,510,false],"newsever-medium":["https:\/\/experienciadevida.com.ar\/portalurbano\/wp-content\/uploads\/2022\/04\/Alerta-amarillo.jpg",713,475,false],"web-stories-poster-portrait":["https:\/\/experienciadevida.com.ar\/portalurbano\/wp-content\/uploads\/2022\/04\/Alerta-amarillo.jpg",640,427,false],"web-stories-publisher-logo":["https:\/\/experienciadevida.com.ar\/portalurbano\/wp-content\/uploads\/2022\/04\/Alerta-amarillo.jpg",96,64,false],"web-stories-thumbnail":["https:\/\/experienciadevida.com.ar\/portalurbano\/wp-content\/uploads\/2022\/04\/Alerta-amarillo.jpg",150,100,false]},"author_info":{"display_name":"admpu17wp","author_link":"https:\/\/experienciadevida.com.ar\/portalurbano\/author\/admpu17wp\/"},"category_info":"<a href=\"https:\/\/experienciadevida.com.ar\/portalurbano\/category\/ciudad\/\" rel=\"category tag\">Ciudad<\/a> <a href=\"https:\/\/experienciadevida.com.ar\/portalurbano\/category\/destacadas\/\" rel=\"category tag\">Destacadas<\/a>","tag_info":"Destacadas","comment_count":"0","amp_enabled":true,"_links":{"self":[{"href":"https:\/\/experienciadevida.com.ar\/portalurbano\/wp-json\/wp\/v2\/posts\/166488"}],"collection":[{"href":"https:\/\/experienciadevida.com.ar\/portalurbano\/wp-json\/wp\/v2\/posts"}],"about":[{"href":"https:\/\/experienciadevida.com.ar\/portalurbano\/wp-json\/wp\/v2\/types\/post"}],"author":[{"embeddable":true,"href":"https:\/\/experienciadevida.com.ar\/portalurbano\/wp-json\/wp\/v2\/users\/1"}],"replies":[{"embeddable":true,"href":"https:\/\/experienciadevida.com.ar\/portalurbano\/wp-json\/wp\/v2\/comments?post=166488"}],"version-history":[{"count":2,"href":"https:\/\/experienciadevida.com.ar\/portalurbano\/wp-json\/wp\/v2\/posts\/166488\/revisions"}],"predecessor-version":[{"id":166491,"href":"https:\/\/experienciadevida.com.ar\/portalurbano\/wp-json\/wp\/v2\/posts\/166488\/revisions\/166491"}],"wp:featuredmedia":[{"embeddable":true,"href":"https:\/\/experienciadevida.com.ar\/portalurbano\/wp-json\/wp\/v2\/media\/166489"}],"wp:attachment":[{"href":"https:\/\/experienciadevida.com.ar\/portalurbano\/wp-json\/wp\/v2\/media?parent=166488"}],"wp:term":[{"taxonomy":"category","embeddable":true,"href":"https:\/\/experienciadevida.com.ar\/portalurbano\/wp-json\/wp\/v2\/categories?post=166488"},{"taxonomy":"post_tag","embeddable":true,"href":"https:\/\/experienciadevida.com.ar\/portalurbano\/wp-json\/wp\/v2\/tags?post=166488"}],"curies":[{"name":"wp","href":"https:\/\/api.w.org\/{rel}","templated":true}]}}