{"id":166405,"date":"2022-04-25T10:51:49","date_gmt":"2022-04-25T13:51:49","guid":{"rendered":"https:\/\/experienciadevida.com.ar\/portalurbano\/?p=166405"},"modified":"2022-04-25T10:57:29","modified_gmt":"2022-04-25T13:57:29","slug":"durante-el-fin-de-semana-se-clausuraron-dos-fiestas-clandestinas-y-se-retuvieron-varios-vehiculos","status":"publish","type":"post","link":"https:\/\/experienciadevida.com.ar\/portalurbano\/durante-el-fin-de-semana-se-clausuraron-dos-fiestas-clandestinas-y-se-retuvieron-varios-vehiculos\/","title":{"rendered":"Durante el fin de semana se clausuraron dos fiestas clandestinas y se retuvieron varios veh\u00edculos"},"content":{"rendered":"<p>Durante el fin de semana se clausuraron dos fiestas clandestinas y se retuvieron varios veh\u00edculos, as\u00ed lo informaron desde la Subsecretar\u00eda de Seguridad <a href=\"https:\/\/www.facebook.com\/municipiodeolavarria\">Municipal<\/a> se inform\u00f3 que durante el transcurso del \u00faltimo fin de semana se prolongaron las tareas de control y preventivas, lo que permitieron detectar y clausurar dos fiestas clandestinas, adem\u00e1s de dar inicio a numerosas actas por diversas infracciones a la Ley de Tr\u00e1nsito.<\/p>\n<p>Una de esas situaciones se dio en la noche del pasado s\u00e1bado en torno al sal\u00f3n de la Junta Vecinal del barrio Amparo Castro, donde en una primera instancia se observ\u00f3 una concurrida presencia de adolescentes. El evento carec\u00eda de todo tipo de habilitaciones, por lo que se procedi\u00f3 al desalojo y al inicio de una infracci\u00f3n al organizador.<\/p>\n<p>Similar fue lo ocurrido en la madrugada del domingo, cuando a partir de una denuncia realizada mediante la plataforma Ojos en Alerta se inform\u00f3 la existencia de un evento en una propiedad ubicada sobre Neuqu\u00e9n al 1800. All\u00ed se constat\u00f3 un evento clandestino con la presencia de alrededor de 150 adolescentes, quienes hab\u00edan ingresado mediante el pago de entrada. Adem\u00e1s, en el lugar se hall\u00f3 la presencia de bebidas alcoh\u00f3licas y la ausencia de mayores de edad responsables.<\/p>\n<p>Se identific\u00f3 a la organizadora y se determin\u00f3 que se trataba tambi\u00e9n de una persona menor a 18 a\u00f1os, por lo que se procedi\u00f3 a la clausura del lugar y la permanencia en el sitio hasta el arribo de mayores de edad responsables.<\/p>\n<p>Desde la Direcci\u00f3n de Habilitaciones del Municipio se record\u00f3 que los tr\u00e1mites para la habilitaci\u00f3n de eventos deben iniciarse con 20 d\u00edas de anticipaci\u00f3n, de manera presencial en el Palacio Belgrano. Por consultas, comunicarse al tel\u00e9fono 2284-442760 interno 1027, correo habilitaciones@olavarria.gov.ar<\/p>\n<p><strong>Operativos de Seguridad Vial:<\/strong><\/p>\n<p>A la par, tambi\u00e9n durante el fin de semana se prolongaron las tareas viales realizadas desde el \u00e1rea de Tr\u00e1nsito y la Direcci\u00f3n de Control Urbano, con la colaboraci\u00f3n de la polic\u00eda Bonaerense. Se retuvieron tres autom\u00f3viles, dos por alcoholemia positiva, y adem\u00e1s se infraccionaron 16 rodados.<\/p>\n<p>En la noche del s\u00e1bado se detect\u00f3 a un conductor realizando maniobras peligrosas. Instantes despu\u00e9s protagoniz\u00f3 un siniestro vial en la zona de avenida Circunvalaci\u00f3n y Belgrano. Se le practic\u00f3 un test de alcoholemia que arroj\u00f3 un dosaje del alcohol en sangre de 1,91. Similar fue lo ocurrido a la noche siguiente con una persona alcoholizada que termin\u00f3 impactando contra un \u00f3mnibus. En ambos casos se retuvo el veh\u00edculo que guiaban.<\/p>\n<p>El caso restante corresponde a un Volskwagen Gol que era utilizado como remis sin tener habilitaci\u00f3n para ello. A la par, el conductor no pose\u00eda licencia de conducir ya que se le hab\u00eda retenido por una infracci\u00f3n previa. Por ello, adem\u00e1s de una nueva infracci\u00f3n, tambi\u00e9n se le retuvo el rodado.<\/p>\n<p>Por \u00faltimo, se narr\u00f3 que por diversas infracciones a la Ley de Tr\u00e1nsito se le iniciaron actas a las personas que conduc\u00edan 12 autom\u00f3viles y 4 motos. En todos los casos interviene el Juzgado de Faltas Municipal.<\/p>\n<p><a href=\"https:\/\/experienciadevida.com.ar\/portalurbano\/durante-el-fin-de-semana-se-clausuraron-dos-fiestas-clandestinas-y-se-retuvieron-varios-vehiculos\/durante\/\" rel=\"attachment wp-att-166411\"><img decoding=\"async\" class=\"alignnone size-large wp-image-166411\" src=\"https:\/\/experienciadevida.com.ar\/portalurbano\/wp-content\/uploads\/2022\/04\/Durante-1024x682.jpg\" alt=\"Durante \" width=\"900\" height=\"599\" srcset=\"https:\/\/experienciadevida.com.ar\/portalurbano\/wp-content\/uploads\/2022\/04\/Durante-1024x682.jpg 1024w, https:\/\/experienciadevida.com.ar\/portalurbano\/wp-content\/uploads\/2022\/04\/Durante-300x200.jpg 300w, https:\/\/experienciadevida.com.ar\/portalurbano\/wp-content\/uploads\/2022\/04\/Durante-768x512.jpg 768w, https:\/\/experienciadevida.com.ar\/portalurbano\/wp-content\/uploads\/2022\/04\/Durante-1536x1024.jpg 1536w, https:\/\/experienciadevida.com.ar\/portalurbano\/wp-content\/uploads\/2022\/04\/Durante.jpg 1772w\" sizes=\"(max-width: 900px) 100vw, 900px\" \/><\/a><\/p>\n","protected":false},"excerpt":{"rendered":"<p>Durante el fin de semana se clausuraron dos fiestas clandestinas y se retuvieron varios veh\u00edculos,&#8230;<\/p>\n","protected":false},"author":1,"featured_media":166408,"comment_status":"closed","ping_status":"closed","sticky":false,"template":"","format":"standard","meta":{"content-type":""},"categories":[27,64],"tags":[],"nelio_content":{"isAutoShareEnabled":false,"autoShareEndMode":"default","automationSources":{"useContentSentences":true,"useSocialTemplates":true,"useCustomSentences":false,"customSentences":[]},"followers":[1],"suggestedReferences":[],"includedReferences":[],"efiUrl":"","efiAlt":"","highlights":[]},"yoast_head":"<!-- This site is optimized with the Yoast SEO plugin v20.7 - https:\/\/yoast.com\/wordpress\/plugins\/seo\/ -->\n<title>Durante el fin de semana se clausuraron dos fiestas clandestinas<\/title>\n<meta name=\"description\" content=\"Durante el fin de semana se clausuraron dos fiestas clandestinas y se retuvieron varios veh\u00edculos, as\u00ed lo informaron desde la Subsecretar\u00eda\" \/>\n<meta name=\"robots\" content=\"index, follow, max-snippet:-1, max-image-preview:large, max-video-preview:-1\" \/>\n<link rel=\"canonical\" href=\"https:\/\/experienciadevida.com.ar\/portalurbano\/durante-el-fin-de-semana-se-clausuraron-dos-fiestas-clandestinas-y-se-retuvieron-varios-vehiculos\/\" \/>\n<meta property=\"og:locale\" content=\"es_ES\" \/>\n<meta property=\"og:type\" content=\"article\" \/>\n<meta property=\"og:title\" content=\"Durante el fin de semana se clausuraron dos fiestas clandestinas\" \/>\n<meta property=\"og:description\" content=\"Durante el fin de semana se clausuraron dos fiestas clandestinas y se retuvieron varios veh\u00edculos, as\u00ed lo informaron desde la Subsecretar\u00eda\" \/>\n<meta property=\"og:url\" content=\"https:\/\/experienciadevida.com.ar\/portalurbano\/durante-el-fin-de-semana-se-clausuraron-dos-fiestas-clandestinas-y-se-retuvieron-varios-vehiculos\/\" \/>\n<meta property=\"article:publisher\" content=\"https:\/\/www.facebook.com\/Portal-Urbano-171542830093757\/\" \/>\n<meta property=\"article:published_time\" content=\"2022-04-25T13:51:49+00:00\" \/>\n<meta property=\"article:modified_time\" content=\"2022-04-25T13:57:29+00:00\" \/>\n<meta property=\"og:image\" content=\"https:\/\/experienciadevida.com.ar\/portalurbano\/wp-content\/uploads\/2022\/04\/Durante-el-fin-de.jpg\" \/>\n\t<meta property=\"og:image:width\" content=\"1772\" \/>\n\t<meta property=\"og:image:height\" content=\"1181\" \/>\n\t<meta property=\"og:image:type\" content=\"image\/jpeg\" \/>\n<meta name=\"author\" content=\"admpu17wp\" \/>\n<meta name=\"twitter:card\" content=\"summary_large_image\" \/>\n<meta name=\"twitter:creator\" content=\"@portalurbanook\" \/>\n<meta name=\"twitter:site\" content=\"@portalurbanook\" \/>\n<meta name=\"twitter:label1\" content=\"Escrito por\" \/>\n\t<meta name=\"twitter:data1\" content=\"admpu17wp\" \/>\n\t<meta name=\"twitter:label2\" content=\"Tiempo de lectura\" \/>\n\t<meta name=\"twitter:data2\" content=\"3 minutos\" \/>\n<script type=\"application\/ld+json\" class=\"yoast-schema-graph\">{\"@context\":\"https:\/\/schema.org\",\"@graph\":[{\"@type\":\"Article\",\"@id\":\"https:\/\/experienciadevida.com.ar\/portalurbano\/durante-el-fin-de-semana-se-clausuraron-dos-fiestas-clandestinas-y-se-retuvieron-varios-vehiculos\/#article\",\"isPartOf\":{\"@id\":\"https:\/\/experienciadevida.com.ar\/portalurbano\/durante-el-fin-de-semana-se-clausuraron-dos-fiestas-clandestinas-y-se-retuvieron-varios-vehiculos\/\"},\"author\":{\"name\":\"admpu17wp\",\"@id\":\"https:\/\/experienciadevida.com.ar\/portalurbano\/#\/schema\/person\/02dd326b1c4b056e9cc972486934a3a7\"},\"headline\":\"Durante el fin de semana se clausuraron dos fiestas clandestinas y se retuvieron varios veh\u00edculos\",\"datePublished\":\"2022-04-25T13:51:49+00:00\",\"dateModified\":\"2022-04-25T13:57:29+00:00\",\"mainEntityOfPage\":{\"@id\":\"https:\/\/experienciadevida.com.ar\/portalurbano\/durante-el-fin-de-semana-se-clausuraron-dos-fiestas-clandestinas-y-se-retuvieron-varios-vehiculos\/\"},\"wordCount\":549,\"publisher\":{\"@id\":\"https:\/\/experienciadevida.com.ar\/portalurbano\/#organization\"},\"articleSection\":[\"Ciudad\",\"Destacadas 2\"],\"inLanguage\":\"es\"},{\"@type\":\"WebPage\",\"@id\":\"https:\/\/experienciadevida.com.ar\/portalurbano\/durante-el-fin-de-semana-se-clausuraron-dos-fiestas-clandestinas-y-se-retuvieron-varios-vehiculos\/\",\"url\":\"https:\/\/experienciadevida.com.ar\/portalurbano\/durante-el-fin-de-semana-se-clausuraron-dos-fiestas-clandestinas-y-se-retuvieron-varios-vehiculos\/\",\"name\":\"Durante el fin de semana se clausuraron dos fiestas clandestinas\",\"isPartOf\":{\"@id\":\"https:\/\/experienciadevida.com.ar\/portalurbano\/#website\"},\"datePublished\":\"2022-04-25T13:51:49+00:00\",\"dateModified\":\"2022-04-25T13:57:29+00:00\",\"description\":\"Durante el fin de semana se clausuraron dos fiestas clandestinas y se retuvieron varios veh\u00edculos, as\u00ed lo informaron desde la Subsecretar\u00eda\",\"breadcrumb\":{\"@id\":\"https:\/\/experienciadevida.com.ar\/portalurbano\/durante-el-fin-de-semana-se-clausuraron-dos-fiestas-clandestinas-y-se-retuvieron-varios-vehiculos\/#breadcrumb\"},\"inLanguage\":\"es\",\"potentialAction\":[{\"@type\":\"ReadAction\",\"target\":[\"https:\/\/experienciadevida.com.ar\/portalurbano\/durante-el-fin-de-semana-se-clausuraron-dos-fiestas-clandestinas-y-se-retuvieron-varios-vehiculos\/\"]}]},{\"@type\":\"BreadcrumbList\",\"@id\":\"https:\/\/experienciadevida.com.ar\/portalurbano\/durante-el-fin-de-semana-se-clausuraron-dos-fiestas-clandestinas-y-se-retuvieron-varios-vehiculos\/#breadcrumb\",\"itemListElement\":[{\"@type\":\"ListItem\",\"position\":1,\"name\":\"Portada\",\"item\":\"https:\/\/experienciadevida.com.ar\/portalurbano\/\"},{\"@type\":\"ListItem\",\"position\":2,\"name\":\"Durante el fin de semana se clausuraron dos fiestas clandestinas y se retuvieron varios veh\u00edculos\"}]},{\"@type\":\"WebSite\",\"@id\":\"https:\/\/experienciadevida.com.ar\/portalurbano\/#website\",\"url\":\"https:\/\/experienciadevida.com.ar\/portalurbano\/\",\"name\":\"\",\"description\":\"\",\"publisher\":{\"@id\":\"https:\/\/experienciadevida.com.ar\/portalurbano\/#organization\"},\"potentialAction\":[{\"@type\":\"SearchAction\",\"target\":{\"@type\":\"EntryPoint\",\"urlTemplate\":\"https:\/\/experienciadevida.com.ar\/portalurbano\/?s={search_term_string}\"},\"query-input\":\"required name=search_term_string\"}],\"inLanguage\":\"es\"},{\"@type\":\"Organization\",\"@id\":\"https:\/\/experienciadevida.com.ar\/portalurbano\/#organization\",\"name\":\"Portal Urbano\",\"url\":\"https:\/\/experienciadevida.com.ar\/portalurbano\/\",\"logo\":{\"@type\":\"ImageObject\",\"inLanguage\":\"es\",\"@id\":\"https:\/\/experienciadevida.com.ar\/portalurbano\/#\/schema\/logo\/image\/\",\"url\":\"https:\/\/experienciadevida.com.ar\/portalurbano\/wp-content\/uploads\/2019\/09\/Logo-Original.png\",\"contentUrl\":\"https:\/\/experienciadevida.com.ar\/portalurbano\/wp-content\/uploads\/2019\/09\/Logo-Original.png\",\"width\":2236,\"height\":1216,\"caption\":\"Portal Urbano\"},\"image\":{\"@id\":\"https:\/\/experienciadevida.com.ar\/portalurbano\/#\/schema\/logo\/image\/\"},\"sameAs\":[\"https:\/\/www.facebook.com\/Portal-Urbano-171542830093757\/\",\"https:\/\/twitter.com\/portalurbanook\",\"https:\/\/www.instagram.com\/_portalurbano\/\",\"https:\/\/www.youtube.com\/channel\/UCXhagIfszH8KxFiOok79zbA?view_as=subscriber\"]},{\"@type\":\"Person\",\"@id\":\"https:\/\/experienciadevida.com.ar\/portalurbano\/#\/schema\/person\/02dd326b1c4b056e9cc972486934a3a7\",\"name\":\"admpu17wp\",\"image\":{\"@type\":\"ImageObject\",\"inLanguage\":\"es\",\"@id\":\"https:\/\/experienciadevida.com.ar\/portalurbano\/#\/schema\/person\/image\/\",\"url\":\"https:\/\/secure.gravatar.com\/avatar\/830d4c57adaae6630765e449a6908047?s=96&d=mm&r=g\",\"contentUrl\":\"https:\/\/secure.gravatar.com\/avatar\/830d4c57adaae6630765e449a6908047?s=96&d=mm&r=g\",\"caption\":\"admpu17wp\"}}]}<\/script>\n<!-- \/ Yoast SEO plugin. -->","yoast_head_json":{"title":"Durante el fin de semana se clausuraron dos fiestas clandestinas","description":"Durante el fin de semana se clausuraron dos fiestas clandestinas y se retuvieron varios veh\u00edculos, as\u00ed lo informaron desde la Subsecretar\u00eda","robots":{"index":"index","follow":"follow","max-snippet":"max-snippet:-1","max-image-preview":"max-image-preview:large","max-video-preview":"max-video-preview:-1"},"canonical":"https:\/\/experienciadevida.com.ar\/portalurbano\/durante-el-fin-de-semana-se-clausuraron-dos-fiestas-clandestinas-y-se-retuvieron-varios-vehiculos\/","og_locale":"es_ES","og_type":"article","og_title":"Durante el fin de semana se clausuraron dos fiestas clandestinas","og_description":"Durante el fin de semana se clausuraron dos fiestas clandestinas y se retuvieron varios veh\u00edculos, as\u00ed lo informaron desde la Subsecretar\u00eda","og_url":"https:\/\/experienciadevida.com.ar\/portalurbano\/durante-el-fin-de-semana-se-clausuraron-dos-fiestas-clandestinas-y-se-retuvieron-varios-vehiculos\/","article_publisher":"https:\/\/www.facebook.com\/Portal-Urbano-171542830093757\/","article_published_time":"2022-04-25T13:51:49+00:00","article_modified_time":"2022-04-25T13:57:29+00:00","og_image":[{"width":1772,"height":1181,"url":"https:\/\/experienciadevida.com.ar\/portalurbano\/wp-content\/uploads\/2022\/04\/Durante-el-fin-de.jpg","type":"image\/jpeg"}],"author":"admpu17wp","twitter_card":"summary_large_image","twitter_creator":"@portalurbanook","twitter_site":"@portalurbanook","twitter_misc":{"Escrito por":"admpu17wp","Tiempo de lectura":"3 minutos"},"schema":{"@context":"https:\/\/schema.org","@graph":[{"@type":"Article","@id":"https:\/\/experienciadevida.com.ar\/portalurbano\/durante-el-fin-de-semana-se-clausuraron-dos-fiestas-clandestinas-y-se-retuvieron-varios-vehiculos\/#article","isPartOf":{"@id":"https:\/\/experienciadevida.com.ar\/portalurbano\/durante-el-fin-de-semana-se-clausuraron-dos-fiestas-clandestinas-y-se-retuvieron-varios-vehiculos\/"},"author":{"name":"admpu17wp","@id":"https:\/\/experienciadevida.com.ar\/portalurbano\/#\/schema\/person\/02dd326b1c4b056e9cc972486934a3a7"},"headline":"Durante el fin de semana se clausuraron dos fiestas clandestinas y se retuvieron varios veh\u00edculos","datePublished":"2022-04-25T13:51:49+00:00","dateModified":"2022-04-25T13:57:29+00:00","mainEntityOfPage":{"@id":"https:\/\/experienciadevida.com.ar\/portalurbano\/durante-el-fin-de-semana-se-clausuraron-dos-fiestas-clandestinas-y-se-retuvieron-varios-vehiculos\/"},"wordCount":549,"publisher":{"@id":"https:\/\/experienciadevida.com.ar\/portalurbano\/#organization"},"articleSection":["Ciudad","Destacadas 2"],"inLanguage":"es"},{"@type":"WebPage","@id":"https:\/\/experienciadevida.com.ar\/portalurbano\/durante-el-fin-de-semana-se-clausuraron-dos-fiestas-clandestinas-y-se-retuvieron-varios-vehiculos\/","url":"https:\/\/experienciadevida.com.ar\/portalurbano\/durante-el-fin-de-semana-se-clausuraron-dos-fiestas-clandestinas-y-se-retuvieron-varios-vehiculos\/","name":"Durante el fin de semana se clausuraron dos fiestas clandestinas","isPartOf":{"@id":"https:\/\/experienciadevida.com.ar\/portalurbano\/#website"},"datePublished":"2022-04-25T13:51:49+00:00","dateModified":"2022-04-25T13:57:29+00:00","description":"Durante el fin de semana se clausuraron dos fiestas clandestinas y se retuvieron varios veh\u00edculos, as\u00ed lo informaron desde la Subsecretar\u00eda","breadcrumb":{"@id":"https:\/\/experienciadevida.com.ar\/portalurbano\/durante-el-fin-de-semana-se-clausuraron-dos-fiestas-clandestinas-y-se-retuvieron-varios-vehiculos\/#breadcrumb"},"inLanguage":"es","potentialAction":[{"@type":"ReadAction","target":["https:\/\/experienciadevida.com.ar\/portalurbano\/durante-el-fin-de-semana-se-clausuraron-dos-fiestas-clandestinas-y-se-retuvieron-varios-vehiculos\/"]}]},{"@type":"BreadcrumbList","@id":"https:\/\/experienciadevida.com.ar\/portalurbano\/durante-el-fin-de-semana-se-clausuraron-dos-fiestas-clandestinas-y-se-retuvieron-varios-vehiculos\/#breadcrumb","itemListElement":[{"@type":"ListItem","position":1,"name":"Portada","item":"https:\/\/experienciadevida.com.ar\/portalurbano\/"},{"@type":"ListItem","position":2,"name":"Durante el fin de semana se clausuraron dos fiestas clandestinas y se retuvieron varios veh\u00edculos"}]},{"@type":"WebSite","@id":"https:\/\/experienciadevida.com.ar\/portalurbano\/#website","url":"https:\/\/experienciadevida.com.ar\/portalurbano\/","name":"","description":"","publisher":{"@id":"https:\/\/experienciadevida.com.ar\/portalurbano\/#organization"},"potentialAction":[{"@type":"SearchAction","target":{"@type":"EntryPoint","urlTemplate":"https:\/\/experienciadevida.com.ar\/portalurbano\/?s={search_term_string}"},"query-input":"required name=search_term_string"}],"inLanguage":"es"},{"@type":"Organization","@id":"https:\/\/experienciadevida.com.ar\/portalurbano\/#organization","name":"Portal Urbano","url":"https:\/\/experienciadevida.com.ar\/portalurbano\/","logo":{"@type":"ImageObject","inLanguage":"es","@id":"https:\/\/experienciadevida.com.ar\/portalurbano\/#\/schema\/logo\/image\/","url":"https:\/\/experienciadevida.com.ar\/portalurbano\/wp-content\/uploads\/2019\/09\/Logo-Original.png","contentUrl":"https:\/\/experienciadevida.com.ar\/portalurbano\/wp-content\/uploads\/2019\/09\/Logo-Original.png","width":2236,"height":1216,"caption":"Portal Urbano"},"image":{"@id":"https:\/\/experienciadevida.com.ar\/portalurbano\/#\/schema\/logo\/image\/"},"sameAs":["https:\/\/www.facebook.com\/Portal-Urbano-171542830093757\/","https:\/\/twitter.com\/portalurbanook","https:\/\/www.instagram.com\/_portalurbano\/","https:\/\/www.youtube.com\/channel\/UCXhagIfszH8KxFiOok79zbA?view_as=subscriber"]},{"@type":"Person","@id":"https:\/\/experienciadevida.com.ar\/portalurbano\/#\/schema\/person\/02dd326b1c4b056e9cc972486934a3a7","name":"admpu17wp","image":{"@type":"ImageObject","inLanguage":"es","@id":"https:\/\/experienciadevida.com.ar\/portalurbano\/#\/schema\/person\/image\/","url":"https:\/\/secure.gravatar.com\/avatar\/830d4c57adaae6630765e449a6908047?s=96&d=mm&r=g","contentUrl":"https:\/\/secure.gravatar.com\/avatar\/830d4c57adaae6630765e449a6908047?s=96&d=mm&r=g","caption":"admpu17wp"}}]}},"featured_image_urls":{"full":["https:\/\/experienciadevida.com.ar\/portalurbano\/wp-content\/uploads\/2022\/04\/Durante-el-fin-de.jpg",1772,1181,false],"thumbnail":["https:\/\/experienciadevida.com.ar\/portalurbano\/wp-content\/uploads\/2022\/04\/Durante-el-fin-de-150x150.jpg",150,150,true],"medium":["https:\/\/experienciadevida.com.ar\/portalurbano\/wp-content\/uploads\/2022\/04\/Durante-el-fin-de-300x200.jpg",300,200,true],"medium_large":["https:\/\/experienciadevida.com.ar\/portalurbano\/wp-content\/uploads\/2022\/04\/Durante-el-fin-de-768x512.jpg",640,427,true],"large":["https:\/\/experienciadevida.com.ar\/portalurbano\/wp-content\/uploads\/2022\/04\/Durante-el-fin-de-1024x682.jpg",640,426,true],"ug_big":["https:\/\/experienciadevida.com.ar\/portalurbano\/wp-content\/uploads\/2022\/04\/Durante-el-fin-de-768x512.jpg",768,512,true],"1536x1536":["https:\/\/experienciadevida.com.ar\/portalurbano\/wp-content\/uploads\/2022\/04\/Durante-el-fin-de-1536x1024.jpg",1536,1024,true],"2048x2048":["https:\/\/experienciadevida.com.ar\/portalurbano\/wp-content\/uploads\/2022\/04\/Durante-el-fin-de.jpg",1772,1181,false],"newsever-slider-full":["https:\/\/experienciadevida.com.ar\/portalurbano\/wp-content\/uploads\/2022\/04\/Durante-el-fin-de.jpg",1268,845,false],"newsever-featured":["https:\/\/experienciadevida.com.ar\/portalurbano\/wp-content\/uploads\/2022\/04\/Durante-el-fin-de.jpg",1024,682,false],"newsever-medium":["https:\/\/experienciadevida.com.ar\/portalurbano\/wp-content\/uploads\/2022\/04\/Durante-el-fin-de.jpg",713,475,false],"web-stories-poster-portrait":["https:\/\/experienciadevida.com.ar\/portalurbano\/wp-content\/uploads\/2022\/04\/Durante-el-fin-de.jpg",640,427,false],"web-stories-publisher-logo":["https:\/\/experienciadevida.com.ar\/portalurbano\/wp-content\/uploads\/2022\/04\/Durante-el-fin-de.jpg",96,64,false],"web-stories-thumbnail":["https:\/\/experienciadevida.com.ar\/portalurbano\/wp-content\/uploads\/2022\/04\/Durante-el-fin-de.jpg",150,100,false]},"author_info":{"display_name":"admpu17wp","author_link":"https:\/\/experienciadevida.com.ar\/portalurbano\/author\/admpu17wp\/"},"category_info":"<a href=\"https:\/\/experienciadevida.com.ar\/portalurbano\/category\/ciudad\/\" rel=\"category tag\">Ciudad<\/a> <a href=\"https:\/\/experienciadevida.com.ar\/portalurbano\/category\/destacadas-2\/\" rel=\"category tag\">Destacadas 2<\/a>","tag_info":"Destacadas 2","comment_count":"0","amp_enabled":true,"_links":{"self":[{"href":"https:\/\/experienciadevida.com.ar\/portalurbano\/wp-json\/wp\/v2\/posts\/166405"}],"collection":[{"href":"https:\/\/experienciadevida.com.ar\/portalurbano\/wp-json\/wp\/v2\/posts"}],"about":[{"href":"https:\/\/experienciadevida.com.ar\/portalurbano\/wp-json\/wp\/v2\/types\/post"}],"author":[{"embeddable":true,"href":"https:\/\/experienciadevida.com.ar\/portalurbano\/wp-json\/wp\/v2\/users\/1"}],"replies":[{"embeddable":true,"href":"https:\/\/experienciadevida.com.ar\/portalurbano\/wp-json\/wp\/v2\/comments?post=166405"}],"version-history":[{"count":4,"href":"https:\/\/experienciadevida.com.ar\/portalurbano\/wp-json\/wp\/v2\/posts\/166405\/revisions"}],"predecessor-version":[{"id":166412,"href":"https:\/\/experienciadevida.com.ar\/portalurbano\/wp-json\/wp\/v2\/posts\/166405\/revisions\/166412"}],"wp:featuredmedia":[{"embeddable":true,"href":"https:\/\/experienciadevida.com.ar\/portalurbano\/wp-json\/wp\/v2\/media\/166408"}],"wp:attachment":[{"href":"https:\/\/experienciadevida.com.ar\/portalurbano\/wp-json\/wp\/v2\/media?parent=166405"}],"wp:term":[{"taxonomy":"category","embeddable":true,"href":"https:\/\/experienciadevida.com.ar\/portalurbano\/wp-json\/wp\/v2\/categories?post=166405"},{"taxonomy":"post_tag","embeddable":true,"href":"https:\/\/experienciadevida.com.ar\/portalurbano\/wp-json\/wp\/v2\/tags?post=166405"}],"curies":[{"name":"wp","href":"https:\/\/api.w.org\/{rel}","templated":true}]}}